{"id":11963,"date":"2021-09-17T18:22:00","date_gmt":"2021-09-17T18:22:00","guid":{"rendered":"https:\/\/www.africa-press.net\/niger\/?p=11963"},"modified":"2021-09-17T17:56:50","modified_gmt":"2021-09-17T17:56:50","slug":"voyage-detudes-echanges-dexperiences-enrichissants-entre-larmds-du-mali-et-larmp-du-niger","status":"publish","type":"post","link":"https:\/\/www.africa-press.net\/niger\/politique\/voyage-detudes-echanges-dexperiences-enrichissants-entre-larmds-du-mali-et-larmp-du-niger","title":{"rendered":"Voyage d\u2019\u00e9tudes : Echanges d\u2019exp\u00e9riences enrichissants entre l\u2019ARMDS du Mali et l\u2019ARMP du Niger"},"content":{"rendered":"<p><span style=\"color: #ff6600\"><strong><a href=\"https:\/\/www.africa-press.net\/\">Africa-Press<\/a> &#8211; <a href=\"https:\/\/www.africa-press.net\/niger\">Niger<\/a>. <\/strong><\/span>Dans le cadre du renforcement de la coop\u00e9ration entre structures \u00e9voluant au sein de [\u2018Union Economique et Mon\u00e9taire Ouest Africaine (UEMOA), une d\u00e9l\u00e9gation de l\u2019Autorit\u00e9 de R\u00e9gulation des March\u00e9s Publics et des D\u00e9l\u00e9gations de Service Public (ARMDS) du Mali a s\u00e9journ\u00e9 \u00e0 Niamey du 12 au 17 septembre 2021. Conduite par le Pr\u00e9sident du Conseil National de R\u00e9gulation (CNR) de ladite institution, M. Alassane Ba, la d\u00e9l\u00e9gation a eu des rencontres de partage d\u2019exp\u00e9riences avec les responsables de l\u2019Agence de R\u00e9gulation des March\u00e9s Publics (ARMP). Cette visite d\u2019\u00e9changes qui entre dans le cadre du renforcement de la coop\u00e9ration entre ces deux structures vise \u00e0 mieux partager les exp\u00e9riences afin d\u2019am\u00e9liorer le syst\u00e8me de gestion de la commande publique des deux pays.<\/p>\n<p>La d\u00e9l\u00e9gation de l\u2019ARMDS du Mali a entam\u00e9 sa visite avec une rencontre qui a regroup\u00e9 la Pr\u00e9sidente du Conseil National de R\u00e9gulation de l\u2019ARMP, Mme Souleymane Gambo, les membres du Conseil National de R\u00e9gulation, ainsi que le Secr\u00e9taire Ex\u00e9cutif, Ibrahim Allassane et ses collaborateurs. Outre le Pr\u00e9sident du Conseil National de R\u00e9gulation de l\u2019ARMDS, relevons que la d\u00e9l\u00e9gation est compos\u00e9e de M. Mohamed Traor\u00e9, Conseiller repr\u00e9sentant la soci\u00e9t\u00e9 civile, M. Hammou Ag Guindo, Conseiller repr\u00e9sentant le secteur priv\u00e9; M. Aliou Tall, Conseiller repr\u00e9sentant l\u2019Administration et M. Almoustaph Diarra, Chef de la Cellule des Audits et Enqu\u00eates de l\u2019ARMDS.<\/p>\n<p>Le premier jour, les travaux ont d\u00e9marr\u00e9 par le mot d\u2019accueil de la Pr\u00e9sidente du Conseil National de R\u00e9gulation de l\u2019ARMP, Mme Souleymane Gambo. En introduction, elle a d\u2019abord souhait\u00e9 la cordiale bienvenue aux membres de la d\u00e9l\u00e9gation avant de souligner que cette initiative est une grande opportunit\u00e9 d\u2019\u00e9change d\u2019exp\u00e9riences capitalis\u00e9es par les deux structures.<\/p>\n<p>La Pr\u00e9sidente du Conseil a \u00e9galement appr\u00e9ci\u00e9 la d\u00e9marche de l\u2019ARMDS du Mali consistant \u00e0 \u0153uvrer en commun pour am\u00e9liorer davantage les syst\u00e8mes de passation des march\u00e9s publics des deux pays \u00e0 travers des \u00e9changes mutuels des meilleures pratiques dans la gestion de la commande publique. Elle a \u00e9galement rappel\u00e9 que des efforts consid\u00e9rables ont \u00e9t\u00e9 d\u00e9ploy\u00e9s par l\u2019UEMOA et les Etats membres en vue de promouvoir un environnement juridique harmonis\u00e9 \u00e0 m\u00eame de conforter le d\u00e9veloppement d\u2019une \u00e9conomie r\u00e9gionale dynamique et comp\u00e9titive qui s\u2019ins\u00e8re avec succ\u00e8s dans l\u2019\u00e9conomie mondiale. \u00ab La mise en place de l\u2019Observatoire r\u00e9gional des march\u00e9s publics (ORMP), cadre permanent de rencontres et d\u2019\u00e9changes, a permis d\u2019engranger des r\u00e9sultats appr\u00e9ciables dans le cadre de la r\u00e9forme des march\u00e9s publics \u00bb, a-t-elle d\u00e9clar\u00e9.<\/p>\n<p>Pour sa part, le pr\u00e9sident du CNR de l\u2019ARMDS du Mali a remerci\u00e9 l\u2019ARMP pour sa disponibilit\u00e9. Cette visite, a-t-il indiqu\u00e9, s\u2019inscrit dans le cadre d\u2019un partage d\u2019exp\u00e9riences et les \u00e9changes qui en r\u00e9sulteront seront inestimables car ils seront le fruit d\u2019une rencontre de deux pays. \u00ab De tels rencontres et \u00e9changes autour de la probl\u00e9matique de la commande publique constituent un maillon essentiel pour l\u2019atteinte des objectifs que se sont fix\u00e9s nos gouvernements respectifs en ce sens qu\u2019ils permettront d\u2019orienter efficacement les r\u00e9flexions en mati\u00e8re de pratique ou de relecture de nos textes fondamentaux \u00bb, a pr\u00e9cis\u00e9 M. Alassane Ba.<\/p>\n<p>Par ailleurs, il a rappel\u00e9 que l\u2019ARMDS est n\u00e9e des r\u00e9formes communautaires de l\u2019UEMOA dans ses Etats membres en mati\u00e8re de march\u00e9s publics. Ainsi, a-t-il affirm\u00e9, le Mali \u00e0 l\u2019instar des autres pays de l\u2019UEMOA a cr\u00e9\u00e9 l\u2019ARMDS charg\u00e9e de la r\u00e9gulation des march\u00e9s publics et dont les missions int\u00e8grent d\u00e9sormais le Partenariat Public-Priv\u00e9 \u00e0 la commande publique en g\u00e9n\u00e9ral.<\/p>\n<p>La visite de travail de la d\u00e9l\u00e9gation de l\u2019ARMDS sur la gestion de la commande publique a \u00e9t\u00e9 une r\u00e9ussite aussi bien sur le plan organisationnel que sur l\u2019atteinte des objectifs fix\u00e9s. Des s\u00e9ances de travail ont rythm\u00e9 la mission. Ces s\u00e9ances ont port\u00e9 sur des expos\u00e9s relatifs au mode de fonctionnement de l\u2019ARMP, la gestion de la redevance, la formation des acteurs de la commande publique, le r\u00e8glement non juridictionnel des diff\u00e9rends en mati\u00e8re de gestion des march\u00e9s publics et la conduite des audits des march\u00e9s publics et des d\u00e9l\u00e9gations de service public. La mission avait des questions sur lesquelles des r\u00e9ponses tr\u00e8s pr\u00e9cises ont \u00e9t\u00e9 fournies.<\/p>\n<p>Au terme de la mission, la d\u00e9l\u00e9gation a rencontr\u00e9 les responsables de la Direction G\u00e9n\u00e9rale du Contr\u00f4le des march\u00e9s publics et des Op\u00e9rations Budg\u00e9taires (DGCMP\/OB), organe charg\u00e9 de la mise en \u0153uvre de la politique de contr\u00f4le et d\u2019ex\u00e9cution du Budget de l\u2019Etat et de ses d\u00e9membrements.<\/p>\n<p>Rappelons que l\u2019ARMP est une Autorit\u00e9 administrative ind\u00e9pendante rattach\u00e9e au Cabinet du Premier Ministre. Elle a pour mission fondamentale d\u2019assurer la r\u00e9gulation du syst\u00e8me national de passation des march\u00e9s publics et des d\u00e9l\u00e9gations de service public. Elle assure \u00e9galement la r\u00e9gulation, le suivi et l\u2019\u00e9valuation des march\u00e9s publics et des d\u00e9l\u00e9gations de service public.<\/p>\n<p>C\u2019est dans ce cadre qu\u2019elle est habilit\u00e9e \u00e0 proposer des r\u00e9formes de la r\u00e9glementation en mati\u00e8re des march\u00e9s publics et de d\u00e9l\u00e9gations de service public; de traiter des plaintes des soumissionnaires ; de former les intervenants du syst\u00e8me national de passation des march\u00e9s publics et de d\u00e9l\u00e9gations de service public ; de prononcer les exclusions temporaires de participation \u00e0 la Commande Publique et de contribuer \u00e0 l\u2019information des intervenants, entre autres pr\u00e9rogatives.<\/p>\n<p><b>\u00a0<\/b><\/p>\n","protected":false},"excerpt":{"rendered":"<p>Africa-Press &#8211; Niger. Dans le cadre du renforcement de la coop\u00e9ration entre structures \u00e9voluant au sein de [\u2018Union Economique et Mon\u00e9taire Ouest Africaine (UEMOA), une d\u00e9l\u00e9gation de l\u2019Autorit\u00e9 de R\u00e9gulation des March\u00e9s Publics et des D\u00e9l\u00e9gations de Service Public (ARMDS) du Mali a s\u00e9journ\u00e9 \u00e0 Niamey du 12 au 17 septembre 2021. Conduite par le [&hellip;]<\/p>\n","protected":false},"author":82,"featured_media":11962,"comment_status":"open","ping_status":"closed","sticky":false,"template":"","format":"standard","meta":{"footnotes":""},"categories":[11,2,10],"tags":[55,60,29],"class_list":["post-11963","post","type-post","status-publish","format-standard","has-post-thumbnail","hentry","category-homepage-french","category-politique","category-toutes-les-actualites","tag-africa-press","tag-africa-press-niger","tag-niger"],"yoast_head":"<!-- This site is optimized with the Yoast SEO Premium plugin v26.1 (Yoast SEO v27.0) - https:\/\/yoast.com\/product\/yoast-seo-premium-wordpress\/ -->\n<title>Voyage d\u2019\u00e9tudes : Echanges d\u2019exp\u00e9riences enrichissants entre l\u2019ARMDS du Mali et l\u2019ARMP du Niger - niger<\/title>\n<meta name=\"description\" content=\"\ufeffDans le cadre du renforcement de la coop\u00e9ration entre structures \u00e9voluant au sein de [\u2018Union Economique et Mon\u00e9taire Ou ...\" \/>\n<meta name=\"robots\" content=\"index, follow, max-snippet:-1, max-image-preview:large, max-video-preview:-1\" \/>\n<link rel=\"canonical\" href=\"https:\/\/www.africa-press.net\/niger\/politique\/voyage-detudes-echanges-dexperiences-enrichissants-entre-larmds-du-mali-et-larmp-du-niger\" \/>\n<meta property=\"og:locale\" content=\"fr_FR\" \/>\n<meta property=\"og:type\" content=\"article\" \/>\n<meta property=\"og:title\" content=\"Voyage d\u2019\u00e9tudes : Echanges d\u2019exp\u00e9riences enrichissants entre l\u2019ARMDS du Mali et l\u2019ARMP du Niger\" \/>\n<meta property=\"og:description\" content=\"\ufeffDans le cadre du renforcement de la coop\u00e9ration entre structures \u00e9voluant au sein de [\u2018Union Economique et Mon\u00e9taire Ou ...\" \/>\n<meta property=\"og:url\" content=\"https:\/\/www.africa-press.net\/niger\/politique\/voyage-detudes-echanges-dexperiences-enrichissants-entre-larmds-du-mali-et-larmp-du-niger\" \/>\n<meta property=\"og:site_name\" content=\"niger\" \/>\n<meta property=\"article:published_time\" content=\"2021-09-17T18:22:00+00:00\" \/>\n<meta property=\"og:image\" content=\"https:\/\/static.africa-press.net\/niger\/sites\/40\/2021\/09\/img-6144c9c00a958.jpg\" \/>\n\t<meta property=\"og:image:width\" content=\"720\" \/>\n\t<meta property=\"og:image:height\" content=\"457\" \/>\n\t<meta property=\"og:image:type\" content=\"image\/jpeg\" \/>\n<meta name=\"author\" content=\"cfeditorfr\" \/>\n<meta name=\"twitter:card\" content=\"summary_large_image\" \/>\n<meta name=\"twitter:label1\" content=\"\u00c9crit par\" \/>\n\t<meta name=\"twitter:data1\" content=\"cfeditorfr\" \/>\n\t<meta name=\"twitter:label2\" content=\"Dur\u00e9e de lecture estim\u00e9e\" \/>\n\t<meta name=\"twitter:data2\" content=\"5 minutes\" \/>\n<script type=\"application\/ld+json\" class=\"yoast-schema-graph\">{\"@context\":\"https:\/\/schema.org\",\"@graph\":[{\"@type\":\"Article\",\"@id\":\"https:\/\/www.africa-press.net\/niger\/politique\/voyage-detudes-echanges-dexperiences-enrichissants-entre-larmds-du-mali-et-larmp-du-niger#article\",\"isPartOf\":{\"@id\":\"https:\/\/www.africa-press.net\/niger\/politique\/voyage-detudes-echanges-dexperiences-enrichissants-entre-larmds-du-mali-et-larmp-du-niger\"},\"author\":{\"name\":\"cfeditorfr\",\"@id\":\"https:\/\/www.africa-press.net\/niger\/#\/schema\/person\/2b1cf3cd81a31e3cd26889ca66d677f1\"},\"headline\":\"Voyage d\u2019\u00e9tudes : Echanges d\u2019exp\u00e9riences enrichissants entre l\u2019ARMDS du Mali et l\u2019ARMP du Niger\",\"datePublished\":\"2021-09-17T18:22:00+00:00\",\"mainEntityOfPage\":{\"@id\":\"https:\/\/www.africa-press.net\/niger\/politique\/voyage-detudes-echanges-dexperiences-enrichissants-entre-larmds-du-mali-et-larmp-du-niger\"},\"wordCount\":1030,\"commentCount\":0,\"image\":{\"@id\":\"https:\/\/www.africa-press.net\/niger\/politique\/voyage-detudes-echanges-dexperiences-enrichissants-entre-larmds-du-mali-et-larmp-du-niger#primaryimage\"},\"thumbnailUrl\":\"https:\/\/static.africa-press.net\/niger\/sites\/40\/2021\/09\/img-6144c9c00a958.jpg\",\"keywords\":[\"Africa Press\",\"Africa Press-Niger\",\"Niger\"],\"articleSection\":[\"homepage-french\",\"Politique\",\"Toutes les actualit\u00e9s\"],\"inLanguage\":\"fr-FR\",\"potentialAction\":[{\"@type\":\"CommentAction\",\"name\":\"Comment\",\"target\":[\"https:\/\/www.africa-press.net\/niger\/politique\/voyage-detudes-echanges-dexperiences-enrichissants-entre-larmds-du-mali-et-larmp-du-niger#respond\"]}]},{\"@type\":\"WebPage\",\"@id\":\"https:\/\/www.africa-press.net\/niger\/politique\/voyage-detudes-echanges-dexperiences-enrichissants-entre-larmds-du-mali-et-larmp-du-niger\",\"url\":\"https:\/\/www.africa-press.net\/niger\/politique\/voyage-detudes-echanges-dexperiences-enrichissants-entre-larmds-du-mali-et-larmp-du-niger\",\"name\":\"Voyage d\u2019\u00e9tudes : Echanges d\u2019exp\u00e9riences enrichissants entre l\u2019ARMDS du Mali et l\u2019ARMP du Niger - niger\",\"isPartOf\":{\"@id\":\"https:\/\/www.africa-press.net\/niger\/#website\"},\"primaryImageOfPage\":{\"@id\":\"https:\/\/www.africa-press.net\/niger\/politique\/voyage-detudes-echanges-dexperiences-enrichissants-entre-larmds-du-mali-et-larmp-du-niger#primaryimage\"},\"image\":{\"@id\":\"https:\/\/www.africa-press.net\/niger\/politique\/voyage-detudes-echanges-dexperiences-enrichissants-entre-larmds-du-mali-et-larmp-du-niger#primaryimage\"},\"thumbnailUrl\":\"https:\/\/static.africa-press.net\/niger\/sites\/40\/2021\/09\/img-6144c9c00a958.jpg\",\"datePublished\":\"2021-09-17T18:22:00+00:00\",\"author\":{\"@id\":\"https:\/\/www.africa-press.net\/niger\/#\/schema\/person\/2b1cf3cd81a31e3cd26889ca66d677f1\"},\"description\":\"\ufeffDans le cadre du renforcement de la coop\u00e9ration entre structures \u00e9voluant au sein de [\u2018Union Economique et Mon\u00e9taire Ou ...\",\"breadcrumb\":{\"@id\":\"https:\/\/www.africa-press.net\/niger\/politique\/voyage-detudes-echanges-dexperiences-enrichissants-entre-larmds-du-mali-et-larmp-du-niger#breadcrumb\"},\"inLanguage\":\"fr-FR\",\"potentialAction\":[{\"@type\":\"ReadAction\",\"target\":[\"https:\/\/www.africa-press.net\/niger\/politique\/voyage-detudes-echanges-dexperiences-enrichissants-entre-larmds-du-mali-et-larmp-du-niger\"]}]},{\"@type\":\"ImageObject\",\"inLanguage\":\"fr-FR\",\"@id\":\"https:\/\/www.africa-press.net\/niger\/politique\/voyage-detudes-echanges-dexperiences-enrichissants-entre-larmds-du-mali-et-larmp-du-niger#primaryimage\",\"url\":\"https:\/\/static.africa-press.net\/niger\/sites\/40\/2021\/09\/img-6144c9c00a958.jpg\",\"contentUrl\":\"https:\/\/static.africa-press.net\/niger\/sites\/40\/2021\/09\/img-6144c9c00a958.jpg\",\"width\":720,\"height\":457,\"caption\":\"Voyage d\u2019\u00e9tudes : Echanges d\u2019exp\u00e9riences enrichissants entre l\u2019ARMDS du Mali et l\u2019ARMP du Niger\"},{\"@type\":\"BreadcrumbList\",\"@id\":\"https:\/\/www.africa-press.net\/niger\/politique\/voyage-detudes-echanges-dexperiences-enrichissants-entre-larmds-du-mali-et-larmp-du-niger#breadcrumb\",\"itemListElement\":[{\"@type\":\"ListItem\",\"position\":1,\"name\":\"Accueil\",\"item\":\"https:\/\/www.africa-press.net\/niger\/\"},{\"@type\":\"ListItem\",\"position\":2,\"name\":\"Voyage d\u2019\u00e9tudes : Echanges d\u2019exp\u00e9riences enrichissants entre l\u2019ARMDS du Mali et l\u2019ARMP du Niger\"}]},{\"@type\":\"WebSite\",\"@id\":\"https:\/\/www.africa-press.net\/niger\/#website\",\"url\":\"https:\/\/www.africa-press.net\/niger\/\",\"name\":\"niger\",\"description\":\"Just another Africa News Agency Sites site\",\"potentialAction\":[{\"@type\":\"SearchAction\",\"target\":{\"@type\":\"EntryPoint\",\"urlTemplate\":\"https:\/\/www.africa-press.net\/niger\/?s={search_term_string}\"},\"query-input\":{\"@type\":\"PropertyValueSpecification\",\"valueRequired\":true,\"valueName\":\"search_term_string\"}}],\"inLanguage\":\"fr-FR\"},{\"@type\":\"Person\",\"@id\":\"https:\/\/www.africa-press.net\/niger\/#\/schema\/person\/2b1cf3cd81a31e3cd26889ca66d677f1\",\"name\":\"cfeditorfr\"}]}<\/script>\n<!-- \/ Yoast SEO Premium plugin. -->","yoast_head_json":{"title":"Voyage d\u2019\u00e9tudes : Echanges d\u2019exp\u00e9riences enrichissants entre l\u2019ARMDS du Mali et l\u2019ARMP du Niger - niger","description":"\ufeffDans le cadre du renforcement de la coop\u00e9ration entre structures \u00e9voluant au sein de [\u2018Union Economique et Mon\u00e9taire Ou ...","robots":{"index":"index","follow":"follow","max-snippet":"max-snippet:-1","max-image-preview":"max-image-preview:large","max-video-preview":"max-video-preview:-1"},"canonical":"https:\/\/www.africa-press.net\/niger\/politique\/voyage-detudes-echanges-dexperiences-enrichissants-entre-larmds-du-mali-et-larmp-du-niger","og_locale":"fr_FR","og_type":"article","og_title":"Voyage d\u2019\u00e9tudes : Echanges d\u2019exp\u00e9riences enrichissants entre l\u2019ARMDS du Mali et l\u2019ARMP du Niger","og_description":"\ufeffDans le cadre du renforcement de la coop\u00e9ration entre structures \u00e9voluant au sein de [\u2018Union Economique et Mon\u00e9taire Ou ...","og_url":"https:\/\/www.africa-press.net\/niger\/politique\/voyage-detudes-echanges-dexperiences-enrichissants-entre-larmds-du-mali-et-larmp-du-niger","og_site_name":"niger","article_published_time":"2021-09-17T18:22:00+00:00","og_image":[{"width":720,"height":457,"url":"https:\/\/static.africa-press.net\/niger\/sites\/40\/2021\/09\/img-6144c9c00a958.jpg","type":"image\/jpeg"}],"author":"cfeditorfr","twitter_card":"summary_large_image","twitter_misc":{"\u00c9crit par":"cfeditorfr","Dur\u00e9e de lecture estim\u00e9e":"5 minutes"},"schema":{"@context":"https:\/\/schema.org","@graph":[{"@type":"Article","@id":"https:\/\/www.africa-press.net\/niger\/politique\/voyage-detudes-echanges-dexperiences-enrichissants-entre-larmds-du-mali-et-larmp-du-niger#article","isPartOf":{"@id":"https:\/\/www.africa-press.net\/niger\/politique\/voyage-detudes-echanges-dexperiences-enrichissants-entre-larmds-du-mali-et-larmp-du-niger"},"author":{"name":"cfeditorfr","@id":"https:\/\/www.africa-press.net\/niger\/#\/schema\/person\/2b1cf3cd81a31e3cd26889ca66d677f1"},"headline":"Voyage d\u2019\u00e9tudes : Echanges d\u2019exp\u00e9riences enrichissants entre l\u2019ARMDS du Mali et l\u2019ARMP du Niger","datePublished":"2021-09-17T18:22:00+00:00","mainEntityOfPage":{"@id":"https:\/\/www.africa-press.net\/niger\/politique\/voyage-detudes-echanges-dexperiences-enrichissants-entre-larmds-du-mali-et-larmp-du-niger"},"wordCount":1030,"commentCount":0,"image":{"@id":"https:\/\/www.africa-press.net\/niger\/politique\/voyage-detudes-echanges-dexperiences-enrichissants-entre-larmds-du-mali-et-larmp-du-niger#primaryimage"},"thumbnailUrl":"https:\/\/static.africa-press.net\/niger\/sites\/40\/2021\/09\/img-6144c9c00a958.jpg","keywords":["Africa Press","Africa Press-Niger","Niger"],"articleSection":["homepage-french","Politique","Toutes les actualit\u00e9s"],"inLanguage":"fr-FR","potentialAction":[{"@type":"CommentAction","name":"Comment","target":["https:\/\/www.africa-press.net\/niger\/politique\/voyage-detudes-echanges-dexperiences-enrichissants-entre-larmds-du-mali-et-larmp-du-niger#respond"]}]},{"@type":"WebPage","@id":"https:\/\/www.africa-press.net\/niger\/politique\/voyage-detudes-echanges-dexperiences-enrichissants-entre-larmds-du-mali-et-larmp-du-niger","url":"https:\/\/www.africa-press.net\/niger\/politique\/voyage-detudes-echanges-dexperiences-enrichissants-entre-larmds-du-mali-et-larmp-du-niger","name":"Voyage d\u2019\u00e9tudes : Echanges d\u2019exp\u00e9riences enrichissants entre l\u2019ARMDS du Mali et l\u2019ARMP du Niger - niger","isPartOf":{"@id":"https:\/\/www.africa-press.net\/niger\/#website"},"primaryImageOfPage":{"@id":"https:\/\/www.africa-press.net\/niger\/politique\/voyage-detudes-echanges-dexperiences-enrichissants-entre-larmds-du-mali-et-larmp-du-niger#primaryimage"},"image":{"@id":"https:\/\/www.africa-press.net\/niger\/politique\/voyage-detudes-echanges-dexperiences-enrichissants-entre-larmds-du-mali-et-larmp-du-niger#primaryimage"},"thumbnailUrl":"https:\/\/static.africa-press.net\/niger\/sites\/40\/2021\/09\/img-6144c9c00a958.jpg","datePublished":"2021-09-17T18:22:00+00:00","author":{"@id":"https:\/\/www.africa-press.net\/niger\/#\/schema\/person\/2b1cf3cd81a31e3cd26889ca66d677f1"},"description":"\ufeffDans le cadre du renforcement de la coop\u00e9ration entre structures \u00e9voluant au sein de [\u2018Union Economique et Mon\u00e9taire Ou ...","breadcrumb":{"@id":"https:\/\/www.africa-press.net\/niger\/politique\/voyage-detudes-echanges-dexperiences-enrichissants-entre-larmds-du-mali-et-larmp-du-niger#breadcrumb"},"inLanguage":"fr-FR","potentialAction":[{"@type":"ReadAction","target":["https:\/\/www.africa-press.net\/niger\/politique\/voyage-detudes-echanges-dexperiences-enrichissants-entre-larmds-du-mali-et-larmp-du-niger"]}]},{"@type":"ImageObject","inLanguage":"fr-FR","@id":"https:\/\/www.africa-press.net\/niger\/politique\/voyage-detudes-echanges-dexperiences-enrichissants-entre-larmds-du-mali-et-larmp-du-niger#primaryimage","url":"https:\/\/static.africa-press.net\/niger\/sites\/40\/2021\/09\/img-6144c9c00a958.jpg","contentUrl":"https:\/\/static.africa-press.net\/niger\/sites\/40\/2021\/09\/img-6144c9c00a958.jpg","width":720,"height":457,"caption":"Voyage d\u2019\u00e9tudes : Echanges d\u2019exp\u00e9riences enrichissants entre l\u2019ARMDS du Mali et l\u2019ARMP du Niger"},{"@type":"BreadcrumbList","@id":"https:\/\/www.africa-press.net\/niger\/politique\/voyage-detudes-echanges-dexperiences-enrichissants-entre-larmds-du-mali-et-larmp-du-niger#breadcrumb","itemListElement":[{"@type":"ListItem","position":1,"name":"Accueil","item":"https:\/\/www.africa-press.net\/niger\/"},{"@type":"ListItem","position":2,"name":"Voyage d\u2019\u00e9tudes : Echanges d\u2019exp\u00e9riences enrichissants entre l\u2019ARMDS du Mali et l\u2019ARMP du Niger"}]},{"@type":"WebSite","@id":"https:\/\/www.africa-press.net\/niger\/#website","url":"https:\/\/www.africa-press.net\/niger\/","name":"niger","description":"Just another Africa News Agency Sites site","potentialAction":[{"@type":"SearchAction","target":{"@type":"EntryPoint","urlTemplate":"https:\/\/www.africa-press.net\/niger\/?s={search_term_string}"},"query-input":{"@type":"PropertyValueSpecification","valueRequired":true,"valueName":"search_term_string"}}],"inLanguage":"fr-FR"},{"@type":"Person","@id":"https:\/\/www.africa-press.net\/niger\/#\/schema\/person\/2b1cf3cd81a31e3cd26889ca66d677f1","name":"cfeditorfr"}]}},"_links":{"self":[{"href":"https:\/\/www.africa-press.net\/niger\/wp-json\/wp\/v2\/posts\/11963","targetHints":{"allow":["GET"]}}],"collection":[{"href":"https:\/\/www.africa-press.net\/niger\/wp-json\/wp\/v2\/posts"}],"about":[{"href":"https:\/\/www.africa-press.net\/niger\/wp-json\/wp\/v2\/types\/post"}],"author":[{"embeddable":true,"href":"https:\/\/www.africa-press.net\/niger\/wp-json\/wp\/v2\/users\/82"}],"replies":[{"embeddable":true,"href":"https:\/\/www.africa-press.net\/niger\/wp-json\/wp\/v2\/comments?post=11963"}],"version-history":[{"count":0,"href":"https:\/\/www.africa-press.net\/niger\/wp-json\/wp\/v2\/posts\/11963\/revisions"}],"wp:featuredmedia":[{"embeddable":true,"href":"https:\/\/www.africa-press.net\/niger\/wp-json\/wp\/v2\/media\/11962"}],"wp:attachment":[{"href":"https:\/\/www.africa-press.net\/niger\/wp-json\/wp\/v2\/media?parent=11963"}],"wp:term":[{"taxonomy":"category","embeddable":true,"href":"https:\/\/www.africa-press.net\/niger\/wp-json\/wp\/v2\/categories?post=11963"},{"taxonomy":"post_tag","embeddable":true,"href":"https:\/\/www.africa-press.net\/niger\/wp-json\/wp\/v2\/tags?post=11963"}],"curies":[{"name":"wp","href":"https:\/\/api.w.org\/{rel}","templated":true}]}}