{"id":11981,"date":"2021-09-17T19:05:41","date_gmt":"2021-09-17T19:05:41","guid":{"rendered":"https:\/\/www.africa-press.net\/niger\/?p=11981"},"modified":"2021-09-17T17:04:53","modified_gmt":"2021-09-17T17:04:53","slug":"au-cabinet-du-mediateur-de-la-republique-lancement-officiel-dune-plateforme-de-traitement-et-suivi-des-reclamations","status":"publish","type":"post","link":"https:\/\/www.africa-press.net\/niger\/politique\/au-cabinet-du-mediateur-de-la-republique-lancement-officiel-dune-plateforme-de-traitement-et-suivi-des-reclamations","title":{"rendered":"Au cabinet du M\u00e9diateur de la R\u00e9publique, : Lancement officiel d\u2019une plateforme de traitement et suivi des r\u00e9clamations"},"content":{"rendered":"<p><span style=\"color: #ff6600\"><strong><a href=\"https:\/\/www.africa-press.net\/\">Africa-Press<\/a> &#8211; <a href=\"https:\/\/www.africa-press.net\/niger\">Niger<\/a>. <\/strong><\/span>Le M\u00e9diateur de la R\u00e9publique du Niger, Me Ali Sirfi Maiga, a pr\u00e9sid\u00e9, hier matin \u00e0 Niamey, la c\u00e9r\u00e9monie de lancement officiel de la plateforme de traitement et de suivi des r\u00e9clamations de l\u2019institution. En effet, c\u2019est dans le souci d\u2019une meilleure prise en charge des r\u00e9clamations des usagers de l\u2019administration publique et de la d\u00e9mat\u00e9rialisation du traitement et du suivi de ces r\u00e9clamations aupr\u00e8s des institutions que le m\u00e9diateur de la R\u00e9publique du Niger a d\u00e9cid\u00e9 de la mise en place d\u2019une telle plateforme. Celle-ci, se veut \u00eatre un outil indispensable qui permet au m\u00e9diateur de la R\u00e9publique d\u2019\u00eatre encore plus proche des citoyens et des usagers.<\/p>\n<p>Lors du lancement, le m\u00e9diateur de la R\u00e9publique du Niger, Me Ali Sirfi Maiga, a indiqu\u00e9 dans son discours que l\u2019\u00e9v\u00e8nement est \u00e0 saluer de la plus belle mani\u00e8re, car cela d\u00e9montre l\u2019int\u00e9r\u00eat que portent les autorit\u00e9s \u00e0 la d\u00e9livrance du service public partout et pour tous.<\/p>\n<p>Il a par la suite confi\u00e9 que c\u2019est l\u2019association des m\u00e9diateurs des pays membres de l\u2019Union Economique et Mon\u00e9taire Ouest-africaine (AMP-UEMOA) dont fait partie le m\u00e9diateur de la R\u00e9publique du Niger, qui a sugg\u00e9r\u00e9 aux pays membres ne disposant pas de plateforme lors d\u2019un atelier sous r\u00e9gional d\u2019\u00e9changes sur les syst\u00e8mes informatis\u00e9s de gestion des r\u00e9clamations organis\u00e9 du 04 au 08 novembre 2019, de veiller \u00e0 sa mise en place. Et selon lui, \u00e0 travers cela, l\u2019AMP-UEMOA vise \u00e0 rendre accessible le service du m\u00e9diateur aux citoyens d\u2019une part, et \u00e0 accroitre l\u2019efficacit\u00e9 de l\u2019administration du m\u00e9diateur dans le traitement des r\u00e9clamations re\u00e7ues des citoyens d\u2019autre part.<\/p>\n<p>Pour Me. Ali Sirfi Maiga, l\u2019\u0153uvre entreprise marque la cons\u00e9cration du combat pour l\u2019accessibilit\u00e9 des citoyens aux services du m\u00e9diateur de la R\u00e9publique, mais aussi une rupture avec un syst\u00e8me moyen\u00e2geux qui handicapait une institution d\u2019une telle grandeur, qui a d\u00e9sormais sa propre plateforme \u00e0 la hauteur de son rang, de ses ambitions et des missions dont elle est investie. \u00ab Cette plateforme est un outil indispensable qui va permettre au m\u00e9diateur d\u2019\u00eatre encore plus proche des citoyens et des usagers. C\u2019est en ce sens o\u00f9 l\u2019usager peut se trouver physiquement \u00e0 Bilma ou \u00e0 T\u00e9ra et acc\u00e9der directement aux services du m\u00e9diateur pour exercer en temps r\u00e9el ses r\u00e9clamations \u00bb a expliqu\u00e9 le m\u00e9diateur de la R\u00e9publique. Aussi a-t-il ajout\u00e9, avec la plateforme, la jeune fille de T\u00e9ra victime de st\u00e9r\u00e9otypes sociaux, la femme d\u00e9consid\u00e9r\u00e9e de bilma, l\u2019administr\u00e9 abus\u00e9 de Mirriah, le citoyen priv\u00e9 de ses droits de Bouza peuvent acc\u00e9der directement au m\u00e9diateur de la R\u00e9publique.<\/p>\n<p>Pour sa part, le repr\u00e9sentant du gouverneur de Niamey, M. Hamida Abdou, a salu\u00e9 cette initiative qui vient combler un vide par la mise en place d\u2019un syst\u00e8me informatique de traitement et de suivi des r\u00e9clamations des citoyens en vue de la digitalisation du processus dont l\u2019un des objectifs majeures est de cr\u00e9er ou de renforcer les espaces d\u2019engagement constructif entre le citoyen, la soci\u00e9t\u00e9 civile et l\u2019Etat.<\/p>\n<p>La repr\u00e9sentante de l\u2019USAID-SHIGA, Mme Asta M. Zinbo a dans son intervention appr\u00e9ci\u00e9e le r\u00f4le important que joue le m\u00e9diateur de la R\u00e9publique. Selon elle, il joue un r\u00f4le important d\u2019interface entre les citoyens, les usagers, les services publics et l\u2019administration car a-t-elle soulign\u00e9, il re\u00e7oit des r\u00e9clamations concernant le fonctionnement des administrations, de l\u2019Etat, des autorit\u00e9s locales, et des \u00e9tablissements publics.<\/p>\n<p><b>Par Farida Ibrahim Assoumane(onep)<\/b><\/p>\n","protected":false},"excerpt":{"rendered":"<p>Africa-Press &#8211; Niger. Le M\u00e9diateur de la R\u00e9publique du Niger, Me Ali Sirfi Maiga, a pr\u00e9sid\u00e9, hier matin \u00e0 Niamey, la c\u00e9r\u00e9monie de lancement officiel de la plateforme de traitement et de suivi des r\u00e9clamations de l\u2019institution. En effet, c\u2019est dans le souci d\u2019une meilleure prise en charge des r\u00e9clamations des usagers de l\u2019administration publique [&hellip;]<\/p>\n","protected":false},"author":82,"featured_media":11980,"comment_status":"open","ping_status":"closed","sticky":false,"template":"","format":"standard","meta":{"footnotes":""},"categories":[11,2,20,10],"tags":[55,60,29],"class_list":["post-11981","post","type-post","status-publish","format-standard","has-post-thumbnail","hentry","category-homepage-french","category-politique","category-top-nouvelles","category-toutes-les-actualites","tag-africa-press","tag-africa-press-niger","tag-niger"],"yoast_head":"<!-- This site is optimized with the Yoast SEO Premium plugin v26.1 (Yoast SEO v27.0) - https:\/\/yoast.com\/product\/yoast-seo-premium-wordpress\/ -->\n<title>Au cabinet du M\u00e9diateur de la R\u00e9publique, : Lancement officiel d\u2019une plateforme de traitement et suivi des r\u00e9clamations - niger<\/title>\n<meta name=\"description\" content=\"\ufeffLe M\u00e9diateur de la R\u00e9publique du Niger, Me Ali Sirfi Maiga, a pr\u00e9sid\u00e9, hier matin \u00e0 Niamey, la c\u00e9r\u00e9monie de lancement o ...\" \/>\n<meta name=\"robots\" content=\"index, follow, max-snippet:-1, max-image-preview:large, max-video-preview:-1\" \/>\n<link rel=\"canonical\" href=\"https:\/\/www.africa-press.net\/niger\/politique\/au-cabinet-du-mediateur-de-la-republique-lancement-officiel-dune-plateforme-de-traitement-et-suivi-des-reclamations\" \/>\n<meta property=\"og:locale\" content=\"fr_FR\" \/>\n<meta property=\"og:type\" content=\"article\" \/>\n<meta property=\"og:title\" content=\"Au cabinet du M\u00e9diateur de la R\u00e9publique, : Lancement officiel d\u2019une plateforme de traitement et suivi des r\u00e9clamations\" \/>\n<meta property=\"og:description\" content=\"\ufeffLe M\u00e9diateur de la R\u00e9publique du Niger, Me Ali Sirfi Maiga, a pr\u00e9sid\u00e9, hier matin \u00e0 Niamey, la c\u00e9r\u00e9monie de lancement o ...\" \/>\n<meta property=\"og:url\" content=\"https:\/\/www.africa-press.net\/niger\/politique\/au-cabinet-du-mediateur-de-la-republique-lancement-officiel-dune-plateforme-de-traitement-et-suivi-des-reclamations\" \/>\n<meta property=\"og:site_name\" content=\"niger\" \/>\n<meta property=\"article:published_time\" content=\"2021-09-17T19:05:41+00:00\" \/>\n<meta property=\"og:image\" content=\"https:\/\/static.africa-press.net\/niger\/sites\/40\/2021\/09\/img-6144ca9d14d7e.jpg\" \/>\n\t<meta property=\"og:image:width\" content=\"720\" \/>\n\t<meta property=\"og:image:height\" content=\"462\" \/>\n\t<meta property=\"og:image:type\" content=\"image\/jpeg\" \/>\n<meta name=\"author\" content=\"cfeditorfr\" \/>\n<meta name=\"twitter:card\" content=\"summary_large_image\" \/>\n<meta name=\"twitter:label1\" content=\"\u00c9crit par\" \/>\n\t<meta name=\"twitter:data1\" content=\"cfeditorfr\" \/>\n\t<meta name=\"twitter:label2\" content=\"Dur\u00e9e de lecture estim\u00e9e\" \/>\n\t<meta name=\"twitter:data2\" content=\"3 minutes\" \/>\n<script type=\"application\/ld+json\" class=\"yoast-schema-graph\">{\"@context\":\"https:\/\/schema.org\",\"@graph\":[{\"@type\":\"Article\",\"@id\":\"https:\/\/www.africa-press.net\/niger\/politique\/au-cabinet-du-mediateur-de-la-republique-lancement-officiel-dune-plateforme-de-traitement-et-suivi-des-reclamations#article\",\"isPartOf\":{\"@id\":\"https:\/\/www.africa-press.net\/niger\/politique\/au-cabinet-du-mediateur-de-la-republique-lancement-officiel-dune-plateforme-de-traitement-et-suivi-des-reclamations\"},\"author\":{\"name\":\"cfeditorfr\",\"@id\":\"https:\/\/www.africa-press.net\/niger\/#\/schema\/person\/2b1cf3cd81a31e3cd26889ca66d677f1\"},\"headline\":\"Au cabinet du M\u00e9diateur de la R\u00e9publique, : Lancement officiel d\u2019une plateforme de traitement et suivi des r\u00e9clamations\",\"datePublished\":\"2021-09-17T19:05:41+00:00\",\"mainEntityOfPage\":{\"@id\":\"https:\/\/www.africa-press.net\/niger\/politique\/au-cabinet-du-mediateur-de-la-republique-lancement-officiel-dune-plateforme-de-traitement-et-suivi-des-reclamations\"},\"wordCount\":673,\"commentCount\":0,\"image\":{\"@id\":\"https:\/\/www.africa-press.net\/niger\/politique\/au-cabinet-du-mediateur-de-la-republique-lancement-officiel-dune-plateforme-de-traitement-et-suivi-des-reclamations#primaryimage\"},\"thumbnailUrl\":\"https:\/\/static.africa-press.net\/niger\/sites\/40\/2021\/09\/img-6144ca9d14d7e.jpg\",\"keywords\":[\"Africa Press\",\"Africa Press-Niger\",\"Niger\"],\"articleSection\":[\"homepage-french\",\"Politique\",\"Top Nouvelles\",\"Toutes les actualit\u00e9s\"],\"inLanguage\":\"fr-FR\",\"potentialAction\":[{\"@type\":\"CommentAction\",\"name\":\"Comment\",\"target\":[\"https:\/\/www.africa-press.net\/niger\/politique\/au-cabinet-du-mediateur-de-la-republique-lancement-officiel-dune-plateforme-de-traitement-et-suivi-des-reclamations#respond\"]}]},{\"@type\":\"WebPage\",\"@id\":\"https:\/\/www.africa-press.net\/niger\/politique\/au-cabinet-du-mediateur-de-la-republique-lancement-officiel-dune-plateforme-de-traitement-et-suivi-des-reclamations\",\"url\":\"https:\/\/www.africa-press.net\/niger\/politique\/au-cabinet-du-mediateur-de-la-republique-lancement-officiel-dune-plateforme-de-traitement-et-suivi-des-reclamations\",\"name\":\"Au cabinet du M\u00e9diateur de la R\u00e9publique, : Lancement officiel d\u2019une plateforme de traitement et suivi des r\u00e9clamations - niger\",\"isPartOf\":{\"@id\":\"https:\/\/www.africa-press.net\/niger\/#website\"},\"primaryImageOfPage\":{\"@id\":\"https:\/\/www.africa-press.net\/niger\/politique\/au-cabinet-du-mediateur-de-la-republique-lancement-officiel-dune-plateforme-de-traitement-et-suivi-des-reclamations#primaryimage\"},\"image\":{\"@id\":\"https:\/\/www.africa-press.net\/niger\/politique\/au-cabinet-du-mediateur-de-la-republique-lancement-officiel-dune-plateforme-de-traitement-et-suivi-des-reclamations#primaryimage\"},\"thumbnailUrl\":\"https:\/\/static.africa-press.net\/niger\/sites\/40\/2021\/09\/img-6144ca9d14d7e.jpg\",\"datePublished\":\"2021-09-17T19:05:41+00:00\",\"author\":{\"@id\":\"https:\/\/www.africa-press.net\/niger\/#\/schema\/person\/2b1cf3cd81a31e3cd26889ca66d677f1\"},\"description\":\"\ufeffLe M\u00e9diateur de la R\u00e9publique du Niger, Me Ali Sirfi Maiga, a pr\u00e9sid\u00e9, hier matin \u00e0 Niamey, la c\u00e9r\u00e9monie de lancement o ...\",\"breadcrumb\":{\"@id\":\"https:\/\/www.africa-press.net\/niger\/politique\/au-cabinet-du-mediateur-de-la-republique-lancement-officiel-dune-plateforme-de-traitement-et-suivi-des-reclamations#breadcrumb\"},\"inLanguage\":\"fr-FR\",\"potentialAction\":[{\"@type\":\"ReadAction\",\"target\":[\"https:\/\/www.africa-press.net\/niger\/politique\/au-cabinet-du-mediateur-de-la-republique-lancement-officiel-dune-plateforme-de-traitement-et-suivi-des-reclamations\"]}]},{\"@type\":\"ImageObject\",\"inLanguage\":\"fr-FR\",\"@id\":\"https:\/\/www.africa-press.net\/niger\/politique\/au-cabinet-du-mediateur-de-la-republique-lancement-officiel-dune-plateforme-de-traitement-et-suivi-des-reclamations#primaryimage\",\"url\":\"https:\/\/static.africa-press.net\/niger\/sites\/40\/2021\/09\/img-6144ca9d14d7e.jpg\",\"contentUrl\":\"https:\/\/static.africa-press.net\/niger\/sites\/40\/2021\/09\/img-6144ca9d14d7e.jpg\",\"width\":720,\"height\":462,\"caption\":\"Au cabinet du M\u00e9diateur de la R\u00e9publique, : Lancement officiel d\u2019une plateforme de traitement et suivi des r\u00e9clamations\"},{\"@type\":\"BreadcrumbList\",\"@id\":\"https:\/\/www.africa-press.net\/niger\/politique\/au-cabinet-du-mediateur-de-la-republique-lancement-officiel-dune-plateforme-de-traitement-et-suivi-des-reclamations#breadcrumb\",\"itemListElement\":[{\"@type\":\"ListItem\",\"position\":1,\"name\":\"Accueil\",\"item\":\"https:\/\/www.africa-press.net\/niger\/\"},{\"@type\":\"ListItem\",\"position\":2,\"name\":\"Au cabinet du M\u00e9diateur de la R\u00e9publique, : Lancement officiel d\u2019une plateforme de traitement et suivi des r\u00e9clamations\"}]},{\"@type\":\"WebSite\",\"@id\":\"https:\/\/www.africa-press.net\/niger\/#website\",\"url\":\"https:\/\/www.africa-press.net\/niger\/\",\"name\":\"niger\",\"description\":\"Just another Africa News Agency Sites site\",\"potentialAction\":[{\"@type\":\"SearchAction\",\"target\":{\"@type\":\"EntryPoint\",\"urlTemplate\":\"https:\/\/www.africa-press.net\/niger\/?s={search_term_string}\"},\"query-input\":{\"@type\":\"PropertyValueSpecification\",\"valueRequired\":true,\"valueName\":\"search_term_string\"}}],\"inLanguage\":\"fr-FR\"},{\"@type\":\"Person\",\"@id\":\"https:\/\/www.africa-press.net\/niger\/#\/schema\/person\/2b1cf3cd81a31e3cd26889ca66d677f1\",\"name\":\"cfeditorfr\"}]}<\/script>\n<!-- \/ Yoast SEO Premium plugin. -->","yoast_head_json":{"title":"Au cabinet du M\u00e9diateur de la R\u00e9publique, : Lancement officiel d\u2019une plateforme de traitement et suivi des r\u00e9clamations - niger","description":"\ufeffLe M\u00e9diateur de la R\u00e9publique du Niger, Me Ali Sirfi Maiga, a pr\u00e9sid\u00e9, hier matin \u00e0 Niamey, la c\u00e9r\u00e9monie de lancement o ...","robots":{"index":"index","follow":"follow","max-snippet":"max-snippet:-1","max-image-preview":"max-image-preview:large","max-video-preview":"max-video-preview:-1"},"canonical":"https:\/\/www.africa-press.net\/niger\/politique\/au-cabinet-du-mediateur-de-la-republique-lancement-officiel-dune-plateforme-de-traitement-et-suivi-des-reclamations","og_locale":"fr_FR","og_type":"article","og_title":"Au cabinet du M\u00e9diateur de la R\u00e9publique, : Lancement officiel d\u2019une plateforme de traitement et suivi des r\u00e9clamations","og_description":"\ufeffLe M\u00e9diateur de la R\u00e9publique du Niger, Me Ali Sirfi Maiga, a pr\u00e9sid\u00e9, hier matin \u00e0 Niamey, la c\u00e9r\u00e9monie de lancement o ...","og_url":"https:\/\/www.africa-press.net\/niger\/politique\/au-cabinet-du-mediateur-de-la-republique-lancement-officiel-dune-plateforme-de-traitement-et-suivi-des-reclamations","og_site_name":"niger","article_published_time":"2021-09-17T19:05:41+00:00","og_image":[{"width":720,"height":462,"url":"https:\/\/static.africa-press.net\/niger\/sites\/40\/2021\/09\/img-6144ca9d14d7e.jpg","type":"image\/jpeg"}],"author":"cfeditorfr","twitter_card":"summary_large_image","twitter_misc":{"\u00c9crit par":"cfeditorfr","Dur\u00e9e de lecture estim\u00e9e":"3 minutes"},"schema":{"@context":"https:\/\/schema.org","@graph":[{"@type":"Article","@id":"https:\/\/www.africa-press.net\/niger\/politique\/au-cabinet-du-mediateur-de-la-republique-lancement-officiel-dune-plateforme-de-traitement-et-suivi-des-reclamations#article","isPartOf":{"@id":"https:\/\/www.africa-press.net\/niger\/politique\/au-cabinet-du-mediateur-de-la-republique-lancement-officiel-dune-plateforme-de-traitement-et-suivi-des-reclamations"},"author":{"name":"cfeditorfr","@id":"https:\/\/www.africa-press.net\/niger\/#\/schema\/person\/2b1cf3cd81a31e3cd26889ca66d677f1"},"headline":"Au cabinet du M\u00e9diateur de la R\u00e9publique, : Lancement officiel d\u2019une plateforme de traitement et suivi des r\u00e9clamations","datePublished":"2021-09-17T19:05:41+00:00","mainEntityOfPage":{"@id":"https:\/\/www.africa-press.net\/niger\/politique\/au-cabinet-du-mediateur-de-la-republique-lancement-officiel-dune-plateforme-de-traitement-et-suivi-des-reclamations"},"wordCount":673,"commentCount":0,"image":{"@id":"https:\/\/www.africa-press.net\/niger\/politique\/au-cabinet-du-mediateur-de-la-republique-lancement-officiel-dune-plateforme-de-traitement-et-suivi-des-reclamations#primaryimage"},"thumbnailUrl":"https:\/\/static.africa-press.net\/niger\/sites\/40\/2021\/09\/img-6144ca9d14d7e.jpg","keywords":["Africa Press","Africa Press-Niger","Niger"],"articleSection":["homepage-french","Politique","Top Nouvelles","Toutes les actualit\u00e9s"],"inLanguage":"fr-FR","potentialAction":[{"@type":"CommentAction","name":"Comment","target":["https:\/\/www.africa-press.net\/niger\/politique\/au-cabinet-du-mediateur-de-la-republique-lancement-officiel-dune-plateforme-de-traitement-et-suivi-des-reclamations#respond"]}]},{"@type":"WebPage","@id":"https:\/\/www.africa-press.net\/niger\/politique\/au-cabinet-du-mediateur-de-la-republique-lancement-officiel-dune-plateforme-de-traitement-et-suivi-des-reclamations","url":"https:\/\/www.africa-press.net\/niger\/politique\/au-cabinet-du-mediateur-de-la-republique-lancement-officiel-dune-plateforme-de-traitement-et-suivi-des-reclamations","name":"Au cabinet du M\u00e9diateur de la R\u00e9publique, : Lancement officiel d\u2019une plateforme de traitement et suivi des r\u00e9clamations - niger","isPartOf":{"@id":"https:\/\/www.africa-press.net\/niger\/#website"},"primaryImageOfPage":{"@id":"https:\/\/www.africa-press.net\/niger\/politique\/au-cabinet-du-mediateur-de-la-republique-lancement-officiel-dune-plateforme-de-traitement-et-suivi-des-reclamations#primaryimage"},"image":{"@id":"https:\/\/www.africa-press.net\/niger\/politique\/au-cabinet-du-mediateur-de-la-republique-lancement-officiel-dune-plateforme-de-traitement-et-suivi-des-reclamations#primaryimage"},"thumbnailUrl":"https:\/\/static.africa-press.net\/niger\/sites\/40\/2021\/09\/img-6144ca9d14d7e.jpg","datePublished":"2021-09-17T19:05:41+00:00","author":{"@id":"https:\/\/www.africa-press.net\/niger\/#\/schema\/person\/2b1cf3cd81a31e3cd26889ca66d677f1"},"description":"\ufeffLe M\u00e9diateur de la R\u00e9publique du Niger, Me Ali Sirfi Maiga, a pr\u00e9sid\u00e9, hier matin \u00e0 Niamey, la c\u00e9r\u00e9monie de lancement o ...","breadcrumb":{"@id":"https:\/\/www.africa-press.net\/niger\/politique\/au-cabinet-du-mediateur-de-la-republique-lancement-officiel-dune-plateforme-de-traitement-et-suivi-des-reclamations#breadcrumb"},"inLanguage":"fr-FR","potentialAction":[{"@type":"ReadAction","target":["https:\/\/www.africa-press.net\/niger\/politique\/au-cabinet-du-mediateur-de-la-republique-lancement-officiel-dune-plateforme-de-traitement-et-suivi-des-reclamations"]}]},{"@type":"ImageObject","inLanguage":"fr-FR","@id":"https:\/\/www.africa-press.net\/niger\/politique\/au-cabinet-du-mediateur-de-la-republique-lancement-officiel-dune-plateforme-de-traitement-et-suivi-des-reclamations#primaryimage","url":"https:\/\/static.africa-press.net\/niger\/sites\/40\/2021\/09\/img-6144ca9d14d7e.jpg","contentUrl":"https:\/\/static.africa-press.net\/niger\/sites\/40\/2021\/09\/img-6144ca9d14d7e.jpg","width":720,"height":462,"caption":"Au cabinet du M\u00e9diateur de la R\u00e9publique, : Lancement officiel d\u2019une plateforme de traitement et suivi des r\u00e9clamations"},{"@type":"BreadcrumbList","@id":"https:\/\/www.africa-press.net\/niger\/politique\/au-cabinet-du-mediateur-de-la-republique-lancement-officiel-dune-plateforme-de-traitement-et-suivi-des-reclamations#breadcrumb","itemListElement":[{"@type":"ListItem","position":1,"name":"Accueil","item":"https:\/\/www.africa-press.net\/niger\/"},{"@type":"ListItem","position":2,"name":"Au cabinet du M\u00e9diateur de la R\u00e9publique, : Lancement officiel d\u2019une plateforme de traitement et suivi des r\u00e9clamations"}]},{"@type":"WebSite","@id":"https:\/\/www.africa-press.net\/niger\/#website","url":"https:\/\/www.africa-press.net\/niger\/","name":"niger","description":"Just another Africa News Agency Sites site","potentialAction":[{"@type":"SearchAction","target":{"@type":"EntryPoint","urlTemplate":"https:\/\/www.africa-press.net\/niger\/?s={search_term_string}"},"query-input":{"@type":"PropertyValueSpecification","valueRequired":true,"valueName":"search_term_string"}}],"inLanguage":"fr-FR"},{"@type":"Person","@id":"https:\/\/www.africa-press.net\/niger\/#\/schema\/person\/2b1cf3cd81a31e3cd26889ca66d677f1","name":"cfeditorfr"}]}},"_links":{"self":[{"href":"https:\/\/www.africa-press.net\/niger\/wp-json\/wp\/v2\/posts\/11981","targetHints":{"allow":["GET"]}}],"collection":[{"href":"https:\/\/www.africa-press.net\/niger\/wp-json\/wp\/v2\/posts"}],"about":[{"href":"https:\/\/www.africa-press.net\/niger\/wp-json\/wp\/v2\/types\/post"}],"author":[{"embeddable":true,"href":"https:\/\/www.africa-press.net\/niger\/wp-json\/wp\/v2\/users\/82"}],"replies":[{"embeddable":true,"href":"https:\/\/www.africa-press.net\/niger\/wp-json\/wp\/v2\/comments?post=11981"}],"version-history":[{"count":0,"href":"https:\/\/www.africa-press.net\/niger\/wp-json\/wp\/v2\/posts\/11981\/revisions"}],"wp:featuredmedia":[{"embeddable":true,"href":"https:\/\/www.africa-press.net\/niger\/wp-json\/wp\/v2\/media\/11980"}],"wp:attachment":[{"href":"https:\/\/www.africa-press.net\/niger\/wp-json\/wp\/v2\/media?parent=11981"}],"wp:term":[{"taxonomy":"category","embeddable":true,"href":"https:\/\/www.africa-press.net\/niger\/wp-json\/wp\/v2\/categories?post=11981"},{"taxonomy":"post_tag","embeddable":true,"href":"https:\/\/www.africa-press.net\/niger\/wp-json\/wp\/v2\/tags?post=11981"}],"curies":[{"name":"wp","href":"https:\/\/api.w.org\/{rel}","templated":true}]}}