{"id":11984,"date":"2021-09-17T19:16:15","date_gmt":"2021-09-17T19:16:15","guid":{"rendered":"https:\/\/www.africa-press.net\/niger\/?p=11984"},"modified":"2021-09-17T17:57:38","modified_gmt":"2021-09-17T17:57:38","slug":"sommet-extraordinaire-de-la-cedeao-sur-la-situation-politique-en-guinee-a-accra-ghana-le-president-mohamed-bazoum-y-a-pris-part","status":"publish","type":"post","link":"https:\/\/www.africa-press.net\/niger\/politique\/sommet-extraordinaire-de-la-cedeao-sur-la-situation-politique-en-guinee-a-accra-ghana-le-president-mohamed-bazoum-y-a-pris-part","title":{"rendered":"Sommet extraordinaire de la CEDEAO sur la situation politique en Guin\u00e9e, \u00e0 Accra (Ghana) : Le Pr\u00e9sident Mohamed Bazoum y a pris part"},"content":{"rendered":"<p><span style=\"color: #ff6600\"><strong><a href=\"https:\/\/www.africa-press.net\/\">Africa-Press<\/a> &#8211; <a href=\"https:\/\/www.africa-press.net\/niger\">Niger<\/a>. <\/strong><\/span>Le Pr\u00e9sident de la R\u00e9publique, Chef de l\u2019\u00c9tat, S.E.M Mohamed Bazoum, a regagn\u00e9 Niamey, hier en d\u00e9but de soir\u00e9e, de retour d\u2019Accra, au Ghana, o\u00f9 il a pris part, hier jeudi 16 Septembre 2021, \u00e0 un Sommet extraordinaire de la CEDEAO sur la situation politique en Guin\u00e9e. On y notait \u00e9galement la pr\u00e9sence des Pr\u00e9sidents du Togo, du Burkina Faso, du Liberia, de C\u00f4te d\u2019Ivoire, du S\u00e9n\u00e9gal et de Sierra Leone. Quant au Nigeria, il \u00e9tait repr\u00e9sent\u00e9 par son vice-pr\u00e9sident, tandis que les autres pays y sont repr\u00e9sent\u00e9s par leur ministre des Affaires \u00e9trang\u00e8res.<\/p>\n<p>Dans une allocution qu\u2019il a prononc\u00e9e \u00e0 l\u2019ouverture du sommet, le pr\u00e9sident en exercice de la Conf\u00e9rence des Chefs d\u2019Etat de la CEDEAO, le pr\u00e9sident ghan\u00e9en Nana Akufo-Addo, a soulign\u00e9 l\u2019enjeu de la rencontre. \u00ab Nous sommes tenus de prendre des d\u00e9cisions \u00e9clair\u00e9es sur ces questions \u00bb, a-t-il d\u00e9clar\u00e9. \u00ab Je compte sur vous, Excellences, pour aider \u00e0 proposer des solutions durables \u00e0 la crise \u00bb, a-t-il ajout\u00e9 en s\u2019adressant aux dirigeants pr\u00e9sents au Sommet.<\/p>\n<p>Selon le programme \u00e9tabli, au cours de cette r\u00e9union au pays de Kwame Nkrumah, les dirigeants des pays membres de la CEDEAO ont suivi le rapport pr\u00e9sent\u00e9 par la d\u00e9l\u00e9gation d\u00e9p\u00each\u00e9e en Guin\u00e9e o\u00f9 elle s\u2019est entretenue, le vendredi 10 septembre dernier, avec les dirigeants de la junte militaire. En effet, faut-il le rappeler, les Chefs d\u2019\u00c9tat s\u2019\u00e9taient d\u00e9j\u00e0 r\u00e9unis par visio-conf\u00e9rence, le 08 Septembre 2021, o\u00f9 ils avaient d\u00e9cid\u00e9 de la suspension de la Guin\u00e9e. Par la suite, une mission de haut niveau avait aussi \u00e9t\u00e9 imm\u00e9diatement d\u00e9p\u00each\u00e9e \u00e0 Conakry pour faire le point de la situation sur place.<\/p>\n<p>Statuant sur le rapport de la mission de la CEDEAO et au regard de la situation politique en cours en Guin\u00e9e, les Chefs d\u2019Etat de la CEDEAO ont durci le ton en d\u00e9cidant de maintenir la suspension de Conakry de toutes ses instances de d\u00e9cisions. S\u2019y ajoutent \u00e9galement d\u2019autres mesures rigoureuses prises \u00e0 l\u2019encontre de la junte au pouvoir depuis le 05 septembre 2021. (Nous y reviendrons).<\/p>\n<p>Le Chef de l\u2019Etat est accompagn\u00e9 dans ce d\u00e9placement notamment de: M. Massoudou Hassoumi, Ministre d\u2019Etat, Ministre des Affaires Etrang\u00e8res et de la Coop\u00e9ration ; M. Djibo Takoubakoye Daouda, Directeur de Cabinet Adjoint du Pr\u00e9sident de la R\u00e9publique.<\/p>\n<p><b>\u00a0<\/b><\/p>\n","protected":false},"excerpt":{"rendered":"<p>Africa-Press &#8211; Niger. Le Pr\u00e9sident de la R\u00e9publique, Chef de l\u2019\u00c9tat, S.E.M Mohamed Bazoum, a regagn\u00e9 Niamey, hier en d\u00e9but de soir\u00e9e, de retour d\u2019Accra, au Ghana, o\u00f9 il a pris part, hier jeudi 16 Septembre 2021, \u00e0 un Sommet extraordinaire de la CEDEAO sur la situation politique en Guin\u00e9e. On y notait \u00e9galement la [&hellip;]<\/p>\n","protected":false},"author":82,"featured_media":11983,"comment_status":"open","ping_status":"closed","sticky":false,"template":"","format":"standard","meta":{"footnotes":""},"categories":[11,2,20,10],"tags":[55,60,29],"class_list":["post-11984","post","type-post","status-publish","format-standard","has-post-thumbnail","hentry","category-homepage-french","category-politique","category-top-nouvelles","category-toutes-les-actualites","tag-africa-press","tag-africa-press-niger","tag-niger"],"yoast_head":"<!-- This site is optimized with the Yoast SEO Premium plugin v26.1 (Yoast SEO v27.0) - https:\/\/yoast.com\/product\/yoast-seo-premium-wordpress\/ -->\n<title>Sommet extraordinaire de la CEDEAO sur la situation politique en Guin\u00e9e, \u00e0 Accra (Ghana) : Le Pr\u00e9sident Mohamed Bazoum y a pris part - niger<\/title>\n<meta name=\"description\" content=\"\ufeffLe Pr\u00e9sident de la R\u00e9publique, Chef de l\u2019\u00c9tat, S.E.M Mohamed Bazoum, a regagn\u00e9 Niamey, hier en d\u00e9but de soir\u00e9e, de reto ...\" \/>\n<meta name=\"robots\" content=\"index, follow, max-snippet:-1, max-image-preview:large, max-video-preview:-1\" \/>\n<link rel=\"canonical\" href=\"https:\/\/www.africa-press.net\/niger\/politique\/sommet-extraordinaire-de-la-cedeao-sur-la-situation-politique-en-guinee-a-accra-ghana-le-president-mohamed-bazoum-y-a-pris-part\" \/>\n<meta property=\"og:locale\" content=\"fr_FR\" \/>\n<meta property=\"og:type\" content=\"article\" \/>\n<meta property=\"og:title\" content=\"Sommet extraordinaire de la CEDEAO sur la situation politique en Guin\u00e9e, \u00e0 Accra (Ghana) : Le Pr\u00e9sident Mohamed Bazoum y a pris part\" \/>\n<meta property=\"og:description\" content=\"\ufeffLe Pr\u00e9sident de la R\u00e9publique, Chef de l\u2019\u00c9tat, S.E.M Mohamed Bazoum, a regagn\u00e9 Niamey, hier en d\u00e9but de soir\u00e9e, de reto ...\" \/>\n<meta property=\"og:url\" content=\"https:\/\/www.africa-press.net\/niger\/politique\/sommet-extraordinaire-de-la-cedeao-sur-la-situation-politique-en-guinee-a-accra-ghana-le-president-mohamed-bazoum-y-a-pris-part\" \/>\n<meta property=\"og:site_name\" content=\"niger\" \/>\n<meta property=\"article:published_time\" content=\"2021-09-17T19:16:15+00:00\" \/>\n<meta property=\"og:image\" content=\"https:\/\/static.africa-press.net\/niger\/sites\/40\/2021\/09\/img-6144cabf72afa.jpg\" \/>\n\t<meta property=\"og:image:width\" content=\"720\" \/>\n\t<meta property=\"og:image:height\" content=\"352\" \/>\n\t<meta property=\"og:image:type\" content=\"image\/jpeg\" \/>\n<meta name=\"author\" content=\"cfeditorfr\" \/>\n<meta name=\"twitter:card\" content=\"summary_large_image\" \/>\n<meta name=\"twitter:label1\" content=\"\u00c9crit par\" \/>\n\t<meta name=\"twitter:data1\" content=\"cfeditorfr\" \/>\n\t<meta name=\"twitter:label2\" content=\"Dur\u00e9e de lecture estim\u00e9e\" \/>\n\t<meta name=\"twitter:data2\" content=\"2 minutes\" \/>\n<script type=\"application\/ld+json\" class=\"yoast-schema-graph\">{\"@context\":\"https:\/\/schema.org\",\"@graph\":[{\"@type\":\"Article\",\"@id\":\"https:\/\/www.africa-press.net\/niger\/politique\/sommet-extraordinaire-de-la-cedeao-sur-la-situation-politique-en-guinee-a-accra-ghana-le-president-mohamed-bazoum-y-a-pris-part#article\",\"isPartOf\":{\"@id\":\"https:\/\/www.africa-press.net\/niger\/politique\/sommet-extraordinaire-de-la-cedeao-sur-la-situation-politique-en-guinee-a-accra-ghana-le-president-mohamed-bazoum-y-a-pris-part\"},\"author\":{\"name\":\"cfeditorfr\",\"@id\":\"https:\/\/www.africa-press.net\/niger\/#\/schema\/person\/2b1cf3cd81a31e3cd26889ca66d677f1\"},\"headline\":\"Sommet extraordinaire de la CEDEAO sur la situation politique en Guin\u00e9e, \u00e0 Accra (Ghana) : Le Pr\u00e9sident Mohamed Bazoum y a pris part\",\"datePublished\":\"2021-09-17T19:16:15+00:00\",\"mainEntityOfPage\":{\"@id\":\"https:\/\/www.africa-press.net\/niger\/politique\/sommet-extraordinaire-de-la-cedeao-sur-la-situation-politique-en-guinee-a-accra-ghana-le-president-mohamed-bazoum-y-a-pris-part\"},\"wordCount\":450,\"commentCount\":0,\"image\":{\"@id\":\"https:\/\/www.africa-press.net\/niger\/politique\/sommet-extraordinaire-de-la-cedeao-sur-la-situation-politique-en-guinee-a-accra-ghana-le-president-mohamed-bazoum-y-a-pris-part#primaryimage\"},\"thumbnailUrl\":\"https:\/\/static.africa-press.net\/niger\/sites\/40\/2021\/09\/img-6144cabf72afa.jpg\",\"keywords\":[\"Africa Press\",\"Africa Press-Niger\",\"Niger\"],\"articleSection\":[\"homepage-french\",\"Politique\",\"Top Nouvelles\",\"Toutes les actualit\u00e9s\"],\"inLanguage\":\"fr-FR\",\"potentialAction\":[{\"@type\":\"CommentAction\",\"name\":\"Comment\",\"target\":[\"https:\/\/www.africa-press.net\/niger\/politique\/sommet-extraordinaire-de-la-cedeao-sur-la-situation-politique-en-guinee-a-accra-ghana-le-president-mohamed-bazoum-y-a-pris-part#respond\"]}]},{\"@type\":\"WebPage\",\"@id\":\"https:\/\/www.africa-press.net\/niger\/politique\/sommet-extraordinaire-de-la-cedeao-sur-la-situation-politique-en-guinee-a-accra-ghana-le-president-mohamed-bazoum-y-a-pris-part\",\"url\":\"https:\/\/www.africa-press.net\/niger\/politique\/sommet-extraordinaire-de-la-cedeao-sur-la-situation-politique-en-guinee-a-accra-ghana-le-president-mohamed-bazoum-y-a-pris-part\",\"name\":\"Sommet extraordinaire de la CEDEAO sur la situation politique en Guin\u00e9e, \u00e0 Accra (Ghana) : Le Pr\u00e9sident Mohamed Bazoum y a pris part - niger\",\"isPartOf\":{\"@id\":\"https:\/\/www.africa-press.net\/niger\/#website\"},\"primaryImageOfPage\":{\"@id\":\"https:\/\/www.africa-press.net\/niger\/politique\/sommet-extraordinaire-de-la-cedeao-sur-la-situation-politique-en-guinee-a-accra-ghana-le-president-mohamed-bazoum-y-a-pris-part#primaryimage\"},\"image\":{\"@id\":\"https:\/\/www.africa-press.net\/niger\/politique\/sommet-extraordinaire-de-la-cedeao-sur-la-situation-politique-en-guinee-a-accra-ghana-le-president-mohamed-bazoum-y-a-pris-part#primaryimage\"},\"thumbnailUrl\":\"https:\/\/static.africa-press.net\/niger\/sites\/40\/2021\/09\/img-6144cabf72afa.jpg\",\"datePublished\":\"2021-09-17T19:16:15+00:00\",\"author\":{\"@id\":\"https:\/\/www.africa-press.net\/niger\/#\/schema\/person\/2b1cf3cd81a31e3cd26889ca66d677f1\"},\"description\":\"\ufeffLe Pr\u00e9sident de la R\u00e9publique, Chef de l\u2019\u00c9tat, S.E.M Mohamed Bazoum, a regagn\u00e9 Niamey, hier en d\u00e9but de soir\u00e9e, de reto ...\",\"breadcrumb\":{\"@id\":\"https:\/\/www.africa-press.net\/niger\/politique\/sommet-extraordinaire-de-la-cedeao-sur-la-situation-politique-en-guinee-a-accra-ghana-le-president-mohamed-bazoum-y-a-pris-part#breadcrumb\"},\"inLanguage\":\"fr-FR\",\"potentialAction\":[{\"@type\":\"ReadAction\",\"target\":[\"https:\/\/www.africa-press.net\/niger\/politique\/sommet-extraordinaire-de-la-cedeao-sur-la-situation-politique-en-guinee-a-accra-ghana-le-president-mohamed-bazoum-y-a-pris-part\"]}]},{\"@type\":\"ImageObject\",\"inLanguage\":\"fr-FR\",\"@id\":\"https:\/\/www.africa-press.net\/niger\/politique\/sommet-extraordinaire-de-la-cedeao-sur-la-situation-politique-en-guinee-a-accra-ghana-le-president-mohamed-bazoum-y-a-pris-part#primaryimage\",\"url\":\"https:\/\/static.africa-press.net\/niger\/sites\/40\/2021\/09\/img-6144cabf72afa.jpg\",\"contentUrl\":\"https:\/\/static.africa-press.net\/niger\/sites\/40\/2021\/09\/img-6144cabf72afa.jpg\",\"width\":720,\"height\":352,\"caption\":\"Sommet extraordinaire de la CEDEAO sur la situation politique en Guin\u00e9e, \u00e0 Accra (Ghana) : Le Pr\u00e9sident Mohamed Bazoum y a pris part\"},{\"@type\":\"BreadcrumbList\",\"@id\":\"https:\/\/www.africa-press.net\/niger\/politique\/sommet-extraordinaire-de-la-cedeao-sur-la-situation-politique-en-guinee-a-accra-ghana-le-president-mohamed-bazoum-y-a-pris-part#breadcrumb\",\"itemListElement\":[{\"@type\":\"ListItem\",\"position\":1,\"name\":\"Accueil\",\"item\":\"https:\/\/www.africa-press.net\/niger\/\"},{\"@type\":\"ListItem\",\"position\":2,\"name\":\"Sommet extraordinaire de la CEDEAO sur la situation politique en Guin\u00e9e, \u00e0 Accra (Ghana) : Le Pr\u00e9sident Mohamed Bazoum y a pris part\"}]},{\"@type\":\"WebSite\",\"@id\":\"https:\/\/www.africa-press.net\/niger\/#website\",\"url\":\"https:\/\/www.africa-press.net\/niger\/\",\"name\":\"niger\",\"description\":\"Just another Africa News Agency Sites site\",\"potentialAction\":[{\"@type\":\"SearchAction\",\"target\":{\"@type\":\"EntryPoint\",\"urlTemplate\":\"https:\/\/www.africa-press.net\/niger\/?s={search_term_string}\"},\"query-input\":{\"@type\":\"PropertyValueSpecification\",\"valueRequired\":true,\"valueName\":\"search_term_string\"}}],\"inLanguage\":\"fr-FR\"},{\"@type\":\"Person\",\"@id\":\"https:\/\/www.africa-press.net\/niger\/#\/schema\/person\/2b1cf3cd81a31e3cd26889ca66d677f1\",\"name\":\"cfeditorfr\"}]}<\/script>\n<!-- \/ Yoast SEO Premium plugin. -->","yoast_head_json":{"title":"Sommet extraordinaire de la CEDEAO sur la situation politique en Guin\u00e9e, \u00e0 Accra (Ghana) : Le Pr\u00e9sident Mohamed Bazoum y a pris part - niger","description":"\ufeffLe Pr\u00e9sident de la R\u00e9publique, Chef de l\u2019\u00c9tat, S.E.M Mohamed Bazoum, a regagn\u00e9 Niamey, hier en d\u00e9but de soir\u00e9e, de reto ...","robots":{"index":"index","follow":"follow","max-snippet":"max-snippet:-1","max-image-preview":"max-image-preview:large","max-video-preview":"max-video-preview:-1"},"canonical":"https:\/\/www.africa-press.net\/niger\/politique\/sommet-extraordinaire-de-la-cedeao-sur-la-situation-politique-en-guinee-a-accra-ghana-le-president-mohamed-bazoum-y-a-pris-part","og_locale":"fr_FR","og_type":"article","og_title":"Sommet extraordinaire de la CEDEAO sur la situation politique en Guin\u00e9e, \u00e0 Accra (Ghana) : Le Pr\u00e9sident Mohamed Bazoum y a pris part","og_description":"\ufeffLe Pr\u00e9sident de la R\u00e9publique, Chef de l\u2019\u00c9tat, S.E.M Mohamed Bazoum, a regagn\u00e9 Niamey, hier en d\u00e9but de soir\u00e9e, de reto ...","og_url":"https:\/\/www.africa-press.net\/niger\/politique\/sommet-extraordinaire-de-la-cedeao-sur-la-situation-politique-en-guinee-a-accra-ghana-le-president-mohamed-bazoum-y-a-pris-part","og_site_name":"niger","article_published_time":"2021-09-17T19:16:15+00:00","og_image":[{"width":720,"height":352,"url":"https:\/\/static.africa-press.net\/niger\/sites\/40\/2021\/09\/img-6144cabf72afa.jpg","type":"image\/jpeg"}],"author":"cfeditorfr","twitter_card":"summary_large_image","twitter_misc":{"\u00c9crit par":"cfeditorfr","Dur\u00e9e de lecture estim\u00e9e":"2 minutes"},"schema":{"@context":"https:\/\/schema.org","@graph":[{"@type":"Article","@id":"https:\/\/www.africa-press.net\/niger\/politique\/sommet-extraordinaire-de-la-cedeao-sur-la-situation-politique-en-guinee-a-accra-ghana-le-president-mohamed-bazoum-y-a-pris-part#article","isPartOf":{"@id":"https:\/\/www.africa-press.net\/niger\/politique\/sommet-extraordinaire-de-la-cedeao-sur-la-situation-politique-en-guinee-a-accra-ghana-le-president-mohamed-bazoum-y-a-pris-part"},"author":{"name":"cfeditorfr","@id":"https:\/\/www.africa-press.net\/niger\/#\/schema\/person\/2b1cf3cd81a31e3cd26889ca66d677f1"},"headline":"Sommet extraordinaire de la CEDEAO sur la situation politique en Guin\u00e9e, \u00e0 Accra (Ghana) : Le Pr\u00e9sident Mohamed Bazoum y a pris part","datePublished":"2021-09-17T19:16:15+00:00","mainEntityOfPage":{"@id":"https:\/\/www.africa-press.net\/niger\/politique\/sommet-extraordinaire-de-la-cedeao-sur-la-situation-politique-en-guinee-a-accra-ghana-le-president-mohamed-bazoum-y-a-pris-part"},"wordCount":450,"commentCount":0,"image":{"@id":"https:\/\/www.africa-press.net\/niger\/politique\/sommet-extraordinaire-de-la-cedeao-sur-la-situation-politique-en-guinee-a-accra-ghana-le-president-mohamed-bazoum-y-a-pris-part#primaryimage"},"thumbnailUrl":"https:\/\/static.africa-press.net\/niger\/sites\/40\/2021\/09\/img-6144cabf72afa.jpg","keywords":["Africa Press","Africa Press-Niger","Niger"],"articleSection":["homepage-french","Politique","Top Nouvelles","Toutes les actualit\u00e9s"],"inLanguage":"fr-FR","potentialAction":[{"@type":"CommentAction","name":"Comment","target":["https:\/\/www.africa-press.net\/niger\/politique\/sommet-extraordinaire-de-la-cedeao-sur-la-situation-politique-en-guinee-a-accra-ghana-le-president-mohamed-bazoum-y-a-pris-part#respond"]}]},{"@type":"WebPage","@id":"https:\/\/www.africa-press.net\/niger\/politique\/sommet-extraordinaire-de-la-cedeao-sur-la-situation-politique-en-guinee-a-accra-ghana-le-president-mohamed-bazoum-y-a-pris-part","url":"https:\/\/www.africa-press.net\/niger\/politique\/sommet-extraordinaire-de-la-cedeao-sur-la-situation-politique-en-guinee-a-accra-ghana-le-president-mohamed-bazoum-y-a-pris-part","name":"Sommet extraordinaire de la CEDEAO sur la situation politique en Guin\u00e9e, \u00e0 Accra (Ghana) : Le Pr\u00e9sident Mohamed Bazoum y a pris part - niger","isPartOf":{"@id":"https:\/\/www.africa-press.net\/niger\/#website"},"primaryImageOfPage":{"@id":"https:\/\/www.africa-press.net\/niger\/politique\/sommet-extraordinaire-de-la-cedeao-sur-la-situation-politique-en-guinee-a-accra-ghana-le-president-mohamed-bazoum-y-a-pris-part#primaryimage"},"image":{"@id":"https:\/\/www.africa-press.net\/niger\/politique\/sommet-extraordinaire-de-la-cedeao-sur-la-situation-politique-en-guinee-a-accra-ghana-le-president-mohamed-bazoum-y-a-pris-part#primaryimage"},"thumbnailUrl":"https:\/\/static.africa-press.net\/niger\/sites\/40\/2021\/09\/img-6144cabf72afa.jpg","datePublished":"2021-09-17T19:16:15+00:00","author":{"@id":"https:\/\/www.africa-press.net\/niger\/#\/schema\/person\/2b1cf3cd81a31e3cd26889ca66d677f1"},"description":"\ufeffLe Pr\u00e9sident de la R\u00e9publique, Chef de l\u2019\u00c9tat, S.E.M Mohamed Bazoum, a regagn\u00e9 Niamey, hier en d\u00e9but de soir\u00e9e, de reto ...","breadcrumb":{"@id":"https:\/\/www.africa-press.net\/niger\/politique\/sommet-extraordinaire-de-la-cedeao-sur-la-situation-politique-en-guinee-a-accra-ghana-le-president-mohamed-bazoum-y-a-pris-part#breadcrumb"},"inLanguage":"fr-FR","potentialAction":[{"@type":"ReadAction","target":["https:\/\/www.africa-press.net\/niger\/politique\/sommet-extraordinaire-de-la-cedeao-sur-la-situation-politique-en-guinee-a-accra-ghana-le-president-mohamed-bazoum-y-a-pris-part"]}]},{"@type":"ImageObject","inLanguage":"fr-FR","@id":"https:\/\/www.africa-press.net\/niger\/politique\/sommet-extraordinaire-de-la-cedeao-sur-la-situation-politique-en-guinee-a-accra-ghana-le-president-mohamed-bazoum-y-a-pris-part#primaryimage","url":"https:\/\/static.africa-press.net\/niger\/sites\/40\/2021\/09\/img-6144cabf72afa.jpg","contentUrl":"https:\/\/static.africa-press.net\/niger\/sites\/40\/2021\/09\/img-6144cabf72afa.jpg","width":720,"height":352,"caption":"Sommet extraordinaire de la CEDEAO sur la situation politique en Guin\u00e9e, \u00e0 Accra (Ghana) : Le Pr\u00e9sident Mohamed Bazoum y a pris part"},{"@type":"BreadcrumbList","@id":"https:\/\/www.africa-press.net\/niger\/politique\/sommet-extraordinaire-de-la-cedeao-sur-la-situation-politique-en-guinee-a-accra-ghana-le-president-mohamed-bazoum-y-a-pris-part#breadcrumb","itemListElement":[{"@type":"ListItem","position":1,"name":"Accueil","item":"https:\/\/www.africa-press.net\/niger\/"},{"@type":"ListItem","position":2,"name":"Sommet extraordinaire de la CEDEAO sur la situation politique en Guin\u00e9e, \u00e0 Accra (Ghana) : Le Pr\u00e9sident Mohamed Bazoum y a pris part"}]},{"@type":"WebSite","@id":"https:\/\/www.africa-press.net\/niger\/#website","url":"https:\/\/www.africa-press.net\/niger\/","name":"niger","description":"Just another Africa News Agency Sites site","potentialAction":[{"@type":"SearchAction","target":{"@type":"EntryPoint","urlTemplate":"https:\/\/www.africa-press.net\/niger\/?s={search_term_string}"},"query-input":{"@type":"PropertyValueSpecification","valueRequired":true,"valueName":"search_term_string"}}],"inLanguage":"fr-FR"},{"@type":"Person","@id":"https:\/\/www.africa-press.net\/niger\/#\/schema\/person\/2b1cf3cd81a31e3cd26889ca66d677f1","name":"cfeditorfr"}]}},"_links":{"self":[{"href":"https:\/\/www.africa-press.net\/niger\/wp-json\/wp\/v2\/posts\/11984","targetHints":{"allow":["GET"]}}],"collection":[{"href":"https:\/\/www.africa-press.net\/niger\/wp-json\/wp\/v2\/posts"}],"about":[{"href":"https:\/\/www.africa-press.net\/niger\/wp-json\/wp\/v2\/types\/post"}],"author":[{"embeddable":true,"href":"https:\/\/www.africa-press.net\/niger\/wp-json\/wp\/v2\/users\/82"}],"replies":[{"embeddable":true,"href":"https:\/\/www.africa-press.net\/niger\/wp-json\/wp\/v2\/comments?post=11984"}],"version-history":[{"count":0,"href":"https:\/\/www.africa-press.net\/niger\/wp-json\/wp\/v2\/posts\/11984\/revisions"}],"wp:featuredmedia":[{"embeddable":true,"href":"https:\/\/www.africa-press.net\/niger\/wp-json\/wp\/v2\/media\/11983"}],"wp:attachment":[{"href":"https:\/\/www.africa-press.net\/niger\/wp-json\/wp\/v2\/media?parent=11984"}],"wp:term":[{"taxonomy":"category","embeddable":true,"href":"https:\/\/www.africa-press.net\/niger\/wp-json\/wp\/v2\/categories?post=11984"},{"taxonomy":"post_tag","embeddable":true,"href":"https:\/\/www.africa-press.net\/niger\/wp-json\/wp\/v2\/tags?post=11984"}],"curies":[{"name":"wp","href":"https:\/\/api.w.org\/{rel}","templated":true}]}}