{"id":12056,"date":"2021-09-18T14:44:38","date_gmt":"2021-09-18T14:44:38","guid":{"rendered":"https:\/\/www.africa-press.net\/niger\/?p=12056"},"modified":"2021-09-20T13:45:51","modified_gmt":"2021-09-20T13:45:51","slug":"niger-56eme-edition-de-la-cure-salee-fete-des-eleveurs-en-presence-du-president-de-la-republique","status":"publish","type":"post","link":"https:\/\/www.africa-press.net\/niger\/culture-et-art\/niger-56eme-edition-de-la-cure-salee-fete-des-eleveurs-en-presence-du-president-de-la-republique","title":{"rendered":"56\u00e8me \u00e9dition de la Cure Sal\u00e9e (F\u00eate des \u00e9leveurs) en pr\u00e9sence du Pr\u00e9sident de la R\u00e9publique"},"content":{"rendered":"<p><span style=\"color: #ff6600\"><strong><a href=\"https:\/\/www.africa-press.net\/\">Africa-Press<\/a> &#8211; <a href=\"https:\/\/www.africa-press.net\/niger\">Niger<\/a>. <\/strong><\/span>La c\u00e9r\u00e9monie officielle marquant les festivit\u00e9s de la 56\u00e8me \u00e9dition de la f\u00eate des \u00e9leveurs d\u00e9nomm\u00e9e Cure Sal\u00e9e s\u2019est d\u00e9roul\u00e9e ce vendredi 17 septembre 2021 \u00e0 Ingall (Agadez, dans le Nord du Niger), en pr\u00e9sence du Pr\u00e9sident de la R\u00e9publique Mohamed Bazoum.<\/p>\n<p>Cette ann\u00e9e, cette f\u00eate annuelle des \u00e9leveurs est c\u00e9l\u00e9br\u00e9e autour du th\u00e8me : \u00ab\u00a0la cure sal\u00e9e, vecteur de la consolidation de la paix pour une mobilit\u00e9 pastorale durable et un d\u00e9veloppement des cha\u00eenes de valeurs\u00a0\u00bb.<\/p>\n<p>Pour le ministre de l\u2019Elevage Abdoulkadri Tidjani, la pr\u00e9sence remarqu\u00e9e du Pr\u00e9sident de la R\u00e9publique t\u00e9moigne de \u00ab son profond attachement aux valeurs culturelles de notre pays en g\u00e9n\u00e9ral, \u00e0 l\u2019expression symbolique que repr\u00e9sente la Cure sal\u00e9e en particulier, mais davantage son engagement r\u00e9solu \u00e0 soutenir et transformer positivement le sous-secteur de l\u2019\u00e9levage \u00bb.<\/p>\n<p>Creuset de rencontres entre \u00e9leveurs nomades venant de plusieurs r\u00e9gions du pays, de certains pays Maghreb, de l\u2019Afrique de l\u2019ouest et de l\u2019est, \u00ab la Cure sal\u00e9e est le lieu o\u00f9 se croisent et se m\u00e9langent dans la symbiose les repr\u00e9sentants des diff\u00e9rentes communaut\u00e9s pastorales dans un esprit de fraternit\u00e9, de solidarit\u00e9, d\u2019\u00e9changes et de partages mutuels \u00bb a-t-il indiqu\u00e9.<\/p>\n<p>La Cure sal\u00e9e est donc un v\u00e9ritable outil de culture de paix, de renforcement de l\u2019unit\u00e9 nationale et de la coh\u00e9sion sociale dans la sous-r\u00e9gion ouest-africaine et au-del\u00e0 pour tout le continent<\/p>\n<p>La particularit\u00e9 de l\u2019\u00e9levage au Niger, c\u2019est d\u2019abord sa mobilit\u00e9, c\u2019est-\u00e0-dire la mobilit\u00e9 des troupeaux et des \u00e9leveurs \u00e0 la recherche de l\u2019eau et du p\u00e2turage sur toute l\u2019\u00e9tendue du territoire national et m\u00eame au-del\u00e0 de nos fronti\u00e8res dans le cadre de la transhumance transfrontali\u00e8re.<\/p>\n<p>Au Niger, \u00ab l\u2019\u00e9levage emploie plus de 80% de la population et 20% vivent exclusivement des activit\u00e9s pastorales. C\u2019est la composante la plus dynamique de l\u2019\u00e9conomie nationale et porteuse de croissance du secteur primaire avec une contribution des productions animales de plus de 11% \u00e0 la constitution du Produit Int\u00e9rieur Brut (PIB) et 35% du PIB agricole \u00bb. \u00ab Ce qui le place au premier rang des recettes totales d\u2019exportation des produits agro-sylvo-pastoraux. Il constitue la seconde source de recettes d\u2019exportation du Niger apr\u00e8s les industries extractives \u00bb, a ajouter le Ministre Abdoulkadri.<\/p>\n<p>C\u2019est pour cette raison que le gouvernement nig\u00e9rien met en \u0153uvre un certain nombre d\u2019outils strat\u00e9giques dont la Strat\u00e9gie de S\u00e9curit\u00e9 Alimentaire et Nutritionnelle et le D\u00e9veloppement Agricole Durables, la Strat\u00e9gie de d\u00e9veloppement durable de l\u2019\u00e9levage aux fins de booster l\u2019\u00e9levage et amorcer une r\u00e9elle modernisation et une transformation de sa pratique sur toute l\u2019\u00e9tendue du territoire national.<\/p>\n<p>Le ministre de l\u2019Elevage s\u2019est surtout r\u00e9joui de l\u2019adoption par le gouvernement, le 9 septembre 2021, de la Politique Fonci\u00e8re Rurale dont la vision est \u00ab Un Niger o\u00f9, \u00e0 l\u2019horizon 2035, les acteurs ruraux b\u00e9n\u00e9ficient d\u2019un acc\u00e8s \u00e9quitable et s\u00e9curis\u00e9 au foncier, qui contribue \u00e0 cr\u00e9er les conditions favorables au d\u00e9veloppement d\u2019investissements responsables permettant l\u2019atteinte de la s\u00e9curit\u00e9 et de la souverainet\u00e9 alimentaires, le renforcement de la r\u00e9silience des populations et plus largement le d\u00e9veloppement socio-\u00e9conomique durable et harmonieux, garant du maintien de la paix sociale \u00bb.<\/p>\n<p>Le Pr\u00e9sident du Conseil R\u00e9gional d\u2019Agadez Mohamed Annako a r\u00e9affirm\u00e9 au Chef de l\u2019Etat Bazoum Mohamed que \u00ab nous avons tenu toutes nos promesses en ce qui concerne la r\u00e9gion d\u2019Agadez mais surtout la Commune rurale d\u2019Ingall \u00bb.<\/p>\n<p>Il a aussi exhort\u00e9 les partenaires techniques et financiers \u00ab \u00e0 s\u2019int\u00e9resser beaucoup plus au secteur pastoral dans l\u2019\u00e9laboration de leurs projets \u00bb.<\/p>\n<p>Mohamed Annako s\u2019est ensuite adress\u00e9 \u00e0 la population de la r\u00e9gion d\u2019Agadez, l\u2019invitant \u00e0 cultiver la paix et \u00e0 tout faire pour la pr\u00e9server.<\/p>\n<p>Le Pr\u00e9sident de la R\u00e9publique a ensuite assist\u00e9 \u00e0 la c\u00e9r\u00e9monie de la fantasia par les chameliers et les \u00e2ni\u00e8res de la r\u00e9gion, sous les animations culturelles de la r\u00e9gion.<\/p>\n<p>&nbsp;<\/p>\n","protected":false},"excerpt":{"rendered":"<p>Africa-Press &#8211; Niger. La c\u00e9r\u00e9monie officielle marquant les festivit\u00e9s de la 56\u00e8me \u00e9dition de la f\u00eate des \u00e9leveurs d\u00e9nomm\u00e9e Cure Sal\u00e9e s\u2019est d\u00e9roul\u00e9e ce vendredi 17 septembre 2021 \u00e0 Ingall (Agadez, dans le Nord du Niger), en pr\u00e9sence du Pr\u00e9sident de la R\u00e9publique Mohamed Bazoum. Cette ann\u00e9e, cette f\u00eate annuelle des \u00e9leveurs est c\u00e9l\u00e9br\u00e9e autour [&hellip;]<\/p>\n","protected":false},"author":82,"featured_media":12055,"comment_status":"open","ping_status":"closed","sticky":false,"template":"","format":"standard","meta":{"footnotes":""},"categories":[5,11,20,10],"tags":[55,60,29],"class_list":["post-12056","post","type-post","status-publish","format-standard","has-post-thumbnail","hentry","category-culture-et-art","category-homepage-french","category-top-nouvelles","category-toutes-les-actualites","tag-africa-press","tag-africa-press-niger","tag-niger"],"yoast_head":"<!-- This site is optimized with the Yoast SEO Premium plugin v26.1 (Yoast SEO v27.0) - https:\/\/yoast.com\/product\/yoast-seo-premium-wordpress\/ -->\n<title>56\u00e8me \u00e9dition de la Cure Sal\u00e9e (F\u00eate des \u00e9leveurs) en pr\u00e9sence du Pr\u00e9sident de la R\u00e9publique - niger<\/title>\n<meta name=\"description\" content=\", 17 sept (ANP) - La c\u00e9r\u00e9monie officielle marquant les festivit\u00e9s de la 56\u00e8me \u00e9dition de la f\u00eate des \u00e9leveurs d\u00e9nomm\u00e9e C ...\" \/>\n<meta name=\"robots\" content=\"index, follow, max-snippet:-1, max-image-preview:large, max-video-preview:-1\" \/>\n<link rel=\"canonical\" href=\"https:\/\/www.africa-press.net\/niger\/culture-et-art\/niger-56eme-edition-de-la-cure-salee-fete-des-eleveurs-en-presence-du-president-de-la-republique\" \/>\n<meta property=\"og:locale\" content=\"fr_FR\" \/>\n<meta property=\"og:type\" content=\"article\" \/>\n<meta property=\"og:title\" content=\"56\u00e8me \u00e9dition de la Cure Sal\u00e9e (F\u00eate des \u00e9leveurs) en pr\u00e9sence du Pr\u00e9sident de la R\u00e9publique\" \/>\n<meta property=\"og:description\" content=\", 17 sept (ANP) - La c\u00e9r\u00e9monie officielle marquant les festivit\u00e9s de la 56\u00e8me \u00e9dition de la f\u00eate des \u00e9leveurs d\u00e9nomm\u00e9e C ...\" \/>\n<meta property=\"og:url\" content=\"https:\/\/www.africa-press.net\/niger\/culture-et-art\/niger-56eme-edition-de-la-cure-salee-fete-des-eleveurs-en-presence-du-president-de-la-republique\" \/>\n<meta property=\"og:site_name\" content=\"niger\" \/>\n<meta property=\"article:published_time\" content=\"2021-09-18T14:44:38+00:00\" \/>\n<meta property=\"article:modified_time\" content=\"2021-09-20T13:45:51+00:00\" \/>\n<meta property=\"og:image\" content=\"https:\/\/static.africa-press.net\/niger\/sites\/40\/2021\/09\/img-6145f92bc5804.jpg\" \/>\n\t<meta property=\"og:image:width\" content=\"1080\" \/>\n\t<meta property=\"og:image:height\" content=\"720\" \/>\n\t<meta property=\"og:image:type\" content=\"image\/jpeg\" \/>\n<meta name=\"author\" content=\"cfeditorfr\" \/>\n<meta name=\"twitter:card\" content=\"summary_large_image\" \/>\n<meta name=\"twitter:label1\" content=\"\u00c9crit par\" \/>\n\t<meta name=\"twitter:data1\" content=\"cfeditorfr\" \/>\n\t<meta name=\"twitter:label2\" content=\"Dur\u00e9e de lecture estim\u00e9e\" \/>\n\t<meta name=\"twitter:data2\" content=\"3 minutes\" \/>\n<script type=\"application\/ld+json\" class=\"yoast-schema-graph\">{\"@context\":\"https:\/\/schema.org\",\"@graph\":[{\"@type\":\"Article\",\"@id\":\"https:\/\/www.africa-press.net\/niger\/culture-et-art\/niger-56eme-edition-de-la-cure-salee-fete-des-eleveurs-en-presence-du-president-de-la-republique#article\",\"isPartOf\":{\"@id\":\"https:\/\/www.africa-press.net\/niger\/culture-et-art\/niger-56eme-edition-de-la-cure-salee-fete-des-eleveurs-en-presence-du-president-de-la-republique\"},\"author\":{\"name\":\"cfeditorfr\",\"@id\":\"https:\/\/www.africa-press.net\/niger\/#\/schema\/person\/2b1cf3cd81a31e3cd26889ca66d677f1\"},\"headline\":\"56\u00e8me \u00e9dition de la Cure Sal\u00e9e (F\u00eate des \u00e9leveurs) en pr\u00e9sence du Pr\u00e9sident de la R\u00e9publique\",\"datePublished\":\"2021-09-18T14:44:38+00:00\",\"dateModified\":\"2021-09-20T13:45:51+00:00\",\"mainEntityOfPage\":{\"@id\":\"https:\/\/www.africa-press.net\/niger\/culture-et-art\/niger-56eme-edition-de-la-cure-salee-fete-des-eleveurs-en-presence-du-president-de-la-republique\"},\"wordCount\":735,\"commentCount\":0,\"image\":{\"@id\":\"https:\/\/www.africa-press.net\/niger\/culture-et-art\/niger-56eme-edition-de-la-cure-salee-fete-des-eleveurs-en-presence-du-president-de-la-republique#primaryimage\"},\"thumbnailUrl\":\"https:\/\/static.africa-press.net\/niger\/sites\/40\/2021\/09\/img-6145f92bc5804.jpg\",\"keywords\":[\"Africa Press\",\"Africa Press-Niger\",\"Niger\"],\"articleSection\":[\"Culture et Art\",\"homepage-french\",\"Top Nouvelles\",\"Toutes les actualit\u00e9s\"],\"inLanguage\":\"fr-FR\",\"potentialAction\":[{\"@type\":\"CommentAction\",\"name\":\"Comment\",\"target\":[\"https:\/\/www.africa-press.net\/niger\/culture-et-art\/niger-56eme-edition-de-la-cure-salee-fete-des-eleveurs-en-presence-du-president-de-la-republique#respond\"]}]},{\"@type\":\"WebPage\",\"@id\":\"https:\/\/www.africa-press.net\/niger\/culture-et-art\/niger-56eme-edition-de-la-cure-salee-fete-des-eleveurs-en-presence-du-president-de-la-republique\",\"url\":\"https:\/\/www.africa-press.net\/niger\/culture-et-art\/niger-56eme-edition-de-la-cure-salee-fete-des-eleveurs-en-presence-du-president-de-la-republique\",\"name\":\"56\u00e8me \u00e9dition de la Cure Sal\u00e9e (F\u00eate des \u00e9leveurs) en pr\u00e9sence du Pr\u00e9sident de la R\u00e9publique - niger\",\"isPartOf\":{\"@id\":\"https:\/\/www.africa-press.net\/niger\/#website\"},\"primaryImageOfPage\":{\"@id\":\"https:\/\/www.africa-press.net\/niger\/culture-et-art\/niger-56eme-edition-de-la-cure-salee-fete-des-eleveurs-en-presence-du-president-de-la-republique#primaryimage\"},\"image\":{\"@id\":\"https:\/\/www.africa-press.net\/niger\/culture-et-art\/niger-56eme-edition-de-la-cure-salee-fete-des-eleveurs-en-presence-du-president-de-la-republique#primaryimage\"},\"thumbnailUrl\":\"https:\/\/static.africa-press.net\/niger\/sites\/40\/2021\/09\/img-6145f92bc5804.jpg\",\"datePublished\":\"2021-09-18T14:44:38+00:00\",\"dateModified\":\"2021-09-20T13:45:51+00:00\",\"author\":{\"@id\":\"https:\/\/www.africa-press.net\/niger\/#\/schema\/person\/2b1cf3cd81a31e3cd26889ca66d677f1\"},\"description\":\", 17 sept (ANP) - La c\u00e9r\u00e9monie officielle marquant les festivit\u00e9s de la 56\u00e8me \u00e9dition de la f\u00eate des \u00e9leveurs d\u00e9nomm\u00e9e C ...\",\"breadcrumb\":{\"@id\":\"https:\/\/www.africa-press.net\/niger\/culture-et-art\/niger-56eme-edition-de-la-cure-salee-fete-des-eleveurs-en-presence-du-president-de-la-republique#breadcrumb\"},\"inLanguage\":\"fr-FR\",\"potentialAction\":[{\"@type\":\"ReadAction\",\"target\":[\"https:\/\/www.africa-press.net\/niger\/culture-et-art\/niger-56eme-edition-de-la-cure-salee-fete-des-eleveurs-en-presence-du-president-de-la-republique\"]}]},{\"@type\":\"ImageObject\",\"inLanguage\":\"fr-FR\",\"@id\":\"https:\/\/www.africa-press.net\/niger\/culture-et-art\/niger-56eme-edition-de-la-cure-salee-fete-des-eleveurs-en-presence-du-president-de-la-republique#primaryimage\",\"url\":\"https:\/\/static.africa-press.net\/niger\/sites\/40\/2021\/09\/img-6145f92bc5804.jpg\",\"contentUrl\":\"https:\/\/static.africa-press.net\/niger\/sites\/40\/2021\/09\/img-6145f92bc5804.jpg\",\"width\":1080,\"height\":720,\"caption\":\"Niger : 56\u00e8me \u00e9dition de la Cure Sal\u00e9e (F\u00eate des \u00e9leveurs) en pr\u00e9sence du Pr\u00e9sident de la R\u00e9publique\"},{\"@type\":\"BreadcrumbList\",\"@id\":\"https:\/\/www.africa-press.net\/niger\/culture-et-art\/niger-56eme-edition-de-la-cure-salee-fete-des-eleveurs-en-presence-du-president-de-la-republique#breadcrumb\",\"itemListElement\":[{\"@type\":\"ListItem\",\"position\":1,\"name\":\"Accueil\",\"item\":\"https:\/\/www.africa-press.net\/niger\/\"},{\"@type\":\"ListItem\",\"position\":2,\"name\":\"56\u00e8me \u00e9dition de la Cure Sal\u00e9e (F\u00eate des \u00e9leveurs) en pr\u00e9sence du Pr\u00e9sident de la R\u00e9publique\"}]},{\"@type\":\"WebSite\",\"@id\":\"https:\/\/www.africa-press.net\/niger\/#website\",\"url\":\"https:\/\/www.africa-press.net\/niger\/\",\"name\":\"niger\",\"description\":\"Just another Africa News Agency Sites site\",\"potentialAction\":[{\"@type\":\"SearchAction\",\"target\":{\"@type\":\"EntryPoint\",\"urlTemplate\":\"https:\/\/www.africa-press.net\/niger\/?s={search_term_string}\"},\"query-input\":{\"@type\":\"PropertyValueSpecification\",\"valueRequired\":true,\"valueName\":\"search_term_string\"}}],\"inLanguage\":\"fr-FR\"},{\"@type\":\"Person\",\"@id\":\"https:\/\/www.africa-press.net\/niger\/#\/schema\/person\/2b1cf3cd81a31e3cd26889ca66d677f1\",\"name\":\"cfeditorfr\"}]}<\/script>\n<!-- \/ Yoast SEO Premium plugin. -->","yoast_head_json":{"title":"56\u00e8me \u00e9dition de la Cure Sal\u00e9e (F\u00eate des \u00e9leveurs) en pr\u00e9sence du Pr\u00e9sident de la R\u00e9publique - niger","description":", 17 sept (ANP) - La c\u00e9r\u00e9monie officielle marquant les festivit\u00e9s de la 56\u00e8me \u00e9dition de la f\u00eate des \u00e9leveurs d\u00e9nomm\u00e9e C ...","robots":{"index":"index","follow":"follow","max-snippet":"max-snippet:-1","max-image-preview":"max-image-preview:large","max-video-preview":"max-video-preview:-1"},"canonical":"https:\/\/www.africa-press.net\/niger\/culture-et-art\/niger-56eme-edition-de-la-cure-salee-fete-des-eleveurs-en-presence-du-president-de-la-republique","og_locale":"fr_FR","og_type":"article","og_title":"56\u00e8me \u00e9dition de la Cure Sal\u00e9e (F\u00eate des \u00e9leveurs) en pr\u00e9sence du Pr\u00e9sident de la R\u00e9publique","og_description":", 17 sept (ANP) - La c\u00e9r\u00e9monie officielle marquant les festivit\u00e9s de la 56\u00e8me \u00e9dition de la f\u00eate des \u00e9leveurs d\u00e9nomm\u00e9e C ...","og_url":"https:\/\/www.africa-press.net\/niger\/culture-et-art\/niger-56eme-edition-de-la-cure-salee-fete-des-eleveurs-en-presence-du-president-de-la-republique","og_site_name":"niger","article_published_time":"2021-09-18T14:44:38+00:00","article_modified_time":"2021-09-20T13:45:51+00:00","og_image":[{"width":1080,"height":720,"url":"https:\/\/static.africa-press.net\/niger\/sites\/40\/2021\/09\/img-6145f92bc5804.jpg","type":"image\/jpeg"}],"author":"cfeditorfr","twitter_card":"summary_large_image","twitter_misc":{"\u00c9crit par":"cfeditorfr","Dur\u00e9e de lecture estim\u00e9e":"3 minutes"},"schema":{"@context":"https:\/\/schema.org","@graph":[{"@type":"Article","@id":"https:\/\/www.africa-press.net\/niger\/culture-et-art\/niger-56eme-edition-de-la-cure-salee-fete-des-eleveurs-en-presence-du-president-de-la-republique#article","isPartOf":{"@id":"https:\/\/www.africa-press.net\/niger\/culture-et-art\/niger-56eme-edition-de-la-cure-salee-fete-des-eleveurs-en-presence-du-president-de-la-republique"},"author":{"name":"cfeditorfr","@id":"https:\/\/www.africa-press.net\/niger\/#\/schema\/person\/2b1cf3cd81a31e3cd26889ca66d677f1"},"headline":"56\u00e8me \u00e9dition de la Cure Sal\u00e9e (F\u00eate des \u00e9leveurs) en pr\u00e9sence du Pr\u00e9sident de la R\u00e9publique","datePublished":"2021-09-18T14:44:38+00:00","dateModified":"2021-09-20T13:45:51+00:00","mainEntityOfPage":{"@id":"https:\/\/www.africa-press.net\/niger\/culture-et-art\/niger-56eme-edition-de-la-cure-salee-fete-des-eleveurs-en-presence-du-president-de-la-republique"},"wordCount":735,"commentCount":0,"image":{"@id":"https:\/\/www.africa-press.net\/niger\/culture-et-art\/niger-56eme-edition-de-la-cure-salee-fete-des-eleveurs-en-presence-du-president-de-la-republique#primaryimage"},"thumbnailUrl":"https:\/\/static.africa-press.net\/niger\/sites\/40\/2021\/09\/img-6145f92bc5804.jpg","keywords":["Africa Press","Africa Press-Niger","Niger"],"articleSection":["Culture et Art","homepage-french","Top Nouvelles","Toutes les actualit\u00e9s"],"inLanguage":"fr-FR","potentialAction":[{"@type":"CommentAction","name":"Comment","target":["https:\/\/www.africa-press.net\/niger\/culture-et-art\/niger-56eme-edition-de-la-cure-salee-fete-des-eleveurs-en-presence-du-president-de-la-republique#respond"]}]},{"@type":"WebPage","@id":"https:\/\/www.africa-press.net\/niger\/culture-et-art\/niger-56eme-edition-de-la-cure-salee-fete-des-eleveurs-en-presence-du-president-de-la-republique","url":"https:\/\/www.africa-press.net\/niger\/culture-et-art\/niger-56eme-edition-de-la-cure-salee-fete-des-eleveurs-en-presence-du-president-de-la-republique","name":"56\u00e8me \u00e9dition de la Cure Sal\u00e9e (F\u00eate des \u00e9leveurs) en pr\u00e9sence du Pr\u00e9sident de la R\u00e9publique - niger","isPartOf":{"@id":"https:\/\/www.africa-press.net\/niger\/#website"},"primaryImageOfPage":{"@id":"https:\/\/www.africa-press.net\/niger\/culture-et-art\/niger-56eme-edition-de-la-cure-salee-fete-des-eleveurs-en-presence-du-president-de-la-republique#primaryimage"},"image":{"@id":"https:\/\/www.africa-press.net\/niger\/culture-et-art\/niger-56eme-edition-de-la-cure-salee-fete-des-eleveurs-en-presence-du-president-de-la-republique#primaryimage"},"thumbnailUrl":"https:\/\/static.africa-press.net\/niger\/sites\/40\/2021\/09\/img-6145f92bc5804.jpg","datePublished":"2021-09-18T14:44:38+00:00","dateModified":"2021-09-20T13:45:51+00:00","author":{"@id":"https:\/\/www.africa-press.net\/niger\/#\/schema\/person\/2b1cf3cd81a31e3cd26889ca66d677f1"},"description":", 17 sept (ANP) - La c\u00e9r\u00e9monie officielle marquant les festivit\u00e9s de la 56\u00e8me \u00e9dition de la f\u00eate des \u00e9leveurs d\u00e9nomm\u00e9e C ...","breadcrumb":{"@id":"https:\/\/www.africa-press.net\/niger\/culture-et-art\/niger-56eme-edition-de-la-cure-salee-fete-des-eleveurs-en-presence-du-president-de-la-republique#breadcrumb"},"inLanguage":"fr-FR","potentialAction":[{"@type":"ReadAction","target":["https:\/\/www.africa-press.net\/niger\/culture-et-art\/niger-56eme-edition-de-la-cure-salee-fete-des-eleveurs-en-presence-du-president-de-la-republique"]}]},{"@type":"ImageObject","inLanguage":"fr-FR","@id":"https:\/\/www.africa-press.net\/niger\/culture-et-art\/niger-56eme-edition-de-la-cure-salee-fete-des-eleveurs-en-presence-du-president-de-la-republique#primaryimage","url":"https:\/\/static.africa-press.net\/niger\/sites\/40\/2021\/09\/img-6145f92bc5804.jpg","contentUrl":"https:\/\/static.africa-press.net\/niger\/sites\/40\/2021\/09\/img-6145f92bc5804.jpg","width":1080,"height":720,"caption":"Niger : 56\u00e8me \u00e9dition de la Cure Sal\u00e9e (F\u00eate des \u00e9leveurs) en pr\u00e9sence du Pr\u00e9sident de la R\u00e9publique"},{"@type":"BreadcrumbList","@id":"https:\/\/www.africa-press.net\/niger\/culture-et-art\/niger-56eme-edition-de-la-cure-salee-fete-des-eleveurs-en-presence-du-president-de-la-republique#breadcrumb","itemListElement":[{"@type":"ListItem","position":1,"name":"Accueil","item":"https:\/\/www.africa-press.net\/niger\/"},{"@type":"ListItem","position":2,"name":"56\u00e8me \u00e9dition de la Cure Sal\u00e9e (F\u00eate des \u00e9leveurs) en pr\u00e9sence du Pr\u00e9sident de la R\u00e9publique"}]},{"@type":"WebSite","@id":"https:\/\/www.africa-press.net\/niger\/#website","url":"https:\/\/www.africa-press.net\/niger\/","name":"niger","description":"Just another Africa News Agency Sites site","potentialAction":[{"@type":"SearchAction","target":{"@type":"EntryPoint","urlTemplate":"https:\/\/www.africa-press.net\/niger\/?s={search_term_string}"},"query-input":{"@type":"PropertyValueSpecification","valueRequired":true,"valueName":"search_term_string"}}],"inLanguage":"fr-FR"},{"@type":"Person","@id":"https:\/\/www.africa-press.net\/niger\/#\/schema\/person\/2b1cf3cd81a31e3cd26889ca66d677f1","name":"cfeditorfr"}]}},"_links":{"self":[{"href":"https:\/\/www.africa-press.net\/niger\/wp-json\/wp\/v2\/posts\/12056","targetHints":{"allow":["GET"]}}],"collection":[{"href":"https:\/\/www.africa-press.net\/niger\/wp-json\/wp\/v2\/posts"}],"about":[{"href":"https:\/\/www.africa-press.net\/niger\/wp-json\/wp\/v2\/types\/post"}],"author":[{"embeddable":true,"href":"https:\/\/www.africa-press.net\/niger\/wp-json\/wp\/v2\/users\/82"}],"replies":[{"embeddable":true,"href":"https:\/\/www.africa-press.net\/niger\/wp-json\/wp\/v2\/comments?post=12056"}],"version-history":[{"count":0,"href":"https:\/\/www.africa-press.net\/niger\/wp-json\/wp\/v2\/posts\/12056\/revisions"}],"wp:featuredmedia":[{"embeddable":true,"href":"https:\/\/www.africa-press.net\/niger\/wp-json\/wp\/v2\/media\/12055"}],"wp:attachment":[{"href":"https:\/\/www.africa-press.net\/niger\/wp-json\/wp\/v2\/media?parent=12056"}],"wp:term":[{"taxonomy":"category","embeddable":true,"href":"https:\/\/www.africa-press.net\/niger\/wp-json\/wp\/v2\/categories?post=12056"},{"taxonomy":"post_tag","embeddable":true,"href":"https:\/\/www.africa-press.net\/niger\/wp-json\/wp\/v2\/tags?post=12056"}],"curies":[{"name":"wp","href":"https:\/\/api.w.org\/{rel}","templated":true}]}}