{"id":12059,"date":"2021-09-18T14:55:27","date_gmt":"2021-09-18T14:55:27","guid":{"rendered":"https:\/\/www.africa-press.net\/niger\/?p=12059"},"modified":"2021-09-20T13:45:59","modified_gmt":"2021-09-20T13:45:59","slug":"a-la-cure-salee-nous-celebrons-lhistoire-et-le-patrimoine-culturels-riches-et-diversifies-du-niger-ambassadeur-des-etats-unis","status":"publish","type":"post","link":"https:\/\/www.africa-press.net\/niger\/culture-et-art\/a-la-cure-salee-nous-celebrons-lhistoire-et-le-patrimoine-culturels-riches-et-diversifies-du-niger-ambassadeur-des-etats-unis","title":{"rendered":"A la cure sal\u00e9e, nous c\u00e9l\u00e9brons l\u2019histoire et le patrimoine culturels riches et diversifi\u00e9s du Niger\u00a0\u00bb (Ambassadeur des Etats Unis)"},"content":{"rendered":"<p><span style=\"color: #ff6600\"><strong><a href=\"https:\/\/www.africa-press.net\/\">Africa-Press<\/a> &#8211; <a href=\"https:\/\/www.africa-press.net\/niger\">Niger<\/a>.\u00a0 <\/strong><\/span>\u00a0En marge de la c\u00e9l\u00e9bration de l\u2019Edition 2021 de la Cure sal\u00e9e, la f\u00eate annuelle des \u00e9leveurs nig\u00e9riens, qui se tient \u00e0 Ingall, l\u2019Ambassadeur des Etats Unis au Niger, M. Eric Whitaker, a anim\u00e9 un point de presse le vendredi 17 septembre.<\/p>\n<p>\u00ab\u00a0A la cure sal\u00e9e, nous c\u00e9l\u00e9brons l\u2019histoire et le patrimoine culturels riches et diversifi\u00e9s du Niger\u00a0\u00bb, a d\u00e9clar\u00e9 le diplomate am\u00e9ricain, qui a \u00e9galement donn\u00e9 son appr\u00e9ciation sur la mort du terroriste Adnan Abou Walid.<\/p>\n<p>Il a d\u2019abord rappel\u00e9 que le gouvernement am\u00e9ricain a mis un prix intitul\u00e9 \u2018\u2019Reward for justice\u2019\u2019, avant d\u2019indiquer que \u00ab c\u2019est une bonne chose pour les pays du Sahel, ainsi que les victimes du terrorisme \u00bb.<\/p>\n<p>Cette mort \u00ab va beaucoup affaiblir les trois probl\u00e8mes de la r\u00e9gion du Liptako Gourma \u00e0 savoir le terrorisme, la criminalit\u00e9 transfrontali\u00e8re et les trafics, qui sont une menace pour le Niger \u00bb, a-t-il ajout\u00e9.<\/p>\n<p>Ces choses continuent malheureusement mais le Niger continue \u00e0 \u00eatre exempt de tout cela, a laiss\u00e9 entendre le diplomate am\u00e9ricain.<\/p>\n<p>Sur le plan de la Coop\u00e9ration, il a d\u00e9clar\u00e9 avoir rencontr\u00e9 les autorit\u00e9s administratives et coutumi\u00e8res de la r\u00e9gion d\u2019Agadez \u00ab pour leur rappeler l\u2019engagement durable des Etats Unis envers le Niger et son peuple, dont nous travaillons sans rel\u00e2che pour faire avancer des objectifs communs dans tout le Niger \u00bb.<\/p>\n<p>\u00ab Je discute toujours de notre approche 4D au Niger qui comprend la Diplomatie, la D\u00e9mocratie, le D\u00e9veloppement et la D\u00e9fense, nous les int\u00e9grons pour atteindre nos objectifs communs de stabilit\u00e9, de prosp\u00e9rit\u00e9 et de bonne gouvernance \u00bb, a-t-il dit.<\/p>\n<p>\u00ab Nous pensons que les Etats Unis peuvent \u00e9changer des pens\u00e9es, des id\u00e9es, des croyances et des personnes avec d\u2019autres pays, le monde sera plus s\u00fbr \u00bb.<\/p>\n<p>\u2018\u2019American Corner\u2019\u2019 d\u2019Agadez, ouvert en f\u00e9vrier 2006, sert d\u2019extension au Centre Culturel Am\u00e9ricain de Niamey, pour fournir aux habitants d\u2019Agadez des informations et des ressources sur la culture, le gouvernement et l\u2019histoire am\u00e9ricains ainsi que l\u2019apprentissage de l\u2019anglais am\u00e9ricain et des informations sur la fa\u00e7on d\u2019\u00e9tudier aux Etats Unis.<\/p>\n<p>L\u2019ambassade a fait un don \u00e0 l\u2019American Corner compos\u00e9 de 400 livres en fran\u00e7ais et anglais, le don comprend \u00e9galement des \u00e9quipements tels que des ordinateurs, une imprimante, des onduleurs, un projecteur et un syst\u00e8me de microphone<\/p>\n<p>Le weekend \u00e0 venir, \u00e0 American Corner, les Etats Unis lanceront un salon de l\u2019entrepreneuriat f\u00e9minin sur l\u2019autonomisation des femmes propri\u00e9taires d\u2019entreprises, \u00ab qui est une \u00e9tape importante pour renforcer la stabilit\u00e9 et le d\u00e9veloppement \u00e9conomique \u00bb, a-t-il enfin annonc\u00e9.<\/p>\n<p>&nbsp;<\/p>\n","protected":false},"excerpt":{"rendered":"<p>Africa-Press &#8211; Niger.\u00a0 \u00a0En marge de la c\u00e9l\u00e9bration de l\u2019Edition 2021 de la Cure sal\u00e9e, la f\u00eate annuelle des \u00e9leveurs nig\u00e9riens, qui se tient \u00e0 Ingall, l\u2019Ambassadeur des Etats Unis au Niger, M. Eric Whitaker, a anim\u00e9 un point de presse le vendredi 17 septembre. \u00ab\u00a0A la cure sal\u00e9e, nous c\u00e9l\u00e9brons l\u2019histoire et le patrimoine [&hellip;]<\/p>\n","protected":false},"author":82,"featured_media":12058,"comment_status":"open","ping_status":"closed","sticky":false,"template":"","format":"standard","meta":{"footnotes":""},"categories":[5,11,20,10],"tags":[55,60,29],"class_list":["post-12059","post","type-post","status-publish","format-standard","has-post-thumbnail","hentry","category-culture-et-art","category-homepage-french","category-top-nouvelles","category-toutes-les-actualites","tag-africa-press","tag-africa-press-niger","tag-niger"],"yoast_head":"<!-- This site is optimized with the Yoast SEO Premium plugin v26.1 (Yoast SEO v27.0) - https:\/\/yoast.com\/product\/yoast-seo-premium-wordpress\/ -->\n<title>A la cure sal\u00e9e, nous c\u00e9l\u00e9brons l\u2019histoire et le patrimoine culturels riches et diversifi\u00e9s du Niger&quot; (Ambassadeur des Etats Unis) - niger<\/title>\n<meta name=\"description\" content=\", 17 sept (ANP) \u2013 En marge de la c\u00e9l\u00e9bration de l\u2019Edition 2021 de la Cure sal\u00e9e, la f\u00eate annuelle des \u00e9leveurs nig\u00e9riens ...\" \/>\n<meta name=\"robots\" content=\"index, follow, max-snippet:-1, max-image-preview:large, max-video-preview:-1\" \/>\n<link rel=\"canonical\" href=\"https:\/\/www.africa-press.net\/niger\/culture-et-art\/a-la-cure-salee-nous-celebrons-lhistoire-et-le-patrimoine-culturels-riches-et-diversifies-du-niger-ambassadeur-des-etats-unis\" \/>\n<meta property=\"og:locale\" content=\"fr_FR\" \/>\n<meta property=\"og:type\" content=\"article\" \/>\n<meta property=\"og:title\" content=\"A la cure sal\u00e9e, nous c\u00e9l\u00e9brons l\u2019histoire et le patrimoine culturels riches et diversifi\u00e9s du Niger&quot; (Ambassadeur des Etats Unis)\" \/>\n<meta property=\"og:description\" content=\", 17 sept (ANP) \u2013 En marge de la c\u00e9l\u00e9bration de l\u2019Edition 2021 de la Cure sal\u00e9e, la f\u00eate annuelle des \u00e9leveurs nig\u00e9riens ...\" \/>\n<meta property=\"og:url\" content=\"https:\/\/www.africa-press.net\/niger\/culture-et-art\/a-la-cure-salee-nous-celebrons-lhistoire-et-le-patrimoine-culturels-riches-et-diversifies-du-niger-ambassadeur-des-etats-unis\" \/>\n<meta property=\"og:site_name\" content=\"niger\" \/>\n<meta property=\"article:published_time\" content=\"2021-09-18T14:55:27+00:00\" \/>\n<meta property=\"article:modified_time\" content=\"2021-09-20T13:45:59+00:00\" \/>\n<meta property=\"og:image\" content=\"https:\/\/static.africa-press.net\/niger\/sites\/40\/2021\/09\/img-6145f95802d7d.jpg\" \/>\n\t<meta property=\"og:image:width\" content=\"1080\" \/>\n\t<meta property=\"og:image:height\" content=\"720\" \/>\n\t<meta property=\"og:image:type\" content=\"image\/jpeg\" \/>\n<meta name=\"author\" content=\"cfeditorfr\" \/>\n<meta name=\"twitter:card\" content=\"summary_large_image\" \/>\n<meta name=\"twitter:label1\" content=\"\u00c9crit par\" \/>\n\t<meta name=\"twitter:data1\" content=\"cfeditorfr\" \/>\n\t<meta name=\"twitter:label2\" content=\"Dur\u00e9e de lecture estim\u00e9e\" \/>\n\t<meta name=\"twitter:data2\" content=\"2 minutes\" \/>\n<script type=\"application\/ld+json\" class=\"yoast-schema-graph\">{\"@context\":\"https:\/\/schema.org\",\"@graph\":[{\"@type\":\"Article\",\"@id\":\"https:\/\/www.africa-press.net\/niger\/culture-et-art\/a-la-cure-salee-nous-celebrons-lhistoire-et-le-patrimoine-culturels-riches-et-diversifies-du-niger-ambassadeur-des-etats-unis#article\",\"isPartOf\":{\"@id\":\"https:\/\/www.africa-press.net\/niger\/culture-et-art\/a-la-cure-salee-nous-celebrons-lhistoire-et-le-patrimoine-culturels-riches-et-diversifies-du-niger-ambassadeur-des-etats-unis\"},\"author\":{\"name\":\"cfeditorfr\",\"@id\":\"https:\/\/www.africa-press.net\/niger\/#\/schema\/person\/2b1cf3cd81a31e3cd26889ca66d677f1\"},\"headline\":\"A la cure sal\u00e9e, nous c\u00e9l\u00e9brons l\u2019histoire et le patrimoine culturels riches et diversifi\u00e9s du Niger\u00a0\u00bb (Ambassadeur des Etats Unis)\",\"datePublished\":\"2021-09-18T14:55:27+00:00\",\"dateModified\":\"2021-09-20T13:45:59+00:00\",\"mainEntityOfPage\":{\"@id\":\"https:\/\/www.africa-press.net\/niger\/culture-et-art\/a-la-cure-salee-nous-celebrons-lhistoire-et-le-patrimoine-culturels-riches-et-diversifies-du-niger-ambassadeur-des-etats-unis\"},\"wordCount\":481,\"commentCount\":0,\"image\":{\"@id\":\"https:\/\/www.africa-press.net\/niger\/culture-et-art\/a-la-cure-salee-nous-celebrons-lhistoire-et-le-patrimoine-culturels-riches-et-diversifies-du-niger-ambassadeur-des-etats-unis#primaryimage\"},\"thumbnailUrl\":\"https:\/\/static.africa-press.net\/niger\/sites\/40\/2021\/09\/img-6145f95802d7d.jpg\",\"keywords\":[\"Africa Press\",\"Africa Press-Niger\",\"Niger\"],\"articleSection\":[\"Culture et Art\",\"homepage-french\",\"Top Nouvelles\",\"Toutes les actualit\u00e9s\"],\"inLanguage\":\"fr-FR\",\"potentialAction\":[{\"@type\":\"CommentAction\",\"name\":\"Comment\",\"target\":[\"https:\/\/www.africa-press.net\/niger\/culture-et-art\/a-la-cure-salee-nous-celebrons-lhistoire-et-le-patrimoine-culturels-riches-et-diversifies-du-niger-ambassadeur-des-etats-unis#respond\"]}]},{\"@type\":\"WebPage\",\"@id\":\"https:\/\/www.africa-press.net\/niger\/culture-et-art\/a-la-cure-salee-nous-celebrons-lhistoire-et-le-patrimoine-culturels-riches-et-diversifies-du-niger-ambassadeur-des-etats-unis\",\"url\":\"https:\/\/www.africa-press.net\/niger\/culture-et-art\/a-la-cure-salee-nous-celebrons-lhistoire-et-le-patrimoine-culturels-riches-et-diversifies-du-niger-ambassadeur-des-etats-unis\",\"name\":\"A la cure sal\u00e9e, nous c\u00e9l\u00e9brons l\u2019histoire et le patrimoine culturels riches et diversifi\u00e9s du Niger\\\" (Ambassadeur des Etats Unis) - niger\",\"isPartOf\":{\"@id\":\"https:\/\/www.africa-press.net\/niger\/#website\"},\"primaryImageOfPage\":{\"@id\":\"https:\/\/www.africa-press.net\/niger\/culture-et-art\/a-la-cure-salee-nous-celebrons-lhistoire-et-le-patrimoine-culturels-riches-et-diversifies-du-niger-ambassadeur-des-etats-unis#primaryimage\"},\"image\":{\"@id\":\"https:\/\/www.africa-press.net\/niger\/culture-et-art\/a-la-cure-salee-nous-celebrons-lhistoire-et-le-patrimoine-culturels-riches-et-diversifies-du-niger-ambassadeur-des-etats-unis#primaryimage\"},\"thumbnailUrl\":\"https:\/\/static.africa-press.net\/niger\/sites\/40\/2021\/09\/img-6145f95802d7d.jpg\",\"datePublished\":\"2021-09-18T14:55:27+00:00\",\"dateModified\":\"2021-09-20T13:45:59+00:00\",\"author\":{\"@id\":\"https:\/\/www.africa-press.net\/niger\/#\/schema\/person\/2b1cf3cd81a31e3cd26889ca66d677f1\"},\"description\":\", 17 sept (ANP) \u2013 En marge de la c\u00e9l\u00e9bration de l\u2019Edition 2021 de la Cure sal\u00e9e, la f\u00eate annuelle des \u00e9leveurs nig\u00e9riens ...\",\"breadcrumb\":{\"@id\":\"https:\/\/www.africa-press.net\/niger\/culture-et-art\/a-la-cure-salee-nous-celebrons-lhistoire-et-le-patrimoine-culturels-riches-et-diversifies-du-niger-ambassadeur-des-etats-unis#breadcrumb\"},\"inLanguage\":\"fr-FR\",\"potentialAction\":[{\"@type\":\"ReadAction\",\"target\":[\"https:\/\/www.africa-press.net\/niger\/culture-et-art\/a-la-cure-salee-nous-celebrons-lhistoire-et-le-patrimoine-culturels-riches-et-diversifies-du-niger-ambassadeur-des-etats-unis\"]}]},{\"@type\":\"ImageObject\",\"inLanguage\":\"fr-FR\",\"@id\":\"https:\/\/www.africa-press.net\/niger\/culture-et-art\/a-la-cure-salee-nous-celebrons-lhistoire-et-le-patrimoine-culturels-riches-et-diversifies-du-niger-ambassadeur-des-etats-unis#primaryimage\",\"url\":\"https:\/\/static.africa-press.net\/niger\/sites\/40\/2021\/09\/img-6145f95802d7d.jpg\",\"contentUrl\":\"https:\/\/static.africa-press.net\/niger\/sites\/40\/2021\/09\/img-6145f95802d7d.jpg\",\"width\":1080,\"height\":720,\"caption\":\"A la cure sal\u00e9e, nous c\u00e9l\u00e9brons l\u2019histoire et le patrimoine culturels riches et diversifi\u00e9s du Niger\\\" (Ambassadeur des Etats Unis)\"},{\"@type\":\"BreadcrumbList\",\"@id\":\"https:\/\/www.africa-press.net\/niger\/culture-et-art\/a-la-cure-salee-nous-celebrons-lhistoire-et-le-patrimoine-culturels-riches-et-diversifies-du-niger-ambassadeur-des-etats-unis#breadcrumb\",\"itemListElement\":[{\"@type\":\"ListItem\",\"position\":1,\"name\":\"Accueil\",\"item\":\"https:\/\/www.africa-press.net\/niger\/\"},{\"@type\":\"ListItem\",\"position\":2,\"name\":\"A la cure sal\u00e9e, nous c\u00e9l\u00e9brons l\u2019histoire et le patrimoine culturels riches et diversifi\u00e9s du Niger&#8221; (Ambassadeur des Etats Unis)\"}]},{\"@type\":\"WebSite\",\"@id\":\"https:\/\/www.africa-press.net\/niger\/#website\",\"url\":\"https:\/\/www.africa-press.net\/niger\/\",\"name\":\"niger\",\"description\":\"Just another Africa News Agency Sites site\",\"potentialAction\":[{\"@type\":\"SearchAction\",\"target\":{\"@type\":\"EntryPoint\",\"urlTemplate\":\"https:\/\/www.africa-press.net\/niger\/?s={search_term_string}\"},\"query-input\":{\"@type\":\"PropertyValueSpecification\",\"valueRequired\":true,\"valueName\":\"search_term_string\"}}],\"inLanguage\":\"fr-FR\"},{\"@type\":\"Person\",\"@id\":\"https:\/\/www.africa-press.net\/niger\/#\/schema\/person\/2b1cf3cd81a31e3cd26889ca66d677f1\",\"name\":\"cfeditorfr\"}]}<\/script>\n<!-- \/ Yoast SEO Premium plugin. -->","yoast_head_json":{"title":"A la cure sal\u00e9e, nous c\u00e9l\u00e9brons l\u2019histoire et le patrimoine culturels riches et diversifi\u00e9s du Niger\" (Ambassadeur des Etats Unis) - niger","description":", 17 sept (ANP) \u2013 En marge de la c\u00e9l\u00e9bration de l\u2019Edition 2021 de la Cure sal\u00e9e, la f\u00eate annuelle des \u00e9leveurs nig\u00e9riens ...","robots":{"index":"index","follow":"follow","max-snippet":"max-snippet:-1","max-image-preview":"max-image-preview:large","max-video-preview":"max-video-preview:-1"},"canonical":"https:\/\/www.africa-press.net\/niger\/culture-et-art\/a-la-cure-salee-nous-celebrons-lhistoire-et-le-patrimoine-culturels-riches-et-diversifies-du-niger-ambassadeur-des-etats-unis","og_locale":"fr_FR","og_type":"article","og_title":"A la cure sal\u00e9e, nous c\u00e9l\u00e9brons l\u2019histoire et le patrimoine culturels riches et diversifi\u00e9s du Niger\" (Ambassadeur des Etats Unis)","og_description":", 17 sept (ANP) \u2013 En marge de la c\u00e9l\u00e9bration de l\u2019Edition 2021 de la Cure sal\u00e9e, la f\u00eate annuelle des \u00e9leveurs nig\u00e9riens ...","og_url":"https:\/\/www.africa-press.net\/niger\/culture-et-art\/a-la-cure-salee-nous-celebrons-lhistoire-et-le-patrimoine-culturels-riches-et-diversifies-du-niger-ambassadeur-des-etats-unis","og_site_name":"niger","article_published_time":"2021-09-18T14:55:27+00:00","article_modified_time":"2021-09-20T13:45:59+00:00","og_image":[{"width":1080,"height":720,"url":"https:\/\/static.africa-press.net\/niger\/sites\/40\/2021\/09\/img-6145f95802d7d.jpg","type":"image\/jpeg"}],"author":"cfeditorfr","twitter_card":"summary_large_image","twitter_misc":{"\u00c9crit par":"cfeditorfr","Dur\u00e9e de lecture estim\u00e9e":"2 minutes"},"schema":{"@context":"https:\/\/schema.org","@graph":[{"@type":"Article","@id":"https:\/\/www.africa-press.net\/niger\/culture-et-art\/a-la-cure-salee-nous-celebrons-lhistoire-et-le-patrimoine-culturels-riches-et-diversifies-du-niger-ambassadeur-des-etats-unis#article","isPartOf":{"@id":"https:\/\/www.africa-press.net\/niger\/culture-et-art\/a-la-cure-salee-nous-celebrons-lhistoire-et-le-patrimoine-culturels-riches-et-diversifies-du-niger-ambassadeur-des-etats-unis"},"author":{"name":"cfeditorfr","@id":"https:\/\/www.africa-press.net\/niger\/#\/schema\/person\/2b1cf3cd81a31e3cd26889ca66d677f1"},"headline":"A la cure sal\u00e9e, nous c\u00e9l\u00e9brons l\u2019histoire et le patrimoine culturels riches et diversifi\u00e9s du Niger\u00a0\u00bb (Ambassadeur des Etats Unis)","datePublished":"2021-09-18T14:55:27+00:00","dateModified":"2021-09-20T13:45:59+00:00","mainEntityOfPage":{"@id":"https:\/\/www.africa-press.net\/niger\/culture-et-art\/a-la-cure-salee-nous-celebrons-lhistoire-et-le-patrimoine-culturels-riches-et-diversifies-du-niger-ambassadeur-des-etats-unis"},"wordCount":481,"commentCount":0,"image":{"@id":"https:\/\/www.africa-press.net\/niger\/culture-et-art\/a-la-cure-salee-nous-celebrons-lhistoire-et-le-patrimoine-culturels-riches-et-diversifies-du-niger-ambassadeur-des-etats-unis#primaryimage"},"thumbnailUrl":"https:\/\/static.africa-press.net\/niger\/sites\/40\/2021\/09\/img-6145f95802d7d.jpg","keywords":["Africa Press","Africa Press-Niger","Niger"],"articleSection":["Culture et Art","homepage-french","Top Nouvelles","Toutes les actualit\u00e9s"],"inLanguage":"fr-FR","potentialAction":[{"@type":"CommentAction","name":"Comment","target":["https:\/\/www.africa-press.net\/niger\/culture-et-art\/a-la-cure-salee-nous-celebrons-lhistoire-et-le-patrimoine-culturels-riches-et-diversifies-du-niger-ambassadeur-des-etats-unis#respond"]}]},{"@type":"WebPage","@id":"https:\/\/www.africa-press.net\/niger\/culture-et-art\/a-la-cure-salee-nous-celebrons-lhistoire-et-le-patrimoine-culturels-riches-et-diversifies-du-niger-ambassadeur-des-etats-unis","url":"https:\/\/www.africa-press.net\/niger\/culture-et-art\/a-la-cure-salee-nous-celebrons-lhistoire-et-le-patrimoine-culturels-riches-et-diversifies-du-niger-ambassadeur-des-etats-unis","name":"A la cure sal\u00e9e, nous c\u00e9l\u00e9brons l\u2019histoire et le patrimoine culturels riches et diversifi\u00e9s du Niger\" (Ambassadeur des Etats Unis) - niger","isPartOf":{"@id":"https:\/\/www.africa-press.net\/niger\/#website"},"primaryImageOfPage":{"@id":"https:\/\/www.africa-press.net\/niger\/culture-et-art\/a-la-cure-salee-nous-celebrons-lhistoire-et-le-patrimoine-culturels-riches-et-diversifies-du-niger-ambassadeur-des-etats-unis#primaryimage"},"image":{"@id":"https:\/\/www.africa-press.net\/niger\/culture-et-art\/a-la-cure-salee-nous-celebrons-lhistoire-et-le-patrimoine-culturels-riches-et-diversifies-du-niger-ambassadeur-des-etats-unis#primaryimage"},"thumbnailUrl":"https:\/\/static.africa-press.net\/niger\/sites\/40\/2021\/09\/img-6145f95802d7d.jpg","datePublished":"2021-09-18T14:55:27+00:00","dateModified":"2021-09-20T13:45:59+00:00","author":{"@id":"https:\/\/www.africa-press.net\/niger\/#\/schema\/person\/2b1cf3cd81a31e3cd26889ca66d677f1"},"description":", 17 sept (ANP) \u2013 En marge de la c\u00e9l\u00e9bration de l\u2019Edition 2021 de la Cure sal\u00e9e, la f\u00eate annuelle des \u00e9leveurs nig\u00e9riens ...","breadcrumb":{"@id":"https:\/\/www.africa-press.net\/niger\/culture-et-art\/a-la-cure-salee-nous-celebrons-lhistoire-et-le-patrimoine-culturels-riches-et-diversifies-du-niger-ambassadeur-des-etats-unis#breadcrumb"},"inLanguage":"fr-FR","potentialAction":[{"@type":"ReadAction","target":["https:\/\/www.africa-press.net\/niger\/culture-et-art\/a-la-cure-salee-nous-celebrons-lhistoire-et-le-patrimoine-culturels-riches-et-diversifies-du-niger-ambassadeur-des-etats-unis"]}]},{"@type":"ImageObject","inLanguage":"fr-FR","@id":"https:\/\/www.africa-press.net\/niger\/culture-et-art\/a-la-cure-salee-nous-celebrons-lhistoire-et-le-patrimoine-culturels-riches-et-diversifies-du-niger-ambassadeur-des-etats-unis#primaryimage","url":"https:\/\/static.africa-press.net\/niger\/sites\/40\/2021\/09\/img-6145f95802d7d.jpg","contentUrl":"https:\/\/static.africa-press.net\/niger\/sites\/40\/2021\/09\/img-6145f95802d7d.jpg","width":1080,"height":720,"caption":"A la cure sal\u00e9e, nous c\u00e9l\u00e9brons l\u2019histoire et le patrimoine culturels riches et diversifi\u00e9s du Niger\" (Ambassadeur des Etats Unis)"},{"@type":"BreadcrumbList","@id":"https:\/\/www.africa-press.net\/niger\/culture-et-art\/a-la-cure-salee-nous-celebrons-lhistoire-et-le-patrimoine-culturels-riches-et-diversifies-du-niger-ambassadeur-des-etats-unis#breadcrumb","itemListElement":[{"@type":"ListItem","position":1,"name":"Accueil","item":"https:\/\/www.africa-press.net\/niger\/"},{"@type":"ListItem","position":2,"name":"A la cure sal\u00e9e, nous c\u00e9l\u00e9brons l\u2019histoire et le patrimoine culturels riches et diversifi\u00e9s du Niger&#8221; (Ambassadeur des Etats Unis)"}]},{"@type":"WebSite","@id":"https:\/\/www.africa-press.net\/niger\/#website","url":"https:\/\/www.africa-press.net\/niger\/","name":"niger","description":"Just another Africa News Agency Sites site","potentialAction":[{"@type":"SearchAction","target":{"@type":"EntryPoint","urlTemplate":"https:\/\/www.africa-press.net\/niger\/?s={search_term_string}"},"query-input":{"@type":"PropertyValueSpecification","valueRequired":true,"valueName":"search_term_string"}}],"inLanguage":"fr-FR"},{"@type":"Person","@id":"https:\/\/www.africa-press.net\/niger\/#\/schema\/person\/2b1cf3cd81a31e3cd26889ca66d677f1","name":"cfeditorfr"}]}},"_links":{"self":[{"href":"https:\/\/www.africa-press.net\/niger\/wp-json\/wp\/v2\/posts\/12059","targetHints":{"allow":["GET"]}}],"collection":[{"href":"https:\/\/www.africa-press.net\/niger\/wp-json\/wp\/v2\/posts"}],"about":[{"href":"https:\/\/www.africa-press.net\/niger\/wp-json\/wp\/v2\/types\/post"}],"author":[{"embeddable":true,"href":"https:\/\/www.africa-press.net\/niger\/wp-json\/wp\/v2\/users\/82"}],"replies":[{"embeddable":true,"href":"https:\/\/www.africa-press.net\/niger\/wp-json\/wp\/v2\/comments?post=12059"}],"version-history":[{"count":0,"href":"https:\/\/www.africa-press.net\/niger\/wp-json\/wp\/v2\/posts\/12059\/revisions"}],"wp:featuredmedia":[{"embeddable":true,"href":"https:\/\/www.africa-press.net\/niger\/wp-json\/wp\/v2\/media\/12058"}],"wp:attachment":[{"href":"https:\/\/www.africa-press.net\/niger\/wp-json\/wp\/v2\/media?parent=12059"}],"wp:term":[{"taxonomy":"category","embeddable":true,"href":"https:\/\/www.africa-press.net\/niger\/wp-json\/wp\/v2\/categories?post=12059"},{"taxonomy":"post_tag","embeddable":true,"href":"https:\/\/www.africa-press.net\/niger\/wp-json\/wp\/v2\/tags?post=12059"}],"curies":[{"name":"wp","href":"https:\/\/api.w.org\/{rel}","templated":true}]}}