{"id":12074,"date":"2021-09-19T12:39:36","date_gmt":"2021-09-19T12:39:36","guid":{"rendered":"https:\/\/www.africa-press.net\/niger\/?p=12074"},"modified":"2021-09-20T13:34:22","modified_gmt":"2021-09-20T13:34:22","slug":"ingall-le-president-bazoum-encourage-les-communautes-de-la-zone-a-renforcer-la-paix-lunite-et-la-cohesion-pour-le-bien-etre-des-populations","status":"publish","type":"post","link":"https:\/\/www.africa-press.net\/niger\/politique\/ingall-le-president-bazoum-encourage-les-communautes-de-la-zone-a-renforcer-la-paix-lunite-et-la-cohesion-pour-le-bien-etre-des-populations","title":{"rendered":"Ingall\u00a0: Le Pr\u00e9sident Bazoum encourage les communaut\u00e9s de la zone \u00e0 renforcer la paix, l\u2019unit\u00e9 et la coh\u00e9sion pour le bien-\u00eatre des populations"},"content":{"rendered":"<p><span style=\"color: #ff6600\"><strong><a href=\"https:\/\/www.africa-press.net\/\">Africa-Press<\/a> &#8211; <a href=\"https:\/\/www.africa-press.net\/niger\">Niger<\/a>. <\/strong><\/span>En s\u00e9jour dans la r\u00e9gion d\u2019Agadez dans le cadre de la f\u00eate des \u00e9leveurs du Niger d\u00e9nomm\u00e9e \u2018\u2019Cure Sal\u00e9e\u2019\u2019, le Pr\u00e9sident Mohamed Bazoum a rencontr\u00e9, le samedi 08 septembre 2021, les responsables de plusieurs communaut\u00e9s de l\u2019azawak, du Kawar et de l\u2019A\u00efr qu\u2019il a encourag\u00e9s \u00e0 renforcer la paix, l\u2019unit\u00e9 et la coh\u00e9sion sociale dans le but pr\u00e9venir le terrorisme et les conflits intercommunautaires.<\/p>\n<p>Au cours de cette rencontre, et dans son mot pr\u00e9liminaire, le Pr\u00e9sident Bazoum Mohamed a rappel\u00e9 que si le pays a pu tenir jusqu\u2019ici, malgr\u00e9 la situation d\u2019ins\u00e9curit\u00e9 qui s\u00e9vit dans certaines parties du Niger depuis 2012, \u2018\u2019c\u2019est parce que vous disposez de cet outil mis en place au niveau de votre r\u00e9gion, \u00e0 savoir le comit\u00e9 r\u00e9gional de paix, un outil pr\u00e9cieux qui est ce cadre de pr\u00e9servation de la paix qui existe dans les d\u00e9partements de la r\u00e9gion d\u2019Agadez et de l\u2019Azawak dans la r\u00e9gion de Tahoua\u2019\u2019.<\/p>\n<p>D\u00e9j\u00e0 Ministre de l\u2019int\u00e9rieur au temps du r\u00e9gime de son pr\u00e9d\u00e9cesseur, le Pr\u00e9sident Bazoum s\u2019est plusieurs fois appuy\u00e9 sur \u2018\u2019vous pour b\u00e9n\u00e9ficier de votre concours inestimable pour promouvoir le dialogue \u00e0 la base au sein des communaut\u00e9s, entre les communaut\u00e9s et pour b\u00e9n\u00e9ficier des structures de veille que vous avez mises en place les informations n\u00e9cessaires pour pr\u00e9venir les probl\u00e8mes et les r\u00e9gler lorsqu\u2019ils adviennent\u2019\u2019.<\/p>\n<p>\u2018\u2019Cet outil-l\u00e0, nous nous en sommes servi et nous nous en servons aujourd\u2019hui encore parce que c\u2019est un outil tr\u00e8s efficace qui donne de bons r\u00e9sultats et qui ne nous coute rien\u2019\u2019 a soulign\u00e9 le Pr\u00e9sident de la R\u00e9publique.<\/p>\n<p>Dans un bref rappel historique, le Pr\u00e9sident Bazoum a soulign\u00e9 les motivations ayant conduit les populations de cette zone \u00e0 s\u2019engager dans des mouvements de r\u00e9bellion \u00e0 un certain moment.<\/p>\n<p>C\u2019\u00e9tait, parce que, \u2018\u2019vous \u00eates lucides et avertis, vous avez d\u00e9cid\u00e9 d\u2019utiliser tous ce que vous pouvez engager dans la lutte pour pr\u00e9venir l\u2019av\u00e8nement des situations qui ressemblent \u00e0 celles qui se passent malheureusement au mali et qui nous affectent par effet de ricochet\u2019\u2019 a indiqu\u00e9 Mohamed Bazoum qui a pr\u00e9cis\u00e9 qu\u2019aujourd\u2019hui \u2018\u2019certaines zones de notre pays, notamment Torodi, sont priv\u00e9es de leurs libert\u00e9s, droits et m\u00eame leurs droits de circuler, de cultiver et de poss\u00e9der un bien\u2019\u2019.<\/p>\n<p>\u2018\u2019C\u2019est pareil pour les populations de Banibangou, du nord Oualam, Abala qui font l\u2019objet d\u2019exactions d\u2019organisations terroristes qui s\u00e8ment la d\u00e9solation, les extorsions et toutes sortes de choses qui rendent leur vie d\u00e9sagr\u00e9able parce que empoisonn\u00e9e par ce ph\u00e9nom\u00e8ne-l\u00e0\u2019\u2019 a-t-il poursuivi devant les responsables communautaires \u00e0 Ingall.<\/p>\n<p>\u2018\u2019Je suis venus aujourd\u2019hui vous encourager \u00e0 maintenir ce cap, pour lequel vous vous battez jusqu\u2019\u00e0 pr\u00e9sent, \u00e0 maintenir ces structures de dialogue, de communication, d\u2019interactions pour qu\u2019elles maintiennent la paix, la consolident, qu\u2019elles mettent notre pays \u00e0 l\u2019abri de ces menaces terroristes\u2019\u2019 a d\u00e9clar\u00e9 le Pr\u00e9sident de la R\u00e9publique.<\/p>\n<p>Mohamed Bazoum a t\u00e9moign\u00e9 toute sa gratitude aux responsables des communaut\u00e9s rencontr\u00e9s \u00e0 in\u2019gall et les a encourag\u00e9s en les rassurant que \u2018\u2019nous allons \u00eatre forts pour faire face \u00e0 cette situation\u2019\u2019.<\/p>\n<p>\u2018\u2019Nous devrions ensemble faire face \u00e0 ce grand d\u00e9fi et nous devrions relever ce d\u00e9fi, In\u2019cha Allahou\u2019\u2019 a conclu le Pr\u00e9sident de la R\u00e9publique Mohamed Bazoum.<\/p>\n","protected":false},"excerpt":{"rendered":"<p>Africa-Press &#8211; Niger. En s\u00e9jour dans la r\u00e9gion d\u2019Agadez dans le cadre de la f\u00eate des \u00e9leveurs du Niger d\u00e9nomm\u00e9e \u2018\u2019Cure Sal\u00e9e\u2019\u2019, le Pr\u00e9sident Mohamed Bazoum a rencontr\u00e9, le samedi 08 septembre 2021, les responsables de plusieurs communaut\u00e9s de l\u2019azawak, du Kawar et de l\u2019A\u00efr qu\u2019il a encourag\u00e9s \u00e0 renforcer la paix, l\u2019unit\u00e9 et la [&hellip;]<\/p>\n","protected":false},"author":82,"featured_media":12073,"comment_status":"open","ping_status":"closed","sticky":false,"template":"","format":"standard","meta":{"footnotes":""},"categories":[11,2,20,10],"tags":[55,60,29],"class_list":["post-12074","post","type-post","status-publish","format-standard","has-post-thumbnail","hentry","category-homepage-french","category-politique","category-top-nouvelles","category-toutes-les-actualites","tag-africa-press","tag-africa-press-niger","tag-niger"],"yoast_head":"<!-- This site is optimized with the Yoast SEO Premium plugin v26.1 (Yoast SEO v27.0) - https:\/\/yoast.com\/product\/yoast-seo-premium-wordpress\/ -->\n<title>Ingall\u00a0: Le Pr\u00e9sident Bazoum encourage les communaut\u00e9s de la zone \u00e0 renforcer la paix, l\u2019unit\u00e9 et la coh\u00e9sion pour le bien-\u00eatre des populations - niger<\/title>\n<meta name=\"description\" content=\"En s\u00e9jour dans la r\u00e9gion d\u2019Agadez dans le cadre de la f\u00eate des \u00e9leveurs du Niger d\u00e9nomm\u00e9e \u2018\u2019Cure Sal\u00e9e\u2019\u2019, le Pr\u00e9sident M ...\" \/>\n<meta name=\"robots\" content=\"index, follow, max-snippet:-1, max-image-preview:large, max-video-preview:-1\" \/>\n<link rel=\"canonical\" href=\"https:\/\/www.africa-press.net\/niger\/politique\/ingall-le-president-bazoum-encourage-les-communautes-de-la-zone-a-renforcer-la-paix-lunite-et-la-cohesion-pour-le-bien-etre-des-populations\" \/>\n<meta property=\"og:locale\" content=\"fr_FR\" \/>\n<meta property=\"og:type\" content=\"article\" \/>\n<meta property=\"og:title\" content=\"Ingall\u00a0: Le Pr\u00e9sident Bazoum encourage les communaut\u00e9s de la zone \u00e0 renforcer la paix, l\u2019unit\u00e9 et la coh\u00e9sion pour le bien-\u00eatre des populations\" \/>\n<meta property=\"og:description\" content=\"En s\u00e9jour dans la r\u00e9gion d\u2019Agadez dans le cadre de la f\u00eate des \u00e9leveurs du Niger d\u00e9nomm\u00e9e \u2018\u2019Cure Sal\u00e9e\u2019\u2019, le Pr\u00e9sident M ...\" \/>\n<meta property=\"og:url\" content=\"https:\/\/www.africa-press.net\/niger\/politique\/ingall-le-president-bazoum-encourage-les-communautes-de-la-zone-a-renforcer-la-paix-lunite-et-la-cohesion-pour-le-bien-etre-des-populations\" \/>\n<meta property=\"og:site_name\" content=\"niger\" \/>\n<meta property=\"article:published_time\" content=\"2021-09-19T12:39:36+00:00\" \/>\n<meta property=\"article:modified_time\" content=\"2021-09-20T13:34:22+00:00\" \/>\n<meta property=\"og:image\" content=\"https:\/\/static.africa-press.net\/niger\/sites\/40\/2021\/09\/img-61472b42085c2.jpg\" \/>\n\t<meta property=\"og:image:width\" content=\"1080\" \/>\n\t<meta property=\"og:image:height\" content=\"639\" \/>\n\t<meta property=\"og:image:type\" content=\"image\/jpeg\" \/>\n<meta name=\"author\" content=\"cfeditorfr\" \/>\n<meta name=\"twitter:card\" content=\"summary_large_image\" \/>\n<meta name=\"twitter:label1\" content=\"\u00c9crit par\" \/>\n\t<meta name=\"twitter:data1\" content=\"cfeditorfr\" \/>\n\t<meta name=\"twitter:label2\" content=\"Dur\u00e9e de lecture estim\u00e9e\" \/>\n\t<meta name=\"twitter:data2\" content=\"3 minutes\" \/>\n<script type=\"application\/ld+json\" class=\"yoast-schema-graph\">{\"@context\":\"https:\/\/schema.org\",\"@graph\":[{\"@type\":\"Article\",\"@id\":\"https:\/\/www.africa-press.net\/niger\/politique\/ingall-le-president-bazoum-encourage-les-communautes-de-la-zone-a-renforcer-la-paix-lunite-et-la-cohesion-pour-le-bien-etre-des-populations#article\",\"isPartOf\":{\"@id\":\"https:\/\/www.africa-press.net\/niger\/politique\/ingall-le-president-bazoum-encourage-les-communautes-de-la-zone-a-renforcer-la-paix-lunite-et-la-cohesion-pour-le-bien-etre-des-populations\"},\"author\":{\"name\":\"cfeditorfr\",\"@id\":\"https:\/\/www.africa-press.net\/niger\/#\/schema\/person\/2b1cf3cd81a31e3cd26889ca66d677f1\"},\"headline\":\"Ingall\u00a0: Le Pr\u00e9sident Bazoum encourage les communaut\u00e9s de la zone \u00e0 renforcer la paix, l\u2019unit\u00e9 et la coh\u00e9sion pour le bien-\u00eatre des populations\",\"datePublished\":\"2021-09-19T12:39:36+00:00\",\"dateModified\":\"2021-09-20T13:34:22+00:00\",\"mainEntityOfPage\":{\"@id\":\"https:\/\/www.africa-press.net\/niger\/politique\/ingall-le-president-bazoum-encourage-les-communautes-de-la-zone-a-renforcer-la-paix-lunite-et-la-cohesion-pour-le-bien-etre-des-populations\"},\"wordCount\":638,\"commentCount\":0,\"image\":{\"@id\":\"https:\/\/www.africa-press.net\/niger\/politique\/ingall-le-president-bazoum-encourage-les-communautes-de-la-zone-a-renforcer-la-paix-lunite-et-la-cohesion-pour-le-bien-etre-des-populations#primaryimage\"},\"thumbnailUrl\":\"https:\/\/static.africa-press.net\/niger\/sites\/40\/2021\/09\/img-61472b42085c2.jpg\",\"keywords\":[\"Africa Press\",\"Africa Press-Niger\",\"Niger\"],\"articleSection\":[\"homepage-french\",\"Politique\",\"Top Nouvelles\",\"Toutes les actualit\u00e9s\"],\"inLanguage\":\"fr-FR\",\"potentialAction\":[{\"@type\":\"CommentAction\",\"name\":\"Comment\",\"target\":[\"https:\/\/www.africa-press.net\/niger\/politique\/ingall-le-president-bazoum-encourage-les-communautes-de-la-zone-a-renforcer-la-paix-lunite-et-la-cohesion-pour-le-bien-etre-des-populations#respond\"]}]},{\"@type\":\"WebPage\",\"@id\":\"https:\/\/www.africa-press.net\/niger\/politique\/ingall-le-president-bazoum-encourage-les-communautes-de-la-zone-a-renforcer-la-paix-lunite-et-la-cohesion-pour-le-bien-etre-des-populations\",\"url\":\"https:\/\/www.africa-press.net\/niger\/politique\/ingall-le-president-bazoum-encourage-les-communautes-de-la-zone-a-renforcer-la-paix-lunite-et-la-cohesion-pour-le-bien-etre-des-populations\",\"name\":\"Ingall\u00a0: Le Pr\u00e9sident Bazoum encourage les communaut\u00e9s de la zone \u00e0 renforcer la paix, l\u2019unit\u00e9 et la coh\u00e9sion pour le bien-\u00eatre des populations - niger\",\"isPartOf\":{\"@id\":\"https:\/\/www.africa-press.net\/niger\/#website\"},\"primaryImageOfPage\":{\"@id\":\"https:\/\/www.africa-press.net\/niger\/politique\/ingall-le-president-bazoum-encourage-les-communautes-de-la-zone-a-renforcer-la-paix-lunite-et-la-cohesion-pour-le-bien-etre-des-populations#primaryimage\"},\"image\":{\"@id\":\"https:\/\/www.africa-press.net\/niger\/politique\/ingall-le-president-bazoum-encourage-les-communautes-de-la-zone-a-renforcer-la-paix-lunite-et-la-cohesion-pour-le-bien-etre-des-populations#primaryimage\"},\"thumbnailUrl\":\"https:\/\/static.africa-press.net\/niger\/sites\/40\/2021\/09\/img-61472b42085c2.jpg\",\"datePublished\":\"2021-09-19T12:39:36+00:00\",\"dateModified\":\"2021-09-20T13:34:22+00:00\",\"author\":{\"@id\":\"https:\/\/www.africa-press.net\/niger\/#\/schema\/person\/2b1cf3cd81a31e3cd26889ca66d677f1\"},\"description\":\"En s\u00e9jour dans la r\u00e9gion d\u2019Agadez dans le cadre de la f\u00eate des \u00e9leveurs du Niger d\u00e9nomm\u00e9e \u2018\u2019Cure Sal\u00e9e\u2019\u2019, le Pr\u00e9sident M ...\",\"breadcrumb\":{\"@id\":\"https:\/\/www.africa-press.net\/niger\/politique\/ingall-le-president-bazoum-encourage-les-communautes-de-la-zone-a-renforcer-la-paix-lunite-et-la-cohesion-pour-le-bien-etre-des-populations#breadcrumb\"},\"inLanguage\":\"fr-FR\",\"potentialAction\":[{\"@type\":\"ReadAction\",\"target\":[\"https:\/\/www.africa-press.net\/niger\/politique\/ingall-le-president-bazoum-encourage-les-communautes-de-la-zone-a-renforcer-la-paix-lunite-et-la-cohesion-pour-le-bien-etre-des-populations\"]}]},{\"@type\":\"ImageObject\",\"inLanguage\":\"fr-FR\",\"@id\":\"https:\/\/www.africa-press.net\/niger\/politique\/ingall-le-president-bazoum-encourage-les-communautes-de-la-zone-a-renforcer-la-paix-lunite-et-la-cohesion-pour-le-bien-etre-des-populations#primaryimage\",\"url\":\"https:\/\/static.africa-press.net\/niger\/sites\/40\/2021\/09\/img-61472b42085c2.jpg\",\"contentUrl\":\"https:\/\/static.africa-press.net\/niger\/sites\/40\/2021\/09\/img-61472b42085c2.jpg\",\"width\":1080,\"height\":639,\"caption\":\"Ingall\u00a0: Le Pr\u00e9sident Bazoum encourage les communaut\u00e9s de la zone \u00e0 renforcer la paix, l\u2019unit\u00e9 et la coh\u00e9sion pour le bien-\u00eatre des populations\"},{\"@type\":\"BreadcrumbList\",\"@id\":\"https:\/\/www.africa-press.net\/niger\/politique\/ingall-le-president-bazoum-encourage-les-communautes-de-la-zone-a-renforcer-la-paix-lunite-et-la-cohesion-pour-le-bien-etre-des-populations#breadcrumb\",\"itemListElement\":[{\"@type\":\"ListItem\",\"position\":1,\"name\":\"Accueil\",\"item\":\"https:\/\/www.africa-press.net\/niger\/\"},{\"@type\":\"ListItem\",\"position\":2,\"name\":\"Ingall\u00a0: Le Pr\u00e9sident Bazoum encourage les communaut\u00e9s de la zone \u00e0 renforcer la paix, l\u2019unit\u00e9 et la coh\u00e9sion pour le bien-\u00eatre des populations\"}]},{\"@type\":\"WebSite\",\"@id\":\"https:\/\/www.africa-press.net\/niger\/#website\",\"url\":\"https:\/\/www.africa-press.net\/niger\/\",\"name\":\"niger\",\"description\":\"Just another Africa News Agency Sites site\",\"potentialAction\":[{\"@type\":\"SearchAction\",\"target\":{\"@type\":\"EntryPoint\",\"urlTemplate\":\"https:\/\/www.africa-press.net\/niger\/?s={search_term_string}\"},\"query-input\":{\"@type\":\"PropertyValueSpecification\",\"valueRequired\":true,\"valueName\":\"search_term_string\"}}],\"inLanguage\":\"fr-FR\"},{\"@type\":\"Person\",\"@id\":\"https:\/\/www.africa-press.net\/niger\/#\/schema\/person\/2b1cf3cd81a31e3cd26889ca66d677f1\",\"name\":\"cfeditorfr\"}]}<\/script>\n<!-- \/ Yoast SEO Premium plugin. -->","yoast_head_json":{"title":"Ingall\u00a0: Le Pr\u00e9sident Bazoum encourage les communaut\u00e9s de la zone \u00e0 renforcer la paix, l\u2019unit\u00e9 et la coh\u00e9sion pour le bien-\u00eatre des populations - niger","description":"En s\u00e9jour dans la r\u00e9gion d\u2019Agadez dans le cadre de la f\u00eate des \u00e9leveurs du Niger d\u00e9nomm\u00e9e \u2018\u2019Cure Sal\u00e9e\u2019\u2019, le Pr\u00e9sident M ...","robots":{"index":"index","follow":"follow","max-snippet":"max-snippet:-1","max-image-preview":"max-image-preview:large","max-video-preview":"max-video-preview:-1"},"canonical":"https:\/\/www.africa-press.net\/niger\/politique\/ingall-le-president-bazoum-encourage-les-communautes-de-la-zone-a-renforcer-la-paix-lunite-et-la-cohesion-pour-le-bien-etre-des-populations","og_locale":"fr_FR","og_type":"article","og_title":"Ingall\u00a0: Le Pr\u00e9sident Bazoum encourage les communaut\u00e9s de la zone \u00e0 renforcer la paix, l\u2019unit\u00e9 et la coh\u00e9sion pour le bien-\u00eatre des populations","og_description":"En s\u00e9jour dans la r\u00e9gion d\u2019Agadez dans le cadre de la f\u00eate des \u00e9leveurs du Niger d\u00e9nomm\u00e9e \u2018\u2019Cure Sal\u00e9e\u2019\u2019, le Pr\u00e9sident M ...","og_url":"https:\/\/www.africa-press.net\/niger\/politique\/ingall-le-president-bazoum-encourage-les-communautes-de-la-zone-a-renforcer-la-paix-lunite-et-la-cohesion-pour-le-bien-etre-des-populations","og_site_name":"niger","article_published_time":"2021-09-19T12:39:36+00:00","article_modified_time":"2021-09-20T13:34:22+00:00","og_image":[{"width":1080,"height":639,"url":"https:\/\/static.africa-press.net\/niger\/sites\/40\/2021\/09\/img-61472b42085c2.jpg","type":"image\/jpeg"}],"author":"cfeditorfr","twitter_card":"summary_large_image","twitter_misc":{"\u00c9crit par":"cfeditorfr","Dur\u00e9e de lecture estim\u00e9e":"3 minutes"},"schema":{"@context":"https:\/\/schema.org","@graph":[{"@type":"Article","@id":"https:\/\/www.africa-press.net\/niger\/politique\/ingall-le-president-bazoum-encourage-les-communautes-de-la-zone-a-renforcer-la-paix-lunite-et-la-cohesion-pour-le-bien-etre-des-populations#article","isPartOf":{"@id":"https:\/\/www.africa-press.net\/niger\/politique\/ingall-le-president-bazoum-encourage-les-communautes-de-la-zone-a-renforcer-la-paix-lunite-et-la-cohesion-pour-le-bien-etre-des-populations"},"author":{"name":"cfeditorfr","@id":"https:\/\/www.africa-press.net\/niger\/#\/schema\/person\/2b1cf3cd81a31e3cd26889ca66d677f1"},"headline":"Ingall\u00a0: Le Pr\u00e9sident Bazoum encourage les communaut\u00e9s de la zone \u00e0 renforcer la paix, l\u2019unit\u00e9 et la coh\u00e9sion pour le bien-\u00eatre des populations","datePublished":"2021-09-19T12:39:36+00:00","dateModified":"2021-09-20T13:34:22+00:00","mainEntityOfPage":{"@id":"https:\/\/www.africa-press.net\/niger\/politique\/ingall-le-president-bazoum-encourage-les-communautes-de-la-zone-a-renforcer-la-paix-lunite-et-la-cohesion-pour-le-bien-etre-des-populations"},"wordCount":638,"commentCount":0,"image":{"@id":"https:\/\/www.africa-press.net\/niger\/politique\/ingall-le-president-bazoum-encourage-les-communautes-de-la-zone-a-renforcer-la-paix-lunite-et-la-cohesion-pour-le-bien-etre-des-populations#primaryimage"},"thumbnailUrl":"https:\/\/static.africa-press.net\/niger\/sites\/40\/2021\/09\/img-61472b42085c2.jpg","keywords":["Africa Press","Africa Press-Niger","Niger"],"articleSection":["homepage-french","Politique","Top Nouvelles","Toutes les actualit\u00e9s"],"inLanguage":"fr-FR","potentialAction":[{"@type":"CommentAction","name":"Comment","target":["https:\/\/www.africa-press.net\/niger\/politique\/ingall-le-president-bazoum-encourage-les-communautes-de-la-zone-a-renforcer-la-paix-lunite-et-la-cohesion-pour-le-bien-etre-des-populations#respond"]}]},{"@type":"WebPage","@id":"https:\/\/www.africa-press.net\/niger\/politique\/ingall-le-president-bazoum-encourage-les-communautes-de-la-zone-a-renforcer-la-paix-lunite-et-la-cohesion-pour-le-bien-etre-des-populations","url":"https:\/\/www.africa-press.net\/niger\/politique\/ingall-le-president-bazoum-encourage-les-communautes-de-la-zone-a-renforcer-la-paix-lunite-et-la-cohesion-pour-le-bien-etre-des-populations","name":"Ingall\u00a0: Le Pr\u00e9sident Bazoum encourage les communaut\u00e9s de la zone \u00e0 renforcer la paix, l\u2019unit\u00e9 et la coh\u00e9sion pour le bien-\u00eatre des populations - niger","isPartOf":{"@id":"https:\/\/www.africa-press.net\/niger\/#website"},"primaryImageOfPage":{"@id":"https:\/\/www.africa-press.net\/niger\/politique\/ingall-le-president-bazoum-encourage-les-communautes-de-la-zone-a-renforcer-la-paix-lunite-et-la-cohesion-pour-le-bien-etre-des-populations#primaryimage"},"image":{"@id":"https:\/\/www.africa-press.net\/niger\/politique\/ingall-le-president-bazoum-encourage-les-communautes-de-la-zone-a-renforcer-la-paix-lunite-et-la-cohesion-pour-le-bien-etre-des-populations#primaryimage"},"thumbnailUrl":"https:\/\/static.africa-press.net\/niger\/sites\/40\/2021\/09\/img-61472b42085c2.jpg","datePublished":"2021-09-19T12:39:36+00:00","dateModified":"2021-09-20T13:34:22+00:00","author":{"@id":"https:\/\/www.africa-press.net\/niger\/#\/schema\/person\/2b1cf3cd81a31e3cd26889ca66d677f1"},"description":"En s\u00e9jour dans la r\u00e9gion d\u2019Agadez dans le cadre de la f\u00eate des \u00e9leveurs du Niger d\u00e9nomm\u00e9e \u2018\u2019Cure Sal\u00e9e\u2019\u2019, le Pr\u00e9sident M ...","breadcrumb":{"@id":"https:\/\/www.africa-press.net\/niger\/politique\/ingall-le-president-bazoum-encourage-les-communautes-de-la-zone-a-renforcer-la-paix-lunite-et-la-cohesion-pour-le-bien-etre-des-populations#breadcrumb"},"inLanguage":"fr-FR","potentialAction":[{"@type":"ReadAction","target":["https:\/\/www.africa-press.net\/niger\/politique\/ingall-le-president-bazoum-encourage-les-communautes-de-la-zone-a-renforcer-la-paix-lunite-et-la-cohesion-pour-le-bien-etre-des-populations"]}]},{"@type":"ImageObject","inLanguage":"fr-FR","@id":"https:\/\/www.africa-press.net\/niger\/politique\/ingall-le-president-bazoum-encourage-les-communautes-de-la-zone-a-renforcer-la-paix-lunite-et-la-cohesion-pour-le-bien-etre-des-populations#primaryimage","url":"https:\/\/static.africa-press.net\/niger\/sites\/40\/2021\/09\/img-61472b42085c2.jpg","contentUrl":"https:\/\/static.africa-press.net\/niger\/sites\/40\/2021\/09\/img-61472b42085c2.jpg","width":1080,"height":639,"caption":"Ingall\u00a0: Le Pr\u00e9sident Bazoum encourage les communaut\u00e9s de la zone \u00e0 renforcer la paix, l\u2019unit\u00e9 et la coh\u00e9sion pour le bien-\u00eatre des populations"},{"@type":"BreadcrumbList","@id":"https:\/\/www.africa-press.net\/niger\/politique\/ingall-le-president-bazoum-encourage-les-communautes-de-la-zone-a-renforcer-la-paix-lunite-et-la-cohesion-pour-le-bien-etre-des-populations#breadcrumb","itemListElement":[{"@type":"ListItem","position":1,"name":"Accueil","item":"https:\/\/www.africa-press.net\/niger\/"},{"@type":"ListItem","position":2,"name":"Ingall\u00a0: Le Pr\u00e9sident Bazoum encourage les communaut\u00e9s de la zone \u00e0 renforcer la paix, l\u2019unit\u00e9 et la coh\u00e9sion pour le bien-\u00eatre des populations"}]},{"@type":"WebSite","@id":"https:\/\/www.africa-press.net\/niger\/#website","url":"https:\/\/www.africa-press.net\/niger\/","name":"niger","description":"Just another Africa News Agency Sites site","potentialAction":[{"@type":"SearchAction","target":{"@type":"EntryPoint","urlTemplate":"https:\/\/www.africa-press.net\/niger\/?s={search_term_string}"},"query-input":{"@type":"PropertyValueSpecification","valueRequired":true,"valueName":"search_term_string"}}],"inLanguage":"fr-FR"},{"@type":"Person","@id":"https:\/\/www.africa-press.net\/niger\/#\/schema\/person\/2b1cf3cd81a31e3cd26889ca66d677f1","name":"cfeditorfr"}]}},"_links":{"self":[{"href":"https:\/\/www.africa-press.net\/niger\/wp-json\/wp\/v2\/posts\/12074","targetHints":{"allow":["GET"]}}],"collection":[{"href":"https:\/\/www.africa-press.net\/niger\/wp-json\/wp\/v2\/posts"}],"about":[{"href":"https:\/\/www.africa-press.net\/niger\/wp-json\/wp\/v2\/types\/post"}],"author":[{"embeddable":true,"href":"https:\/\/www.africa-press.net\/niger\/wp-json\/wp\/v2\/users\/82"}],"replies":[{"embeddable":true,"href":"https:\/\/www.africa-press.net\/niger\/wp-json\/wp\/v2\/comments?post=12074"}],"version-history":[{"count":0,"href":"https:\/\/www.africa-press.net\/niger\/wp-json\/wp\/v2\/posts\/12074\/revisions"}],"wp:featuredmedia":[{"embeddable":true,"href":"https:\/\/www.africa-press.net\/niger\/wp-json\/wp\/v2\/media\/12073"}],"wp:attachment":[{"href":"https:\/\/www.africa-press.net\/niger\/wp-json\/wp\/v2\/media?parent=12074"}],"wp:term":[{"taxonomy":"category","embeddable":true,"href":"https:\/\/www.africa-press.net\/niger\/wp-json\/wp\/v2\/categories?post=12074"},{"taxonomy":"post_tag","embeddable":true,"href":"https:\/\/www.africa-press.net\/niger\/wp-json\/wp\/v2\/tags?post=12074"}],"curies":[{"name":"wp","href":"https:\/\/api.w.org\/{rel}","templated":true}]}}