{"id":12077,"date":"2021-09-19T12:48:13","date_gmt":"2021-09-19T12:48:13","guid":{"rendered":"https:\/\/www.africa-press.net\/niger\/?p=12077"},"modified":"2021-09-20T13:34:27","modified_gmt":"2021-09-20T13:34:27","slug":"agadez-le-president-mohamed-bazoum-inaugure-le-pont-sur-le-kori-telwa","status":"publish","type":"post","link":"https:\/\/www.africa-press.net\/niger\/economie\/agadez-le-president-mohamed-bazoum-inaugure-le-pont-sur-le-kori-telwa","title":{"rendered":"Agadez\u00a0: Le Pr\u00e9sident Mohamed Bazoum inaugure le pont sur le kori Telwa"},"content":{"rendered":"<p><span style=\"color: #ff6600\"><strong><a href=\"https:\/\/www.africa-press.net\/\">Africa-Press<\/a> &#8211; <a href=\"https:\/\/www.africa-press.net\/niger\">Niger<\/a>. <\/strong><\/span>Le Pr\u00e9sident de la R\u00e9publique Mohamed Bazoum a inaugur\u00e9, dans l\u2019apr\u00e8s-midi du samedi 18 septembre 2021 en marge des festivit\u00e9s de la cure sal\u00e9e, le pont sur le kori Telwa situ\u00e9 dans la r\u00e9gion d\u2019Agadez.<\/p>\n<p>Financ\u00e9e sur le budget national \u00e0 hauteur de 6 milliards 015 millions 749 milles 249 FCFA, la r\u00e9alisation de cette infrastructure sur le Kori Telwa, l&rsquo;un des plus importants et puissants des 28 bassins versants de la r\u00e9gion, \u00e9tait tr\u00e8s attendue par les populations de la r\u00e9gion surtout qu\u2019elle permet de relier l\u2019essentiel des zones d\u2019exploitation mini\u00e8re du Niger au reste pays.<\/p>\n<p>La ville d&rsquo;Agadez est aliment\u00e9e \u00e0 partir des eaux issues de la nappe alluviale du Telwa. Le kori Telwa a une largeur qui varie de 1200ml (m\u00e8tres lin\u00e9aires) \u00e0 1500ml par endroit.<\/p>\n<p>En effet Agadez, r\u00e9gion la plus vaste du Niger, a un r\u00e9seau routier qui s\u2019est consid\u00e9rablement d\u00e9grad\u00e9 au file des ann\u00e9es, devenant aujourd\u2019hui une des principales pr\u00e9occupations des plus hautes autorit\u00e9s du pays.<\/p>\n<p>Les travaux de cette infrastructure de franchissement, qui fait 160 m\u00e8tres lin\u00e9aires de long, ont \u00e9t\u00e9 lanc\u00e9s le 12 f\u00e9vrier 2020 et ex\u00e9cut\u00e9s par la soci\u00e9t\u00e9 China first highway engineering company (CFHEC).<\/p>\n<p>Rappelons que c\u2019est \u00e0 la suite de l\u2019effondrement en 2017 de l\u2019ancien ouvrage sur le kori Telwa que l\u2019Etat avait d\u00e9cid\u00e9 de construire une infrastructure digne de ce nom.<\/p>\n<p>L\u2019ancien pont effondr\u00e9 fut reconstruit par le Minist\u00e8re de l&rsquo;Equipement \u00e0 travers la Direction r\u00e9gionale de l&rsquo;Equipement d&rsquo;Agadez sur financement GERTA (Groupement d&rsquo;Entretien de la Route Tahoua-Arlit) et de la Caisse Autonome de Financement et de l&rsquo;Entretien Routier (CAFER).<\/p>\n","protected":false},"excerpt":{"rendered":"<p>Africa-Press &#8211; Niger. Le Pr\u00e9sident de la R\u00e9publique Mohamed Bazoum a inaugur\u00e9, dans l\u2019apr\u00e8s-midi du samedi 18 septembre 2021 en marge des festivit\u00e9s de la cure sal\u00e9e, le pont sur le kori Telwa situ\u00e9 dans la r\u00e9gion d\u2019Agadez. Financ\u00e9e sur le budget national \u00e0 hauteur de 6 milliards 015 millions 749 milles 249 FCFA, la [&hellip;]<\/p>\n","protected":false},"author":82,"featured_media":12076,"comment_status":"open","ping_status":"closed","sticky":false,"template":"","format":"standard","meta":{"footnotes":""},"categories":[3,11,10],"tags":[55,60,29],"class_list":["post-12077","post","type-post","status-publish","format-standard","has-post-thumbnail","hentry","category-economie","category-homepage-french","category-toutes-les-actualites","tag-africa-press","tag-africa-press-niger","tag-niger"],"yoast_head":"<!-- This site is optimized with the Yoast SEO Premium plugin v26.1 (Yoast SEO v27.0) - https:\/\/yoast.com\/product\/yoast-seo-premium-wordpress\/ -->\n<title>Agadez\u00a0: Le Pr\u00e9sident Mohamed Bazoum inaugure le pont sur le kori Telwa - niger<\/title>\n<meta name=\"description\" content=\"Le Pr\u00e9sident de la R\u00e9publique Mohamed Bazoum a inaugur\u00e9, dans l\u2019apr\u00e8s-midi du samedi 18 septembre 2021 en marge des fest ...\" \/>\n<meta name=\"robots\" content=\"index, follow, max-snippet:-1, max-image-preview:large, max-video-preview:-1\" \/>\n<link rel=\"canonical\" href=\"https:\/\/www.africa-press.net\/niger\/economie\/agadez-le-president-mohamed-bazoum-inaugure-le-pont-sur-le-kori-telwa\" \/>\n<meta property=\"og:locale\" content=\"fr_FR\" \/>\n<meta property=\"og:type\" content=\"article\" \/>\n<meta property=\"og:title\" content=\"Agadez\u00a0: Le Pr\u00e9sident Mohamed Bazoum inaugure le pont sur le kori Telwa\" \/>\n<meta property=\"og:description\" content=\"Le Pr\u00e9sident de la R\u00e9publique Mohamed Bazoum a inaugur\u00e9, dans l\u2019apr\u00e8s-midi du samedi 18 septembre 2021 en marge des fest ...\" \/>\n<meta property=\"og:url\" content=\"https:\/\/www.africa-press.net\/niger\/economie\/agadez-le-president-mohamed-bazoum-inaugure-le-pont-sur-le-kori-telwa\" \/>\n<meta property=\"og:site_name\" content=\"niger\" \/>\n<meta property=\"article:published_time\" content=\"2021-09-19T12:48:13+00:00\" \/>\n<meta property=\"article:modified_time\" content=\"2021-09-20T13:34:27+00:00\" \/>\n<meta property=\"og:image\" content=\"https:\/\/static.africa-press.net\/niger\/sites\/40\/2021\/09\/img-61472b67326f5.jpg\" \/>\n\t<meta property=\"og:image:width\" content=\"1140\" \/>\n\t<meta property=\"og:image:height\" content=\"641\" \/>\n\t<meta property=\"og:image:type\" content=\"image\/jpeg\" \/>\n<meta name=\"author\" content=\"cfeditorfr\" \/>\n<meta name=\"twitter:card\" content=\"summary_large_image\" \/>\n<meta name=\"twitter:label1\" content=\"\u00c9crit par\" \/>\n\t<meta name=\"twitter:data1\" content=\"cfeditorfr\" \/>\n\t<meta name=\"twitter:label2\" content=\"Dur\u00e9e de lecture estim\u00e9e\" \/>\n\t<meta name=\"twitter:data2\" content=\"1 minute\" \/>\n<script type=\"application\/ld+json\" class=\"yoast-schema-graph\">{\"@context\":\"https:\/\/schema.org\",\"@graph\":[{\"@type\":\"Article\",\"@id\":\"https:\/\/www.africa-press.net\/niger\/economie\/agadez-le-president-mohamed-bazoum-inaugure-le-pont-sur-le-kori-telwa#article\",\"isPartOf\":{\"@id\":\"https:\/\/www.africa-press.net\/niger\/economie\/agadez-le-president-mohamed-bazoum-inaugure-le-pont-sur-le-kori-telwa\"},\"author\":{\"name\":\"cfeditorfr\",\"@id\":\"https:\/\/www.africa-press.net\/niger\/#\/schema\/person\/2b1cf3cd81a31e3cd26889ca66d677f1\"},\"headline\":\"Agadez\u00a0: Le Pr\u00e9sident Mohamed Bazoum inaugure le pont sur le kori Telwa\",\"datePublished\":\"2021-09-19T12:48:13+00:00\",\"dateModified\":\"2021-09-20T13:34:27+00:00\",\"mainEntityOfPage\":{\"@id\":\"https:\/\/www.africa-press.net\/niger\/economie\/agadez-le-president-mohamed-bazoum-inaugure-le-pont-sur-le-kori-telwa\"},\"wordCount\":313,\"commentCount\":0,\"image\":{\"@id\":\"https:\/\/www.africa-press.net\/niger\/economie\/agadez-le-president-mohamed-bazoum-inaugure-le-pont-sur-le-kori-telwa#primaryimage\"},\"thumbnailUrl\":\"https:\/\/static.africa-press.net\/niger\/sites\/40\/2021\/09\/img-61472b67326f5.jpg\",\"keywords\":[\"Africa Press\",\"Africa Press-Niger\",\"Niger\"],\"articleSection\":[\"\u00c9conomie\",\"homepage-french\",\"Toutes les actualit\u00e9s\"],\"inLanguage\":\"fr-FR\",\"potentialAction\":[{\"@type\":\"CommentAction\",\"name\":\"Comment\",\"target\":[\"https:\/\/www.africa-press.net\/niger\/economie\/agadez-le-president-mohamed-bazoum-inaugure-le-pont-sur-le-kori-telwa#respond\"]}]},{\"@type\":\"WebPage\",\"@id\":\"https:\/\/www.africa-press.net\/niger\/economie\/agadez-le-president-mohamed-bazoum-inaugure-le-pont-sur-le-kori-telwa\",\"url\":\"https:\/\/www.africa-press.net\/niger\/economie\/agadez-le-president-mohamed-bazoum-inaugure-le-pont-sur-le-kori-telwa\",\"name\":\"Agadez\u00a0: Le Pr\u00e9sident Mohamed Bazoum inaugure le pont sur le kori Telwa - niger\",\"isPartOf\":{\"@id\":\"https:\/\/www.africa-press.net\/niger\/#website\"},\"primaryImageOfPage\":{\"@id\":\"https:\/\/www.africa-press.net\/niger\/economie\/agadez-le-president-mohamed-bazoum-inaugure-le-pont-sur-le-kori-telwa#primaryimage\"},\"image\":{\"@id\":\"https:\/\/www.africa-press.net\/niger\/economie\/agadez-le-president-mohamed-bazoum-inaugure-le-pont-sur-le-kori-telwa#primaryimage\"},\"thumbnailUrl\":\"https:\/\/static.africa-press.net\/niger\/sites\/40\/2021\/09\/img-61472b67326f5.jpg\",\"datePublished\":\"2021-09-19T12:48:13+00:00\",\"dateModified\":\"2021-09-20T13:34:27+00:00\",\"author\":{\"@id\":\"https:\/\/www.africa-press.net\/niger\/#\/schema\/person\/2b1cf3cd81a31e3cd26889ca66d677f1\"},\"description\":\"Le Pr\u00e9sident de la R\u00e9publique Mohamed Bazoum a inaugur\u00e9, dans l\u2019apr\u00e8s-midi du samedi 18 septembre 2021 en marge des fest ...\",\"breadcrumb\":{\"@id\":\"https:\/\/www.africa-press.net\/niger\/economie\/agadez-le-president-mohamed-bazoum-inaugure-le-pont-sur-le-kori-telwa#breadcrumb\"},\"inLanguage\":\"fr-FR\",\"potentialAction\":[{\"@type\":\"ReadAction\",\"target\":[\"https:\/\/www.africa-press.net\/niger\/economie\/agadez-le-president-mohamed-bazoum-inaugure-le-pont-sur-le-kori-telwa\"]}]},{\"@type\":\"ImageObject\",\"inLanguage\":\"fr-FR\",\"@id\":\"https:\/\/www.africa-press.net\/niger\/economie\/agadez-le-president-mohamed-bazoum-inaugure-le-pont-sur-le-kori-telwa#primaryimage\",\"url\":\"https:\/\/static.africa-press.net\/niger\/sites\/40\/2021\/09\/img-61472b67326f5.jpg\",\"contentUrl\":\"https:\/\/static.africa-press.net\/niger\/sites\/40\/2021\/09\/img-61472b67326f5.jpg\",\"width\":1140,\"height\":641,\"caption\":\"Agadez\u00a0: Le Pr\u00e9sident Mohamed Bazoum inaugure le pont sur le kori Telwa\"},{\"@type\":\"BreadcrumbList\",\"@id\":\"https:\/\/www.africa-press.net\/niger\/economie\/agadez-le-president-mohamed-bazoum-inaugure-le-pont-sur-le-kori-telwa#breadcrumb\",\"itemListElement\":[{\"@type\":\"ListItem\",\"position\":1,\"name\":\"Accueil\",\"item\":\"https:\/\/www.africa-press.net\/niger\/\"},{\"@type\":\"ListItem\",\"position\":2,\"name\":\"Agadez\u00a0: Le Pr\u00e9sident Mohamed Bazoum inaugure le pont sur le kori Telwa\"}]},{\"@type\":\"WebSite\",\"@id\":\"https:\/\/www.africa-press.net\/niger\/#website\",\"url\":\"https:\/\/www.africa-press.net\/niger\/\",\"name\":\"niger\",\"description\":\"Just another Africa News Agency Sites site\",\"potentialAction\":[{\"@type\":\"SearchAction\",\"target\":{\"@type\":\"EntryPoint\",\"urlTemplate\":\"https:\/\/www.africa-press.net\/niger\/?s={search_term_string}\"},\"query-input\":{\"@type\":\"PropertyValueSpecification\",\"valueRequired\":true,\"valueName\":\"search_term_string\"}}],\"inLanguage\":\"fr-FR\"},{\"@type\":\"Person\",\"@id\":\"https:\/\/www.africa-press.net\/niger\/#\/schema\/person\/2b1cf3cd81a31e3cd26889ca66d677f1\",\"name\":\"cfeditorfr\"}]}<\/script>\n<!-- \/ Yoast SEO Premium plugin. -->","yoast_head_json":{"title":"Agadez\u00a0: Le Pr\u00e9sident Mohamed Bazoum inaugure le pont sur le kori Telwa - niger","description":"Le Pr\u00e9sident de la R\u00e9publique Mohamed Bazoum a inaugur\u00e9, dans l\u2019apr\u00e8s-midi du samedi 18 septembre 2021 en marge des fest ...","robots":{"index":"index","follow":"follow","max-snippet":"max-snippet:-1","max-image-preview":"max-image-preview:large","max-video-preview":"max-video-preview:-1"},"canonical":"https:\/\/www.africa-press.net\/niger\/economie\/agadez-le-president-mohamed-bazoum-inaugure-le-pont-sur-le-kori-telwa","og_locale":"fr_FR","og_type":"article","og_title":"Agadez\u00a0: Le Pr\u00e9sident Mohamed Bazoum inaugure le pont sur le kori Telwa","og_description":"Le Pr\u00e9sident de la R\u00e9publique Mohamed Bazoum a inaugur\u00e9, dans l\u2019apr\u00e8s-midi du samedi 18 septembre 2021 en marge des fest ...","og_url":"https:\/\/www.africa-press.net\/niger\/economie\/agadez-le-president-mohamed-bazoum-inaugure-le-pont-sur-le-kori-telwa","og_site_name":"niger","article_published_time":"2021-09-19T12:48:13+00:00","article_modified_time":"2021-09-20T13:34:27+00:00","og_image":[{"width":1140,"height":641,"url":"https:\/\/static.africa-press.net\/niger\/sites\/40\/2021\/09\/img-61472b67326f5.jpg","type":"image\/jpeg"}],"author":"cfeditorfr","twitter_card":"summary_large_image","twitter_misc":{"\u00c9crit par":"cfeditorfr","Dur\u00e9e de lecture estim\u00e9e":"1 minute"},"schema":{"@context":"https:\/\/schema.org","@graph":[{"@type":"Article","@id":"https:\/\/www.africa-press.net\/niger\/economie\/agadez-le-president-mohamed-bazoum-inaugure-le-pont-sur-le-kori-telwa#article","isPartOf":{"@id":"https:\/\/www.africa-press.net\/niger\/economie\/agadez-le-president-mohamed-bazoum-inaugure-le-pont-sur-le-kori-telwa"},"author":{"name":"cfeditorfr","@id":"https:\/\/www.africa-press.net\/niger\/#\/schema\/person\/2b1cf3cd81a31e3cd26889ca66d677f1"},"headline":"Agadez\u00a0: Le Pr\u00e9sident Mohamed Bazoum inaugure le pont sur le kori Telwa","datePublished":"2021-09-19T12:48:13+00:00","dateModified":"2021-09-20T13:34:27+00:00","mainEntityOfPage":{"@id":"https:\/\/www.africa-press.net\/niger\/economie\/agadez-le-president-mohamed-bazoum-inaugure-le-pont-sur-le-kori-telwa"},"wordCount":313,"commentCount":0,"image":{"@id":"https:\/\/www.africa-press.net\/niger\/economie\/agadez-le-president-mohamed-bazoum-inaugure-le-pont-sur-le-kori-telwa#primaryimage"},"thumbnailUrl":"https:\/\/static.africa-press.net\/niger\/sites\/40\/2021\/09\/img-61472b67326f5.jpg","keywords":["Africa Press","Africa Press-Niger","Niger"],"articleSection":["\u00c9conomie","homepage-french","Toutes les actualit\u00e9s"],"inLanguage":"fr-FR","potentialAction":[{"@type":"CommentAction","name":"Comment","target":["https:\/\/www.africa-press.net\/niger\/economie\/agadez-le-president-mohamed-bazoum-inaugure-le-pont-sur-le-kori-telwa#respond"]}]},{"@type":"WebPage","@id":"https:\/\/www.africa-press.net\/niger\/economie\/agadez-le-president-mohamed-bazoum-inaugure-le-pont-sur-le-kori-telwa","url":"https:\/\/www.africa-press.net\/niger\/economie\/agadez-le-president-mohamed-bazoum-inaugure-le-pont-sur-le-kori-telwa","name":"Agadez\u00a0: Le Pr\u00e9sident Mohamed Bazoum inaugure le pont sur le kori Telwa - niger","isPartOf":{"@id":"https:\/\/www.africa-press.net\/niger\/#website"},"primaryImageOfPage":{"@id":"https:\/\/www.africa-press.net\/niger\/economie\/agadez-le-president-mohamed-bazoum-inaugure-le-pont-sur-le-kori-telwa#primaryimage"},"image":{"@id":"https:\/\/www.africa-press.net\/niger\/economie\/agadez-le-president-mohamed-bazoum-inaugure-le-pont-sur-le-kori-telwa#primaryimage"},"thumbnailUrl":"https:\/\/static.africa-press.net\/niger\/sites\/40\/2021\/09\/img-61472b67326f5.jpg","datePublished":"2021-09-19T12:48:13+00:00","dateModified":"2021-09-20T13:34:27+00:00","author":{"@id":"https:\/\/www.africa-press.net\/niger\/#\/schema\/person\/2b1cf3cd81a31e3cd26889ca66d677f1"},"description":"Le Pr\u00e9sident de la R\u00e9publique Mohamed Bazoum a inaugur\u00e9, dans l\u2019apr\u00e8s-midi du samedi 18 septembre 2021 en marge des fest ...","breadcrumb":{"@id":"https:\/\/www.africa-press.net\/niger\/economie\/agadez-le-president-mohamed-bazoum-inaugure-le-pont-sur-le-kori-telwa#breadcrumb"},"inLanguage":"fr-FR","potentialAction":[{"@type":"ReadAction","target":["https:\/\/www.africa-press.net\/niger\/economie\/agadez-le-president-mohamed-bazoum-inaugure-le-pont-sur-le-kori-telwa"]}]},{"@type":"ImageObject","inLanguage":"fr-FR","@id":"https:\/\/www.africa-press.net\/niger\/economie\/agadez-le-president-mohamed-bazoum-inaugure-le-pont-sur-le-kori-telwa#primaryimage","url":"https:\/\/static.africa-press.net\/niger\/sites\/40\/2021\/09\/img-61472b67326f5.jpg","contentUrl":"https:\/\/static.africa-press.net\/niger\/sites\/40\/2021\/09\/img-61472b67326f5.jpg","width":1140,"height":641,"caption":"Agadez\u00a0: Le Pr\u00e9sident Mohamed Bazoum inaugure le pont sur le kori Telwa"},{"@type":"BreadcrumbList","@id":"https:\/\/www.africa-press.net\/niger\/economie\/agadez-le-president-mohamed-bazoum-inaugure-le-pont-sur-le-kori-telwa#breadcrumb","itemListElement":[{"@type":"ListItem","position":1,"name":"Accueil","item":"https:\/\/www.africa-press.net\/niger\/"},{"@type":"ListItem","position":2,"name":"Agadez\u00a0: Le Pr\u00e9sident Mohamed Bazoum inaugure le pont sur le kori Telwa"}]},{"@type":"WebSite","@id":"https:\/\/www.africa-press.net\/niger\/#website","url":"https:\/\/www.africa-press.net\/niger\/","name":"niger","description":"Just another Africa News Agency Sites site","potentialAction":[{"@type":"SearchAction","target":{"@type":"EntryPoint","urlTemplate":"https:\/\/www.africa-press.net\/niger\/?s={search_term_string}"},"query-input":{"@type":"PropertyValueSpecification","valueRequired":true,"valueName":"search_term_string"}}],"inLanguage":"fr-FR"},{"@type":"Person","@id":"https:\/\/www.africa-press.net\/niger\/#\/schema\/person\/2b1cf3cd81a31e3cd26889ca66d677f1","name":"cfeditorfr"}]}},"_links":{"self":[{"href":"https:\/\/www.africa-press.net\/niger\/wp-json\/wp\/v2\/posts\/12077","targetHints":{"allow":["GET"]}}],"collection":[{"href":"https:\/\/www.africa-press.net\/niger\/wp-json\/wp\/v2\/posts"}],"about":[{"href":"https:\/\/www.africa-press.net\/niger\/wp-json\/wp\/v2\/types\/post"}],"author":[{"embeddable":true,"href":"https:\/\/www.africa-press.net\/niger\/wp-json\/wp\/v2\/users\/82"}],"replies":[{"embeddable":true,"href":"https:\/\/www.africa-press.net\/niger\/wp-json\/wp\/v2\/comments?post=12077"}],"version-history":[{"count":0,"href":"https:\/\/www.africa-press.net\/niger\/wp-json\/wp\/v2\/posts\/12077\/revisions"}],"wp:featuredmedia":[{"embeddable":true,"href":"https:\/\/www.africa-press.net\/niger\/wp-json\/wp\/v2\/media\/12076"}],"wp:attachment":[{"href":"https:\/\/www.africa-press.net\/niger\/wp-json\/wp\/v2\/media?parent=12077"}],"wp:term":[{"taxonomy":"category","embeddable":true,"href":"https:\/\/www.africa-press.net\/niger\/wp-json\/wp\/v2\/categories?post=12077"},{"taxonomy":"post_tag","embeddable":true,"href":"https:\/\/www.africa-press.net\/niger\/wp-json\/wp\/v2\/tags?post=12077"}],"curies":[{"name":"wp","href":"https:\/\/api.w.org\/{rel}","templated":true}]}}