{"id":12110,"date":"2021-09-20T11:00:03","date_gmt":"2021-09-20T11:00:03","guid":{"rendered":"https:\/\/www.africa-press.net\/niger\/?p=12110"},"modified":"2021-09-20T13:35:46","modified_gmt":"2021-09-20T13:35:46","slug":"formation-des-distributeurs-agrees-de-pesticides-et-prestataires-a-maradi-pour-une-utilisation-securisee-des-pesticides","status":"publish","type":"post","link":"https:\/\/www.africa-press.net\/niger\/toutes-les-actualites\/formation-des-distributeurs-agrees-de-pesticides-et-prestataires-a-maradi-pour-une-utilisation-securisee-des-pesticides","title":{"rendered":"Formation des distributeurs agr\u00e9\u00e9s de pesticides et prestataires \u00e0 Maradi : Pour une utilisation s\u00e9curis\u00e9e des pesticides"},"content":{"rendered":"<p><span style=\"color: #ff6600\"><strong><a href=\"https:\/\/www.africa-press.net\/\">Africa-Press<\/a> &#8211; <a href=\"https:\/\/www.africa-press.net\/niger\">Niger<\/a>. <\/strong><\/span>Le Secr\u00e9taire g\u00e9n\u00e9ral du Gouvernorat de Maradi, M. Soumana Karimou a pr\u00e9sid\u00e9 le vendredi 17 septembre 2021, la c\u00e9r\u00e9monie d\u2019ouverture de la formation des distributeurs agr\u00e9\u00e9s de pesticides et prestataires. Cette session de formation est financ\u00e9 par le Projet de Modernisation de l\u2019Elevage et de l\u2019Agriculture au Niger (PIMELAN) et ex\u00e9cut\u00e9e par la Direction G\u00e9n\u00e9rale de Protection des V\u00e9g\u00e9taux (DGPV).<\/p>\n<p>Selon Madame Abdou Halimatou Douki, Directrice de la r\u00e9glementation phytosanitaire et de suivi environnemental, \u00e0 la Direction G\u00e9n\u00e9rale de Protection des V\u00e9g\u00e9taux, l\u2019objectif assign\u00e9 \u00e0 cette session est des former 90 distributeurs agr\u00e9\u00e9s de pesticide et des prestataires, \u00e0 travers trois (3) centres \u00e0 savoir Maradi, Dosso et Konni. Il s\u2019agit de leur permettre d\u2019exercer avec m\u00e9thode et intelligence des activit\u00e9s dont ils ont la charge. A Maradi, ce sont trente (30) distributeurs agr\u00e9\u00e9s et prestataires qui seront form\u00e9s sur certaines th\u00e9matiques comme l\u2019utilisation s\u00e9curis\u00e9e des pesticides, leur gestion, les conventions, les textes r\u00e9glementaires.<\/p>\n<p>Pour repr\u00e9sentent du PIMELAN, M. Djibo Seyni, le projet a pour objectif d\u2019augmenter la productivit\u00e9 agricole et l\u2019acc\u00e8s aux march\u00e9s pour les agriculteurs, \u00e9leveurs, p\u00eacheurs et les entreprises agroalimentaires dans la zone d\u2019intervention. Le projet travaille en \u00e9troite collaboration avec la Direction G\u00e9n\u00e9rale de la Protection des v\u00e9g\u00e9taux dont la mission principale est de prot\u00e9ger, au nom de l\u2019Etat, les cultures de la pression des ennemis. \u00abDans cette perspective, le PIMELAN envisage de financer beaucoup d\u2019activit\u00e9s de renforcement de capacit\u00e9s des agents dans divers th\u00e9matiques conform\u00e9ment \u00e0 la mission confi\u00e9e \u00e0 la DGPV et du cadre des r\u00e9sultats du projet\u00bb a-t-il pr\u00e9cis\u00e9. Le PIMALAN appuiera la DGPV pour l\u2019usage s\u00e9curis\u00e9 des produits chimiques et \u00e0 la recherche sur des solutions innovantes \u00e0 m\u00eame de cr\u00e9er les conditions d\u2019une bonne productivit\u00e9 agricole et \u00e0 la protection des v\u00e9g\u00e9taux. Il a cit\u00e9 quelques activit\u00e9s dont la DGPV a profit\u00e9 de la part de son institution, dont l\u2019appui technique aux postes de contr\u00f4le phytosanitaire, l\u2019acquisition de motos, le financement de voyage d\u2019\u00e9tude \u00e0 la station de Quarantaine phytosanitaire d\u2019Ibadan.<\/p>\n<p>Pour sa part, le Secr\u00e9taire g\u00e9n\u00e9ral du gouvernorat de Maradi, M. Soumana Karimou a indiqu\u00e9 que pour faire face \u00e0 la pression parasitaire d\u2019importants efforts de surveillance et de lutte de la part des services charg\u00e9s de la protection des v\u00e9g\u00e9taux sont men\u00e9s chaque ann\u00e9e. Vu les effets n\u00e9fastes d\u2019une mauvaise utilisation des pesticides sur la sant\u00e9 humaine, animale et sur l\u2019environnement, il a soutenu que la DGPV organise des s\u00e9ances de formation \u00e0 l\u2019attention des distributeurs agr\u00e9es sur l\u2019utilisation et la gestion s\u00e9curis\u00e9e de ces produits chimiques dangereux. \u00abCe renforcement des capacit\u00e9s de tous les acteurs en g\u00e9n\u00e9ral et des distributeurs agr\u00e9\u00e9s en particulier est donc important dans un contexte de mise en \u0153uvre de l\u2019Initiative 3N, dont l\u2019atteinte des objectifs vis\u00e9s \u00e0 travers l\u2019axe n\u00b01, \u2018\u2019Accroissement et la diversification des productions agro-sylvo-pastorales et halieutiques\u2019\u2019 suppose une utilisation encore plus grande des pesticides en vue d\u2019une meilleure protection des cultures et des denr\u00e9es stock\u00e9es , tout en pr\u00e9servant la sant\u00e9 humaine, animale et en respectant l\u2019environnement\u00bb a-t-il dit. M. Soumana Karimou a enfin adress\u00e9 ses remerciements au nom du Minist\u00e8re de l\u2019Agriculture \u00e0 tous les partenaires et la Banque Mondiale en particulier, pour l\u2019appui technique et financier qu\u2019ils ne cessent d\u2019apporter \u00e0 travers le PIMELAN.<\/p>\n<p><b>\u00a0<\/b><\/p>\n","protected":false},"excerpt":{"rendered":"<p>Africa-Press &#8211; Niger. Le Secr\u00e9taire g\u00e9n\u00e9ral du Gouvernorat de Maradi, M. Soumana Karimou a pr\u00e9sid\u00e9 le vendredi 17 septembre 2021, la c\u00e9r\u00e9monie d\u2019ouverture de la formation des distributeurs agr\u00e9\u00e9s de pesticides et prestataires. Cette session de formation est financ\u00e9 par le Projet de Modernisation de l\u2019Elevage et de l\u2019Agriculture au Niger (PIMELAN) et ex\u00e9cut\u00e9e par [&hellip;]<\/p>\n","protected":false},"author":82,"featured_media":12109,"comment_status":"open","ping_status":"closed","sticky":false,"template":"","format":"standard","meta":{"footnotes":""},"categories":[21,11,20,10],"tags":[55,60,29],"class_list":["post-12110","post","type-post","status-publish","format-standard","has-post-thumbnail","hentry","category-communaute","category-homepage-french","category-top-nouvelles","category-toutes-les-actualites","tag-africa-press","tag-africa-press-niger","tag-niger"],"yoast_head":"<!-- This site is optimized with the Yoast SEO Premium plugin v26.1 (Yoast SEO v27.0) - https:\/\/yoast.com\/product\/yoast-seo-premium-wordpress\/ -->\n<title>Formation des distributeurs agr\u00e9\u00e9s de pesticides et prestataires \u00e0 Maradi : Pour une utilisation s\u00e9curis\u00e9e des pesticides - niger<\/title>\n<meta name=\"description\" content=\"\ufeffLe Secr\u00e9taire g\u00e9n\u00e9ral du Gouvernorat de Maradi, M. Soumana Karimou a pr\u00e9sid\u00e9 le vendredi 17 septembre 2021, la c\u00e9r\u00e9moni ...\" \/>\n<meta name=\"robots\" content=\"index, follow, max-snippet:-1, max-image-preview:large, max-video-preview:-1\" \/>\n<link rel=\"canonical\" href=\"https:\/\/www.africa-press.net\/niger\/toutes-les-actualites\/formation-des-distributeurs-agrees-de-pesticides-et-prestataires-a-maradi-pour-une-utilisation-securisee-des-pesticides\" \/>\n<meta property=\"og:locale\" content=\"fr_FR\" \/>\n<meta property=\"og:type\" content=\"article\" \/>\n<meta property=\"og:title\" content=\"Formation des distributeurs agr\u00e9\u00e9s de pesticides et prestataires \u00e0 Maradi : Pour une utilisation s\u00e9curis\u00e9e des pesticides\" \/>\n<meta property=\"og:description\" content=\"\ufeffLe Secr\u00e9taire g\u00e9n\u00e9ral du Gouvernorat de Maradi, M. Soumana Karimou a pr\u00e9sid\u00e9 le vendredi 17 septembre 2021, la c\u00e9r\u00e9moni ...\" \/>\n<meta property=\"og:url\" content=\"https:\/\/www.africa-press.net\/niger\/toutes-les-actualites\/formation-des-distributeurs-agrees-de-pesticides-et-prestataires-a-maradi-pour-une-utilisation-securisee-des-pesticides\" \/>\n<meta property=\"og:site_name\" content=\"niger\" \/>\n<meta property=\"article:published_time\" content=\"2021-09-20T11:00:03+00:00\" \/>\n<meta property=\"article:modified_time\" content=\"2021-09-20T13:35:46+00:00\" \/>\n<meta property=\"og:image\" content=\"https:\/\/static.africa-press.net\/niger\/sites\/40\/2021\/09\/img-6148638f46997.jpg\" \/>\n\t<meta property=\"og:image:width\" content=\"720\" \/>\n\t<meta property=\"og:image:height\" content=\"398\" \/>\n\t<meta property=\"og:image:type\" content=\"image\/jpeg\" \/>\n<meta name=\"author\" content=\"cfeditorfr\" \/>\n<meta name=\"twitter:card\" content=\"summary_large_image\" \/>\n<meta name=\"twitter:label1\" content=\"\u00c9crit par\" \/>\n\t<meta name=\"twitter:data1\" content=\"cfeditorfr\" \/>\n\t<meta name=\"twitter:label2\" content=\"Dur\u00e9e de lecture estim\u00e9e\" \/>\n\t<meta name=\"twitter:data2\" content=\"3 minutes\" \/>\n<script type=\"application\/ld+json\" class=\"yoast-schema-graph\">{\"@context\":\"https:\/\/schema.org\",\"@graph\":[{\"@type\":\"Article\",\"@id\":\"https:\/\/www.africa-press.net\/niger\/toutes-les-actualites\/formation-des-distributeurs-agrees-de-pesticides-et-prestataires-a-maradi-pour-une-utilisation-securisee-des-pesticides#article\",\"isPartOf\":{\"@id\":\"https:\/\/www.africa-press.net\/niger\/toutes-les-actualites\/formation-des-distributeurs-agrees-de-pesticides-et-prestataires-a-maradi-pour-une-utilisation-securisee-des-pesticides\"},\"author\":{\"name\":\"cfeditorfr\",\"@id\":\"https:\/\/www.africa-press.net\/niger\/#\/schema\/person\/2b1cf3cd81a31e3cd26889ca66d677f1\"},\"headline\":\"Formation des distributeurs agr\u00e9\u00e9s de pesticides et prestataires \u00e0 Maradi : Pour une utilisation s\u00e9curis\u00e9e des pesticides\",\"datePublished\":\"2021-09-20T11:00:03+00:00\",\"dateModified\":\"2021-09-20T13:35:46+00:00\",\"mainEntityOfPage\":{\"@id\":\"https:\/\/www.africa-press.net\/niger\/toutes-les-actualites\/formation-des-distributeurs-agrees-de-pesticides-et-prestataires-a-maradi-pour-une-utilisation-securisee-des-pesticides\"},\"wordCount\":640,\"commentCount\":0,\"image\":{\"@id\":\"https:\/\/www.africa-press.net\/niger\/toutes-les-actualites\/formation-des-distributeurs-agrees-de-pesticides-et-prestataires-a-maradi-pour-une-utilisation-securisee-des-pesticides#primaryimage\"},\"thumbnailUrl\":\"https:\/\/static.africa-press.net\/niger\/sites\/40\/2021\/09\/img-6148638f46997.jpg\",\"keywords\":[\"Africa Press\",\"Africa Press-Niger\",\"Niger\"],\"articleSection\":[\"Communaut\u00e9\",\"homepage-french\",\"Top Nouvelles\",\"Toutes les actualit\u00e9s\"],\"inLanguage\":\"fr-FR\",\"potentialAction\":[{\"@type\":\"CommentAction\",\"name\":\"Comment\",\"target\":[\"https:\/\/www.africa-press.net\/niger\/toutes-les-actualites\/formation-des-distributeurs-agrees-de-pesticides-et-prestataires-a-maradi-pour-une-utilisation-securisee-des-pesticides#respond\"]}]},{\"@type\":\"WebPage\",\"@id\":\"https:\/\/www.africa-press.net\/niger\/toutes-les-actualites\/formation-des-distributeurs-agrees-de-pesticides-et-prestataires-a-maradi-pour-une-utilisation-securisee-des-pesticides\",\"url\":\"https:\/\/www.africa-press.net\/niger\/toutes-les-actualites\/formation-des-distributeurs-agrees-de-pesticides-et-prestataires-a-maradi-pour-une-utilisation-securisee-des-pesticides\",\"name\":\"Formation des distributeurs agr\u00e9\u00e9s de pesticides et prestataires \u00e0 Maradi : Pour une utilisation s\u00e9curis\u00e9e des pesticides - niger\",\"isPartOf\":{\"@id\":\"https:\/\/www.africa-press.net\/niger\/#website\"},\"primaryImageOfPage\":{\"@id\":\"https:\/\/www.africa-press.net\/niger\/toutes-les-actualites\/formation-des-distributeurs-agrees-de-pesticides-et-prestataires-a-maradi-pour-une-utilisation-securisee-des-pesticides#primaryimage\"},\"image\":{\"@id\":\"https:\/\/www.africa-press.net\/niger\/toutes-les-actualites\/formation-des-distributeurs-agrees-de-pesticides-et-prestataires-a-maradi-pour-une-utilisation-securisee-des-pesticides#primaryimage\"},\"thumbnailUrl\":\"https:\/\/static.africa-press.net\/niger\/sites\/40\/2021\/09\/img-6148638f46997.jpg\",\"datePublished\":\"2021-09-20T11:00:03+00:00\",\"dateModified\":\"2021-09-20T13:35:46+00:00\",\"author\":{\"@id\":\"https:\/\/www.africa-press.net\/niger\/#\/schema\/person\/2b1cf3cd81a31e3cd26889ca66d677f1\"},\"description\":\"\ufeffLe Secr\u00e9taire g\u00e9n\u00e9ral du Gouvernorat de Maradi, M. Soumana Karimou a pr\u00e9sid\u00e9 le vendredi 17 septembre 2021, la c\u00e9r\u00e9moni ...\",\"breadcrumb\":{\"@id\":\"https:\/\/www.africa-press.net\/niger\/toutes-les-actualites\/formation-des-distributeurs-agrees-de-pesticides-et-prestataires-a-maradi-pour-une-utilisation-securisee-des-pesticides#breadcrumb\"},\"inLanguage\":\"fr-FR\",\"potentialAction\":[{\"@type\":\"ReadAction\",\"target\":[\"https:\/\/www.africa-press.net\/niger\/toutes-les-actualites\/formation-des-distributeurs-agrees-de-pesticides-et-prestataires-a-maradi-pour-une-utilisation-securisee-des-pesticides\"]}]},{\"@type\":\"ImageObject\",\"inLanguage\":\"fr-FR\",\"@id\":\"https:\/\/www.africa-press.net\/niger\/toutes-les-actualites\/formation-des-distributeurs-agrees-de-pesticides-et-prestataires-a-maradi-pour-une-utilisation-securisee-des-pesticides#primaryimage\",\"url\":\"https:\/\/static.africa-press.net\/niger\/sites\/40\/2021\/09\/img-6148638f46997.jpg\",\"contentUrl\":\"https:\/\/static.africa-press.net\/niger\/sites\/40\/2021\/09\/img-6148638f46997.jpg\",\"width\":720,\"height\":398,\"caption\":\"Formation des distributeurs agr\u00e9\u00e9s de pesticides et prestataires \u00e0 Maradi : Pour une utilisation s\u00e9curis\u00e9e des pesticides\"},{\"@type\":\"BreadcrumbList\",\"@id\":\"https:\/\/www.africa-press.net\/niger\/toutes-les-actualites\/formation-des-distributeurs-agrees-de-pesticides-et-prestataires-a-maradi-pour-une-utilisation-securisee-des-pesticides#breadcrumb\",\"itemListElement\":[{\"@type\":\"ListItem\",\"position\":1,\"name\":\"Accueil\",\"item\":\"https:\/\/www.africa-press.net\/niger\/\"},{\"@type\":\"ListItem\",\"position\":2,\"name\":\"Formation des distributeurs agr\u00e9\u00e9s de pesticides et prestataires \u00e0 Maradi : Pour une utilisation s\u00e9curis\u00e9e des pesticides\"}]},{\"@type\":\"WebSite\",\"@id\":\"https:\/\/www.africa-press.net\/niger\/#website\",\"url\":\"https:\/\/www.africa-press.net\/niger\/\",\"name\":\"niger\",\"description\":\"Just another Africa News Agency Sites site\",\"potentialAction\":[{\"@type\":\"SearchAction\",\"target\":{\"@type\":\"EntryPoint\",\"urlTemplate\":\"https:\/\/www.africa-press.net\/niger\/?s={search_term_string}\"},\"query-input\":{\"@type\":\"PropertyValueSpecification\",\"valueRequired\":true,\"valueName\":\"search_term_string\"}}],\"inLanguage\":\"fr-FR\"},{\"@type\":\"Person\",\"@id\":\"https:\/\/www.africa-press.net\/niger\/#\/schema\/person\/2b1cf3cd81a31e3cd26889ca66d677f1\",\"name\":\"cfeditorfr\"}]}<\/script>\n<!-- \/ Yoast SEO Premium plugin. -->","yoast_head_json":{"title":"Formation des distributeurs agr\u00e9\u00e9s de pesticides et prestataires \u00e0 Maradi : Pour une utilisation s\u00e9curis\u00e9e des pesticides - niger","description":"\ufeffLe Secr\u00e9taire g\u00e9n\u00e9ral du Gouvernorat de Maradi, M. Soumana Karimou a pr\u00e9sid\u00e9 le vendredi 17 septembre 2021, la c\u00e9r\u00e9moni ...","robots":{"index":"index","follow":"follow","max-snippet":"max-snippet:-1","max-image-preview":"max-image-preview:large","max-video-preview":"max-video-preview:-1"},"canonical":"https:\/\/www.africa-press.net\/niger\/toutes-les-actualites\/formation-des-distributeurs-agrees-de-pesticides-et-prestataires-a-maradi-pour-une-utilisation-securisee-des-pesticides","og_locale":"fr_FR","og_type":"article","og_title":"Formation des distributeurs agr\u00e9\u00e9s de pesticides et prestataires \u00e0 Maradi : Pour une utilisation s\u00e9curis\u00e9e des pesticides","og_description":"\ufeffLe Secr\u00e9taire g\u00e9n\u00e9ral du Gouvernorat de Maradi, M. Soumana Karimou a pr\u00e9sid\u00e9 le vendredi 17 septembre 2021, la c\u00e9r\u00e9moni ...","og_url":"https:\/\/www.africa-press.net\/niger\/toutes-les-actualites\/formation-des-distributeurs-agrees-de-pesticides-et-prestataires-a-maradi-pour-une-utilisation-securisee-des-pesticides","og_site_name":"niger","article_published_time":"2021-09-20T11:00:03+00:00","article_modified_time":"2021-09-20T13:35:46+00:00","og_image":[{"width":720,"height":398,"url":"https:\/\/static.africa-press.net\/niger\/sites\/40\/2021\/09\/img-6148638f46997.jpg","type":"image\/jpeg"}],"author":"cfeditorfr","twitter_card":"summary_large_image","twitter_misc":{"\u00c9crit par":"cfeditorfr","Dur\u00e9e de lecture estim\u00e9e":"3 minutes"},"schema":{"@context":"https:\/\/schema.org","@graph":[{"@type":"Article","@id":"https:\/\/www.africa-press.net\/niger\/toutes-les-actualites\/formation-des-distributeurs-agrees-de-pesticides-et-prestataires-a-maradi-pour-une-utilisation-securisee-des-pesticides#article","isPartOf":{"@id":"https:\/\/www.africa-press.net\/niger\/toutes-les-actualites\/formation-des-distributeurs-agrees-de-pesticides-et-prestataires-a-maradi-pour-une-utilisation-securisee-des-pesticides"},"author":{"name":"cfeditorfr","@id":"https:\/\/www.africa-press.net\/niger\/#\/schema\/person\/2b1cf3cd81a31e3cd26889ca66d677f1"},"headline":"Formation des distributeurs agr\u00e9\u00e9s de pesticides et prestataires \u00e0 Maradi : Pour une utilisation s\u00e9curis\u00e9e des pesticides","datePublished":"2021-09-20T11:00:03+00:00","dateModified":"2021-09-20T13:35:46+00:00","mainEntityOfPage":{"@id":"https:\/\/www.africa-press.net\/niger\/toutes-les-actualites\/formation-des-distributeurs-agrees-de-pesticides-et-prestataires-a-maradi-pour-une-utilisation-securisee-des-pesticides"},"wordCount":640,"commentCount":0,"image":{"@id":"https:\/\/www.africa-press.net\/niger\/toutes-les-actualites\/formation-des-distributeurs-agrees-de-pesticides-et-prestataires-a-maradi-pour-une-utilisation-securisee-des-pesticides#primaryimage"},"thumbnailUrl":"https:\/\/static.africa-press.net\/niger\/sites\/40\/2021\/09\/img-6148638f46997.jpg","keywords":["Africa Press","Africa Press-Niger","Niger"],"articleSection":["Communaut\u00e9","homepage-french","Top Nouvelles","Toutes les actualit\u00e9s"],"inLanguage":"fr-FR","potentialAction":[{"@type":"CommentAction","name":"Comment","target":["https:\/\/www.africa-press.net\/niger\/toutes-les-actualites\/formation-des-distributeurs-agrees-de-pesticides-et-prestataires-a-maradi-pour-une-utilisation-securisee-des-pesticides#respond"]}]},{"@type":"WebPage","@id":"https:\/\/www.africa-press.net\/niger\/toutes-les-actualites\/formation-des-distributeurs-agrees-de-pesticides-et-prestataires-a-maradi-pour-une-utilisation-securisee-des-pesticides","url":"https:\/\/www.africa-press.net\/niger\/toutes-les-actualites\/formation-des-distributeurs-agrees-de-pesticides-et-prestataires-a-maradi-pour-une-utilisation-securisee-des-pesticides","name":"Formation des distributeurs agr\u00e9\u00e9s de pesticides et prestataires \u00e0 Maradi : Pour une utilisation s\u00e9curis\u00e9e des pesticides - niger","isPartOf":{"@id":"https:\/\/www.africa-press.net\/niger\/#website"},"primaryImageOfPage":{"@id":"https:\/\/www.africa-press.net\/niger\/toutes-les-actualites\/formation-des-distributeurs-agrees-de-pesticides-et-prestataires-a-maradi-pour-une-utilisation-securisee-des-pesticides#primaryimage"},"image":{"@id":"https:\/\/www.africa-press.net\/niger\/toutes-les-actualites\/formation-des-distributeurs-agrees-de-pesticides-et-prestataires-a-maradi-pour-une-utilisation-securisee-des-pesticides#primaryimage"},"thumbnailUrl":"https:\/\/static.africa-press.net\/niger\/sites\/40\/2021\/09\/img-6148638f46997.jpg","datePublished":"2021-09-20T11:00:03+00:00","dateModified":"2021-09-20T13:35:46+00:00","author":{"@id":"https:\/\/www.africa-press.net\/niger\/#\/schema\/person\/2b1cf3cd81a31e3cd26889ca66d677f1"},"description":"\ufeffLe Secr\u00e9taire g\u00e9n\u00e9ral du Gouvernorat de Maradi, M. Soumana Karimou a pr\u00e9sid\u00e9 le vendredi 17 septembre 2021, la c\u00e9r\u00e9moni ...","breadcrumb":{"@id":"https:\/\/www.africa-press.net\/niger\/toutes-les-actualites\/formation-des-distributeurs-agrees-de-pesticides-et-prestataires-a-maradi-pour-une-utilisation-securisee-des-pesticides#breadcrumb"},"inLanguage":"fr-FR","potentialAction":[{"@type":"ReadAction","target":["https:\/\/www.africa-press.net\/niger\/toutes-les-actualites\/formation-des-distributeurs-agrees-de-pesticides-et-prestataires-a-maradi-pour-une-utilisation-securisee-des-pesticides"]}]},{"@type":"ImageObject","inLanguage":"fr-FR","@id":"https:\/\/www.africa-press.net\/niger\/toutes-les-actualites\/formation-des-distributeurs-agrees-de-pesticides-et-prestataires-a-maradi-pour-une-utilisation-securisee-des-pesticides#primaryimage","url":"https:\/\/static.africa-press.net\/niger\/sites\/40\/2021\/09\/img-6148638f46997.jpg","contentUrl":"https:\/\/static.africa-press.net\/niger\/sites\/40\/2021\/09\/img-6148638f46997.jpg","width":720,"height":398,"caption":"Formation des distributeurs agr\u00e9\u00e9s de pesticides et prestataires \u00e0 Maradi : Pour une utilisation s\u00e9curis\u00e9e des pesticides"},{"@type":"BreadcrumbList","@id":"https:\/\/www.africa-press.net\/niger\/toutes-les-actualites\/formation-des-distributeurs-agrees-de-pesticides-et-prestataires-a-maradi-pour-une-utilisation-securisee-des-pesticides#breadcrumb","itemListElement":[{"@type":"ListItem","position":1,"name":"Accueil","item":"https:\/\/www.africa-press.net\/niger\/"},{"@type":"ListItem","position":2,"name":"Formation des distributeurs agr\u00e9\u00e9s de pesticides et prestataires \u00e0 Maradi : Pour une utilisation s\u00e9curis\u00e9e des pesticides"}]},{"@type":"WebSite","@id":"https:\/\/www.africa-press.net\/niger\/#website","url":"https:\/\/www.africa-press.net\/niger\/","name":"niger","description":"Just another Africa News Agency Sites site","potentialAction":[{"@type":"SearchAction","target":{"@type":"EntryPoint","urlTemplate":"https:\/\/www.africa-press.net\/niger\/?s={search_term_string}"},"query-input":{"@type":"PropertyValueSpecification","valueRequired":true,"valueName":"search_term_string"}}],"inLanguage":"fr-FR"},{"@type":"Person","@id":"https:\/\/www.africa-press.net\/niger\/#\/schema\/person\/2b1cf3cd81a31e3cd26889ca66d677f1","name":"cfeditorfr"}]}},"_links":{"self":[{"href":"https:\/\/www.africa-press.net\/niger\/wp-json\/wp\/v2\/posts\/12110","targetHints":{"allow":["GET"]}}],"collection":[{"href":"https:\/\/www.africa-press.net\/niger\/wp-json\/wp\/v2\/posts"}],"about":[{"href":"https:\/\/www.africa-press.net\/niger\/wp-json\/wp\/v2\/types\/post"}],"author":[{"embeddable":true,"href":"https:\/\/www.africa-press.net\/niger\/wp-json\/wp\/v2\/users\/82"}],"replies":[{"embeddable":true,"href":"https:\/\/www.africa-press.net\/niger\/wp-json\/wp\/v2\/comments?post=12110"}],"version-history":[{"count":0,"href":"https:\/\/www.africa-press.net\/niger\/wp-json\/wp\/v2\/posts\/12110\/revisions"}],"wp:featuredmedia":[{"embeddable":true,"href":"https:\/\/www.africa-press.net\/niger\/wp-json\/wp\/v2\/media\/12109"}],"wp:attachment":[{"href":"https:\/\/www.africa-press.net\/niger\/wp-json\/wp\/v2\/media?parent=12110"}],"wp:term":[{"taxonomy":"category","embeddable":true,"href":"https:\/\/www.africa-press.net\/niger\/wp-json\/wp\/v2\/categories?post=12110"},{"taxonomy":"post_tag","embeddable":true,"href":"https:\/\/www.africa-press.net\/niger\/wp-json\/wp\/v2\/tags?post=12110"}],"curies":[{"name":"wp","href":"https:\/\/api.w.org\/{rel}","templated":true}]}}