{"id":12119,"date":"2021-09-20T11:21:44","date_gmt":"2021-09-20T11:21:44","guid":{"rendered":"https:\/\/www.africa-press.net\/niger\/?p=12119"},"modified":"2021-09-20T13:44:42","modified_gmt":"2021-09-20T13:44:42","slug":"inauguration-du-pont-telwa-par-le-president-de-la-republique-securite-et-reconfort-pour-les-usagers-de-la-route-agadez-arlit","status":"publish","type":"post","link":"https:\/\/www.africa-press.net\/niger\/toutes-les-actualites\/inauguration-du-pont-telwa-par-le-president-de-la-republique-securite-et-reconfort-pour-les-usagers-de-la-route-agadez-arlit","title":{"rendered":"Inauguration du pont  Telwa par le Pr\u00e9sident de la R\u00e9publique : S\u00e9curit\u00e9 et r\u00e9confort pour les usagers de la route Agadez-Arlit"},"content":{"rendered":"<p><span style=\"color: #ff6600\"><strong><a href=\"https:\/\/www.africa-press.net\/\">Africa-Press<\/a> &#8211; <a href=\"https:\/\/www.africa-press.net\/niger\">Niger<\/a>. <\/strong><\/span>En marge des festivit\u00e9s de la Cure Sal\u00e9e, le Pr\u00e9sident de la R\u00e9publique, Chef de l\u2019Etat,<\/p>\n<p>M. Mohamed Bazoum a inaugur\u00e9, le samedi 18 septembre dans l\u2019apr\u00e8s- midi \u00e0 Agadez, le pont de la Telwa sur la route Tahoua-Agadez-Arlit. Le financement de ce pont a \u00e9t\u00e9 assur\u00e9 par le Budget National \u00e0 hauteur de 6 milliards 015 millions 749 milles 249 FCFA.<\/p>\n<p>La r\u00e9alisation de cette infrastructure sur le Kori Telwa, l\u2019un des plus importants et puissants des 28 bassins versants de la r\u00e9gion d\u2019Agadez, \u00e9tait tr\u00e8s attendue par les populations de la r\u00e9gion surtout qu\u2019elle permet de relier l\u2019essentiel des zones d\u2019exploitation mini\u00e8re du Niger au reste pays. Le kori Telwa a une largeur qui varie de 1200 ml (m\u00e8tres lin\u00e9aires) \u00e0 1500ml par endroit.<\/p>\n<p>On se souvient que le lancement des travaux de construction du pont de Telwa a \u00e9t\u00e9 pr\u00e9sid\u00e9, le 12 f\u00e9vrier 2020, par le ministre de l\u2019Equipement de l\u2019\u00e9poque. Les travaux de construction du pont de la Telwa, un ouvrage de franchissement de 160 m\u00e8tres lin\u00e9aires de long, ont \u00e9t\u00e9 r\u00e9alis\u00e9s par la soci\u00e9t\u00e9 China first highway engineering company (CFHEC). Il faut rappeler que c\u2019est \u00e0 la suite de l\u2019effondrement en 2017 de l\u2019ancien ouvrage sur le kori Telwa que l\u2019Etat avait d\u00e9cid\u00e9 de construire une infrastructure digne de ce nom.<\/p>\n<p>L\u2019ouvrage avait qui c\u00e9d\u00e9 avait \u00e9t\u00e9 r\u00e9alis\u00e9 \u00e0 grands frais en 2013 pour remplacer l\u2019ancien endommag\u00e9 suite aux pr\u00e9cipitations du 15 aout 2012. Tout a \u00e9t\u00e9 mis en \u0153uvre \u00e0 l\u2019\u00e9poque pour r\u00e9aliser une infrastructure \u00e0 la hauteur des aspirations l\u00e9gitimes des usagers. Mais l\u2019effondrement de l\u2019ouvrage de Telwa a prouv\u00e9<\/p>\n<p>la n\u00e9cessit\u00e9 de construire un nouvel ouvrage plus performant.<\/p>\n<p>Rappelons que l\u2019ouvrage de Telwa fut reconstruit par le Minist\u00e8re de l\u2019Equipement \u00e0 travers la direction r\u00e9gionale de l\u2019Equipement d\u2019Agadez sur financement GERTA (Groupement d\u2019Entretien de la Route Tahoua-Arlit) et de la Caisse Autonome de Financement et de l\u2019Entretien Routier (CAFER). Les travaux avaient \u00e9t\u00e9 ex\u00e9cut\u00e9s par l\u2019Enterprise MAHAMOUD\/BTP.<\/p>\n<p><b>\u00a0<\/b><\/p>\n","protected":false},"excerpt":{"rendered":"<p>Africa-Press &#8211; Niger. En marge des festivit\u00e9s de la Cure Sal\u00e9e, le Pr\u00e9sident de la R\u00e9publique, Chef de l\u2019Etat, M. Mohamed Bazoum a inaugur\u00e9, le samedi 18 septembre dans l\u2019apr\u00e8s- midi \u00e0 Agadez, le pont de la Telwa sur la route Tahoua-Agadez-Arlit. Le financement de ce pont a \u00e9t\u00e9 assur\u00e9 par le Budget National \u00e0 [&hellip;]<\/p>\n","protected":false},"author":82,"featured_media":12118,"comment_status":"open","ping_status":"closed","sticky":false,"template":"","format":"standard","meta":{"footnotes":""},"categories":[21,11,10],"tags":[55,60,29],"class_list":["post-12119","post","type-post","status-publish","format-standard","has-post-thumbnail","hentry","category-communaute","category-homepage-french","category-toutes-les-actualites","tag-africa-press","tag-africa-press-niger","tag-niger"],"yoast_head":"<!-- This site is optimized with the Yoast SEO Premium plugin v26.1 (Yoast SEO v27.0) - https:\/\/yoast.com\/product\/yoast-seo-premium-wordpress\/ -->\n<title>Inauguration du pont Telwa par le Pr\u00e9sident de la R\u00e9publique : S\u00e9curit\u00e9 et r\u00e9confort pour les usagers de la route Agadez-Arlit - niger<\/title>\n<meta name=\"description\" content=\"\ufeffEn marge des festivit\u00e9s de la Cure Sal\u00e9e, le Pr\u00e9sident de la R\u00e9publique, Chef de l\u2019Etat, M. Mohamed Bazoum a inaugur\u00e9, ...\" \/>\n<meta name=\"robots\" content=\"index, follow, max-snippet:-1, max-image-preview:large, max-video-preview:-1\" \/>\n<link rel=\"canonical\" href=\"https:\/\/www.africa-press.net\/niger\/toutes-les-actualites\/inauguration-du-pont-telwa-par-le-president-de-la-republique-securite-et-reconfort-pour-les-usagers-de-la-route-agadez-arlit\" \/>\n<meta property=\"og:locale\" content=\"fr_FR\" \/>\n<meta property=\"og:type\" content=\"article\" \/>\n<meta property=\"og:title\" content=\"Inauguration du pont Telwa par le Pr\u00e9sident de la R\u00e9publique : S\u00e9curit\u00e9 et r\u00e9confort pour les usagers de la route Agadez-Arlit\" \/>\n<meta property=\"og:description\" content=\"\ufeffEn marge des festivit\u00e9s de la Cure Sal\u00e9e, le Pr\u00e9sident de la R\u00e9publique, Chef de l\u2019Etat, M. Mohamed Bazoum a inaugur\u00e9, ...\" \/>\n<meta property=\"og:url\" content=\"https:\/\/www.africa-press.net\/niger\/toutes-les-actualites\/inauguration-du-pont-telwa-par-le-president-de-la-republique-securite-et-reconfort-pour-les-usagers-de-la-route-agadez-arlit\" \/>\n<meta property=\"og:site_name\" content=\"niger\" \/>\n<meta property=\"article:published_time\" content=\"2021-09-20T11:21:44+00:00\" \/>\n<meta property=\"article:modified_time\" content=\"2021-09-20T13:44:42+00:00\" \/>\n<meta property=\"og:image\" content=\"https:\/\/static.africa-press.net\/niger\/sites\/40\/2021\/09\/img-614863f33d9a8.jpg\" \/>\n\t<meta property=\"og:image:width\" content=\"720\" \/>\n\t<meta property=\"og:image:height\" content=\"420\" \/>\n\t<meta property=\"og:image:type\" content=\"image\/jpeg\" \/>\n<meta name=\"author\" content=\"cfeditorfr\" \/>\n<meta name=\"twitter:card\" content=\"summary_large_image\" \/>\n<meta name=\"twitter:label1\" content=\"\u00c9crit par\" \/>\n\t<meta name=\"twitter:data1\" content=\"cfeditorfr\" \/>\n\t<meta name=\"twitter:label2\" content=\"Dur\u00e9e de lecture estim\u00e9e\" \/>\n\t<meta name=\"twitter:data2\" content=\"2 minutes\" \/>\n<script type=\"application\/ld+json\" class=\"yoast-schema-graph\">{\"@context\":\"https:\/\/schema.org\",\"@graph\":[{\"@type\":\"Article\",\"@id\":\"https:\/\/www.africa-press.net\/niger\/toutes-les-actualites\/inauguration-du-pont-telwa-par-le-president-de-la-republique-securite-et-reconfort-pour-les-usagers-de-la-route-agadez-arlit#article\",\"isPartOf\":{\"@id\":\"https:\/\/www.africa-press.net\/niger\/toutes-les-actualites\/inauguration-du-pont-telwa-par-le-president-de-la-republique-securite-et-reconfort-pour-les-usagers-de-la-route-agadez-arlit\"},\"author\":{\"name\":\"cfeditorfr\",\"@id\":\"https:\/\/www.africa-press.net\/niger\/#\/schema\/person\/2b1cf3cd81a31e3cd26889ca66d677f1\"},\"headline\":\"Inauguration du pont Telwa par le Pr\u00e9sident de la R\u00e9publique : S\u00e9curit\u00e9 et r\u00e9confort pour les usagers de la route Agadez-Arlit\",\"datePublished\":\"2021-09-20T11:21:44+00:00\",\"dateModified\":\"2021-09-20T13:44:42+00:00\",\"mainEntityOfPage\":{\"@id\":\"https:\/\/www.africa-press.net\/niger\/toutes-les-actualites\/inauguration-du-pont-telwa-par-le-president-de-la-republique-securite-et-reconfort-pour-les-usagers-de-la-route-agadez-arlit\"},\"wordCount\":386,\"commentCount\":0,\"image\":{\"@id\":\"https:\/\/www.africa-press.net\/niger\/toutes-les-actualites\/inauguration-du-pont-telwa-par-le-president-de-la-republique-securite-et-reconfort-pour-les-usagers-de-la-route-agadez-arlit#primaryimage\"},\"thumbnailUrl\":\"https:\/\/static.africa-press.net\/niger\/sites\/40\/2021\/09\/img-614863f33d9a8.jpg\",\"keywords\":[\"Africa Press\",\"Africa Press-Niger\",\"Niger\"],\"articleSection\":[\"Communaut\u00e9\",\"homepage-french\",\"Toutes les actualit\u00e9s\"],\"inLanguage\":\"fr-FR\",\"potentialAction\":[{\"@type\":\"CommentAction\",\"name\":\"Comment\",\"target\":[\"https:\/\/www.africa-press.net\/niger\/toutes-les-actualites\/inauguration-du-pont-telwa-par-le-president-de-la-republique-securite-et-reconfort-pour-les-usagers-de-la-route-agadez-arlit#respond\"]}]},{\"@type\":\"WebPage\",\"@id\":\"https:\/\/www.africa-press.net\/niger\/toutes-les-actualites\/inauguration-du-pont-telwa-par-le-president-de-la-republique-securite-et-reconfort-pour-les-usagers-de-la-route-agadez-arlit\",\"url\":\"https:\/\/www.africa-press.net\/niger\/toutes-les-actualites\/inauguration-du-pont-telwa-par-le-president-de-la-republique-securite-et-reconfort-pour-les-usagers-de-la-route-agadez-arlit\",\"name\":\"Inauguration du pont Telwa par le Pr\u00e9sident de la R\u00e9publique : S\u00e9curit\u00e9 et r\u00e9confort pour les usagers de la route Agadez-Arlit - niger\",\"isPartOf\":{\"@id\":\"https:\/\/www.africa-press.net\/niger\/#website\"},\"primaryImageOfPage\":{\"@id\":\"https:\/\/www.africa-press.net\/niger\/toutes-les-actualites\/inauguration-du-pont-telwa-par-le-president-de-la-republique-securite-et-reconfort-pour-les-usagers-de-la-route-agadez-arlit#primaryimage\"},\"image\":{\"@id\":\"https:\/\/www.africa-press.net\/niger\/toutes-les-actualites\/inauguration-du-pont-telwa-par-le-president-de-la-republique-securite-et-reconfort-pour-les-usagers-de-la-route-agadez-arlit#primaryimage\"},\"thumbnailUrl\":\"https:\/\/static.africa-press.net\/niger\/sites\/40\/2021\/09\/img-614863f33d9a8.jpg\",\"datePublished\":\"2021-09-20T11:21:44+00:00\",\"dateModified\":\"2021-09-20T13:44:42+00:00\",\"author\":{\"@id\":\"https:\/\/www.africa-press.net\/niger\/#\/schema\/person\/2b1cf3cd81a31e3cd26889ca66d677f1\"},\"description\":\"\ufeffEn marge des festivit\u00e9s de la Cure Sal\u00e9e, le Pr\u00e9sident de la R\u00e9publique, Chef de l\u2019Etat, M. Mohamed Bazoum a inaugur\u00e9, ...\",\"breadcrumb\":{\"@id\":\"https:\/\/www.africa-press.net\/niger\/toutes-les-actualites\/inauguration-du-pont-telwa-par-le-president-de-la-republique-securite-et-reconfort-pour-les-usagers-de-la-route-agadez-arlit#breadcrumb\"},\"inLanguage\":\"fr-FR\",\"potentialAction\":[{\"@type\":\"ReadAction\",\"target\":[\"https:\/\/www.africa-press.net\/niger\/toutes-les-actualites\/inauguration-du-pont-telwa-par-le-president-de-la-republique-securite-et-reconfort-pour-les-usagers-de-la-route-agadez-arlit\"]}]},{\"@type\":\"ImageObject\",\"inLanguage\":\"fr-FR\",\"@id\":\"https:\/\/www.africa-press.net\/niger\/toutes-les-actualites\/inauguration-du-pont-telwa-par-le-president-de-la-republique-securite-et-reconfort-pour-les-usagers-de-la-route-agadez-arlit#primaryimage\",\"url\":\"https:\/\/static.africa-press.net\/niger\/sites\/40\/2021\/09\/img-614863f33d9a8.jpg\",\"contentUrl\":\"https:\/\/static.africa-press.net\/niger\/sites\/40\/2021\/09\/img-614863f33d9a8.jpg\",\"width\":720,\"height\":420,\"caption\":\"Inauguration du pont Telwa par le Pr\u00e9sident de la R\u00e9publique : S\u00e9curit\u00e9 et r\u00e9confort pour les usagers de la route Agadez-Arlit\"},{\"@type\":\"BreadcrumbList\",\"@id\":\"https:\/\/www.africa-press.net\/niger\/toutes-les-actualites\/inauguration-du-pont-telwa-par-le-president-de-la-republique-securite-et-reconfort-pour-les-usagers-de-la-route-agadez-arlit#breadcrumb\",\"itemListElement\":[{\"@type\":\"ListItem\",\"position\":1,\"name\":\"Accueil\",\"item\":\"https:\/\/www.africa-press.net\/niger\/\"},{\"@type\":\"ListItem\",\"position\":2,\"name\":\"Inauguration du pont Telwa par le Pr\u00e9sident de la R\u00e9publique : S\u00e9curit\u00e9 et r\u00e9confort pour les usagers de la route Agadez-Arlit\"}]},{\"@type\":\"WebSite\",\"@id\":\"https:\/\/www.africa-press.net\/niger\/#website\",\"url\":\"https:\/\/www.africa-press.net\/niger\/\",\"name\":\"niger\",\"description\":\"Just another Africa News Agency Sites site\",\"potentialAction\":[{\"@type\":\"SearchAction\",\"target\":{\"@type\":\"EntryPoint\",\"urlTemplate\":\"https:\/\/www.africa-press.net\/niger\/?s={search_term_string}\"},\"query-input\":{\"@type\":\"PropertyValueSpecification\",\"valueRequired\":true,\"valueName\":\"search_term_string\"}}],\"inLanguage\":\"fr-FR\"},{\"@type\":\"Person\",\"@id\":\"https:\/\/www.africa-press.net\/niger\/#\/schema\/person\/2b1cf3cd81a31e3cd26889ca66d677f1\",\"name\":\"cfeditorfr\"}]}<\/script>\n<!-- \/ Yoast SEO Premium plugin. -->","yoast_head_json":{"title":"Inauguration du pont Telwa par le Pr\u00e9sident de la R\u00e9publique : S\u00e9curit\u00e9 et r\u00e9confort pour les usagers de la route Agadez-Arlit - niger","description":"\ufeffEn marge des festivit\u00e9s de la Cure Sal\u00e9e, le Pr\u00e9sident de la R\u00e9publique, Chef de l\u2019Etat, M. Mohamed Bazoum a inaugur\u00e9, ...","robots":{"index":"index","follow":"follow","max-snippet":"max-snippet:-1","max-image-preview":"max-image-preview:large","max-video-preview":"max-video-preview:-1"},"canonical":"https:\/\/www.africa-press.net\/niger\/toutes-les-actualites\/inauguration-du-pont-telwa-par-le-president-de-la-republique-securite-et-reconfort-pour-les-usagers-de-la-route-agadez-arlit","og_locale":"fr_FR","og_type":"article","og_title":"Inauguration du pont Telwa par le Pr\u00e9sident de la R\u00e9publique : S\u00e9curit\u00e9 et r\u00e9confort pour les usagers de la route Agadez-Arlit","og_description":"\ufeffEn marge des festivit\u00e9s de la Cure Sal\u00e9e, le Pr\u00e9sident de la R\u00e9publique, Chef de l\u2019Etat, M. Mohamed Bazoum a inaugur\u00e9, ...","og_url":"https:\/\/www.africa-press.net\/niger\/toutes-les-actualites\/inauguration-du-pont-telwa-par-le-president-de-la-republique-securite-et-reconfort-pour-les-usagers-de-la-route-agadez-arlit","og_site_name":"niger","article_published_time":"2021-09-20T11:21:44+00:00","article_modified_time":"2021-09-20T13:44:42+00:00","og_image":[{"width":720,"height":420,"url":"https:\/\/static.africa-press.net\/niger\/sites\/40\/2021\/09\/img-614863f33d9a8.jpg","type":"image\/jpeg"}],"author":"cfeditorfr","twitter_card":"summary_large_image","twitter_misc":{"\u00c9crit par":"cfeditorfr","Dur\u00e9e de lecture estim\u00e9e":"2 minutes"},"schema":{"@context":"https:\/\/schema.org","@graph":[{"@type":"Article","@id":"https:\/\/www.africa-press.net\/niger\/toutes-les-actualites\/inauguration-du-pont-telwa-par-le-president-de-la-republique-securite-et-reconfort-pour-les-usagers-de-la-route-agadez-arlit#article","isPartOf":{"@id":"https:\/\/www.africa-press.net\/niger\/toutes-les-actualites\/inauguration-du-pont-telwa-par-le-president-de-la-republique-securite-et-reconfort-pour-les-usagers-de-la-route-agadez-arlit"},"author":{"name":"cfeditorfr","@id":"https:\/\/www.africa-press.net\/niger\/#\/schema\/person\/2b1cf3cd81a31e3cd26889ca66d677f1"},"headline":"Inauguration du pont Telwa par le Pr\u00e9sident de la R\u00e9publique : S\u00e9curit\u00e9 et r\u00e9confort pour les usagers de la route Agadez-Arlit","datePublished":"2021-09-20T11:21:44+00:00","dateModified":"2021-09-20T13:44:42+00:00","mainEntityOfPage":{"@id":"https:\/\/www.africa-press.net\/niger\/toutes-les-actualites\/inauguration-du-pont-telwa-par-le-president-de-la-republique-securite-et-reconfort-pour-les-usagers-de-la-route-agadez-arlit"},"wordCount":386,"commentCount":0,"image":{"@id":"https:\/\/www.africa-press.net\/niger\/toutes-les-actualites\/inauguration-du-pont-telwa-par-le-president-de-la-republique-securite-et-reconfort-pour-les-usagers-de-la-route-agadez-arlit#primaryimage"},"thumbnailUrl":"https:\/\/static.africa-press.net\/niger\/sites\/40\/2021\/09\/img-614863f33d9a8.jpg","keywords":["Africa Press","Africa Press-Niger","Niger"],"articleSection":["Communaut\u00e9","homepage-french","Toutes les actualit\u00e9s"],"inLanguage":"fr-FR","potentialAction":[{"@type":"CommentAction","name":"Comment","target":["https:\/\/www.africa-press.net\/niger\/toutes-les-actualites\/inauguration-du-pont-telwa-par-le-president-de-la-republique-securite-et-reconfort-pour-les-usagers-de-la-route-agadez-arlit#respond"]}]},{"@type":"WebPage","@id":"https:\/\/www.africa-press.net\/niger\/toutes-les-actualites\/inauguration-du-pont-telwa-par-le-president-de-la-republique-securite-et-reconfort-pour-les-usagers-de-la-route-agadez-arlit","url":"https:\/\/www.africa-press.net\/niger\/toutes-les-actualites\/inauguration-du-pont-telwa-par-le-president-de-la-republique-securite-et-reconfort-pour-les-usagers-de-la-route-agadez-arlit","name":"Inauguration du pont Telwa par le Pr\u00e9sident de la R\u00e9publique : S\u00e9curit\u00e9 et r\u00e9confort pour les usagers de la route Agadez-Arlit - niger","isPartOf":{"@id":"https:\/\/www.africa-press.net\/niger\/#website"},"primaryImageOfPage":{"@id":"https:\/\/www.africa-press.net\/niger\/toutes-les-actualites\/inauguration-du-pont-telwa-par-le-president-de-la-republique-securite-et-reconfort-pour-les-usagers-de-la-route-agadez-arlit#primaryimage"},"image":{"@id":"https:\/\/www.africa-press.net\/niger\/toutes-les-actualites\/inauguration-du-pont-telwa-par-le-president-de-la-republique-securite-et-reconfort-pour-les-usagers-de-la-route-agadez-arlit#primaryimage"},"thumbnailUrl":"https:\/\/static.africa-press.net\/niger\/sites\/40\/2021\/09\/img-614863f33d9a8.jpg","datePublished":"2021-09-20T11:21:44+00:00","dateModified":"2021-09-20T13:44:42+00:00","author":{"@id":"https:\/\/www.africa-press.net\/niger\/#\/schema\/person\/2b1cf3cd81a31e3cd26889ca66d677f1"},"description":"\ufeffEn marge des festivit\u00e9s de la Cure Sal\u00e9e, le Pr\u00e9sident de la R\u00e9publique, Chef de l\u2019Etat, M. Mohamed Bazoum a inaugur\u00e9, ...","breadcrumb":{"@id":"https:\/\/www.africa-press.net\/niger\/toutes-les-actualites\/inauguration-du-pont-telwa-par-le-president-de-la-republique-securite-et-reconfort-pour-les-usagers-de-la-route-agadez-arlit#breadcrumb"},"inLanguage":"fr-FR","potentialAction":[{"@type":"ReadAction","target":["https:\/\/www.africa-press.net\/niger\/toutes-les-actualites\/inauguration-du-pont-telwa-par-le-president-de-la-republique-securite-et-reconfort-pour-les-usagers-de-la-route-agadez-arlit"]}]},{"@type":"ImageObject","inLanguage":"fr-FR","@id":"https:\/\/www.africa-press.net\/niger\/toutes-les-actualites\/inauguration-du-pont-telwa-par-le-president-de-la-republique-securite-et-reconfort-pour-les-usagers-de-la-route-agadez-arlit#primaryimage","url":"https:\/\/static.africa-press.net\/niger\/sites\/40\/2021\/09\/img-614863f33d9a8.jpg","contentUrl":"https:\/\/static.africa-press.net\/niger\/sites\/40\/2021\/09\/img-614863f33d9a8.jpg","width":720,"height":420,"caption":"Inauguration du pont Telwa par le Pr\u00e9sident de la R\u00e9publique : S\u00e9curit\u00e9 et r\u00e9confort pour les usagers de la route Agadez-Arlit"},{"@type":"BreadcrumbList","@id":"https:\/\/www.africa-press.net\/niger\/toutes-les-actualites\/inauguration-du-pont-telwa-par-le-president-de-la-republique-securite-et-reconfort-pour-les-usagers-de-la-route-agadez-arlit#breadcrumb","itemListElement":[{"@type":"ListItem","position":1,"name":"Accueil","item":"https:\/\/www.africa-press.net\/niger\/"},{"@type":"ListItem","position":2,"name":"Inauguration du pont Telwa par le Pr\u00e9sident de la R\u00e9publique : S\u00e9curit\u00e9 et r\u00e9confort pour les usagers de la route Agadez-Arlit"}]},{"@type":"WebSite","@id":"https:\/\/www.africa-press.net\/niger\/#website","url":"https:\/\/www.africa-press.net\/niger\/","name":"niger","description":"Just another Africa News Agency Sites site","potentialAction":[{"@type":"SearchAction","target":{"@type":"EntryPoint","urlTemplate":"https:\/\/www.africa-press.net\/niger\/?s={search_term_string}"},"query-input":{"@type":"PropertyValueSpecification","valueRequired":true,"valueName":"search_term_string"}}],"inLanguage":"fr-FR"},{"@type":"Person","@id":"https:\/\/www.africa-press.net\/niger\/#\/schema\/person\/2b1cf3cd81a31e3cd26889ca66d677f1","name":"cfeditorfr"}]}},"_links":{"self":[{"href":"https:\/\/www.africa-press.net\/niger\/wp-json\/wp\/v2\/posts\/12119","targetHints":{"allow":["GET"]}}],"collection":[{"href":"https:\/\/www.africa-press.net\/niger\/wp-json\/wp\/v2\/posts"}],"about":[{"href":"https:\/\/www.africa-press.net\/niger\/wp-json\/wp\/v2\/types\/post"}],"author":[{"embeddable":true,"href":"https:\/\/www.africa-press.net\/niger\/wp-json\/wp\/v2\/users\/82"}],"replies":[{"embeddable":true,"href":"https:\/\/www.africa-press.net\/niger\/wp-json\/wp\/v2\/comments?post=12119"}],"version-history":[{"count":0,"href":"https:\/\/www.africa-press.net\/niger\/wp-json\/wp\/v2\/posts\/12119\/revisions"}],"wp:featuredmedia":[{"embeddable":true,"href":"https:\/\/www.africa-press.net\/niger\/wp-json\/wp\/v2\/media\/12118"}],"wp:attachment":[{"href":"https:\/\/www.africa-press.net\/niger\/wp-json\/wp\/v2\/media?parent=12119"}],"wp:term":[{"taxonomy":"category","embeddable":true,"href":"https:\/\/www.africa-press.net\/niger\/wp-json\/wp\/v2\/categories?post=12119"},{"taxonomy":"post_tag","embeddable":true,"href":"https:\/\/www.africa-press.net\/niger\/wp-json\/wp\/v2\/tags?post=12119"}],"curies":[{"name":"wp","href":"https:\/\/api.w.org\/{rel}","templated":true}]}}