{"id":12128,"date":"2021-09-20T11:38:15","date_gmt":"2021-09-20T11:38:15","guid":{"rendered":"https:\/\/www.africa-press.net\/niger\/?p=12128"},"modified":"2021-09-20T13:45:05","modified_gmt":"2021-09-20T13:45:05","slug":"audience-a-la-presidence-de-la-republique-le-chef-de-letat-mohamed-bazoum-recoit-la-ministre-francaise-des-armees-mme-florence-parly","status":"publish","type":"post","link":"https:\/\/www.africa-press.net\/niger\/politique\/audience-a-la-presidence-de-la-republique-le-chef-de-letat-mohamed-bazoum-recoit-la-ministre-francaise-des-armees-mme-florence-parly","title":{"rendered":"Audience \u00e0 la Pr\u00e9sidence de la R\u00e9publique : Le Chef de l\u2019Etat Mohamed Bazoum re\u00e7oit la ministre fran\u00e7aise des Arm\u00e9es, Mme Florence Parly"},"content":{"rendered":"<p><span style=\"color: #ff6600\"><strong><a href=\"https:\/\/www.africa-press.net\/\">Africa-Press<\/a> &#8211; <a href=\"https:\/\/www.africa-press.net\/niger\">Niger<\/a>. <\/strong><\/span>Le Pr\u00e9sident de la R\u00e9publique Mohamed Bazoum a re\u00e7u dans l\u2019apr\u00e8s-midi d\u2019hier 19 septembre, la ministre fran\u00e7aise des Arm\u00e9es, Mme Florence Parly. A sa sortie d\u2019audience, la ministre s\u2019est d\u2019abord r\u00e9jouie des bonnes relations et de dialogue, entre le Niger et la France, qui reposent encore et toujours sur la franchise et sur une vision commune. \u00abJ\u2019ai rappel\u00e9 au Pr\u00e9sident Bazoum le soutien infaillible de la France face \u00e0 la situation du Niger et j\u2019ai salu\u00e9 la mobilisation, aujourd\u2019hui, des autorit\u00e9s nig\u00e9rienne au profit des populations \u00e9prouv\u00e9es, \u00e0 Tillab\u00e9ri comme \u00e0 Diffa. J\u2019aimerai \u00e9galement souligner le r\u00f4le d\u00e9terminant que continue de jouer le Niger au Sahel ainsi que son implication aux c\u00f4t\u00e9s d\u2019une transition politique au Mali et au Tchad\u00bb, a-t-elle d\u00e9clar\u00e9. \u00abJe reviens ici, a-t-elle rappel\u00e9, apr\u00e8s plus d\u2019un an, le 9 ao\u00fbt 2020, lorsque nos deux pays \u00e9taient marqu\u00e9s par la terrible attaque de Kour\u00e9, qui avait co\u00fbt\u00e9 la vie \u00e0 deux Nig\u00e9riens ainsi qu\u2019\u00e0 six Fran\u00e7ais\u00bb.<\/p>\n<p>La France et le Niger continuent de combattre ensemble pour ces hommes, ces femmes, ces enfants qui aspirent seulement \u00e0 vivre une vie paisible. \u00abNotre d\u00e9termination et notre patience ont pay\u00e9, l\u2019\u00e9tat islamique au grand Sahara (EIGS) a \u00e9t\u00e9 durablement touch\u00e9 ces derniers mois, gr\u00e2ce \u00e0 notre action commune et \u00e0 celle de nos partenaires internationaux qui sont engag\u00e9s au Sahel\u00bb, a estim\u00e9 la ministre. Apr\u00e8s la mort d\u2019importants cadres dont Abdel Hakim Al Saraoui, le N\u00b0 2 de l\u2019EIGS ainsi que d\u2019Abderahmane Saraoui, le N\u00b0 3, nos forces ont neutralis\u00e9 leur chef supr\u00eame, Abou Walhid El Saraoui, \u00e0 la fin du mois d\u2019ao\u00fbt. \u00abL\u2019EIGS est responsable de la mort d\u2019environ 3.000 personnes. Et si l\u2019EIGS est durement touch\u00e9, nous savons que le combat continue mais aussi que des cadres terroristes poursuivent ce projet mortif\u00e8re\u00bb, a rappel\u00e9 Florence Parly.<\/p>\n<p>La ministre fran\u00e7aise des Arm\u00e9es a rappel\u00e9 que m\u00eame si son pays, en liaison avec ses partenaires de la coalition internationale pour le Sahel dont le Niger, a d\u00e9cid\u00e9 de r\u00e9organiser son dispositif militaire, la France et le Niger resteront unis dans ce long combat qu\u2019est la lutte contre le terrorisme. \u00abCar, en effet, la France ne s\u2019en va pas!. J\u2019ai une pens\u00e9e pour tous nos soldats qui combattent et qui combattrons ensembles dans la bande Sahelo-saharienne\u00bb, a-t-elle dit. \u00ab Aujourd\u2019hui, nos discussions avec le Pr\u00e9sident Mohamed Bazoum et le ministre Alkassoum Indatou ont permis d\u2019\u00e9changer sur les modalit\u00e9s et l\u2019\u00e9volution du dispositif de Barkhane et ceci dans un esprit de concertation\u00bb, a pr\u00e9cis\u00e9 la ministre. Ajoutant que la France maintiendra son engagement pour accompagner les Forces Arm\u00e9es sah\u00e9liennes ainsi que la Force Conjointe G5-Sahel. \u00abLa France conservera ses capacit\u00e9s de r\u00e9assurance notamment celles qui sont d\u00e9ploy\u00e9es au Niger. La France poursuivra son action, avec ses partenaires de la Coalition dans les autres domaines : politiques, \u00e9conomiques et du d\u00e9veloppement car, naturellement, nous ne saurons avoir des r\u00e9ponses sur le seul angle militaire et s\u00e9curitaire\u00bb, a d\u00e9clar\u00e9 Mme Parly. Soulignant que la situation reste pr\u00e9caire, elle a indiqu\u00e9 que le combat sera long. \u00abMais nous continuerons ensemble d\u2019\u00eatre r\u00e9alistes, inventifs, pour nous adapter et pour prendre l\u2019ascendant. La mort d\u2019Abou Walhid El Saraoui donne l\u2019occasion au Niger de poursuivre ses efforts vers plus de stabilit\u00e9, de justice et de paix. Alors ensemble, il nous faut la saisir\u00bb, a lanc\u00e9 la ministre Florence Parly. Notons que cette audience s\u2019est d\u00e9roul\u00e9e en pr\u00e9sence du ministre de la D\u00e9fense nationale, M. Alkassoum Indatou et de l\u2019Ambassadeur de France au Niger, SE Alexandre Garcia.<\/p>\n<p><b>\u00a0<\/b><\/p>\n","protected":false},"excerpt":{"rendered":"<p>Africa-Press &#8211; Niger. Le Pr\u00e9sident de la R\u00e9publique Mohamed Bazoum a re\u00e7u dans l\u2019apr\u00e8s-midi d\u2019hier 19 septembre, la ministre fran\u00e7aise des Arm\u00e9es, Mme Florence Parly. A sa sortie d\u2019audience, la ministre s\u2019est d\u2019abord r\u00e9jouie des bonnes relations et de dialogue, entre le Niger et la France, qui reposent encore et toujours sur la franchise et [&hellip;]<\/p>\n","protected":false},"author":82,"featured_media":12127,"comment_status":"open","ping_status":"closed","sticky":false,"template":"","format":"standard","meta":{"footnotes":""},"categories":[11,2,10],"tags":[55,60,29],"class_list":["post-12128","post","type-post","status-publish","format-standard","has-post-thumbnail","hentry","category-homepage-french","category-politique","category-toutes-les-actualites","tag-africa-press","tag-africa-press-niger","tag-niger"],"yoast_head":"<!-- This site is optimized with the Yoast SEO Premium plugin v26.1 (Yoast SEO v27.0) - https:\/\/yoast.com\/product\/yoast-seo-premium-wordpress\/ -->\n<title>Audience \u00e0 la Pr\u00e9sidence de la R\u00e9publique : Le Chef de l\u2019Etat Mohamed Bazoum re\u00e7oit la ministre fran\u00e7aise des Arm\u00e9es, Mme Florence Parly - niger<\/title>\n<meta name=\"description\" content=\"\ufeffLe Pr\u00e9sident de la R\u00e9publique Mohamed Bazoum a re\u00e7u dans l\u2019apr\u00e8s-midi d\u2019hier 19 septembre, la ministre fran\u00e7aise des Ar ...\" \/>\n<meta name=\"robots\" content=\"index, follow, max-snippet:-1, max-image-preview:large, max-video-preview:-1\" \/>\n<link rel=\"canonical\" href=\"https:\/\/www.africa-press.net\/niger\/politique\/audience-a-la-presidence-de-la-republique-le-chef-de-letat-mohamed-bazoum-recoit-la-ministre-francaise-des-armees-mme-florence-parly\" \/>\n<meta property=\"og:locale\" content=\"fr_FR\" \/>\n<meta property=\"og:type\" content=\"article\" \/>\n<meta property=\"og:title\" content=\"Audience \u00e0 la Pr\u00e9sidence de la R\u00e9publique : Le Chef de l\u2019Etat Mohamed Bazoum re\u00e7oit la ministre fran\u00e7aise des Arm\u00e9es, Mme Florence Parly\" \/>\n<meta property=\"og:description\" content=\"\ufeffLe Pr\u00e9sident de la R\u00e9publique Mohamed Bazoum a re\u00e7u dans l\u2019apr\u00e8s-midi d\u2019hier 19 septembre, la ministre fran\u00e7aise des Ar ...\" \/>\n<meta property=\"og:url\" content=\"https:\/\/www.africa-press.net\/niger\/politique\/audience-a-la-presidence-de-la-republique-le-chef-de-letat-mohamed-bazoum-recoit-la-ministre-francaise-des-armees-mme-florence-parly\" \/>\n<meta property=\"og:site_name\" content=\"niger\" \/>\n<meta property=\"article:published_time\" content=\"2021-09-20T11:38:15+00:00\" \/>\n<meta property=\"article:modified_time\" content=\"2021-09-20T13:45:05+00:00\" \/>\n<meta property=\"og:image\" content=\"https:\/\/static.africa-press.net\/niger\/sites\/40\/2021\/09\/img-6148644c43109.jpg\" \/>\n\t<meta property=\"og:image:width\" content=\"720\" \/>\n\t<meta property=\"og:image:height\" content=\"433\" \/>\n\t<meta property=\"og:image:type\" content=\"image\/jpeg\" \/>\n<meta name=\"author\" content=\"cfeditorfr\" \/>\n<meta name=\"twitter:card\" content=\"summary_large_image\" \/>\n<meta name=\"twitter:label1\" content=\"\u00c9crit par\" \/>\n\t<meta name=\"twitter:data1\" content=\"cfeditorfr\" \/>\n\t<meta name=\"twitter:label2\" content=\"Dur\u00e9e de lecture estim\u00e9e\" \/>\n\t<meta name=\"twitter:data2\" content=\"3 minutes\" \/>\n<script type=\"application\/ld+json\" class=\"yoast-schema-graph\">{\"@context\":\"https:\/\/schema.org\",\"@graph\":[{\"@type\":\"Article\",\"@id\":\"https:\/\/www.africa-press.net\/niger\/politique\/audience-a-la-presidence-de-la-republique-le-chef-de-letat-mohamed-bazoum-recoit-la-ministre-francaise-des-armees-mme-florence-parly#article\",\"isPartOf\":{\"@id\":\"https:\/\/www.africa-press.net\/niger\/politique\/audience-a-la-presidence-de-la-republique-le-chef-de-letat-mohamed-bazoum-recoit-la-ministre-francaise-des-armees-mme-florence-parly\"},\"author\":{\"name\":\"cfeditorfr\",\"@id\":\"https:\/\/www.africa-press.net\/niger\/#\/schema\/person\/2b1cf3cd81a31e3cd26889ca66d677f1\"},\"headline\":\"Audience \u00e0 la Pr\u00e9sidence de la R\u00e9publique : Le Chef de l\u2019Etat Mohamed Bazoum re\u00e7oit la ministre fran\u00e7aise des Arm\u00e9es, Mme Florence Parly\",\"datePublished\":\"2021-09-20T11:38:15+00:00\",\"dateModified\":\"2021-09-20T13:45:05+00:00\",\"mainEntityOfPage\":{\"@id\":\"https:\/\/www.africa-press.net\/niger\/politique\/audience-a-la-presidence-de-la-republique-le-chef-de-letat-mohamed-bazoum-recoit-la-ministre-francaise-des-armees-mme-florence-parly\"},\"wordCount\":679,\"commentCount\":0,\"image\":{\"@id\":\"https:\/\/www.africa-press.net\/niger\/politique\/audience-a-la-presidence-de-la-republique-le-chef-de-letat-mohamed-bazoum-recoit-la-ministre-francaise-des-armees-mme-florence-parly#primaryimage\"},\"thumbnailUrl\":\"https:\/\/static.africa-press.net\/niger\/sites\/40\/2021\/09\/img-6148644c43109.jpg\",\"keywords\":[\"Africa Press\",\"Africa Press-Niger\",\"Niger\"],\"articleSection\":[\"homepage-french\",\"Politique\",\"Toutes les actualit\u00e9s\"],\"inLanguage\":\"fr-FR\",\"potentialAction\":[{\"@type\":\"CommentAction\",\"name\":\"Comment\",\"target\":[\"https:\/\/www.africa-press.net\/niger\/politique\/audience-a-la-presidence-de-la-republique-le-chef-de-letat-mohamed-bazoum-recoit-la-ministre-francaise-des-armees-mme-florence-parly#respond\"]}]},{\"@type\":\"WebPage\",\"@id\":\"https:\/\/www.africa-press.net\/niger\/politique\/audience-a-la-presidence-de-la-republique-le-chef-de-letat-mohamed-bazoum-recoit-la-ministre-francaise-des-armees-mme-florence-parly\",\"url\":\"https:\/\/www.africa-press.net\/niger\/politique\/audience-a-la-presidence-de-la-republique-le-chef-de-letat-mohamed-bazoum-recoit-la-ministre-francaise-des-armees-mme-florence-parly\",\"name\":\"Audience \u00e0 la Pr\u00e9sidence de la R\u00e9publique : Le Chef de l\u2019Etat Mohamed Bazoum re\u00e7oit la ministre fran\u00e7aise des Arm\u00e9es, Mme Florence Parly - niger\",\"isPartOf\":{\"@id\":\"https:\/\/www.africa-press.net\/niger\/#website\"},\"primaryImageOfPage\":{\"@id\":\"https:\/\/www.africa-press.net\/niger\/politique\/audience-a-la-presidence-de-la-republique-le-chef-de-letat-mohamed-bazoum-recoit-la-ministre-francaise-des-armees-mme-florence-parly#primaryimage\"},\"image\":{\"@id\":\"https:\/\/www.africa-press.net\/niger\/politique\/audience-a-la-presidence-de-la-republique-le-chef-de-letat-mohamed-bazoum-recoit-la-ministre-francaise-des-armees-mme-florence-parly#primaryimage\"},\"thumbnailUrl\":\"https:\/\/static.africa-press.net\/niger\/sites\/40\/2021\/09\/img-6148644c43109.jpg\",\"datePublished\":\"2021-09-20T11:38:15+00:00\",\"dateModified\":\"2021-09-20T13:45:05+00:00\",\"author\":{\"@id\":\"https:\/\/www.africa-press.net\/niger\/#\/schema\/person\/2b1cf3cd81a31e3cd26889ca66d677f1\"},\"description\":\"\ufeffLe Pr\u00e9sident de la R\u00e9publique Mohamed Bazoum a re\u00e7u dans l\u2019apr\u00e8s-midi d\u2019hier 19 septembre, la ministre fran\u00e7aise des Ar ...\",\"breadcrumb\":{\"@id\":\"https:\/\/www.africa-press.net\/niger\/politique\/audience-a-la-presidence-de-la-republique-le-chef-de-letat-mohamed-bazoum-recoit-la-ministre-francaise-des-armees-mme-florence-parly#breadcrumb\"},\"inLanguage\":\"fr-FR\",\"potentialAction\":[{\"@type\":\"ReadAction\",\"target\":[\"https:\/\/www.africa-press.net\/niger\/politique\/audience-a-la-presidence-de-la-republique-le-chef-de-letat-mohamed-bazoum-recoit-la-ministre-francaise-des-armees-mme-florence-parly\"]}]},{\"@type\":\"ImageObject\",\"inLanguage\":\"fr-FR\",\"@id\":\"https:\/\/www.africa-press.net\/niger\/politique\/audience-a-la-presidence-de-la-republique-le-chef-de-letat-mohamed-bazoum-recoit-la-ministre-francaise-des-armees-mme-florence-parly#primaryimage\",\"url\":\"https:\/\/static.africa-press.net\/niger\/sites\/40\/2021\/09\/img-6148644c43109.jpg\",\"contentUrl\":\"https:\/\/static.africa-press.net\/niger\/sites\/40\/2021\/09\/img-6148644c43109.jpg\",\"width\":720,\"height\":433,\"caption\":\"Audience \u00e0 la Pr\u00e9sidence de la R\u00e9publique : Le Chef de l\u2019Etat Mohamed Bazoum re\u00e7oit la ministre fran\u00e7aise des Arm\u00e9es, Mme Florence Parly\"},{\"@type\":\"BreadcrumbList\",\"@id\":\"https:\/\/www.africa-press.net\/niger\/politique\/audience-a-la-presidence-de-la-republique-le-chef-de-letat-mohamed-bazoum-recoit-la-ministre-francaise-des-armees-mme-florence-parly#breadcrumb\",\"itemListElement\":[{\"@type\":\"ListItem\",\"position\":1,\"name\":\"Accueil\",\"item\":\"https:\/\/www.africa-press.net\/niger\/\"},{\"@type\":\"ListItem\",\"position\":2,\"name\":\"Audience \u00e0 la Pr\u00e9sidence de la R\u00e9publique : Le Chef de l\u2019Etat Mohamed Bazoum re\u00e7oit la ministre fran\u00e7aise des Arm\u00e9es, Mme Florence Parly\"}]},{\"@type\":\"WebSite\",\"@id\":\"https:\/\/www.africa-press.net\/niger\/#website\",\"url\":\"https:\/\/www.africa-press.net\/niger\/\",\"name\":\"niger\",\"description\":\"Just another Africa News Agency Sites site\",\"potentialAction\":[{\"@type\":\"SearchAction\",\"target\":{\"@type\":\"EntryPoint\",\"urlTemplate\":\"https:\/\/www.africa-press.net\/niger\/?s={search_term_string}\"},\"query-input\":{\"@type\":\"PropertyValueSpecification\",\"valueRequired\":true,\"valueName\":\"search_term_string\"}}],\"inLanguage\":\"fr-FR\"},{\"@type\":\"Person\",\"@id\":\"https:\/\/www.africa-press.net\/niger\/#\/schema\/person\/2b1cf3cd81a31e3cd26889ca66d677f1\",\"name\":\"cfeditorfr\"}]}<\/script>\n<!-- \/ Yoast SEO Premium plugin. -->","yoast_head_json":{"title":"Audience \u00e0 la Pr\u00e9sidence de la R\u00e9publique : Le Chef de l\u2019Etat Mohamed Bazoum re\u00e7oit la ministre fran\u00e7aise des Arm\u00e9es, Mme Florence Parly - niger","description":"\ufeffLe Pr\u00e9sident de la R\u00e9publique Mohamed Bazoum a re\u00e7u dans l\u2019apr\u00e8s-midi d\u2019hier 19 septembre, la ministre fran\u00e7aise des Ar ...","robots":{"index":"index","follow":"follow","max-snippet":"max-snippet:-1","max-image-preview":"max-image-preview:large","max-video-preview":"max-video-preview:-1"},"canonical":"https:\/\/www.africa-press.net\/niger\/politique\/audience-a-la-presidence-de-la-republique-le-chef-de-letat-mohamed-bazoum-recoit-la-ministre-francaise-des-armees-mme-florence-parly","og_locale":"fr_FR","og_type":"article","og_title":"Audience \u00e0 la Pr\u00e9sidence de la R\u00e9publique : Le Chef de l\u2019Etat Mohamed Bazoum re\u00e7oit la ministre fran\u00e7aise des Arm\u00e9es, Mme Florence Parly","og_description":"\ufeffLe Pr\u00e9sident de la R\u00e9publique Mohamed Bazoum a re\u00e7u dans l\u2019apr\u00e8s-midi d\u2019hier 19 septembre, la ministre fran\u00e7aise des Ar ...","og_url":"https:\/\/www.africa-press.net\/niger\/politique\/audience-a-la-presidence-de-la-republique-le-chef-de-letat-mohamed-bazoum-recoit-la-ministre-francaise-des-armees-mme-florence-parly","og_site_name":"niger","article_published_time":"2021-09-20T11:38:15+00:00","article_modified_time":"2021-09-20T13:45:05+00:00","og_image":[{"width":720,"height":433,"url":"https:\/\/static.africa-press.net\/niger\/sites\/40\/2021\/09\/img-6148644c43109.jpg","type":"image\/jpeg"}],"author":"cfeditorfr","twitter_card":"summary_large_image","twitter_misc":{"\u00c9crit par":"cfeditorfr","Dur\u00e9e de lecture estim\u00e9e":"3 minutes"},"schema":{"@context":"https:\/\/schema.org","@graph":[{"@type":"Article","@id":"https:\/\/www.africa-press.net\/niger\/politique\/audience-a-la-presidence-de-la-republique-le-chef-de-letat-mohamed-bazoum-recoit-la-ministre-francaise-des-armees-mme-florence-parly#article","isPartOf":{"@id":"https:\/\/www.africa-press.net\/niger\/politique\/audience-a-la-presidence-de-la-republique-le-chef-de-letat-mohamed-bazoum-recoit-la-ministre-francaise-des-armees-mme-florence-parly"},"author":{"name":"cfeditorfr","@id":"https:\/\/www.africa-press.net\/niger\/#\/schema\/person\/2b1cf3cd81a31e3cd26889ca66d677f1"},"headline":"Audience \u00e0 la Pr\u00e9sidence de la R\u00e9publique : Le Chef de l\u2019Etat Mohamed Bazoum re\u00e7oit la ministre fran\u00e7aise des Arm\u00e9es, Mme Florence Parly","datePublished":"2021-09-20T11:38:15+00:00","dateModified":"2021-09-20T13:45:05+00:00","mainEntityOfPage":{"@id":"https:\/\/www.africa-press.net\/niger\/politique\/audience-a-la-presidence-de-la-republique-le-chef-de-letat-mohamed-bazoum-recoit-la-ministre-francaise-des-armees-mme-florence-parly"},"wordCount":679,"commentCount":0,"image":{"@id":"https:\/\/www.africa-press.net\/niger\/politique\/audience-a-la-presidence-de-la-republique-le-chef-de-letat-mohamed-bazoum-recoit-la-ministre-francaise-des-armees-mme-florence-parly#primaryimage"},"thumbnailUrl":"https:\/\/static.africa-press.net\/niger\/sites\/40\/2021\/09\/img-6148644c43109.jpg","keywords":["Africa Press","Africa Press-Niger","Niger"],"articleSection":["homepage-french","Politique","Toutes les actualit\u00e9s"],"inLanguage":"fr-FR","potentialAction":[{"@type":"CommentAction","name":"Comment","target":["https:\/\/www.africa-press.net\/niger\/politique\/audience-a-la-presidence-de-la-republique-le-chef-de-letat-mohamed-bazoum-recoit-la-ministre-francaise-des-armees-mme-florence-parly#respond"]}]},{"@type":"WebPage","@id":"https:\/\/www.africa-press.net\/niger\/politique\/audience-a-la-presidence-de-la-republique-le-chef-de-letat-mohamed-bazoum-recoit-la-ministre-francaise-des-armees-mme-florence-parly","url":"https:\/\/www.africa-press.net\/niger\/politique\/audience-a-la-presidence-de-la-republique-le-chef-de-letat-mohamed-bazoum-recoit-la-ministre-francaise-des-armees-mme-florence-parly","name":"Audience \u00e0 la Pr\u00e9sidence de la R\u00e9publique : Le Chef de l\u2019Etat Mohamed Bazoum re\u00e7oit la ministre fran\u00e7aise des Arm\u00e9es, Mme Florence Parly - niger","isPartOf":{"@id":"https:\/\/www.africa-press.net\/niger\/#website"},"primaryImageOfPage":{"@id":"https:\/\/www.africa-press.net\/niger\/politique\/audience-a-la-presidence-de-la-republique-le-chef-de-letat-mohamed-bazoum-recoit-la-ministre-francaise-des-armees-mme-florence-parly#primaryimage"},"image":{"@id":"https:\/\/www.africa-press.net\/niger\/politique\/audience-a-la-presidence-de-la-republique-le-chef-de-letat-mohamed-bazoum-recoit-la-ministre-francaise-des-armees-mme-florence-parly#primaryimage"},"thumbnailUrl":"https:\/\/static.africa-press.net\/niger\/sites\/40\/2021\/09\/img-6148644c43109.jpg","datePublished":"2021-09-20T11:38:15+00:00","dateModified":"2021-09-20T13:45:05+00:00","author":{"@id":"https:\/\/www.africa-press.net\/niger\/#\/schema\/person\/2b1cf3cd81a31e3cd26889ca66d677f1"},"description":"\ufeffLe Pr\u00e9sident de la R\u00e9publique Mohamed Bazoum a re\u00e7u dans l\u2019apr\u00e8s-midi d\u2019hier 19 septembre, la ministre fran\u00e7aise des Ar ...","breadcrumb":{"@id":"https:\/\/www.africa-press.net\/niger\/politique\/audience-a-la-presidence-de-la-republique-le-chef-de-letat-mohamed-bazoum-recoit-la-ministre-francaise-des-armees-mme-florence-parly#breadcrumb"},"inLanguage":"fr-FR","potentialAction":[{"@type":"ReadAction","target":["https:\/\/www.africa-press.net\/niger\/politique\/audience-a-la-presidence-de-la-republique-le-chef-de-letat-mohamed-bazoum-recoit-la-ministre-francaise-des-armees-mme-florence-parly"]}]},{"@type":"ImageObject","inLanguage":"fr-FR","@id":"https:\/\/www.africa-press.net\/niger\/politique\/audience-a-la-presidence-de-la-republique-le-chef-de-letat-mohamed-bazoum-recoit-la-ministre-francaise-des-armees-mme-florence-parly#primaryimage","url":"https:\/\/static.africa-press.net\/niger\/sites\/40\/2021\/09\/img-6148644c43109.jpg","contentUrl":"https:\/\/static.africa-press.net\/niger\/sites\/40\/2021\/09\/img-6148644c43109.jpg","width":720,"height":433,"caption":"Audience \u00e0 la Pr\u00e9sidence de la R\u00e9publique : Le Chef de l\u2019Etat Mohamed Bazoum re\u00e7oit la ministre fran\u00e7aise des Arm\u00e9es, Mme Florence Parly"},{"@type":"BreadcrumbList","@id":"https:\/\/www.africa-press.net\/niger\/politique\/audience-a-la-presidence-de-la-republique-le-chef-de-letat-mohamed-bazoum-recoit-la-ministre-francaise-des-armees-mme-florence-parly#breadcrumb","itemListElement":[{"@type":"ListItem","position":1,"name":"Accueil","item":"https:\/\/www.africa-press.net\/niger\/"},{"@type":"ListItem","position":2,"name":"Audience \u00e0 la Pr\u00e9sidence de la R\u00e9publique : Le Chef de l\u2019Etat Mohamed Bazoum re\u00e7oit la ministre fran\u00e7aise des Arm\u00e9es, Mme Florence Parly"}]},{"@type":"WebSite","@id":"https:\/\/www.africa-press.net\/niger\/#website","url":"https:\/\/www.africa-press.net\/niger\/","name":"niger","description":"Just another Africa News Agency Sites site","potentialAction":[{"@type":"SearchAction","target":{"@type":"EntryPoint","urlTemplate":"https:\/\/www.africa-press.net\/niger\/?s={search_term_string}"},"query-input":{"@type":"PropertyValueSpecification","valueRequired":true,"valueName":"search_term_string"}}],"inLanguage":"fr-FR"},{"@type":"Person","@id":"https:\/\/www.africa-press.net\/niger\/#\/schema\/person\/2b1cf3cd81a31e3cd26889ca66d677f1","name":"cfeditorfr"}]}},"_links":{"self":[{"href":"https:\/\/www.africa-press.net\/niger\/wp-json\/wp\/v2\/posts\/12128","targetHints":{"allow":["GET"]}}],"collection":[{"href":"https:\/\/www.africa-press.net\/niger\/wp-json\/wp\/v2\/posts"}],"about":[{"href":"https:\/\/www.africa-press.net\/niger\/wp-json\/wp\/v2\/types\/post"}],"author":[{"embeddable":true,"href":"https:\/\/www.africa-press.net\/niger\/wp-json\/wp\/v2\/users\/82"}],"replies":[{"embeddable":true,"href":"https:\/\/www.africa-press.net\/niger\/wp-json\/wp\/v2\/comments?post=12128"}],"version-history":[{"count":0,"href":"https:\/\/www.africa-press.net\/niger\/wp-json\/wp\/v2\/posts\/12128\/revisions"}],"wp:featuredmedia":[{"embeddable":true,"href":"https:\/\/www.africa-press.net\/niger\/wp-json\/wp\/v2\/media\/12127"}],"wp:attachment":[{"href":"https:\/\/www.africa-press.net\/niger\/wp-json\/wp\/v2\/media?parent=12128"}],"wp:term":[{"taxonomy":"category","embeddable":true,"href":"https:\/\/www.africa-press.net\/niger\/wp-json\/wp\/v2\/categories?post=12128"},{"taxonomy":"post_tag","embeddable":true,"href":"https:\/\/www.africa-press.net\/niger\/wp-json\/wp\/v2\/tags?post=12128"}],"curies":[{"name":"wp","href":"https:\/\/api.w.org\/{rel}","templated":true}]}}