{"id":12175,"date":"2021-09-21T12:05:24","date_gmt":"2021-09-21T12:05:24","guid":{"rendered":"https:\/\/www.africa-press.net\/niger\/politique\/angela-merkel-comment-la-chanceliere-a-faconne-toute-une-generation-en-allemagne"},"modified":"2021-09-21T20:42:03","modified_gmt":"2021-09-21T20:42:03","slug":"angela-merkel-comment-la-chanceliere-a-faconne-toute-une-generation-en-allemagne","status":"publish","type":"post","link":"https:\/\/www.africa-press.net\/niger\/toutes-les-actualites\/angela-merkel-comment-la-chanceliere-a-faconne-toute-une-generation-en-allemagne","title":{"rendered":"Angela Merkel : comment la Chanceli\u00e8re a fa\u00e7onn\u00e9 toute une g\u00e9n\u00e9ration en Allemagne"},"content":{"rendered":"<p><span style=\"color: #ff6600\"><strong><a href=\"https:\/\/www.africa-press.net\/\">Africa-Press<\/a> &#8211; <a href=\"https:\/\/www.africa-press.net\/niger\">Niger<\/a>. <\/strong><\/span>Angela Merkel, l&rsquo;un des dirigeants les plus influents du monde, a contribu\u00e9 \u00e0 fa\u00e7onner le cours de la politique europ\u00e9enne et mondiale.<\/p>\n<p>Mais au cours de ses 16 ann\u00e9es en tant que chanceli\u00e8re allemande, elle a \u00e9galement eu un impact consid\u00e9rable sur son pays, transformant la vie de millions de personnes pour le meilleur et pour le pire.<\/p>\n<p>Parmi eux, les \u00e9l\u00e8ves qui ont f\u00eat\u00e9 la fin de leur scolarit\u00e9 cet \u00e9t\u00e9.<\/p>\n<p>Lors d&rsquo;un bal de fin d&rsquo;ann\u00e9e \u00e0 Berlin, des adolescents excit\u00e9s en vestes et robes \u00e9l\u00e9gantes dansent au son d&rsquo;une guitare basse.<\/p>\n<p>La g\u00e9n\u00e9ration 2021 est arriv\u00e9e \u00e0 maturit\u00e9 dans l&rsquo;Allemagne de Merkel. Ils n&rsquo;ont jamais rencontr\u00e9 un autre dirigeant allemand.<\/p>\n<p>\u00ab\u00a0Nous n&rsquo;avons pas une d\u00e9mocratie parfaite, mais je pense que nous avons une bonne d\u00e9mocratie\u00a0\u00bb, d\u00e9clare Ole Schroeder.<\/p>\n<p>\u00ab\u00a0L&rsquo;Allemagne est bonne avec le syst\u00e8me d&rsquo;immigration. Tout le monde a la possibilit\u00e9 de vivre ici et de r\u00e9aliser ses r\u00eaves\u00a0\u00bb, ajoute Alisa Gukasov.<\/p>\n<p>Mais les jeunes sont inquiets pour l&rsquo;avenir.<\/p>\n<p>\u00ab\u00a0Nous devons \u00e9lever la voix et demander aux gens d&rsquo;arr\u00eater de conduire des voitures, d&rsquo;arr\u00eater de prendre l&rsquo;avion pour les vacances parce que nous devons r\u00e9duire les \u00e9missions. Mais nous aurions d\u00fb le faire il y a 50 ans, pas seulement maintenant\u00a0\u00bb, dit-elle.<\/p>\n<p>L&rsquo;environnement est au c\u0153ur des pr\u00e9occupations de nombreux Allemands, surtout apr\u00e8s les inondations meurtri\u00e8res de cet \u00e9t\u00e9 dans l&rsquo;ouest du pays.<\/p>\n<p>Sous la pr\u00e9sidence de Mme Merkel, l&rsquo;Allemagne r\u00e9duit ses \u00e9missions et investit dans les \u00e9nergies renouvelables.<\/p>\n<p>Toutefois, on sait que les objectifs actuels ne sont pas suffisamment stricts. L&rsquo;Allemagne continue de br\u00fbler du charbon, en partie parce que Mme Merkel a abandonn\u00e9 l&rsquo;\u00e9nergie nucl\u00e9aire apr\u00e8s la catastrophe de Fukushima au Japon il y a dix ans.<\/p>\n<p>Si vous vous promenez dans les for\u00eats f\u00e9eriques de ce pays, vous pouvez constater les d\u00e9g\u00e2ts caus\u00e9s par le changement climatique.<\/p>\n<p>Le Borkenk\u00e4fer, un col\u00e9opt\u00e8re qui perce les arbres et les d\u00e9truit, prosp\u00e8re dans des conditions plus chaudes et plus s\u00e8ches.<\/p>\n<p>Les d\u00e9fenses naturelles des arbres sont \u00e9galement affaiblies.<\/p>\n<p>Hans Schattenberg, qui g\u00e8re des for\u00eats dans la r\u00e9gion orientale du Harz, d\u00e9clare que tout ce que lui et son personnel peuvent faire est de couper des hectares de for\u00eat pour tenter de r\u00e9duire la propagation.<\/p>\n<p>\u00ab\u00a0Nous n&rsquo;avions jamais pens\u00e9 que les for\u00eats pouvaient r\u00e9agir aussi rapidement au changement climatique. Ce qui nous a le plus choqu\u00e9s, c&rsquo;est que les conif\u00e8res n&rsquo;\u00e9taient pas les seuls \u00e0 \u00eatre gravement touch\u00e9s, mais aussi les vieux ch\u00eanes et les h\u00eatres\u00a0\u00bb, explique M. Schattenberg.<\/p>\n<p>Les vieilles certitudes changent en Allemagne.<\/p>\n<p>Sous la direction de Mme Merkel, l&rsquo;Allemagne a prosp\u00e9r\u00e9, m\u00eame si ses pr\u00e9d\u00e9cesseurs ont aussi leur part de responsabilit\u00e9 dans la richesse actuelle.<\/p>\n<p>Les critiques s&rsquo;inqui\u00e8tent du fait que, alors que ses concurrents \u00e9voluent au gr\u00e9 des avanc\u00e9es technologiques et num\u00e9riques, ce g\u00e9ant \u00e9conomique peine \u00e0 se maintenir.<\/p>\n<p>es Allemands voteront pour les \u00e9lections l\u00e9gislatives le dimanche 26 septembre.<\/p>\n<p>Le parti conservateur CDU de Mme Merkel a dirig\u00e9 des coalitions pendant quatre mandats, mais de r\u00e9cents sondages sugg\u00e8rent que le social-d\u00e9mocrate Olaf Scholz pourrait avoir une l\u00e9g\u00e8re avance.<\/p>\n<p>Alors que les bouteilles en verre cliquettent sur la cha\u00eene de production, Anke Ketterer examine l&rsquo;exportation la plus appr\u00e9ci\u00e9e d&rsquo;Allemagne.<\/p>\n<p>Sa famille brasse de la bi\u00e8re depuis 1877. Elle fait partie de ce que l&rsquo;on appelle le Mittelstand (entreprises familiales), responsable d&rsquo;une grande partie de la r\u00e9ussite \u00e9conomique de l&rsquo;Allemagne.<\/p>\n<p>Ces ann\u00e9es ont \u00e9t\u00e9 bonnes et Angela Merkel a fait un bon travail, dit Ketterer.<\/p>\n<p>\u00ab\u00a0Nous n&rsquo;avons pas beaucoup de raisons de nous plaindre\u00a0\u00bb, ajoute son mari Phillip, qui a adopt\u00e9 son nom de famille lorsqu&rsquo;il s&rsquo;est mari\u00e9 et s&rsquo;est impliqu\u00e9 dans l&rsquo;entreprise familiale.<\/p>\n<p>Selon lui, le Mittelstand pourrait \u00eatre plus solidaire et moins bureaucratique.<\/p>\n<p>\u00ab\u00a0Nous nous en sortons bien en Allemagne. Bien s\u00fbr, le danger est de trop se conformer, de stagner et de prendre du retard\u00a0\u00bb.<\/p>\n<p>La forte influence de Mme Merkel devrait se faire sentir dans la soci\u00e9t\u00e9 allemande.<\/p>\n<p>Son refus de fermer les portes \u00e0 des milliers de demandeurs d&rsquo;asile dans le pays en 2015 a \u00e9t\u00e9 un moment essentiel de sa chancellerie.<\/p>\n<p>L&rsquo;Allemagne a longtemps compt\u00e9 sur les migrants pour combler les postes vacants, faire tourner l&rsquo;\u00e9conomie et rajeunir une population vieillissante.<\/p>\n<p>Plus d&rsquo;un quart des habitants de l&rsquo;Allemagne d&rsquo;aujourd&rsquo;hui sont issus de l&rsquo;immigration.<\/p>\n<p>Parmi eux, Negin, qui est arriv\u00e9 d&rsquo;Iran \u00e0 l&rsquo;adolescence en demandant l&rsquo;asile. Il nous raconte comment il a failli se noyer en traversant la M\u00e9diterran\u00e9e dans un petit bateau surpeupl\u00e9.<\/p>\n<p>Aujourd&rsquo;hui, il est apprenti dans une clinique dentaire de Berlin, parle couramment l&rsquo;allemand et envisage de devenir dentiste.<\/p>\n<p>Au plus fort de la crise des migrants, Mme Merkel d\u00e9clare \u00e0 l&rsquo;Allemagne \u00ab\u00a0Wir schaffen das\u00a0\u00bb (Nous pouvons le faire). Six ans plus tard, beaucoup s&rsquo;accordent \u00e0 dire qu&rsquo;elle avait raison. Le sentiment de crise a disparu depuis longtemps.<\/p>\n<p>Mais une minorit\u00e9 d&rsquo;Allemands est toujours en col\u00e8re. Ils pointent du doigt les crimes et les attaques terroristes commis par des migrants.<\/p>\n<p>Un parti d&rsquo;extr\u00eame droite anti-migration, l&rsquo;AfD, pr\u00e9sent au parlement national, est aliment\u00e9 par un ressentiment persistant, particuli\u00e8rement fort dans l&rsquo;ancien Est communiste.<\/p>\n<p>Lorsque le rideau de fer est tomb\u00e9, les populations de l&rsquo;Est se sont vues promettre le progr\u00e8s et un avenir.<\/p>\n<p>Mais 30 ans plus tard, cette partie a moins d&rsquo;opportunit\u00e9s, des salaires plus bas et des pensions plus faibles que le reste du pays. Il est difficile de convaincre les jeunes de rester.<\/p>\n<p>Dans leur schrebergarten (verger) typiquement allemand, Hannelore et ses amis disent qu&rsquo;ils pensaient que Merkel ferait plus pour l&rsquo;ancien Est. Apr\u00e8s tout, la chanceli\u00e8re elle-m\u00eame a grandi de ce c\u00f4t\u00e9-ci du rideau de fer.<\/p>\n<p>D\u00e9sabus\u00e9s par les partis politiques allemands \u00e9tablis de longue date, ils votent d\u00e9sormais pour l&rsquo;AfD.<\/p>\n<p>\u00ab\u00a0Depuis 2015, lorsque les migrants sont arriv\u00e9s sans contr\u00f4le, la situation s&rsquo;est d\u00e9grad\u00e9e pour l&rsquo;Allemagne\u00a0\u00bb, d\u00e9clare Hannelore<\/p>\n<p>Les in\u00e9galit\u00e9s persistent en Allemagne.<\/p>\n<p>Les d\u00e9tracteurs d&rsquo;Angela Merkel estiment par exemple qu&rsquo;elle aurait pu faire davantage pour r\u00e9duire l&rsquo;\u00e9cart de r\u00e9mun\u00e9ration entre les hommes et les femmes, qui est l&rsquo;un des pires d&rsquo;Europe, ou encourager davantage de femmes \u00e0 occuper des postes \u00e0 responsabilit\u00e9 dans la politique et les affaires.<\/p>\n<p>\u00ab\u00a0Elle a essay\u00e9\u00a0\u00bb, d\u00e9clare Daniela Schwarzer, de l&rsquo;Open Society Foundation.<\/p>\n<p>Comme beaucoup d&rsquo;autres membres de cette organisation internationale, Mme Schwarzer estime que, du simple fait qu&rsquo;elle occupe la plus haute fonction en Allemagne, Mme Merkel a \u00e9t\u00e9 un puissant mod\u00e8le pour les jeunes femmes.<\/p>\n<p>\u00ab\u00a0Quand on entend parler de son mandat \u00e0 la chancellerie, il y avait des femmes \u00e0 des postes cl\u00e9s, et elle a choisi des femmes comme proches conseill\u00e8res\u00a0\u00bb.<\/p>\n<p>Mme Merkel reste une figure populaire dans ce pays.<\/p>\n<p>\u00ab\u00a0\u00c0 long terme, les gens verront que ces 16 ann\u00e9es, dans l&rsquo;ensemble, ont \u00e9t\u00e9 plut\u00f4t r\u00e9ussies, non seulement sur le plan \u00e9conomique, mais aussi pour fa\u00e7onner le pays afin de le pr\u00e9parer \u00e0 un avenir qui ne sera pas facile\u00a0\u00bb, d\u00e9clare le professeur Magnus Brechtken de l&rsquo;Institut d&rsquo;histoire contemporaine de Munich.<\/p>\n<p>Son h\u00e9ritage est d&rsquo;avoir repr\u00e9sent\u00e9 une pens\u00e9e \u00ab\u00a0rationnelle, pragmatique et orient\u00e9e vers les solutions\u00a0\u00bb, dans un monde qu&rsquo;il consid\u00e8re comme davantage fa\u00e7onn\u00e9 par des personnes ayant adopt\u00e9 une approche nationaliste, irrationnelle, narcissique ou populiste.<\/p>\n<p>\u00c0 premi\u00e8re vue, le monde de la politique allemande peut sembler plut\u00f4t terne. Il s&rsquo;agit de compromis, de consensus et de continuit\u00e9.<\/p>\n<p>En ce sens, Mme Merkel a donn\u00e9 \u00e0 son pays ce que l&rsquo;on attend d&rsquo;un dirigeant : une voix calme dans un monde turbulent et changeant.<\/p>\n","protected":false},"excerpt":{"rendered":"<p>Africa-Press &#8211; Niger. Angela Merkel, l&rsquo;un des dirigeants les plus influents du monde, a contribu\u00e9 \u00e0 fa\u00e7onner le cours de la politique europ\u00e9enne et mondiale. Mais au cours de ses 16 ann\u00e9es en tant que chanceli\u00e8re allemande, elle a \u00e9galement eu un impact consid\u00e9rable sur son pays, transformant la vie de millions de personnes pour [&hellip;]<\/p>\n","protected":false},"author":82,"featured_media":12174,"comment_status":"open","ping_status":"closed","sticky":false,"template":"","format":"standard","meta":{"footnotes":""},"categories":[22,11,10],"tags":[55,60,574,573,29],"class_list":["post-12175","post","type-post","status-publish","format-standard","has-post-thumbnail","hentry","category-divers","category-homepage-french","category-toutes-les-actualites","tag-africa-press","tag-africa-press-niger","tag-angela-merkel","tag-generation","tag-niger"],"yoast_head":"<!-- This site is optimized with the Yoast SEO Premium plugin v26.1 (Yoast SEO v27.0) - https:\/\/yoast.com\/product\/yoast-seo-premium-wordpress\/ -->\n<title>Angela Merkel : comment la Chanceli\u00e8re a fa\u00e7onn\u00e9 toute une g\u00e9n\u00e9ration en Allemagne - niger<\/title>\n<meta name=\"description\" content=\"Angela Merkel, l&#039;un des dirigeants les plus influents du monde, a contribu\u00e9 \u00e0 fa\u00e7onner le cours de la politique europ\u00e9en ...\" \/>\n<meta name=\"robots\" content=\"index, follow, max-snippet:-1, max-image-preview:large, max-video-preview:-1\" \/>\n<link rel=\"canonical\" href=\"https:\/\/www.africa-press.net\/niger\/toutes-les-actualites\/angela-merkel-comment-la-chanceliere-a-faconne-toute-une-generation-en-allemagne\" \/>\n<meta property=\"og:locale\" content=\"fr_FR\" \/>\n<meta property=\"og:type\" content=\"article\" \/>\n<meta property=\"og:title\" content=\"Angela Merkel : comment la Chanceli\u00e8re a fa\u00e7onn\u00e9 toute une g\u00e9n\u00e9ration en Allemagne\" \/>\n<meta property=\"og:description\" content=\"Angela Merkel, l&#039;un des dirigeants les plus influents du monde, a contribu\u00e9 \u00e0 fa\u00e7onner le cours de la politique europ\u00e9en ...\" \/>\n<meta property=\"og:url\" content=\"https:\/\/www.africa-press.net\/niger\/toutes-les-actualites\/angela-merkel-comment-la-chanceliere-a-faconne-toute-une-generation-en-allemagne\" \/>\n<meta property=\"og:site_name\" content=\"niger\" \/>\n<meta property=\"article:published_time\" content=\"2021-09-21T12:05:24+00:00\" \/>\n<meta property=\"article:modified_time\" content=\"2021-09-21T20:42:03+00:00\" \/>\n<meta property=\"og:image\" content=\"https:\/\/static.africa-press.net\/niger\/sites\/40\/2021\/09\/img-6149e08f30b7d.jpg\" \/>\n\t<meta property=\"og:image:width\" content=\"720\" \/>\n\t<meta property=\"og:image:height\" content=\"360\" \/>\n\t<meta property=\"og:image:type\" content=\"image\/jpeg\" \/>\n<meta name=\"author\" content=\"cfeditorfr\" \/>\n<meta name=\"twitter:card\" content=\"summary_large_image\" \/>\n<meta name=\"twitter:label1\" content=\"\u00c9crit par\" \/>\n\t<meta name=\"twitter:data1\" content=\"cfeditorfr\" \/>\n\t<meta name=\"twitter:label2\" content=\"Dur\u00e9e de lecture estim\u00e9e\" \/>\n\t<meta name=\"twitter:data2\" content=\"7 minutes\" \/>\n<script type=\"application\/ld+json\" class=\"yoast-schema-graph\">{\"@context\":\"https:\/\/schema.org\",\"@graph\":[{\"@type\":\"Article\",\"@id\":\"https:\/\/www.africa-press.net\/niger\/toutes-les-actualites\/angela-merkel-comment-la-chanceliere-a-faconne-toute-une-generation-en-allemagne#article\",\"isPartOf\":{\"@id\":\"https:\/\/www.africa-press.net\/niger\/toutes-les-actualites\/angela-merkel-comment-la-chanceliere-a-faconne-toute-une-generation-en-allemagne\"},\"author\":{\"name\":\"cfeditorfr\",\"@id\":\"https:\/\/www.africa-press.net\/niger\/#\/schema\/person\/2b1cf3cd81a31e3cd26889ca66d677f1\"},\"headline\":\"Angela Merkel : comment la Chanceli\u00e8re a fa\u00e7onn\u00e9 toute une g\u00e9n\u00e9ration en Allemagne\",\"datePublished\":\"2021-09-21T12:05:24+00:00\",\"dateModified\":\"2021-09-21T20:42:03+00:00\",\"mainEntityOfPage\":{\"@id\":\"https:\/\/www.africa-press.net\/niger\/toutes-les-actualites\/angela-merkel-comment-la-chanceliere-a-faconne-toute-une-generation-en-allemagne\"},\"wordCount\":1411,\"commentCount\":0,\"image\":{\"@id\":\"https:\/\/www.africa-press.net\/niger\/toutes-les-actualites\/angela-merkel-comment-la-chanceliere-a-faconne-toute-une-generation-en-allemagne#primaryimage\"},\"thumbnailUrl\":\"https:\/\/static.africa-press.net\/niger\/sites\/40\/2021\/09\/img-6149e08f30b7d.jpg\",\"keywords\":[\"Africa Press\",\"Africa Press-Niger\",\"Angela Merkel\",\"g\u00e9n\u00e9ration\",\"Niger\"],\"articleSection\":[\"Divers\",\"homepage-french\",\"Toutes les actualit\u00e9s\"],\"inLanguage\":\"fr-FR\",\"potentialAction\":[{\"@type\":\"CommentAction\",\"name\":\"Comment\",\"target\":[\"https:\/\/www.africa-press.net\/niger\/toutes-les-actualites\/angela-merkel-comment-la-chanceliere-a-faconne-toute-une-generation-en-allemagne#respond\"]}]},{\"@type\":\"WebPage\",\"@id\":\"https:\/\/www.africa-press.net\/niger\/toutes-les-actualites\/angela-merkel-comment-la-chanceliere-a-faconne-toute-une-generation-en-allemagne\",\"url\":\"https:\/\/www.africa-press.net\/niger\/toutes-les-actualites\/angela-merkel-comment-la-chanceliere-a-faconne-toute-une-generation-en-allemagne\",\"name\":\"Angela Merkel : comment la Chanceli\u00e8re a fa\u00e7onn\u00e9 toute une g\u00e9n\u00e9ration en Allemagne - niger\",\"isPartOf\":{\"@id\":\"https:\/\/www.africa-press.net\/niger\/#website\"},\"primaryImageOfPage\":{\"@id\":\"https:\/\/www.africa-press.net\/niger\/toutes-les-actualites\/angela-merkel-comment-la-chanceliere-a-faconne-toute-une-generation-en-allemagne#primaryimage\"},\"image\":{\"@id\":\"https:\/\/www.africa-press.net\/niger\/toutes-les-actualites\/angela-merkel-comment-la-chanceliere-a-faconne-toute-une-generation-en-allemagne#primaryimage\"},\"thumbnailUrl\":\"https:\/\/static.africa-press.net\/niger\/sites\/40\/2021\/09\/img-6149e08f30b7d.jpg\",\"datePublished\":\"2021-09-21T12:05:24+00:00\",\"dateModified\":\"2021-09-21T20:42:03+00:00\",\"author\":{\"@id\":\"https:\/\/www.africa-press.net\/niger\/#\/schema\/person\/2b1cf3cd81a31e3cd26889ca66d677f1\"},\"description\":\"Angela Merkel, l'un des dirigeants les plus influents du monde, a contribu\u00e9 \u00e0 fa\u00e7onner le cours de la politique europ\u00e9en ...\",\"breadcrumb\":{\"@id\":\"https:\/\/www.africa-press.net\/niger\/toutes-les-actualites\/angela-merkel-comment-la-chanceliere-a-faconne-toute-une-generation-en-allemagne#breadcrumb\"},\"inLanguage\":\"fr-FR\",\"potentialAction\":[{\"@type\":\"ReadAction\",\"target\":[\"https:\/\/www.africa-press.net\/niger\/toutes-les-actualites\/angela-merkel-comment-la-chanceliere-a-faconne-toute-une-generation-en-allemagne\"]}]},{\"@type\":\"ImageObject\",\"inLanguage\":\"fr-FR\",\"@id\":\"https:\/\/www.africa-press.net\/niger\/toutes-les-actualites\/angela-merkel-comment-la-chanceliere-a-faconne-toute-une-generation-en-allemagne#primaryimage\",\"url\":\"https:\/\/static.africa-press.net\/niger\/sites\/40\/2021\/09\/img-6149e08f30b7d.jpg\",\"contentUrl\":\"https:\/\/static.africa-press.net\/niger\/sites\/40\/2021\/09\/img-6149e08f30b7d.jpg\",\"width\":720,\"height\":360,\"caption\":\"Angela Merkel : comment la Chanceli\u00e8re a fa\u00e7onn\u00e9 toute une g\u00e9n\u00e9ration en Allemagne\"},{\"@type\":\"BreadcrumbList\",\"@id\":\"https:\/\/www.africa-press.net\/niger\/toutes-les-actualites\/angela-merkel-comment-la-chanceliere-a-faconne-toute-une-generation-en-allemagne#breadcrumb\",\"itemListElement\":[{\"@type\":\"ListItem\",\"position\":1,\"name\":\"Accueil\",\"item\":\"https:\/\/www.africa-press.net\/niger\/\"},{\"@type\":\"ListItem\",\"position\":2,\"name\":\"Angela Merkel : comment la Chanceli\u00e8re a fa\u00e7onn\u00e9 toute une g\u00e9n\u00e9ration en Allemagne\"}]},{\"@type\":\"WebSite\",\"@id\":\"https:\/\/www.africa-press.net\/niger\/#website\",\"url\":\"https:\/\/www.africa-press.net\/niger\/\",\"name\":\"niger\",\"description\":\"Just another Africa News Agency Sites site\",\"potentialAction\":[{\"@type\":\"SearchAction\",\"target\":{\"@type\":\"EntryPoint\",\"urlTemplate\":\"https:\/\/www.africa-press.net\/niger\/?s={search_term_string}\"},\"query-input\":{\"@type\":\"PropertyValueSpecification\",\"valueRequired\":true,\"valueName\":\"search_term_string\"}}],\"inLanguage\":\"fr-FR\"},{\"@type\":\"Person\",\"@id\":\"https:\/\/www.africa-press.net\/niger\/#\/schema\/person\/2b1cf3cd81a31e3cd26889ca66d677f1\",\"name\":\"cfeditorfr\"}]}<\/script>\n<!-- \/ Yoast SEO Premium plugin. -->","yoast_head_json":{"title":"Angela Merkel : comment la Chanceli\u00e8re a fa\u00e7onn\u00e9 toute une g\u00e9n\u00e9ration en Allemagne - niger","description":"Angela Merkel, l'un des dirigeants les plus influents du monde, a contribu\u00e9 \u00e0 fa\u00e7onner le cours de la politique europ\u00e9en ...","robots":{"index":"index","follow":"follow","max-snippet":"max-snippet:-1","max-image-preview":"max-image-preview:large","max-video-preview":"max-video-preview:-1"},"canonical":"https:\/\/www.africa-press.net\/niger\/toutes-les-actualites\/angela-merkel-comment-la-chanceliere-a-faconne-toute-une-generation-en-allemagne","og_locale":"fr_FR","og_type":"article","og_title":"Angela Merkel : comment la Chanceli\u00e8re a fa\u00e7onn\u00e9 toute une g\u00e9n\u00e9ration en Allemagne","og_description":"Angela Merkel, l'un des dirigeants les plus influents du monde, a contribu\u00e9 \u00e0 fa\u00e7onner le cours de la politique europ\u00e9en ...","og_url":"https:\/\/www.africa-press.net\/niger\/toutes-les-actualites\/angela-merkel-comment-la-chanceliere-a-faconne-toute-une-generation-en-allemagne","og_site_name":"niger","article_published_time":"2021-09-21T12:05:24+00:00","article_modified_time":"2021-09-21T20:42:03+00:00","og_image":[{"width":720,"height":360,"url":"https:\/\/static.africa-press.net\/niger\/sites\/40\/2021\/09\/img-6149e08f30b7d.jpg","type":"image\/jpeg"}],"author":"cfeditorfr","twitter_card":"summary_large_image","twitter_misc":{"\u00c9crit par":"cfeditorfr","Dur\u00e9e de lecture estim\u00e9e":"7 minutes"},"schema":{"@context":"https:\/\/schema.org","@graph":[{"@type":"Article","@id":"https:\/\/www.africa-press.net\/niger\/toutes-les-actualites\/angela-merkel-comment-la-chanceliere-a-faconne-toute-une-generation-en-allemagne#article","isPartOf":{"@id":"https:\/\/www.africa-press.net\/niger\/toutes-les-actualites\/angela-merkel-comment-la-chanceliere-a-faconne-toute-une-generation-en-allemagne"},"author":{"name":"cfeditorfr","@id":"https:\/\/www.africa-press.net\/niger\/#\/schema\/person\/2b1cf3cd81a31e3cd26889ca66d677f1"},"headline":"Angela Merkel : comment la Chanceli\u00e8re a fa\u00e7onn\u00e9 toute une g\u00e9n\u00e9ration en Allemagne","datePublished":"2021-09-21T12:05:24+00:00","dateModified":"2021-09-21T20:42:03+00:00","mainEntityOfPage":{"@id":"https:\/\/www.africa-press.net\/niger\/toutes-les-actualites\/angela-merkel-comment-la-chanceliere-a-faconne-toute-une-generation-en-allemagne"},"wordCount":1411,"commentCount":0,"image":{"@id":"https:\/\/www.africa-press.net\/niger\/toutes-les-actualites\/angela-merkel-comment-la-chanceliere-a-faconne-toute-une-generation-en-allemagne#primaryimage"},"thumbnailUrl":"https:\/\/static.africa-press.net\/niger\/sites\/40\/2021\/09\/img-6149e08f30b7d.jpg","keywords":["Africa Press","Africa Press-Niger","Angela Merkel","g\u00e9n\u00e9ration","Niger"],"articleSection":["Divers","homepage-french","Toutes les actualit\u00e9s"],"inLanguage":"fr-FR","potentialAction":[{"@type":"CommentAction","name":"Comment","target":["https:\/\/www.africa-press.net\/niger\/toutes-les-actualites\/angela-merkel-comment-la-chanceliere-a-faconne-toute-une-generation-en-allemagne#respond"]}]},{"@type":"WebPage","@id":"https:\/\/www.africa-press.net\/niger\/toutes-les-actualites\/angela-merkel-comment-la-chanceliere-a-faconne-toute-une-generation-en-allemagne","url":"https:\/\/www.africa-press.net\/niger\/toutes-les-actualites\/angela-merkel-comment-la-chanceliere-a-faconne-toute-une-generation-en-allemagne","name":"Angela Merkel : comment la Chanceli\u00e8re a fa\u00e7onn\u00e9 toute une g\u00e9n\u00e9ration en Allemagne - niger","isPartOf":{"@id":"https:\/\/www.africa-press.net\/niger\/#website"},"primaryImageOfPage":{"@id":"https:\/\/www.africa-press.net\/niger\/toutes-les-actualites\/angela-merkel-comment-la-chanceliere-a-faconne-toute-une-generation-en-allemagne#primaryimage"},"image":{"@id":"https:\/\/www.africa-press.net\/niger\/toutes-les-actualites\/angela-merkel-comment-la-chanceliere-a-faconne-toute-une-generation-en-allemagne#primaryimage"},"thumbnailUrl":"https:\/\/static.africa-press.net\/niger\/sites\/40\/2021\/09\/img-6149e08f30b7d.jpg","datePublished":"2021-09-21T12:05:24+00:00","dateModified":"2021-09-21T20:42:03+00:00","author":{"@id":"https:\/\/www.africa-press.net\/niger\/#\/schema\/person\/2b1cf3cd81a31e3cd26889ca66d677f1"},"description":"Angela Merkel, l'un des dirigeants les plus influents du monde, a contribu\u00e9 \u00e0 fa\u00e7onner le cours de la politique europ\u00e9en ...","breadcrumb":{"@id":"https:\/\/www.africa-press.net\/niger\/toutes-les-actualites\/angela-merkel-comment-la-chanceliere-a-faconne-toute-une-generation-en-allemagne#breadcrumb"},"inLanguage":"fr-FR","potentialAction":[{"@type":"ReadAction","target":["https:\/\/www.africa-press.net\/niger\/toutes-les-actualites\/angela-merkel-comment-la-chanceliere-a-faconne-toute-une-generation-en-allemagne"]}]},{"@type":"ImageObject","inLanguage":"fr-FR","@id":"https:\/\/www.africa-press.net\/niger\/toutes-les-actualites\/angela-merkel-comment-la-chanceliere-a-faconne-toute-une-generation-en-allemagne#primaryimage","url":"https:\/\/static.africa-press.net\/niger\/sites\/40\/2021\/09\/img-6149e08f30b7d.jpg","contentUrl":"https:\/\/static.africa-press.net\/niger\/sites\/40\/2021\/09\/img-6149e08f30b7d.jpg","width":720,"height":360,"caption":"Angela Merkel : comment la Chanceli\u00e8re a fa\u00e7onn\u00e9 toute une g\u00e9n\u00e9ration en Allemagne"},{"@type":"BreadcrumbList","@id":"https:\/\/www.africa-press.net\/niger\/toutes-les-actualites\/angela-merkel-comment-la-chanceliere-a-faconne-toute-une-generation-en-allemagne#breadcrumb","itemListElement":[{"@type":"ListItem","position":1,"name":"Accueil","item":"https:\/\/www.africa-press.net\/niger\/"},{"@type":"ListItem","position":2,"name":"Angela Merkel : comment la Chanceli\u00e8re a fa\u00e7onn\u00e9 toute une g\u00e9n\u00e9ration en Allemagne"}]},{"@type":"WebSite","@id":"https:\/\/www.africa-press.net\/niger\/#website","url":"https:\/\/www.africa-press.net\/niger\/","name":"niger","description":"Just another Africa News Agency Sites site","potentialAction":[{"@type":"SearchAction","target":{"@type":"EntryPoint","urlTemplate":"https:\/\/www.africa-press.net\/niger\/?s={search_term_string}"},"query-input":{"@type":"PropertyValueSpecification","valueRequired":true,"valueName":"search_term_string"}}],"inLanguage":"fr-FR"},{"@type":"Person","@id":"https:\/\/www.africa-press.net\/niger\/#\/schema\/person\/2b1cf3cd81a31e3cd26889ca66d677f1","name":"cfeditorfr"}]}},"_links":{"self":[{"href":"https:\/\/www.africa-press.net\/niger\/wp-json\/wp\/v2\/posts\/12175","targetHints":{"allow":["GET"]}}],"collection":[{"href":"https:\/\/www.africa-press.net\/niger\/wp-json\/wp\/v2\/posts"}],"about":[{"href":"https:\/\/www.africa-press.net\/niger\/wp-json\/wp\/v2\/types\/post"}],"author":[{"embeddable":true,"href":"https:\/\/www.africa-press.net\/niger\/wp-json\/wp\/v2\/users\/82"}],"replies":[{"embeddable":true,"href":"https:\/\/www.africa-press.net\/niger\/wp-json\/wp\/v2\/comments?post=12175"}],"version-history":[{"count":0,"href":"https:\/\/www.africa-press.net\/niger\/wp-json\/wp\/v2\/posts\/12175\/revisions"}],"wp:featuredmedia":[{"embeddable":true,"href":"https:\/\/www.africa-press.net\/niger\/wp-json\/wp\/v2\/media\/12174"}],"wp:attachment":[{"href":"https:\/\/www.africa-press.net\/niger\/wp-json\/wp\/v2\/media?parent=12175"}],"wp:term":[{"taxonomy":"category","embeddable":true,"href":"https:\/\/www.africa-press.net\/niger\/wp-json\/wp\/v2\/categories?post=12175"},{"taxonomy":"post_tag","embeddable":true,"href":"https:\/\/www.africa-press.net\/niger\/wp-json\/wp\/v2\/tags?post=12175"}],"curies":[{"name":"wp","href":"https:\/\/api.w.org\/{rel}","templated":true}]}}