{"id":12200,"date":"2021-09-21T15:20:53","date_gmt":"2021-09-21T15:20:53","guid":{"rendered":"https:\/\/www.africa-press.net\/niger\/?p=12200"},"modified":"2021-09-21T20:43:18","modified_gmt":"2021-09-21T20:43:18","slug":"56eme-edition-de-la-cure-salee-a-ingall-une-edition-rehaussee-par-la-presence-du-president-de-la-republique","status":"publish","type":"post","link":"https:\/\/www.africa-press.net\/niger\/politique\/56eme-edition-de-la-cure-salee-a-ingall-une-edition-rehaussee-par-la-presence-du-president-de-la-republique","title":{"rendered":"56\u00e8me \u00e9dition de la Cure Sal\u00e9e \u00e0 Ingall : Une \u00e9dition rehauss\u00e9e par la pr\u00e9sence du Pr\u00e9sident de la R\u00e9publique"},"content":{"rendered":"<p><span style=\"color: #ff6600\"><strong><a href=\"https:\/\/www.africa-press.net\/\">Africa-Press<\/a> &#8211; <a href=\"https:\/\/www.africa-press.net\/niger\">Niger<\/a>. <\/strong><\/span>\u00abLa cure sal\u00e9e, vecteur de la consolidation de la paix pour une mobilit\u00e9 durable et un d\u00e9veloppement des chaines de valeurs\u00bb, tel est le th\u00e8me de l\u2019\u00e9dition 2021 de la Cure Sal\u00e9e appel\u00e9e aussi festival des nomades ou f\u00eate annuelle des \u00e9leveurs du Niger qui s\u2019est ouverte le samedi 17 septembre \u00e0 Ingall. La c\u00e9r\u00e9monie d\u2019ouverture qui est plac\u00e9 sous la pr\u00e9sidence du ministre de l\u2019\u00c9levage, Porte-parole du gouvernement, M. Tidjani Idrissa Abdoul kadri s\u2019est d\u00e9roul\u00e9e en pr\u00e9sence du Pr\u00e9sident de la R\u00e9publique, Chef de l\u2019\u00c9tat, M. Mohamed Bazoum.<\/p>\n<p>On notait \u00e9galement la pr\u00e9sence des pr\u00e9sidents des institutions de la R\u00e9publique, des d\u00e9put\u00e9s nationaux, des membres du gouvernement, des membres du corps diplomatiques et des responsables des organisations internationales accr\u00e9dit\u00e9es au Niger, ainsi des chefs coutumiers et des d\u00e9l\u00e9gations de pays voisins.<\/p>\n<p>Plusieurs allocutions ont marqu\u00e9 la c\u00e9r\u00e9monie d\u2019ouverture dont celle du maire de la commune rurale d\u2019Ingall, du repr\u00e9sentant des \u00e9leveurs, du pr\u00e9sident du conseil r\u00e9gional d\u2019Agadez, et du gouverneur de la r\u00e9gion d\u2019Agadez.<\/p>\n<p>Le repr\u00e9sentant des \u00e9leveurs, M. Amadou Halilou a indiqu\u00e9 que cet \u00e9v\u00e8nement contribue au renforcement de la coh\u00e9sion sociale, de la coexistence pacifique, de la coop\u00e9ration, de la paix mais aussi de la s\u00e9curit\u00e9 entre les communaut\u00e9s, facilitant ainsi une gestion rationnelle et \u00e9quitable des ressources naturelles. M. Amadou Halilou a aussi salu\u00e9 l\u2019adoption du document de la Politique fonci\u00e8re rurale au Niger ainsi que son plan d\u2019actions le 9 septembre. En effet, ce document de politique fonci\u00e8re est un ensemble de choix et d\u2019orientations strat\u00e9giques permettant \u00e0 l\u2019\u00c9tat de relever les grands d\u00e9fis du d\u00e9veloppement durable du pays y compris ceux relatifs \u00e0 la s\u00e9curit\u00e9 alimentaire, \u00e0 la paix sociale, aux changements climatiques, \u00e0 la pr\u00e9servation de l\u2019environnement. \u00abNous nous engageons comme par le pass\u00e9 \u00e0 accompagner la mise en \u0153uvre de cette politique fonci\u00e8re dont nous souhaitons le d\u00e9marrage effectif dans un bref d\u00e9lai\u00bb, a dit le repr\u00e9sentant des \u00e9leveurs.<\/p>\n<p>En outre, M. Amadou Halilou a rappel\u00e9 que depuis quelques ann\u00e9es le Niger s\u2019est engag\u00e9 \u00e0 mettre en \u0153uvre plusieurs projets et programmes en lien avec l\u2019\u00e9levage et le pastoralisme. Il a enfin souhait\u00e9 une plus grande implication des \u00e9leveurs dans les toutes initiatives concernant le monde rural.<\/p>\n<p>Dans son discours d\u2019ouverture, le ministre de l\u2019Elevage, Porte-parole du gouvernement, M. Tidjani Idrissa Abdoul Kadri a salu\u00e9 la pr\u00e9sence du Chef de l\u2019\u00c9tat. M. Mohamed Bazoum \u00e0 l\u2019\u00e9dition de la Cure Sal\u00e9e de 2021. Cette pr\u00e9sence du Chef de l\u2019Etat \u00abt\u00e9moigne de son profond attachement aux valeurs culturelles de notre pays en g\u00e9n\u00e9ral, \u00e0 l\u2019expression symbolique que repr\u00e9sente la Cure Sal\u00e9e en particulier, mais aussi son engagement r\u00e9solu \u00e0 soutenir et transformer positivement le sous-secteur de l\u2019\u00e9levage\u00bb, a estim\u00e9 le ministre en charge de l\u2019\u00c9levage. Il a par ailleurs indiqu\u00e9 que la Cure Sal\u00e9e est un v\u00e9ritable outil de culture de la paix, de renforcement de l\u2019unit\u00e9 nationale et de la coh\u00e9sion sociale dans la sous-r\u00e9gion ouest africaine et au-del\u00e0 pour tout le continent. Aussi, rench\u00e9rit le ministre en charge de l\u2019\u00c9levage, \u00abla Cure Sal\u00e9e est le lieu o\u00f9 se croisent et se m\u00e9langent dans la symbiose les repr\u00e9sentants de diff\u00e9rentes communaut\u00e9s pastorales dans un esprit de fraternit\u00e9, de solidarit\u00e9, d\u2019\u00e9change et de partage\u00bb.<\/p>\n<p>Le ministre en charge de l\u2019\u00c9levage a not\u00e9 que l\u2019\u00e9levage, plus qu\u2019une activit\u00e9 \u00e9conomique, est un mode de vie au Niger et renferme une dimension sociale, culturelle et politique que les Nig\u00e9riens se doivent de respecter. Ainsi, il a rappel\u00e9 que l\u2019\u00e9levage emploie plus de 87% de la population et 20% vivent exclusivement des activit\u00e9s pastorales. C\u2019est aussi, a-t-il soulign\u00e9, la composante la plus dynamique de l\u2019\u00e9conomie nationale et porteuse de croissance du secteur primaire avec une contribution des produits animaux de plus de 11% \u00e0 la constitution du produit int\u00e9rieur brut ( BIP) et 35 % au BIP agricole, le pla\u00e7ant au premier rang des recettes totales d\u2019exportation des produits agro-sylvo pastoraux. L\u2019\u00e9levage constitue la seconde source de recettes d\u2019exportation du Niger apr\u00e8s les industries extractives. \u00abC\u2019est pourquoi, le gouvernement met en \u0153uvre depuis des ann\u00e9es un certain nombre d\u2019outils strat\u00e9giques dont la strat\u00e9gie de s\u00e9curit\u00e9 alimentaire et nutritionnelle et de d\u00e9veloppement agricole durable; la strat\u00e9gie de d\u00e9veloppement durable de l\u2019\u00e9levage aux fins de booster le secteur et amorcer une r\u00e9elle modernisation et transformation de sa pratique sur toute l\u2019\u00e9tendue du territoire national\u00bb, a d\u00e9clar\u00e9 M. Tidjani Idrissa Abdoul Kadri.<\/p>\n<p>Le ministre de l\u2019\u00c9levage, Porte-parole du gouvernement a r\u00e9affirm\u00e9 l\u2019accompagnement du gouvernement aux \u00e9leveurs dans le domaine de la protection sanitaire des animaux, \u00e0 travers la mise en \u0153uvre d\u2019un programme annuel de vaccination gratuite du cheptel et aussi dans le domaine de la s\u00e9curisation des espaces pastoraux pour assurer une alimentation ad\u00e9quate des animaux dans un contexte de restriction de la mobilit\u00e9 des animaux impos\u00e9e par certains pays voisins.<\/p>\n<p><b>\u00a0<\/b><\/p>\n","protected":false},"excerpt":{"rendered":"<p>Africa-Press &#8211; Niger. \u00abLa cure sal\u00e9e, vecteur de la consolidation de la paix pour une mobilit\u00e9 durable et un d\u00e9veloppement des chaines de valeurs\u00bb, tel est le th\u00e8me de l\u2019\u00e9dition 2021 de la Cure Sal\u00e9e appel\u00e9e aussi festival des nomades ou f\u00eate annuelle des \u00e9leveurs du Niger qui s\u2019est ouverte le samedi 17 septembre \u00e0 [&hellip;]<\/p>\n","protected":false},"author":82,"featured_media":12199,"comment_status":"open","ping_status":"closed","sticky":false,"template":"","format":"standard","meta":{"footnotes":""},"categories":[11,2,10],"tags":[55,60,29],"class_list":["post-12200","post","type-post","status-publish","format-standard","has-post-thumbnail","hentry","category-homepage-french","category-politique","category-toutes-les-actualites","tag-africa-press","tag-africa-press-niger","tag-niger"],"yoast_head":"<!-- This site is optimized with the Yoast SEO Premium plugin v26.1 (Yoast SEO v27.0) - https:\/\/yoast.com\/product\/yoast-seo-premium-wordpress\/ -->\n<title>56\u00e8me \u00e9dition de la Cure Sal\u00e9e \u00e0 Ingall : Une \u00e9dition rehauss\u00e9e par la pr\u00e9sence du Pr\u00e9sident de la R\u00e9publique - niger<\/title>\n<meta name=\"description\" content=\"\ufeff\u00abLa cure sal\u00e9e, vecteur de la consolidation de la paix pour une mobilit\u00e9 durable et un d\u00e9veloppement des chaines de val ...\" \/>\n<meta name=\"robots\" content=\"index, follow, max-snippet:-1, max-image-preview:large, max-video-preview:-1\" \/>\n<link rel=\"canonical\" href=\"https:\/\/www.africa-press.net\/niger\/politique\/56eme-edition-de-la-cure-salee-a-ingall-une-edition-rehaussee-par-la-presence-du-president-de-la-republique\" \/>\n<meta property=\"og:locale\" content=\"fr_FR\" \/>\n<meta property=\"og:type\" content=\"article\" \/>\n<meta property=\"og:title\" content=\"56\u00e8me \u00e9dition de la Cure Sal\u00e9e \u00e0 Ingall : Une \u00e9dition rehauss\u00e9e par la pr\u00e9sence du Pr\u00e9sident de la R\u00e9publique\" \/>\n<meta property=\"og:description\" content=\"\ufeff\u00abLa cure sal\u00e9e, vecteur de la consolidation de la paix pour une mobilit\u00e9 durable et un d\u00e9veloppement des chaines de val ...\" \/>\n<meta property=\"og:url\" content=\"https:\/\/www.africa-press.net\/niger\/politique\/56eme-edition-de-la-cure-salee-a-ingall-une-edition-rehaussee-par-la-presence-du-president-de-la-republique\" \/>\n<meta property=\"og:site_name\" content=\"niger\" \/>\n<meta property=\"article:published_time\" content=\"2021-09-21T15:20:53+00:00\" \/>\n<meta property=\"article:modified_time\" content=\"2021-09-21T20:43:18+00:00\" \/>\n<meta property=\"og:image\" content=\"https:\/\/static.africa-press.net\/niger\/sites\/40\/2021\/09\/img-6149f17ddc4a8.jpg\" \/>\n\t<meta property=\"og:image:width\" content=\"720\" \/>\n\t<meta property=\"og:image:height\" content=\"412\" \/>\n\t<meta property=\"og:image:type\" content=\"image\/jpeg\" \/>\n<meta name=\"author\" content=\"cfeditorfr\" \/>\n<meta name=\"twitter:card\" content=\"summary_large_image\" \/>\n<meta name=\"twitter:label1\" content=\"\u00c9crit par\" \/>\n\t<meta name=\"twitter:data1\" content=\"cfeditorfr\" \/>\n\t<meta name=\"twitter:label2\" content=\"Dur\u00e9e de lecture estim\u00e9e\" \/>\n\t<meta name=\"twitter:data2\" content=\"4 minutes\" \/>\n<script type=\"application\/ld+json\" class=\"yoast-schema-graph\">{\"@context\":\"https:\/\/schema.org\",\"@graph\":[{\"@type\":\"Article\",\"@id\":\"https:\/\/www.africa-press.net\/niger\/politique\/56eme-edition-de-la-cure-salee-a-ingall-une-edition-rehaussee-par-la-presence-du-president-de-la-republique#article\",\"isPartOf\":{\"@id\":\"https:\/\/www.africa-press.net\/niger\/politique\/56eme-edition-de-la-cure-salee-a-ingall-une-edition-rehaussee-par-la-presence-du-president-de-la-republique\"},\"author\":{\"name\":\"cfeditorfr\",\"@id\":\"https:\/\/www.africa-press.net\/niger\/#\/schema\/person\/2b1cf3cd81a31e3cd26889ca66d677f1\"},\"headline\":\"56\u00e8me \u00e9dition de la Cure Sal\u00e9e \u00e0 Ingall : Une \u00e9dition rehauss\u00e9e par la pr\u00e9sence du Pr\u00e9sident de la R\u00e9publique\",\"datePublished\":\"2021-09-21T15:20:53+00:00\",\"dateModified\":\"2021-09-21T20:43:18+00:00\",\"mainEntityOfPage\":{\"@id\":\"https:\/\/www.africa-press.net\/niger\/politique\/56eme-edition-de-la-cure-salee-a-ingall-une-edition-rehaussee-par-la-presence-du-president-de-la-republique\"},\"wordCount\":923,\"commentCount\":0,\"image\":{\"@id\":\"https:\/\/www.africa-press.net\/niger\/politique\/56eme-edition-de-la-cure-salee-a-ingall-une-edition-rehaussee-par-la-presence-du-president-de-la-republique#primaryimage\"},\"thumbnailUrl\":\"https:\/\/static.africa-press.net\/niger\/sites\/40\/2021\/09\/img-6149f17ddc4a8.jpg\",\"keywords\":[\"Africa Press\",\"Africa Press-Niger\",\"Niger\"],\"articleSection\":[\"homepage-french\",\"Politique\",\"Toutes les actualit\u00e9s\"],\"inLanguage\":\"fr-FR\",\"potentialAction\":[{\"@type\":\"CommentAction\",\"name\":\"Comment\",\"target\":[\"https:\/\/www.africa-press.net\/niger\/politique\/56eme-edition-de-la-cure-salee-a-ingall-une-edition-rehaussee-par-la-presence-du-president-de-la-republique#respond\"]}]},{\"@type\":\"WebPage\",\"@id\":\"https:\/\/www.africa-press.net\/niger\/politique\/56eme-edition-de-la-cure-salee-a-ingall-une-edition-rehaussee-par-la-presence-du-president-de-la-republique\",\"url\":\"https:\/\/www.africa-press.net\/niger\/politique\/56eme-edition-de-la-cure-salee-a-ingall-une-edition-rehaussee-par-la-presence-du-president-de-la-republique\",\"name\":\"56\u00e8me \u00e9dition de la Cure Sal\u00e9e \u00e0 Ingall : Une \u00e9dition rehauss\u00e9e par la pr\u00e9sence du Pr\u00e9sident de la R\u00e9publique - niger\",\"isPartOf\":{\"@id\":\"https:\/\/www.africa-press.net\/niger\/#website\"},\"primaryImageOfPage\":{\"@id\":\"https:\/\/www.africa-press.net\/niger\/politique\/56eme-edition-de-la-cure-salee-a-ingall-une-edition-rehaussee-par-la-presence-du-president-de-la-republique#primaryimage\"},\"image\":{\"@id\":\"https:\/\/www.africa-press.net\/niger\/politique\/56eme-edition-de-la-cure-salee-a-ingall-une-edition-rehaussee-par-la-presence-du-president-de-la-republique#primaryimage\"},\"thumbnailUrl\":\"https:\/\/static.africa-press.net\/niger\/sites\/40\/2021\/09\/img-6149f17ddc4a8.jpg\",\"datePublished\":\"2021-09-21T15:20:53+00:00\",\"dateModified\":\"2021-09-21T20:43:18+00:00\",\"author\":{\"@id\":\"https:\/\/www.africa-press.net\/niger\/#\/schema\/person\/2b1cf3cd81a31e3cd26889ca66d677f1\"},\"description\":\"\ufeff\u00abLa cure sal\u00e9e, vecteur de la consolidation de la paix pour une mobilit\u00e9 durable et un d\u00e9veloppement des chaines de val ...\",\"breadcrumb\":{\"@id\":\"https:\/\/www.africa-press.net\/niger\/politique\/56eme-edition-de-la-cure-salee-a-ingall-une-edition-rehaussee-par-la-presence-du-president-de-la-republique#breadcrumb\"},\"inLanguage\":\"fr-FR\",\"potentialAction\":[{\"@type\":\"ReadAction\",\"target\":[\"https:\/\/www.africa-press.net\/niger\/politique\/56eme-edition-de-la-cure-salee-a-ingall-une-edition-rehaussee-par-la-presence-du-president-de-la-republique\"]}]},{\"@type\":\"ImageObject\",\"inLanguage\":\"fr-FR\",\"@id\":\"https:\/\/www.africa-press.net\/niger\/politique\/56eme-edition-de-la-cure-salee-a-ingall-une-edition-rehaussee-par-la-presence-du-president-de-la-republique#primaryimage\",\"url\":\"https:\/\/static.africa-press.net\/niger\/sites\/40\/2021\/09\/img-6149f17ddc4a8.jpg\",\"contentUrl\":\"https:\/\/static.africa-press.net\/niger\/sites\/40\/2021\/09\/img-6149f17ddc4a8.jpg\",\"width\":720,\"height\":412,\"caption\":\"56\u00e8me \u00e9dition de la Cure Sal\u00e9e \u00e0 Ingall : Une \u00e9dition rehauss\u00e9e par la pr\u00e9sence du Pr\u00e9sident de la R\u00e9publique\"},{\"@type\":\"BreadcrumbList\",\"@id\":\"https:\/\/www.africa-press.net\/niger\/politique\/56eme-edition-de-la-cure-salee-a-ingall-une-edition-rehaussee-par-la-presence-du-president-de-la-republique#breadcrumb\",\"itemListElement\":[{\"@type\":\"ListItem\",\"position\":1,\"name\":\"Accueil\",\"item\":\"https:\/\/www.africa-press.net\/niger\/\"},{\"@type\":\"ListItem\",\"position\":2,\"name\":\"56\u00e8me \u00e9dition de la Cure Sal\u00e9e \u00e0 Ingall : Une \u00e9dition rehauss\u00e9e par la pr\u00e9sence du Pr\u00e9sident de la R\u00e9publique\"}]},{\"@type\":\"WebSite\",\"@id\":\"https:\/\/www.africa-press.net\/niger\/#website\",\"url\":\"https:\/\/www.africa-press.net\/niger\/\",\"name\":\"niger\",\"description\":\"Just another Africa News Agency Sites site\",\"potentialAction\":[{\"@type\":\"SearchAction\",\"target\":{\"@type\":\"EntryPoint\",\"urlTemplate\":\"https:\/\/www.africa-press.net\/niger\/?s={search_term_string}\"},\"query-input\":{\"@type\":\"PropertyValueSpecification\",\"valueRequired\":true,\"valueName\":\"search_term_string\"}}],\"inLanguage\":\"fr-FR\"},{\"@type\":\"Person\",\"@id\":\"https:\/\/www.africa-press.net\/niger\/#\/schema\/person\/2b1cf3cd81a31e3cd26889ca66d677f1\",\"name\":\"cfeditorfr\"}]}<\/script>\n<!-- \/ Yoast SEO Premium plugin. -->","yoast_head_json":{"title":"56\u00e8me \u00e9dition de la Cure Sal\u00e9e \u00e0 Ingall : Une \u00e9dition rehauss\u00e9e par la pr\u00e9sence du Pr\u00e9sident de la R\u00e9publique - niger","description":"\ufeff\u00abLa cure sal\u00e9e, vecteur de la consolidation de la paix pour une mobilit\u00e9 durable et un d\u00e9veloppement des chaines de val ...","robots":{"index":"index","follow":"follow","max-snippet":"max-snippet:-1","max-image-preview":"max-image-preview:large","max-video-preview":"max-video-preview:-1"},"canonical":"https:\/\/www.africa-press.net\/niger\/politique\/56eme-edition-de-la-cure-salee-a-ingall-une-edition-rehaussee-par-la-presence-du-president-de-la-republique","og_locale":"fr_FR","og_type":"article","og_title":"56\u00e8me \u00e9dition de la Cure Sal\u00e9e \u00e0 Ingall : Une \u00e9dition rehauss\u00e9e par la pr\u00e9sence du Pr\u00e9sident de la R\u00e9publique","og_description":"\ufeff\u00abLa cure sal\u00e9e, vecteur de la consolidation de la paix pour une mobilit\u00e9 durable et un d\u00e9veloppement des chaines de val ...","og_url":"https:\/\/www.africa-press.net\/niger\/politique\/56eme-edition-de-la-cure-salee-a-ingall-une-edition-rehaussee-par-la-presence-du-president-de-la-republique","og_site_name":"niger","article_published_time":"2021-09-21T15:20:53+00:00","article_modified_time":"2021-09-21T20:43:18+00:00","og_image":[{"width":720,"height":412,"url":"https:\/\/static.africa-press.net\/niger\/sites\/40\/2021\/09\/img-6149f17ddc4a8.jpg","type":"image\/jpeg"}],"author":"cfeditorfr","twitter_card":"summary_large_image","twitter_misc":{"\u00c9crit par":"cfeditorfr","Dur\u00e9e de lecture estim\u00e9e":"4 minutes"},"schema":{"@context":"https:\/\/schema.org","@graph":[{"@type":"Article","@id":"https:\/\/www.africa-press.net\/niger\/politique\/56eme-edition-de-la-cure-salee-a-ingall-une-edition-rehaussee-par-la-presence-du-president-de-la-republique#article","isPartOf":{"@id":"https:\/\/www.africa-press.net\/niger\/politique\/56eme-edition-de-la-cure-salee-a-ingall-une-edition-rehaussee-par-la-presence-du-president-de-la-republique"},"author":{"name":"cfeditorfr","@id":"https:\/\/www.africa-press.net\/niger\/#\/schema\/person\/2b1cf3cd81a31e3cd26889ca66d677f1"},"headline":"56\u00e8me \u00e9dition de la Cure Sal\u00e9e \u00e0 Ingall : Une \u00e9dition rehauss\u00e9e par la pr\u00e9sence du Pr\u00e9sident de la R\u00e9publique","datePublished":"2021-09-21T15:20:53+00:00","dateModified":"2021-09-21T20:43:18+00:00","mainEntityOfPage":{"@id":"https:\/\/www.africa-press.net\/niger\/politique\/56eme-edition-de-la-cure-salee-a-ingall-une-edition-rehaussee-par-la-presence-du-president-de-la-republique"},"wordCount":923,"commentCount":0,"image":{"@id":"https:\/\/www.africa-press.net\/niger\/politique\/56eme-edition-de-la-cure-salee-a-ingall-une-edition-rehaussee-par-la-presence-du-president-de-la-republique#primaryimage"},"thumbnailUrl":"https:\/\/static.africa-press.net\/niger\/sites\/40\/2021\/09\/img-6149f17ddc4a8.jpg","keywords":["Africa Press","Africa Press-Niger","Niger"],"articleSection":["homepage-french","Politique","Toutes les actualit\u00e9s"],"inLanguage":"fr-FR","potentialAction":[{"@type":"CommentAction","name":"Comment","target":["https:\/\/www.africa-press.net\/niger\/politique\/56eme-edition-de-la-cure-salee-a-ingall-une-edition-rehaussee-par-la-presence-du-president-de-la-republique#respond"]}]},{"@type":"WebPage","@id":"https:\/\/www.africa-press.net\/niger\/politique\/56eme-edition-de-la-cure-salee-a-ingall-une-edition-rehaussee-par-la-presence-du-president-de-la-republique","url":"https:\/\/www.africa-press.net\/niger\/politique\/56eme-edition-de-la-cure-salee-a-ingall-une-edition-rehaussee-par-la-presence-du-president-de-la-republique","name":"56\u00e8me \u00e9dition de la Cure Sal\u00e9e \u00e0 Ingall : Une \u00e9dition rehauss\u00e9e par la pr\u00e9sence du Pr\u00e9sident de la R\u00e9publique - niger","isPartOf":{"@id":"https:\/\/www.africa-press.net\/niger\/#website"},"primaryImageOfPage":{"@id":"https:\/\/www.africa-press.net\/niger\/politique\/56eme-edition-de-la-cure-salee-a-ingall-une-edition-rehaussee-par-la-presence-du-president-de-la-republique#primaryimage"},"image":{"@id":"https:\/\/www.africa-press.net\/niger\/politique\/56eme-edition-de-la-cure-salee-a-ingall-une-edition-rehaussee-par-la-presence-du-president-de-la-republique#primaryimage"},"thumbnailUrl":"https:\/\/static.africa-press.net\/niger\/sites\/40\/2021\/09\/img-6149f17ddc4a8.jpg","datePublished":"2021-09-21T15:20:53+00:00","dateModified":"2021-09-21T20:43:18+00:00","author":{"@id":"https:\/\/www.africa-press.net\/niger\/#\/schema\/person\/2b1cf3cd81a31e3cd26889ca66d677f1"},"description":"\ufeff\u00abLa cure sal\u00e9e, vecteur de la consolidation de la paix pour une mobilit\u00e9 durable et un d\u00e9veloppement des chaines de val ...","breadcrumb":{"@id":"https:\/\/www.africa-press.net\/niger\/politique\/56eme-edition-de-la-cure-salee-a-ingall-une-edition-rehaussee-par-la-presence-du-president-de-la-republique#breadcrumb"},"inLanguage":"fr-FR","potentialAction":[{"@type":"ReadAction","target":["https:\/\/www.africa-press.net\/niger\/politique\/56eme-edition-de-la-cure-salee-a-ingall-une-edition-rehaussee-par-la-presence-du-president-de-la-republique"]}]},{"@type":"ImageObject","inLanguage":"fr-FR","@id":"https:\/\/www.africa-press.net\/niger\/politique\/56eme-edition-de-la-cure-salee-a-ingall-une-edition-rehaussee-par-la-presence-du-president-de-la-republique#primaryimage","url":"https:\/\/static.africa-press.net\/niger\/sites\/40\/2021\/09\/img-6149f17ddc4a8.jpg","contentUrl":"https:\/\/static.africa-press.net\/niger\/sites\/40\/2021\/09\/img-6149f17ddc4a8.jpg","width":720,"height":412,"caption":"56\u00e8me \u00e9dition de la Cure Sal\u00e9e \u00e0 Ingall : Une \u00e9dition rehauss\u00e9e par la pr\u00e9sence du Pr\u00e9sident de la R\u00e9publique"},{"@type":"BreadcrumbList","@id":"https:\/\/www.africa-press.net\/niger\/politique\/56eme-edition-de-la-cure-salee-a-ingall-une-edition-rehaussee-par-la-presence-du-president-de-la-republique#breadcrumb","itemListElement":[{"@type":"ListItem","position":1,"name":"Accueil","item":"https:\/\/www.africa-press.net\/niger\/"},{"@type":"ListItem","position":2,"name":"56\u00e8me \u00e9dition de la Cure Sal\u00e9e \u00e0 Ingall : Une \u00e9dition rehauss\u00e9e par la pr\u00e9sence du Pr\u00e9sident de la R\u00e9publique"}]},{"@type":"WebSite","@id":"https:\/\/www.africa-press.net\/niger\/#website","url":"https:\/\/www.africa-press.net\/niger\/","name":"niger","description":"Just another Africa News Agency Sites site","potentialAction":[{"@type":"SearchAction","target":{"@type":"EntryPoint","urlTemplate":"https:\/\/www.africa-press.net\/niger\/?s={search_term_string}"},"query-input":{"@type":"PropertyValueSpecification","valueRequired":true,"valueName":"search_term_string"}}],"inLanguage":"fr-FR"},{"@type":"Person","@id":"https:\/\/www.africa-press.net\/niger\/#\/schema\/person\/2b1cf3cd81a31e3cd26889ca66d677f1","name":"cfeditorfr"}]}},"_links":{"self":[{"href":"https:\/\/www.africa-press.net\/niger\/wp-json\/wp\/v2\/posts\/12200","targetHints":{"allow":["GET"]}}],"collection":[{"href":"https:\/\/www.africa-press.net\/niger\/wp-json\/wp\/v2\/posts"}],"about":[{"href":"https:\/\/www.africa-press.net\/niger\/wp-json\/wp\/v2\/types\/post"}],"author":[{"embeddable":true,"href":"https:\/\/www.africa-press.net\/niger\/wp-json\/wp\/v2\/users\/82"}],"replies":[{"embeddable":true,"href":"https:\/\/www.africa-press.net\/niger\/wp-json\/wp\/v2\/comments?post=12200"}],"version-history":[{"count":0,"href":"https:\/\/www.africa-press.net\/niger\/wp-json\/wp\/v2\/posts\/12200\/revisions"}],"wp:featuredmedia":[{"embeddable":true,"href":"https:\/\/www.africa-press.net\/niger\/wp-json\/wp\/v2\/media\/12199"}],"wp:attachment":[{"href":"https:\/\/www.africa-press.net\/niger\/wp-json\/wp\/v2\/media?parent=12200"}],"wp:term":[{"taxonomy":"category","embeddable":true,"href":"https:\/\/www.africa-press.net\/niger\/wp-json\/wp\/v2\/categories?post=12200"},{"taxonomy":"post_tag","embeddable":true,"href":"https:\/\/www.africa-press.net\/niger\/wp-json\/wp\/v2\/tags?post=12200"}],"curies":[{"name":"wp","href":"https:\/\/api.w.org\/{rel}","templated":true}]}}