{"id":12206,"date":"2021-09-21T15:35:57","date_gmt":"2021-09-21T15:35:57","guid":{"rendered":"https:\/\/www.africa-press.net\/niger\/?p=12206"},"modified":"2021-09-21T20:43:33","modified_gmt":"2021-09-21T20:43:33","slug":"revue-annuelle-du-secteur-de-leducation-et-de-la-formation-la-restitution-des-resultats-de-levaluation-de-la-reforme-curriculaire-au-menu-de-la-rencontre","status":"publish","type":"post","link":"https:\/\/www.africa-press.net\/niger\/culture-et-art\/revue-annuelle-du-secteur-de-leducation-et-de-la-formation-la-restitution-des-resultats-de-levaluation-de-la-reforme-curriculaire-au-menu-de-la-rencontre","title":{"rendered":"Revue annuelle du secteur de l\u2019\u00e9ducation et de la formation : La restitution des r\u00e9sultats de l\u2019\u00e9valuation de la reforme curriculaire au menu de la rencontre"},"content":{"rendered":"<p><span style=\"color: #ff6600\"><strong><a href=\"https:\/\/www.africa-press.net\/\">Africa-Press<\/a> &#8211; <a href=\"https:\/\/www.africa-press.net\/niger\">Niger<\/a>. <\/strong><\/span>Lors des travaux de la revue annuelle du secteur de l\u2019\u00e9ducation et de la formation, des experts internationaux ont restitu\u00e9 ce 20 septembre \u00e0 Niamey, les conclusions de l\u2019enqu\u00eate qu\u2019ils ont conduite sur la r\u00e9forme du curricula au Niger. Cette \u00e9valuation financ\u00e9e par l\u2019Union Europ\u00e9enne permet de d\u00e9gager des perspectives sur les effets de la r\u00e9forme et des perspectives cr\u00e9dibles pour l\u2019avenir du syst\u00e8me \u00e9ducatif nig\u00e9rien. La restitution s\u2019est d\u00e9roul\u00e9e en pr\u00e9sence des gouverneurs des r\u00e9gions de Maradi et Zinder, des cadres principaux de l\u2019\u00e9ducation, de la cheffe de la d\u00e9l\u00e9gation de l\u2019Union Europ\u00e9enne au Niger \u00e9galement, chef de file des PTF du secteur de l\u2019\u00e9ducation, de m\u00eame que celle de plusieurs partenaires et repr\u00e9sentants de la soci\u00e9t\u00e9 civile.<\/p>\n<p>Participant par visioconf\u00e9rence \u00e0 la restitution, MM. Xavier Roegiers, Martin Campaor\u00e9 et Mohamed Miled ont mis en \u00e9vidence, dans leur enqu\u00eate, des qualit\u00e9s certaines li\u00e9es au processus initial de la r\u00e9forme, \u00e0 l\u2019esprit d\u2019une approche ancr\u00e9e dans l\u2019environnement de l\u2019\u00e9l\u00e8ve, \u00e0 la quantit\u00e9 d\u2019outils \u00e9labor\u00e9s et de formations organis\u00e9es, en plus des qualit\u00e9s li\u00e9es \u00e0 une harmonisation m\u00e9thodologique appr\u00e9ciable des disciplines. Les r\u00e9sultats de l\u2019enqu\u00eate montrent \u00e9galement que la plupart des acteurs du syst\u00e8me \u00e9ducatif nig\u00e9rien sont favorables \u00e0 une introduction du bilinguisme dans les \u00e9coles.<\/p>\n<p>Sur un autre plan, les experts de l\u2019\u00e9valuation r\u00e9v\u00e8lent aussi des limites importantes dans plusieurs domaines, \u00e0 savoir le manque de v\u00e9ritables situations complexes \u00e0 traiter par chaque \u00e9l\u00e8ve dans les curricula, l\u2019absence d\u2019une conception bilingue fond\u00e9e sur le transfert de la langue nationale vers le fran\u00e7ais et l\u2019inad\u00e9quation des programmes en langues nationales avec les particularit\u00e9s linguistiques, culturelles et r\u00e9gionales de chaque langue. Les conclusions montrent \u00e9galement des limites dans l\u2019application de la reforme dans une langue nationale qui n\u2019est pas la langue maternelle de tous les \u00e9l\u00e8ves de la classe, la distribution d\u00e9faillante ou tardive du mat\u00e9riel p\u00e9dagogique et l\u2019affectation d\u2019enseignants ne maitrisant pas la langue nationale de leur \u00e9cole ou non form\u00e9s dans des classes exp\u00e9rimentales. D\u2019o\u00f9 les quatre (4) propositions que font les auteurs de l\u2019enqu\u00eate pour reformer le curricula au Niger.<\/p>\n<p>Pendant les \u00e9changes qui ont suivis la restitution, l\u2019ambassadrice de l\u2019Union Europ\u00e9enne au Niger, Mme Denisa-Elena Ionete, a salu\u00e9 le d\u00e9bat public autour la reforme curriculaire, une garantie qui permet de trouver des r\u00e9ponses aux nombreuses questions pos\u00e9es. Elle a rappel\u00e9 que l\u2019\u00e9ducation est un domaine que l\u2019Union europ\u00e9enne et les partenaires du Niger sont pr\u00eats \u00e0 soutenir en vue de continuer \u00ab cet engagement responsable \u00bb et r\u00e9pondre aux questions si importantes pour le pays, ses enfants et les jeunes du Niger. \u00ab Nous allons bien s\u00fbr suivre et analyser les discussions et les conclusions qui en sortiront afin de trouver, ensemble, des solutions et des innovations qui permettent aux enfants et \u00e0 la soci\u00e9t\u00e9 nig\u00e9rienne d\u2019avancer \u00bb, a indiqu\u00e9 Mme Denisa-Elena Ionete.<\/p>\n<p>A sa suite, le secr\u00e9taire g\u00e9n\u00e9ral du minist\u00e8re de l\u2019\u00e9ducation nationale a d\u00e9clar\u00e9 que le Niger a pris l\u2019option souveraine de faire une reforme curriculaire qui sera \u00e9labor\u00e9e par les techniciens nig\u00e9riens pour servir les aspirations et les besoins du pays. \u00ab Cette r\u00e9forme, nous la voulons du pr\u00e9scolaire \u00e0 l\u2019enseignement sup\u00e9rieur. Nous allons nous ouvrir sur les autres langues, mais ce sont nos langues nationales qui seront les mediums d\u2019enseignement et d\u2019apprentissage \u00bb a-t-il insist\u00e9. Pour M. Mohamed Zeidane, le Niger a le bonheur d\u2019avoir plusieurs langues nationales et il incombe aux techniciens de l\u2019enseignement de trouver \u00ab le juste milieu \u00bb, en tenant compte notamment de la soci\u00e9t\u00e9 nig\u00e9rienne et sa demande.<\/p>\n<p>Le secr\u00e9taire g\u00e9n\u00e9ral du minist\u00e8re de l\u2019\u00e9ducation nationale s\u2019est r\u00e9joui des remarques pertinentes soulev\u00e9es par l\u2019enqu\u00eate et a ajout\u00e9 que le pays prendra le temps n\u00e9cessaire pour produire un r\u00e9sultat positif dans sa r\u00e9forme. \u00ab Nous allons patiemment, de fa\u00e7on raisonn\u00e9e et raisonnable, avancer sur notre reforme curriculaire, avec nos partenaires dans les d\u00e9lais que nous estimons les meilleurs et avec les scenarii que nous estimons le meilleurs \u00bb, a-t-il affirm\u00e9. Il a appel\u00e9 l\u2019ensemble des acteurs du secteur \u00e0 conjuguer leurs efforts afin que les priorit\u00e9s du Niger soient les priorit\u00e9s des partenaires.<\/p>\n<p><b>\u00a0<\/b><\/p>\n","protected":false},"excerpt":{"rendered":"<p>Africa-Press &#8211; Niger. Lors des travaux de la revue annuelle du secteur de l\u2019\u00e9ducation et de la formation, des experts internationaux ont restitu\u00e9 ce 20 septembre \u00e0 Niamey, les conclusions de l\u2019enqu\u00eate qu\u2019ils ont conduite sur la r\u00e9forme du curricula au Niger. Cette \u00e9valuation financ\u00e9e par l\u2019Union Europ\u00e9enne permet de d\u00e9gager des perspectives sur les [&hellip;]<\/p>\n","protected":false},"author":82,"featured_media":12205,"comment_status":"open","ping_status":"closed","sticky":false,"template":"","format":"standard","meta":{"footnotes":""},"categories":[5,11,10],"tags":[55,60,29],"class_list":["post-12206","post","type-post","status-publish","format-standard","has-post-thumbnail","hentry","category-culture-et-art","category-homepage-french","category-toutes-les-actualites","tag-africa-press","tag-africa-press-niger","tag-niger"],"yoast_head":"<!-- This site is optimized with the Yoast SEO Premium plugin v26.1 (Yoast SEO v27.0) - https:\/\/yoast.com\/product\/yoast-seo-premium-wordpress\/ -->\n<title>Revue annuelle du secteur de l\u2019\u00e9ducation et de la formation : La restitution des r\u00e9sultats de l\u2019\u00e9valuation de la reforme curriculaire au menu de la rencontre - niger<\/title>\n<meta name=\"description\" content=\"\ufeffLors des travaux de la revue annuelle du secteur de l\u2019\u00e9ducation et de la formation, des experts internationaux ont rest ...\" \/>\n<meta name=\"robots\" content=\"index, follow, max-snippet:-1, max-image-preview:large, max-video-preview:-1\" \/>\n<link rel=\"canonical\" href=\"https:\/\/www.africa-press.net\/niger\/culture-et-art\/revue-annuelle-du-secteur-de-leducation-et-de-la-formation-la-restitution-des-resultats-de-levaluation-de-la-reforme-curriculaire-au-menu-de-la-rencontre\" \/>\n<meta property=\"og:locale\" content=\"fr_FR\" \/>\n<meta property=\"og:type\" content=\"article\" \/>\n<meta property=\"og:title\" content=\"Revue annuelle du secteur de l\u2019\u00e9ducation et de la formation : La restitution des r\u00e9sultats de l\u2019\u00e9valuation de la reforme curriculaire au menu de la rencontre\" \/>\n<meta property=\"og:description\" content=\"\ufeffLors des travaux de la revue annuelle du secteur de l\u2019\u00e9ducation et de la formation, des experts internationaux ont rest ...\" \/>\n<meta property=\"og:url\" content=\"https:\/\/www.africa-press.net\/niger\/culture-et-art\/revue-annuelle-du-secteur-de-leducation-et-de-la-formation-la-restitution-des-resultats-de-levaluation-de-la-reforme-curriculaire-au-menu-de-la-rencontre\" \/>\n<meta property=\"og:site_name\" content=\"niger\" \/>\n<meta property=\"article:published_time\" content=\"2021-09-21T15:35:57+00:00\" \/>\n<meta property=\"article:modified_time\" content=\"2021-09-21T20:43:33+00:00\" \/>\n<meta property=\"og:image\" content=\"https:\/\/static.africa-press.net\/niger\/sites\/40\/2021\/09\/img-6149f1bdc2b4d.jpg\" \/>\n\t<meta property=\"og:image:width\" content=\"720\" \/>\n\t<meta property=\"og:image:height\" content=\"425\" \/>\n\t<meta property=\"og:image:type\" content=\"image\/jpeg\" \/>\n<meta name=\"author\" content=\"cfeditorfr\" \/>\n<meta name=\"twitter:card\" content=\"summary_large_image\" \/>\n<meta name=\"twitter:label1\" content=\"\u00c9crit par\" \/>\n\t<meta name=\"twitter:data1\" content=\"cfeditorfr\" \/>\n\t<meta name=\"twitter:label2\" content=\"Dur\u00e9e de lecture estim\u00e9e\" \/>\n\t<meta name=\"twitter:data2\" content=\"3 minutes\" \/>\n<script type=\"application\/ld+json\" class=\"yoast-schema-graph\">{\"@context\":\"https:\/\/schema.org\",\"@graph\":[{\"@type\":\"Article\",\"@id\":\"https:\/\/www.africa-press.net\/niger\/culture-et-art\/revue-annuelle-du-secteur-de-leducation-et-de-la-formation-la-restitution-des-resultats-de-levaluation-de-la-reforme-curriculaire-au-menu-de-la-rencontre#article\",\"isPartOf\":{\"@id\":\"https:\/\/www.africa-press.net\/niger\/culture-et-art\/revue-annuelle-du-secteur-de-leducation-et-de-la-formation-la-restitution-des-resultats-de-levaluation-de-la-reforme-curriculaire-au-menu-de-la-rencontre\"},\"author\":{\"name\":\"cfeditorfr\",\"@id\":\"https:\/\/www.africa-press.net\/niger\/#\/schema\/person\/2b1cf3cd81a31e3cd26889ca66d677f1\"},\"headline\":\"Revue annuelle du secteur de l\u2019\u00e9ducation et de la formation : La restitution des r\u00e9sultats de l\u2019\u00e9valuation de la reforme curriculaire au menu de la rencontre\",\"datePublished\":\"2021-09-21T15:35:57+00:00\",\"dateModified\":\"2021-09-21T20:43:33+00:00\",\"mainEntityOfPage\":{\"@id\":\"https:\/\/www.africa-press.net\/niger\/culture-et-art\/revue-annuelle-du-secteur-de-leducation-et-de-la-formation-la-restitution-des-resultats-de-levaluation-de-la-reforme-curriculaire-au-menu-de-la-rencontre\"},\"wordCount\":810,\"commentCount\":0,\"image\":{\"@id\":\"https:\/\/www.africa-press.net\/niger\/culture-et-art\/revue-annuelle-du-secteur-de-leducation-et-de-la-formation-la-restitution-des-resultats-de-levaluation-de-la-reforme-curriculaire-au-menu-de-la-rencontre#primaryimage\"},\"thumbnailUrl\":\"https:\/\/static.africa-press.net\/niger\/sites\/40\/2021\/09\/img-6149f1bdc2b4d.jpg\",\"keywords\":[\"Africa Press\",\"Africa Press-Niger\",\"Niger\"],\"articleSection\":[\"Culture et Art\",\"homepage-french\",\"Toutes les actualit\u00e9s\"],\"inLanguage\":\"fr-FR\",\"potentialAction\":[{\"@type\":\"CommentAction\",\"name\":\"Comment\",\"target\":[\"https:\/\/www.africa-press.net\/niger\/culture-et-art\/revue-annuelle-du-secteur-de-leducation-et-de-la-formation-la-restitution-des-resultats-de-levaluation-de-la-reforme-curriculaire-au-menu-de-la-rencontre#respond\"]}]},{\"@type\":\"WebPage\",\"@id\":\"https:\/\/www.africa-press.net\/niger\/culture-et-art\/revue-annuelle-du-secteur-de-leducation-et-de-la-formation-la-restitution-des-resultats-de-levaluation-de-la-reforme-curriculaire-au-menu-de-la-rencontre\",\"url\":\"https:\/\/www.africa-press.net\/niger\/culture-et-art\/revue-annuelle-du-secteur-de-leducation-et-de-la-formation-la-restitution-des-resultats-de-levaluation-de-la-reforme-curriculaire-au-menu-de-la-rencontre\",\"name\":\"Revue annuelle du secteur de l\u2019\u00e9ducation et de la formation : La restitution des r\u00e9sultats de l\u2019\u00e9valuation de la reforme curriculaire au menu de la rencontre - niger\",\"isPartOf\":{\"@id\":\"https:\/\/www.africa-press.net\/niger\/#website\"},\"primaryImageOfPage\":{\"@id\":\"https:\/\/www.africa-press.net\/niger\/culture-et-art\/revue-annuelle-du-secteur-de-leducation-et-de-la-formation-la-restitution-des-resultats-de-levaluation-de-la-reforme-curriculaire-au-menu-de-la-rencontre#primaryimage\"},\"image\":{\"@id\":\"https:\/\/www.africa-press.net\/niger\/culture-et-art\/revue-annuelle-du-secteur-de-leducation-et-de-la-formation-la-restitution-des-resultats-de-levaluation-de-la-reforme-curriculaire-au-menu-de-la-rencontre#primaryimage\"},\"thumbnailUrl\":\"https:\/\/static.africa-press.net\/niger\/sites\/40\/2021\/09\/img-6149f1bdc2b4d.jpg\",\"datePublished\":\"2021-09-21T15:35:57+00:00\",\"dateModified\":\"2021-09-21T20:43:33+00:00\",\"author\":{\"@id\":\"https:\/\/www.africa-press.net\/niger\/#\/schema\/person\/2b1cf3cd81a31e3cd26889ca66d677f1\"},\"description\":\"\ufeffLors des travaux de la revue annuelle du secteur de l\u2019\u00e9ducation et de la formation, des experts internationaux ont rest ...\",\"breadcrumb\":{\"@id\":\"https:\/\/www.africa-press.net\/niger\/culture-et-art\/revue-annuelle-du-secteur-de-leducation-et-de-la-formation-la-restitution-des-resultats-de-levaluation-de-la-reforme-curriculaire-au-menu-de-la-rencontre#breadcrumb\"},\"inLanguage\":\"fr-FR\",\"potentialAction\":[{\"@type\":\"ReadAction\",\"target\":[\"https:\/\/www.africa-press.net\/niger\/culture-et-art\/revue-annuelle-du-secteur-de-leducation-et-de-la-formation-la-restitution-des-resultats-de-levaluation-de-la-reforme-curriculaire-au-menu-de-la-rencontre\"]}]},{\"@type\":\"ImageObject\",\"inLanguage\":\"fr-FR\",\"@id\":\"https:\/\/www.africa-press.net\/niger\/culture-et-art\/revue-annuelle-du-secteur-de-leducation-et-de-la-formation-la-restitution-des-resultats-de-levaluation-de-la-reforme-curriculaire-au-menu-de-la-rencontre#primaryimage\",\"url\":\"https:\/\/static.africa-press.net\/niger\/sites\/40\/2021\/09\/img-6149f1bdc2b4d.jpg\",\"contentUrl\":\"https:\/\/static.africa-press.net\/niger\/sites\/40\/2021\/09\/img-6149f1bdc2b4d.jpg\",\"width\":720,\"height\":425,\"caption\":\"Revue annuelle du secteur de l\u2019\u00e9ducation et de la formation : La restitution des r\u00e9sultats de l\u2019\u00e9valuation de la reforme curriculaire au menu de la rencontre\"},{\"@type\":\"BreadcrumbList\",\"@id\":\"https:\/\/www.africa-press.net\/niger\/culture-et-art\/revue-annuelle-du-secteur-de-leducation-et-de-la-formation-la-restitution-des-resultats-de-levaluation-de-la-reforme-curriculaire-au-menu-de-la-rencontre#breadcrumb\",\"itemListElement\":[{\"@type\":\"ListItem\",\"position\":1,\"name\":\"Accueil\",\"item\":\"https:\/\/www.africa-press.net\/niger\/\"},{\"@type\":\"ListItem\",\"position\":2,\"name\":\"Revue annuelle du secteur de l\u2019\u00e9ducation et de la formation : La restitution des r\u00e9sultats de l\u2019\u00e9valuation de la reforme curriculaire au menu de la rencontre\"}]},{\"@type\":\"WebSite\",\"@id\":\"https:\/\/www.africa-press.net\/niger\/#website\",\"url\":\"https:\/\/www.africa-press.net\/niger\/\",\"name\":\"niger\",\"description\":\"Just another Africa News Agency Sites site\",\"potentialAction\":[{\"@type\":\"SearchAction\",\"target\":{\"@type\":\"EntryPoint\",\"urlTemplate\":\"https:\/\/www.africa-press.net\/niger\/?s={search_term_string}\"},\"query-input\":{\"@type\":\"PropertyValueSpecification\",\"valueRequired\":true,\"valueName\":\"search_term_string\"}}],\"inLanguage\":\"fr-FR\"},{\"@type\":\"Person\",\"@id\":\"https:\/\/www.africa-press.net\/niger\/#\/schema\/person\/2b1cf3cd81a31e3cd26889ca66d677f1\",\"name\":\"cfeditorfr\"}]}<\/script>\n<!-- \/ Yoast SEO Premium plugin. -->","yoast_head_json":{"title":"Revue annuelle du secteur de l\u2019\u00e9ducation et de la formation : La restitution des r\u00e9sultats de l\u2019\u00e9valuation de la reforme curriculaire au menu de la rencontre - niger","description":"\ufeffLors des travaux de la revue annuelle du secteur de l\u2019\u00e9ducation et de la formation, des experts internationaux ont rest ...","robots":{"index":"index","follow":"follow","max-snippet":"max-snippet:-1","max-image-preview":"max-image-preview:large","max-video-preview":"max-video-preview:-1"},"canonical":"https:\/\/www.africa-press.net\/niger\/culture-et-art\/revue-annuelle-du-secteur-de-leducation-et-de-la-formation-la-restitution-des-resultats-de-levaluation-de-la-reforme-curriculaire-au-menu-de-la-rencontre","og_locale":"fr_FR","og_type":"article","og_title":"Revue annuelle du secteur de l\u2019\u00e9ducation et de la formation : La restitution des r\u00e9sultats de l\u2019\u00e9valuation de la reforme curriculaire au menu de la rencontre","og_description":"\ufeffLors des travaux de la revue annuelle du secteur de l\u2019\u00e9ducation et de la formation, des experts internationaux ont rest ...","og_url":"https:\/\/www.africa-press.net\/niger\/culture-et-art\/revue-annuelle-du-secteur-de-leducation-et-de-la-formation-la-restitution-des-resultats-de-levaluation-de-la-reforme-curriculaire-au-menu-de-la-rencontre","og_site_name":"niger","article_published_time":"2021-09-21T15:35:57+00:00","article_modified_time":"2021-09-21T20:43:33+00:00","og_image":[{"width":720,"height":425,"url":"https:\/\/static.africa-press.net\/niger\/sites\/40\/2021\/09\/img-6149f1bdc2b4d.jpg","type":"image\/jpeg"}],"author":"cfeditorfr","twitter_card":"summary_large_image","twitter_misc":{"\u00c9crit par":"cfeditorfr","Dur\u00e9e de lecture estim\u00e9e":"3 minutes"},"schema":{"@context":"https:\/\/schema.org","@graph":[{"@type":"Article","@id":"https:\/\/www.africa-press.net\/niger\/culture-et-art\/revue-annuelle-du-secteur-de-leducation-et-de-la-formation-la-restitution-des-resultats-de-levaluation-de-la-reforme-curriculaire-au-menu-de-la-rencontre#article","isPartOf":{"@id":"https:\/\/www.africa-press.net\/niger\/culture-et-art\/revue-annuelle-du-secteur-de-leducation-et-de-la-formation-la-restitution-des-resultats-de-levaluation-de-la-reforme-curriculaire-au-menu-de-la-rencontre"},"author":{"name":"cfeditorfr","@id":"https:\/\/www.africa-press.net\/niger\/#\/schema\/person\/2b1cf3cd81a31e3cd26889ca66d677f1"},"headline":"Revue annuelle du secteur de l\u2019\u00e9ducation et de la formation : La restitution des r\u00e9sultats de l\u2019\u00e9valuation de la reforme curriculaire au menu de la rencontre","datePublished":"2021-09-21T15:35:57+00:00","dateModified":"2021-09-21T20:43:33+00:00","mainEntityOfPage":{"@id":"https:\/\/www.africa-press.net\/niger\/culture-et-art\/revue-annuelle-du-secteur-de-leducation-et-de-la-formation-la-restitution-des-resultats-de-levaluation-de-la-reforme-curriculaire-au-menu-de-la-rencontre"},"wordCount":810,"commentCount":0,"image":{"@id":"https:\/\/www.africa-press.net\/niger\/culture-et-art\/revue-annuelle-du-secteur-de-leducation-et-de-la-formation-la-restitution-des-resultats-de-levaluation-de-la-reforme-curriculaire-au-menu-de-la-rencontre#primaryimage"},"thumbnailUrl":"https:\/\/static.africa-press.net\/niger\/sites\/40\/2021\/09\/img-6149f1bdc2b4d.jpg","keywords":["Africa Press","Africa Press-Niger","Niger"],"articleSection":["Culture et Art","homepage-french","Toutes les actualit\u00e9s"],"inLanguage":"fr-FR","potentialAction":[{"@type":"CommentAction","name":"Comment","target":["https:\/\/www.africa-press.net\/niger\/culture-et-art\/revue-annuelle-du-secteur-de-leducation-et-de-la-formation-la-restitution-des-resultats-de-levaluation-de-la-reforme-curriculaire-au-menu-de-la-rencontre#respond"]}]},{"@type":"WebPage","@id":"https:\/\/www.africa-press.net\/niger\/culture-et-art\/revue-annuelle-du-secteur-de-leducation-et-de-la-formation-la-restitution-des-resultats-de-levaluation-de-la-reforme-curriculaire-au-menu-de-la-rencontre","url":"https:\/\/www.africa-press.net\/niger\/culture-et-art\/revue-annuelle-du-secteur-de-leducation-et-de-la-formation-la-restitution-des-resultats-de-levaluation-de-la-reforme-curriculaire-au-menu-de-la-rencontre","name":"Revue annuelle du secteur de l\u2019\u00e9ducation et de la formation : La restitution des r\u00e9sultats de l\u2019\u00e9valuation de la reforme curriculaire au menu de la rencontre - niger","isPartOf":{"@id":"https:\/\/www.africa-press.net\/niger\/#website"},"primaryImageOfPage":{"@id":"https:\/\/www.africa-press.net\/niger\/culture-et-art\/revue-annuelle-du-secteur-de-leducation-et-de-la-formation-la-restitution-des-resultats-de-levaluation-de-la-reforme-curriculaire-au-menu-de-la-rencontre#primaryimage"},"image":{"@id":"https:\/\/www.africa-press.net\/niger\/culture-et-art\/revue-annuelle-du-secteur-de-leducation-et-de-la-formation-la-restitution-des-resultats-de-levaluation-de-la-reforme-curriculaire-au-menu-de-la-rencontre#primaryimage"},"thumbnailUrl":"https:\/\/static.africa-press.net\/niger\/sites\/40\/2021\/09\/img-6149f1bdc2b4d.jpg","datePublished":"2021-09-21T15:35:57+00:00","dateModified":"2021-09-21T20:43:33+00:00","author":{"@id":"https:\/\/www.africa-press.net\/niger\/#\/schema\/person\/2b1cf3cd81a31e3cd26889ca66d677f1"},"description":"\ufeffLors des travaux de la revue annuelle du secteur de l\u2019\u00e9ducation et de la formation, des experts internationaux ont rest ...","breadcrumb":{"@id":"https:\/\/www.africa-press.net\/niger\/culture-et-art\/revue-annuelle-du-secteur-de-leducation-et-de-la-formation-la-restitution-des-resultats-de-levaluation-de-la-reforme-curriculaire-au-menu-de-la-rencontre#breadcrumb"},"inLanguage":"fr-FR","potentialAction":[{"@type":"ReadAction","target":["https:\/\/www.africa-press.net\/niger\/culture-et-art\/revue-annuelle-du-secteur-de-leducation-et-de-la-formation-la-restitution-des-resultats-de-levaluation-de-la-reforme-curriculaire-au-menu-de-la-rencontre"]}]},{"@type":"ImageObject","inLanguage":"fr-FR","@id":"https:\/\/www.africa-press.net\/niger\/culture-et-art\/revue-annuelle-du-secteur-de-leducation-et-de-la-formation-la-restitution-des-resultats-de-levaluation-de-la-reforme-curriculaire-au-menu-de-la-rencontre#primaryimage","url":"https:\/\/static.africa-press.net\/niger\/sites\/40\/2021\/09\/img-6149f1bdc2b4d.jpg","contentUrl":"https:\/\/static.africa-press.net\/niger\/sites\/40\/2021\/09\/img-6149f1bdc2b4d.jpg","width":720,"height":425,"caption":"Revue annuelle du secteur de l\u2019\u00e9ducation et de la formation : La restitution des r\u00e9sultats de l\u2019\u00e9valuation de la reforme curriculaire au menu de la rencontre"},{"@type":"BreadcrumbList","@id":"https:\/\/www.africa-press.net\/niger\/culture-et-art\/revue-annuelle-du-secteur-de-leducation-et-de-la-formation-la-restitution-des-resultats-de-levaluation-de-la-reforme-curriculaire-au-menu-de-la-rencontre#breadcrumb","itemListElement":[{"@type":"ListItem","position":1,"name":"Accueil","item":"https:\/\/www.africa-press.net\/niger\/"},{"@type":"ListItem","position":2,"name":"Revue annuelle du secteur de l\u2019\u00e9ducation et de la formation : La restitution des r\u00e9sultats de l\u2019\u00e9valuation de la reforme curriculaire au menu de la rencontre"}]},{"@type":"WebSite","@id":"https:\/\/www.africa-press.net\/niger\/#website","url":"https:\/\/www.africa-press.net\/niger\/","name":"niger","description":"Just another Africa News Agency Sites site","potentialAction":[{"@type":"SearchAction","target":{"@type":"EntryPoint","urlTemplate":"https:\/\/www.africa-press.net\/niger\/?s={search_term_string}"},"query-input":{"@type":"PropertyValueSpecification","valueRequired":true,"valueName":"search_term_string"}}],"inLanguage":"fr-FR"},{"@type":"Person","@id":"https:\/\/www.africa-press.net\/niger\/#\/schema\/person\/2b1cf3cd81a31e3cd26889ca66d677f1","name":"cfeditorfr"}]}},"_links":{"self":[{"href":"https:\/\/www.africa-press.net\/niger\/wp-json\/wp\/v2\/posts\/12206","targetHints":{"allow":["GET"]}}],"collection":[{"href":"https:\/\/www.africa-press.net\/niger\/wp-json\/wp\/v2\/posts"}],"about":[{"href":"https:\/\/www.africa-press.net\/niger\/wp-json\/wp\/v2\/types\/post"}],"author":[{"embeddable":true,"href":"https:\/\/www.africa-press.net\/niger\/wp-json\/wp\/v2\/users\/82"}],"replies":[{"embeddable":true,"href":"https:\/\/www.africa-press.net\/niger\/wp-json\/wp\/v2\/comments?post=12206"}],"version-history":[{"count":0,"href":"https:\/\/www.africa-press.net\/niger\/wp-json\/wp\/v2\/posts\/12206\/revisions"}],"wp:featuredmedia":[{"embeddable":true,"href":"https:\/\/www.africa-press.net\/niger\/wp-json\/wp\/v2\/media\/12205"}],"wp:attachment":[{"href":"https:\/\/www.africa-press.net\/niger\/wp-json\/wp\/v2\/media?parent=12206"}],"wp:term":[{"taxonomy":"category","embeddable":true,"href":"https:\/\/www.africa-press.net\/niger\/wp-json\/wp\/v2\/categories?post=12206"},{"taxonomy":"post_tag","embeddable":true,"href":"https:\/\/www.africa-press.net\/niger\/wp-json\/wp\/v2\/tags?post=12206"}],"curies":[{"name":"wp","href":"https:\/\/api.w.org\/{rel}","templated":true}]}}