{"id":12212,"date":"2021-09-21T15:55:06","date_gmt":"2021-09-21T15:55:06","guid":{"rendered":"https:\/\/www.africa-press.net\/niger\/?p=12212"},"modified":"2021-09-21T20:43:54","modified_gmt":"2021-09-21T20:43:54","slug":"entretien-avec-m-issoufou-oumarou-president-du-conseil-regional-de-tillaberi-je-reviens-du-terrain-et-je-peux-vous-dire-que-nous-sommes-tres-optimistes-sur-les-capacites-de-nos-forces-de-def","status":"publish","type":"post","link":"https:\/\/www.africa-press.net\/niger\/politique\/entretien-avec-m-issoufou-oumarou-president-du-conseil-regional-de-tillaberi-je-reviens-du-terrain-et-je-peux-vous-dire-que-nous-sommes-tres-optimistes-sur-les-capacites-de-nos-forces-de-def","title":{"rendered":"Entretien avec M. Issoufou Oumarou, Pr\u00e9sident du Conseil R\u00e9gional de Tillab\u00e9ri : \u00abJe reviens du terrain et je peux vous dire que nous sommes tr\u00e8s optimistes sur les capacit\u00e9s de nos forces de d\u00e9fense et de s\u00e9curit\u00e9 \u00e0 s\u00e9curiser les populations et leurs biens\u00bb"},"content":{"rendered":"<p><span style=\"color: #ff6600\"><strong><a href=\"https:\/\/www.africa-press.net\/\">Africa-Press<\/a> &#8211; <a href=\"https:\/\/www.africa-press.net\/niger\">Niger<\/a>. <\/strong><\/span>En marge de la c\u00e9r\u00e9monie de soutenance d\u2019une th\u00e8se de Doctorat \u00e0 laquelle il a particip\u00e9, le Pr\u00e9sident du Conseil R\u00e9gional de Tillab\u00e9ri, M. Issoufou Oumarou a accord\u00e9 un entretien \u00e0 l\u2019Office National d\u2019Edition et de Presse (ONEP). L\u2019\u00e9lu de Tillab\u00e9ri s\u2019est exprim\u00e9 sur l\u2019importance de la recherche acad\u00e9mique sur le th\u00e8me de la jeunesse et de la consolidation de la paix. Il est revenu sur la lev\u00e9e de l\u2019interdiction de la circulation des motos dans sa r\u00e9gion, ainsi que sur le soutien de la population et des autorit\u00e9s locales aux Forces de D\u00e9fense et de S\u00e9curit\u00e9. Il s\u2019est enfin prononc\u00e9 sur l\u2019\u00e9lection de plusieurs jeunes enseignants \u00e0 des postes de maires.<\/p>\n<p><b>Vous venez de participer \u00e0 une soutenance de th\u00e8se sur le th\u00e8me \u00abJeunesse et consolidation de la paix dans la r\u00e9gion de Tillab\u00e9ry\u00bb. Qu\u2019est-ce qui a motiv\u00e9 votre d\u00e9placement?<\/b><\/p>\n<p>J\u2019ai d\u00e9cid\u00e9 de faire le d\u00e9placement parce que c\u2019est un th\u00e8me qui nous parait tr\u00e8s important. Comme vous le savez, en tant que Conseil R\u00e9gional, nous sommes en charge de la mise en \u0153uvre des politiques de d\u00e9veloppement dans la r\u00e9gion. Or, tout d\u00e9veloppement est conditionn\u00e9 par l\u2019existence de la paix et repose \u00e9galement sur les jeunes parce que partout o\u00f9 nous avons des conflits, les acteurs principaux sont des jeunes. Donc il y\u2019a vraiment une interrelation, une corr\u00e9lation entre la jeunesse et la paix.<\/p>\n<p>Ce th\u00e8me de th\u00e8se est assez important pour nous en ce sens que notre r\u00e9gion fait face, depuis quelques ann\u00e9es, \u00e0 une ins\u00e9curit\u00e9 qui affecte les conditions de vie, ainsi que les moyens d\u2019existence de nos populations. Tout ce qui touche effectivement au bien-\u00eatre des populations nous affecte et nous pr\u00e9occupe particuli\u00e8rement, d\u2019o\u00f9 notre pr\u00e9sence \u00e0 Niamey.<\/p>\n<p><b>Peut-on affirmer que ce d\u00e9placement t\u00e9moigne de la disponibilit\u00e9 des autorit\u00e9s \u00e0 encourager les recherches portant sur la paix, la consolidation de la paix et la situation des jeunes dans cette r\u00e9gion qui traverse une crise s\u00e9curitaire?<\/b><\/p>\n<p>Permettez-moi de vous dire que, effectivement, l\u2019Etat, \u00e0 travers ses d\u00e9membrements, est en train d\u2019\u0153uvrer jour et nuit pour le retour de la paix dans la r\u00e9gion. Toutes les voies sont explor\u00e9es actuellement pour rendre effectif ce retour de la paix. C\u2019est en ce sens que ce travail de recherche acad\u00e9mique est un outil qui contribuera certainement \u00e0 aller vers la concr\u00e9tisation de la paix dans notre r\u00e9gion.<\/p>\n<p><b>L\u2019Etat vient de lever l\u2019interdiction de circuler \u00e0 moto dans la r\u00e9gion. Quelle est votre r\u00e9action par rapport \u00e0 cela?<\/b><\/p>\n<p>En tant qu\u2019autorit\u00e9 r\u00e9gionale, je remercie l\u2019Etat du Niger pour avoir pris cette d\u00e9cision qui est l\u2019expression d\u2019une volont\u00e9 des populations. Et l\u2019Etat a fini par acc\u00e9der \u00e0 cette demande populaire. Mais il se trouve que, comme toute d\u00e9cision, elle comporte des avantages et des inconv\u00e9nients. Apr\u00e8s la p\u00e9riode d\u2019essai de un mois, la mise en \u0153uvre de cette lev\u00e9e d\u2019interdiction sera \u00e9valu\u00e9e et certainement, l\u2019Etat va tirer les conclusions et voir dans quelles communes faudrait-il continuer \u00e0 autoriser la circulation des motos et dans quelles autres communes il va falloir revenir \u00e0 l\u2019interdiction.<\/p>\n<p>Tout va tourner autour de la prise en compte effective des propositions et des demandes des populations car, nos communes ne vivent pas les m\u00eames situations. En fonction de donn\u00e9es collect\u00e9es durant la phase d\u2019essai et des propositions des populations, les autorit\u00e9s d\u00e9ciderons des suites \u00e0 donner. Nous pensons que la circulation des motos doit servir \u00e0 la relance des activit\u00e9s socio-\u00e9conomique des communaut\u00e9s et non devenir une source d\u2019ins\u00e9curit\u00e9. Dans tous les cas, comme je l\u2019ai dit plus haut, les autorit\u00e9s restent ouvertes aux pr\u00e9occupations, avis et propositions des populations.<\/p>\n<p><b>La s\u00e9curit\u00e9 et l\u2019\u00e9ducation sont les priorit\u00e9s du programme pr\u00e9sidentiel. Vu la r\u00e9installation des populations de l\u2019Anzourou et de Baroua, peut-on dire que vous faites pleinement confiance aux FDS pour s\u00e9curiser les populations?<\/b><\/p>\n<p>Je reviens du terrain et je peux vous dire que nous sommes tr\u00e8s optimistes sur les capacit\u00e9s de nos forces de d\u00e9fense et de s\u00e9curit\u00e9 \u00e0 s\u00e9curiser les populations et leurs biens. D\u2019ailleurs on n\u2019a jamais dout\u00e9 d\u2019elles. Du reste, j\u2019ai constat\u00e9 un engagement sinc\u00e8re des plus hautes autorit\u00e9s de notre pays \u00e0 ramener la paix sur toute l\u2019\u00e9tendue du territoire. Cela dit, comme vous le savez, les acteurs sont aussi nombreux. Nous devrons, chacun en ce qui le concerne, \u0153uvrer dans le sens d\u2019accompagner cet engagement, de le concr\u00e9tiser pour affermir la paix dans nos contr\u00e9es respectives.<\/p>\n<p><b>On constate, \u00e0 la suite des derni\u00e8res \u00e9lections communales, que beaucoup d\u2019enseignants, craie en main pour la plupart, sont \u00e0 la t\u00eate de plusieurs communes de la r\u00e9gion de Tillab\u00e9ri. Est-ce que cette nouvelle force intellectuelle et dynamique va vous aider \u00e0 mieux asseoir l\u2019autorit\u00e9 de l\u2019Etat dans les zones recul\u00e9es?<\/b><\/p>\n<p>Effectivement, c\u2019est par la conjugaison des efforts des uns et des autres et par la mise en commun des intelligences que nous pouvons relever les d\u00e9fis qui se posent au d\u00e9veloppement de nos collectivit\u00e9s d\u2019abord, et par extension au d\u00e9veloppement de notre pays. Je ne doute pas de l\u2019engagement des uns et des autres \u00e0 concr\u00e9tiser cette aspiration. Je voudrai profiter de vos colonnes pour lancer un appel \u00e0 la population pour faciliter la mise en \u0153uvre de cet engagement au niveau des collectivit\u00e9s. Parce que, quels qu\u2019en soient l\u2019engagement et le dynamisme des acteurs \u00e9lus, s\u2019ils n\u2019ont pas le soutien populaire, je vous avoue que la t\u00e2che va \u00eatre difficile. Raison pour laquelle j\u2019appelle la population \u00e0 un \u00e9veil civique et citoyen pour que les d\u00e9fis communs soient relev\u00e9s avec dignit\u00e9 et cordialit\u00e9. Permettez moi de m\u2019incliner devant la m\u00e9moire de tous nos soldats tomb\u00e9s sur le champ d\u2019honneur. Je demande \u00e9galement \u00e0 la population de soutenir et de faciliter le travail des forces de d\u00e9fenses et de s\u00e9curit\u00e9s. Et, je prie Dieu pour que la paix revienne dans notre pays, dans notre r\u00e9gion.<\/p>\n<p><b>\u00a0<\/b><\/p>\n","protected":false},"excerpt":{"rendered":"<p>Africa-Press &#8211; Niger. En marge de la c\u00e9r\u00e9monie de soutenance d\u2019une th\u00e8se de Doctorat \u00e0 laquelle il a particip\u00e9, le Pr\u00e9sident du Conseil R\u00e9gional de Tillab\u00e9ri, M. Issoufou Oumarou a accord\u00e9 un entretien \u00e0 l\u2019Office National d\u2019Edition et de Presse (ONEP). L\u2019\u00e9lu de Tillab\u00e9ri s\u2019est exprim\u00e9 sur l\u2019importance de la recherche acad\u00e9mique sur le th\u00e8me [&hellip;]<\/p>\n","protected":false},"author":82,"featured_media":12211,"comment_status":"open","ping_status":"closed","sticky":false,"template":"","format":"standard","meta":{"footnotes":""},"categories":[11,2,10],"tags":[55,60,29],"class_list":["post-12212","post","type-post","status-publish","format-standard","has-post-thumbnail","hentry","category-homepage-french","category-politique","category-toutes-les-actualites","tag-africa-press","tag-africa-press-niger","tag-niger"],"yoast_head":"<!-- This site is optimized with the Yoast SEO Premium plugin v26.1 (Yoast SEO v27.0) - https:\/\/yoast.com\/product\/yoast-seo-premium-wordpress\/ -->\n<title>Entretien avec M. Issoufou Oumarou, Pr\u00e9sident du Conseil R\u00e9gional de Tillab\u00e9ri : \u00abJe reviens du terrain et je peux vous dire que nous sommes tr\u00e8s optimistes sur les capacit\u00e9s de nos forces de d\u00e9fense et de s\u00e9curit\u00e9 \u00e0 s\u00e9curiser les populations et leurs biens\u00bb - niger<\/title>\n<meta name=\"description\" content=\"\ufeffEn marge de la c\u00e9r\u00e9monie de soutenance d\u2019une th\u00e8se de Doctorat \u00e0 laquelle il a particip\u00e9, le Pr\u00e9sident du Conseil R\u00e9gio ...\" \/>\n<meta name=\"robots\" content=\"index, follow, max-snippet:-1, max-image-preview:large, max-video-preview:-1\" \/>\n<link rel=\"canonical\" href=\"https:\/\/www.africa-press.net\/niger\/politique\/entretien-avec-m-issoufou-oumarou-president-du-conseil-regional-de-tillaberi-je-reviens-du-terrain-et-je-peux-vous-dire-que-nous-sommes-tres-optimistes-sur-les-capacites-de-nos-forces-de-def\" \/>\n<meta property=\"og:locale\" content=\"fr_FR\" \/>\n<meta property=\"og:type\" content=\"article\" \/>\n<meta property=\"og:title\" content=\"Entretien avec M. Issoufou Oumarou, Pr\u00e9sident du Conseil R\u00e9gional de Tillab\u00e9ri : \u00abJe reviens du terrain et je peux vous dire que nous sommes tr\u00e8s optimistes sur les capacit\u00e9s de nos forces de d\u00e9fense et de s\u00e9curit\u00e9 \u00e0 s\u00e9curiser les populations et leurs biens\u00bb\" \/>\n<meta property=\"og:description\" content=\"\ufeffEn marge de la c\u00e9r\u00e9monie de soutenance d\u2019une th\u00e8se de Doctorat \u00e0 laquelle il a particip\u00e9, le Pr\u00e9sident du Conseil R\u00e9gio ...\" \/>\n<meta property=\"og:url\" content=\"https:\/\/www.africa-press.net\/niger\/politique\/entretien-avec-m-issoufou-oumarou-president-du-conseil-regional-de-tillaberi-je-reviens-du-terrain-et-je-peux-vous-dire-que-nous-sommes-tres-optimistes-sur-les-capacites-de-nos-forces-de-def\" \/>\n<meta property=\"og:site_name\" content=\"niger\" \/>\n<meta property=\"article:published_time\" content=\"2021-09-21T15:55:06+00:00\" \/>\n<meta property=\"article:modified_time\" content=\"2021-09-21T20:43:54+00:00\" \/>\n<meta property=\"og:image\" content=\"https:\/\/static.africa-press.net\/niger\/sites\/40\/2021\/09\/img-6149f203be1e4.jpg\" \/>\n\t<meta property=\"og:image:width\" content=\"720\" \/>\n\t<meta property=\"og:image:height\" content=\"464\" \/>\n\t<meta property=\"og:image:type\" content=\"image\/jpeg\" \/>\n<meta name=\"author\" content=\"cfeditorfr\" \/>\n<meta name=\"twitter:card\" content=\"summary_large_image\" \/>\n<meta name=\"twitter:label1\" content=\"\u00c9crit par\" \/>\n\t<meta name=\"twitter:data1\" content=\"cfeditorfr\" \/>\n\t<meta name=\"twitter:label2\" content=\"Dur\u00e9e de lecture estim\u00e9e\" \/>\n\t<meta name=\"twitter:data2\" content=\"5 minutes\" \/>\n<script type=\"application\/ld+json\" class=\"yoast-schema-graph\">{\"@context\":\"https:\/\/schema.org\",\"@graph\":[{\"@type\":\"Article\",\"@id\":\"https:\/\/www.africa-press.net\/niger\/politique\/entretien-avec-m-issoufou-oumarou-president-du-conseil-regional-de-tillaberi-je-reviens-du-terrain-et-je-peux-vous-dire-que-nous-sommes-tres-optimistes-sur-les-capacites-de-nos-forces-de-def#article\",\"isPartOf\":{\"@id\":\"https:\/\/www.africa-press.net\/niger\/politique\/entretien-avec-m-issoufou-oumarou-president-du-conseil-regional-de-tillaberi-je-reviens-du-terrain-et-je-peux-vous-dire-que-nous-sommes-tres-optimistes-sur-les-capacites-de-nos-forces-de-def\"},\"author\":{\"name\":\"cfeditorfr\",\"@id\":\"https:\/\/www.africa-press.net\/niger\/#\/schema\/person\/2b1cf3cd81a31e3cd26889ca66d677f1\"},\"headline\":\"Entretien avec M. Issoufou Oumarou, Pr\u00e9sident du Conseil R\u00e9gional de Tillab\u00e9ri : \u00abJe reviens du terrain et je peux vous dire que nous sommes tr\u00e8s optimistes sur les capacit\u00e9s de nos forces de d\u00e9fense et de s\u00e9curit\u00e9 \u00e0 s\u00e9curiser les populations et leurs biens\u00bb\",\"datePublished\":\"2021-09-21T15:55:06+00:00\",\"dateModified\":\"2021-09-21T20:43:54+00:00\",\"mainEntityOfPage\":{\"@id\":\"https:\/\/www.africa-press.net\/niger\/politique\/entretien-avec-m-issoufou-oumarou-president-du-conseil-regional-de-tillaberi-je-reviens-du-terrain-et-je-peux-vous-dire-que-nous-sommes-tres-optimistes-sur-les-capacites-de-nos-forces-de-def\"},\"wordCount\":1146,\"commentCount\":0,\"image\":{\"@id\":\"https:\/\/www.africa-press.net\/niger\/politique\/entretien-avec-m-issoufou-oumarou-president-du-conseil-regional-de-tillaberi-je-reviens-du-terrain-et-je-peux-vous-dire-que-nous-sommes-tres-optimistes-sur-les-capacites-de-nos-forces-de-def#primaryimage\"},\"thumbnailUrl\":\"https:\/\/static.africa-press.net\/niger\/sites\/40\/2021\/09\/img-6149f203be1e4.jpg\",\"keywords\":[\"Africa Press\",\"Africa Press-Niger\",\"Niger\"],\"articleSection\":[\"homepage-french\",\"Politique\",\"Toutes les actualit\u00e9s\"],\"inLanguage\":\"fr-FR\",\"potentialAction\":[{\"@type\":\"CommentAction\",\"name\":\"Comment\",\"target\":[\"https:\/\/www.africa-press.net\/niger\/politique\/entretien-avec-m-issoufou-oumarou-president-du-conseil-regional-de-tillaberi-je-reviens-du-terrain-et-je-peux-vous-dire-que-nous-sommes-tres-optimistes-sur-les-capacites-de-nos-forces-de-def#respond\"]}]},{\"@type\":\"WebPage\",\"@id\":\"https:\/\/www.africa-press.net\/niger\/politique\/entretien-avec-m-issoufou-oumarou-president-du-conseil-regional-de-tillaberi-je-reviens-du-terrain-et-je-peux-vous-dire-que-nous-sommes-tres-optimistes-sur-les-capacites-de-nos-forces-de-def\",\"url\":\"https:\/\/www.africa-press.net\/niger\/politique\/entretien-avec-m-issoufou-oumarou-president-du-conseil-regional-de-tillaberi-je-reviens-du-terrain-et-je-peux-vous-dire-que-nous-sommes-tres-optimistes-sur-les-capacites-de-nos-forces-de-def\",\"name\":\"Entretien avec M. Issoufou Oumarou, Pr\u00e9sident du Conseil R\u00e9gional de Tillab\u00e9ri : \u00abJe reviens du terrain et je peux vous dire que nous sommes tr\u00e8s optimistes sur les capacit\u00e9s de nos forces de d\u00e9fense et de s\u00e9curit\u00e9 \u00e0 s\u00e9curiser les populations et leurs biens\u00bb - niger\",\"isPartOf\":{\"@id\":\"https:\/\/www.africa-press.net\/niger\/#website\"},\"primaryImageOfPage\":{\"@id\":\"https:\/\/www.africa-press.net\/niger\/politique\/entretien-avec-m-issoufou-oumarou-president-du-conseil-regional-de-tillaberi-je-reviens-du-terrain-et-je-peux-vous-dire-que-nous-sommes-tres-optimistes-sur-les-capacites-de-nos-forces-de-def#primaryimage\"},\"image\":{\"@id\":\"https:\/\/www.africa-press.net\/niger\/politique\/entretien-avec-m-issoufou-oumarou-president-du-conseil-regional-de-tillaberi-je-reviens-du-terrain-et-je-peux-vous-dire-que-nous-sommes-tres-optimistes-sur-les-capacites-de-nos-forces-de-def#primaryimage\"},\"thumbnailUrl\":\"https:\/\/static.africa-press.net\/niger\/sites\/40\/2021\/09\/img-6149f203be1e4.jpg\",\"datePublished\":\"2021-09-21T15:55:06+00:00\",\"dateModified\":\"2021-09-21T20:43:54+00:00\",\"author\":{\"@id\":\"https:\/\/www.africa-press.net\/niger\/#\/schema\/person\/2b1cf3cd81a31e3cd26889ca66d677f1\"},\"description\":\"\ufeffEn marge de la c\u00e9r\u00e9monie de soutenance d\u2019une th\u00e8se de Doctorat \u00e0 laquelle il a particip\u00e9, le Pr\u00e9sident du Conseil R\u00e9gio ...\",\"breadcrumb\":{\"@id\":\"https:\/\/www.africa-press.net\/niger\/politique\/entretien-avec-m-issoufou-oumarou-president-du-conseil-regional-de-tillaberi-je-reviens-du-terrain-et-je-peux-vous-dire-que-nous-sommes-tres-optimistes-sur-les-capacites-de-nos-forces-de-def#breadcrumb\"},\"inLanguage\":\"fr-FR\",\"potentialAction\":[{\"@type\":\"ReadAction\",\"target\":[\"https:\/\/www.africa-press.net\/niger\/politique\/entretien-avec-m-issoufou-oumarou-president-du-conseil-regional-de-tillaberi-je-reviens-du-terrain-et-je-peux-vous-dire-que-nous-sommes-tres-optimistes-sur-les-capacites-de-nos-forces-de-def\"]}]},{\"@type\":\"ImageObject\",\"inLanguage\":\"fr-FR\",\"@id\":\"https:\/\/www.africa-press.net\/niger\/politique\/entretien-avec-m-issoufou-oumarou-president-du-conseil-regional-de-tillaberi-je-reviens-du-terrain-et-je-peux-vous-dire-que-nous-sommes-tres-optimistes-sur-les-capacites-de-nos-forces-de-def#primaryimage\",\"url\":\"https:\/\/static.africa-press.net\/niger\/sites\/40\/2021\/09\/img-6149f203be1e4.jpg\",\"contentUrl\":\"https:\/\/static.africa-press.net\/niger\/sites\/40\/2021\/09\/img-6149f203be1e4.jpg\",\"width\":720,\"height\":464,\"caption\":\"Entretien avec M. Issoufou Oumarou, Pr\u00e9sident du Conseil R\u00e9gional de Tillab\u00e9ri : \u00abJe reviens du terrain et je peux vous dire que nous sommes tr\u00e8s optimistes sur les capacit\u00e9s de nos forces de d\u00e9fense et de s\u00e9curit\u00e9 \u00e0 s\u00e9curiser les populations et leurs biens\u00bb\"},{\"@type\":\"BreadcrumbList\",\"@id\":\"https:\/\/www.africa-press.net\/niger\/politique\/entretien-avec-m-issoufou-oumarou-president-du-conseil-regional-de-tillaberi-je-reviens-du-terrain-et-je-peux-vous-dire-que-nous-sommes-tres-optimistes-sur-les-capacites-de-nos-forces-de-def#breadcrumb\",\"itemListElement\":[{\"@type\":\"ListItem\",\"position\":1,\"name\":\"Accueil\",\"item\":\"https:\/\/www.africa-press.net\/niger\/\"},{\"@type\":\"ListItem\",\"position\":2,\"name\":\"Entretien avec M. Issoufou Oumarou, Pr\u00e9sident du Conseil R\u00e9gional de Tillab\u00e9ri : \u00abJe reviens du terrain et je peux vous dire que nous sommes tr\u00e8s optimistes sur les capacit\u00e9s de nos forces de d\u00e9fense et de s\u00e9curit\u00e9 \u00e0 s\u00e9curiser les populations et leurs biens\u00bb\"}]},{\"@type\":\"WebSite\",\"@id\":\"https:\/\/www.africa-press.net\/niger\/#website\",\"url\":\"https:\/\/www.africa-press.net\/niger\/\",\"name\":\"niger\",\"description\":\"Just another Africa News Agency Sites site\",\"potentialAction\":[{\"@type\":\"SearchAction\",\"target\":{\"@type\":\"EntryPoint\",\"urlTemplate\":\"https:\/\/www.africa-press.net\/niger\/?s={search_term_string}\"},\"query-input\":{\"@type\":\"PropertyValueSpecification\",\"valueRequired\":true,\"valueName\":\"search_term_string\"}}],\"inLanguage\":\"fr-FR\"},{\"@type\":\"Person\",\"@id\":\"https:\/\/www.africa-press.net\/niger\/#\/schema\/person\/2b1cf3cd81a31e3cd26889ca66d677f1\",\"name\":\"cfeditorfr\"}]}<\/script>\n<!-- \/ Yoast SEO Premium plugin. -->","yoast_head_json":{"title":"Entretien avec M. Issoufou Oumarou, Pr\u00e9sident du Conseil R\u00e9gional de Tillab\u00e9ri : \u00abJe reviens du terrain et je peux vous dire que nous sommes tr\u00e8s optimistes sur les capacit\u00e9s de nos forces de d\u00e9fense et de s\u00e9curit\u00e9 \u00e0 s\u00e9curiser les populations et leurs biens\u00bb - niger","description":"\ufeffEn marge de la c\u00e9r\u00e9monie de soutenance d\u2019une th\u00e8se de Doctorat \u00e0 laquelle il a particip\u00e9, le Pr\u00e9sident du Conseil R\u00e9gio ...","robots":{"index":"index","follow":"follow","max-snippet":"max-snippet:-1","max-image-preview":"max-image-preview:large","max-video-preview":"max-video-preview:-1"},"canonical":"https:\/\/www.africa-press.net\/niger\/politique\/entretien-avec-m-issoufou-oumarou-president-du-conseil-regional-de-tillaberi-je-reviens-du-terrain-et-je-peux-vous-dire-que-nous-sommes-tres-optimistes-sur-les-capacites-de-nos-forces-de-def","og_locale":"fr_FR","og_type":"article","og_title":"Entretien avec M. Issoufou Oumarou, Pr\u00e9sident du Conseil R\u00e9gional de Tillab\u00e9ri : \u00abJe reviens du terrain et je peux vous dire que nous sommes tr\u00e8s optimistes sur les capacit\u00e9s de nos forces de d\u00e9fense et de s\u00e9curit\u00e9 \u00e0 s\u00e9curiser les populations et leurs biens\u00bb","og_description":"\ufeffEn marge de la c\u00e9r\u00e9monie de soutenance d\u2019une th\u00e8se de Doctorat \u00e0 laquelle il a particip\u00e9, le Pr\u00e9sident du Conseil R\u00e9gio ...","og_url":"https:\/\/www.africa-press.net\/niger\/politique\/entretien-avec-m-issoufou-oumarou-president-du-conseil-regional-de-tillaberi-je-reviens-du-terrain-et-je-peux-vous-dire-que-nous-sommes-tres-optimistes-sur-les-capacites-de-nos-forces-de-def","og_site_name":"niger","article_published_time":"2021-09-21T15:55:06+00:00","article_modified_time":"2021-09-21T20:43:54+00:00","og_image":[{"width":720,"height":464,"url":"https:\/\/static.africa-press.net\/niger\/sites\/40\/2021\/09\/img-6149f203be1e4.jpg","type":"image\/jpeg"}],"author":"cfeditorfr","twitter_card":"summary_large_image","twitter_misc":{"\u00c9crit par":"cfeditorfr","Dur\u00e9e de lecture estim\u00e9e":"5 minutes"},"schema":{"@context":"https:\/\/schema.org","@graph":[{"@type":"Article","@id":"https:\/\/www.africa-press.net\/niger\/politique\/entretien-avec-m-issoufou-oumarou-president-du-conseil-regional-de-tillaberi-je-reviens-du-terrain-et-je-peux-vous-dire-que-nous-sommes-tres-optimistes-sur-les-capacites-de-nos-forces-de-def#article","isPartOf":{"@id":"https:\/\/www.africa-press.net\/niger\/politique\/entretien-avec-m-issoufou-oumarou-president-du-conseil-regional-de-tillaberi-je-reviens-du-terrain-et-je-peux-vous-dire-que-nous-sommes-tres-optimistes-sur-les-capacites-de-nos-forces-de-def"},"author":{"name":"cfeditorfr","@id":"https:\/\/www.africa-press.net\/niger\/#\/schema\/person\/2b1cf3cd81a31e3cd26889ca66d677f1"},"headline":"Entretien avec M. Issoufou Oumarou, Pr\u00e9sident du Conseil R\u00e9gional de Tillab\u00e9ri : \u00abJe reviens du terrain et je peux vous dire que nous sommes tr\u00e8s optimistes sur les capacit\u00e9s de nos forces de d\u00e9fense et de s\u00e9curit\u00e9 \u00e0 s\u00e9curiser les populations et leurs biens\u00bb","datePublished":"2021-09-21T15:55:06+00:00","dateModified":"2021-09-21T20:43:54+00:00","mainEntityOfPage":{"@id":"https:\/\/www.africa-press.net\/niger\/politique\/entretien-avec-m-issoufou-oumarou-president-du-conseil-regional-de-tillaberi-je-reviens-du-terrain-et-je-peux-vous-dire-que-nous-sommes-tres-optimistes-sur-les-capacites-de-nos-forces-de-def"},"wordCount":1146,"commentCount":0,"image":{"@id":"https:\/\/www.africa-press.net\/niger\/politique\/entretien-avec-m-issoufou-oumarou-president-du-conseil-regional-de-tillaberi-je-reviens-du-terrain-et-je-peux-vous-dire-que-nous-sommes-tres-optimistes-sur-les-capacites-de-nos-forces-de-def#primaryimage"},"thumbnailUrl":"https:\/\/static.africa-press.net\/niger\/sites\/40\/2021\/09\/img-6149f203be1e4.jpg","keywords":["Africa Press","Africa Press-Niger","Niger"],"articleSection":["homepage-french","Politique","Toutes les actualit\u00e9s"],"inLanguage":"fr-FR","potentialAction":[{"@type":"CommentAction","name":"Comment","target":["https:\/\/www.africa-press.net\/niger\/politique\/entretien-avec-m-issoufou-oumarou-president-du-conseil-regional-de-tillaberi-je-reviens-du-terrain-et-je-peux-vous-dire-que-nous-sommes-tres-optimistes-sur-les-capacites-de-nos-forces-de-def#respond"]}]},{"@type":"WebPage","@id":"https:\/\/www.africa-press.net\/niger\/politique\/entretien-avec-m-issoufou-oumarou-president-du-conseil-regional-de-tillaberi-je-reviens-du-terrain-et-je-peux-vous-dire-que-nous-sommes-tres-optimistes-sur-les-capacites-de-nos-forces-de-def","url":"https:\/\/www.africa-press.net\/niger\/politique\/entretien-avec-m-issoufou-oumarou-president-du-conseil-regional-de-tillaberi-je-reviens-du-terrain-et-je-peux-vous-dire-que-nous-sommes-tres-optimistes-sur-les-capacites-de-nos-forces-de-def","name":"Entretien avec M. Issoufou Oumarou, Pr\u00e9sident du Conseil R\u00e9gional de Tillab\u00e9ri : \u00abJe reviens du terrain et je peux vous dire que nous sommes tr\u00e8s optimistes sur les capacit\u00e9s de nos forces de d\u00e9fense et de s\u00e9curit\u00e9 \u00e0 s\u00e9curiser les populations et leurs biens\u00bb - niger","isPartOf":{"@id":"https:\/\/www.africa-press.net\/niger\/#website"},"primaryImageOfPage":{"@id":"https:\/\/www.africa-press.net\/niger\/politique\/entretien-avec-m-issoufou-oumarou-president-du-conseil-regional-de-tillaberi-je-reviens-du-terrain-et-je-peux-vous-dire-que-nous-sommes-tres-optimistes-sur-les-capacites-de-nos-forces-de-def#primaryimage"},"image":{"@id":"https:\/\/www.africa-press.net\/niger\/politique\/entretien-avec-m-issoufou-oumarou-president-du-conseil-regional-de-tillaberi-je-reviens-du-terrain-et-je-peux-vous-dire-que-nous-sommes-tres-optimistes-sur-les-capacites-de-nos-forces-de-def#primaryimage"},"thumbnailUrl":"https:\/\/static.africa-press.net\/niger\/sites\/40\/2021\/09\/img-6149f203be1e4.jpg","datePublished":"2021-09-21T15:55:06+00:00","dateModified":"2021-09-21T20:43:54+00:00","author":{"@id":"https:\/\/www.africa-press.net\/niger\/#\/schema\/person\/2b1cf3cd81a31e3cd26889ca66d677f1"},"description":"\ufeffEn marge de la c\u00e9r\u00e9monie de soutenance d\u2019une th\u00e8se de Doctorat \u00e0 laquelle il a particip\u00e9, le Pr\u00e9sident du Conseil R\u00e9gio ...","breadcrumb":{"@id":"https:\/\/www.africa-press.net\/niger\/politique\/entretien-avec-m-issoufou-oumarou-president-du-conseil-regional-de-tillaberi-je-reviens-du-terrain-et-je-peux-vous-dire-que-nous-sommes-tres-optimistes-sur-les-capacites-de-nos-forces-de-def#breadcrumb"},"inLanguage":"fr-FR","potentialAction":[{"@type":"ReadAction","target":["https:\/\/www.africa-press.net\/niger\/politique\/entretien-avec-m-issoufou-oumarou-president-du-conseil-regional-de-tillaberi-je-reviens-du-terrain-et-je-peux-vous-dire-que-nous-sommes-tres-optimistes-sur-les-capacites-de-nos-forces-de-def"]}]},{"@type":"ImageObject","inLanguage":"fr-FR","@id":"https:\/\/www.africa-press.net\/niger\/politique\/entretien-avec-m-issoufou-oumarou-president-du-conseil-regional-de-tillaberi-je-reviens-du-terrain-et-je-peux-vous-dire-que-nous-sommes-tres-optimistes-sur-les-capacites-de-nos-forces-de-def#primaryimage","url":"https:\/\/static.africa-press.net\/niger\/sites\/40\/2021\/09\/img-6149f203be1e4.jpg","contentUrl":"https:\/\/static.africa-press.net\/niger\/sites\/40\/2021\/09\/img-6149f203be1e4.jpg","width":720,"height":464,"caption":"Entretien avec M. Issoufou Oumarou, Pr\u00e9sident du Conseil R\u00e9gional de Tillab\u00e9ri : \u00abJe reviens du terrain et je peux vous dire que nous sommes tr\u00e8s optimistes sur les capacit\u00e9s de nos forces de d\u00e9fense et de s\u00e9curit\u00e9 \u00e0 s\u00e9curiser les populations et leurs biens\u00bb"},{"@type":"BreadcrumbList","@id":"https:\/\/www.africa-press.net\/niger\/politique\/entretien-avec-m-issoufou-oumarou-president-du-conseil-regional-de-tillaberi-je-reviens-du-terrain-et-je-peux-vous-dire-que-nous-sommes-tres-optimistes-sur-les-capacites-de-nos-forces-de-def#breadcrumb","itemListElement":[{"@type":"ListItem","position":1,"name":"Accueil","item":"https:\/\/www.africa-press.net\/niger\/"},{"@type":"ListItem","position":2,"name":"Entretien avec M. Issoufou Oumarou, Pr\u00e9sident du Conseil R\u00e9gional de Tillab\u00e9ri : \u00abJe reviens du terrain et je peux vous dire que nous sommes tr\u00e8s optimistes sur les capacit\u00e9s de nos forces de d\u00e9fense et de s\u00e9curit\u00e9 \u00e0 s\u00e9curiser les populations et leurs biens\u00bb"}]},{"@type":"WebSite","@id":"https:\/\/www.africa-press.net\/niger\/#website","url":"https:\/\/www.africa-press.net\/niger\/","name":"niger","description":"Just another Africa News Agency Sites site","potentialAction":[{"@type":"SearchAction","target":{"@type":"EntryPoint","urlTemplate":"https:\/\/www.africa-press.net\/niger\/?s={search_term_string}"},"query-input":{"@type":"PropertyValueSpecification","valueRequired":true,"valueName":"search_term_string"}}],"inLanguage":"fr-FR"},{"@type":"Person","@id":"https:\/\/www.africa-press.net\/niger\/#\/schema\/person\/2b1cf3cd81a31e3cd26889ca66d677f1","name":"cfeditorfr"}]}},"_links":{"self":[{"href":"https:\/\/www.africa-press.net\/niger\/wp-json\/wp\/v2\/posts\/12212","targetHints":{"allow":["GET"]}}],"collection":[{"href":"https:\/\/www.africa-press.net\/niger\/wp-json\/wp\/v2\/posts"}],"about":[{"href":"https:\/\/www.africa-press.net\/niger\/wp-json\/wp\/v2\/types\/post"}],"author":[{"embeddable":true,"href":"https:\/\/www.africa-press.net\/niger\/wp-json\/wp\/v2\/users\/82"}],"replies":[{"embeddable":true,"href":"https:\/\/www.africa-press.net\/niger\/wp-json\/wp\/v2\/comments?post=12212"}],"version-history":[{"count":0,"href":"https:\/\/www.africa-press.net\/niger\/wp-json\/wp\/v2\/posts\/12212\/revisions"}],"wp:featuredmedia":[{"embeddable":true,"href":"https:\/\/www.africa-press.net\/niger\/wp-json\/wp\/v2\/media\/12211"}],"wp:attachment":[{"href":"https:\/\/www.africa-press.net\/niger\/wp-json\/wp\/v2\/media?parent=12212"}],"wp:term":[{"taxonomy":"category","embeddable":true,"href":"https:\/\/www.africa-press.net\/niger\/wp-json\/wp\/v2\/categories?post=12212"},{"taxonomy":"post_tag","embeddable":true,"href":"https:\/\/www.africa-press.net\/niger\/wp-json\/wp\/v2\/tags?post=12212"}],"curies":[{"name":"wp","href":"https:\/\/api.w.org\/{rel}","templated":true}]}}