{"id":12215,"date":"2021-09-21T15:58:38","date_gmt":"2021-09-21T15:58:38","guid":{"rendered":"https:\/\/www.africa-press.net\/niger\/?p=12215"},"modified":"2021-09-21T20:44:02","modified_gmt":"2021-09-21T20:44:02","slug":"point-de-presse-de-lambassadeur-des-etats-unis-au-niger-a-loccasion-de-la-cure-salee-ce-festival-culturel-qui-celebre-lhistoire-et-la-diversite-du-niger-est-un-exemp","status":"publish","type":"post","link":"https:\/\/www.africa-press.net\/niger\/culture-et-art\/point-de-presse-de-lambassadeur-des-etats-unis-au-niger-a-loccasion-de-la-cure-salee-ce-festival-culturel-qui-celebre-lhistoire-et-la-diversite-du-niger-est-un-exemp","title":{"rendered":"Point de presse de l\u2019ambassadeur des Etats Unis au Niger \u00e0 l\u2019occasion de la Cure Sal\u00e9e : \u00abCe festival culturel qui c\u00e9l\u00e8bre l\u2019histoire et la diversit\u00e9 du Niger est un exemple de ce pour quoi je dis \u00a0\u00bbLe Niger se l\u00e8ve\u00a0\u00bb\u00bb, d\u00e9clare SE. \u00c9ric P. Whitaker"},"content":{"rendered":"<p><span style=\"color: #ff6600\"><strong><a href=\"https:\/\/www.africa-press.net\/\">Africa-Press<\/a> &#8211; <a href=\"https:\/\/www.africa-press.net\/niger\">Niger<\/a>. <\/strong><\/span>En marge des festivit\u00e9s de la Cure Sal\u00e9e, l\u2019ambassadeur des Etats Unis au Niger SE. \u00c9ric P. Whitaker a anim\u00e9 un point de presse afin de marquer sa participation \u00e0 la Cure Sal\u00e9e d\u2019Ingall. Lors de ce point de presse, le diplomate am\u00e9ricain a manifest\u00e9 sa joie d\u2019\u00eatre \u00e0 Ingall pour la Cure Sal\u00e9e. Selon lui, les festivals culturels sont un \u00e9l\u00e9ment essentiel pour avoir une identit\u00e9 nationale coh\u00e9rente, d\u2019o\u00f9 la c\u00e9l\u00e9bration de l\u2019histoire et le patrimoine culturel riche et diversifi\u00e9 du Niger.<\/p>\n<p>\u00abMon voyage ici a \u00e9galement \u00e9t\u00e9 l\u2019occasion de rencontrer le maire d\u2019Agadez, le gouverneur de la r\u00e9gion d\u2019Agadez, le Sultan d\u2019Agadez et le peuple nig\u00e9rien vivant \u00e0 Agadez pour leur rappeler l\u2019engagement durable des \u00c9tats-Unis envers le Niger et le peuple nig\u00e9rien. Nous travaillons sans rel\u00e2che pour faire avancer des objectifs communs dans tout le Niger. Je discute toujours de notre approche 4D au Niger qui comprend : la diplomatie, la d\u00e9mocratie, le d\u00e9veloppement et la d\u00e9fense. Nous les int\u00e9grons pour atteindre nos objectifs communs de stabilit\u00e9, de prosp\u00e9rit\u00e9 et de bonne gouvernance\u00bb, a d\u00e9clar\u00e9 SE. Eric P. Whitaker.<\/p>\n<p>L\u2019ambassadeur des Etats Unis au Niger a pr\u00e9cis\u00e9 que si les \u00c9tats-Unis peuvent \u00e9changer des pens\u00e9es, des id\u00e9es, des croyances et des personnes avec d\u2019autres pays, le monde sera plus s\u00fbr et s\u00e9curis\u00e9. \u00abA cet effet, nous sommes tr\u00e8s fiers de notre American Corner \u00e0 Agadez, qui sert d\u2019extension \u00e0 notre Centre Culturel Am\u00e9ricain de Niamey. Nous avons ouvert l\u2019American Corner en f\u00e9vrier 2006 pour fournir aux habitants d\u2019Agadez des informations et des ressources sur la culture, le gouvernement et l\u2019histoire am\u00e9ricains ainsi que l\u2019apprentissage de l\u2019anglais am\u00e9ricain et des informations sur la fa\u00e7on d\u2019\u00e9tudier aux \u00c9tats Unis. Il est gratuit et ouvert au public, et nous invitons tout le monde \u00e0 le visiter\u00bb, a-t-il lanc\u00e9.<\/p>\n<p>Par ailleurs, SE \u00c9ric P. Whitaker a rappel\u00e9 que l\u2019ambassade des USA a offert un don \u00e0 l\u2019American Corner d\u2019Agadez. Ce don du peuple am\u00e9ricain se compose de centaines de livres en fran\u00e7ais et en anglais, y compris des ressources en anglais am\u00e9ricain. Le don comprend \u00e9galement des \u00e9quipements tels que des ordinateurs, des ordinateurs portables, une imprimante, quatre onduleurs, un projecteur, un syst\u00e8me de microphone sans fil et un nouveau syst\u00e8me audio. \u00abCe weekend \u00e0 l\u2019American Corner \u00e0 Agadez, nous lancerons un salon de l\u2019entrepreneuriat f\u00e9minin. Il se d\u00e9roulera tout le week-end. Nous le faisons parce que l\u2019autonomisation des femmes propri\u00e9taires d\u2019entreprises est une \u00e9tape importante pour renforcer la stabilit\u00e9 et le d\u00e9veloppement \u00e9conomique. Je voudrais conclure que le festival culturel d\u2019aujourd\u2019hui qui c\u00e9l\u00e8bre l\u2019histoire et la diversit\u00e9 du Niger est un exemple de ce pour quoi je dis \u00bbLe Niger se l\u00e8ve \u00bb\u00bb a conclu le diplomate am\u00e9ricain.<\/p>\n<p><b>\u00a0<\/b><\/p>\n","protected":false},"excerpt":{"rendered":"<p>Africa-Press &#8211; Niger. En marge des festivit\u00e9s de la Cure Sal\u00e9e, l\u2019ambassadeur des Etats Unis au Niger SE. \u00c9ric P. Whitaker a anim\u00e9 un point de presse afin de marquer sa participation \u00e0 la Cure Sal\u00e9e d\u2019Ingall. Lors de ce point de presse, le diplomate am\u00e9ricain a manifest\u00e9 sa joie d\u2019\u00eatre \u00e0 Ingall pour la [&hellip;]<\/p>\n","protected":false},"author":82,"featured_media":12214,"comment_status":"open","ping_status":"closed","sticky":false,"template":"","format":"standard","meta":{"footnotes":""},"categories":[5,11,20,10],"tags":[55,60,29],"class_list":["post-12215","post","type-post","status-publish","format-standard","has-post-thumbnail","hentry","category-culture-et-art","category-homepage-french","category-top-nouvelles","category-toutes-les-actualites","tag-africa-press","tag-africa-press-niger","tag-niger"],"yoast_head":"<!-- This site is optimized with the Yoast SEO Premium plugin v26.1 (Yoast SEO v27.0) - https:\/\/yoast.com\/product\/yoast-seo-premium-wordpress\/ -->\n<title>Point de presse de l\u2019ambassadeur des Etats Unis au Niger \u00e0 l\u2019occasion de la Cure Sal\u00e9e : \u00abCe festival culturel qui c\u00e9l\u00e8bre l\u2019histoire et la diversit\u00e9 du Niger est un exemple de ce pour quoi je dis \u00a0\u00bbLe Niger se l\u00e8ve\u00a0\u00bb\u00bb, d\u00e9clare SE. \u00c9ric P. Whitaker - niger<\/title>\n<meta name=\"description\" content=\"\ufeffEn marge des festivit\u00e9s de la Cure Sal\u00e9e, l\u2019ambassadeur des Etats Unis au Niger SE. \u00c9ric P. Whitaker a anim\u00e9 un point d ...\" \/>\n<meta name=\"robots\" content=\"index, follow, max-snippet:-1, max-image-preview:large, max-video-preview:-1\" \/>\n<link rel=\"canonical\" href=\"https:\/\/www.africa-press.net\/niger\/culture-et-art\/point-de-presse-de-lambassadeur-des-etats-unis-au-niger-a-loccasion-de-la-cure-salee-ce-festival-culturel-qui-celebre-lhistoire-et-la-diversite-du-niger-est-un-exemp\" \/>\n<meta property=\"og:locale\" content=\"fr_FR\" \/>\n<meta property=\"og:type\" content=\"article\" \/>\n<meta property=\"og:title\" content=\"Point de presse de l\u2019ambassadeur des Etats Unis au Niger \u00e0 l\u2019occasion de la Cure Sal\u00e9e : \u00abCe festival culturel qui c\u00e9l\u00e8bre l\u2019histoire et la diversit\u00e9 du Niger est un exemple de ce pour quoi je dis \u00a0\u00bbLe Niger se l\u00e8ve\u00a0\u00bb\u00bb, d\u00e9clare SE. \u00c9ric P. Whitaker\" \/>\n<meta property=\"og:description\" content=\"\ufeffEn marge des festivit\u00e9s de la Cure Sal\u00e9e, l\u2019ambassadeur des Etats Unis au Niger SE. \u00c9ric P. Whitaker a anim\u00e9 un point d ...\" \/>\n<meta property=\"og:url\" content=\"https:\/\/www.africa-press.net\/niger\/culture-et-art\/point-de-presse-de-lambassadeur-des-etats-unis-au-niger-a-loccasion-de-la-cure-salee-ce-festival-culturel-qui-celebre-lhistoire-et-la-diversite-du-niger-est-un-exemp\" \/>\n<meta property=\"og:site_name\" content=\"niger\" \/>\n<meta property=\"article:published_time\" content=\"2021-09-21T15:58:38+00:00\" \/>\n<meta property=\"article:modified_time\" content=\"2021-09-21T20:44:02+00:00\" \/>\n<meta property=\"og:image\" content=\"https:\/\/static.africa-press.net\/niger\/sites\/40\/2021\/09\/img-6149f2237b88c.jpg\" \/>\n\t<meta property=\"og:image:width\" content=\"720\" \/>\n\t<meta property=\"og:image:height\" content=\"444\" \/>\n\t<meta property=\"og:image:type\" content=\"image\/jpeg\" \/>\n<meta name=\"author\" content=\"cfeditorfr\" \/>\n<meta name=\"twitter:card\" content=\"summary_large_image\" \/>\n<meta name=\"twitter:label1\" content=\"\u00c9crit par\" \/>\n\t<meta name=\"twitter:data1\" content=\"cfeditorfr\" \/>\n\t<meta name=\"twitter:label2\" content=\"Dur\u00e9e de lecture estim\u00e9e\" \/>\n\t<meta name=\"twitter:data2\" content=\"3 minutes\" \/>\n<script type=\"application\/ld+json\" class=\"yoast-schema-graph\">{\"@context\":\"https:\/\/schema.org\",\"@graph\":[{\"@type\":\"Article\",\"@id\":\"https:\/\/www.africa-press.net\/niger\/culture-et-art\/point-de-presse-de-lambassadeur-des-etats-unis-au-niger-a-loccasion-de-la-cure-salee-ce-festival-culturel-qui-celebre-lhistoire-et-la-diversite-du-niger-est-un-exemp#article\",\"isPartOf\":{\"@id\":\"https:\/\/www.africa-press.net\/niger\/culture-et-art\/point-de-presse-de-lambassadeur-des-etats-unis-au-niger-a-loccasion-de-la-cure-salee-ce-festival-culturel-qui-celebre-lhistoire-et-la-diversite-du-niger-est-un-exemp\"},\"author\":{\"name\":\"cfeditorfr\",\"@id\":\"https:\/\/www.africa-press.net\/niger\/#\/schema\/person\/2b1cf3cd81a31e3cd26889ca66d677f1\"},\"headline\":\"Point de presse de l\u2019ambassadeur des Etats Unis au Niger \u00e0 l\u2019occasion de la Cure Sal\u00e9e : \u00abCe festival culturel qui c\u00e9l\u00e8bre l\u2019histoire et la diversit\u00e9 du Niger est un exemple de ce pour quoi je dis \u00a0\u00bbLe Niger se l\u00e8ve\u00a0\u00bb\u00bb, d\u00e9clare SE. \u00c9ric P. Whitaker\",\"datePublished\":\"2021-09-21T15:58:38+00:00\",\"dateModified\":\"2021-09-21T20:44:02+00:00\",\"mainEntityOfPage\":{\"@id\":\"https:\/\/www.africa-press.net\/niger\/culture-et-art\/point-de-presse-de-lambassadeur-des-etats-unis-au-niger-a-loccasion-de-la-cure-salee-ce-festival-culturel-qui-celebre-lhistoire-et-la-diversite-du-niger-est-un-exemp\"},\"wordCount\":563,\"commentCount\":0,\"image\":{\"@id\":\"https:\/\/www.africa-press.net\/niger\/culture-et-art\/point-de-presse-de-lambassadeur-des-etats-unis-au-niger-a-loccasion-de-la-cure-salee-ce-festival-culturel-qui-celebre-lhistoire-et-la-diversite-du-niger-est-un-exemp#primaryimage\"},\"thumbnailUrl\":\"https:\/\/static.africa-press.net\/niger\/sites\/40\/2021\/09\/img-6149f2237b88c.jpg\",\"keywords\":[\"Africa Press\",\"Africa Press-Niger\",\"Niger\"],\"articleSection\":[\"Culture et Art\",\"homepage-french\",\"Top Nouvelles\",\"Toutes les actualit\u00e9s\"],\"inLanguage\":\"fr-FR\",\"potentialAction\":[{\"@type\":\"CommentAction\",\"name\":\"Comment\",\"target\":[\"https:\/\/www.africa-press.net\/niger\/culture-et-art\/point-de-presse-de-lambassadeur-des-etats-unis-au-niger-a-loccasion-de-la-cure-salee-ce-festival-culturel-qui-celebre-lhistoire-et-la-diversite-du-niger-est-un-exemp#respond\"]}]},{\"@type\":\"WebPage\",\"@id\":\"https:\/\/www.africa-press.net\/niger\/culture-et-art\/point-de-presse-de-lambassadeur-des-etats-unis-au-niger-a-loccasion-de-la-cure-salee-ce-festival-culturel-qui-celebre-lhistoire-et-la-diversite-du-niger-est-un-exemp\",\"url\":\"https:\/\/www.africa-press.net\/niger\/culture-et-art\/point-de-presse-de-lambassadeur-des-etats-unis-au-niger-a-loccasion-de-la-cure-salee-ce-festival-culturel-qui-celebre-lhistoire-et-la-diversite-du-niger-est-un-exemp\",\"name\":\"Point de presse de l\u2019ambassadeur des Etats Unis au Niger \u00e0 l\u2019occasion de la Cure Sal\u00e9e : \u00abCe festival culturel qui c\u00e9l\u00e8bre l\u2019histoire et la diversit\u00e9 du Niger est un exemple de ce pour quoi je dis \u00a0\u00bbLe Niger se l\u00e8ve\u00a0\u00bb\u00bb, d\u00e9clare SE. \u00c9ric P. Whitaker - niger\",\"isPartOf\":{\"@id\":\"https:\/\/www.africa-press.net\/niger\/#website\"},\"primaryImageOfPage\":{\"@id\":\"https:\/\/www.africa-press.net\/niger\/culture-et-art\/point-de-presse-de-lambassadeur-des-etats-unis-au-niger-a-loccasion-de-la-cure-salee-ce-festival-culturel-qui-celebre-lhistoire-et-la-diversite-du-niger-est-un-exemp#primaryimage\"},\"image\":{\"@id\":\"https:\/\/www.africa-press.net\/niger\/culture-et-art\/point-de-presse-de-lambassadeur-des-etats-unis-au-niger-a-loccasion-de-la-cure-salee-ce-festival-culturel-qui-celebre-lhistoire-et-la-diversite-du-niger-est-un-exemp#primaryimage\"},\"thumbnailUrl\":\"https:\/\/static.africa-press.net\/niger\/sites\/40\/2021\/09\/img-6149f2237b88c.jpg\",\"datePublished\":\"2021-09-21T15:58:38+00:00\",\"dateModified\":\"2021-09-21T20:44:02+00:00\",\"author\":{\"@id\":\"https:\/\/www.africa-press.net\/niger\/#\/schema\/person\/2b1cf3cd81a31e3cd26889ca66d677f1\"},\"description\":\"\ufeffEn marge des festivit\u00e9s de la Cure Sal\u00e9e, l\u2019ambassadeur des Etats Unis au Niger SE. \u00c9ric P. Whitaker a anim\u00e9 un point d ...\",\"breadcrumb\":{\"@id\":\"https:\/\/www.africa-press.net\/niger\/culture-et-art\/point-de-presse-de-lambassadeur-des-etats-unis-au-niger-a-loccasion-de-la-cure-salee-ce-festival-culturel-qui-celebre-lhistoire-et-la-diversite-du-niger-est-un-exemp#breadcrumb\"},\"inLanguage\":\"fr-FR\",\"potentialAction\":[{\"@type\":\"ReadAction\",\"target\":[\"https:\/\/www.africa-press.net\/niger\/culture-et-art\/point-de-presse-de-lambassadeur-des-etats-unis-au-niger-a-loccasion-de-la-cure-salee-ce-festival-culturel-qui-celebre-lhistoire-et-la-diversite-du-niger-est-un-exemp\"]}]},{\"@type\":\"ImageObject\",\"inLanguage\":\"fr-FR\",\"@id\":\"https:\/\/www.africa-press.net\/niger\/culture-et-art\/point-de-presse-de-lambassadeur-des-etats-unis-au-niger-a-loccasion-de-la-cure-salee-ce-festival-culturel-qui-celebre-lhistoire-et-la-diversite-du-niger-est-un-exemp#primaryimage\",\"url\":\"https:\/\/static.africa-press.net\/niger\/sites\/40\/2021\/09\/img-6149f2237b88c.jpg\",\"contentUrl\":\"https:\/\/static.africa-press.net\/niger\/sites\/40\/2021\/09\/img-6149f2237b88c.jpg\",\"width\":720,\"height\":444,\"caption\":\"Point de presse de l\u2019ambassadeur des Etats Unis au Niger \u00e0 l\u2019occasion de la Cure Sal\u00e9e : \u00abCe festival culturel qui c\u00e9l\u00e8bre l\u2019histoire et la diversit\u00e9 du Niger est un exemple de ce pour quoi je dis \u00a0\u00bbLe Niger se l\u00e8ve\u00a0\u00bb\u00bb, d\u00e9clare SE. \u00c9ric P. Whitaker\"},{\"@type\":\"BreadcrumbList\",\"@id\":\"https:\/\/www.africa-press.net\/niger\/culture-et-art\/point-de-presse-de-lambassadeur-des-etats-unis-au-niger-a-loccasion-de-la-cure-salee-ce-festival-culturel-qui-celebre-lhistoire-et-la-diversite-du-niger-est-un-exemp#breadcrumb\",\"itemListElement\":[{\"@type\":\"ListItem\",\"position\":1,\"name\":\"Accueil\",\"item\":\"https:\/\/www.africa-press.net\/niger\/\"},{\"@type\":\"ListItem\",\"position\":2,\"name\":\"Point de presse de l\u2019ambassadeur des Etats Unis au Niger \u00e0 l\u2019occasion de la Cure Sal\u00e9e : \u00abCe festival culturel qui c\u00e9l\u00e8bre l\u2019histoire et la diversit\u00e9 du Niger est un exemple de ce pour quoi je dis \u00a0\u00bbLe Niger se l\u00e8ve\u00a0\u00bb\u00bb, d\u00e9clare SE. \u00c9ric P. Whitaker\"}]},{\"@type\":\"WebSite\",\"@id\":\"https:\/\/www.africa-press.net\/niger\/#website\",\"url\":\"https:\/\/www.africa-press.net\/niger\/\",\"name\":\"niger\",\"description\":\"Just another Africa News Agency Sites site\",\"potentialAction\":[{\"@type\":\"SearchAction\",\"target\":{\"@type\":\"EntryPoint\",\"urlTemplate\":\"https:\/\/www.africa-press.net\/niger\/?s={search_term_string}\"},\"query-input\":{\"@type\":\"PropertyValueSpecification\",\"valueRequired\":true,\"valueName\":\"search_term_string\"}}],\"inLanguage\":\"fr-FR\"},{\"@type\":\"Person\",\"@id\":\"https:\/\/www.africa-press.net\/niger\/#\/schema\/person\/2b1cf3cd81a31e3cd26889ca66d677f1\",\"name\":\"cfeditorfr\"}]}<\/script>\n<!-- \/ Yoast SEO Premium plugin. -->","yoast_head_json":{"title":"Point de presse de l\u2019ambassadeur des Etats Unis au Niger \u00e0 l\u2019occasion de la Cure Sal\u00e9e : \u00abCe festival culturel qui c\u00e9l\u00e8bre l\u2019histoire et la diversit\u00e9 du Niger est un exemple de ce pour quoi je dis \u00a0\u00bbLe Niger se l\u00e8ve\u00a0\u00bb\u00bb, d\u00e9clare SE. \u00c9ric P. Whitaker - niger","description":"\ufeffEn marge des festivit\u00e9s de la Cure Sal\u00e9e, l\u2019ambassadeur des Etats Unis au Niger SE. \u00c9ric P. Whitaker a anim\u00e9 un point d ...","robots":{"index":"index","follow":"follow","max-snippet":"max-snippet:-1","max-image-preview":"max-image-preview:large","max-video-preview":"max-video-preview:-1"},"canonical":"https:\/\/www.africa-press.net\/niger\/culture-et-art\/point-de-presse-de-lambassadeur-des-etats-unis-au-niger-a-loccasion-de-la-cure-salee-ce-festival-culturel-qui-celebre-lhistoire-et-la-diversite-du-niger-est-un-exemp","og_locale":"fr_FR","og_type":"article","og_title":"Point de presse de l\u2019ambassadeur des Etats Unis au Niger \u00e0 l\u2019occasion de la Cure Sal\u00e9e : \u00abCe festival culturel qui c\u00e9l\u00e8bre l\u2019histoire et la diversit\u00e9 du Niger est un exemple de ce pour quoi je dis \u00a0\u00bbLe Niger se l\u00e8ve\u00a0\u00bb\u00bb, d\u00e9clare SE. \u00c9ric P. Whitaker","og_description":"\ufeffEn marge des festivit\u00e9s de la Cure Sal\u00e9e, l\u2019ambassadeur des Etats Unis au Niger SE. \u00c9ric P. Whitaker a anim\u00e9 un point d ...","og_url":"https:\/\/www.africa-press.net\/niger\/culture-et-art\/point-de-presse-de-lambassadeur-des-etats-unis-au-niger-a-loccasion-de-la-cure-salee-ce-festival-culturel-qui-celebre-lhistoire-et-la-diversite-du-niger-est-un-exemp","og_site_name":"niger","article_published_time":"2021-09-21T15:58:38+00:00","article_modified_time":"2021-09-21T20:44:02+00:00","og_image":[{"width":720,"height":444,"url":"https:\/\/static.africa-press.net\/niger\/sites\/40\/2021\/09\/img-6149f2237b88c.jpg","type":"image\/jpeg"}],"author":"cfeditorfr","twitter_card":"summary_large_image","twitter_misc":{"\u00c9crit par":"cfeditorfr","Dur\u00e9e de lecture estim\u00e9e":"3 minutes"},"schema":{"@context":"https:\/\/schema.org","@graph":[{"@type":"Article","@id":"https:\/\/www.africa-press.net\/niger\/culture-et-art\/point-de-presse-de-lambassadeur-des-etats-unis-au-niger-a-loccasion-de-la-cure-salee-ce-festival-culturel-qui-celebre-lhistoire-et-la-diversite-du-niger-est-un-exemp#article","isPartOf":{"@id":"https:\/\/www.africa-press.net\/niger\/culture-et-art\/point-de-presse-de-lambassadeur-des-etats-unis-au-niger-a-loccasion-de-la-cure-salee-ce-festival-culturel-qui-celebre-lhistoire-et-la-diversite-du-niger-est-un-exemp"},"author":{"name":"cfeditorfr","@id":"https:\/\/www.africa-press.net\/niger\/#\/schema\/person\/2b1cf3cd81a31e3cd26889ca66d677f1"},"headline":"Point de presse de l\u2019ambassadeur des Etats Unis au Niger \u00e0 l\u2019occasion de la Cure Sal\u00e9e : \u00abCe festival culturel qui c\u00e9l\u00e8bre l\u2019histoire et la diversit\u00e9 du Niger est un exemple de ce pour quoi je dis \u00a0\u00bbLe Niger se l\u00e8ve\u00a0\u00bb\u00bb, d\u00e9clare SE. \u00c9ric P. Whitaker","datePublished":"2021-09-21T15:58:38+00:00","dateModified":"2021-09-21T20:44:02+00:00","mainEntityOfPage":{"@id":"https:\/\/www.africa-press.net\/niger\/culture-et-art\/point-de-presse-de-lambassadeur-des-etats-unis-au-niger-a-loccasion-de-la-cure-salee-ce-festival-culturel-qui-celebre-lhistoire-et-la-diversite-du-niger-est-un-exemp"},"wordCount":563,"commentCount":0,"image":{"@id":"https:\/\/www.africa-press.net\/niger\/culture-et-art\/point-de-presse-de-lambassadeur-des-etats-unis-au-niger-a-loccasion-de-la-cure-salee-ce-festival-culturel-qui-celebre-lhistoire-et-la-diversite-du-niger-est-un-exemp#primaryimage"},"thumbnailUrl":"https:\/\/static.africa-press.net\/niger\/sites\/40\/2021\/09\/img-6149f2237b88c.jpg","keywords":["Africa Press","Africa Press-Niger","Niger"],"articleSection":["Culture et Art","homepage-french","Top Nouvelles","Toutes les actualit\u00e9s"],"inLanguage":"fr-FR","potentialAction":[{"@type":"CommentAction","name":"Comment","target":["https:\/\/www.africa-press.net\/niger\/culture-et-art\/point-de-presse-de-lambassadeur-des-etats-unis-au-niger-a-loccasion-de-la-cure-salee-ce-festival-culturel-qui-celebre-lhistoire-et-la-diversite-du-niger-est-un-exemp#respond"]}]},{"@type":"WebPage","@id":"https:\/\/www.africa-press.net\/niger\/culture-et-art\/point-de-presse-de-lambassadeur-des-etats-unis-au-niger-a-loccasion-de-la-cure-salee-ce-festival-culturel-qui-celebre-lhistoire-et-la-diversite-du-niger-est-un-exemp","url":"https:\/\/www.africa-press.net\/niger\/culture-et-art\/point-de-presse-de-lambassadeur-des-etats-unis-au-niger-a-loccasion-de-la-cure-salee-ce-festival-culturel-qui-celebre-lhistoire-et-la-diversite-du-niger-est-un-exemp","name":"Point de presse de l\u2019ambassadeur des Etats Unis au Niger \u00e0 l\u2019occasion de la Cure Sal\u00e9e : \u00abCe festival culturel qui c\u00e9l\u00e8bre l\u2019histoire et la diversit\u00e9 du Niger est un exemple de ce pour quoi je dis \u00a0\u00bbLe Niger se l\u00e8ve\u00a0\u00bb\u00bb, d\u00e9clare SE. \u00c9ric P. Whitaker - niger","isPartOf":{"@id":"https:\/\/www.africa-press.net\/niger\/#website"},"primaryImageOfPage":{"@id":"https:\/\/www.africa-press.net\/niger\/culture-et-art\/point-de-presse-de-lambassadeur-des-etats-unis-au-niger-a-loccasion-de-la-cure-salee-ce-festival-culturel-qui-celebre-lhistoire-et-la-diversite-du-niger-est-un-exemp#primaryimage"},"image":{"@id":"https:\/\/www.africa-press.net\/niger\/culture-et-art\/point-de-presse-de-lambassadeur-des-etats-unis-au-niger-a-loccasion-de-la-cure-salee-ce-festival-culturel-qui-celebre-lhistoire-et-la-diversite-du-niger-est-un-exemp#primaryimage"},"thumbnailUrl":"https:\/\/static.africa-press.net\/niger\/sites\/40\/2021\/09\/img-6149f2237b88c.jpg","datePublished":"2021-09-21T15:58:38+00:00","dateModified":"2021-09-21T20:44:02+00:00","author":{"@id":"https:\/\/www.africa-press.net\/niger\/#\/schema\/person\/2b1cf3cd81a31e3cd26889ca66d677f1"},"description":"\ufeffEn marge des festivit\u00e9s de la Cure Sal\u00e9e, l\u2019ambassadeur des Etats Unis au Niger SE. \u00c9ric P. Whitaker a anim\u00e9 un point d ...","breadcrumb":{"@id":"https:\/\/www.africa-press.net\/niger\/culture-et-art\/point-de-presse-de-lambassadeur-des-etats-unis-au-niger-a-loccasion-de-la-cure-salee-ce-festival-culturel-qui-celebre-lhistoire-et-la-diversite-du-niger-est-un-exemp#breadcrumb"},"inLanguage":"fr-FR","potentialAction":[{"@type":"ReadAction","target":["https:\/\/www.africa-press.net\/niger\/culture-et-art\/point-de-presse-de-lambassadeur-des-etats-unis-au-niger-a-loccasion-de-la-cure-salee-ce-festival-culturel-qui-celebre-lhistoire-et-la-diversite-du-niger-est-un-exemp"]}]},{"@type":"ImageObject","inLanguage":"fr-FR","@id":"https:\/\/www.africa-press.net\/niger\/culture-et-art\/point-de-presse-de-lambassadeur-des-etats-unis-au-niger-a-loccasion-de-la-cure-salee-ce-festival-culturel-qui-celebre-lhistoire-et-la-diversite-du-niger-est-un-exemp#primaryimage","url":"https:\/\/static.africa-press.net\/niger\/sites\/40\/2021\/09\/img-6149f2237b88c.jpg","contentUrl":"https:\/\/static.africa-press.net\/niger\/sites\/40\/2021\/09\/img-6149f2237b88c.jpg","width":720,"height":444,"caption":"Point de presse de l\u2019ambassadeur des Etats Unis au Niger \u00e0 l\u2019occasion de la Cure Sal\u00e9e : \u00abCe festival culturel qui c\u00e9l\u00e8bre l\u2019histoire et la diversit\u00e9 du Niger est un exemple de ce pour quoi je dis \u00a0\u00bbLe Niger se l\u00e8ve\u00a0\u00bb\u00bb, d\u00e9clare SE. \u00c9ric P. Whitaker"},{"@type":"BreadcrumbList","@id":"https:\/\/www.africa-press.net\/niger\/culture-et-art\/point-de-presse-de-lambassadeur-des-etats-unis-au-niger-a-loccasion-de-la-cure-salee-ce-festival-culturel-qui-celebre-lhistoire-et-la-diversite-du-niger-est-un-exemp#breadcrumb","itemListElement":[{"@type":"ListItem","position":1,"name":"Accueil","item":"https:\/\/www.africa-press.net\/niger\/"},{"@type":"ListItem","position":2,"name":"Point de presse de l\u2019ambassadeur des Etats Unis au Niger \u00e0 l\u2019occasion de la Cure Sal\u00e9e : \u00abCe festival culturel qui c\u00e9l\u00e8bre l\u2019histoire et la diversit\u00e9 du Niger est un exemple de ce pour quoi je dis \u00a0\u00bbLe Niger se l\u00e8ve\u00a0\u00bb\u00bb, d\u00e9clare SE. \u00c9ric P. Whitaker"}]},{"@type":"WebSite","@id":"https:\/\/www.africa-press.net\/niger\/#website","url":"https:\/\/www.africa-press.net\/niger\/","name":"niger","description":"Just another Africa News Agency Sites site","potentialAction":[{"@type":"SearchAction","target":{"@type":"EntryPoint","urlTemplate":"https:\/\/www.africa-press.net\/niger\/?s={search_term_string}"},"query-input":{"@type":"PropertyValueSpecification","valueRequired":true,"valueName":"search_term_string"}}],"inLanguage":"fr-FR"},{"@type":"Person","@id":"https:\/\/www.africa-press.net\/niger\/#\/schema\/person\/2b1cf3cd81a31e3cd26889ca66d677f1","name":"cfeditorfr"}]}},"_links":{"self":[{"href":"https:\/\/www.africa-press.net\/niger\/wp-json\/wp\/v2\/posts\/12215","targetHints":{"allow":["GET"]}}],"collection":[{"href":"https:\/\/www.africa-press.net\/niger\/wp-json\/wp\/v2\/posts"}],"about":[{"href":"https:\/\/www.africa-press.net\/niger\/wp-json\/wp\/v2\/types\/post"}],"author":[{"embeddable":true,"href":"https:\/\/www.africa-press.net\/niger\/wp-json\/wp\/v2\/users\/82"}],"replies":[{"embeddable":true,"href":"https:\/\/www.africa-press.net\/niger\/wp-json\/wp\/v2\/comments?post=12215"}],"version-history":[{"count":0,"href":"https:\/\/www.africa-press.net\/niger\/wp-json\/wp\/v2\/posts\/12215\/revisions"}],"wp:featuredmedia":[{"embeddable":true,"href":"https:\/\/www.africa-press.net\/niger\/wp-json\/wp\/v2\/media\/12214"}],"wp:attachment":[{"href":"https:\/\/www.africa-press.net\/niger\/wp-json\/wp\/v2\/media?parent=12215"}],"wp:term":[{"taxonomy":"category","embeddable":true,"href":"https:\/\/www.africa-press.net\/niger\/wp-json\/wp\/v2\/categories?post=12215"},{"taxonomy":"post_tag","embeddable":true,"href":"https:\/\/www.africa-press.net\/niger\/wp-json\/wp\/v2\/tags?post=12215"}],"curies":[{"name":"wp","href":"https:\/\/api.w.org\/{rel}","templated":true}]}}