{"id":12218,"date":"2021-09-21T16:10:09","date_gmt":"2021-09-21T16:10:09","guid":{"rendered":"https:\/\/www.africa-press.net\/niger\/?p=12218"},"modified":"2021-09-21T20:44:12","modified_gmt":"2021-09-21T20:44:12","slug":"cloture-de-la-56eme-edition-de-la-cure-salee-les-organisateurs-felicitent-le-president-de-la-republique-pour-son-soutien-a-levenement","status":"publish","type":"post","link":"https:\/\/www.africa-press.net\/niger\/politique\/cloture-de-la-56eme-edition-de-la-cure-salee-les-organisateurs-felicitent-le-president-de-la-republique-pour-son-soutien-a-levenement","title":{"rendered":"Cl\u00f4ture de la 56\u00e8me \u00e9dition de la Cure Sal\u00e9e : Les organisateurs f\u00e9licitent le Pr\u00e9sident de la R\u00e9publique pour son soutien \u00e0 l\u2019\u00e9v\u00e9nement"},"content":{"rendered":"<p><span style=\"color: #ff6600\"><strong><a href=\"https:\/\/www.africa-press.net\/\">Africa-Press<\/a> &#8211; <a href=\"https:\/\/www.africa-press.net\/niger\">Niger<\/a>. <\/strong><\/span>Apr\u00e8s trois jours de festivit\u00e9s dans la fraternit\u00e9 et la convivialit\u00e9, l\u2019\u00e9dition 2021 de la Cure Sal\u00e9e a pris fin le dimanche 19 septembre 2021 \u00e0 Ingall. Cet \u00e9v\u00e9nement marqu\u00e9 par plusieurs actions de d\u00e9veloppement et des manifestations culturelles a \u00e9t\u00e9 couronn\u00e9 de succ\u00e8s. Pour la cl\u00f4ture de cette 56\u00e8me \u00e9dition de la Cure Sal\u00e9e en beaut\u00e9, la population d\u2019Ingall a fait une mobilisation exceptionnelle. Malgr\u00e9 le soleil ardent qui d\u00e9versait une chaleur qui avoisine les 45\u00b0 \u00e0 la mi-journ\u00e9e de ce dimanche, les f\u00eatards essentiellement compos\u00e9s des \u00e9leveurs ont tenu \u00e0 rester jusqu\u2019au salut aux couleurs marquant la fin des festivit\u00e9s. C\u2019est le ministre de l\u2019Elevage, Porte parole du gouvernement M. Tidjani Idrissa Abdoul-Kadri qui a pr\u00e9sid\u00e9 la c\u00e9r\u00e9monie de cl\u00f4ture de cette 56\u00e8me \u00e9dition de la Cure Sal\u00e9e en pr\u00e9sence d\u2019un public tr\u00e8s ragaillardi et galvanis\u00e9.<\/p>\n<p>Lors de cette c\u00e9r\u00e9monie, les laur\u00e9ats des diff\u00e9rents concours organis\u00e9s ont re\u00e7u leur prix. Ces prix qui ont \u00e9t\u00e9 remis en cash devant le grand public, varient en fonction des classements et des cat\u00e9gories des \u0153uvres des candidats. Ainsi, au-del\u00e0 des prix initiaux, le Pr\u00e9sident de la R\u00e9publique SE. Mohamed Bazoum et la Premi\u00e8re Dame Mme Bazoum Hadiza ont gratifi\u00e9 les heureux gagnants par des prix sp\u00e9ciaux.<\/p>\n<p>Proc\u00e9dant \u00e0 la cl\u00f4ture de la f\u00eate des \u00e9leveurs, le ministre de l\u2019Elevage M. Tidjani Idrissa Abdoul-Kadri a rappel\u00e9 que la 56\u00e8me \u00e9dition de la Cure Sal\u00e9e a \u00e9t\u00e9 un \u00e9v\u00e9nement majeur et une manifestation particuli\u00e8re car, elle a \u00e9t\u00e9 rehauss\u00e9e par la pr\u00e9sence du Chef de l\u2019Etat SE. Mohamed Bazoum et de la Premi\u00e8re Dame. \u00abC\u2019est un \u00e9v\u00e9nement historique. Il semble que de m\u00e9moire des Nig\u00e9riens, cela fait 27 ans qu\u2019un Pr\u00e9sident de la R\u00e9publique n\u2019a pas particip\u00e9 aux festivit\u00e9s de la Cure Sal\u00e9e. Je pense que c\u2019est extr\u00eamement important, c\u2019est une illustration de l\u2019engagement du Chef de l\u2019Etat \u00e0 accompagner les communaut\u00e9s pastorales en particulier et de mani\u00e8re g\u00e9n\u00e9rale toutes les populations rurales. Le Pr\u00e9sident de la R\u00e9publique SE. Mohamed Bazoum est venu \u00e0 la t\u00eate d\u2019une importante d\u00e9l\u00e9gation compos\u00e9 de tout le corps diplomatique du Niger, des membres du Gouvernement, des pr\u00e9sidents des institutions, c\u2019est encore une fois une marque d\u2019attention. La Premi\u00e8re Dame elle-m\u00eame a \u00e9t\u00e9 de la partie. Vous l\u2019avez observ\u00e9 et elle a accompagn\u00e9 toutes les festivit\u00e9s qui ont caract\u00e9ris\u00e9 cet \u00e9v\u00e9nement\u00bb a soulign\u00e9 le ministre Abdoulkadri Tidjani, avant remercier tous ceux qui ont pris part \u00e0 la Cure Sal\u00e9e en g\u00e9n\u00e9ral et la population d\u2019Ingall et des environs en particulier pour la tr\u00e8s grande mobilisation.<\/p>\n<p>Rappelons que toutes les \u0153uvres pr\u00e9sent\u00e9es pour les diff\u00e9rents concours \u00e0 cet \u00e9v\u00e9nement sont purement culturelle, traditionnelle et artistique d\u2019o\u00f9 la satisfaction des membres du jury. \u00abIl nous a \u00e9t\u00e9 pr\u00e9sent\u00e9 des \u0153uvres riches et de qualit\u00e9 au point d\u2019\u00eatre embarrass\u00e9 dans les choix. Le jury f\u00e9licite le Gouvernement du Niger pour avoir r\u00e9ussi l\u2019organisation de cette Cure Sal\u00e9e o\u00f9 le jury n\u2019a rencontr\u00e9 aucune difficult\u00e9 pour \u00e9valuer les \u0153uvres qui lui sont pr\u00e9sent\u00e9es\u00bb a d\u00e9clar\u00e9 le pr\u00e9sident du jury. C\u2019est sur une note d\u2019espoir et de satisfaction que les lampions de l\u2019\u00e9dition 2021 de la Cure Sal\u00e9e se sont \u00e9teints \u00e0 Ingall.<\/p>\n<p><b>\u00a0<\/b><\/p>\n","protected":false},"excerpt":{"rendered":"<p>Africa-Press &#8211; Niger. Apr\u00e8s trois jours de festivit\u00e9s dans la fraternit\u00e9 et la convivialit\u00e9, l\u2019\u00e9dition 2021 de la Cure Sal\u00e9e a pris fin le dimanche 19 septembre 2021 \u00e0 Ingall. Cet \u00e9v\u00e9nement marqu\u00e9 par plusieurs actions de d\u00e9veloppement et des manifestations culturelles a \u00e9t\u00e9 couronn\u00e9 de succ\u00e8s. Pour la cl\u00f4ture de cette 56\u00e8me \u00e9dition de [&hellip;]<\/p>\n","protected":false},"author":82,"featured_media":12217,"comment_status":"open","ping_status":"closed","sticky":false,"template":"","format":"standard","meta":{"footnotes":""},"categories":[11,2,10],"tags":[55,60,29],"class_list":["post-12218","post","type-post","status-publish","format-standard","has-post-thumbnail","hentry","category-homepage-french","category-politique","category-toutes-les-actualites","tag-africa-press","tag-africa-press-niger","tag-niger"],"yoast_head":"<!-- This site is optimized with the Yoast SEO Premium plugin v26.1 (Yoast SEO v27.0) - https:\/\/yoast.com\/product\/yoast-seo-premium-wordpress\/ -->\n<title>Cl\u00f4ture de la 56\u00e8me \u00e9dition de la Cure Sal\u00e9e : Les organisateurs f\u00e9licitent le Pr\u00e9sident de la R\u00e9publique pour son soutien \u00e0 l\u2019\u00e9v\u00e9nement - niger<\/title>\n<meta name=\"description\" content=\"\ufeffApr\u00e8s trois jours de festivit\u00e9s dans la fraternit\u00e9 et la convivialit\u00e9, l\u2019\u00e9dition 2021 de la Cure Sal\u00e9e a pris fin le di ...\" \/>\n<meta name=\"robots\" content=\"index, follow, max-snippet:-1, max-image-preview:large, max-video-preview:-1\" \/>\n<link rel=\"canonical\" href=\"https:\/\/www.africa-press.net\/niger\/politique\/cloture-de-la-56eme-edition-de-la-cure-salee-les-organisateurs-felicitent-le-president-de-la-republique-pour-son-soutien-a-levenement\" \/>\n<meta property=\"og:locale\" content=\"fr_FR\" \/>\n<meta property=\"og:type\" content=\"article\" \/>\n<meta property=\"og:title\" content=\"Cl\u00f4ture de la 56\u00e8me \u00e9dition de la Cure Sal\u00e9e : Les organisateurs f\u00e9licitent le Pr\u00e9sident de la R\u00e9publique pour son soutien \u00e0 l\u2019\u00e9v\u00e9nement\" \/>\n<meta property=\"og:description\" content=\"\ufeffApr\u00e8s trois jours de festivit\u00e9s dans la fraternit\u00e9 et la convivialit\u00e9, l\u2019\u00e9dition 2021 de la Cure Sal\u00e9e a pris fin le di ...\" \/>\n<meta property=\"og:url\" content=\"https:\/\/www.africa-press.net\/niger\/politique\/cloture-de-la-56eme-edition-de-la-cure-salee-les-organisateurs-felicitent-le-president-de-la-republique-pour-son-soutien-a-levenement\" \/>\n<meta property=\"og:site_name\" content=\"niger\" \/>\n<meta property=\"article:published_time\" content=\"2021-09-21T16:10:09+00:00\" \/>\n<meta property=\"article:modified_time\" content=\"2021-09-21T20:44:12+00:00\" \/>\n<meta property=\"og:image\" content=\"https:\/\/static.africa-press.net\/niger\/sites\/40\/2021\/09\/img-6149f2429a44e.jpg\" \/>\n\t<meta property=\"og:image:width\" content=\"720\" \/>\n\t<meta property=\"og:image:height\" content=\"409\" \/>\n\t<meta property=\"og:image:type\" content=\"image\/jpeg\" \/>\n<meta name=\"author\" content=\"cfeditorfr\" \/>\n<meta name=\"twitter:card\" content=\"summary_large_image\" \/>\n<meta name=\"twitter:label1\" content=\"\u00c9crit par\" \/>\n\t<meta name=\"twitter:data1\" content=\"cfeditorfr\" \/>\n\t<meta name=\"twitter:label2\" content=\"Dur\u00e9e de lecture estim\u00e9e\" \/>\n\t<meta name=\"twitter:data2\" content=\"3 minutes\" \/>\n<script type=\"application\/ld+json\" class=\"yoast-schema-graph\">{\"@context\":\"https:\/\/schema.org\",\"@graph\":[{\"@type\":\"Article\",\"@id\":\"https:\/\/www.africa-press.net\/niger\/politique\/cloture-de-la-56eme-edition-de-la-cure-salee-les-organisateurs-felicitent-le-president-de-la-republique-pour-son-soutien-a-levenement#article\",\"isPartOf\":{\"@id\":\"https:\/\/www.africa-press.net\/niger\/politique\/cloture-de-la-56eme-edition-de-la-cure-salee-les-organisateurs-felicitent-le-president-de-la-republique-pour-son-soutien-a-levenement\"},\"author\":{\"name\":\"cfeditorfr\",\"@id\":\"https:\/\/www.africa-press.net\/niger\/#\/schema\/person\/2b1cf3cd81a31e3cd26889ca66d677f1\"},\"headline\":\"Cl\u00f4ture de la 56\u00e8me \u00e9dition de la Cure Sal\u00e9e : Les organisateurs f\u00e9licitent le Pr\u00e9sident de la R\u00e9publique pour son soutien \u00e0 l\u2019\u00e9v\u00e9nement\",\"datePublished\":\"2021-09-21T16:10:09+00:00\",\"dateModified\":\"2021-09-21T20:44:12+00:00\",\"mainEntityOfPage\":{\"@id\":\"https:\/\/www.africa-press.net\/niger\/politique\/cloture-de-la-56eme-edition-de-la-cure-salee-les-organisateurs-felicitent-le-president-de-la-republique-pour-son-soutien-a-levenement\"},\"wordCount\":643,\"commentCount\":0,\"image\":{\"@id\":\"https:\/\/www.africa-press.net\/niger\/politique\/cloture-de-la-56eme-edition-de-la-cure-salee-les-organisateurs-felicitent-le-president-de-la-republique-pour-son-soutien-a-levenement#primaryimage\"},\"thumbnailUrl\":\"https:\/\/static.africa-press.net\/niger\/sites\/40\/2021\/09\/img-6149f2429a44e.jpg\",\"keywords\":[\"Africa Press\",\"Africa Press-Niger\",\"Niger\"],\"articleSection\":[\"homepage-french\",\"Politique\",\"Toutes les actualit\u00e9s\"],\"inLanguage\":\"fr-FR\",\"potentialAction\":[{\"@type\":\"CommentAction\",\"name\":\"Comment\",\"target\":[\"https:\/\/www.africa-press.net\/niger\/politique\/cloture-de-la-56eme-edition-de-la-cure-salee-les-organisateurs-felicitent-le-president-de-la-republique-pour-son-soutien-a-levenement#respond\"]}]},{\"@type\":\"WebPage\",\"@id\":\"https:\/\/www.africa-press.net\/niger\/politique\/cloture-de-la-56eme-edition-de-la-cure-salee-les-organisateurs-felicitent-le-president-de-la-republique-pour-son-soutien-a-levenement\",\"url\":\"https:\/\/www.africa-press.net\/niger\/politique\/cloture-de-la-56eme-edition-de-la-cure-salee-les-organisateurs-felicitent-le-president-de-la-republique-pour-son-soutien-a-levenement\",\"name\":\"Cl\u00f4ture de la 56\u00e8me \u00e9dition de la Cure Sal\u00e9e : Les organisateurs f\u00e9licitent le Pr\u00e9sident de la R\u00e9publique pour son soutien \u00e0 l\u2019\u00e9v\u00e9nement - niger\",\"isPartOf\":{\"@id\":\"https:\/\/www.africa-press.net\/niger\/#website\"},\"primaryImageOfPage\":{\"@id\":\"https:\/\/www.africa-press.net\/niger\/politique\/cloture-de-la-56eme-edition-de-la-cure-salee-les-organisateurs-felicitent-le-president-de-la-republique-pour-son-soutien-a-levenement#primaryimage\"},\"image\":{\"@id\":\"https:\/\/www.africa-press.net\/niger\/politique\/cloture-de-la-56eme-edition-de-la-cure-salee-les-organisateurs-felicitent-le-president-de-la-republique-pour-son-soutien-a-levenement#primaryimage\"},\"thumbnailUrl\":\"https:\/\/static.africa-press.net\/niger\/sites\/40\/2021\/09\/img-6149f2429a44e.jpg\",\"datePublished\":\"2021-09-21T16:10:09+00:00\",\"dateModified\":\"2021-09-21T20:44:12+00:00\",\"author\":{\"@id\":\"https:\/\/www.africa-press.net\/niger\/#\/schema\/person\/2b1cf3cd81a31e3cd26889ca66d677f1\"},\"description\":\"\ufeffApr\u00e8s trois jours de festivit\u00e9s dans la fraternit\u00e9 et la convivialit\u00e9, l\u2019\u00e9dition 2021 de la Cure Sal\u00e9e a pris fin le di ...\",\"breadcrumb\":{\"@id\":\"https:\/\/www.africa-press.net\/niger\/politique\/cloture-de-la-56eme-edition-de-la-cure-salee-les-organisateurs-felicitent-le-president-de-la-republique-pour-son-soutien-a-levenement#breadcrumb\"},\"inLanguage\":\"fr-FR\",\"potentialAction\":[{\"@type\":\"ReadAction\",\"target\":[\"https:\/\/www.africa-press.net\/niger\/politique\/cloture-de-la-56eme-edition-de-la-cure-salee-les-organisateurs-felicitent-le-president-de-la-republique-pour-son-soutien-a-levenement\"]}]},{\"@type\":\"ImageObject\",\"inLanguage\":\"fr-FR\",\"@id\":\"https:\/\/www.africa-press.net\/niger\/politique\/cloture-de-la-56eme-edition-de-la-cure-salee-les-organisateurs-felicitent-le-president-de-la-republique-pour-son-soutien-a-levenement#primaryimage\",\"url\":\"https:\/\/static.africa-press.net\/niger\/sites\/40\/2021\/09\/img-6149f2429a44e.jpg\",\"contentUrl\":\"https:\/\/static.africa-press.net\/niger\/sites\/40\/2021\/09\/img-6149f2429a44e.jpg\",\"width\":720,\"height\":409,\"caption\":\"Cl\u00f4ture de la 56\u00e8me \u00e9dition de la Cure Sal\u00e9e : Les organisateurs f\u00e9licitent le Pr\u00e9sident de la R\u00e9publique pour son soutien \u00e0 l\u2019\u00e9v\u00e9nement\"},{\"@type\":\"BreadcrumbList\",\"@id\":\"https:\/\/www.africa-press.net\/niger\/politique\/cloture-de-la-56eme-edition-de-la-cure-salee-les-organisateurs-felicitent-le-president-de-la-republique-pour-son-soutien-a-levenement#breadcrumb\",\"itemListElement\":[{\"@type\":\"ListItem\",\"position\":1,\"name\":\"Accueil\",\"item\":\"https:\/\/www.africa-press.net\/niger\/\"},{\"@type\":\"ListItem\",\"position\":2,\"name\":\"Cl\u00f4ture de la 56\u00e8me \u00e9dition de la Cure Sal\u00e9e : Les organisateurs f\u00e9licitent le Pr\u00e9sident de la R\u00e9publique pour son soutien \u00e0 l\u2019\u00e9v\u00e9nement\"}]},{\"@type\":\"WebSite\",\"@id\":\"https:\/\/www.africa-press.net\/niger\/#website\",\"url\":\"https:\/\/www.africa-press.net\/niger\/\",\"name\":\"niger\",\"description\":\"Just another Africa News Agency Sites site\",\"potentialAction\":[{\"@type\":\"SearchAction\",\"target\":{\"@type\":\"EntryPoint\",\"urlTemplate\":\"https:\/\/www.africa-press.net\/niger\/?s={search_term_string}\"},\"query-input\":{\"@type\":\"PropertyValueSpecification\",\"valueRequired\":true,\"valueName\":\"search_term_string\"}}],\"inLanguage\":\"fr-FR\"},{\"@type\":\"Person\",\"@id\":\"https:\/\/www.africa-press.net\/niger\/#\/schema\/person\/2b1cf3cd81a31e3cd26889ca66d677f1\",\"name\":\"cfeditorfr\"}]}<\/script>\n<!-- \/ Yoast SEO Premium plugin. -->","yoast_head_json":{"title":"Cl\u00f4ture de la 56\u00e8me \u00e9dition de la Cure Sal\u00e9e : Les organisateurs f\u00e9licitent le Pr\u00e9sident de la R\u00e9publique pour son soutien \u00e0 l\u2019\u00e9v\u00e9nement - niger","description":"\ufeffApr\u00e8s trois jours de festivit\u00e9s dans la fraternit\u00e9 et la convivialit\u00e9, l\u2019\u00e9dition 2021 de la Cure Sal\u00e9e a pris fin le di ...","robots":{"index":"index","follow":"follow","max-snippet":"max-snippet:-1","max-image-preview":"max-image-preview:large","max-video-preview":"max-video-preview:-1"},"canonical":"https:\/\/www.africa-press.net\/niger\/politique\/cloture-de-la-56eme-edition-de-la-cure-salee-les-organisateurs-felicitent-le-president-de-la-republique-pour-son-soutien-a-levenement","og_locale":"fr_FR","og_type":"article","og_title":"Cl\u00f4ture de la 56\u00e8me \u00e9dition de la Cure Sal\u00e9e : Les organisateurs f\u00e9licitent le Pr\u00e9sident de la R\u00e9publique pour son soutien \u00e0 l\u2019\u00e9v\u00e9nement","og_description":"\ufeffApr\u00e8s trois jours de festivit\u00e9s dans la fraternit\u00e9 et la convivialit\u00e9, l\u2019\u00e9dition 2021 de la Cure Sal\u00e9e a pris fin le di ...","og_url":"https:\/\/www.africa-press.net\/niger\/politique\/cloture-de-la-56eme-edition-de-la-cure-salee-les-organisateurs-felicitent-le-president-de-la-republique-pour-son-soutien-a-levenement","og_site_name":"niger","article_published_time":"2021-09-21T16:10:09+00:00","article_modified_time":"2021-09-21T20:44:12+00:00","og_image":[{"width":720,"height":409,"url":"https:\/\/static.africa-press.net\/niger\/sites\/40\/2021\/09\/img-6149f2429a44e.jpg","type":"image\/jpeg"}],"author":"cfeditorfr","twitter_card":"summary_large_image","twitter_misc":{"\u00c9crit par":"cfeditorfr","Dur\u00e9e de lecture estim\u00e9e":"3 minutes"},"schema":{"@context":"https:\/\/schema.org","@graph":[{"@type":"Article","@id":"https:\/\/www.africa-press.net\/niger\/politique\/cloture-de-la-56eme-edition-de-la-cure-salee-les-organisateurs-felicitent-le-president-de-la-republique-pour-son-soutien-a-levenement#article","isPartOf":{"@id":"https:\/\/www.africa-press.net\/niger\/politique\/cloture-de-la-56eme-edition-de-la-cure-salee-les-organisateurs-felicitent-le-president-de-la-republique-pour-son-soutien-a-levenement"},"author":{"name":"cfeditorfr","@id":"https:\/\/www.africa-press.net\/niger\/#\/schema\/person\/2b1cf3cd81a31e3cd26889ca66d677f1"},"headline":"Cl\u00f4ture de la 56\u00e8me \u00e9dition de la Cure Sal\u00e9e : Les organisateurs f\u00e9licitent le Pr\u00e9sident de la R\u00e9publique pour son soutien \u00e0 l\u2019\u00e9v\u00e9nement","datePublished":"2021-09-21T16:10:09+00:00","dateModified":"2021-09-21T20:44:12+00:00","mainEntityOfPage":{"@id":"https:\/\/www.africa-press.net\/niger\/politique\/cloture-de-la-56eme-edition-de-la-cure-salee-les-organisateurs-felicitent-le-president-de-la-republique-pour-son-soutien-a-levenement"},"wordCount":643,"commentCount":0,"image":{"@id":"https:\/\/www.africa-press.net\/niger\/politique\/cloture-de-la-56eme-edition-de-la-cure-salee-les-organisateurs-felicitent-le-president-de-la-republique-pour-son-soutien-a-levenement#primaryimage"},"thumbnailUrl":"https:\/\/static.africa-press.net\/niger\/sites\/40\/2021\/09\/img-6149f2429a44e.jpg","keywords":["Africa Press","Africa Press-Niger","Niger"],"articleSection":["homepage-french","Politique","Toutes les actualit\u00e9s"],"inLanguage":"fr-FR","potentialAction":[{"@type":"CommentAction","name":"Comment","target":["https:\/\/www.africa-press.net\/niger\/politique\/cloture-de-la-56eme-edition-de-la-cure-salee-les-organisateurs-felicitent-le-president-de-la-republique-pour-son-soutien-a-levenement#respond"]}]},{"@type":"WebPage","@id":"https:\/\/www.africa-press.net\/niger\/politique\/cloture-de-la-56eme-edition-de-la-cure-salee-les-organisateurs-felicitent-le-president-de-la-republique-pour-son-soutien-a-levenement","url":"https:\/\/www.africa-press.net\/niger\/politique\/cloture-de-la-56eme-edition-de-la-cure-salee-les-organisateurs-felicitent-le-president-de-la-republique-pour-son-soutien-a-levenement","name":"Cl\u00f4ture de la 56\u00e8me \u00e9dition de la Cure Sal\u00e9e : Les organisateurs f\u00e9licitent le Pr\u00e9sident de la R\u00e9publique pour son soutien \u00e0 l\u2019\u00e9v\u00e9nement - niger","isPartOf":{"@id":"https:\/\/www.africa-press.net\/niger\/#website"},"primaryImageOfPage":{"@id":"https:\/\/www.africa-press.net\/niger\/politique\/cloture-de-la-56eme-edition-de-la-cure-salee-les-organisateurs-felicitent-le-president-de-la-republique-pour-son-soutien-a-levenement#primaryimage"},"image":{"@id":"https:\/\/www.africa-press.net\/niger\/politique\/cloture-de-la-56eme-edition-de-la-cure-salee-les-organisateurs-felicitent-le-president-de-la-republique-pour-son-soutien-a-levenement#primaryimage"},"thumbnailUrl":"https:\/\/static.africa-press.net\/niger\/sites\/40\/2021\/09\/img-6149f2429a44e.jpg","datePublished":"2021-09-21T16:10:09+00:00","dateModified":"2021-09-21T20:44:12+00:00","author":{"@id":"https:\/\/www.africa-press.net\/niger\/#\/schema\/person\/2b1cf3cd81a31e3cd26889ca66d677f1"},"description":"\ufeffApr\u00e8s trois jours de festivit\u00e9s dans la fraternit\u00e9 et la convivialit\u00e9, l\u2019\u00e9dition 2021 de la Cure Sal\u00e9e a pris fin le di ...","breadcrumb":{"@id":"https:\/\/www.africa-press.net\/niger\/politique\/cloture-de-la-56eme-edition-de-la-cure-salee-les-organisateurs-felicitent-le-president-de-la-republique-pour-son-soutien-a-levenement#breadcrumb"},"inLanguage":"fr-FR","potentialAction":[{"@type":"ReadAction","target":["https:\/\/www.africa-press.net\/niger\/politique\/cloture-de-la-56eme-edition-de-la-cure-salee-les-organisateurs-felicitent-le-president-de-la-republique-pour-son-soutien-a-levenement"]}]},{"@type":"ImageObject","inLanguage":"fr-FR","@id":"https:\/\/www.africa-press.net\/niger\/politique\/cloture-de-la-56eme-edition-de-la-cure-salee-les-organisateurs-felicitent-le-president-de-la-republique-pour-son-soutien-a-levenement#primaryimage","url":"https:\/\/static.africa-press.net\/niger\/sites\/40\/2021\/09\/img-6149f2429a44e.jpg","contentUrl":"https:\/\/static.africa-press.net\/niger\/sites\/40\/2021\/09\/img-6149f2429a44e.jpg","width":720,"height":409,"caption":"Cl\u00f4ture de la 56\u00e8me \u00e9dition de la Cure Sal\u00e9e : Les organisateurs f\u00e9licitent le Pr\u00e9sident de la R\u00e9publique pour son soutien \u00e0 l\u2019\u00e9v\u00e9nement"},{"@type":"BreadcrumbList","@id":"https:\/\/www.africa-press.net\/niger\/politique\/cloture-de-la-56eme-edition-de-la-cure-salee-les-organisateurs-felicitent-le-president-de-la-republique-pour-son-soutien-a-levenement#breadcrumb","itemListElement":[{"@type":"ListItem","position":1,"name":"Accueil","item":"https:\/\/www.africa-press.net\/niger\/"},{"@type":"ListItem","position":2,"name":"Cl\u00f4ture de la 56\u00e8me \u00e9dition de la Cure Sal\u00e9e : Les organisateurs f\u00e9licitent le Pr\u00e9sident de la R\u00e9publique pour son soutien \u00e0 l\u2019\u00e9v\u00e9nement"}]},{"@type":"WebSite","@id":"https:\/\/www.africa-press.net\/niger\/#website","url":"https:\/\/www.africa-press.net\/niger\/","name":"niger","description":"Just another Africa News Agency Sites site","potentialAction":[{"@type":"SearchAction","target":{"@type":"EntryPoint","urlTemplate":"https:\/\/www.africa-press.net\/niger\/?s={search_term_string}"},"query-input":{"@type":"PropertyValueSpecification","valueRequired":true,"valueName":"search_term_string"}}],"inLanguage":"fr-FR"},{"@type":"Person","@id":"https:\/\/www.africa-press.net\/niger\/#\/schema\/person\/2b1cf3cd81a31e3cd26889ca66d677f1","name":"cfeditorfr"}]}},"_links":{"self":[{"href":"https:\/\/www.africa-press.net\/niger\/wp-json\/wp\/v2\/posts\/12218","targetHints":{"allow":["GET"]}}],"collection":[{"href":"https:\/\/www.africa-press.net\/niger\/wp-json\/wp\/v2\/posts"}],"about":[{"href":"https:\/\/www.africa-press.net\/niger\/wp-json\/wp\/v2\/types\/post"}],"author":[{"embeddable":true,"href":"https:\/\/www.africa-press.net\/niger\/wp-json\/wp\/v2\/users\/82"}],"replies":[{"embeddable":true,"href":"https:\/\/www.africa-press.net\/niger\/wp-json\/wp\/v2\/comments?post=12218"}],"version-history":[{"count":0,"href":"https:\/\/www.africa-press.net\/niger\/wp-json\/wp\/v2\/posts\/12218\/revisions"}],"wp:featuredmedia":[{"embeddable":true,"href":"https:\/\/www.africa-press.net\/niger\/wp-json\/wp\/v2\/media\/12217"}],"wp:attachment":[{"href":"https:\/\/www.africa-press.net\/niger\/wp-json\/wp\/v2\/media?parent=12218"}],"wp:term":[{"taxonomy":"category","embeddable":true,"href":"https:\/\/www.africa-press.net\/niger\/wp-json\/wp\/v2\/categories?post=12218"},{"taxonomy":"post_tag","embeddable":true,"href":"https:\/\/www.africa-press.net\/niger\/wp-json\/wp\/v2\/tags?post=12218"}],"curies":[{"name":"wp","href":"https:\/\/api.w.org\/{rel}","templated":true}]}}