{"id":12224,"date":"2021-09-21T16:23:16","date_gmt":"2021-09-21T16:23:16","guid":{"rendered":"https:\/\/www.africa-press.net\/niger\/?p=12224"},"modified":"2021-09-21T20:44:40","modified_gmt":"2021-09-21T20:44:40","slug":"le-president-de-la-republique-rencontre-les-responsables-des-comites-regionaux-de-paix-de-lazawak-du-kawar-et-de-lair-encourager-les-communautes-a-renforcer-les-instruments-de-con","status":"publish","type":"post","link":"https:\/\/www.africa-press.net\/niger\/politique\/le-president-de-la-republique-rencontre-les-responsables-des-comites-regionaux-de-paix-de-lazawak-du-kawar-et-de-lair-encourager-les-communautes-a-renforcer-les-instruments-de-con","title":{"rendered":"Le Pr\u00e9sident de la R\u00e9publique rencontre les responsables des comit\u00e9s r\u00e9gionaux de paix de l\u2019Azawak, du Kawar et de l\u2019A\u00efr : Encourager les communaut\u00e9s \u00e0 renforcer les instruments de consolidation de la paix et de pr\u00e9vention du terrorisme et des conflits intercommunautaires"},"content":{"rendered":"<p><span style=\"color: #ff6600\"><strong><a href=\"https:\/\/www.africa-press.net\/\">Africa-Press<\/a> &#8211; <a href=\"https:\/\/www.africa-press.net\/niger\">Niger<\/a>. <\/strong><\/span>A In\u2019gall o\u00f9 il prenait part aux festivit\u00e9s de la Cure sal\u00e9e, le Pr\u00e9sident de la R\u00e9publique, Chef de l\u2019Etat, SEM Mohamed Bazoum, a eu une rencontre, le samedi 18 septembre dernier, avec les responsables des comit\u00e9s r\u00e9gionaux de paix de l\u2019Azawak, du Kawar et de l\u2019A\u00efr. Il s\u2019agissait d\u2019\u00e9changer avec les responsables de ces structures sur les questions de paix et de pr\u00e9vention du terrorisme et des conflits intercommunautaires.<\/p>\n<p>Dans une intervention qu\u2019il a faite \u00e0 cette occasion, le Pr\u00e9sident de la R\u00e9publique a vivement encourag\u00e9 les communaut\u00e9s \u00e0 maintenir les structures de dialogue, de communication et d\u2019interactions qui participent aux efforts de maintien et de consolidation de la paix pour mettre notre pays \u00e0 l\u2019abri des menaces terroristes.<\/p>\n<p>\u00abLes Nig\u00e9riens doivent savoir que, depuis 2012, notre zone est dans une certaine instabilit\u00e9. Et si notre pays a pu tenir bon, c\u2019est aussi parce que vous disposez de cet outil mis en place au niveau de votre r\u00e9gion, \u00e0 savoir le comit\u00e9 r\u00e9gional de paix, un outil pr\u00e9cieux de pr\u00e9servation de la paix qui existe dans les d\u00e9partements de la r\u00e9gion d\u2019Agadez et de l\u2019Azawak dans la r\u00e9gion de Tahoua. Ministre de l\u2019int\u00e9rieur \u00e0 cette \u00e9poque, j\u2019ai appris d\u00e9j\u00e0 avec la Haute Autorit\u00e9 \u00e0 la consolidation de la Paix (HACP) \u00e0 travailler avec vous et \u00e0 m\u2019appuyer sur vous pour b\u00e9n\u00e9ficier de votre concours inestimable afin de promouvoir le dialogue \u00e0 la base au sein des communaut\u00e9s et entre les communaut\u00e9s \u00e0 travers des structures de veille que vous avez mises en place pour pr\u00e9venir les probl\u00e8mes et les r\u00e9gler lorsqu\u2019ils adviennent. Nous nous sommes servis de cet outil et nous nous en servons aujourd\u2019hui encore, parce que c\u2019est un outil tr\u00e8s efficace qui donne de bons r\u00e9sultats\u00bb, a rappel\u00e9 le Chef de l\u2019Etat.<\/p>\n<p>Le Pr\u00e9sident Bazoum a salu\u00e9 l\u2019engagement volontaire et b\u00e9n\u00e9vole des acteurs dans ce travail. \u00abVous les hommes de l\u2019A\u00efr et de l\u2019Azawak, plus que quiconque au Niger, vous savez ce que co\u00fbte l\u2019instabilit\u00e9.Vous tous qui \u00eates l\u00e0 relativement d\u2019un \u00e2ge avanc\u00e9 ou interm\u00e9diaire, vous \u00e9tiez jeunes dans les ann\u00e9es 90 et vous avez \u00e9t\u00e9 peu ou prou engag\u00e9s dans les mouvements des rebellions de l\u2019\u00e9poque et saviez ce que les communaut\u00e9s ont endur\u00e9 de l\u2019ins\u00e9curit\u00e9, de la tension et de l\u2019absence de la paix, et vous avez appris votre le\u00e7on. Et, j\u2019en suis convaincu, vous n\u2019\u00eates pas pr\u00eats \u00e0 laisser les choses aller naturellement jusqu\u2019au risque d\u2019exposer cet espace l\u00e0 au danger qu\u2019on ne peut pas entrevoir aujourd\u2019hui lorsqu\u2019on est un tant soit peu lucide et averti comme vous l\u2019\u00eates\u00bb, a-t-il estim\u00e9. \u00abEt parce que vous \u00eates lucides et avertis, vous avez d\u00e9cid\u00e9 d\u2019utiliser tout ce que vous pouvez engager dans la lutte pour pr\u00e9venir l\u2019av\u00e8nement des situations qui ressemblent \u00e0 celle qui se passe malheureusement au Mali et qui affecte par effet de ricochet certaines zones de notre pays, notamment Torodi dont les habitants sont priv\u00e9s de leurs libert\u00e9s et m\u00eame de leurs droits de circuler, de cultiver leurs terres et m\u00eame de poss\u00e9der un bien. C\u2019est pareil pour les populations de Banibangou, du nord Ouallam, d\u2019Abala qui font l\u2019objet d\u2019exactions de la part des organisations terroristes qui s\u00e8ment la d\u00e9solation, les extorsions et toutes sortes de choses qui rendent la vie d\u00e9sagr\u00e9able parce que empoisonn\u00e9e par ce ph\u00e9nom\u00e8ne- l\u00e0\u00bb, a soulign\u00e9 le Chef de l\u2019Etat.<\/p>\n<p>Le Pr\u00e9sident de la R\u00e9publique, Chef de l\u2019Etat, SEM Mohamed Bazoum a t\u00e9moign\u00e9 toute sa gratitude aux responsables des communaut\u00e9s rencontr\u00e9s \u00e0 In\u2019gall et les a encourag\u00e9s au renforcement de la paix, \u00e0 l\u2019unit\u00e9 et la coh\u00e9sion pour le bien-\u00eatre de tous et ce en d\u00e9pit de la grande menace qui p\u00e8se sur la convivialit\u00e9 entre certaines diff\u00e9rentes communaut\u00e9s dans la zone de Tillia et Tassara et un peu Tchintabaraden. \u00abNous allons \u00eatre forts pour y faire face. J\u2019avais rencontr\u00e9 les responsables des communaut\u00e9s de ces espaces avant de vous rencontrer aujourd\u2019hui. Nous devrions ensemble faire face \u00e0 ce grand d\u00e9fis et nous devrions relever ce d\u00e9fis In\u2019cha Allah\u00bb, a-conclu le Pr\u00e9sident Bazoum.<\/p>\n<p><b>\u00a0<\/b><\/p>\n","protected":false},"excerpt":{"rendered":"<p>Africa-Press &#8211; Niger. A In\u2019gall o\u00f9 il prenait part aux festivit\u00e9s de la Cure sal\u00e9e, le Pr\u00e9sident de la R\u00e9publique, Chef de l\u2019Etat, SEM Mohamed Bazoum, a eu une rencontre, le samedi 18 septembre dernier, avec les responsables des comit\u00e9s r\u00e9gionaux de paix de l\u2019Azawak, du Kawar et de l\u2019A\u00efr. Il s\u2019agissait d\u2019\u00e9changer avec les [&hellip;]<\/p>\n","protected":false},"author":82,"featured_media":12223,"comment_status":"open","ping_status":"closed","sticky":false,"template":"","format":"standard","meta":{"footnotes":""},"categories":[11,2,20,10],"tags":[55,60,29],"class_list":["post-12224","post","type-post","status-publish","format-standard","has-post-thumbnail","hentry","category-homepage-french","category-politique","category-top-nouvelles","category-toutes-les-actualites","tag-africa-press","tag-africa-press-niger","tag-niger"],"yoast_head":"<!-- This site is optimized with the Yoast SEO Premium plugin v26.1 (Yoast SEO v27.0) - https:\/\/yoast.com\/product\/yoast-seo-premium-wordpress\/ -->\n<title>Le Pr\u00e9sident de la R\u00e9publique rencontre les responsables des comit\u00e9s r\u00e9gionaux de paix de l\u2019Azawak, du Kawar et de l\u2019A\u00efr : Encourager les communaut\u00e9s \u00e0 renforcer les instruments de consolidation de la paix et de pr\u00e9vention du terrorisme et des conflits intercommunautaires - niger<\/title>\n<meta name=\"description\" content=\"\ufeffA In\u2019gall o\u00f9 il prenait part aux festivit\u00e9s de la Cure sal\u00e9e, le Pr\u00e9sident de la R\u00e9publique, Chef de l\u2019Etat, SEM Mohame ...\" \/>\n<meta name=\"robots\" content=\"index, follow, max-snippet:-1, max-image-preview:large, max-video-preview:-1\" \/>\n<link rel=\"canonical\" href=\"https:\/\/www.africa-press.net\/niger\/politique\/le-president-de-la-republique-rencontre-les-responsables-des-comites-regionaux-de-paix-de-lazawak-du-kawar-et-de-lair-encourager-les-communautes-a-renforcer-les-instruments-de-con\" \/>\n<meta property=\"og:locale\" content=\"fr_FR\" \/>\n<meta property=\"og:type\" content=\"article\" \/>\n<meta property=\"og:title\" content=\"Le Pr\u00e9sident de la R\u00e9publique rencontre les responsables des comit\u00e9s r\u00e9gionaux de paix de l\u2019Azawak, du Kawar et de l\u2019A\u00efr : Encourager les communaut\u00e9s \u00e0 renforcer les instruments de consolidation de la paix et de pr\u00e9vention du terrorisme et des conflits intercommunautaires\" \/>\n<meta property=\"og:description\" content=\"\ufeffA In\u2019gall o\u00f9 il prenait part aux festivit\u00e9s de la Cure sal\u00e9e, le Pr\u00e9sident de la R\u00e9publique, Chef de l\u2019Etat, SEM Mohame ...\" \/>\n<meta property=\"og:url\" content=\"https:\/\/www.africa-press.net\/niger\/politique\/le-president-de-la-republique-rencontre-les-responsables-des-comites-regionaux-de-paix-de-lazawak-du-kawar-et-de-lair-encourager-les-communautes-a-renforcer-les-instruments-de-con\" \/>\n<meta property=\"og:site_name\" content=\"niger\" \/>\n<meta property=\"article:published_time\" content=\"2021-09-21T16:23:16+00:00\" \/>\n<meta property=\"article:modified_time\" content=\"2021-09-21T20:44:40+00:00\" \/>\n<meta property=\"og:image\" content=\"https:\/\/static.africa-press.net\/niger\/sites\/40\/2021\/09\/img-6149f284b0756.jpg\" \/>\n\t<meta property=\"og:image:width\" content=\"720\" \/>\n\t<meta property=\"og:image:height\" content=\"396\" \/>\n\t<meta property=\"og:image:type\" content=\"image\/jpeg\" \/>\n<meta name=\"author\" content=\"cfeditorfr\" \/>\n<meta name=\"twitter:card\" content=\"summary_large_image\" \/>\n<meta name=\"twitter:label1\" content=\"\u00c9crit par\" \/>\n\t<meta name=\"twitter:data1\" content=\"cfeditorfr\" \/>\n\t<meta name=\"twitter:label2\" content=\"Dur\u00e9e de lecture estim\u00e9e\" \/>\n\t<meta name=\"twitter:data2\" content=\"3 minutes\" \/>\n<script type=\"application\/ld+json\" class=\"yoast-schema-graph\">{\"@context\":\"https:\/\/schema.org\",\"@graph\":[{\"@type\":\"Article\",\"@id\":\"https:\/\/www.africa-press.net\/niger\/politique\/le-president-de-la-republique-rencontre-les-responsables-des-comites-regionaux-de-paix-de-lazawak-du-kawar-et-de-lair-encourager-les-communautes-a-renforcer-les-instruments-de-con#article\",\"isPartOf\":{\"@id\":\"https:\/\/www.africa-press.net\/niger\/politique\/le-president-de-la-republique-rencontre-les-responsables-des-comites-regionaux-de-paix-de-lazawak-du-kawar-et-de-lair-encourager-les-communautes-a-renforcer-les-instruments-de-con\"},\"author\":{\"name\":\"cfeditorfr\",\"@id\":\"https:\/\/www.africa-press.net\/niger\/#\/schema\/person\/2b1cf3cd81a31e3cd26889ca66d677f1\"},\"headline\":\"Le Pr\u00e9sident de la R\u00e9publique rencontre les responsables des comit\u00e9s r\u00e9gionaux de paix de l\u2019Azawak, du Kawar et de l\u2019A\u00efr : Encourager les communaut\u00e9s \u00e0 renforcer les instruments de consolidation de la paix et de pr\u00e9vention du terrorisme et des conflits intercommunautaires\",\"datePublished\":\"2021-09-21T16:23:16+00:00\",\"dateModified\":\"2021-09-21T20:44:40+00:00\",\"mainEntityOfPage\":{\"@id\":\"https:\/\/www.africa-press.net\/niger\/politique\/le-president-de-la-republique-rencontre-les-responsables-des-comites-regionaux-de-paix-de-lazawak-du-kawar-et-de-lair-encourager-les-communautes-a-renforcer-les-instruments-de-con\"},\"wordCount\":821,\"commentCount\":0,\"image\":{\"@id\":\"https:\/\/www.africa-press.net\/niger\/politique\/le-president-de-la-republique-rencontre-les-responsables-des-comites-regionaux-de-paix-de-lazawak-du-kawar-et-de-lair-encourager-les-communautes-a-renforcer-les-instruments-de-con#primaryimage\"},\"thumbnailUrl\":\"https:\/\/static.africa-press.net\/niger\/sites\/40\/2021\/09\/img-6149f284b0756.jpg\",\"keywords\":[\"Africa Press\",\"Africa Press-Niger\",\"Niger\"],\"articleSection\":[\"homepage-french\",\"Politique\",\"Top Nouvelles\",\"Toutes les actualit\u00e9s\"],\"inLanguage\":\"fr-FR\",\"potentialAction\":[{\"@type\":\"CommentAction\",\"name\":\"Comment\",\"target\":[\"https:\/\/www.africa-press.net\/niger\/politique\/le-president-de-la-republique-rencontre-les-responsables-des-comites-regionaux-de-paix-de-lazawak-du-kawar-et-de-lair-encourager-les-communautes-a-renforcer-les-instruments-de-con#respond\"]}]},{\"@type\":\"WebPage\",\"@id\":\"https:\/\/www.africa-press.net\/niger\/politique\/le-president-de-la-republique-rencontre-les-responsables-des-comites-regionaux-de-paix-de-lazawak-du-kawar-et-de-lair-encourager-les-communautes-a-renforcer-les-instruments-de-con\",\"url\":\"https:\/\/www.africa-press.net\/niger\/politique\/le-president-de-la-republique-rencontre-les-responsables-des-comites-regionaux-de-paix-de-lazawak-du-kawar-et-de-lair-encourager-les-communautes-a-renforcer-les-instruments-de-con\",\"name\":\"Le Pr\u00e9sident de la R\u00e9publique rencontre les responsables des comit\u00e9s r\u00e9gionaux de paix de l\u2019Azawak, du Kawar et de l\u2019A\u00efr : Encourager les communaut\u00e9s \u00e0 renforcer les instruments de consolidation de la paix et de pr\u00e9vention du terrorisme et des conflits intercommunautaires - niger\",\"isPartOf\":{\"@id\":\"https:\/\/www.africa-press.net\/niger\/#website\"},\"primaryImageOfPage\":{\"@id\":\"https:\/\/www.africa-press.net\/niger\/politique\/le-president-de-la-republique-rencontre-les-responsables-des-comites-regionaux-de-paix-de-lazawak-du-kawar-et-de-lair-encourager-les-communautes-a-renforcer-les-instruments-de-con#primaryimage\"},\"image\":{\"@id\":\"https:\/\/www.africa-press.net\/niger\/politique\/le-president-de-la-republique-rencontre-les-responsables-des-comites-regionaux-de-paix-de-lazawak-du-kawar-et-de-lair-encourager-les-communautes-a-renforcer-les-instruments-de-con#primaryimage\"},\"thumbnailUrl\":\"https:\/\/static.africa-press.net\/niger\/sites\/40\/2021\/09\/img-6149f284b0756.jpg\",\"datePublished\":\"2021-09-21T16:23:16+00:00\",\"dateModified\":\"2021-09-21T20:44:40+00:00\",\"author\":{\"@id\":\"https:\/\/www.africa-press.net\/niger\/#\/schema\/person\/2b1cf3cd81a31e3cd26889ca66d677f1\"},\"description\":\"\ufeffA In\u2019gall o\u00f9 il prenait part aux festivit\u00e9s de la Cure sal\u00e9e, le Pr\u00e9sident de la R\u00e9publique, Chef de l\u2019Etat, SEM Mohame ...\",\"breadcrumb\":{\"@id\":\"https:\/\/www.africa-press.net\/niger\/politique\/le-president-de-la-republique-rencontre-les-responsables-des-comites-regionaux-de-paix-de-lazawak-du-kawar-et-de-lair-encourager-les-communautes-a-renforcer-les-instruments-de-con#breadcrumb\"},\"inLanguage\":\"fr-FR\",\"potentialAction\":[{\"@type\":\"ReadAction\",\"target\":[\"https:\/\/www.africa-press.net\/niger\/politique\/le-president-de-la-republique-rencontre-les-responsables-des-comites-regionaux-de-paix-de-lazawak-du-kawar-et-de-lair-encourager-les-communautes-a-renforcer-les-instruments-de-con\"]}]},{\"@type\":\"ImageObject\",\"inLanguage\":\"fr-FR\",\"@id\":\"https:\/\/www.africa-press.net\/niger\/politique\/le-president-de-la-republique-rencontre-les-responsables-des-comites-regionaux-de-paix-de-lazawak-du-kawar-et-de-lair-encourager-les-communautes-a-renforcer-les-instruments-de-con#primaryimage\",\"url\":\"https:\/\/static.africa-press.net\/niger\/sites\/40\/2021\/09\/img-6149f284b0756.jpg\",\"contentUrl\":\"https:\/\/static.africa-press.net\/niger\/sites\/40\/2021\/09\/img-6149f284b0756.jpg\",\"width\":720,\"height\":396,\"caption\":\"Le Pr\u00e9sident de la R\u00e9publique rencontre les responsables des comit\u00e9s r\u00e9gionaux de paix de l\u2019Azawak, du Kawar et de l\u2019A\u00efr : Encourager les communaut\u00e9s \u00e0 renforcer les instruments de consolidation de la paix et de pr\u00e9vention du terrorisme et des conflits intercommunautaires\"},{\"@type\":\"BreadcrumbList\",\"@id\":\"https:\/\/www.africa-press.net\/niger\/politique\/le-president-de-la-republique-rencontre-les-responsables-des-comites-regionaux-de-paix-de-lazawak-du-kawar-et-de-lair-encourager-les-communautes-a-renforcer-les-instruments-de-con#breadcrumb\",\"itemListElement\":[{\"@type\":\"ListItem\",\"position\":1,\"name\":\"Accueil\",\"item\":\"https:\/\/www.africa-press.net\/niger\/\"},{\"@type\":\"ListItem\",\"position\":2,\"name\":\"Le Pr\u00e9sident de la R\u00e9publique rencontre les responsables des comit\u00e9s r\u00e9gionaux de paix de l\u2019Azawak, du Kawar et de l\u2019A\u00efr : Encourager les communaut\u00e9s \u00e0 renforcer les instruments de consolidation de la paix et de pr\u00e9vention du terrorisme et des conflits intercommunautaires\"}]},{\"@type\":\"WebSite\",\"@id\":\"https:\/\/www.africa-press.net\/niger\/#website\",\"url\":\"https:\/\/www.africa-press.net\/niger\/\",\"name\":\"niger\",\"description\":\"Just another Africa News Agency Sites site\",\"potentialAction\":[{\"@type\":\"SearchAction\",\"target\":{\"@type\":\"EntryPoint\",\"urlTemplate\":\"https:\/\/www.africa-press.net\/niger\/?s={search_term_string}\"},\"query-input\":{\"@type\":\"PropertyValueSpecification\",\"valueRequired\":true,\"valueName\":\"search_term_string\"}}],\"inLanguage\":\"fr-FR\"},{\"@type\":\"Person\",\"@id\":\"https:\/\/www.africa-press.net\/niger\/#\/schema\/person\/2b1cf3cd81a31e3cd26889ca66d677f1\",\"name\":\"cfeditorfr\"}]}<\/script>\n<!-- \/ Yoast SEO Premium plugin. -->","yoast_head_json":{"title":"Le Pr\u00e9sident de la R\u00e9publique rencontre les responsables des comit\u00e9s r\u00e9gionaux de paix de l\u2019Azawak, du Kawar et de l\u2019A\u00efr : Encourager les communaut\u00e9s \u00e0 renforcer les instruments de consolidation de la paix et de pr\u00e9vention du terrorisme et des conflits intercommunautaires - niger","description":"\ufeffA In\u2019gall o\u00f9 il prenait part aux festivit\u00e9s de la Cure sal\u00e9e, le Pr\u00e9sident de la R\u00e9publique, Chef de l\u2019Etat, SEM Mohame ...","robots":{"index":"index","follow":"follow","max-snippet":"max-snippet:-1","max-image-preview":"max-image-preview:large","max-video-preview":"max-video-preview:-1"},"canonical":"https:\/\/www.africa-press.net\/niger\/politique\/le-president-de-la-republique-rencontre-les-responsables-des-comites-regionaux-de-paix-de-lazawak-du-kawar-et-de-lair-encourager-les-communautes-a-renforcer-les-instruments-de-con","og_locale":"fr_FR","og_type":"article","og_title":"Le Pr\u00e9sident de la R\u00e9publique rencontre les responsables des comit\u00e9s r\u00e9gionaux de paix de l\u2019Azawak, du Kawar et de l\u2019A\u00efr : Encourager les communaut\u00e9s \u00e0 renforcer les instruments de consolidation de la paix et de pr\u00e9vention du terrorisme et des conflits intercommunautaires","og_description":"\ufeffA In\u2019gall o\u00f9 il prenait part aux festivit\u00e9s de la Cure sal\u00e9e, le Pr\u00e9sident de la R\u00e9publique, Chef de l\u2019Etat, SEM Mohame ...","og_url":"https:\/\/www.africa-press.net\/niger\/politique\/le-president-de-la-republique-rencontre-les-responsables-des-comites-regionaux-de-paix-de-lazawak-du-kawar-et-de-lair-encourager-les-communautes-a-renforcer-les-instruments-de-con","og_site_name":"niger","article_published_time":"2021-09-21T16:23:16+00:00","article_modified_time":"2021-09-21T20:44:40+00:00","og_image":[{"width":720,"height":396,"url":"https:\/\/static.africa-press.net\/niger\/sites\/40\/2021\/09\/img-6149f284b0756.jpg","type":"image\/jpeg"}],"author":"cfeditorfr","twitter_card":"summary_large_image","twitter_misc":{"\u00c9crit par":"cfeditorfr","Dur\u00e9e de lecture estim\u00e9e":"3 minutes"},"schema":{"@context":"https:\/\/schema.org","@graph":[{"@type":"Article","@id":"https:\/\/www.africa-press.net\/niger\/politique\/le-president-de-la-republique-rencontre-les-responsables-des-comites-regionaux-de-paix-de-lazawak-du-kawar-et-de-lair-encourager-les-communautes-a-renforcer-les-instruments-de-con#article","isPartOf":{"@id":"https:\/\/www.africa-press.net\/niger\/politique\/le-president-de-la-republique-rencontre-les-responsables-des-comites-regionaux-de-paix-de-lazawak-du-kawar-et-de-lair-encourager-les-communautes-a-renforcer-les-instruments-de-con"},"author":{"name":"cfeditorfr","@id":"https:\/\/www.africa-press.net\/niger\/#\/schema\/person\/2b1cf3cd81a31e3cd26889ca66d677f1"},"headline":"Le Pr\u00e9sident de la R\u00e9publique rencontre les responsables des comit\u00e9s r\u00e9gionaux de paix de l\u2019Azawak, du Kawar et de l\u2019A\u00efr : Encourager les communaut\u00e9s \u00e0 renforcer les instruments de consolidation de la paix et de pr\u00e9vention du terrorisme et des conflits intercommunautaires","datePublished":"2021-09-21T16:23:16+00:00","dateModified":"2021-09-21T20:44:40+00:00","mainEntityOfPage":{"@id":"https:\/\/www.africa-press.net\/niger\/politique\/le-president-de-la-republique-rencontre-les-responsables-des-comites-regionaux-de-paix-de-lazawak-du-kawar-et-de-lair-encourager-les-communautes-a-renforcer-les-instruments-de-con"},"wordCount":821,"commentCount":0,"image":{"@id":"https:\/\/www.africa-press.net\/niger\/politique\/le-president-de-la-republique-rencontre-les-responsables-des-comites-regionaux-de-paix-de-lazawak-du-kawar-et-de-lair-encourager-les-communautes-a-renforcer-les-instruments-de-con#primaryimage"},"thumbnailUrl":"https:\/\/static.africa-press.net\/niger\/sites\/40\/2021\/09\/img-6149f284b0756.jpg","keywords":["Africa Press","Africa Press-Niger","Niger"],"articleSection":["homepage-french","Politique","Top Nouvelles","Toutes les actualit\u00e9s"],"inLanguage":"fr-FR","potentialAction":[{"@type":"CommentAction","name":"Comment","target":["https:\/\/www.africa-press.net\/niger\/politique\/le-president-de-la-republique-rencontre-les-responsables-des-comites-regionaux-de-paix-de-lazawak-du-kawar-et-de-lair-encourager-les-communautes-a-renforcer-les-instruments-de-con#respond"]}]},{"@type":"WebPage","@id":"https:\/\/www.africa-press.net\/niger\/politique\/le-president-de-la-republique-rencontre-les-responsables-des-comites-regionaux-de-paix-de-lazawak-du-kawar-et-de-lair-encourager-les-communautes-a-renforcer-les-instruments-de-con","url":"https:\/\/www.africa-press.net\/niger\/politique\/le-president-de-la-republique-rencontre-les-responsables-des-comites-regionaux-de-paix-de-lazawak-du-kawar-et-de-lair-encourager-les-communautes-a-renforcer-les-instruments-de-con","name":"Le Pr\u00e9sident de la R\u00e9publique rencontre les responsables des comit\u00e9s r\u00e9gionaux de paix de l\u2019Azawak, du Kawar et de l\u2019A\u00efr : Encourager les communaut\u00e9s \u00e0 renforcer les instruments de consolidation de la paix et de pr\u00e9vention du terrorisme et des conflits intercommunautaires - niger","isPartOf":{"@id":"https:\/\/www.africa-press.net\/niger\/#website"},"primaryImageOfPage":{"@id":"https:\/\/www.africa-press.net\/niger\/politique\/le-president-de-la-republique-rencontre-les-responsables-des-comites-regionaux-de-paix-de-lazawak-du-kawar-et-de-lair-encourager-les-communautes-a-renforcer-les-instruments-de-con#primaryimage"},"image":{"@id":"https:\/\/www.africa-press.net\/niger\/politique\/le-president-de-la-republique-rencontre-les-responsables-des-comites-regionaux-de-paix-de-lazawak-du-kawar-et-de-lair-encourager-les-communautes-a-renforcer-les-instruments-de-con#primaryimage"},"thumbnailUrl":"https:\/\/static.africa-press.net\/niger\/sites\/40\/2021\/09\/img-6149f284b0756.jpg","datePublished":"2021-09-21T16:23:16+00:00","dateModified":"2021-09-21T20:44:40+00:00","author":{"@id":"https:\/\/www.africa-press.net\/niger\/#\/schema\/person\/2b1cf3cd81a31e3cd26889ca66d677f1"},"description":"\ufeffA In\u2019gall o\u00f9 il prenait part aux festivit\u00e9s de la Cure sal\u00e9e, le Pr\u00e9sident de la R\u00e9publique, Chef de l\u2019Etat, SEM Mohame ...","breadcrumb":{"@id":"https:\/\/www.africa-press.net\/niger\/politique\/le-president-de-la-republique-rencontre-les-responsables-des-comites-regionaux-de-paix-de-lazawak-du-kawar-et-de-lair-encourager-les-communautes-a-renforcer-les-instruments-de-con#breadcrumb"},"inLanguage":"fr-FR","potentialAction":[{"@type":"ReadAction","target":["https:\/\/www.africa-press.net\/niger\/politique\/le-president-de-la-republique-rencontre-les-responsables-des-comites-regionaux-de-paix-de-lazawak-du-kawar-et-de-lair-encourager-les-communautes-a-renforcer-les-instruments-de-con"]}]},{"@type":"ImageObject","inLanguage":"fr-FR","@id":"https:\/\/www.africa-press.net\/niger\/politique\/le-president-de-la-republique-rencontre-les-responsables-des-comites-regionaux-de-paix-de-lazawak-du-kawar-et-de-lair-encourager-les-communautes-a-renforcer-les-instruments-de-con#primaryimage","url":"https:\/\/static.africa-press.net\/niger\/sites\/40\/2021\/09\/img-6149f284b0756.jpg","contentUrl":"https:\/\/static.africa-press.net\/niger\/sites\/40\/2021\/09\/img-6149f284b0756.jpg","width":720,"height":396,"caption":"Le Pr\u00e9sident de la R\u00e9publique rencontre les responsables des comit\u00e9s r\u00e9gionaux de paix de l\u2019Azawak, du Kawar et de l\u2019A\u00efr : Encourager les communaut\u00e9s \u00e0 renforcer les instruments de consolidation de la paix et de pr\u00e9vention du terrorisme et des conflits intercommunautaires"},{"@type":"BreadcrumbList","@id":"https:\/\/www.africa-press.net\/niger\/politique\/le-president-de-la-republique-rencontre-les-responsables-des-comites-regionaux-de-paix-de-lazawak-du-kawar-et-de-lair-encourager-les-communautes-a-renforcer-les-instruments-de-con#breadcrumb","itemListElement":[{"@type":"ListItem","position":1,"name":"Accueil","item":"https:\/\/www.africa-press.net\/niger\/"},{"@type":"ListItem","position":2,"name":"Le Pr\u00e9sident de la R\u00e9publique rencontre les responsables des comit\u00e9s r\u00e9gionaux de paix de l\u2019Azawak, du Kawar et de l\u2019A\u00efr : Encourager les communaut\u00e9s \u00e0 renforcer les instruments de consolidation de la paix et de pr\u00e9vention du terrorisme et des conflits intercommunautaires"}]},{"@type":"WebSite","@id":"https:\/\/www.africa-press.net\/niger\/#website","url":"https:\/\/www.africa-press.net\/niger\/","name":"niger","description":"Just another Africa News Agency Sites site","potentialAction":[{"@type":"SearchAction","target":{"@type":"EntryPoint","urlTemplate":"https:\/\/www.africa-press.net\/niger\/?s={search_term_string}"},"query-input":{"@type":"PropertyValueSpecification","valueRequired":true,"valueName":"search_term_string"}}],"inLanguage":"fr-FR"},{"@type":"Person","@id":"https:\/\/www.africa-press.net\/niger\/#\/schema\/person\/2b1cf3cd81a31e3cd26889ca66d677f1","name":"cfeditorfr"}]}},"_links":{"self":[{"href":"https:\/\/www.africa-press.net\/niger\/wp-json\/wp\/v2\/posts\/12224","targetHints":{"allow":["GET"]}}],"collection":[{"href":"https:\/\/www.africa-press.net\/niger\/wp-json\/wp\/v2\/posts"}],"about":[{"href":"https:\/\/www.africa-press.net\/niger\/wp-json\/wp\/v2\/types\/post"}],"author":[{"embeddable":true,"href":"https:\/\/www.africa-press.net\/niger\/wp-json\/wp\/v2\/users\/82"}],"replies":[{"embeddable":true,"href":"https:\/\/www.africa-press.net\/niger\/wp-json\/wp\/v2\/comments?post=12224"}],"version-history":[{"count":0,"href":"https:\/\/www.africa-press.net\/niger\/wp-json\/wp\/v2\/posts\/12224\/revisions"}],"wp:featuredmedia":[{"embeddable":true,"href":"https:\/\/www.africa-press.net\/niger\/wp-json\/wp\/v2\/media\/12223"}],"wp:attachment":[{"href":"https:\/\/www.africa-press.net\/niger\/wp-json\/wp\/v2\/media?parent=12224"}],"wp:term":[{"taxonomy":"category","embeddable":true,"href":"https:\/\/www.africa-press.net\/niger\/wp-json\/wp\/v2\/categories?post=12224"},{"taxonomy":"post_tag","embeddable":true,"href":"https:\/\/www.africa-press.net\/niger\/wp-json\/wp\/v2\/tags?post=12224"}],"curies":[{"name":"wp","href":"https:\/\/api.w.org\/{rel}","templated":true}]}}