{"id":12227,"date":"2021-09-21T16:32:48","date_gmt":"2021-09-21T16:32:48","guid":{"rendered":"https:\/\/www.africa-press.net\/niger\/?p=12227"},"modified":"2021-09-21T20:44:52","modified_gmt":"2021-09-21T20:44:52","slug":"mission-du-president-de-la-republique-dans-la-region-dagadez-de-la-cure-salee-le-chef-de-letat-assiste-a-plusieurs-manifestations-culturelles-a-ingall","status":"publish","type":"post","link":"https:\/\/www.africa-press.net\/niger\/culture-et-art\/mission-du-president-de-la-republique-dans-la-region-dagadez-de-la-cure-salee-le-chef-de-letat-assiste-a-plusieurs-manifestations-culturelles-a-ingall","title":{"rendered":"Mission du Pr\u00e9sident de la R\u00e9publique dans la r\u00e9gion d\u2019Agadez de la Cure Sal\u00e9e : Le Chef de l\u2019Etat assiste \u00e0 plusieurs manifestations culturelles \u00e0 Ingall"},"content":{"rendered":"<p><span style=\"color: #ff6600\"><strong><a href=\"https:\/\/www.africa-press.net\/\">Africa-Press<\/a> &#8211; <a href=\"https:\/\/www.africa-press.net\/niger\">Niger<\/a>. <\/strong><\/span>Le Pr\u00e9sident de la R\u00e9publique SE. Mohamed Bazoum a assist\u00e9 le samedi 18 septembre dernier \u00e0 Ingall \u00e0 plusieurs manifestations culturelles tenues au 2\u00e8me jour de la 56\u00e8me \u00e9dition de la f\u00eate annuelle de la Cure Sal\u00e9e. Une occasion pour le Chef de l\u2019Etat de contempler et d\u2019admirer la beaut\u00e9 et la richesse de la culture nig\u00e9rienne. Au cours de ces manifestations qui ont pour but de promouvoir la culture nig\u00e9rienne, les organisateurs proc\u00e8dent \u00e9galement \u00e0 l\u2019\u00e9valuation des comp\u00e9tences et des talents des festivaliers en lice.<\/p>\n<p>Dans la matin\u00e9e du samedi 18 septembre, le Pr\u00e9sident de la R\u00e9publique a assist\u00e9 \u00e0 diff\u00e9rents concours organis\u00e9s pour la circonstance au niveau du site Hadiza Awi-Alher. Il s\u2019agit notamment de la course des (petits et grands) chameaux, de la danse Guerouelle des peuls Wadab\u00e9, le concours du chameau le mieux harnach\u00e9 et celui du chameau le mieux dress\u00e9, la course des chevaux, etc.<\/p>\n<p>Dans une ambiance carnavalesque sous le rythme du Tend\u00e9, le public a eu droit \u00e0 des prestations fantastiques et agr\u00e9ables dont la fameuse fantasia. C\u2019\u00e9tait un moment agr\u00e9able que le chef de l\u2019Etat a pass\u00e9 en contact direct avec la communaut\u00e9 locale. Le public \u00e9tait enthousiasm\u00e9 par les multiples d\u00e9fil\u00e9s des chameliers et les \u00e2ni\u00e8res.<\/p>\n<p>La pr\u00e9sence du Pr\u00e9sident de la R\u00e9publique aux diff\u00e9rentes manifestations entrant dans le cadre la Cure Sal\u00e9e \u00e9dition 2021 est un motif de satisfaction pour les organisateurs. \u00abNous avons la grande satisfaction que toutes les courses se sont d\u00e9roul\u00e9es en pr\u00e9sence du premier citoyen du Niger SE. Mohamed Bazoum. Le jury de l\u2019\u00e9dition 2021 dit chapeau au Pr\u00e9sident de la R\u00e9publique pour avoir redor\u00e9 les blasons de la Cure Sal\u00e9e et pour permettre aux diff\u00e9rentes communaut\u00e9s de jouir de cette tribune\u00bb a confi\u00e9 M. Inchirouat Abou, pr\u00e9sident du jury de l\u2019\u00e9dition 2021 de la Cure Sal\u00e9e.<\/p>\n<p>Par la m\u00eame occasion, les membres des diff\u00e9rents jurys ont formul\u00e9 des recommandations et des dol\u00e9ances au Pr\u00e9sident de la R\u00e9publique pour une meilleure organisation des \u00e9ditions de la Cure Sal\u00e9e. Ces recommandations portent notamment sur le retour de Tind\u00e9 dans les concours, la reprise de la course traditionnelle, etc. \u00abNous voulons montrer au monde entier et au Pr\u00e9sident de la R\u00e9publique la force et la comp\u00e9tence des \u00e9leveurs. Nous faisons ces prestations pour d\u00e9montrer la puissance et la richesse de la culture nig\u00e9rienne\u00bb a expliqu\u00e9 M. Inchirouat Abou.<\/p>\n<p><b>\u00a0<\/b><\/p>\n","protected":false},"excerpt":{"rendered":"<p>Africa-Press &#8211; Niger. Le Pr\u00e9sident de la R\u00e9publique SE. Mohamed Bazoum a assist\u00e9 le samedi 18 septembre dernier \u00e0 Ingall \u00e0 plusieurs manifestations culturelles tenues au 2\u00e8me jour de la 56\u00e8me \u00e9dition de la f\u00eate annuelle de la Cure Sal\u00e9e. Une occasion pour le Chef de l\u2019Etat de contempler et d\u2019admirer la beaut\u00e9 et la [&hellip;]<\/p>\n","protected":false},"author":82,"featured_media":12226,"comment_status":"open","ping_status":"closed","sticky":false,"template":"","format":"standard","meta":{"footnotes":""},"categories":[5,11,10],"tags":[55,60,29],"class_list":["post-12227","post","type-post","status-publish","format-standard","has-post-thumbnail","hentry","category-culture-et-art","category-homepage-french","category-toutes-les-actualites","tag-africa-press","tag-africa-press-niger","tag-niger"],"yoast_head":"<!-- This site is optimized with the Yoast SEO Premium plugin v26.1 (Yoast SEO v27.0) - https:\/\/yoast.com\/product\/yoast-seo-premium-wordpress\/ -->\n<title>Mission du Pr\u00e9sident de la R\u00e9publique dans la r\u00e9gion d\u2019Agadez de la Cure Sal\u00e9e : Le Chef de l\u2019Etat assiste \u00e0 plusieurs manifestations culturelles \u00e0 Ingall - niger<\/title>\n<meta name=\"description\" content=\"\ufeffLe Pr\u00e9sident de la R\u00e9publique SE. Mohamed Bazoum a assist\u00e9 le samedi 18 septembre dernier \u00e0 Ingall \u00e0 plusieurs manifest ...\" \/>\n<meta name=\"robots\" content=\"index, follow, max-snippet:-1, max-image-preview:large, max-video-preview:-1\" \/>\n<link rel=\"canonical\" href=\"https:\/\/www.africa-press.net\/niger\/culture-et-art\/mission-du-president-de-la-republique-dans-la-region-dagadez-de-la-cure-salee-le-chef-de-letat-assiste-a-plusieurs-manifestations-culturelles-a-ingall\" \/>\n<meta property=\"og:locale\" content=\"fr_FR\" \/>\n<meta property=\"og:type\" content=\"article\" \/>\n<meta property=\"og:title\" content=\"Mission du Pr\u00e9sident de la R\u00e9publique dans la r\u00e9gion d\u2019Agadez de la Cure Sal\u00e9e : Le Chef de l\u2019Etat assiste \u00e0 plusieurs manifestations culturelles \u00e0 Ingall\" \/>\n<meta property=\"og:description\" content=\"\ufeffLe Pr\u00e9sident de la R\u00e9publique SE. Mohamed Bazoum a assist\u00e9 le samedi 18 septembre dernier \u00e0 Ingall \u00e0 plusieurs manifest ...\" \/>\n<meta property=\"og:url\" content=\"https:\/\/www.africa-press.net\/niger\/culture-et-art\/mission-du-president-de-la-republique-dans-la-region-dagadez-de-la-cure-salee-le-chef-de-letat-assiste-a-plusieurs-manifestations-culturelles-a-ingall\" \/>\n<meta property=\"og:site_name\" content=\"niger\" \/>\n<meta property=\"article:published_time\" content=\"2021-09-21T16:32:48+00:00\" \/>\n<meta property=\"article:modified_time\" content=\"2021-09-21T20:44:52+00:00\" \/>\n<meta property=\"og:image\" content=\"https:\/\/static.africa-press.net\/niger\/sites\/40\/2021\/09\/img-6149f2a542d0f.jpg\" \/>\n\t<meta property=\"og:image:width\" content=\"720\" \/>\n\t<meta property=\"og:image:height\" content=\"440\" \/>\n\t<meta property=\"og:image:type\" content=\"image\/jpeg\" \/>\n<meta name=\"author\" content=\"cfeditorfr\" \/>\n<meta name=\"twitter:card\" content=\"summary_large_image\" \/>\n<meta name=\"twitter:label1\" content=\"\u00c9crit par\" \/>\n\t<meta name=\"twitter:data1\" content=\"cfeditorfr\" \/>\n\t<meta name=\"twitter:label2\" content=\"Dur\u00e9e de lecture estim\u00e9e\" \/>\n\t<meta name=\"twitter:data2\" content=\"2 minutes\" \/>\n<script type=\"application\/ld+json\" class=\"yoast-schema-graph\">{\"@context\":\"https:\/\/schema.org\",\"@graph\":[{\"@type\":\"Article\",\"@id\":\"https:\/\/www.africa-press.net\/niger\/culture-et-art\/mission-du-president-de-la-republique-dans-la-region-dagadez-de-la-cure-salee-le-chef-de-letat-assiste-a-plusieurs-manifestations-culturelles-a-ingall#article\",\"isPartOf\":{\"@id\":\"https:\/\/www.africa-press.net\/niger\/culture-et-art\/mission-du-president-de-la-republique-dans-la-region-dagadez-de-la-cure-salee-le-chef-de-letat-assiste-a-plusieurs-manifestations-culturelles-a-ingall\"},\"author\":{\"name\":\"cfeditorfr\",\"@id\":\"https:\/\/www.africa-press.net\/niger\/#\/schema\/person\/2b1cf3cd81a31e3cd26889ca66d677f1\"},\"headline\":\"Mission du Pr\u00e9sident de la R\u00e9publique dans la r\u00e9gion d\u2019Agadez de la Cure Sal\u00e9e : Le Chef de l\u2019Etat assiste \u00e0 plusieurs manifestations culturelles \u00e0 Ingall\",\"datePublished\":\"2021-09-21T16:32:48+00:00\",\"dateModified\":\"2021-09-21T20:44:52+00:00\",\"mainEntityOfPage\":{\"@id\":\"https:\/\/www.africa-press.net\/niger\/culture-et-art\/mission-du-president-de-la-republique-dans-la-region-dagadez-de-la-cure-salee-le-chef-de-letat-assiste-a-plusieurs-manifestations-culturelles-a-ingall\"},\"wordCount\":464,\"commentCount\":0,\"image\":{\"@id\":\"https:\/\/www.africa-press.net\/niger\/culture-et-art\/mission-du-president-de-la-republique-dans-la-region-dagadez-de-la-cure-salee-le-chef-de-letat-assiste-a-plusieurs-manifestations-culturelles-a-ingall#primaryimage\"},\"thumbnailUrl\":\"https:\/\/static.africa-press.net\/niger\/sites\/40\/2021\/09\/img-6149f2a542d0f.jpg\",\"keywords\":[\"Africa Press\",\"Africa Press-Niger\",\"Niger\"],\"articleSection\":[\"Culture et Art\",\"homepage-french\",\"Toutes les actualit\u00e9s\"],\"inLanguage\":\"fr-FR\",\"potentialAction\":[{\"@type\":\"CommentAction\",\"name\":\"Comment\",\"target\":[\"https:\/\/www.africa-press.net\/niger\/culture-et-art\/mission-du-president-de-la-republique-dans-la-region-dagadez-de-la-cure-salee-le-chef-de-letat-assiste-a-plusieurs-manifestations-culturelles-a-ingall#respond\"]}]},{\"@type\":\"WebPage\",\"@id\":\"https:\/\/www.africa-press.net\/niger\/culture-et-art\/mission-du-president-de-la-republique-dans-la-region-dagadez-de-la-cure-salee-le-chef-de-letat-assiste-a-plusieurs-manifestations-culturelles-a-ingall\",\"url\":\"https:\/\/www.africa-press.net\/niger\/culture-et-art\/mission-du-president-de-la-republique-dans-la-region-dagadez-de-la-cure-salee-le-chef-de-letat-assiste-a-plusieurs-manifestations-culturelles-a-ingall\",\"name\":\"Mission du Pr\u00e9sident de la R\u00e9publique dans la r\u00e9gion d\u2019Agadez de la Cure Sal\u00e9e : Le Chef de l\u2019Etat assiste \u00e0 plusieurs manifestations culturelles \u00e0 Ingall - niger\",\"isPartOf\":{\"@id\":\"https:\/\/www.africa-press.net\/niger\/#website\"},\"primaryImageOfPage\":{\"@id\":\"https:\/\/www.africa-press.net\/niger\/culture-et-art\/mission-du-president-de-la-republique-dans-la-region-dagadez-de-la-cure-salee-le-chef-de-letat-assiste-a-plusieurs-manifestations-culturelles-a-ingall#primaryimage\"},\"image\":{\"@id\":\"https:\/\/www.africa-press.net\/niger\/culture-et-art\/mission-du-president-de-la-republique-dans-la-region-dagadez-de-la-cure-salee-le-chef-de-letat-assiste-a-plusieurs-manifestations-culturelles-a-ingall#primaryimage\"},\"thumbnailUrl\":\"https:\/\/static.africa-press.net\/niger\/sites\/40\/2021\/09\/img-6149f2a542d0f.jpg\",\"datePublished\":\"2021-09-21T16:32:48+00:00\",\"dateModified\":\"2021-09-21T20:44:52+00:00\",\"author\":{\"@id\":\"https:\/\/www.africa-press.net\/niger\/#\/schema\/person\/2b1cf3cd81a31e3cd26889ca66d677f1\"},\"description\":\"\ufeffLe Pr\u00e9sident de la R\u00e9publique SE. Mohamed Bazoum a assist\u00e9 le samedi 18 septembre dernier \u00e0 Ingall \u00e0 plusieurs manifest ...\",\"breadcrumb\":{\"@id\":\"https:\/\/www.africa-press.net\/niger\/culture-et-art\/mission-du-president-de-la-republique-dans-la-region-dagadez-de-la-cure-salee-le-chef-de-letat-assiste-a-plusieurs-manifestations-culturelles-a-ingall#breadcrumb\"},\"inLanguage\":\"fr-FR\",\"potentialAction\":[{\"@type\":\"ReadAction\",\"target\":[\"https:\/\/www.africa-press.net\/niger\/culture-et-art\/mission-du-president-de-la-republique-dans-la-region-dagadez-de-la-cure-salee-le-chef-de-letat-assiste-a-plusieurs-manifestations-culturelles-a-ingall\"]}]},{\"@type\":\"ImageObject\",\"inLanguage\":\"fr-FR\",\"@id\":\"https:\/\/www.africa-press.net\/niger\/culture-et-art\/mission-du-president-de-la-republique-dans-la-region-dagadez-de-la-cure-salee-le-chef-de-letat-assiste-a-plusieurs-manifestations-culturelles-a-ingall#primaryimage\",\"url\":\"https:\/\/static.africa-press.net\/niger\/sites\/40\/2021\/09\/img-6149f2a542d0f.jpg\",\"contentUrl\":\"https:\/\/static.africa-press.net\/niger\/sites\/40\/2021\/09\/img-6149f2a542d0f.jpg\",\"width\":720,\"height\":440,\"caption\":\"Mission du Pr\u00e9sident de la R\u00e9publique dans la r\u00e9gion d\u2019Agadez de la Cure Sal\u00e9e : Le Chef de l\u2019Etat assiste \u00e0 plusieurs manifestations culturelles \u00e0 Ingall\"},{\"@type\":\"BreadcrumbList\",\"@id\":\"https:\/\/www.africa-press.net\/niger\/culture-et-art\/mission-du-president-de-la-republique-dans-la-region-dagadez-de-la-cure-salee-le-chef-de-letat-assiste-a-plusieurs-manifestations-culturelles-a-ingall#breadcrumb\",\"itemListElement\":[{\"@type\":\"ListItem\",\"position\":1,\"name\":\"Accueil\",\"item\":\"https:\/\/www.africa-press.net\/niger\/\"},{\"@type\":\"ListItem\",\"position\":2,\"name\":\"Mission du Pr\u00e9sident de la R\u00e9publique dans la r\u00e9gion d\u2019Agadez de la Cure Sal\u00e9e : Le Chef de l\u2019Etat assiste \u00e0 plusieurs manifestations culturelles \u00e0 Ingall\"}]},{\"@type\":\"WebSite\",\"@id\":\"https:\/\/www.africa-press.net\/niger\/#website\",\"url\":\"https:\/\/www.africa-press.net\/niger\/\",\"name\":\"niger\",\"description\":\"Just another Africa News Agency Sites site\",\"potentialAction\":[{\"@type\":\"SearchAction\",\"target\":{\"@type\":\"EntryPoint\",\"urlTemplate\":\"https:\/\/www.africa-press.net\/niger\/?s={search_term_string}\"},\"query-input\":{\"@type\":\"PropertyValueSpecification\",\"valueRequired\":true,\"valueName\":\"search_term_string\"}}],\"inLanguage\":\"fr-FR\"},{\"@type\":\"Person\",\"@id\":\"https:\/\/www.africa-press.net\/niger\/#\/schema\/person\/2b1cf3cd81a31e3cd26889ca66d677f1\",\"name\":\"cfeditorfr\"}]}<\/script>\n<!-- \/ Yoast SEO Premium plugin. -->","yoast_head_json":{"title":"Mission du Pr\u00e9sident de la R\u00e9publique dans la r\u00e9gion d\u2019Agadez de la Cure Sal\u00e9e : Le Chef de l\u2019Etat assiste \u00e0 plusieurs manifestations culturelles \u00e0 Ingall - niger","description":"\ufeffLe Pr\u00e9sident de la R\u00e9publique SE. Mohamed Bazoum a assist\u00e9 le samedi 18 septembre dernier \u00e0 Ingall \u00e0 plusieurs manifest ...","robots":{"index":"index","follow":"follow","max-snippet":"max-snippet:-1","max-image-preview":"max-image-preview:large","max-video-preview":"max-video-preview:-1"},"canonical":"https:\/\/www.africa-press.net\/niger\/culture-et-art\/mission-du-president-de-la-republique-dans-la-region-dagadez-de-la-cure-salee-le-chef-de-letat-assiste-a-plusieurs-manifestations-culturelles-a-ingall","og_locale":"fr_FR","og_type":"article","og_title":"Mission du Pr\u00e9sident de la R\u00e9publique dans la r\u00e9gion d\u2019Agadez de la Cure Sal\u00e9e : Le Chef de l\u2019Etat assiste \u00e0 plusieurs manifestations culturelles \u00e0 Ingall","og_description":"\ufeffLe Pr\u00e9sident de la R\u00e9publique SE. Mohamed Bazoum a assist\u00e9 le samedi 18 septembre dernier \u00e0 Ingall \u00e0 plusieurs manifest ...","og_url":"https:\/\/www.africa-press.net\/niger\/culture-et-art\/mission-du-president-de-la-republique-dans-la-region-dagadez-de-la-cure-salee-le-chef-de-letat-assiste-a-plusieurs-manifestations-culturelles-a-ingall","og_site_name":"niger","article_published_time":"2021-09-21T16:32:48+00:00","article_modified_time":"2021-09-21T20:44:52+00:00","og_image":[{"width":720,"height":440,"url":"https:\/\/static.africa-press.net\/niger\/sites\/40\/2021\/09\/img-6149f2a542d0f.jpg","type":"image\/jpeg"}],"author":"cfeditorfr","twitter_card":"summary_large_image","twitter_misc":{"\u00c9crit par":"cfeditorfr","Dur\u00e9e de lecture estim\u00e9e":"2 minutes"},"schema":{"@context":"https:\/\/schema.org","@graph":[{"@type":"Article","@id":"https:\/\/www.africa-press.net\/niger\/culture-et-art\/mission-du-president-de-la-republique-dans-la-region-dagadez-de-la-cure-salee-le-chef-de-letat-assiste-a-plusieurs-manifestations-culturelles-a-ingall#article","isPartOf":{"@id":"https:\/\/www.africa-press.net\/niger\/culture-et-art\/mission-du-president-de-la-republique-dans-la-region-dagadez-de-la-cure-salee-le-chef-de-letat-assiste-a-plusieurs-manifestations-culturelles-a-ingall"},"author":{"name":"cfeditorfr","@id":"https:\/\/www.africa-press.net\/niger\/#\/schema\/person\/2b1cf3cd81a31e3cd26889ca66d677f1"},"headline":"Mission du Pr\u00e9sident de la R\u00e9publique dans la r\u00e9gion d\u2019Agadez de la Cure Sal\u00e9e : Le Chef de l\u2019Etat assiste \u00e0 plusieurs manifestations culturelles \u00e0 Ingall","datePublished":"2021-09-21T16:32:48+00:00","dateModified":"2021-09-21T20:44:52+00:00","mainEntityOfPage":{"@id":"https:\/\/www.africa-press.net\/niger\/culture-et-art\/mission-du-president-de-la-republique-dans-la-region-dagadez-de-la-cure-salee-le-chef-de-letat-assiste-a-plusieurs-manifestations-culturelles-a-ingall"},"wordCount":464,"commentCount":0,"image":{"@id":"https:\/\/www.africa-press.net\/niger\/culture-et-art\/mission-du-president-de-la-republique-dans-la-region-dagadez-de-la-cure-salee-le-chef-de-letat-assiste-a-plusieurs-manifestations-culturelles-a-ingall#primaryimage"},"thumbnailUrl":"https:\/\/static.africa-press.net\/niger\/sites\/40\/2021\/09\/img-6149f2a542d0f.jpg","keywords":["Africa Press","Africa Press-Niger","Niger"],"articleSection":["Culture et Art","homepage-french","Toutes les actualit\u00e9s"],"inLanguage":"fr-FR","potentialAction":[{"@type":"CommentAction","name":"Comment","target":["https:\/\/www.africa-press.net\/niger\/culture-et-art\/mission-du-president-de-la-republique-dans-la-region-dagadez-de-la-cure-salee-le-chef-de-letat-assiste-a-plusieurs-manifestations-culturelles-a-ingall#respond"]}]},{"@type":"WebPage","@id":"https:\/\/www.africa-press.net\/niger\/culture-et-art\/mission-du-president-de-la-republique-dans-la-region-dagadez-de-la-cure-salee-le-chef-de-letat-assiste-a-plusieurs-manifestations-culturelles-a-ingall","url":"https:\/\/www.africa-press.net\/niger\/culture-et-art\/mission-du-president-de-la-republique-dans-la-region-dagadez-de-la-cure-salee-le-chef-de-letat-assiste-a-plusieurs-manifestations-culturelles-a-ingall","name":"Mission du Pr\u00e9sident de la R\u00e9publique dans la r\u00e9gion d\u2019Agadez de la Cure Sal\u00e9e : Le Chef de l\u2019Etat assiste \u00e0 plusieurs manifestations culturelles \u00e0 Ingall - niger","isPartOf":{"@id":"https:\/\/www.africa-press.net\/niger\/#website"},"primaryImageOfPage":{"@id":"https:\/\/www.africa-press.net\/niger\/culture-et-art\/mission-du-president-de-la-republique-dans-la-region-dagadez-de-la-cure-salee-le-chef-de-letat-assiste-a-plusieurs-manifestations-culturelles-a-ingall#primaryimage"},"image":{"@id":"https:\/\/www.africa-press.net\/niger\/culture-et-art\/mission-du-president-de-la-republique-dans-la-region-dagadez-de-la-cure-salee-le-chef-de-letat-assiste-a-plusieurs-manifestations-culturelles-a-ingall#primaryimage"},"thumbnailUrl":"https:\/\/static.africa-press.net\/niger\/sites\/40\/2021\/09\/img-6149f2a542d0f.jpg","datePublished":"2021-09-21T16:32:48+00:00","dateModified":"2021-09-21T20:44:52+00:00","author":{"@id":"https:\/\/www.africa-press.net\/niger\/#\/schema\/person\/2b1cf3cd81a31e3cd26889ca66d677f1"},"description":"\ufeffLe Pr\u00e9sident de la R\u00e9publique SE. Mohamed Bazoum a assist\u00e9 le samedi 18 septembre dernier \u00e0 Ingall \u00e0 plusieurs manifest ...","breadcrumb":{"@id":"https:\/\/www.africa-press.net\/niger\/culture-et-art\/mission-du-president-de-la-republique-dans-la-region-dagadez-de-la-cure-salee-le-chef-de-letat-assiste-a-plusieurs-manifestations-culturelles-a-ingall#breadcrumb"},"inLanguage":"fr-FR","potentialAction":[{"@type":"ReadAction","target":["https:\/\/www.africa-press.net\/niger\/culture-et-art\/mission-du-president-de-la-republique-dans-la-region-dagadez-de-la-cure-salee-le-chef-de-letat-assiste-a-plusieurs-manifestations-culturelles-a-ingall"]}]},{"@type":"ImageObject","inLanguage":"fr-FR","@id":"https:\/\/www.africa-press.net\/niger\/culture-et-art\/mission-du-president-de-la-republique-dans-la-region-dagadez-de-la-cure-salee-le-chef-de-letat-assiste-a-plusieurs-manifestations-culturelles-a-ingall#primaryimage","url":"https:\/\/static.africa-press.net\/niger\/sites\/40\/2021\/09\/img-6149f2a542d0f.jpg","contentUrl":"https:\/\/static.africa-press.net\/niger\/sites\/40\/2021\/09\/img-6149f2a542d0f.jpg","width":720,"height":440,"caption":"Mission du Pr\u00e9sident de la R\u00e9publique dans la r\u00e9gion d\u2019Agadez de la Cure Sal\u00e9e : Le Chef de l\u2019Etat assiste \u00e0 plusieurs manifestations culturelles \u00e0 Ingall"},{"@type":"BreadcrumbList","@id":"https:\/\/www.africa-press.net\/niger\/culture-et-art\/mission-du-president-de-la-republique-dans-la-region-dagadez-de-la-cure-salee-le-chef-de-letat-assiste-a-plusieurs-manifestations-culturelles-a-ingall#breadcrumb","itemListElement":[{"@type":"ListItem","position":1,"name":"Accueil","item":"https:\/\/www.africa-press.net\/niger\/"},{"@type":"ListItem","position":2,"name":"Mission du Pr\u00e9sident de la R\u00e9publique dans la r\u00e9gion d\u2019Agadez de la Cure Sal\u00e9e : Le Chef de l\u2019Etat assiste \u00e0 plusieurs manifestations culturelles \u00e0 Ingall"}]},{"@type":"WebSite","@id":"https:\/\/www.africa-press.net\/niger\/#website","url":"https:\/\/www.africa-press.net\/niger\/","name":"niger","description":"Just another Africa News Agency Sites site","potentialAction":[{"@type":"SearchAction","target":{"@type":"EntryPoint","urlTemplate":"https:\/\/www.africa-press.net\/niger\/?s={search_term_string}"},"query-input":{"@type":"PropertyValueSpecification","valueRequired":true,"valueName":"search_term_string"}}],"inLanguage":"fr-FR"},{"@type":"Person","@id":"https:\/\/www.africa-press.net\/niger\/#\/schema\/person\/2b1cf3cd81a31e3cd26889ca66d677f1","name":"cfeditorfr"}]}},"_links":{"self":[{"href":"https:\/\/www.africa-press.net\/niger\/wp-json\/wp\/v2\/posts\/12227","targetHints":{"allow":["GET"]}}],"collection":[{"href":"https:\/\/www.africa-press.net\/niger\/wp-json\/wp\/v2\/posts"}],"about":[{"href":"https:\/\/www.africa-press.net\/niger\/wp-json\/wp\/v2\/types\/post"}],"author":[{"embeddable":true,"href":"https:\/\/www.africa-press.net\/niger\/wp-json\/wp\/v2\/users\/82"}],"replies":[{"embeddable":true,"href":"https:\/\/www.africa-press.net\/niger\/wp-json\/wp\/v2\/comments?post=12227"}],"version-history":[{"count":0,"href":"https:\/\/www.africa-press.net\/niger\/wp-json\/wp\/v2\/posts\/12227\/revisions"}],"wp:featuredmedia":[{"embeddable":true,"href":"https:\/\/www.africa-press.net\/niger\/wp-json\/wp\/v2\/media\/12226"}],"wp:attachment":[{"href":"https:\/\/www.africa-press.net\/niger\/wp-json\/wp\/v2\/media?parent=12227"}],"wp:term":[{"taxonomy":"category","embeddable":true,"href":"https:\/\/www.africa-press.net\/niger\/wp-json\/wp\/v2\/categories?post=12227"},{"taxonomy":"post_tag","embeddable":true,"href":"https:\/\/www.africa-press.net\/niger\/wp-json\/wp\/v2\/tags?post=12227"}],"curies":[{"name":"wp","href":"https:\/\/api.w.org\/{rel}","templated":true}]}}