{"id":12272,"date":"2021-09-23T10:36:10","date_gmt":"2021-09-23T10:36:10","guid":{"rendered":"https:\/\/www.africa-press.net\/niger\/?p=12272"},"modified":"2021-09-23T18:24:16","modified_gmt":"2021-09-23T18:24:16","slug":"journee-internationale-de-la-paix-la-haute-autorite-a-la-consolidation-de-la-paix-hacp-organise-des-manifestations-sportives-au-nom-de-la-paix-sociale-et-communautaire","status":"publish","type":"post","link":"https:\/\/www.africa-press.net\/niger\/sports\/journee-internationale-de-la-paix-la-haute-autorite-a-la-consolidation-de-la-paix-hacp-organise-des-manifestations-sportives-au-nom-de-la-paix-sociale-et-communautaire","title":{"rendered":"Journ\u00e9e Internationale de la Paix : La Haute Autorit\u00e9 \u00e0 la Consolidation de la Paix (HACP) organise des manifestations sportives au nom de la Paix sociale et communautaire"},"content":{"rendered":"<p><span style=\"color: #ff6600\"><strong><a href=\"https:\/\/www.africa-press.net\/\">Africa-Press<\/a> &#8211; <a href=\"https:\/\/www.africa-press.net\/niger\">Niger<\/a>. <\/strong><\/span>La journ\u00e9e du 21 septembre est une journ\u00e9e d\u00e9di\u00e9e \u00e0 la c\u00e9l\u00e9bration de la paix dans le monde et ce depuis 1981, ann\u00e9e pendant laquelle les Nations Unies ont d\u00e9cr\u00e9t\u00e9 le 21 septembre comme journ\u00e9e Internationale de la Paix. Le Niger tout comme les autres pays du reste du monde a observ\u00e9 cette importante journ\u00e9e qui pr\u00f4ne \u00abl\u2019absence de la guerre\u00bb sous le th\u00e8me \u00abSe relever, pour un monde plus \u00e9quitable et durable\u00bb. La Haute Autorit\u00e9 \u00e0 la Consolidation de la Paix(HACP), institution nig\u00e9rienne \u0153uvrant dans la recherche et la consolidation de la paix \u00e0 travers tout le territoire national, en collaboration avec plusieurs partenaires dont le PNUD, a c\u00e9l\u00e9br\u00e9 cette journ\u00e9e du 21 septembre \u00e0 travers l\u2019organisation d\u2019un cross populaire \u00e0 Niamey.<\/p>\n<p>Au lancement de la comp\u00e9tition dont le top-d\u00e9part a \u00e9t\u00e9 donn\u00e9 par ministre de la Jeunesse et des Sports M S\u00e9kou Doro Adamdou en pr\u00e9sence notamment du Secr\u00e9taire g\u00e9n\u00e9ral de la HACP et son adjointe ainsi que le repr\u00e9sentant du PNUD, ils \u00e9taient nombreux les athl\u00e8tes nig\u00e9riens \u00e0 avoir r\u00e9pondu \u00e0 l\u2019appel de la HACP pour courir ou pour rouler au nom de la paix au Niger et dans le monde entier. Le cross populaire concernait les personnes valides mais aussi celles en situation de handicap notamment locomoteur dans plusieurs cat\u00e9gories. La HACP a convi\u00e9 pr\u00e9cis\u00e9ment les coureurs juniors et seniors (Hommes), des coureuses (dames) mais aussi les cyclo crosseurs handicap\u00e9s (hommes et dames) qui ont rivalis\u00e9 de courage pour la cause de la paix, devant un public nombreux ayant fait le d\u00e9placement du stade G\u00e9n\u00e9ral Seyni Kountch\u00e9 (SGSK).<\/p>\n<p>Les hommes ont couru une distance de 7,6 km, tandis que les femmes ont aval\u00e9 3,7 km contre 1,6 km pour les athl\u00e8tes juniors. Les cyclo crosseurs hommes et dames ont quant \u00e0 eux effectu\u00e9 respectivement trois tours et deux tours du stade GSK. Le tout sous les applaudissements d\u2019encouragement nourris du public conquis par le courage de ces hommes et femmes constituant cette frange sociale physiquement vuln\u00e9rable de notre pays. De toutes les courses, celle qui a le plus captiv\u00e9 l\u2019attention du public \u00e9tait celle des hommes. Ils \u00e9taient une trentaine \u00e0 avoir scratch\u00e9 l\u2019asphalte dans la ville de Niamey sur une distance de 7,6 kilom\u00e8tres pour finir \u00e0 l\u2019int\u00e9rieur su stade devant des officiels \u00e9merveill\u00e9s par la prouesse des \u00e9l\u00e9ments de la Garde Nationale du Niger. En effet, les hommes du colonel Mahamadou Sidi ont r\u00e9alis\u00e9 la plus belle performance en s\u2019adjugeant toutes les places du podium.<\/p>\n<p>Tous les coureurs p\u00e9destres comme cyclistes ont eu le m\u00e9rite de participer au cross populaire qui valait tout son pesant d\u2019or dans notre pays confront\u00e9 dans certaines parties de son territoire au probl\u00e8me d\u2019ins\u00e9curit\u00e9 troublant la paix sociale et communautaire. Outre les trois premiers prix, la HACP a d\u00e9cid\u00e9 d\u2019offrir des prix en guise d\u2019encouragement aux dix premiers de chaque cat\u00e9gorie.<\/p>\n<p>Le repr\u00e9sentant du PNUD \u00e0 la c\u00e9r\u00e9monie n\u2019a pas manqu\u00e9 de saluer la prouesse des athl\u00e8tes mais aussi l\u2019initiative de la HACP qui c\u00e9l\u00e8bre cette journ\u00e9e internationale de la paix par ce cross populaire de coh\u00e9sion dans un contexte mondial marqu\u00e9 par la pand\u00e9mie de la COVID 19 qui a plong\u00e9 notre monde dans le chaos. M Abdoulaye Bald\u00e9 a cit\u00e9 entre autres, les conflits incontr\u00f4lables, l\u2019aggravante urgence climatique, les in\u00e9galit\u00e9s qui se creusent et la pauvret\u00e9 qui empire. A tout cela s\u2019ajoutent la m\u00e9fiance et la division qui \u00ab\u00e9loignent les gens les uns des autres \u00e0 un moment o\u00f9 la solidarit\u00e9 est plus n\u00e9cessaire que jamais\u00bb. Pour le repr\u00e9sentant du PNUD, on est face \u00e0 un choix difficile : la paix ou le p\u00e9ril perp\u00e9tuel. \u00abNous devons choisir la paix\u00bb r\u00e9pond-il et, c\u2019est pourquoi \u00abj\u2019appelle \u00e0 un cessez-le-feu pendant 24 heures\u00bb ajoute-t-il. \u00abEn agissant chaque jour dans la solidarit\u00e9 pour une paix viable et durable, nous pouvons surmonter les probl\u00e8mes qui se posent \u00e0 nous\u00bb a-t-il d\u00e9clar\u00e9.<\/p>\n<p>M Bald\u00e9 a soulign\u00e9 avec force que le monde a besoin de paix pour acheminer de toute urgence les vaccins et des traitements vitaux contre la COVID 19, pour se relever de la pand\u00e9mie et reconstruire les vies, pour r\u00e9tablir l\u2019\u00e9quilibre et r\u00e9duire les in\u00e9galit\u00e9s, pour renouveler la confiance des uns envers les autres. En outre les hommes doivent faire la paix avec la nature pour gu\u00e9rir la plan\u00e8te, b\u00e2tir une \u00e9conomie verte a-t-il dit avant d\u2019affirmer que la paix n\u2019est pas un r\u00eave na\u00eff mais que c\u2019est une lueur dans l\u2019obscurit\u00e9 guidant vers l\u2019unique chemin pour un avenir meilleur pour l\u2019humanit\u00e9.<\/p>\n<p>Pour le secr\u00e9taire g\u00e9n\u00e9ral de la HACP, le choix d\u2019organiser des activit\u00e9s sportives se justifie par le fait que le sport est un des meilleurs vecteurs de la paix tout en affirmant que le combat pour la paix et contre le terrorisme est une \u0153uvre commune \u00e0 laquelle chaque personne, chaque cat\u00e9gorie sociale doit participer. M Yahaya Adi\u00e9 a soutenu que rien ne peut se faire sans la paix et que les Nig\u00e9riens doivent tout mettre en \u0153uvre pour que la paix r\u00e8gne non seulement au Niger mais aussi partout dans le monde. En invitant toutes les couches sociales au cross populaire, la HACP pense que cela y va du renforcement de la coh\u00e9sion sociale et communautaire expliquant que le terrorisme s\u2019appuie souvent sur les conflits communautaires pour prosp\u00e9rer. Tout en remerciant les partenaires de la HACP dans l\u2019organisation r\u00e9ussie de cette journ\u00e9e, le secr\u00e9taire g\u00e9n\u00e9ral a aussi f\u00e9licit\u00e9 les athl\u00e8tes pour avoir r\u00e9pondu massivement \u00e0 l\u2019invitation.<\/p>\n<p>La manifestation a pris fin avec un l\u00e2cher des colombes pour la paix et la remise des diff\u00e9rents prix aux vainqueurs des diff\u00e9rentes courses. M Yahaya Adi\u00e9 a annonc\u00e9 qu\u2019outre le cross populaire, la HACP organise aussi un match de football entre les \u00e9tudiants et les Forces de D\u00e9fense et de S\u00e9curit\u00e9 au stade GSK.<\/p>\n<p><b>\u00a0<\/b><\/p>\n","protected":false},"excerpt":{"rendered":"<p>Africa-Press &#8211; Niger. La journ\u00e9e du 21 septembre est une journ\u00e9e d\u00e9di\u00e9e \u00e0 la c\u00e9l\u00e9bration de la paix dans le monde et ce depuis 1981, ann\u00e9e pendant laquelle les Nations Unies ont d\u00e9cr\u00e9t\u00e9 le 21 septembre comme journ\u00e9e Internationale de la Paix. Le Niger tout comme les autres pays du reste du monde a observ\u00e9 [&hellip;]<\/p>\n","protected":false},"author":82,"featured_media":12271,"comment_status":"open","ping_status":"closed","sticky":false,"template":"","format":"standard","meta":{"footnotes":""},"categories":[11,6,10],"tags":[55,60,29],"class_list":["post-12272","post","type-post","status-publish","format-standard","has-post-thumbnail","hentry","category-homepage-french","category-sports","category-toutes-les-actualites","tag-africa-press","tag-africa-press-niger","tag-niger"],"yoast_head":"<!-- This site is optimized with the Yoast SEO Premium plugin v26.1 (Yoast SEO v27.0) - https:\/\/yoast.com\/product\/yoast-seo-premium-wordpress\/ -->\n<title>Journ\u00e9e Internationale de la Paix : La Haute Autorit\u00e9 \u00e0 la Consolidation de la Paix (HACP) organise des manifestations sportives au nom de la Paix sociale et communautaire - niger<\/title>\n<meta name=\"description\" content=\"\ufeffLa journ\u00e9e du 21 septembre est une journ\u00e9e d\u00e9di\u00e9e \u00e0 la c\u00e9l\u00e9bration de la paix dans le monde et ce depuis 1981, ann\u00e9e pe ...\" \/>\n<meta name=\"robots\" content=\"index, follow, max-snippet:-1, max-image-preview:large, max-video-preview:-1\" \/>\n<link rel=\"canonical\" href=\"https:\/\/www.africa-press.net\/niger\/sports\/journee-internationale-de-la-paix-la-haute-autorite-a-la-consolidation-de-la-paix-hacp-organise-des-manifestations-sportives-au-nom-de-la-paix-sociale-et-communautaire\" \/>\n<meta property=\"og:locale\" content=\"fr_FR\" \/>\n<meta property=\"og:type\" content=\"article\" \/>\n<meta property=\"og:title\" content=\"Journ\u00e9e Internationale de la Paix : La Haute Autorit\u00e9 \u00e0 la Consolidation de la Paix (HACP) organise des manifestations sportives au nom de la Paix sociale et communautaire\" \/>\n<meta property=\"og:description\" content=\"\ufeffLa journ\u00e9e du 21 septembre est une journ\u00e9e d\u00e9di\u00e9e \u00e0 la c\u00e9l\u00e9bration de la paix dans le monde et ce depuis 1981, ann\u00e9e pe ...\" \/>\n<meta property=\"og:url\" content=\"https:\/\/www.africa-press.net\/niger\/sports\/journee-internationale-de-la-paix-la-haute-autorite-a-la-consolidation-de-la-paix-hacp-organise-des-manifestations-sportives-au-nom-de-la-paix-sociale-et-communautaire\" \/>\n<meta property=\"og:site_name\" content=\"niger\" \/>\n<meta property=\"article:published_time\" content=\"2021-09-23T10:36:10+00:00\" \/>\n<meta property=\"article:modified_time\" content=\"2021-09-23T18:24:16+00:00\" \/>\n<meta property=\"og:image\" content=\"https:\/\/static.africa-press.net\/niger\/sites\/40\/2021\/09\/img-614c4c5f05f9f.jpg\" \/>\n\t<meta property=\"og:image:width\" content=\"720\" \/>\n\t<meta property=\"og:image:height\" content=\"377\" \/>\n\t<meta property=\"og:image:type\" content=\"image\/jpeg\" \/>\n<meta name=\"author\" content=\"cfeditorfr\" \/>\n<meta name=\"twitter:card\" content=\"summary_large_image\" \/>\n<meta name=\"twitter:label1\" content=\"\u00c9crit par\" \/>\n\t<meta name=\"twitter:data1\" content=\"cfeditorfr\" \/>\n\t<meta name=\"twitter:label2\" content=\"Dur\u00e9e de lecture estim\u00e9e\" \/>\n\t<meta name=\"twitter:data2\" content=\"5 minutes\" \/>\n<script type=\"application\/ld+json\" class=\"yoast-schema-graph\">{\"@context\":\"https:\/\/schema.org\",\"@graph\":[{\"@type\":\"Article\",\"@id\":\"https:\/\/www.africa-press.net\/niger\/sports\/journee-internationale-de-la-paix-la-haute-autorite-a-la-consolidation-de-la-paix-hacp-organise-des-manifestations-sportives-au-nom-de-la-paix-sociale-et-communautaire#article\",\"isPartOf\":{\"@id\":\"https:\/\/www.africa-press.net\/niger\/sports\/journee-internationale-de-la-paix-la-haute-autorite-a-la-consolidation-de-la-paix-hacp-organise-des-manifestations-sportives-au-nom-de-la-paix-sociale-et-communautaire\"},\"author\":{\"name\":\"cfeditorfr\",\"@id\":\"https:\/\/www.africa-press.net\/niger\/#\/schema\/person\/2b1cf3cd81a31e3cd26889ca66d677f1\"},\"headline\":\"Journ\u00e9e Internationale de la Paix : La Haute Autorit\u00e9 \u00e0 la Consolidation de la Paix (HACP) organise des manifestations sportives au nom de la Paix sociale et communautaire\",\"datePublished\":\"2021-09-23T10:36:10+00:00\",\"dateModified\":\"2021-09-23T18:24:16+00:00\",\"mainEntityOfPage\":{\"@id\":\"https:\/\/www.africa-press.net\/niger\/sports\/journee-internationale-de-la-paix-la-haute-autorite-a-la-consolidation-de-la-paix-hacp-organise-des-manifestations-sportives-au-nom-de-la-paix-sociale-et-communautaire\"},\"wordCount\":1087,\"commentCount\":0,\"image\":{\"@id\":\"https:\/\/www.africa-press.net\/niger\/sports\/journee-internationale-de-la-paix-la-haute-autorite-a-la-consolidation-de-la-paix-hacp-organise-des-manifestations-sportives-au-nom-de-la-paix-sociale-et-communautaire#primaryimage\"},\"thumbnailUrl\":\"https:\/\/static.africa-press.net\/niger\/sites\/40\/2021\/09\/img-614c4c5f05f9f.jpg\",\"keywords\":[\"Africa Press\",\"Africa Press-Niger\",\"Niger\"],\"articleSection\":[\"homepage-french\",\"Sports\",\"Toutes les actualit\u00e9s\"],\"inLanguage\":\"fr-FR\",\"potentialAction\":[{\"@type\":\"CommentAction\",\"name\":\"Comment\",\"target\":[\"https:\/\/www.africa-press.net\/niger\/sports\/journee-internationale-de-la-paix-la-haute-autorite-a-la-consolidation-de-la-paix-hacp-organise-des-manifestations-sportives-au-nom-de-la-paix-sociale-et-communautaire#respond\"]}]},{\"@type\":\"WebPage\",\"@id\":\"https:\/\/www.africa-press.net\/niger\/sports\/journee-internationale-de-la-paix-la-haute-autorite-a-la-consolidation-de-la-paix-hacp-organise-des-manifestations-sportives-au-nom-de-la-paix-sociale-et-communautaire\",\"url\":\"https:\/\/www.africa-press.net\/niger\/sports\/journee-internationale-de-la-paix-la-haute-autorite-a-la-consolidation-de-la-paix-hacp-organise-des-manifestations-sportives-au-nom-de-la-paix-sociale-et-communautaire\",\"name\":\"Journ\u00e9e Internationale de la Paix : La Haute Autorit\u00e9 \u00e0 la Consolidation de la Paix (HACP) organise des manifestations sportives au nom de la Paix sociale et communautaire - niger\",\"isPartOf\":{\"@id\":\"https:\/\/www.africa-press.net\/niger\/#website\"},\"primaryImageOfPage\":{\"@id\":\"https:\/\/www.africa-press.net\/niger\/sports\/journee-internationale-de-la-paix-la-haute-autorite-a-la-consolidation-de-la-paix-hacp-organise-des-manifestations-sportives-au-nom-de-la-paix-sociale-et-communautaire#primaryimage\"},\"image\":{\"@id\":\"https:\/\/www.africa-press.net\/niger\/sports\/journee-internationale-de-la-paix-la-haute-autorite-a-la-consolidation-de-la-paix-hacp-organise-des-manifestations-sportives-au-nom-de-la-paix-sociale-et-communautaire#primaryimage\"},\"thumbnailUrl\":\"https:\/\/static.africa-press.net\/niger\/sites\/40\/2021\/09\/img-614c4c5f05f9f.jpg\",\"datePublished\":\"2021-09-23T10:36:10+00:00\",\"dateModified\":\"2021-09-23T18:24:16+00:00\",\"author\":{\"@id\":\"https:\/\/www.africa-press.net\/niger\/#\/schema\/person\/2b1cf3cd81a31e3cd26889ca66d677f1\"},\"description\":\"\ufeffLa journ\u00e9e du 21 septembre est une journ\u00e9e d\u00e9di\u00e9e \u00e0 la c\u00e9l\u00e9bration de la paix dans le monde et ce depuis 1981, ann\u00e9e pe ...\",\"breadcrumb\":{\"@id\":\"https:\/\/www.africa-press.net\/niger\/sports\/journee-internationale-de-la-paix-la-haute-autorite-a-la-consolidation-de-la-paix-hacp-organise-des-manifestations-sportives-au-nom-de-la-paix-sociale-et-communautaire#breadcrumb\"},\"inLanguage\":\"fr-FR\",\"potentialAction\":[{\"@type\":\"ReadAction\",\"target\":[\"https:\/\/www.africa-press.net\/niger\/sports\/journee-internationale-de-la-paix-la-haute-autorite-a-la-consolidation-de-la-paix-hacp-organise-des-manifestations-sportives-au-nom-de-la-paix-sociale-et-communautaire\"]}]},{\"@type\":\"ImageObject\",\"inLanguage\":\"fr-FR\",\"@id\":\"https:\/\/www.africa-press.net\/niger\/sports\/journee-internationale-de-la-paix-la-haute-autorite-a-la-consolidation-de-la-paix-hacp-organise-des-manifestations-sportives-au-nom-de-la-paix-sociale-et-communautaire#primaryimage\",\"url\":\"https:\/\/static.africa-press.net\/niger\/sites\/40\/2021\/09\/img-614c4c5f05f9f.jpg\",\"contentUrl\":\"https:\/\/static.africa-press.net\/niger\/sites\/40\/2021\/09\/img-614c4c5f05f9f.jpg\",\"width\":720,\"height\":377,\"caption\":\"Journ\u00e9e Internationale de la Paix : La Haute Autorit\u00e9 \u00e0 la Consolidation de la Paix (HACP) organise des manifestations sportives au nom de la Paix sociale et communautaire\"},{\"@type\":\"BreadcrumbList\",\"@id\":\"https:\/\/www.africa-press.net\/niger\/sports\/journee-internationale-de-la-paix-la-haute-autorite-a-la-consolidation-de-la-paix-hacp-organise-des-manifestations-sportives-au-nom-de-la-paix-sociale-et-communautaire#breadcrumb\",\"itemListElement\":[{\"@type\":\"ListItem\",\"position\":1,\"name\":\"Accueil\",\"item\":\"https:\/\/www.africa-press.net\/niger\/\"},{\"@type\":\"ListItem\",\"position\":2,\"name\":\"Journ\u00e9e Internationale de la Paix : La Haute Autorit\u00e9 \u00e0 la Consolidation de la Paix (HACP) organise des manifestations sportives au nom de la Paix sociale et communautaire\"}]},{\"@type\":\"WebSite\",\"@id\":\"https:\/\/www.africa-press.net\/niger\/#website\",\"url\":\"https:\/\/www.africa-press.net\/niger\/\",\"name\":\"niger\",\"description\":\"Just another Africa News Agency Sites site\",\"potentialAction\":[{\"@type\":\"SearchAction\",\"target\":{\"@type\":\"EntryPoint\",\"urlTemplate\":\"https:\/\/www.africa-press.net\/niger\/?s={search_term_string}\"},\"query-input\":{\"@type\":\"PropertyValueSpecification\",\"valueRequired\":true,\"valueName\":\"search_term_string\"}}],\"inLanguage\":\"fr-FR\"},{\"@type\":\"Person\",\"@id\":\"https:\/\/www.africa-press.net\/niger\/#\/schema\/person\/2b1cf3cd81a31e3cd26889ca66d677f1\",\"name\":\"cfeditorfr\"}]}<\/script>\n<!-- \/ Yoast SEO Premium plugin. -->","yoast_head_json":{"title":"Journ\u00e9e Internationale de la Paix : La Haute Autorit\u00e9 \u00e0 la Consolidation de la Paix (HACP) organise des manifestations sportives au nom de la Paix sociale et communautaire - niger","description":"\ufeffLa journ\u00e9e du 21 septembre est une journ\u00e9e d\u00e9di\u00e9e \u00e0 la c\u00e9l\u00e9bration de la paix dans le monde et ce depuis 1981, ann\u00e9e pe ...","robots":{"index":"index","follow":"follow","max-snippet":"max-snippet:-1","max-image-preview":"max-image-preview:large","max-video-preview":"max-video-preview:-1"},"canonical":"https:\/\/www.africa-press.net\/niger\/sports\/journee-internationale-de-la-paix-la-haute-autorite-a-la-consolidation-de-la-paix-hacp-organise-des-manifestations-sportives-au-nom-de-la-paix-sociale-et-communautaire","og_locale":"fr_FR","og_type":"article","og_title":"Journ\u00e9e Internationale de la Paix : La Haute Autorit\u00e9 \u00e0 la Consolidation de la Paix (HACP) organise des manifestations sportives au nom de la Paix sociale et communautaire","og_description":"\ufeffLa journ\u00e9e du 21 septembre est une journ\u00e9e d\u00e9di\u00e9e \u00e0 la c\u00e9l\u00e9bration de la paix dans le monde et ce depuis 1981, ann\u00e9e pe ...","og_url":"https:\/\/www.africa-press.net\/niger\/sports\/journee-internationale-de-la-paix-la-haute-autorite-a-la-consolidation-de-la-paix-hacp-organise-des-manifestations-sportives-au-nom-de-la-paix-sociale-et-communautaire","og_site_name":"niger","article_published_time":"2021-09-23T10:36:10+00:00","article_modified_time":"2021-09-23T18:24:16+00:00","og_image":[{"width":720,"height":377,"url":"https:\/\/static.africa-press.net\/niger\/sites\/40\/2021\/09\/img-614c4c5f05f9f.jpg","type":"image\/jpeg"}],"author":"cfeditorfr","twitter_card":"summary_large_image","twitter_misc":{"\u00c9crit par":"cfeditorfr","Dur\u00e9e de lecture estim\u00e9e":"5 minutes"},"schema":{"@context":"https:\/\/schema.org","@graph":[{"@type":"Article","@id":"https:\/\/www.africa-press.net\/niger\/sports\/journee-internationale-de-la-paix-la-haute-autorite-a-la-consolidation-de-la-paix-hacp-organise-des-manifestations-sportives-au-nom-de-la-paix-sociale-et-communautaire#article","isPartOf":{"@id":"https:\/\/www.africa-press.net\/niger\/sports\/journee-internationale-de-la-paix-la-haute-autorite-a-la-consolidation-de-la-paix-hacp-organise-des-manifestations-sportives-au-nom-de-la-paix-sociale-et-communautaire"},"author":{"name":"cfeditorfr","@id":"https:\/\/www.africa-press.net\/niger\/#\/schema\/person\/2b1cf3cd81a31e3cd26889ca66d677f1"},"headline":"Journ\u00e9e Internationale de la Paix : La Haute Autorit\u00e9 \u00e0 la Consolidation de la Paix (HACP) organise des manifestations sportives au nom de la Paix sociale et communautaire","datePublished":"2021-09-23T10:36:10+00:00","dateModified":"2021-09-23T18:24:16+00:00","mainEntityOfPage":{"@id":"https:\/\/www.africa-press.net\/niger\/sports\/journee-internationale-de-la-paix-la-haute-autorite-a-la-consolidation-de-la-paix-hacp-organise-des-manifestations-sportives-au-nom-de-la-paix-sociale-et-communautaire"},"wordCount":1087,"commentCount":0,"image":{"@id":"https:\/\/www.africa-press.net\/niger\/sports\/journee-internationale-de-la-paix-la-haute-autorite-a-la-consolidation-de-la-paix-hacp-organise-des-manifestations-sportives-au-nom-de-la-paix-sociale-et-communautaire#primaryimage"},"thumbnailUrl":"https:\/\/static.africa-press.net\/niger\/sites\/40\/2021\/09\/img-614c4c5f05f9f.jpg","keywords":["Africa Press","Africa Press-Niger","Niger"],"articleSection":["homepage-french","Sports","Toutes les actualit\u00e9s"],"inLanguage":"fr-FR","potentialAction":[{"@type":"CommentAction","name":"Comment","target":["https:\/\/www.africa-press.net\/niger\/sports\/journee-internationale-de-la-paix-la-haute-autorite-a-la-consolidation-de-la-paix-hacp-organise-des-manifestations-sportives-au-nom-de-la-paix-sociale-et-communautaire#respond"]}]},{"@type":"WebPage","@id":"https:\/\/www.africa-press.net\/niger\/sports\/journee-internationale-de-la-paix-la-haute-autorite-a-la-consolidation-de-la-paix-hacp-organise-des-manifestations-sportives-au-nom-de-la-paix-sociale-et-communautaire","url":"https:\/\/www.africa-press.net\/niger\/sports\/journee-internationale-de-la-paix-la-haute-autorite-a-la-consolidation-de-la-paix-hacp-organise-des-manifestations-sportives-au-nom-de-la-paix-sociale-et-communautaire","name":"Journ\u00e9e Internationale de la Paix : La Haute Autorit\u00e9 \u00e0 la Consolidation de la Paix (HACP) organise des manifestations sportives au nom de la Paix sociale et communautaire - niger","isPartOf":{"@id":"https:\/\/www.africa-press.net\/niger\/#website"},"primaryImageOfPage":{"@id":"https:\/\/www.africa-press.net\/niger\/sports\/journee-internationale-de-la-paix-la-haute-autorite-a-la-consolidation-de-la-paix-hacp-organise-des-manifestations-sportives-au-nom-de-la-paix-sociale-et-communautaire#primaryimage"},"image":{"@id":"https:\/\/www.africa-press.net\/niger\/sports\/journee-internationale-de-la-paix-la-haute-autorite-a-la-consolidation-de-la-paix-hacp-organise-des-manifestations-sportives-au-nom-de-la-paix-sociale-et-communautaire#primaryimage"},"thumbnailUrl":"https:\/\/static.africa-press.net\/niger\/sites\/40\/2021\/09\/img-614c4c5f05f9f.jpg","datePublished":"2021-09-23T10:36:10+00:00","dateModified":"2021-09-23T18:24:16+00:00","author":{"@id":"https:\/\/www.africa-press.net\/niger\/#\/schema\/person\/2b1cf3cd81a31e3cd26889ca66d677f1"},"description":"\ufeffLa journ\u00e9e du 21 septembre est une journ\u00e9e d\u00e9di\u00e9e \u00e0 la c\u00e9l\u00e9bration de la paix dans le monde et ce depuis 1981, ann\u00e9e pe ...","breadcrumb":{"@id":"https:\/\/www.africa-press.net\/niger\/sports\/journee-internationale-de-la-paix-la-haute-autorite-a-la-consolidation-de-la-paix-hacp-organise-des-manifestations-sportives-au-nom-de-la-paix-sociale-et-communautaire#breadcrumb"},"inLanguage":"fr-FR","potentialAction":[{"@type":"ReadAction","target":["https:\/\/www.africa-press.net\/niger\/sports\/journee-internationale-de-la-paix-la-haute-autorite-a-la-consolidation-de-la-paix-hacp-organise-des-manifestations-sportives-au-nom-de-la-paix-sociale-et-communautaire"]}]},{"@type":"ImageObject","inLanguage":"fr-FR","@id":"https:\/\/www.africa-press.net\/niger\/sports\/journee-internationale-de-la-paix-la-haute-autorite-a-la-consolidation-de-la-paix-hacp-organise-des-manifestations-sportives-au-nom-de-la-paix-sociale-et-communautaire#primaryimage","url":"https:\/\/static.africa-press.net\/niger\/sites\/40\/2021\/09\/img-614c4c5f05f9f.jpg","contentUrl":"https:\/\/static.africa-press.net\/niger\/sites\/40\/2021\/09\/img-614c4c5f05f9f.jpg","width":720,"height":377,"caption":"Journ\u00e9e Internationale de la Paix : La Haute Autorit\u00e9 \u00e0 la Consolidation de la Paix (HACP) organise des manifestations sportives au nom de la Paix sociale et communautaire"},{"@type":"BreadcrumbList","@id":"https:\/\/www.africa-press.net\/niger\/sports\/journee-internationale-de-la-paix-la-haute-autorite-a-la-consolidation-de-la-paix-hacp-organise-des-manifestations-sportives-au-nom-de-la-paix-sociale-et-communautaire#breadcrumb","itemListElement":[{"@type":"ListItem","position":1,"name":"Accueil","item":"https:\/\/www.africa-press.net\/niger\/"},{"@type":"ListItem","position":2,"name":"Journ\u00e9e Internationale de la Paix : La Haute Autorit\u00e9 \u00e0 la Consolidation de la Paix (HACP) organise des manifestations sportives au nom de la Paix sociale et communautaire"}]},{"@type":"WebSite","@id":"https:\/\/www.africa-press.net\/niger\/#website","url":"https:\/\/www.africa-press.net\/niger\/","name":"niger","description":"Just another Africa News Agency Sites site","potentialAction":[{"@type":"SearchAction","target":{"@type":"EntryPoint","urlTemplate":"https:\/\/www.africa-press.net\/niger\/?s={search_term_string}"},"query-input":{"@type":"PropertyValueSpecification","valueRequired":true,"valueName":"search_term_string"}}],"inLanguage":"fr-FR"},{"@type":"Person","@id":"https:\/\/www.africa-press.net\/niger\/#\/schema\/person\/2b1cf3cd81a31e3cd26889ca66d677f1","name":"cfeditorfr"}]}},"_links":{"self":[{"href":"https:\/\/www.africa-press.net\/niger\/wp-json\/wp\/v2\/posts\/12272","targetHints":{"allow":["GET"]}}],"collection":[{"href":"https:\/\/www.africa-press.net\/niger\/wp-json\/wp\/v2\/posts"}],"about":[{"href":"https:\/\/www.africa-press.net\/niger\/wp-json\/wp\/v2\/types\/post"}],"author":[{"embeddable":true,"href":"https:\/\/www.africa-press.net\/niger\/wp-json\/wp\/v2\/users\/82"}],"replies":[{"embeddable":true,"href":"https:\/\/www.africa-press.net\/niger\/wp-json\/wp\/v2\/comments?post=12272"}],"version-history":[{"count":0,"href":"https:\/\/www.africa-press.net\/niger\/wp-json\/wp\/v2\/posts\/12272\/revisions"}],"wp:featuredmedia":[{"embeddable":true,"href":"https:\/\/www.africa-press.net\/niger\/wp-json\/wp\/v2\/media\/12271"}],"wp:attachment":[{"href":"https:\/\/www.africa-press.net\/niger\/wp-json\/wp\/v2\/media?parent=12272"}],"wp:term":[{"taxonomy":"category","embeddable":true,"href":"https:\/\/www.africa-press.net\/niger\/wp-json\/wp\/v2\/categories?post=12272"},{"taxonomy":"post_tag","embeddable":true,"href":"https:\/\/www.africa-press.net\/niger\/wp-json\/wp\/v2\/tags?post=12272"}],"curies":[{"name":"wp","href":"https:\/\/api.w.org\/{rel}","templated":true}]}}