{"id":12275,"date":"2021-09-23T10:45:48","date_gmt":"2021-09-23T10:45:48","guid":{"rendered":"https:\/\/www.africa-press.net\/niger\/?p=12275"},"modified":"2021-09-23T18:24:05","modified_gmt":"2021-09-23T18:24:05","slug":"19eme-journee-africaine-de-la-medecine-traditionnelle-2021-mettre-en-exergue-la-contribution-des-produits-de-la-medecine-traditionnelle-a-la-promotion-de-la-sante","status":"publish","type":"post","link":"https:\/\/www.africa-press.net\/niger\/toutes-les-actualites\/19eme-journee-africaine-de-la-medecine-traditionnelle-2021-mettre-en-exergue-la-contribution-des-produits-de-la-medecine-traditionnelle-a-la-promotion-de-la-sante","title":{"rendered":"19\u00e8me Journ\u00e9e africaine de la m\u00e9decine traditionnelle 2021 : Mettre en exergue la contribution  des produits de la m\u00e9decine traditionnelle \u00e0 la promotion de la sant\u00e9"},"content":{"rendered":"<p><span style=\"color: #ff6600\"><strong><a href=\"https:\/\/www.africa-press.net\/\">Africa-Press<\/a> &#8211; <a href=\"https:\/\/www.africa-press.net\/niger\">Niger<\/a>. <\/strong><\/span>Du 21 au 30 septembre, le minist\u00e8re de la Sant\u00e9 Publique, de la Population et des Affaires sociales avec l\u2019appui financier de l\u2019Organisation Mondiale de la Sant\u00e9 organise le 19\u00e8me Journ\u00e9e africaine de la m\u00e9decine traditionnelle 2021 sous le th\u00e8me : \u00abla contribution potentielle de la m\u00e9decine traditionnelle aux efforts de riposte \u00e0 la Covid-19\u00bb. C\u2019est le Secr\u00e9taire g\u00e9n\u00e9ral adjoint dudit minist\u00e8re, M. Sabo Hassan Adamou qui a pr\u00e9sid\u00e9, hier matin \u00e0 Niamey, au lancement de cette \u00e9dition en pr\u00e9sence de la repr\u00e9sentante de l\u2019OMS, du pr\u00e9sident de l\u2019Association des tradipraticiens et de plusieurs invit\u00e9s.<\/p>\n<p>Dans son discours, le Secr\u00e9taire g\u00e9n\u00e9ral adjoint du Minist\u00e8re de la Sant\u00e9 Publique, de la Population et des Affaires Sociales a indiqu\u00e9 que le choix de ce th\u00e8me n\u2019est pas fortuit. En effet, depuis plus d\u2019un an et demi, l\u2019Afrique vit, \u00e0 l\u2019instar du reste du monde, les cons\u00e9quences n\u00e9fastes de la pand\u00e9mie de la Covid-19. Malgr\u00e9 la d\u00e9couverte et l\u2019utilisation d\u2019un vaccin, \u00able d\u00e9fi pour le contr\u00f4le de cette pand\u00e9mie reste encore entier en l\u2019absence de m\u00e9dicaments efficaces pour la prise en charge des cas. La m\u00e9decine traditionnelle constitue un patrimoine riche et est d\u2019une importance incontestable pour le d\u00e9veloppement \u00e9conomique de nos pays\u00bb, a-t-il expliqu\u00e9. M. Sabo Hassan Adamou a rappel\u00e9 qu\u2019au Niger, selon l\u2019\u00e9tude men\u00e9e par AGARAY et ALFARI EN 1997, en cas de maladie, la m\u00e9decine traditionnelle reste le premier recours de 60% \u00e0 80% de la population. \u00abC\u2019est pourquoi, la valorisation des plantes m\u00e9dicinales constitue une pr\u00e9occupation majeure pour de nombreux chercheurs et responsable des pays du Sud\u00bb, a-t-il soulign\u00e9.<\/p>\n<p>Pour le SGA du ministre de la Sant\u00e9 publique, la contribution de la m\u00e9decine traditionnelle dans la prise en charge de Covid 19 peut se faire dans la pr\u00e9vention et la prise en charge. \u00abIl est possible d\u2019utiliser les nombreux r\u00e9sultats sur les plantes africaines pour mettre au point des m\u00e9dicaments en vue du traitement de la fi\u00e8vre, de la toux s\u00e8che, des difficult\u00e9s respiratoires et d\u2019autres sympt\u00f4mes chez les personnes atteintes de la Covid19\u00bb, a-t-il pr\u00e9cis\u00e9. Dans le cadre de la riposte \u00e0 cette pand\u00e9mie de Covid19, le minist\u00e8re en charge de la Sant\u00e9 Publique, en partenariat avec les Associations des th\u00e9rapeutes traditionnels et Herboriste, a renforc\u00e9 les activit\u00e9s de sensibilisation \u00e0 l\u2019endroit des diff\u00e9rentes structures de la m\u00e9decine traditionnelle pour le respect des gestes barri\u00e8res contre la Covid 19. \u00abLes deux m\u00e9decines (traditionnelle et moderne) se c\u00f4toient et chacune au mieux de sa comp\u00e9tence essaye de combattre la maladie\u00bb, a indiqu\u00e9 M. Sabo Hassan Adamou. Le secr\u00e9taire g\u00e9n\u00e9ral adjoint du MSP a enfin salu\u00e9 les efforts de l\u2019OMS pour le soutien constant \u00e0 la promotion de la sant\u00e9 de nos populations.<\/p>\n<p>De son cot\u00e9, la repr\u00e9sentante de l\u2019OMS au Niger, Dr Anya Blanche a pr\u00e9cis\u00e9 que l\u2019organisation Mondiale de la Sant\u00e9 (OMS) et d\u2019autres organisations multilat\u00e9rales jouent un r\u00f4le cl\u00e9 en soutenant le renforcement des capacit\u00e9s du secteur de la m\u00e9decine traditionnelle y compris la mise en place d\u2019une fabrication locale dans certains pays. \u00abAu Niger, l\u2019OMS a soutenu la cr\u00e9ation du r\u00e9pertoire des tradipraticiens de sant\u00e9, l\u2019\u00e9laboration et la validation de la strat\u00e9gie d\u2019int\u00e9gration de la m\u00e9decine traditionnelle dans le syst\u00e8me de sant\u00e9, l\u2019\u00e9laboration et la validation des outils de gestion de la m\u00e9decine traditionnelle dont le code d\u2019\u00e9thique et de d\u00e9ontologie, la formation des tradipraticiens de sant\u00e9 sur les maladies prioritaires telles que diab\u00e8te, l\u2019hypertension, le paludisme, la dr\u00e9panocytose et le VIH\/SIDA ; la formation des tradipraticiens de sant\u00e9 sur les bonnes pratiques de fabrication des m\u00e9dicaments traditionnels et l\u2019organisation des journ\u00e9es africaines de la m\u00e9decine traditionnelle\u00bb, a-t-elle indiqu\u00e9. Dr Anya Blanche a enfin soulign\u00e9 l\u2019engagement de l\u2019OMS \u00e0 promouvoir des m\u00e9dicaments traditionnels s\u00fbrs et efficaces pour un acc\u00e8s universel aux produits de sant\u00e9 de qualit\u00e9.<\/p>\n<p>Peu apr\u00e8s le lancement de cette journ\u00e9e, les officielles ont visit\u00e9 quelques stands log\u00e9s dans l\u2019enceinte de la Chambre de commerce et d\u2019Industrie du Niger (CCIN). L\u2019exposition-vente des produits de la m\u00e9decine traditionnelle continuera jusqu\u2019au 30 septembre \u00e0 la devanture de la grande mosqu\u00e9e des Grandes Pri\u00e8res de Niamey.<\/p>\n<p><b>\u00a0<\/b><\/p>\n","protected":false},"excerpt":{"rendered":"<p>Africa-Press &#8211; Niger. Du 21 au 30 septembre, le minist\u00e8re de la Sant\u00e9 Publique, de la Population et des Affaires sociales avec l\u2019appui financier de l\u2019Organisation Mondiale de la Sant\u00e9 organise le 19\u00e8me Journ\u00e9e africaine de la m\u00e9decine traditionnelle 2021 sous le th\u00e8me : \u00abla contribution potentielle de la m\u00e9decine traditionnelle aux efforts de riposte [&hellip;]<\/p>\n","protected":false},"author":82,"featured_media":12274,"comment_status":"open","ping_status":"closed","sticky":false,"template":"","format":"standard","meta":{"footnotes":""},"categories":[21,11,10],"tags":[55,60,29],"class_list":["post-12275","post","type-post","status-publish","format-standard","has-post-thumbnail","hentry","category-communaute","category-homepage-french","category-toutes-les-actualites","tag-africa-press","tag-africa-press-niger","tag-niger"],"yoast_head":"<!-- This site is optimized with the Yoast SEO Premium plugin v26.1 (Yoast SEO v27.0) - https:\/\/yoast.com\/product\/yoast-seo-premium-wordpress\/ -->\n<title>19\u00e8me Journ\u00e9e africaine de la m\u00e9decine traditionnelle 2021 : Mettre en exergue la contribution des produits de la m\u00e9decine traditionnelle \u00e0 la promotion de la sant\u00e9 - niger<\/title>\n<meta name=\"description\" content=\"\ufeffDu 21 au 30 septembre, le minist\u00e8re de la Sant\u00e9 Publique, de la Population et des Affaires sociales avec l\u2019appui financ ...\" \/>\n<meta name=\"robots\" content=\"index, follow, max-snippet:-1, max-image-preview:large, max-video-preview:-1\" \/>\n<link rel=\"canonical\" href=\"https:\/\/www.africa-press.net\/niger\/toutes-les-actualites\/19eme-journee-africaine-de-la-medecine-traditionnelle-2021-mettre-en-exergue-la-contribution-des-produits-de-la-medecine-traditionnelle-a-la-promotion-de-la-sante\" \/>\n<meta property=\"og:locale\" content=\"fr_FR\" \/>\n<meta property=\"og:type\" content=\"article\" \/>\n<meta property=\"og:title\" content=\"19\u00e8me Journ\u00e9e africaine de la m\u00e9decine traditionnelle 2021 : Mettre en exergue la contribution des produits de la m\u00e9decine traditionnelle \u00e0 la promotion de la sant\u00e9\" \/>\n<meta property=\"og:description\" content=\"\ufeffDu 21 au 30 septembre, le minist\u00e8re de la Sant\u00e9 Publique, de la Population et des Affaires sociales avec l\u2019appui financ ...\" \/>\n<meta property=\"og:url\" content=\"https:\/\/www.africa-press.net\/niger\/toutes-les-actualites\/19eme-journee-africaine-de-la-medecine-traditionnelle-2021-mettre-en-exergue-la-contribution-des-produits-de-la-medecine-traditionnelle-a-la-promotion-de-la-sante\" \/>\n<meta property=\"og:site_name\" content=\"niger\" \/>\n<meta property=\"article:published_time\" content=\"2021-09-23T10:45:48+00:00\" \/>\n<meta property=\"article:modified_time\" content=\"2021-09-23T18:24:05+00:00\" \/>\n<meta property=\"og:image\" content=\"https:\/\/static.africa-press.net\/niger\/sites\/40\/2021\/09\/img-614c4c8379d93.jpg\" \/>\n\t<meta property=\"og:image:width\" content=\"720\" \/>\n\t<meta property=\"og:image:height\" content=\"462\" \/>\n\t<meta property=\"og:image:type\" content=\"image\/jpeg\" \/>\n<meta name=\"author\" content=\"cfeditorfr\" \/>\n<meta name=\"twitter:card\" content=\"summary_large_image\" \/>\n<meta name=\"twitter:label1\" content=\"\u00c9crit par\" \/>\n\t<meta name=\"twitter:data1\" content=\"cfeditorfr\" \/>\n\t<meta name=\"twitter:label2\" content=\"Dur\u00e9e de lecture estim\u00e9e\" \/>\n\t<meta name=\"twitter:data2\" content=\"3 minutes\" \/>\n<script type=\"application\/ld+json\" class=\"yoast-schema-graph\">{\"@context\":\"https:\/\/schema.org\",\"@graph\":[{\"@type\":\"Article\",\"@id\":\"https:\/\/www.africa-press.net\/niger\/toutes-les-actualites\/19eme-journee-africaine-de-la-medecine-traditionnelle-2021-mettre-en-exergue-la-contribution-des-produits-de-la-medecine-traditionnelle-a-la-promotion-de-la-sante#article\",\"isPartOf\":{\"@id\":\"https:\/\/www.africa-press.net\/niger\/toutes-les-actualites\/19eme-journee-africaine-de-la-medecine-traditionnelle-2021-mettre-en-exergue-la-contribution-des-produits-de-la-medecine-traditionnelle-a-la-promotion-de-la-sante\"},\"author\":{\"name\":\"cfeditorfr\",\"@id\":\"https:\/\/www.africa-press.net\/niger\/#\/schema\/person\/2b1cf3cd81a31e3cd26889ca66d677f1\"},\"headline\":\"19\u00e8me Journ\u00e9e africaine de la m\u00e9decine traditionnelle 2021 : Mettre en exergue la contribution des produits de la m\u00e9decine traditionnelle \u00e0 la promotion de la sant\u00e9\",\"datePublished\":\"2021-09-23T10:45:48+00:00\",\"dateModified\":\"2021-09-23T18:24:05+00:00\",\"mainEntityOfPage\":{\"@id\":\"https:\/\/www.africa-press.net\/niger\/toutes-les-actualites\/19eme-journee-africaine-de-la-medecine-traditionnelle-2021-mettre-en-exergue-la-contribution-des-produits-de-la-medecine-traditionnelle-a-la-promotion-de-la-sante\"},\"wordCount\":799,\"commentCount\":0,\"image\":{\"@id\":\"https:\/\/www.africa-press.net\/niger\/toutes-les-actualites\/19eme-journee-africaine-de-la-medecine-traditionnelle-2021-mettre-en-exergue-la-contribution-des-produits-de-la-medecine-traditionnelle-a-la-promotion-de-la-sante#primaryimage\"},\"thumbnailUrl\":\"https:\/\/static.africa-press.net\/niger\/sites\/40\/2021\/09\/img-614c4c8379d93.jpg\",\"keywords\":[\"Africa Press\",\"Africa Press-Niger\",\"Niger\"],\"articleSection\":[\"Communaut\u00e9\",\"homepage-french\",\"Toutes les actualit\u00e9s\"],\"inLanguage\":\"fr-FR\",\"potentialAction\":[{\"@type\":\"CommentAction\",\"name\":\"Comment\",\"target\":[\"https:\/\/www.africa-press.net\/niger\/toutes-les-actualites\/19eme-journee-africaine-de-la-medecine-traditionnelle-2021-mettre-en-exergue-la-contribution-des-produits-de-la-medecine-traditionnelle-a-la-promotion-de-la-sante#respond\"]}]},{\"@type\":\"WebPage\",\"@id\":\"https:\/\/www.africa-press.net\/niger\/toutes-les-actualites\/19eme-journee-africaine-de-la-medecine-traditionnelle-2021-mettre-en-exergue-la-contribution-des-produits-de-la-medecine-traditionnelle-a-la-promotion-de-la-sante\",\"url\":\"https:\/\/www.africa-press.net\/niger\/toutes-les-actualites\/19eme-journee-africaine-de-la-medecine-traditionnelle-2021-mettre-en-exergue-la-contribution-des-produits-de-la-medecine-traditionnelle-a-la-promotion-de-la-sante\",\"name\":\"19\u00e8me Journ\u00e9e africaine de la m\u00e9decine traditionnelle 2021 : Mettre en exergue la contribution des produits de la m\u00e9decine traditionnelle \u00e0 la promotion de la sant\u00e9 - niger\",\"isPartOf\":{\"@id\":\"https:\/\/www.africa-press.net\/niger\/#website\"},\"primaryImageOfPage\":{\"@id\":\"https:\/\/www.africa-press.net\/niger\/toutes-les-actualites\/19eme-journee-africaine-de-la-medecine-traditionnelle-2021-mettre-en-exergue-la-contribution-des-produits-de-la-medecine-traditionnelle-a-la-promotion-de-la-sante#primaryimage\"},\"image\":{\"@id\":\"https:\/\/www.africa-press.net\/niger\/toutes-les-actualites\/19eme-journee-africaine-de-la-medecine-traditionnelle-2021-mettre-en-exergue-la-contribution-des-produits-de-la-medecine-traditionnelle-a-la-promotion-de-la-sante#primaryimage\"},\"thumbnailUrl\":\"https:\/\/static.africa-press.net\/niger\/sites\/40\/2021\/09\/img-614c4c8379d93.jpg\",\"datePublished\":\"2021-09-23T10:45:48+00:00\",\"dateModified\":\"2021-09-23T18:24:05+00:00\",\"author\":{\"@id\":\"https:\/\/www.africa-press.net\/niger\/#\/schema\/person\/2b1cf3cd81a31e3cd26889ca66d677f1\"},\"description\":\"\ufeffDu 21 au 30 septembre, le minist\u00e8re de la Sant\u00e9 Publique, de la Population et des Affaires sociales avec l\u2019appui financ ...\",\"breadcrumb\":{\"@id\":\"https:\/\/www.africa-press.net\/niger\/toutes-les-actualites\/19eme-journee-africaine-de-la-medecine-traditionnelle-2021-mettre-en-exergue-la-contribution-des-produits-de-la-medecine-traditionnelle-a-la-promotion-de-la-sante#breadcrumb\"},\"inLanguage\":\"fr-FR\",\"potentialAction\":[{\"@type\":\"ReadAction\",\"target\":[\"https:\/\/www.africa-press.net\/niger\/toutes-les-actualites\/19eme-journee-africaine-de-la-medecine-traditionnelle-2021-mettre-en-exergue-la-contribution-des-produits-de-la-medecine-traditionnelle-a-la-promotion-de-la-sante\"]}]},{\"@type\":\"ImageObject\",\"inLanguage\":\"fr-FR\",\"@id\":\"https:\/\/www.africa-press.net\/niger\/toutes-les-actualites\/19eme-journee-africaine-de-la-medecine-traditionnelle-2021-mettre-en-exergue-la-contribution-des-produits-de-la-medecine-traditionnelle-a-la-promotion-de-la-sante#primaryimage\",\"url\":\"https:\/\/static.africa-press.net\/niger\/sites\/40\/2021\/09\/img-614c4c8379d93.jpg\",\"contentUrl\":\"https:\/\/static.africa-press.net\/niger\/sites\/40\/2021\/09\/img-614c4c8379d93.jpg\",\"width\":720,\"height\":462,\"caption\":\"19\u00e8me Journ\u00e9e africaine de la m\u00e9decine traditionnelle 2021 : Mettre en exergue la contribution des produits de la m\u00e9decine traditionnelle \u00e0 la promotion de la sant\u00e9\"},{\"@type\":\"BreadcrumbList\",\"@id\":\"https:\/\/www.africa-press.net\/niger\/toutes-les-actualites\/19eme-journee-africaine-de-la-medecine-traditionnelle-2021-mettre-en-exergue-la-contribution-des-produits-de-la-medecine-traditionnelle-a-la-promotion-de-la-sante#breadcrumb\",\"itemListElement\":[{\"@type\":\"ListItem\",\"position\":1,\"name\":\"Accueil\",\"item\":\"https:\/\/www.africa-press.net\/niger\/\"},{\"@type\":\"ListItem\",\"position\":2,\"name\":\"19\u00e8me Journ\u00e9e africaine de la m\u00e9decine traditionnelle 2021 : Mettre en exergue la contribution des produits de la m\u00e9decine traditionnelle \u00e0 la promotion de la sant\u00e9\"}]},{\"@type\":\"WebSite\",\"@id\":\"https:\/\/www.africa-press.net\/niger\/#website\",\"url\":\"https:\/\/www.africa-press.net\/niger\/\",\"name\":\"niger\",\"description\":\"Just another Africa News Agency Sites site\",\"potentialAction\":[{\"@type\":\"SearchAction\",\"target\":{\"@type\":\"EntryPoint\",\"urlTemplate\":\"https:\/\/www.africa-press.net\/niger\/?s={search_term_string}\"},\"query-input\":{\"@type\":\"PropertyValueSpecification\",\"valueRequired\":true,\"valueName\":\"search_term_string\"}}],\"inLanguage\":\"fr-FR\"},{\"@type\":\"Person\",\"@id\":\"https:\/\/www.africa-press.net\/niger\/#\/schema\/person\/2b1cf3cd81a31e3cd26889ca66d677f1\",\"name\":\"cfeditorfr\"}]}<\/script>\n<!-- \/ Yoast SEO Premium plugin. -->","yoast_head_json":{"title":"19\u00e8me Journ\u00e9e africaine de la m\u00e9decine traditionnelle 2021 : Mettre en exergue la contribution des produits de la m\u00e9decine traditionnelle \u00e0 la promotion de la sant\u00e9 - niger","description":"\ufeffDu 21 au 30 septembre, le minist\u00e8re de la Sant\u00e9 Publique, de la Population et des Affaires sociales avec l\u2019appui financ ...","robots":{"index":"index","follow":"follow","max-snippet":"max-snippet:-1","max-image-preview":"max-image-preview:large","max-video-preview":"max-video-preview:-1"},"canonical":"https:\/\/www.africa-press.net\/niger\/toutes-les-actualites\/19eme-journee-africaine-de-la-medecine-traditionnelle-2021-mettre-en-exergue-la-contribution-des-produits-de-la-medecine-traditionnelle-a-la-promotion-de-la-sante","og_locale":"fr_FR","og_type":"article","og_title":"19\u00e8me Journ\u00e9e africaine de la m\u00e9decine traditionnelle 2021 : Mettre en exergue la contribution des produits de la m\u00e9decine traditionnelle \u00e0 la promotion de la sant\u00e9","og_description":"\ufeffDu 21 au 30 septembre, le minist\u00e8re de la Sant\u00e9 Publique, de la Population et des Affaires sociales avec l\u2019appui financ ...","og_url":"https:\/\/www.africa-press.net\/niger\/toutes-les-actualites\/19eme-journee-africaine-de-la-medecine-traditionnelle-2021-mettre-en-exergue-la-contribution-des-produits-de-la-medecine-traditionnelle-a-la-promotion-de-la-sante","og_site_name":"niger","article_published_time":"2021-09-23T10:45:48+00:00","article_modified_time":"2021-09-23T18:24:05+00:00","og_image":[{"width":720,"height":462,"url":"https:\/\/static.africa-press.net\/niger\/sites\/40\/2021\/09\/img-614c4c8379d93.jpg","type":"image\/jpeg"}],"author":"cfeditorfr","twitter_card":"summary_large_image","twitter_misc":{"\u00c9crit par":"cfeditorfr","Dur\u00e9e de lecture estim\u00e9e":"3 minutes"},"schema":{"@context":"https:\/\/schema.org","@graph":[{"@type":"Article","@id":"https:\/\/www.africa-press.net\/niger\/toutes-les-actualites\/19eme-journee-africaine-de-la-medecine-traditionnelle-2021-mettre-en-exergue-la-contribution-des-produits-de-la-medecine-traditionnelle-a-la-promotion-de-la-sante#article","isPartOf":{"@id":"https:\/\/www.africa-press.net\/niger\/toutes-les-actualites\/19eme-journee-africaine-de-la-medecine-traditionnelle-2021-mettre-en-exergue-la-contribution-des-produits-de-la-medecine-traditionnelle-a-la-promotion-de-la-sante"},"author":{"name":"cfeditorfr","@id":"https:\/\/www.africa-press.net\/niger\/#\/schema\/person\/2b1cf3cd81a31e3cd26889ca66d677f1"},"headline":"19\u00e8me Journ\u00e9e africaine de la m\u00e9decine traditionnelle 2021 : Mettre en exergue la contribution des produits de la m\u00e9decine traditionnelle \u00e0 la promotion de la sant\u00e9","datePublished":"2021-09-23T10:45:48+00:00","dateModified":"2021-09-23T18:24:05+00:00","mainEntityOfPage":{"@id":"https:\/\/www.africa-press.net\/niger\/toutes-les-actualites\/19eme-journee-africaine-de-la-medecine-traditionnelle-2021-mettre-en-exergue-la-contribution-des-produits-de-la-medecine-traditionnelle-a-la-promotion-de-la-sante"},"wordCount":799,"commentCount":0,"image":{"@id":"https:\/\/www.africa-press.net\/niger\/toutes-les-actualites\/19eme-journee-africaine-de-la-medecine-traditionnelle-2021-mettre-en-exergue-la-contribution-des-produits-de-la-medecine-traditionnelle-a-la-promotion-de-la-sante#primaryimage"},"thumbnailUrl":"https:\/\/static.africa-press.net\/niger\/sites\/40\/2021\/09\/img-614c4c8379d93.jpg","keywords":["Africa Press","Africa Press-Niger","Niger"],"articleSection":["Communaut\u00e9","homepage-french","Toutes les actualit\u00e9s"],"inLanguage":"fr-FR","potentialAction":[{"@type":"CommentAction","name":"Comment","target":["https:\/\/www.africa-press.net\/niger\/toutes-les-actualites\/19eme-journee-africaine-de-la-medecine-traditionnelle-2021-mettre-en-exergue-la-contribution-des-produits-de-la-medecine-traditionnelle-a-la-promotion-de-la-sante#respond"]}]},{"@type":"WebPage","@id":"https:\/\/www.africa-press.net\/niger\/toutes-les-actualites\/19eme-journee-africaine-de-la-medecine-traditionnelle-2021-mettre-en-exergue-la-contribution-des-produits-de-la-medecine-traditionnelle-a-la-promotion-de-la-sante","url":"https:\/\/www.africa-press.net\/niger\/toutes-les-actualites\/19eme-journee-africaine-de-la-medecine-traditionnelle-2021-mettre-en-exergue-la-contribution-des-produits-de-la-medecine-traditionnelle-a-la-promotion-de-la-sante","name":"19\u00e8me Journ\u00e9e africaine de la m\u00e9decine traditionnelle 2021 : Mettre en exergue la contribution des produits de la m\u00e9decine traditionnelle \u00e0 la promotion de la sant\u00e9 - niger","isPartOf":{"@id":"https:\/\/www.africa-press.net\/niger\/#website"},"primaryImageOfPage":{"@id":"https:\/\/www.africa-press.net\/niger\/toutes-les-actualites\/19eme-journee-africaine-de-la-medecine-traditionnelle-2021-mettre-en-exergue-la-contribution-des-produits-de-la-medecine-traditionnelle-a-la-promotion-de-la-sante#primaryimage"},"image":{"@id":"https:\/\/www.africa-press.net\/niger\/toutes-les-actualites\/19eme-journee-africaine-de-la-medecine-traditionnelle-2021-mettre-en-exergue-la-contribution-des-produits-de-la-medecine-traditionnelle-a-la-promotion-de-la-sante#primaryimage"},"thumbnailUrl":"https:\/\/static.africa-press.net\/niger\/sites\/40\/2021\/09\/img-614c4c8379d93.jpg","datePublished":"2021-09-23T10:45:48+00:00","dateModified":"2021-09-23T18:24:05+00:00","author":{"@id":"https:\/\/www.africa-press.net\/niger\/#\/schema\/person\/2b1cf3cd81a31e3cd26889ca66d677f1"},"description":"\ufeffDu 21 au 30 septembre, le minist\u00e8re de la Sant\u00e9 Publique, de la Population et des Affaires sociales avec l\u2019appui financ ...","breadcrumb":{"@id":"https:\/\/www.africa-press.net\/niger\/toutes-les-actualites\/19eme-journee-africaine-de-la-medecine-traditionnelle-2021-mettre-en-exergue-la-contribution-des-produits-de-la-medecine-traditionnelle-a-la-promotion-de-la-sante#breadcrumb"},"inLanguage":"fr-FR","potentialAction":[{"@type":"ReadAction","target":["https:\/\/www.africa-press.net\/niger\/toutes-les-actualites\/19eme-journee-africaine-de-la-medecine-traditionnelle-2021-mettre-en-exergue-la-contribution-des-produits-de-la-medecine-traditionnelle-a-la-promotion-de-la-sante"]}]},{"@type":"ImageObject","inLanguage":"fr-FR","@id":"https:\/\/www.africa-press.net\/niger\/toutes-les-actualites\/19eme-journee-africaine-de-la-medecine-traditionnelle-2021-mettre-en-exergue-la-contribution-des-produits-de-la-medecine-traditionnelle-a-la-promotion-de-la-sante#primaryimage","url":"https:\/\/static.africa-press.net\/niger\/sites\/40\/2021\/09\/img-614c4c8379d93.jpg","contentUrl":"https:\/\/static.africa-press.net\/niger\/sites\/40\/2021\/09\/img-614c4c8379d93.jpg","width":720,"height":462,"caption":"19\u00e8me Journ\u00e9e africaine de la m\u00e9decine traditionnelle 2021 : Mettre en exergue la contribution des produits de la m\u00e9decine traditionnelle \u00e0 la promotion de la sant\u00e9"},{"@type":"BreadcrumbList","@id":"https:\/\/www.africa-press.net\/niger\/toutes-les-actualites\/19eme-journee-africaine-de-la-medecine-traditionnelle-2021-mettre-en-exergue-la-contribution-des-produits-de-la-medecine-traditionnelle-a-la-promotion-de-la-sante#breadcrumb","itemListElement":[{"@type":"ListItem","position":1,"name":"Accueil","item":"https:\/\/www.africa-press.net\/niger\/"},{"@type":"ListItem","position":2,"name":"19\u00e8me Journ\u00e9e africaine de la m\u00e9decine traditionnelle 2021 : Mettre en exergue la contribution des produits de la m\u00e9decine traditionnelle \u00e0 la promotion de la sant\u00e9"}]},{"@type":"WebSite","@id":"https:\/\/www.africa-press.net\/niger\/#website","url":"https:\/\/www.africa-press.net\/niger\/","name":"niger","description":"Just another Africa News Agency Sites site","potentialAction":[{"@type":"SearchAction","target":{"@type":"EntryPoint","urlTemplate":"https:\/\/www.africa-press.net\/niger\/?s={search_term_string}"},"query-input":{"@type":"PropertyValueSpecification","valueRequired":true,"valueName":"search_term_string"}}],"inLanguage":"fr-FR"},{"@type":"Person","@id":"https:\/\/www.africa-press.net\/niger\/#\/schema\/person\/2b1cf3cd81a31e3cd26889ca66d677f1","name":"cfeditorfr"}]}},"_links":{"self":[{"href":"https:\/\/www.africa-press.net\/niger\/wp-json\/wp\/v2\/posts\/12275","targetHints":{"allow":["GET"]}}],"collection":[{"href":"https:\/\/www.africa-press.net\/niger\/wp-json\/wp\/v2\/posts"}],"about":[{"href":"https:\/\/www.africa-press.net\/niger\/wp-json\/wp\/v2\/types\/post"}],"author":[{"embeddable":true,"href":"https:\/\/www.africa-press.net\/niger\/wp-json\/wp\/v2\/users\/82"}],"replies":[{"embeddable":true,"href":"https:\/\/www.africa-press.net\/niger\/wp-json\/wp\/v2\/comments?post=12275"}],"version-history":[{"count":0,"href":"https:\/\/www.africa-press.net\/niger\/wp-json\/wp\/v2\/posts\/12275\/revisions"}],"wp:featuredmedia":[{"embeddable":true,"href":"https:\/\/www.africa-press.net\/niger\/wp-json\/wp\/v2\/media\/12274"}],"wp:attachment":[{"href":"https:\/\/www.africa-press.net\/niger\/wp-json\/wp\/v2\/media?parent=12275"}],"wp:term":[{"taxonomy":"category","embeddable":true,"href":"https:\/\/www.africa-press.net\/niger\/wp-json\/wp\/v2\/categories?post=12275"},{"taxonomy":"post_tag","embeddable":true,"href":"https:\/\/www.africa-press.net\/niger\/wp-json\/wp\/v2\/tags?post=12275"}],"curies":[{"name":"wp","href":"https:\/\/api.w.org\/{rel}","templated":true}]}}