{"id":12293,"date":"2021-09-23T11:31:33","date_gmt":"2021-09-23T11:31:33","guid":{"rendered":"https:\/\/www.africa-press.net\/niger\/?p=12293"},"modified":"2021-09-23T18:21:12","modified_gmt":"2021-09-23T18:21:12","slug":"visite-du-ministre-de-la-sante-publique-de-la-population-et-de-laction-sociale-au-chr-de-niamey-je-suis-venu-vous-feliciter-et-vous-encourager-pour-vos-efforts-damelioration","status":"publish","type":"post","link":"https:\/\/www.africa-press.net\/niger\/toutes-les-actualites\/visite-du-ministre-de-la-sante-publique-de-la-population-et-de-laction-sociale-au-chr-de-niamey-je-suis-venu-vous-feliciter-et-vous-encourager-pour-vos-efforts-damelioration","title":{"rendered":"Visite du ministre de la Sant\u00e9 Publique, de la Population et de l\u2019Action Sociale au CHR de Niamey : \u00abJe suis venu vous f\u00e9liciter et vous encourager pour vos efforts d\u2019am\u00e9lioration du cadre de travail. Je suis satisfait de ce que j\u2019ai vu\u00bb, d\u00e9clare Dr Idi Illiassou Mainassara"},"content":{"rendered":"<p><span style=\"color: #ff6600\"><strong><a href=\"https:\/\/www.africa-press.net\/\">Africa-Press<\/a> &#8211; <a href=\"https:\/\/www.africa-press.net\/niger\">Niger<\/a>. <\/strong><\/span>Le ministre de la Sant\u00e9 Publique, de la Population et de l\u2019Action Sociale Dr Idi Illiassou Mainassra a effectu\u00e9, hier matin, une br\u00e8ve visite au Centre Hospitalier R\u00e9gional de Niamey (Ex maternit\u00e9 poudri\u00e8re). L\u2019objectif de cette visite du ministre est d\u2019appr\u00e9cier la qualit\u00e9 des travaux de r\u00e9habilitation des blocs op\u00e9ratoires et de certains services du CHR, r\u00e9alis\u00e9s par le personnel et la direction dudit centre hospitalier.<\/p>\n<p>Accueilli \u00e0 son arriv\u00e9e, par le Directeur G\u00e9n\u00e9ral de ce Centre Hospitalier R\u00e9gional de r\u00e9f\u00e9rence, le Ministre de la Sant\u00e9 Publique, de la Population et de l\u2019Action Sociale a aussit\u00f4t re\u00e7u les salutations du personnel de l\u2019H\u00f4pital. Peu apr\u00e8s Dr Idi Illiassou Mainassara a visit\u00e9 la salle d\u2019hospitalisation et les deux blocs op\u00e9ratoires. Ces deux services ont connu une transformation gr\u00e2ce aux travaux entrepris par la direction g\u00e9n\u00e9rale de l\u2019H\u00f4pital et le personnel. En effet, il y\u2019a quelque semaines, ces services \u00e9taient compl\u00e8tement d\u00e9labr\u00e9s et les conditions de travail n\u2019\u00e9taient pas \u00e0 la hauteur des attentes du personnel. Alert\u00e9 par les responsables desdits services, d\u2019importantes d\u00e9cisions ont \u00e9t\u00e9 prises et le Ministre a autoris\u00e9 la Direction G\u00e9n\u00e9rale \u00e0 tout mettre en \u0153uvre pour am\u00e9liorer les conditions de travail au sein de ces services. C\u2019est chose faite. Aujourd\u2019hui tous les travaux ont \u00e9t\u00e9 r\u00e9alis\u00e9s \u00e0 la grande satisfaction de tous, en premier lieu du personnel.<\/p>\n<p>Pour avoir appris la nouvelle, le ministre de la Sant\u00e9 Publique a tenu \u00e0 effectuer ce d\u00e9placement pour encourager et remercier la Direction G\u00e9n\u00e9rale et le personnel pour cet effort. \u00abJe suis venu vous f\u00e9liciter et vous encourager pour vos efforts d\u2019am\u00e9lioration du cadre de travail. Je suis satisfait de ce que j\u2019ai vu\u00bb, a d\u00e9clar\u00e9 Dr Idi Illiassou Mainassara. Aujourd\u2019hui, les deux blocs op\u00e9ratoires sont bien r\u00e9habilit\u00e9s et \u00e9quip\u00e9s avec des mat\u00e9riels de pointe et des respirateurs de r\u00e9animation.<\/p>\n<p>Le ministre Mainassara a pris soin d\u2019\u00e9couter la direction qui a exprim\u00e9 le besoin en personnel, besoin par rapport auquel le ministre a assur\u00e9 que le Gouvernement est en train de travailler pour apporter une solution \u00e0 travers le recrutement et la formation d\u2019un personnel qualifi\u00e9 et cela en nombre suffisant.<\/p>\n<p><b>\u00a0<\/b><\/p>\n","protected":false},"excerpt":{"rendered":"<p>Africa-Press &#8211; Niger. Le ministre de la Sant\u00e9 Publique, de la Population et de l\u2019Action Sociale Dr Idi Illiassou Mainassra a effectu\u00e9, hier matin, une br\u00e8ve visite au Centre Hospitalier R\u00e9gional de Niamey (Ex maternit\u00e9 poudri\u00e8re). L\u2019objectif de cette visite du ministre est d\u2019appr\u00e9cier la qualit\u00e9 des travaux de r\u00e9habilitation des blocs op\u00e9ratoires et de [&hellip;]<\/p>\n","protected":false},"author":82,"featured_media":12292,"comment_status":"open","ping_status":"closed","sticky":false,"template":"","format":"standard","meta":{"footnotes":""},"categories":[21,11,10],"tags":[55,60,29],"class_list":["post-12293","post","type-post","status-publish","format-standard","has-post-thumbnail","hentry","category-communaute","category-homepage-french","category-toutes-les-actualites","tag-africa-press","tag-africa-press-niger","tag-niger"],"yoast_head":"<!-- This site is optimized with the Yoast SEO Premium plugin v26.1 (Yoast SEO v27.0) - https:\/\/yoast.com\/product\/yoast-seo-premium-wordpress\/ -->\n<title>Visite du ministre de la Sant\u00e9 Publique, de la Population et de l\u2019Action Sociale au CHR de Niamey : \u00abJe suis venu vous f\u00e9liciter et vous encourager pour vos efforts d\u2019am\u00e9lioration du cadre de travail. Je suis satisfait de ce que j\u2019ai vu\u00bb, d\u00e9clare Dr Idi Illiassou Mainassara - niger<\/title>\n<meta name=\"description\" content=\"\ufeffLe ministre de la Sant\u00e9 Publique, de la Population et de l\u2019Action Sociale Dr Idi Illiassou Mainassra a effectu\u00e9, hier m ...\" \/>\n<meta name=\"robots\" content=\"index, follow, max-snippet:-1, max-image-preview:large, max-video-preview:-1\" \/>\n<link rel=\"canonical\" href=\"https:\/\/www.africa-press.net\/niger\/toutes-les-actualites\/visite-du-ministre-de-la-sante-publique-de-la-population-et-de-laction-sociale-au-chr-de-niamey-je-suis-venu-vous-feliciter-et-vous-encourager-pour-vos-efforts-damelioration\" \/>\n<meta property=\"og:locale\" content=\"fr_FR\" \/>\n<meta property=\"og:type\" content=\"article\" \/>\n<meta property=\"og:title\" content=\"Visite du ministre de la Sant\u00e9 Publique, de la Population et de l\u2019Action Sociale au CHR de Niamey : \u00abJe suis venu vous f\u00e9liciter et vous encourager pour vos efforts d\u2019am\u00e9lioration du cadre de travail. Je suis satisfait de ce que j\u2019ai vu\u00bb, d\u00e9clare Dr Idi Illiassou Mainassara\" \/>\n<meta property=\"og:description\" content=\"\ufeffLe ministre de la Sant\u00e9 Publique, de la Population et de l\u2019Action Sociale Dr Idi Illiassou Mainassra a effectu\u00e9, hier m ...\" \/>\n<meta property=\"og:url\" content=\"https:\/\/www.africa-press.net\/niger\/toutes-les-actualites\/visite-du-ministre-de-la-sante-publique-de-la-population-et-de-laction-sociale-au-chr-de-niamey-je-suis-venu-vous-feliciter-et-vous-encourager-pour-vos-efforts-damelioration\" \/>\n<meta property=\"og:site_name\" content=\"niger\" \/>\n<meta property=\"article:published_time\" content=\"2021-09-23T11:31:33+00:00\" \/>\n<meta property=\"article:modified_time\" content=\"2021-09-23T18:21:12+00:00\" \/>\n<meta property=\"og:image\" content=\"https:\/\/static.africa-press.net\/niger\/sites\/40\/2021\/09\/img-614c4d621a0a3.jpg\" \/>\n\t<meta property=\"og:image:width\" content=\"720\" \/>\n\t<meta property=\"og:image:height\" content=\"454\" \/>\n\t<meta property=\"og:image:type\" content=\"image\/jpeg\" \/>\n<meta name=\"author\" content=\"cfeditorfr\" \/>\n<meta name=\"twitter:card\" content=\"summary_large_image\" \/>\n<meta name=\"twitter:label1\" content=\"\u00c9crit par\" \/>\n\t<meta name=\"twitter:data1\" content=\"cfeditorfr\" \/>\n\t<meta name=\"twitter:label2\" content=\"Dur\u00e9e de lecture estim\u00e9e\" \/>\n\t<meta name=\"twitter:data2\" content=\"2 minutes\" \/>\n<script type=\"application\/ld+json\" class=\"yoast-schema-graph\">{\"@context\":\"https:\/\/schema.org\",\"@graph\":[{\"@type\":\"Article\",\"@id\":\"https:\/\/www.africa-press.net\/niger\/toutes-les-actualites\/visite-du-ministre-de-la-sante-publique-de-la-population-et-de-laction-sociale-au-chr-de-niamey-je-suis-venu-vous-feliciter-et-vous-encourager-pour-vos-efforts-damelioration#article\",\"isPartOf\":{\"@id\":\"https:\/\/www.africa-press.net\/niger\/toutes-les-actualites\/visite-du-ministre-de-la-sante-publique-de-la-population-et-de-laction-sociale-au-chr-de-niamey-je-suis-venu-vous-feliciter-et-vous-encourager-pour-vos-efforts-damelioration\"},\"author\":{\"name\":\"cfeditorfr\",\"@id\":\"https:\/\/www.africa-press.net\/niger\/#\/schema\/person\/2b1cf3cd81a31e3cd26889ca66d677f1\"},\"headline\":\"Visite du ministre de la Sant\u00e9 Publique, de la Population et de l\u2019Action Sociale au CHR de Niamey : \u00abJe suis venu vous f\u00e9liciter et vous encourager pour vos efforts d\u2019am\u00e9lioration du cadre de travail. Je suis satisfait de ce que j\u2019ai vu\u00bb, d\u00e9clare Dr Idi Illiassou Mainassara\",\"datePublished\":\"2021-09-23T11:31:33+00:00\",\"dateModified\":\"2021-09-23T18:21:12+00:00\",\"mainEntityOfPage\":{\"@id\":\"https:\/\/www.africa-press.net\/niger\/toutes-les-actualites\/visite-du-ministre-de-la-sante-publique-de-la-population-et-de-laction-sociale-au-chr-de-niamey-je-suis-venu-vous-feliciter-et-vous-encourager-pour-vos-efforts-damelioration\"},\"wordCount\":462,\"commentCount\":0,\"image\":{\"@id\":\"https:\/\/www.africa-press.net\/niger\/toutes-les-actualites\/visite-du-ministre-de-la-sante-publique-de-la-population-et-de-laction-sociale-au-chr-de-niamey-je-suis-venu-vous-feliciter-et-vous-encourager-pour-vos-efforts-damelioration#primaryimage\"},\"thumbnailUrl\":\"https:\/\/static.africa-press.net\/niger\/sites\/40\/2021\/09\/img-614c4d621a0a3.jpg\",\"keywords\":[\"Africa Press\",\"Africa Press-Niger\",\"Niger\"],\"articleSection\":[\"Communaut\u00e9\",\"homepage-french\",\"Toutes les actualit\u00e9s\"],\"inLanguage\":\"fr-FR\",\"potentialAction\":[{\"@type\":\"CommentAction\",\"name\":\"Comment\",\"target\":[\"https:\/\/www.africa-press.net\/niger\/toutes-les-actualites\/visite-du-ministre-de-la-sante-publique-de-la-population-et-de-laction-sociale-au-chr-de-niamey-je-suis-venu-vous-feliciter-et-vous-encourager-pour-vos-efforts-damelioration#respond\"]}]},{\"@type\":\"WebPage\",\"@id\":\"https:\/\/www.africa-press.net\/niger\/toutes-les-actualites\/visite-du-ministre-de-la-sante-publique-de-la-population-et-de-laction-sociale-au-chr-de-niamey-je-suis-venu-vous-feliciter-et-vous-encourager-pour-vos-efforts-damelioration\",\"url\":\"https:\/\/www.africa-press.net\/niger\/toutes-les-actualites\/visite-du-ministre-de-la-sante-publique-de-la-population-et-de-laction-sociale-au-chr-de-niamey-je-suis-venu-vous-feliciter-et-vous-encourager-pour-vos-efforts-damelioration\",\"name\":\"Visite du ministre de la Sant\u00e9 Publique, de la Population et de l\u2019Action Sociale au CHR de Niamey : \u00abJe suis venu vous f\u00e9liciter et vous encourager pour vos efforts d\u2019am\u00e9lioration du cadre de travail. Je suis satisfait de ce que j\u2019ai vu\u00bb, d\u00e9clare Dr Idi Illiassou Mainassara - niger\",\"isPartOf\":{\"@id\":\"https:\/\/www.africa-press.net\/niger\/#website\"},\"primaryImageOfPage\":{\"@id\":\"https:\/\/www.africa-press.net\/niger\/toutes-les-actualites\/visite-du-ministre-de-la-sante-publique-de-la-population-et-de-laction-sociale-au-chr-de-niamey-je-suis-venu-vous-feliciter-et-vous-encourager-pour-vos-efforts-damelioration#primaryimage\"},\"image\":{\"@id\":\"https:\/\/www.africa-press.net\/niger\/toutes-les-actualites\/visite-du-ministre-de-la-sante-publique-de-la-population-et-de-laction-sociale-au-chr-de-niamey-je-suis-venu-vous-feliciter-et-vous-encourager-pour-vos-efforts-damelioration#primaryimage\"},\"thumbnailUrl\":\"https:\/\/static.africa-press.net\/niger\/sites\/40\/2021\/09\/img-614c4d621a0a3.jpg\",\"datePublished\":\"2021-09-23T11:31:33+00:00\",\"dateModified\":\"2021-09-23T18:21:12+00:00\",\"author\":{\"@id\":\"https:\/\/www.africa-press.net\/niger\/#\/schema\/person\/2b1cf3cd81a31e3cd26889ca66d677f1\"},\"description\":\"\ufeffLe ministre de la Sant\u00e9 Publique, de la Population et de l\u2019Action Sociale Dr Idi Illiassou Mainassra a effectu\u00e9, hier m ...\",\"breadcrumb\":{\"@id\":\"https:\/\/www.africa-press.net\/niger\/toutes-les-actualites\/visite-du-ministre-de-la-sante-publique-de-la-population-et-de-laction-sociale-au-chr-de-niamey-je-suis-venu-vous-feliciter-et-vous-encourager-pour-vos-efforts-damelioration#breadcrumb\"},\"inLanguage\":\"fr-FR\",\"potentialAction\":[{\"@type\":\"ReadAction\",\"target\":[\"https:\/\/www.africa-press.net\/niger\/toutes-les-actualites\/visite-du-ministre-de-la-sante-publique-de-la-population-et-de-laction-sociale-au-chr-de-niamey-je-suis-venu-vous-feliciter-et-vous-encourager-pour-vos-efforts-damelioration\"]}]},{\"@type\":\"ImageObject\",\"inLanguage\":\"fr-FR\",\"@id\":\"https:\/\/www.africa-press.net\/niger\/toutes-les-actualites\/visite-du-ministre-de-la-sante-publique-de-la-population-et-de-laction-sociale-au-chr-de-niamey-je-suis-venu-vous-feliciter-et-vous-encourager-pour-vos-efforts-damelioration#primaryimage\",\"url\":\"https:\/\/static.africa-press.net\/niger\/sites\/40\/2021\/09\/img-614c4d621a0a3.jpg\",\"contentUrl\":\"https:\/\/static.africa-press.net\/niger\/sites\/40\/2021\/09\/img-614c4d621a0a3.jpg\",\"width\":720,\"height\":454,\"caption\":\"Visite du ministre de la Sant\u00e9 Publique, de la Population et de l\u2019Action Sociale au CHR de Niamey : \u00abJe suis venu vous f\u00e9liciter et vous encourager pour vos efforts d\u2019am\u00e9lioration du cadre de travail. Je suis satisfait de ce que j\u2019ai vu\u00bb, d\u00e9clare Dr Idi Illiassou Mainassara\"},{\"@type\":\"BreadcrumbList\",\"@id\":\"https:\/\/www.africa-press.net\/niger\/toutes-les-actualites\/visite-du-ministre-de-la-sante-publique-de-la-population-et-de-laction-sociale-au-chr-de-niamey-je-suis-venu-vous-feliciter-et-vous-encourager-pour-vos-efforts-damelioration#breadcrumb\",\"itemListElement\":[{\"@type\":\"ListItem\",\"position\":1,\"name\":\"Accueil\",\"item\":\"https:\/\/www.africa-press.net\/niger\/\"},{\"@type\":\"ListItem\",\"position\":2,\"name\":\"Visite du ministre de la Sant\u00e9 Publique, de la Population et de l\u2019Action Sociale au CHR de Niamey : \u00abJe suis venu vous f\u00e9liciter et vous encourager pour vos efforts d\u2019am\u00e9lioration du cadre de travail. Je suis satisfait de ce que j\u2019ai vu\u00bb, d\u00e9clare Dr Idi Illiassou Mainassara\"}]},{\"@type\":\"WebSite\",\"@id\":\"https:\/\/www.africa-press.net\/niger\/#website\",\"url\":\"https:\/\/www.africa-press.net\/niger\/\",\"name\":\"niger\",\"description\":\"Just another Africa News Agency Sites site\",\"potentialAction\":[{\"@type\":\"SearchAction\",\"target\":{\"@type\":\"EntryPoint\",\"urlTemplate\":\"https:\/\/www.africa-press.net\/niger\/?s={search_term_string}\"},\"query-input\":{\"@type\":\"PropertyValueSpecification\",\"valueRequired\":true,\"valueName\":\"search_term_string\"}}],\"inLanguage\":\"fr-FR\"},{\"@type\":\"Person\",\"@id\":\"https:\/\/www.africa-press.net\/niger\/#\/schema\/person\/2b1cf3cd81a31e3cd26889ca66d677f1\",\"name\":\"cfeditorfr\"}]}<\/script>\n<!-- \/ Yoast SEO Premium plugin. -->","yoast_head_json":{"title":"Visite du ministre de la Sant\u00e9 Publique, de la Population et de l\u2019Action Sociale au CHR de Niamey : \u00abJe suis venu vous f\u00e9liciter et vous encourager pour vos efforts d\u2019am\u00e9lioration du cadre de travail. Je suis satisfait de ce que j\u2019ai vu\u00bb, d\u00e9clare Dr Idi Illiassou Mainassara - niger","description":"\ufeffLe ministre de la Sant\u00e9 Publique, de la Population et de l\u2019Action Sociale Dr Idi Illiassou Mainassra a effectu\u00e9, hier m ...","robots":{"index":"index","follow":"follow","max-snippet":"max-snippet:-1","max-image-preview":"max-image-preview:large","max-video-preview":"max-video-preview:-1"},"canonical":"https:\/\/www.africa-press.net\/niger\/toutes-les-actualites\/visite-du-ministre-de-la-sante-publique-de-la-population-et-de-laction-sociale-au-chr-de-niamey-je-suis-venu-vous-feliciter-et-vous-encourager-pour-vos-efforts-damelioration","og_locale":"fr_FR","og_type":"article","og_title":"Visite du ministre de la Sant\u00e9 Publique, de la Population et de l\u2019Action Sociale au CHR de Niamey : \u00abJe suis venu vous f\u00e9liciter et vous encourager pour vos efforts d\u2019am\u00e9lioration du cadre de travail. Je suis satisfait de ce que j\u2019ai vu\u00bb, d\u00e9clare Dr Idi Illiassou Mainassara","og_description":"\ufeffLe ministre de la Sant\u00e9 Publique, de la Population et de l\u2019Action Sociale Dr Idi Illiassou Mainassra a effectu\u00e9, hier m ...","og_url":"https:\/\/www.africa-press.net\/niger\/toutes-les-actualites\/visite-du-ministre-de-la-sante-publique-de-la-population-et-de-laction-sociale-au-chr-de-niamey-je-suis-venu-vous-feliciter-et-vous-encourager-pour-vos-efforts-damelioration","og_site_name":"niger","article_published_time":"2021-09-23T11:31:33+00:00","article_modified_time":"2021-09-23T18:21:12+00:00","og_image":[{"width":720,"height":454,"url":"https:\/\/static.africa-press.net\/niger\/sites\/40\/2021\/09\/img-614c4d621a0a3.jpg","type":"image\/jpeg"}],"author":"cfeditorfr","twitter_card":"summary_large_image","twitter_misc":{"\u00c9crit par":"cfeditorfr","Dur\u00e9e de lecture estim\u00e9e":"2 minutes"},"schema":{"@context":"https:\/\/schema.org","@graph":[{"@type":"Article","@id":"https:\/\/www.africa-press.net\/niger\/toutes-les-actualites\/visite-du-ministre-de-la-sante-publique-de-la-population-et-de-laction-sociale-au-chr-de-niamey-je-suis-venu-vous-feliciter-et-vous-encourager-pour-vos-efforts-damelioration#article","isPartOf":{"@id":"https:\/\/www.africa-press.net\/niger\/toutes-les-actualites\/visite-du-ministre-de-la-sante-publique-de-la-population-et-de-laction-sociale-au-chr-de-niamey-je-suis-venu-vous-feliciter-et-vous-encourager-pour-vos-efforts-damelioration"},"author":{"name":"cfeditorfr","@id":"https:\/\/www.africa-press.net\/niger\/#\/schema\/person\/2b1cf3cd81a31e3cd26889ca66d677f1"},"headline":"Visite du ministre de la Sant\u00e9 Publique, de la Population et de l\u2019Action Sociale au CHR de Niamey : \u00abJe suis venu vous f\u00e9liciter et vous encourager pour vos efforts d\u2019am\u00e9lioration du cadre de travail. Je suis satisfait de ce que j\u2019ai vu\u00bb, d\u00e9clare Dr Idi Illiassou Mainassara","datePublished":"2021-09-23T11:31:33+00:00","dateModified":"2021-09-23T18:21:12+00:00","mainEntityOfPage":{"@id":"https:\/\/www.africa-press.net\/niger\/toutes-les-actualites\/visite-du-ministre-de-la-sante-publique-de-la-population-et-de-laction-sociale-au-chr-de-niamey-je-suis-venu-vous-feliciter-et-vous-encourager-pour-vos-efforts-damelioration"},"wordCount":462,"commentCount":0,"image":{"@id":"https:\/\/www.africa-press.net\/niger\/toutes-les-actualites\/visite-du-ministre-de-la-sante-publique-de-la-population-et-de-laction-sociale-au-chr-de-niamey-je-suis-venu-vous-feliciter-et-vous-encourager-pour-vos-efforts-damelioration#primaryimage"},"thumbnailUrl":"https:\/\/static.africa-press.net\/niger\/sites\/40\/2021\/09\/img-614c4d621a0a3.jpg","keywords":["Africa Press","Africa Press-Niger","Niger"],"articleSection":["Communaut\u00e9","homepage-french","Toutes les actualit\u00e9s"],"inLanguage":"fr-FR","potentialAction":[{"@type":"CommentAction","name":"Comment","target":["https:\/\/www.africa-press.net\/niger\/toutes-les-actualites\/visite-du-ministre-de-la-sante-publique-de-la-population-et-de-laction-sociale-au-chr-de-niamey-je-suis-venu-vous-feliciter-et-vous-encourager-pour-vos-efforts-damelioration#respond"]}]},{"@type":"WebPage","@id":"https:\/\/www.africa-press.net\/niger\/toutes-les-actualites\/visite-du-ministre-de-la-sante-publique-de-la-population-et-de-laction-sociale-au-chr-de-niamey-je-suis-venu-vous-feliciter-et-vous-encourager-pour-vos-efforts-damelioration","url":"https:\/\/www.africa-press.net\/niger\/toutes-les-actualites\/visite-du-ministre-de-la-sante-publique-de-la-population-et-de-laction-sociale-au-chr-de-niamey-je-suis-venu-vous-feliciter-et-vous-encourager-pour-vos-efforts-damelioration","name":"Visite du ministre de la Sant\u00e9 Publique, de la Population et de l\u2019Action Sociale au CHR de Niamey : \u00abJe suis venu vous f\u00e9liciter et vous encourager pour vos efforts d\u2019am\u00e9lioration du cadre de travail. Je suis satisfait de ce que j\u2019ai vu\u00bb, d\u00e9clare Dr Idi Illiassou Mainassara - niger","isPartOf":{"@id":"https:\/\/www.africa-press.net\/niger\/#website"},"primaryImageOfPage":{"@id":"https:\/\/www.africa-press.net\/niger\/toutes-les-actualites\/visite-du-ministre-de-la-sante-publique-de-la-population-et-de-laction-sociale-au-chr-de-niamey-je-suis-venu-vous-feliciter-et-vous-encourager-pour-vos-efforts-damelioration#primaryimage"},"image":{"@id":"https:\/\/www.africa-press.net\/niger\/toutes-les-actualites\/visite-du-ministre-de-la-sante-publique-de-la-population-et-de-laction-sociale-au-chr-de-niamey-je-suis-venu-vous-feliciter-et-vous-encourager-pour-vos-efforts-damelioration#primaryimage"},"thumbnailUrl":"https:\/\/static.africa-press.net\/niger\/sites\/40\/2021\/09\/img-614c4d621a0a3.jpg","datePublished":"2021-09-23T11:31:33+00:00","dateModified":"2021-09-23T18:21:12+00:00","author":{"@id":"https:\/\/www.africa-press.net\/niger\/#\/schema\/person\/2b1cf3cd81a31e3cd26889ca66d677f1"},"description":"\ufeffLe ministre de la Sant\u00e9 Publique, de la Population et de l\u2019Action Sociale Dr Idi Illiassou Mainassra a effectu\u00e9, hier m ...","breadcrumb":{"@id":"https:\/\/www.africa-press.net\/niger\/toutes-les-actualites\/visite-du-ministre-de-la-sante-publique-de-la-population-et-de-laction-sociale-au-chr-de-niamey-je-suis-venu-vous-feliciter-et-vous-encourager-pour-vos-efforts-damelioration#breadcrumb"},"inLanguage":"fr-FR","potentialAction":[{"@type":"ReadAction","target":["https:\/\/www.africa-press.net\/niger\/toutes-les-actualites\/visite-du-ministre-de-la-sante-publique-de-la-population-et-de-laction-sociale-au-chr-de-niamey-je-suis-venu-vous-feliciter-et-vous-encourager-pour-vos-efforts-damelioration"]}]},{"@type":"ImageObject","inLanguage":"fr-FR","@id":"https:\/\/www.africa-press.net\/niger\/toutes-les-actualites\/visite-du-ministre-de-la-sante-publique-de-la-population-et-de-laction-sociale-au-chr-de-niamey-je-suis-venu-vous-feliciter-et-vous-encourager-pour-vos-efforts-damelioration#primaryimage","url":"https:\/\/static.africa-press.net\/niger\/sites\/40\/2021\/09\/img-614c4d621a0a3.jpg","contentUrl":"https:\/\/static.africa-press.net\/niger\/sites\/40\/2021\/09\/img-614c4d621a0a3.jpg","width":720,"height":454,"caption":"Visite du ministre de la Sant\u00e9 Publique, de la Population et de l\u2019Action Sociale au CHR de Niamey : \u00abJe suis venu vous f\u00e9liciter et vous encourager pour vos efforts d\u2019am\u00e9lioration du cadre de travail. Je suis satisfait de ce que j\u2019ai vu\u00bb, d\u00e9clare Dr Idi Illiassou Mainassara"},{"@type":"BreadcrumbList","@id":"https:\/\/www.africa-press.net\/niger\/toutes-les-actualites\/visite-du-ministre-de-la-sante-publique-de-la-population-et-de-laction-sociale-au-chr-de-niamey-je-suis-venu-vous-feliciter-et-vous-encourager-pour-vos-efforts-damelioration#breadcrumb","itemListElement":[{"@type":"ListItem","position":1,"name":"Accueil","item":"https:\/\/www.africa-press.net\/niger\/"},{"@type":"ListItem","position":2,"name":"Visite du ministre de la Sant\u00e9 Publique, de la Population et de l\u2019Action Sociale au CHR de Niamey : \u00abJe suis venu vous f\u00e9liciter et vous encourager pour vos efforts d\u2019am\u00e9lioration du cadre de travail. Je suis satisfait de ce que j\u2019ai vu\u00bb, d\u00e9clare Dr Idi Illiassou Mainassara"}]},{"@type":"WebSite","@id":"https:\/\/www.africa-press.net\/niger\/#website","url":"https:\/\/www.africa-press.net\/niger\/","name":"niger","description":"Just another Africa News Agency Sites site","potentialAction":[{"@type":"SearchAction","target":{"@type":"EntryPoint","urlTemplate":"https:\/\/www.africa-press.net\/niger\/?s={search_term_string}"},"query-input":{"@type":"PropertyValueSpecification","valueRequired":true,"valueName":"search_term_string"}}],"inLanguage":"fr-FR"},{"@type":"Person","@id":"https:\/\/www.africa-press.net\/niger\/#\/schema\/person\/2b1cf3cd81a31e3cd26889ca66d677f1","name":"cfeditorfr"}]}},"_links":{"self":[{"href":"https:\/\/www.africa-press.net\/niger\/wp-json\/wp\/v2\/posts\/12293","targetHints":{"allow":["GET"]}}],"collection":[{"href":"https:\/\/www.africa-press.net\/niger\/wp-json\/wp\/v2\/posts"}],"about":[{"href":"https:\/\/www.africa-press.net\/niger\/wp-json\/wp\/v2\/types\/post"}],"author":[{"embeddable":true,"href":"https:\/\/www.africa-press.net\/niger\/wp-json\/wp\/v2\/users\/82"}],"replies":[{"embeddable":true,"href":"https:\/\/www.africa-press.net\/niger\/wp-json\/wp\/v2\/comments?post=12293"}],"version-history":[{"count":0,"href":"https:\/\/www.africa-press.net\/niger\/wp-json\/wp\/v2\/posts\/12293\/revisions"}],"wp:featuredmedia":[{"embeddable":true,"href":"https:\/\/www.africa-press.net\/niger\/wp-json\/wp\/v2\/media\/12292"}],"wp:attachment":[{"href":"https:\/\/www.africa-press.net\/niger\/wp-json\/wp\/v2\/media?parent=12293"}],"wp:term":[{"taxonomy":"category","embeddable":true,"href":"https:\/\/www.africa-press.net\/niger\/wp-json\/wp\/v2\/categories?post=12293"},{"taxonomy":"post_tag","embeddable":true,"href":"https:\/\/www.africa-press.net\/niger\/wp-json\/wp\/v2\/tags?post=12293"}],"curies":[{"name":"wp","href":"https:\/\/api.w.org\/{rel}","templated":true}]}}