{"id":12311,"date":"2021-09-23T12:13:13","date_gmt":"2021-09-23T12:13:13","guid":{"rendered":"https:\/\/www.africa-press.net\/niger\/?p=12311"},"modified":"2021-09-23T18:22:06","modified_gmt":"2021-09-23T18:22:06","slug":"consultation-des-acteurs-du-developpement-rural-et-de-lenvironnement-preparer-le-monde-rural-nigerien-pour-une-meilleure-integration-dans-la-zlecaf","status":"publish","type":"post","link":"https:\/\/www.africa-press.net\/niger\/toutes-les-actualites\/consultation-des-acteurs-du-developpement-rural-et-de-lenvironnement-preparer-le-monde-rural-nigerien-pour-une-meilleure-integration-dans-la-zlecaf","title":{"rendered":"Consultation des acteurs du d\u00e9veloppement rural et de l\u2019environnement : Pr\u00e9parer le monde rural nig\u00e9rien pour une meilleure int\u00e9gration dans la ZLECAf"},"content":{"rendered":"<p><span style=\"color: #ff6600\"><strong><a href=\"https:\/\/www.africa-press.net\/\">Africa-Press<\/a> &#8211; <a href=\"https:\/\/www.africa-press.net\/niger\">Niger<\/a>. <\/strong><\/span>L\u2019Afrique pr\u00e9pare activement l\u2019int\u00e9gration des pays du continent gr\u00e2ce notamment \u00e0 la Zone de libre-\u00e9change continentale africaine (ZLECAf). Pour mieux pr\u00e9parer le monde rural nig\u00e9rien \u00e0 int\u00e9grer le march\u00e9 \u00e9conomique commun, le Conseil \u00e9conomique, social et Culturel (CESOC) a organis\u00e9, hier \u00e0 Niamey, une consultation des acteurs du d\u00e9veloppement rural et de l\u2019environnement. Par cette d\u00e9marche d\u2019\u00e9changes et de r\u00e9flexions, le CESOC cherche \u00e0 identifier les attentes du monde rural et cr\u00e9er une synergie entre lui et les acteurs en vue d\u2019analyser les politiques de d\u00e9veloppements qui sont mises en \u0153uvre.<\/p>\n<p>A l\u2019ouverture de la journ\u00e9e de consultation, le pr\u00e9sident du Conseil \u00e9conomique, social et culturel (CESOC), M. Mairou Malam Ligari a d\u00e9clar\u00e9 que cette rencontre est une opportunit\u00e9 pour son institution d\u2019identifier les forces et les faiblesses des politiques du Niger en mati\u00e8re de d\u00e9veloppement rural. C\u2019est aussi une occasion pour les participants, a-t-il dit, de trouver des \u00e9l\u00e9ments d\u2019articulation et des liens fonctionnels favorables \u00e0 la dynamique participative indispensable \u00e0 la r\u00e9ussite des politiques publiques. Il s\u2019est r\u00e9joui de la bonne implication des acteurs du monde rural dans cette d\u00e9marche et de leur disponibilit\u00e9 \u00e0 pers\u00e9v\u00e9rer.<\/p>\n<p>Par cette d\u00e9marche du CESOC l\u2019institution cherche d\u2019abord \u00e0 connaitre les attentes en leur endroit afin de cr\u00e9er une synergie \u00abpositive\u00bb entre le Conseil et les acteurs d\u2019une analyse impartiale des politiques de d\u00e9veloppement du pays. \u00abC\u2019est l\u00e0 un chantier de grande envergure qui nous permettra de mieux accompagner le Pr\u00e9sident de la R\u00e9publique dans ses nobles ambitions pour notre pays\u00bb, a poursuivi le premier responsable du CESOC.<\/p>\n<p>M. Mairou Malam Ligari a rappel\u00e9 que les rencontres de consultation des acteurs \u00e9tatiques et socioprofessionnels initi\u00e9es par le CESOC s\u2019inscrivent dans la droite ligne de la politique impuls\u00e9e par le Chef de l\u2019Etat. \u00abNotre objectif final ici, est de faire de vos analyses et de vos r\u00e9flexions respectives un terrain fertile \u00e0 l\u2019\u00e9closion des solutions durables \u00e0 m\u00eame de tirer le Niger vers le haut\u00bb, a-t-il notifi\u00e9. Pour M. Ligari, il est imp\u00e9ratif pour le CESOC que le monde rural nig\u00e9rien qui est le moteur du d\u00e9veloppement du pays, soit bien pr\u00e9par\u00e9 et fortifi\u00e9 pour une bonne int\u00e9gration africaine, et plus singuli\u00e8rement dans la Zone de libre-\u00e9change continentale (ZLECAF), en tant qu\u2019acteur incontournable.<\/p>\n<p><b>\u00a0<\/b><\/p>\n","protected":false},"excerpt":{"rendered":"<p>Africa-Press &#8211; Niger. L\u2019Afrique pr\u00e9pare activement l\u2019int\u00e9gration des pays du continent gr\u00e2ce notamment \u00e0 la Zone de libre-\u00e9change continentale africaine (ZLECAf). Pour mieux pr\u00e9parer le monde rural nig\u00e9rien \u00e0 int\u00e9grer le march\u00e9 \u00e9conomique commun, le Conseil \u00e9conomique, social et Culturel (CESOC) a organis\u00e9, hier \u00e0 Niamey, une consultation des acteurs du d\u00e9veloppement rural et de [&hellip;]<\/p>\n","protected":false},"author":82,"featured_media":12310,"comment_status":"open","ping_status":"closed","sticky":false,"template":"","format":"standard","meta":{"footnotes":""},"categories":[21,11,10],"tags":[55,60,29],"class_list":["post-12311","post","type-post","status-publish","format-standard","has-post-thumbnail","hentry","category-communaute","category-homepage-french","category-toutes-les-actualites","tag-africa-press","tag-africa-press-niger","tag-niger"],"yoast_head":"<!-- This site is optimized with the Yoast SEO Premium plugin v26.1 (Yoast SEO v27.0) - https:\/\/yoast.com\/product\/yoast-seo-premium-wordpress\/ -->\n<title>Consultation des acteurs du d\u00e9veloppement rural et de l\u2019environnement : Pr\u00e9parer le monde rural nig\u00e9rien pour une meilleure int\u00e9gration dans la ZLECAf - niger<\/title>\n<meta name=\"description\" content=\"\ufeffL\u2019Afrique pr\u00e9pare activement l\u2019int\u00e9gration des pays du continent gr\u00e2ce notamment \u00e0 la Zone de libre-\u00e9change continental ...\" \/>\n<meta name=\"robots\" content=\"index, follow, max-snippet:-1, max-image-preview:large, max-video-preview:-1\" \/>\n<link rel=\"canonical\" href=\"https:\/\/www.africa-press.net\/niger\/toutes-les-actualites\/consultation-des-acteurs-du-developpement-rural-et-de-lenvironnement-preparer-le-monde-rural-nigerien-pour-une-meilleure-integration-dans-la-zlecaf\" \/>\n<meta property=\"og:locale\" content=\"fr_FR\" \/>\n<meta property=\"og:type\" content=\"article\" \/>\n<meta property=\"og:title\" content=\"Consultation des acteurs du d\u00e9veloppement rural et de l\u2019environnement : Pr\u00e9parer le monde rural nig\u00e9rien pour une meilleure int\u00e9gration dans la ZLECAf\" \/>\n<meta property=\"og:description\" content=\"\ufeffL\u2019Afrique pr\u00e9pare activement l\u2019int\u00e9gration des pays du continent gr\u00e2ce notamment \u00e0 la Zone de libre-\u00e9change continental ...\" \/>\n<meta property=\"og:url\" content=\"https:\/\/www.africa-press.net\/niger\/toutes-les-actualites\/consultation-des-acteurs-du-developpement-rural-et-de-lenvironnement-preparer-le-monde-rural-nigerien-pour-une-meilleure-integration-dans-la-zlecaf\" \/>\n<meta property=\"og:site_name\" content=\"niger\" \/>\n<meta property=\"article:published_time\" content=\"2021-09-23T12:13:13+00:00\" \/>\n<meta property=\"article:modified_time\" content=\"2021-09-23T18:22:06+00:00\" \/>\n<meta property=\"og:image\" content=\"https:\/\/static.africa-press.net\/niger\/sites\/40\/2021\/09\/img-614c4e407a880.jpg\" \/>\n\t<meta property=\"og:image:width\" content=\"720\" \/>\n\t<meta property=\"og:image:height\" content=\"462\" \/>\n\t<meta property=\"og:image:type\" content=\"image\/jpeg\" \/>\n<meta name=\"author\" content=\"cfeditorfr\" \/>\n<meta name=\"twitter:card\" content=\"summary_large_image\" \/>\n<meta name=\"twitter:label1\" content=\"\u00c9crit par\" \/>\n\t<meta name=\"twitter:data1\" content=\"cfeditorfr\" \/>\n\t<meta name=\"twitter:label2\" content=\"Dur\u00e9e de lecture estim\u00e9e\" \/>\n\t<meta name=\"twitter:data2\" content=\"2 minutes\" \/>\n<script type=\"application\/ld+json\" class=\"yoast-schema-graph\">{\"@context\":\"https:\/\/schema.org\",\"@graph\":[{\"@type\":\"Article\",\"@id\":\"https:\/\/www.africa-press.net\/niger\/toutes-les-actualites\/consultation-des-acteurs-du-developpement-rural-et-de-lenvironnement-preparer-le-monde-rural-nigerien-pour-une-meilleure-integration-dans-la-zlecaf#article\",\"isPartOf\":{\"@id\":\"https:\/\/www.africa-press.net\/niger\/toutes-les-actualites\/consultation-des-acteurs-du-developpement-rural-et-de-lenvironnement-preparer-le-monde-rural-nigerien-pour-une-meilleure-integration-dans-la-zlecaf\"},\"author\":{\"name\":\"cfeditorfr\",\"@id\":\"https:\/\/www.africa-press.net\/niger\/#\/schema\/person\/2b1cf3cd81a31e3cd26889ca66d677f1\"},\"headline\":\"Consultation des acteurs du d\u00e9veloppement rural et de l\u2019environnement : Pr\u00e9parer le monde rural nig\u00e9rien pour une meilleure int\u00e9gration dans la ZLECAf\",\"datePublished\":\"2021-09-23T12:13:13+00:00\",\"dateModified\":\"2021-09-23T18:22:06+00:00\",\"mainEntityOfPage\":{\"@id\":\"https:\/\/www.africa-press.net\/niger\/toutes-les-actualites\/consultation-des-acteurs-du-developpement-rural-et-de-lenvironnement-preparer-le-monde-rural-nigerien-pour-une-meilleure-integration-dans-la-zlecaf\"},\"wordCount\":446,\"commentCount\":0,\"image\":{\"@id\":\"https:\/\/www.africa-press.net\/niger\/toutes-les-actualites\/consultation-des-acteurs-du-developpement-rural-et-de-lenvironnement-preparer-le-monde-rural-nigerien-pour-une-meilleure-integration-dans-la-zlecaf#primaryimage\"},\"thumbnailUrl\":\"https:\/\/static.africa-press.net\/niger\/sites\/40\/2021\/09\/img-614c4e407a880.jpg\",\"keywords\":[\"Africa Press\",\"Africa Press-Niger\",\"Niger\"],\"articleSection\":[\"Communaut\u00e9\",\"homepage-french\",\"Toutes les actualit\u00e9s\"],\"inLanguage\":\"fr-FR\",\"potentialAction\":[{\"@type\":\"CommentAction\",\"name\":\"Comment\",\"target\":[\"https:\/\/www.africa-press.net\/niger\/toutes-les-actualites\/consultation-des-acteurs-du-developpement-rural-et-de-lenvironnement-preparer-le-monde-rural-nigerien-pour-une-meilleure-integration-dans-la-zlecaf#respond\"]}]},{\"@type\":\"WebPage\",\"@id\":\"https:\/\/www.africa-press.net\/niger\/toutes-les-actualites\/consultation-des-acteurs-du-developpement-rural-et-de-lenvironnement-preparer-le-monde-rural-nigerien-pour-une-meilleure-integration-dans-la-zlecaf\",\"url\":\"https:\/\/www.africa-press.net\/niger\/toutes-les-actualites\/consultation-des-acteurs-du-developpement-rural-et-de-lenvironnement-preparer-le-monde-rural-nigerien-pour-une-meilleure-integration-dans-la-zlecaf\",\"name\":\"Consultation des acteurs du d\u00e9veloppement rural et de l\u2019environnement : Pr\u00e9parer le monde rural nig\u00e9rien pour une meilleure int\u00e9gration dans la ZLECAf - niger\",\"isPartOf\":{\"@id\":\"https:\/\/www.africa-press.net\/niger\/#website\"},\"primaryImageOfPage\":{\"@id\":\"https:\/\/www.africa-press.net\/niger\/toutes-les-actualites\/consultation-des-acteurs-du-developpement-rural-et-de-lenvironnement-preparer-le-monde-rural-nigerien-pour-une-meilleure-integration-dans-la-zlecaf#primaryimage\"},\"image\":{\"@id\":\"https:\/\/www.africa-press.net\/niger\/toutes-les-actualites\/consultation-des-acteurs-du-developpement-rural-et-de-lenvironnement-preparer-le-monde-rural-nigerien-pour-une-meilleure-integration-dans-la-zlecaf#primaryimage\"},\"thumbnailUrl\":\"https:\/\/static.africa-press.net\/niger\/sites\/40\/2021\/09\/img-614c4e407a880.jpg\",\"datePublished\":\"2021-09-23T12:13:13+00:00\",\"dateModified\":\"2021-09-23T18:22:06+00:00\",\"author\":{\"@id\":\"https:\/\/www.africa-press.net\/niger\/#\/schema\/person\/2b1cf3cd81a31e3cd26889ca66d677f1\"},\"description\":\"\ufeffL\u2019Afrique pr\u00e9pare activement l\u2019int\u00e9gration des pays du continent gr\u00e2ce notamment \u00e0 la Zone de libre-\u00e9change continental ...\",\"breadcrumb\":{\"@id\":\"https:\/\/www.africa-press.net\/niger\/toutes-les-actualites\/consultation-des-acteurs-du-developpement-rural-et-de-lenvironnement-preparer-le-monde-rural-nigerien-pour-une-meilleure-integration-dans-la-zlecaf#breadcrumb\"},\"inLanguage\":\"fr-FR\",\"potentialAction\":[{\"@type\":\"ReadAction\",\"target\":[\"https:\/\/www.africa-press.net\/niger\/toutes-les-actualites\/consultation-des-acteurs-du-developpement-rural-et-de-lenvironnement-preparer-le-monde-rural-nigerien-pour-une-meilleure-integration-dans-la-zlecaf\"]}]},{\"@type\":\"ImageObject\",\"inLanguage\":\"fr-FR\",\"@id\":\"https:\/\/www.africa-press.net\/niger\/toutes-les-actualites\/consultation-des-acteurs-du-developpement-rural-et-de-lenvironnement-preparer-le-monde-rural-nigerien-pour-une-meilleure-integration-dans-la-zlecaf#primaryimage\",\"url\":\"https:\/\/static.africa-press.net\/niger\/sites\/40\/2021\/09\/img-614c4e407a880.jpg\",\"contentUrl\":\"https:\/\/static.africa-press.net\/niger\/sites\/40\/2021\/09\/img-614c4e407a880.jpg\",\"width\":720,\"height\":462,\"caption\":\"Consultation des acteurs du d\u00e9veloppement rural et de l\u2019environnement : Pr\u00e9parer le monde rural nig\u00e9rien pour une meilleure int\u00e9gration dans la ZLECAf\"},{\"@type\":\"BreadcrumbList\",\"@id\":\"https:\/\/www.africa-press.net\/niger\/toutes-les-actualites\/consultation-des-acteurs-du-developpement-rural-et-de-lenvironnement-preparer-le-monde-rural-nigerien-pour-une-meilleure-integration-dans-la-zlecaf#breadcrumb\",\"itemListElement\":[{\"@type\":\"ListItem\",\"position\":1,\"name\":\"Accueil\",\"item\":\"https:\/\/www.africa-press.net\/niger\/\"},{\"@type\":\"ListItem\",\"position\":2,\"name\":\"Consultation des acteurs du d\u00e9veloppement rural et de l\u2019environnement : Pr\u00e9parer le monde rural nig\u00e9rien pour une meilleure int\u00e9gration dans la ZLECAf\"}]},{\"@type\":\"WebSite\",\"@id\":\"https:\/\/www.africa-press.net\/niger\/#website\",\"url\":\"https:\/\/www.africa-press.net\/niger\/\",\"name\":\"niger\",\"description\":\"Just another Africa News Agency Sites site\",\"potentialAction\":[{\"@type\":\"SearchAction\",\"target\":{\"@type\":\"EntryPoint\",\"urlTemplate\":\"https:\/\/www.africa-press.net\/niger\/?s={search_term_string}\"},\"query-input\":{\"@type\":\"PropertyValueSpecification\",\"valueRequired\":true,\"valueName\":\"search_term_string\"}}],\"inLanguage\":\"fr-FR\"},{\"@type\":\"Person\",\"@id\":\"https:\/\/www.africa-press.net\/niger\/#\/schema\/person\/2b1cf3cd81a31e3cd26889ca66d677f1\",\"name\":\"cfeditorfr\"}]}<\/script>\n<!-- \/ Yoast SEO Premium plugin. -->","yoast_head_json":{"title":"Consultation des acteurs du d\u00e9veloppement rural et de l\u2019environnement : Pr\u00e9parer le monde rural nig\u00e9rien pour une meilleure int\u00e9gration dans la ZLECAf - niger","description":"\ufeffL\u2019Afrique pr\u00e9pare activement l\u2019int\u00e9gration des pays du continent gr\u00e2ce notamment \u00e0 la Zone de libre-\u00e9change continental ...","robots":{"index":"index","follow":"follow","max-snippet":"max-snippet:-1","max-image-preview":"max-image-preview:large","max-video-preview":"max-video-preview:-1"},"canonical":"https:\/\/www.africa-press.net\/niger\/toutes-les-actualites\/consultation-des-acteurs-du-developpement-rural-et-de-lenvironnement-preparer-le-monde-rural-nigerien-pour-une-meilleure-integration-dans-la-zlecaf","og_locale":"fr_FR","og_type":"article","og_title":"Consultation des acteurs du d\u00e9veloppement rural et de l\u2019environnement : Pr\u00e9parer le monde rural nig\u00e9rien pour une meilleure int\u00e9gration dans la ZLECAf","og_description":"\ufeffL\u2019Afrique pr\u00e9pare activement l\u2019int\u00e9gration des pays du continent gr\u00e2ce notamment \u00e0 la Zone de libre-\u00e9change continental ...","og_url":"https:\/\/www.africa-press.net\/niger\/toutes-les-actualites\/consultation-des-acteurs-du-developpement-rural-et-de-lenvironnement-preparer-le-monde-rural-nigerien-pour-une-meilleure-integration-dans-la-zlecaf","og_site_name":"niger","article_published_time":"2021-09-23T12:13:13+00:00","article_modified_time":"2021-09-23T18:22:06+00:00","og_image":[{"width":720,"height":462,"url":"https:\/\/static.africa-press.net\/niger\/sites\/40\/2021\/09\/img-614c4e407a880.jpg","type":"image\/jpeg"}],"author":"cfeditorfr","twitter_card":"summary_large_image","twitter_misc":{"\u00c9crit par":"cfeditorfr","Dur\u00e9e de lecture estim\u00e9e":"2 minutes"},"schema":{"@context":"https:\/\/schema.org","@graph":[{"@type":"Article","@id":"https:\/\/www.africa-press.net\/niger\/toutes-les-actualites\/consultation-des-acteurs-du-developpement-rural-et-de-lenvironnement-preparer-le-monde-rural-nigerien-pour-une-meilleure-integration-dans-la-zlecaf#article","isPartOf":{"@id":"https:\/\/www.africa-press.net\/niger\/toutes-les-actualites\/consultation-des-acteurs-du-developpement-rural-et-de-lenvironnement-preparer-le-monde-rural-nigerien-pour-une-meilleure-integration-dans-la-zlecaf"},"author":{"name":"cfeditorfr","@id":"https:\/\/www.africa-press.net\/niger\/#\/schema\/person\/2b1cf3cd81a31e3cd26889ca66d677f1"},"headline":"Consultation des acteurs du d\u00e9veloppement rural et de l\u2019environnement : Pr\u00e9parer le monde rural nig\u00e9rien pour une meilleure int\u00e9gration dans la ZLECAf","datePublished":"2021-09-23T12:13:13+00:00","dateModified":"2021-09-23T18:22:06+00:00","mainEntityOfPage":{"@id":"https:\/\/www.africa-press.net\/niger\/toutes-les-actualites\/consultation-des-acteurs-du-developpement-rural-et-de-lenvironnement-preparer-le-monde-rural-nigerien-pour-une-meilleure-integration-dans-la-zlecaf"},"wordCount":446,"commentCount":0,"image":{"@id":"https:\/\/www.africa-press.net\/niger\/toutes-les-actualites\/consultation-des-acteurs-du-developpement-rural-et-de-lenvironnement-preparer-le-monde-rural-nigerien-pour-une-meilleure-integration-dans-la-zlecaf#primaryimage"},"thumbnailUrl":"https:\/\/static.africa-press.net\/niger\/sites\/40\/2021\/09\/img-614c4e407a880.jpg","keywords":["Africa Press","Africa Press-Niger","Niger"],"articleSection":["Communaut\u00e9","homepage-french","Toutes les actualit\u00e9s"],"inLanguage":"fr-FR","potentialAction":[{"@type":"CommentAction","name":"Comment","target":["https:\/\/www.africa-press.net\/niger\/toutes-les-actualites\/consultation-des-acteurs-du-developpement-rural-et-de-lenvironnement-preparer-le-monde-rural-nigerien-pour-une-meilleure-integration-dans-la-zlecaf#respond"]}]},{"@type":"WebPage","@id":"https:\/\/www.africa-press.net\/niger\/toutes-les-actualites\/consultation-des-acteurs-du-developpement-rural-et-de-lenvironnement-preparer-le-monde-rural-nigerien-pour-une-meilleure-integration-dans-la-zlecaf","url":"https:\/\/www.africa-press.net\/niger\/toutes-les-actualites\/consultation-des-acteurs-du-developpement-rural-et-de-lenvironnement-preparer-le-monde-rural-nigerien-pour-une-meilleure-integration-dans-la-zlecaf","name":"Consultation des acteurs du d\u00e9veloppement rural et de l\u2019environnement : Pr\u00e9parer le monde rural nig\u00e9rien pour une meilleure int\u00e9gration dans la ZLECAf - niger","isPartOf":{"@id":"https:\/\/www.africa-press.net\/niger\/#website"},"primaryImageOfPage":{"@id":"https:\/\/www.africa-press.net\/niger\/toutes-les-actualites\/consultation-des-acteurs-du-developpement-rural-et-de-lenvironnement-preparer-le-monde-rural-nigerien-pour-une-meilleure-integration-dans-la-zlecaf#primaryimage"},"image":{"@id":"https:\/\/www.africa-press.net\/niger\/toutes-les-actualites\/consultation-des-acteurs-du-developpement-rural-et-de-lenvironnement-preparer-le-monde-rural-nigerien-pour-une-meilleure-integration-dans-la-zlecaf#primaryimage"},"thumbnailUrl":"https:\/\/static.africa-press.net\/niger\/sites\/40\/2021\/09\/img-614c4e407a880.jpg","datePublished":"2021-09-23T12:13:13+00:00","dateModified":"2021-09-23T18:22:06+00:00","author":{"@id":"https:\/\/www.africa-press.net\/niger\/#\/schema\/person\/2b1cf3cd81a31e3cd26889ca66d677f1"},"description":"\ufeffL\u2019Afrique pr\u00e9pare activement l\u2019int\u00e9gration des pays du continent gr\u00e2ce notamment \u00e0 la Zone de libre-\u00e9change continental ...","breadcrumb":{"@id":"https:\/\/www.africa-press.net\/niger\/toutes-les-actualites\/consultation-des-acteurs-du-developpement-rural-et-de-lenvironnement-preparer-le-monde-rural-nigerien-pour-une-meilleure-integration-dans-la-zlecaf#breadcrumb"},"inLanguage":"fr-FR","potentialAction":[{"@type":"ReadAction","target":["https:\/\/www.africa-press.net\/niger\/toutes-les-actualites\/consultation-des-acteurs-du-developpement-rural-et-de-lenvironnement-preparer-le-monde-rural-nigerien-pour-une-meilleure-integration-dans-la-zlecaf"]}]},{"@type":"ImageObject","inLanguage":"fr-FR","@id":"https:\/\/www.africa-press.net\/niger\/toutes-les-actualites\/consultation-des-acteurs-du-developpement-rural-et-de-lenvironnement-preparer-le-monde-rural-nigerien-pour-une-meilleure-integration-dans-la-zlecaf#primaryimage","url":"https:\/\/static.africa-press.net\/niger\/sites\/40\/2021\/09\/img-614c4e407a880.jpg","contentUrl":"https:\/\/static.africa-press.net\/niger\/sites\/40\/2021\/09\/img-614c4e407a880.jpg","width":720,"height":462,"caption":"Consultation des acteurs du d\u00e9veloppement rural et de l\u2019environnement : Pr\u00e9parer le monde rural nig\u00e9rien pour une meilleure int\u00e9gration dans la ZLECAf"},{"@type":"BreadcrumbList","@id":"https:\/\/www.africa-press.net\/niger\/toutes-les-actualites\/consultation-des-acteurs-du-developpement-rural-et-de-lenvironnement-preparer-le-monde-rural-nigerien-pour-une-meilleure-integration-dans-la-zlecaf#breadcrumb","itemListElement":[{"@type":"ListItem","position":1,"name":"Accueil","item":"https:\/\/www.africa-press.net\/niger\/"},{"@type":"ListItem","position":2,"name":"Consultation des acteurs du d\u00e9veloppement rural et de l\u2019environnement : Pr\u00e9parer le monde rural nig\u00e9rien pour une meilleure int\u00e9gration dans la ZLECAf"}]},{"@type":"WebSite","@id":"https:\/\/www.africa-press.net\/niger\/#website","url":"https:\/\/www.africa-press.net\/niger\/","name":"niger","description":"Just another Africa News Agency Sites site","potentialAction":[{"@type":"SearchAction","target":{"@type":"EntryPoint","urlTemplate":"https:\/\/www.africa-press.net\/niger\/?s={search_term_string}"},"query-input":{"@type":"PropertyValueSpecification","valueRequired":true,"valueName":"search_term_string"}}],"inLanguage":"fr-FR"},{"@type":"Person","@id":"https:\/\/www.africa-press.net\/niger\/#\/schema\/person\/2b1cf3cd81a31e3cd26889ca66d677f1","name":"cfeditorfr"}]}},"_links":{"self":[{"href":"https:\/\/www.africa-press.net\/niger\/wp-json\/wp\/v2\/posts\/12311","targetHints":{"allow":["GET"]}}],"collection":[{"href":"https:\/\/www.africa-press.net\/niger\/wp-json\/wp\/v2\/posts"}],"about":[{"href":"https:\/\/www.africa-press.net\/niger\/wp-json\/wp\/v2\/types\/post"}],"author":[{"embeddable":true,"href":"https:\/\/www.africa-press.net\/niger\/wp-json\/wp\/v2\/users\/82"}],"replies":[{"embeddable":true,"href":"https:\/\/www.africa-press.net\/niger\/wp-json\/wp\/v2\/comments?post=12311"}],"version-history":[{"count":0,"href":"https:\/\/www.africa-press.net\/niger\/wp-json\/wp\/v2\/posts\/12311\/revisions"}],"wp:featuredmedia":[{"embeddable":true,"href":"https:\/\/www.africa-press.net\/niger\/wp-json\/wp\/v2\/media\/12310"}],"wp:attachment":[{"href":"https:\/\/www.africa-press.net\/niger\/wp-json\/wp\/v2\/media?parent=12311"}],"wp:term":[{"taxonomy":"category","embeddable":true,"href":"https:\/\/www.africa-press.net\/niger\/wp-json\/wp\/v2\/categories?post=12311"},{"taxonomy":"post_tag","embeddable":true,"href":"https:\/\/www.africa-press.net\/niger\/wp-json\/wp\/v2\/tags?post=12311"}],"curies":[{"name":"wp","href":"https:\/\/api.w.org\/{rel}","templated":true}]}}