{"id":12314,"date":"2021-09-23T17:29:01","date_gmt":"2021-09-23T17:29:01","guid":{"rendered":"https:\/\/www.africa-press.net\/niger\/?p=12314"},"modified":"2021-09-23T18:22:17","modified_gmt":"2021-09-23T18:22:17","slug":"cholera-a-maradi-2725-cas-dont-47-deces-enregistres-dans-la-region-a-la-date-du-21-septembre","status":"publish","type":"post","link":"https:\/\/www.africa-press.net\/niger\/toutes-les-actualites\/cholera-a-maradi-2725-cas-dont-47-deces-enregistres-dans-la-region-a-la-date-du-21-septembre","title":{"rendered":"Chol\u00e9ra \u00e0 Maradi : 2725 cas dont 47 d\u00e9c\u00e8s enregistr\u00e9s dans la r\u00e9gion \u00e0 la date du 21 septembre"},"content":{"rendered":"<p><span style=\"color: #ff6600\"><strong><a href=\"https:\/\/www.africa-press.net\/\">Africa-Press<\/a> &#8211; <a href=\"https:\/\/www.africa-press.net\/niger\">Niger<\/a>. <\/strong><\/span>A\u00a0 la r\u00e9gion de Mardi a enregistr\u00e9 2725 cas de chol\u00e9ra dont 47 d\u00e9c\u00e8s, selon le communicateur de la Direction R\u00e9gionale de la Sant\u00e9 Publique et de l\u2019Action Sociale, M. Dayabou Malam Lawali.<\/p>\n<p>C\u2019est le d\u00e9partement de Madarounfa qui compte le plus grand nombre de cas avec 1481 dont 8 d\u00e9c\u00e8s, Maradi commune a 864 cas dont 34 d\u00e9c\u00e8s, Guidan Roumdji 364 dont 3 d\u00e9c\u00e8s, Tessaoua 15 cas, 0 d\u00e9c\u00e8s, Agui\u00e9 1 cas, 0 d\u00e9c\u00e8s.<\/p>\n<p>\u2018\u2019Il ressort que la ville de Maradi a enregistr\u00e9 plus de d\u00e9c\u00e8s, au moment o\u00f9 le d\u00e9partement de Madarounfa a enregistr\u00e9 le plus grand nombre de cas de la r\u00e9gion\u2019\u2019 a expliqu\u00e9 M. Dayabou Malam Lawali.<\/p>\n<p>Pour le cas de Maradi, a expliqu\u00e9 le directeur r\u00e9gional de la sant\u00e9 publique, \u2018\u2019les malades arrivent dans les centres de soin longtemps apr\u00e8s le constat de la maladie, donc apr\u00e8s avoir essay\u00e9 plusieurs rem\u00e8des en famille, mais aussi certains cas souffraient d\u00e9j\u00e0 d\u2019une autre maladie qui complique davantage la situation\u2019\u2019.<\/p>\n<p>Toutefois il a rassur\u00e9 que des cas s\u2019enregistrent de moins en moins, dans certains d\u00e9partements aucun cas n\u2019a \u00e9t\u00e9 d\u00e9tect\u00e9 depuis des jours. Ce qui laisse pr\u00e9sager que \u2018\u2019l\u2019\u00e9pid\u00e9mie de chol\u00e9ra est en passe d\u2019\u00eatre ma\u00eetris\u00e9e dans la r\u00e9gion de Maradi\u2019\u2019.<\/p>\n<p>&nbsp;<\/p>\n","protected":false},"excerpt":{"rendered":"<p>Africa-Press &#8211; Niger. A\u00a0 la r\u00e9gion de Mardi a enregistr\u00e9 2725 cas de chol\u00e9ra dont 47 d\u00e9c\u00e8s, selon le communicateur de la Direction R\u00e9gionale de la Sant\u00e9 Publique et de l\u2019Action Sociale, M. Dayabou Malam Lawali. C\u2019est le d\u00e9partement de Madarounfa qui compte le plus grand nombre de cas avec 1481 dont 8 d\u00e9c\u00e8s, Maradi [&hellip;]<\/p>\n","protected":false},"author":82,"featured_media":12313,"comment_status":"open","ping_status":"closed","sticky":false,"template":"","format":"standard","meta":{"footnotes":""},"categories":[21,11,10],"tags":[55,60,29],"class_list":["post-12314","post","type-post","status-publish","format-standard","has-post-thumbnail","hentry","category-communaute","category-homepage-french","category-toutes-les-actualites","tag-africa-press","tag-africa-press-niger","tag-niger"],"yoast_head":"<!-- This site is optimized with the Yoast SEO Premium plugin v26.1 (Yoast SEO v27.0) - https:\/\/yoast.com\/product\/yoast-seo-premium-wordpress\/ -->\n<title>Chol\u00e9ra \u00e0 Maradi : 2725 cas dont 47 d\u00e9c\u00e8s enregistr\u00e9s dans la r\u00e9gion \u00e0 la date du 21 septembre - niger<\/title>\n<meta name=\"description\" content=\"A la date du 21 septembre 2021, la r\u00e9gion de Mardi a enregistr\u00e9 2725 cas de chol\u00e9ra dont 47 d\u00e9c\u00e8s, selon le communicateu ...\" \/>\n<meta name=\"robots\" content=\"index, follow, max-snippet:-1, max-image-preview:large, max-video-preview:-1\" \/>\n<link rel=\"canonical\" href=\"https:\/\/www.africa-press.net\/niger\/toutes-les-actualites\/cholera-a-maradi-2725-cas-dont-47-deces-enregistres-dans-la-region-a-la-date-du-21-septembre\" \/>\n<meta property=\"og:locale\" content=\"fr_FR\" \/>\n<meta property=\"og:type\" content=\"article\" \/>\n<meta property=\"og:title\" content=\"Chol\u00e9ra \u00e0 Maradi : 2725 cas dont 47 d\u00e9c\u00e8s enregistr\u00e9s dans la r\u00e9gion \u00e0 la date du 21 septembre\" \/>\n<meta property=\"og:description\" content=\"A la date du 21 septembre 2021, la r\u00e9gion de Mardi a enregistr\u00e9 2725 cas de chol\u00e9ra dont 47 d\u00e9c\u00e8s, selon le communicateu ...\" \/>\n<meta property=\"og:url\" content=\"https:\/\/www.africa-press.net\/niger\/toutes-les-actualites\/cholera-a-maradi-2725-cas-dont-47-deces-enregistres-dans-la-region-a-la-date-du-21-septembre\" \/>\n<meta property=\"og:site_name\" content=\"niger\" \/>\n<meta property=\"article:published_time\" content=\"2021-09-23T17:29:01+00:00\" \/>\n<meta property=\"article:modified_time\" content=\"2021-09-23T18:22:17+00:00\" \/>\n<meta property=\"og:image\" content=\"https:\/\/static.africa-press.net\/niger\/sites\/40\/2021\/09\/img-614cb821490a0.jpg\" \/>\n\t<meta property=\"og:image:width\" content=\"1228\" \/>\n\t<meta property=\"og:image:height\" content=\"960\" \/>\n\t<meta property=\"og:image:type\" content=\"image\/jpeg\" \/>\n<meta name=\"author\" content=\"cfeditorfr\" \/>\n<meta name=\"twitter:card\" content=\"summary_large_image\" \/>\n<meta name=\"twitter:label1\" content=\"\u00c9crit par\" \/>\n\t<meta name=\"twitter:data1\" content=\"cfeditorfr\" \/>\n\t<meta name=\"twitter:label2\" content=\"Dur\u00e9e de lecture estim\u00e9e\" \/>\n\t<meta name=\"twitter:data2\" content=\"1 minute\" \/>\n<script type=\"application\/ld+json\" class=\"yoast-schema-graph\">{\"@context\":\"https:\/\/schema.org\",\"@graph\":[{\"@type\":\"Article\",\"@id\":\"https:\/\/www.africa-press.net\/niger\/toutes-les-actualites\/cholera-a-maradi-2725-cas-dont-47-deces-enregistres-dans-la-region-a-la-date-du-21-septembre#article\",\"isPartOf\":{\"@id\":\"https:\/\/www.africa-press.net\/niger\/toutes-les-actualites\/cholera-a-maradi-2725-cas-dont-47-deces-enregistres-dans-la-region-a-la-date-du-21-septembre\"},\"author\":{\"name\":\"cfeditorfr\",\"@id\":\"https:\/\/www.africa-press.net\/niger\/#\/schema\/person\/2b1cf3cd81a31e3cd26889ca66d677f1\"},\"headline\":\"Chol\u00e9ra \u00e0 Maradi : 2725 cas dont 47 d\u00e9c\u00e8s enregistr\u00e9s dans la r\u00e9gion \u00e0 la date du 21 septembre\",\"datePublished\":\"2021-09-23T17:29:01+00:00\",\"dateModified\":\"2021-09-23T18:22:17+00:00\",\"mainEntityOfPage\":{\"@id\":\"https:\/\/www.africa-press.net\/niger\/toutes-les-actualites\/cholera-a-maradi-2725-cas-dont-47-deces-enregistres-dans-la-region-a-la-date-du-21-septembre\"},\"wordCount\":253,\"commentCount\":0,\"image\":{\"@id\":\"https:\/\/www.africa-press.net\/niger\/toutes-les-actualites\/cholera-a-maradi-2725-cas-dont-47-deces-enregistres-dans-la-region-a-la-date-du-21-septembre#primaryimage\"},\"thumbnailUrl\":\"https:\/\/static.africa-press.net\/niger\/sites\/40\/2021\/09\/img-614cb821490a0.jpg\",\"keywords\":[\"Africa Press\",\"Africa Press-Niger\",\"Niger\"],\"articleSection\":[\"Communaut\u00e9\",\"homepage-french\",\"Toutes les actualit\u00e9s\"],\"inLanguage\":\"fr-FR\",\"potentialAction\":[{\"@type\":\"CommentAction\",\"name\":\"Comment\",\"target\":[\"https:\/\/www.africa-press.net\/niger\/toutes-les-actualites\/cholera-a-maradi-2725-cas-dont-47-deces-enregistres-dans-la-region-a-la-date-du-21-septembre#respond\"]}]},{\"@type\":\"WebPage\",\"@id\":\"https:\/\/www.africa-press.net\/niger\/toutes-les-actualites\/cholera-a-maradi-2725-cas-dont-47-deces-enregistres-dans-la-region-a-la-date-du-21-septembre\",\"url\":\"https:\/\/www.africa-press.net\/niger\/toutes-les-actualites\/cholera-a-maradi-2725-cas-dont-47-deces-enregistres-dans-la-region-a-la-date-du-21-septembre\",\"name\":\"Chol\u00e9ra \u00e0 Maradi : 2725 cas dont 47 d\u00e9c\u00e8s enregistr\u00e9s dans la r\u00e9gion \u00e0 la date du 21 septembre - niger\",\"isPartOf\":{\"@id\":\"https:\/\/www.africa-press.net\/niger\/#website\"},\"primaryImageOfPage\":{\"@id\":\"https:\/\/www.africa-press.net\/niger\/toutes-les-actualites\/cholera-a-maradi-2725-cas-dont-47-deces-enregistres-dans-la-region-a-la-date-du-21-septembre#primaryimage\"},\"image\":{\"@id\":\"https:\/\/www.africa-press.net\/niger\/toutes-les-actualites\/cholera-a-maradi-2725-cas-dont-47-deces-enregistres-dans-la-region-a-la-date-du-21-septembre#primaryimage\"},\"thumbnailUrl\":\"https:\/\/static.africa-press.net\/niger\/sites\/40\/2021\/09\/img-614cb821490a0.jpg\",\"datePublished\":\"2021-09-23T17:29:01+00:00\",\"dateModified\":\"2021-09-23T18:22:17+00:00\",\"author\":{\"@id\":\"https:\/\/www.africa-press.net\/niger\/#\/schema\/person\/2b1cf3cd81a31e3cd26889ca66d677f1\"},\"description\":\"A la date du 21 septembre 2021, la r\u00e9gion de Mardi a enregistr\u00e9 2725 cas de chol\u00e9ra dont 47 d\u00e9c\u00e8s, selon le communicateu ...\",\"breadcrumb\":{\"@id\":\"https:\/\/www.africa-press.net\/niger\/toutes-les-actualites\/cholera-a-maradi-2725-cas-dont-47-deces-enregistres-dans-la-region-a-la-date-du-21-septembre#breadcrumb\"},\"inLanguage\":\"fr-FR\",\"potentialAction\":[{\"@type\":\"ReadAction\",\"target\":[\"https:\/\/www.africa-press.net\/niger\/toutes-les-actualites\/cholera-a-maradi-2725-cas-dont-47-deces-enregistres-dans-la-region-a-la-date-du-21-septembre\"]}]},{\"@type\":\"ImageObject\",\"inLanguage\":\"fr-FR\",\"@id\":\"https:\/\/www.africa-press.net\/niger\/toutes-les-actualites\/cholera-a-maradi-2725-cas-dont-47-deces-enregistres-dans-la-region-a-la-date-du-21-septembre#primaryimage\",\"url\":\"https:\/\/static.africa-press.net\/niger\/sites\/40\/2021\/09\/img-614cb821490a0.jpg\",\"contentUrl\":\"https:\/\/static.africa-press.net\/niger\/sites\/40\/2021\/09\/img-614cb821490a0.jpg\",\"width\":1228,\"height\":960,\"caption\":\"Chol\u00e9ra \u00e0 Maradi : 2725 cas dont 47 d\u00e9c\u00e8s enregistr\u00e9s dans la r\u00e9gion \u00e0 la date du 21 septembre\"},{\"@type\":\"BreadcrumbList\",\"@id\":\"https:\/\/www.africa-press.net\/niger\/toutes-les-actualites\/cholera-a-maradi-2725-cas-dont-47-deces-enregistres-dans-la-region-a-la-date-du-21-septembre#breadcrumb\",\"itemListElement\":[{\"@type\":\"ListItem\",\"position\":1,\"name\":\"Accueil\",\"item\":\"https:\/\/www.africa-press.net\/niger\/\"},{\"@type\":\"ListItem\",\"position\":2,\"name\":\"Chol\u00e9ra \u00e0 Maradi : 2725 cas dont 47 d\u00e9c\u00e8s enregistr\u00e9s dans la r\u00e9gion \u00e0 la date du 21 septembre\"}]},{\"@type\":\"WebSite\",\"@id\":\"https:\/\/www.africa-press.net\/niger\/#website\",\"url\":\"https:\/\/www.africa-press.net\/niger\/\",\"name\":\"niger\",\"description\":\"Just another Africa News Agency Sites site\",\"potentialAction\":[{\"@type\":\"SearchAction\",\"target\":{\"@type\":\"EntryPoint\",\"urlTemplate\":\"https:\/\/www.africa-press.net\/niger\/?s={search_term_string}\"},\"query-input\":{\"@type\":\"PropertyValueSpecification\",\"valueRequired\":true,\"valueName\":\"search_term_string\"}}],\"inLanguage\":\"fr-FR\"},{\"@type\":\"Person\",\"@id\":\"https:\/\/www.africa-press.net\/niger\/#\/schema\/person\/2b1cf3cd81a31e3cd26889ca66d677f1\",\"name\":\"cfeditorfr\"}]}<\/script>\n<!-- \/ Yoast SEO Premium plugin. -->","yoast_head_json":{"title":"Chol\u00e9ra \u00e0 Maradi : 2725 cas dont 47 d\u00e9c\u00e8s enregistr\u00e9s dans la r\u00e9gion \u00e0 la date du 21 septembre - niger","description":"A la date du 21 septembre 2021, la r\u00e9gion de Mardi a enregistr\u00e9 2725 cas de chol\u00e9ra dont 47 d\u00e9c\u00e8s, selon le communicateu ...","robots":{"index":"index","follow":"follow","max-snippet":"max-snippet:-1","max-image-preview":"max-image-preview:large","max-video-preview":"max-video-preview:-1"},"canonical":"https:\/\/www.africa-press.net\/niger\/toutes-les-actualites\/cholera-a-maradi-2725-cas-dont-47-deces-enregistres-dans-la-region-a-la-date-du-21-septembre","og_locale":"fr_FR","og_type":"article","og_title":"Chol\u00e9ra \u00e0 Maradi : 2725 cas dont 47 d\u00e9c\u00e8s enregistr\u00e9s dans la r\u00e9gion \u00e0 la date du 21 septembre","og_description":"A la date du 21 septembre 2021, la r\u00e9gion de Mardi a enregistr\u00e9 2725 cas de chol\u00e9ra dont 47 d\u00e9c\u00e8s, selon le communicateu ...","og_url":"https:\/\/www.africa-press.net\/niger\/toutes-les-actualites\/cholera-a-maradi-2725-cas-dont-47-deces-enregistres-dans-la-region-a-la-date-du-21-septembre","og_site_name":"niger","article_published_time":"2021-09-23T17:29:01+00:00","article_modified_time":"2021-09-23T18:22:17+00:00","og_image":[{"width":1228,"height":960,"url":"https:\/\/static.africa-press.net\/niger\/sites\/40\/2021\/09\/img-614cb821490a0.jpg","type":"image\/jpeg"}],"author":"cfeditorfr","twitter_card":"summary_large_image","twitter_misc":{"\u00c9crit par":"cfeditorfr","Dur\u00e9e de lecture estim\u00e9e":"1 minute"},"schema":{"@context":"https:\/\/schema.org","@graph":[{"@type":"Article","@id":"https:\/\/www.africa-press.net\/niger\/toutes-les-actualites\/cholera-a-maradi-2725-cas-dont-47-deces-enregistres-dans-la-region-a-la-date-du-21-septembre#article","isPartOf":{"@id":"https:\/\/www.africa-press.net\/niger\/toutes-les-actualites\/cholera-a-maradi-2725-cas-dont-47-deces-enregistres-dans-la-region-a-la-date-du-21-septembre"},"author":{"name":"cfeditorfr","@id":"https:\/\/www.africa-press.net\/niger\/#\/schema\/person\/2b1cf3cd81a31e3cd26889ca66d677f1"},"headline":"Chol\u00e9ra \u00e0 Maradi : 2725 cas dont 47 d\u00e9c\u00e8s enregistr\u00e9s dans la r\u00e9gion \u00e0 la date du 21 septembre","datePublished":"2021-09-23T17:29:01+00:00","dateModified":"2021-09-23T18:22:17+00:00","mainEntityOfPage":{"@id":"https:\/\/www.africa-press.net\/niger\/toutes-les-actualites\/cholera-a-maradi-2725-cas-dont-47-deces-enregistres-dans-la-region-a-la-date-du-21-septembre"},"wordCount":253,"commentCount":0,"image":{"@id":"https:\/\/www.africa-press.net\/niger\/toutes-les-actualites\/cholera-a-maradi-2725-cas-dont-47-deces-enregistres-dans-la-region-a-la-date-du-21-septembre#primaryimage"},"thumbnailUrl":"https:\/\/static.africa-press.net\/niger\/sites\/40\/2021\/09\/img-614cb821490a0.jpg","keywords":["Africa Press","Africa Press-Niger","Niger"],"articleSection":["Communaut\u00e9","homepage-french","Toutes les actualit\u00e9s"],"inLanguage":"fr-FR","potentialAction":[{"@type":"CommentAction","name":"Comment","target":["https:\/\/www.africa-press.net\/niger\/toutes-les-actualites\/cholera-a-maradi-2725-cas-dont-47-deces-enregistres-dans-la-region-a-la-date-du-21-septembre#respond"]}]},{"@type":"WebPage","@id":"https:\/\/www.africa-press.net\/niger\/toutes-les-actualites\/cholera-a-maradi-2725-cas-dont-47-deces-enregistres-dans-la-region-a-la-date-du-21-septembre","url":"https:\/\/www.africa-press.net\/niger\/toutes-les-actualites\/cholera-a-maradi-2725-cas-dont-47-deces-enregistres-dans-la-region-a-la-date-du-21-septembre","name":"Chol\u00e9ra \u00e0 Maradi : 2725 cas dont 47 d\u00e9c\u00e8s enregistr\u00e9s dans la r\u00e9gion \u00e0 la date du 21 septembre - niger","isPartOf":{"@id":"https:\/\/www.africa-press.net\/niger\/#website"},"primaryImageOfPage":{"@id":"https:\/\/www.africa-press.net\/niger\/toutes-les-actualites\/cholera-a-maradi-2725-cas-dont-47-deces-enregistres-dans-la-region-a-la-date-du-21-septembre#primaryimage"},"image":{"@id":"https:\/\/www.africa-press.net\/niger\/toutes-les-actualites\/cholera-a-maradi-2725-cas-dont-47-deces-enregistres-dans-la-region-a-la-date-du-21-septembre#primaryimage"},"thumbnailUrl":"https:\/\/static.africa-press.net\/niger\/sites\/40\/2021\/09\/img-614cb821490a0.jpg","datePublished":"2021-09-23T17:29:01+00:00","dateModified":"2021-09-23T18:22:17+00:00","author":{"@id":"https:\/\/www.africa-press.net\/niger\/#\/schema\/person\/2b1cf3cd81a31e3cd26889ca66d677f1"},"description":"A la date du 21 septembre 2021, la r\u00e9gion de Mardi a enregistr\u00e9 2725 cas de chol\u00e9ra dont 47 d\u00e9c\u00e8s, selon le communicateu ...","breadcrumb":{"@id":"https:\/\/www.africa-press.net\/niger\/toutes-les-actualites\/cholera-a-maradi-2725-cas-dont-47-deces-enregistres-dans-la-region-a-la-date-du-21-septembre#breadcrumb"},"inLanguage":"fr-FR","potentialAction":[{"@type":"ReadAction","target":["https:\/\/www.africa-press.net\/niger\/toutes-les-actualites\/cholera-a-maradi-2725-cas-dont-47-deces-enregistres-dans-la-region-a-la-date-du-21-septembre"]}]},{"@type":"ImageObject","inLanguage":"fr-FR","@id":"https:\/\/www.africa-press.net\/niger\/toutes-les-actualites\/cholera-a-maradi-2725-cas-dont-47-deces-enregistres-dans-la-region-a-la-date-du-21-septembre#primaryimage","url":"https:\/\/static.africa-press.net\/niger\/sites\/40\/2021\/09\/img-614cb821490a0.jpg","contentUrl":"https:\/\/static.africa-press.net\/niger\/sites\/40\/2021\/09\/img-614cb821490a0.jpg","width":1228,"height":960,"caption":"Chol\u00e9ra \u00e0 Maradi : 2725 cas dont 47 d\u00e9c\u00e8s enregistr\u00e9s dans la r\u00e9gion \u00e0 la date du 21 septembre"},{"@type":"BreadcrumbList","@id":"https:\/\/www.africa-press.net\/niger\/toutes-les-actualites\/cholera-a-maradi-2725-cas-dont-47-deces-enregistres-dans-la-region-a-la-date-du-21-septembre#breadcrumb","itemListElement":[{"@type":"ListItem","position":1,"name":"Accueil","item":"https:\/\/www.africa-press.net\/niger\/"},{"@type":"ListItem","position":2,"name":"Chol\u00e9ra \u00e0 Maradi : 2725 cas dont 47 d\u00e9c\u00e8s enregistr\u00e9s dans la r\u00e9gion \u00e0 la date du 21 septembre"}]},{"@type":"WebSite","@id":"https:\/\/www.africa-press.net\/niger\/#website","url":"https:\/\/www.africa-press.net\/niger\/","name":"niger","description":"Just another Africa News Agency Sites site","potentialAction":[{"@type":"SearchAction","target":{"@type":"EntryPoint","urlTemplate":"https:\/\/www.africa-press.net\/niger\/?s={search_term_string}"},"query-input":{"@type":"PropertyValueSpecification","valueRequired":true,"valueName":"search_term_string"}}],"inLanguage":"fr-FR"},{"@type":"Person","@id":"https:\/\/www.africa-press.net\/niger\/#\/schema\/person\/2b1cf3cd81a31e3cd26889ca66d677f1","name":"cfeditorfr"}]}},"_links":{"self":[{"href":"https:\/\/www.africa-press.net\/niger\/wp-json\/wp\/v2\/posts\/12314","targetHints":{"allow":["GET"]}}],"collection":[{"href":"https:\/\/www.africa-press.net\/niger\/wp-json\/wp\/v2\/posts"}],"about":[{"href":"https:\/\/www.africa-press.net\/niger\/wp-json\/wp\/v2\/types\/post"}],"author":[{"embeddable":true,"href":"https:\/\/www.africa-press.net\/niger\/wp-json\/wp\/v2\/users\/82"}],"replies":[{"embeddable":true,"href":"https:\/\/www.africa-press.net\/niger\/wp-json\/wp\/v2\/comments?post=12314"}],"version-history":[{"count":0,"href":"https:\/\/www.africa-press.net\/niger\/wp-json\/wp\/v2\/posts\/12314\/revisions"}],"wp:featuredmedia":[{"embeddable":true,"href":"https:\/\/www.africa-press.net\/niger\/wp-json\/wp\/v2\/media\/12313"}],"wp:attachment":[{"href":"https:\/\/www.africa-press.net\/niger\/wp-json\/wp\/v2\/media?parent=12314"}],"wp:term":[{"taxonomy":"category","embeddable":true,"href":"https:\/\/www.africa-press.net\/niger\/wp-json\/wp\/v2\/categories?post=12314"},{"taxonomy":"post_tag","embeddable":true,"href":"https:\/\/www.africa-press.net\/niger\/wp-json\/wp\/v2\/tags?post=12314"}],"curies":[{"name":"wp","href":"https:\/\/api.w.org\/{rel}","templated":true}]}}