{"id":12320,"date":"2021-09-23T17:40:19","date_gmt":"2021-09-23T17:40:19","guid":{"rendered":"https:\/\/www.africa-press.net\/niger\/?p=12320"},"modified":"2021-09-23T18:22:34","modified_gmt":"2021-09-23T18:22:34","slug":"niger-les-preparatifs-du-recensement-general-des-entreprises-en-bonne-voie","status":"publish","type":"post","link":"https:\/\/www.africa-press.net\/niger\/economie\/niger-les-preparatifs-du-recensement-general-des-entreprises-en-bonne-voie","title":{"rendered":"Les pr\u00e9paratifs du Recensement G\u00e9n\u00e9ral des Entreprises en bonne voie"},"content":{"rendered":"<p><span style=\"color: #ff6600\"><strong><a href=\"https:\/\/www.africa-press.net\/\">Africa-Press<\/a> &#8211; <a href=\"https:\/\/www.africa-press.net\/niger\">Niger<\/a>.\u00a0 <\/strong><\/span>\u00a0Au Niger, les pr\u00e9paratifs du Recensement G\u00e9n\u00e9ral des Entreprises (ReGEN) sont en bonne voie. C\u2019est ce qui ressort de la deuxi\u00e8me r\u00e9union de son Comit\u00e9 de Pilotage tenue ce jeudi 23 septembre 2021 \u00e0 Niamey sous la pr\u00e9sidence du Secr\u00e9taire G\u00e9n\u00e9ral du Minist\u00e8re du Plan et pr\u00e9sident dudit Comit\u00e9, M. Saadou Bakoye.<\/p>\n<p>En pr\u00e9sence du Directeur G\u00e9n\u00e9ral de l\u2019Institut National de la Statistique (INS), M. Alichina Kourgueni, et des membres du Comit\u00e9, cette deuxi\u00e8me r\u00e9union a \u00e9t\u00e9 consacr\u00e9e \u00e0 l\u2019information du Comit\u00e9 de Pilotage sur l\u2019\u00e9tat d\u2019avancement des activit\u00e9s du ReGEN et \u00e0 l\u2019examen et la validation du projet du plan de communication par les membres du Comit\u00e9 de Pilotage.<\/p>\n<p>L\u2019objectif global de ce Recensement G\u00e9n\u00e9ral des Entreprises du Niger (ReGEN 2021), organis\u00e9 pour la premi\u00e8re fois, rappelle-t-on, est \u00ab\u00a0de contribuer \u00e0 l\u2019am\u00e9lioration de la disponibilit\u00e9, de l\u2019accessibilit\u00e9 et de l\u2019utilisation d\u2019informations statistiques fiables pour l\u2019\u00e9laboration, le suivi et l\u2019\u00e9valuation des programmes, des politiques et des strat\u00e9gies de d\u00e9veloppement\u00a0\u00bb.<\/p>\n<p>Une fois achev\u00e9e, cette importante op\u00e9ration, qu\u2019organise l\u2019Institut National de la Statistique (INS) avec l\u2019appui financier de la Banque Mondiale, permettra au pays d\u2019avoir \u00ab\u00a0une source importante de donn\u00e9es socio\u00e9conomiques qui permettra de disposer de fa\u00e7on exhaustive de donn\u00e9es sur le poids et les caract\u00e9ristiques des unit\u00e9s \u00e9conomiques, aussi bien modernes que informelles\u00a0\u00bb.<\/p>\n<p>Le ReGEN constitue \u00e9galement un instrument pr\u00e9cieux pour l\u2019\u00e9laboration des programmes de promotion du secteur productif.<\/p>\n<p>Au cours de cette r\u00e9union, note-t-on enfin, Mme Aicha Amadou Ousmane, responsable de la cellule communication du ReGEN 2021, a fait un bref expos\u00e9 sur le plan de la communication qui d\u00e9crit les cibles de la communication et les activit\u00e9s pr\u00e9vues pour la sensibilisation \u00e0 la collaboration de la r\u00e9ussite du ReGEN 2021.<\/p>\n<p>&nbsp;<\/p>\n","protected":false},"excerpt":{"rendered":"<p>Africa-Press &#8211; Niger.\u00a0 \u00a0Au Niger, les pr\u00e9paratifs du Recensement G\u00e9n\u00e9ral des Entreprises (ReGEN) sont en bonne voie. C\u2019est ce qui ressort de la deuxi\u00e8me r\u00e9union de son Comit\u00e9 de Pilotage tenue ce jeudi 23 septembre 2021 \u00e0 Niamey sous la pr\u00e9sidence du Secr\u00e9taire G\u00e9n\u00e9ral du Minist\u00e8re du Plan et pr\u00e9sident dudit Comit\u00e9, M. Saadou Bakoye. [&hellip;]<\/p>\n","protected":false},"author":82,"featured_media":12319,"comment_status":"open","ping_status":"closed","sticky":false,"template":"","format":"standard","meta":{"footnotes":""},"categories":[3,11,10],"tags":[55,60,29],"class_list":["post-12320","post","type-post","status-publish","format-standard","has-post-thumbnail","hentry","category-economie","category-homepage-french","category-toutes-les-actualites","tag-africa-press","tag-africa-press-niger","tag-niger"],"yoast_head":"<!-- This site is optimized with the Yoast SEO Premium plugin v26.1 (Yoast SEO v27.0) - https:\/\/yoast.com\/product\/yoast-seo-premium-wordpress\/ -->\n<title>Les pr\u00e9paratifs du Recensement G\u00e9n\u00e9ral des Entreprises en bonne voie - niger<\/title>\n<meta name=\"description\" content=\", 23 Sept (ANP) - Au Niger, les pr\u00e9paratifs du Recensement G\u00e9n\u00e9ral des Entreprises (ReGEN) sont en bonne voie. C\u2019est ce ...\" \/>\n<meta name=\"robots\" content=\"index, follow, max-snippet:-1, max-image-preview:large, max-video-preview:-1\" \/>\n<link rel=\"canonical\" href=\"https:\/\/www.africa-press.net\/niger\/economie\/niger-les-preparatifs-du-recensement-general-des-entreprises-en-bonne-voie\" \/>\n<meta property=\"og:locale\" content=\"fr_FR\" \/>\n<meta property=\"og:type\" content=\"article\" \/>\n<meta property=\"og:title\" content=\"Les pr\u00e9paratifs du Recensement G\u00e9n\u00e9ral des Entreprises en bonne voie\" \/>\n<meta property=\"og:description\" content=\", 23 Sept (ANP) - Au Niger, les pr\u00e9paratifs du Recensement G\u00e9n\u00e9ral des Entreprises (ReGEN) sont en bonne voie. C\u2019est ce ...\" \/>\n<meta property=\"og:url\" content=\"https:\/\/www.africa-press.net\/niger\/economie\/niger-les-preparatifs-du-recensement-general-des-entreprises-en-bonne-voie\" \/>\n<meta property=\"og:site_name\" content=\"niger\" \/>\n<meta property=\"article:published_time\" content=\"2021-09-23T17:40:19+00:00\" \/>\n<meta property=\"article:modified_time\" content=\"2021-09-23T18:22:34+00:00\" \/>\n<meta property=\"og:image\" content=\"https:\/\/static.africa-press.net\/niger\/sites\/40\/2021\/09\/img-614cb86f6de6d.jpg\" \/>\n\t<meta property=\"og:image:width\" content=\"1080\" \/>\n\t<meta property=\"og:image:height\" content=\"720\" \/>\n\t<meta property=\"og:image:type\" content=\"image\/jpeg\" \/>\n<meta name=\"author\" content=\"cfeditorfr\" \/>\n<meta name=\"twitter:card\" content=\"summary_large_image\" \/>\n<meta name=\"twitter:label1\" content=\"\u00c9crit par\" \/>\n\t<meta name=\"twitter:data1\" content=\"cfeditorfr\" \/>\n\t<meta name=\"twitter:label2\" content=\"Dur\u00e9e de lecture estim\u00e9e\" \/>\n\t<meta name=\"twitter:data2\" content=\"2 minutes\" \/>\n<script type=\"application\/ld+json\" class=\"yoast-schema-graph\">{\"@context\":\"https:\/\/schema.org\",\"@graph\":[{\"@type\":\"Article\",\"@id\":\"https:\/\/www.africa-press.net\/niger\/economie\/niger-les-preparatifs-du-recensement-general-des-entreprises-en-bonne-voie#article\",\"isPartOf\":{\"@id\":\"https:\/\/www.africa-press.net\/niger\/economie\/niger-les-preparatifs-du-recensement-general-des-entreprises-en-bonne-voie\"},\"author\":{\"name\":\"cfeditorfr\",\"@id\":\"https:\/\/www.africa-press.net\/niger\/#\/schema\/person\/2b1cf3cd81a31e3cd26889ca66d677f1\"},\"headline\":\"Les pr\u00e9paratifs du Recensement G\u00e9n\u00e9ral des Entreprises en bonne voie\",\"datePublished\":\"2021-09-23T17:40:19+00:00\",\"dateModified\":\"2021-09-23T18:22:34+00:00\",\"mainEntityOfPage\":{\"@id\":\"https:\/\/www.africa-press.net\/niger\/economie\/niger-les-preparatifs-du-recensement-general-des-entreprises-en-bonne-voie\"},\"wordCount\":344,\"commentCount\":0,\"image\":{\"@id\":\"https:\/\/www.africa-press.net\/niger\/economie\/niger-les-preparatifs-du-recensement-general-des-entreprises-en-bonne-voie#primaryimage\"},\"thumbnailUrl\":\"https:\/\/static.africa-press.net\/niger\/sites\/40\/2021\/09\/img-614cb86f6de6d.jpg\",\"keywords\":[\"Africa Press\",\"Africa Press-Niger\",\"Niger\"],\"articleSection\":[\"\u00c9conomie\",\"homepage-french\",\"Toutes les actualit\u00e9s\"],\"inLanguage\":\"fr-FR\",\"potentialAction\":[{\"@type\":\"CommentAction\",\"name\":\"Comment\",\"target\":[\"https:\/\/www.africa-press.net\/niger\/economie\/niger-les-preparatifs-du-recensement-general-des-entreprises-en-bonne-voie#respond\"]}]},{\"@type\":\"WebPage\",\"@id\":\"https:\/\/www.africa-press.net\/niger\/economie\/niger-les-preparatifs-du-recensement-general-des-entreprises-en-bonne-voie\",\"url\":\"https:\/\/www.africa-press.net\/niger\/economie\/niger-les-preparatifs-du-recensement-general-des-entreprises-en-bonne-voie\",\"name\":\"Les pr\u00e9paratifs du Recensement G\u00e9n\u00e9ral des Entreprises en bonne voie - niger\",\"isPartOf\":{\"@id\":\"https:\/\/www.africa-press.net\/niger\/#website\"},\"primaryImageOfPage\":{\"@id\":\"https:\/\/www.africa-press.net\/niger\/economie\/niger-les-preparatifs-du-recensement-general-des-entreprises-en-bonne-voie#primaryimage\"},\"image\":{\"@id\":\"https:\/\/www.africa-press.net\/niger\/economie\/niger-les-preparatifs-du-recensement-general-des-entreprises-en-bonne-voie#primaryimage\"},\"thumbnailUrl\":\"https:\/\/static.africa-press.net\/niger\/sites\/40\/2021\/09\/img-614cb86f6de6d.jpg\",\"datePublished\":\"2021-09-23T17:40:19+00:00\",\"dateModified\":\"2021-09-23T18:22:34+00:00\",\"author\":{\"@id\":\"https:\/\/www.africa-press.net\/niger\/#\/schema\/person\/2b1cf3cd81a31e3cd26889ca66d677f1\"},\"description\":\", 23 Sept (ANP) - Au Niger, les pr\u00e9paratifs du Recensement G\u00e9n\u00e9ral des Entreprises (ReGEN) sont en bonne voie. C\u2019est ce ...\",\"breadcrumb\":{\"@id\":\"https:\/\/www.africa-press.net\/niger\/economie\/niger-les-preparatifs-du-recensement-general-des-entreprises-en-bonne-voie#breadcrumb\"},\"inLanguage\":\"fr-FR\",\"potentialAction\":[{\"@type\":\"ReadAction\",\"target\":[\"https:\/\/www.africa-press.net\/niger\/economie\/niger-les-preparatifs-du-recensement-general-des-entreprises-en-bonne-voie\"]}]},{\"@type\":\"ImageObject\",\"inLanguage\":\"fr-FR\",\"@id\":\"https:\/\/www.africa-press.net\/niger\/economie\/niger-les-preparatifs-du-recensement-general-des-entreprises-en-bonne-voie#primaryimage\",\"url\":\"https:\/\/static.africa-press.net\/niger\/sites\/40\/2021\/09\/img-614cb86f6de6d.jpg\",\"contentUrl\":\"https:\/\/static.africa-press.net\/niger\/sites\/40\/2021\/09\/img-614cb86f6de6d.jpg\",\"width\":1080,\"height\":720,\"caption\":\"Niger\u00a0: Les pr\u00e9paratifs du Recensement G\u00e9n\u00e9ral des Entreprises en bonne voie\"},{\"@type\":\"BreadcrumbList\",\"@id\":\"https:\/\/www.africa-press.net\/niger\/economie\/niger-les-preparatifs-du-recensement-general-des-entreprises-en-bonne-voie#breadcrumb\",\"itemListElement\":[{\"@type\":\"ListItem\",\"position\":1,\"name\":\"Accueil\",\"item\":\"https:\/\/www.africa-press.net\/niger\/\"},{\"@type\":\"ListItem\",\"position\":2,\"name\":\"Les pr\u00e9paratifs du Recensement G\u00e9n\u00e9ral des Entreprises en bonne voie\"}]},{\"@type\":\"WebSite\",\"@id\":\"https:\/\/www.africa-press.net\/niger\/#website\",\"url\":\"https:\/\/www.africa-press.net\/niger\/\",\"name\":\"niger\",\"description\":\"Just another Africa News Agency Sites site\",\"potentialAction\":[{\"@type\":\"SearchAction\",\"target\":{\"@type\":\"EntryPoint\",\"urlTemplate\":\"https:\/\/www.africa-press.net\/niger\/?s={search_term_string}\"},\"query-input\":{\"@type\":\"PropertyValueSpecification\",\"valueRequired\":true,\"valueName\":\"search_term_string\"}}],\"inLanguage\":\"fr-FR\"},{\"@type\":\"Person\",\"@id\":\"https:\/\/www.africa-press.net\/niger\/#\/schema\/person\/2b1cf3cd81a31e3cd26889ca66d677f1\",\"name\":\"cfeditorfr\"}]}<\/script>\n<!-- \/ Yoast SEO Premium plugin. -->","yoast_head_json":{"title":"Les pr\u00e9paratifs du Recensement G\u00e9n\u00e9ral des Entreprises en bonne voie - niger","description":", 23 Sept (ANP) - Au Niger, les pr\u00e9paratifs du Recensement G\u00e9n\u00e9ral des Entreprises (ReGEN) sont en bonne voie. C\u2019est ce ...","robots":{"index":"index","follow":"follow","max-snippet":"max-snippet:-1","max-image-preview":"max-image-preview:large","max-video-preview":"max-video-preview:-1"},"canonical":"https:\/\/www.africa-press.net\/niger\/economie\/niger-les-preparatifs-du-recensement-general-des-entreprises-en-bonne-voie","og_locale":"fr_FR","og_type":"article","og_title":"Les pr\u00e9paratifs du Recensement G\u00e9n\u00e9ral des Entreprises en bonne voie","og_description":", 23 Sept (ANP) - Au Niger, les pr\u00e9paratifs du Recensement G\u00e9n\u00e9ral des Entreprises (ReGEN) sont en bonne voie. C\u2019est ce ...","og_url":"https:\/\/www.africa-press.net\/niger\/economie\/niger-les-preparatifs-du-recensement-general-des-entreprises-en-bonne-voie","og_site_name":"niger","article_published_time":"2021-09-23T17:40:19+00:00","article_modified_time":"2021-09-23T18:22:34+00:00","og_image":[{"width":1080,"height":720,"url":"https:\/\/static.africa-press.net\/niger\/sites\/40\/2021\/09\/img-614cb86f6de6d.jpg","type":"image\/jpeg"}],"author":"cfeditorfr","twitter_card":"summary_large_image","twitter_misc":{"\u00c9crit par":"cfeditorfr","Dur\u00e9e de lecture estim\u00e9e":"2 minutes"},"schema":{"@context":"https:\/\/schema.org","@graph":[{"@type":"Article","@id":"https:\/\/www.africa-press.net\/niger\/economie\/niger-les-preparatifs-du-recensement-general-des-entreprises-en-bonne-voie#article","isPartOf":{"@id":"https:\/\/www.africa-press.net\/niger\/economie\/niger-les-preparatifs-du-recensement-general-des-entreprises-en-bonne-voie"},"author":{"name":"cfeditorfr","@id":"https:\/\/www.africa-press.net\/niger\/#\/schema\/person\/2b1cf3cd81a31e3cd26889ca66d677f1"},"headline":"Les pr\u00e9paratifs du Recensement G\u00e9n\u00e9ral des Entreprises en bonne voie","datePublished":"2021-09-23T17:40:19+00:00","dateModified":"2021-09-23T18:22:34+00:00","mainEntityOfPage":{"@id":"https:\/\/www.africa-press.net\/niger\/economie\/niger-les-preparatifs-du-recensement-general-des-entreprises-en-bonne-voie"},"wordCount":344,"commentCount":0,"image":{"@id":"https:\/\/www.africa-press.net\/niger\/economie\/niger-les-preparatifs-du-recensement-general-des-entreprises-en-bonne-voie#primaryimage"},"thumbnailUrl":"https:\/\/static.africa-press.net\/niger\/sites\/40\/2021\/09\/img-614cb86f6de6d.jpg","keywords":["Africa Press","Africa Press-Niger","Niger"],"articleSection":["\u00c9conomie","homepage-french","Toutes les actualit\u00e9s"],"inLanguage":"fr-FR","potentialAction":[{"@type":"CommentAction","name":"Comment","target":["https:\/\/www.africa-press.net\/niger\/economie\/niger-les-preparatifs-du-recensement-general-des-entreprises-en-bonne-voie#respond"]}]},{"@type":"WebPage","@id":"https:\/\/www.africa-press.net\/niger\/economie\/niger-les-preparatifs-du-recensement-general-des-entreprises-en-bonne-voie","url":"https:\/\/www.africa-press.net\/niger\/economie\/niger-les-preparatifs-du-recensement-general-des-entreprises-en-bonne-voie","name":"Les pr\u00e9paratifs du Recensement G\u00e9n\u00e9ral des Entreprises en bonne voie - niger","isPartOf":{"@id":"https:\/\/www.africa-press.net\/niger\/#website"},"primaryImageOfPage":{"@id":"https:\/\/www.africa-press.net\/niger\/economie\/niger-les-preparatifs-du-recensement-general-des-entreprises-en-bonne-voie#primaryimage"},"image":{"@id":"https:\/\/www.africa-press.net\/niger\/economie\/niger-les-preparatifs-du-recensement-general-des-entreprises-en-bonne-voie#primaryimage"},"thumbnailUrl":"https:\/\/static.africa-press.net\/niger\/sites\/40\/2021\/09\/img-614cb86f6de6d.jpg","datePublished":"2021-09-23T17:40:19+00:00","dateModified":"2021-09-23T18:22:34+00:00","author":{"@id":"https:\/\/www.africa-press.net\/niger\/#\/schema\/person\/2b1cf3cd81a31e3cd26889ca66d677f1"},"description":", 23 Sept (ANP) - Au Niger, les pr\u00e9paratifs du Recensement G\u00e9n\u00e9ral des Entreprises (ReGEN) sont en bonne voie. C\u2019est ce ...","breadcrumb":{"@id":"https:\/\/www.africa-press.net\/niger\/economie\/niger-les-preparatifs-du-recensement-general-des-entreprises-en-bonne-voie#breadcrumb"},"inLanguage":"fr-FR","potentialAction":[{"@type":"ReadAction","target":["https:\/\/www.africa-press.net\/niger\/economie\/niger-les-preparatifs-du-recensement-general-des-entreprises-en-bonne-voie"]}]},{"@type":"ImageObject","inLanguage":"fr-FR","@id":"https:\/\/www.africa-press.net\/niger\/economie\/niger-les-preparatifs-du-recensement-general-des-entreprises-en-bonne-voie#primaryimage","url":"https:\/\/static.africa-press.net\/niger\/sites\/40\/2021\/09\/img-614cb86f6de6d.jpg","contentUrl":"https:\/\/static.africa-press.net\/niger\/sites\/40\/2021\/09\/img-614cb86f6de6d.jpg","width":1080,"height":720,"caption":"Niger\u00a0: Les pr\u00e9paratifs du Recensement G\u00e9n\u00e9ral des Entreprises en bonne voie"},{"@type":"BreadcrumbList","@id":"https:\/\/www.africa-press.net\/niger\/economie\/niger-les-preparatifs-du-recensement-general-des-entreprises-en-bonne-voie#breadcrumb","itemListElement":[{"@type":"ListItem","position":1,"name":"Accueil","item":"https:\/\/www.africa-press.net\/niger\/"},{"@type":"ListItem","position":2,"name":"Les pr\u00e9paratifs du Recensement G\u00e9n\u00e9ral des Entreprises en bonne voie"}]},{"@type":"WebSite","@id":"https:\/\/www.africa-press.net\/niger\/#website","url":"https:\/\/www.africa-press.net\/niger\/","name":"niger","description":"Just another Africa News Agency Sites site","potentialAction":[{"@type":"SearchAction","target":{"@type":"EntryPoint","urlTemplate":"https:\/\/www.africa-press.net\/niger\/?s={search_term_string}"},"query-input":{"@type":"PropertyValueSpecification","valueRequired":true,"valueName":"search_term_string"}}],"inLanguage":"fr-FR"},{"@type":"Person","@id":"https:\/\/www.africa-press.net\/niger\/#\/schema\/person\/2b1cf3cd81a31e3cd26889ca66d677f1","name":"cfeditorfr"}]}},"_links":{"self":[{"href":"https:\/\/www.africa-press.net\/niger\/wp-json\/wp\/v2\/posts\/12320","targetHints":{"allow":["GET"]}}],"collection":[{"href":"https:\/\/www.africa-press.net\/niger\/wp-json\/wp\/v2\/posts"}],"about":[{"href":"https:\/\/www.africa-press.net\/niger\/wp-json\/wp\/v2\/types\/post"}],"author":[{"embeddable":true,"href":"https:\/\/www.africa-press.net\/niger\/wp-json\/wp\/v2\/users\/82"}],"replies":[{"embeddable":true,"href":"https:\/\/www.africa-press.net\/niger\/wp-json\/wp\/v2\/comments?post=12320"}],"version-history":[{"count":0,"href":"https:\/\/www.africa-press.net\/niger\/wp-json\/wp\/v2\/posts\/12320\/revisions"}],"wp:featuredmedia":[{"embeddable":true,"href":"https:\/\/www.africa-press.net\/niger\/wp-json\/wp\/v2\/media\/12319"}],"wp:attachment":[{"href":"https:\/\/www.africa-press.net\/niger\/wp-json\/wp\/v2\/media?parent=12320"}],"wp:term":[{"taxonomy":"category","embeddable":true,"href":"https:\/\/www.africa-press.net\/niger\/wp-json\/wp\/v2\/categories?post=12320"},{"taxonomy":"post_tag","embeddable":true,"href":"https:\/\/www.africa-press.net\/niger\/wp-json\/wp\/v2\/tags?post=12320"}],"curies":[{"name":"wp","href":"https:\/\/api.w.org\/{rel}","templated":true}]}}