{"id":12323,"date":"2021-09-23T17:52:01","date_gmt":"2021-09-23T17:52:01","guid":{"rendered":"https:\/\/www.africa-press.net\/niger\/?p=12323"},"modified":"2021-09-23T18:23:19","modified_gmt":"2021-09-23T18:23:19","slug":"niger-le-csc-et-loif-signent-une-convention-detablissement-dune-radio-dediee-a-la-jeunesse-du-sahel-rjs-antenne-niger","status":"publish","type":"post","link":"https:\/\/www.africa-press.net\/niger\/culture-et-art\/niger-le-csc-et-loif-signent-une-convention-detablissement-dune-radio-dediee-a-la-jeunesse-du-sahel-rjs-antenne-niger","title":{"rendered":"Le CSC et l\u2019OIF signent une convention d\u2019\u00e9tablissement d\u2019une Radio d\u00e9di\u00e9e \u00e0 la Jeunesse du Sahel (RJS-antenne Niger)"},"content":{"rendered":"<p><span style=\"color: #ff6600\"><strong><a href=\"https:\/\/www.africa-press.net\/\">Africa-Press<\/a> &#8211; <a href=\"https:\/\/www.africa-press.net\/niger\">Niger<\/a>. <\/strong><\/span>Le pr\u00e9sident du Conseil Sup\u00e9rieur de la Communication du Niger, Dr. Sani Kabir et le conseiller sp\u00e9cial de la secr\u00e9taire g\u00e9n\u00e9rale de la Francophonie, M. D\u00e9sir\u00e9 Nyaruhirira, ont proc\u00e9d\u00e9, ce jeudi 23 septembre 2021 \u00e0 Niamey, \u00e0 la signature d\u2019une convention d\u2019\u00e9tablissement de la Radio Jeunesse Sahel (RJS-antenne Niger).<\/p>\n<p>Ce projet, note-t-on, est une initiative de l\u2019OIF avec un cofinancement de l\u2019Union Europ\u00e9enne et en partenariat avec le G65 Sahel dont le sommet de Nouakchott, tenu en 2019 sous la pr\u00e9sidence du Niger, a act\u00e9 officiellement la d\u00e9cision de cr\u00e9er Radio Jeunesse Sahel.<\/p>\n<p>Cette radio \u00e9mettra avec un programme r\u00e9gional commun aux 5 pays du G5 Sahel et des d\u00e9crochages nationaux et diffusera ses programmes en fran\u00e7ais, en arabe, en haoussa, en peulh, en bambara et moor\u00e9.<\/p>\n<p>Apr\u00e8s le Burkina Fao, le Mali et le Tchad en avril et aout derniers et en attendant la Mauritanie, le Niger, \u00e0 son tour, embo\u00eete le pas et mettra en onde avant la fin de l\u2019ann\u00e9e l\u2019antenne de RJS.<\/p>\n<p>La Radio Jeunesse Sahel (RJS) vise, \u00e0 travers ses \u00e9missions, \u00e0 favoriser le vivre ensemble et une vision constructive de l\u2019avenir en offrant aux jeunes \u00e0 la fois un sens d\u2019appropriation de leur avenir , le reflet de leur r\u00e9alit\u00e9 et un contenu authentique , cr\u00e9dible , fiable et inspirant.<\/p>\n<p>En pr\u00e9sidant la c\u00e9r\u00e9monie, le ministre de la communication, M. Zada Mahamadou a expliqu\u00e9 que \u2018\u2019ce projet est le fruit d\u2019une volont\u00e9 politique forte de nos Etats , une belle d\u00e9dicace de nos plus hautes autorit\u00e9s \u00e0 notre jeunesse , en vue de relever , ensemble , les d\u00e9fis majeurs qui sont les siens, principalement la lutte contre le ch\u00f4mage et le d\u00e9s\u0153uvrement, deux maux qui font de nos jeunes un terreau fertile pour toute sorte de mouvement de r\u00e9cup\u00e9ration dans ce contexte d\u2019ins\u00e9curit\u00e9 qui caract\u00e9rise la zone du G5-Sahel\u2019\u2019.<\/p>\n<p>Le Ministre en charge de la communication de rassurer aussi, en retour l\u2019OIF, \u2018\u2019de la d\u00e9termination du Niger \u00e0 remplir ses engagements, \u00e0 savoir la signature d\u00e9sormais effective de la convention d\u2019\u00e9tablissement de RJS rapidement dot\u00e9e de sa propre fr\u00e9quence et dans les plus brefs d\u00e9lais \u00e9galement l\u2019affectation d\u2019un local et la prise des dispositions n\u00e9cessaires en termes de garanties s\u00e9curitaires\u2019\u2019.<\/p>\n<p>Dans son intervention, l\u2019Ambassadeur D\u00e9sir\u00e9 Nyaruhirira a rappel\u00e9 que dans le cadre de la mise en \u0153uvre de ce projet, \u2018\u2019l\u2019OIF a souhait\u00e9 un partenariat d\u2019action avec le G5 sahel\u2019\u2019.<\/p>\n<p>\u2018\u2019Je dois ici relever la qualit\u00e9 de ce partenariat et \u00e9galement la mobilisation des points focaux nationaux d\u00e9sign\u00e9s par chacun des Etats couverts par le projet\u2019\u2019 s\u2019est-il r\u00e9jouit avant de faire comprendre que \u2018\u2019les jeunes de 15 \u00e0 35 ans repr\u00e9sentent la cible des auditeurs de cette radio transnationale\u2019\u2019.<\/p>\n<p>En paraphant les documents y aff\u00e9rents, le pr\u00e9sident du CSC a mentionn\u00e9 l\u2019importance de cette radio dans l\u2019unification de la jeunesse du sahel, et a, par la suite, rassur\u00e9 l\u2019OIF de \u2018\u2019la disponibilit\u00e9 des plus hautes autorit\u00e9s du Niger \u00e0 lancer, dans un plus bref d\u00e9lai les activit\u00e9s de cette radio\u2019\u2019.<\/p>\n<p>\u2018\u2019Vous sortirez de cette salle avec votre fr\u00e9quence en main\u2019\u2019 a-t-il lanc\u00e9 \u00e0 l\u2019endroit de la d\u00e9l\u00e9gation de l\u2019OIF.<\/p>\n<p>Peu apr\u00e8s la c\u00e9r\u00e9monie, le conseiller sp\u00e9cial de Mme. Louise Mushikiwabo, la secr\u00e9taire g\u00e9n\u00e9rale de l\u2019OIF a, dans un point de presse, indiqu\u00e9 que sa visite au Niger rentre dans le cadre de la signature d\u2019une convention d\u2019\u00e9tablissement de la RJS avant de donner plus d\u2019\u00e9claircissements sur ledit projet.<\/p>\n<p>La rencontre s\u2019est d\u00e9roul\u00e9e en pr\u00e9sence notamment du Secr\u00e9taire g\u00e9n\u00e9ral et de l\u2019Inspecteur g\u00e9n\u00e9ral des Services du minist\u00e8re de la communication.<\/p>\n<p>Les conseillers techniques, les Directeurs Centraux et les inspecteurs de Service, ainsi que les Directeurs G\u00e9n\u00e9raux des Structures sous tutelle ont aussi pris part \u00e0 la c\u00e9r\u00e9monie.<\/p>\n","protected":false},"excerpt":{"rendered":"<p>Africa-Press &#8211; Niger. Le pr\u00e9sident du Conseil Sup\u00e9rieur de la Communication du Niger, Dr. Sani Kabir et le conseiller sp\u00e9cial de la secr\u00e9taire g\u00e9n\u00e9rale de la Francophonie, M. D\u00e9sir\u00e9 Nyaruhirira, ont proc\u00e9d\u00e9, ce jeudi 23 septembre 2021 \u00e0 Niamey, \u00e0 la signature d\u2019une convention d\u2019\u00e9tablissement de la Radio Jeunesse Sahel (RJS-antenne Niger). Ce projet, note-t-on, [&hellip;]<\/p>\n","protected":false},"author":82,"featured_media":12322,"comment_status":"open","ping_status":"closed","sticky":false,"template":"","format":"standard","meta":{"footnotes":""},"categories":[5,11,20,10],"tags":[55,60,29],"class_list":["post-12323","post","type-post","status-publish","format-standard","has-post-thumbnail","hentry","category-culture-et-art","category-homepage-french","category-top-nouvelles","category-toutes-les-actualites","tag-africa-press","tag-africa-press-niger","tag-niger"],"yoast_head":"<!-- This site is optimized with the Yoast SEO Premium plugin v26.1 (Yoast SEO v27.0) - https:\/\/yoast.com\/product\/yoast-seo-premium-wordpress\/ -->\n<title>Le CSC et l\u2019OIF signent une convention d\u2019\u00e9tablissement d\u2019une Radio d\u00e9di\u00e9e \u00e0 la Jeunesse du Sahel (RJS-antenne Niger) - niger<\/title>\n<meta name=\"description\" content=\", 23 Sept(ANP)-Le pr\u00e9sident du Conseil Sup\u00e9rieur de la Communication du Niger, Dr. Sani Kabir et le conseiller sp\u00e9cial d ...\" \/>\n<meta name=\"robots\" content=\"index, follow, max-snippet:-1, max-image-preview:large, max-video-preview:-1\" \/>\n<link rel=\"canonical\" href=\"https:\/\/www.africa-press.net\/niger\/culture-et-art\/niger-le-csc-et-loif-signent-une-convention-detablissement-dune-radio-dediee-a-la-jeunesse-du-sahel-rjs-antenne-niger\" \/>\n<meta property=\"og:locale\" content=\"fr_FR\" \/>\n<meta property=\"og:type\" content=\"article\" \/>\n<meta property=\"og:title\" content=\"Le CSC et l\u2019OIF signent une convention d\u2019\u00e9tablissement d\u2019une Radio d\u00e9di\u00e9e \u00e0 la Jeunesse du Sahel (RJS-antenne Niger)\" \/>\n<meta property=\"og:description\" content=\", 23 Sept(ANP)-Le pr\u00e9sident du Conseil Sup\u00e9rieur de la Communication du Niger, Dr. Sani Kabir et le conseiller sp\u00e9cial d ...\" \/>\n<meta property=\"og:url\" content=\"https:\/\/www.africa-press.net\/niger\/culture-et-art\/niger-le-csc-et-loif-signent-une-convention-detablissement-dune-radio-dediee-a-la-jeunesse-du-sahel-rjs-antenne-niger\" \/>\n<meta property=\"og:site_name\" content=\"niger\" \/>\n<meta property=\"article:published_time\" content=\"2021-09-23T17:52:01+00:00\" \/>\n<meta property=\"article:modified_time\" content=\"2021-09-23T18:23:19+00:00\" \/>\n<meta property=\"og:image\" content=\"https:\/\/static.africa-press.net\/niger\/sites\/40\/2021\/09\/img-614cb899eae9b.jpg\" \/>\n\t<meta property=\"og:image:width\" content=\"1920\" \/>\n\t<meta property=\"og:image:height\" content=\"1280\" \/>\n\t<meta property=\"og:image:type\" content=\"image\/jpeg\" \/>\n<meta name=\"author\" content=\"cfeditorfr\" \/>\n<meta name=\"twitter:card\" content=\"summary_large_image\" \/>\n<meta name=\"twitter:label1\" content=\"\u00c9crit par\" \/>\n\t<meta name=\"twitter:data1\" content=\"cfeditorfr\" \/>\n\t<meta name=\"twitter:label2\" content=\"Dur\u00e9e de lecture estim\u00e9e\" \/>\n\t<meta name=\"twitter:data2\" content=\"3 minutes\" \/>\n<script type=\"application\/ld+json\" class=\"yoast-schema-graph\">{\"@context\":\"https:\/\/schema.org\",\"@graph\":[{\"@type\":\"Article\",\"@id\":\"https:\/\/www.africa-press.net\/niger\/culture-et-art\/niger-le-csc-et-loif-signent-une-convention-detablissement-dune-radio-dediee-a-la-jeunesse-du-sahel-rjs-antenne-niger#article\",\"isPartOf\":{\"@id\":\"https:\/\/www.africa-press.net\/niger\/culture-et-art\/niger-le-csc-et-loif-signent-une-convention-detablissement-dune-radio-dediee-a-la-jeunesse-du-sahel-rjs-antenne-niger\"},\"author\":{\"name\":\"cfeditorfr\",\"@id\":\"https:\/\/www.africa-press.net\/niger\/#\/schema\/person\/2b1cf3cd81a31e3cd26889ca66d677f1\"},\"headline\":\"Le CSC et l\u2019OIF signent une convention d\u2019\u00e9tablissement d\u2019une Radio d\u00e9di\u00e9e \u00e0 la Jeunesse du Sahel (RJS-antenne Niger)\",\"datePublished\":\"2021-09-23T17:52:01+00:00\",\"dateModified\":\"2021-09-23T18:23:19+00:00\",\"mainEntityOfPage\":{\"@id\":\"https:\/\/www.africa-press.net\/niger\/culture-et-art\/niger-le-csc-et-loif-signent-une-convention-detablissement-dune-radio-dediee-a-la-jeunesse-du-sahel-rjs-antenne-niger\"},\"wordCount\":715,\"commentCount\":0,\"image\":{\"@id\":\"https:\/\/www.africa-press.net\/niger\/culture-et-art\/niger-le-csc-et-loif-signent-une-convention-detablissement-dune-radio-dediee-a-la-jeunesse-du-sahel-rjs-antenne-niger#primaryimage\"},\"thumbnailUrl\":\"https:\/\/static.africa-press.net\/niger\/sites\/40\/2021\/09\/img-614cb899eae9b.jpg\",\"keywords\":[\"Africa Press\",\"Africa Press-Niger\",\"Niger\"],\"articleSection\":[\"Culture et Art\",\"homepage-french\",\"Top Nouvelles\",\"Toutes les actualit\u00e9s\"],\"inLanguage\":\"fr-FR\",\"potentialAction\":[{\"@type\":\"CommentAction\",\"name\":\"Comment\",\"target\":[\"https:\/\/www.africa-press.net\/niger\/culture-et-art\/niger-le-csc-et-loif-signent-une-convention-detablissement-dune-radio-dediee-a-la-jeunesse-du-sahel-rjs-antenne-niger#respond\"]}]},{\"@type\":\"WebPage\",\"@id\":\"https:\/\/www.africa-press.net\/niger\/culture-et-art\/niger-le-csc-et-loif-signent-une-convention-detablissement-dune-radio-dediee-a-la-jeunesse-du-sahel-rjs-antenne-niger\",\"url\":\"https:\/\/www.africa-press.net\/niger\/culture-et-art\/niger-le-csc-et-loif-signent-une-convention-detablissement-dune-radio-dediee-a-la-jeunesse-du-sahel-rjs-antenne-niger\",\"name\":\"Le CSC et l\u2019OIF signent une convention d\u2019\u00e9tablissement d\u2019une Radio d\u00e9di\u00e9e \u00e0 la Jeunesse du Sahel (RJS-antenne Niger) - niger\",\"isPartOf\":{\"@id\":\"https:\/\/www.africa-press.net\/niger\/#website\"},\"primaryImageOfPage\":{\"@id\":\"https:\/\/www.africa-press.net\/niger\/culture-et-art\/niger-le-csc-et-loif-signent-une-convention-detablissement-dune-radio-dediee-a-la-jeunesse-du-sahel-rjs-antenne-niger#primaryimage\"},\"image\":{\"@id\":\"https:\/\/www.africa-press.net\/niger\/culture-et-art\/niger-le-csc-et-loif-signent-une-convention-detablissement-dune-radio-dediee-a-la-jeunesse-du-sahel-rjs-antenne-niger#primaryimage\"},\"thumbnailUrl\":\"https:\/\/static.africa-press.net\/niger\/sites\/40\/2021\/09\/img-614cb899eae9b.jpg\",\"datePublished\":\"2021-09-23T17:52:01+00:00\",\"dateModified\":\"2021-09-23T18:23:19+00:00\",\"author\":{\"@id\":\"https:\/\/www.africa-press.net\/niger\/#\/schema\/person\/2b1cf3cd81a31e3cd26889ca66d677f1\"},\"description\":\", 23 Sept(ANP)-Le pr\u00e9sident du Conseil Sup\u00e9rieur de la Communication du Niger, Dr. Sani Kabir et le conseiller sp\u00e9cial d ...\",\"breadcrumb\":{\"@id\":\"https:\/\/www.africa-press.net\/niger\/culture-et-art\/niger-le-csc-et-loif-signent-une-convention-detablissement-dune-radio-dediee-a-la-jeunesse-du-sahel-rjs-antenne-niger#breadcrumb\"},\"inLanguage\":\"fr-FR\",\"potentialAction\":[{\"@type\":\"ReadAction\",\"target\":[\"https:\/\/www.africa-press.net\/niger\/culture-et-art\/niger-le-csc-et-loif-signent-une-convention-detablissement-dune-radio-dediee-a-la-jeunesse-du-sahel-rjs-antenne-niger\"]}]},{\"@type\":\"ImageObject\",\"inLanguage\":\"fr-FR\",\"@id\":\"https:\/\/www.africa-press.net\/niger\/culture-et-art\/niger-le-csc-et-loif-signent-une-convention-detablissement-dune-radio-dediee-a-la-jeunesse-du-sahel-rjs-antenne-niger#primaryimage\",\"url\":\"https:\/\/static.africa-press.net\/niger\/sites\/40\/2021\/09\/img-614cb899eae9b.jpg\",\"contentUrl\":\"https:\/\/static.africa-press.net\/niger\/sites\/40\/2021\/09\/img-614cb899eae9b.jpg\",\"width\":1920,\"height\":1280,\"caption\":\"Niger\u00a0: Le CSC et l\u2019OIF signent une convention d\u2019\u00e9tablissement d\u2019une Radio d\u00e9di\u00e9e \u00e0 la Jeunesse du Sahel (RJS-antenne Niger)\"},{\"@type\":\"BreadcrumbList\",\"@id\":\"https:\/\/www.africa-press.net\/niger\/culture-et-art\/niger-le-csc-et-loif-signent-une-convention-detablissement-dune-radio-dediee-a-la-jeunesse-du-sahel-rjs-antenne-niger#breadcrumb\",\"itemListElement\":[{\"@type\":\"ListItem\",\"position\":1,\"name\":\"Accueil\",\"item\":\"https:\/\/www.africa-press.net\/niger\/\"},{\"@type\":\"ListItem\",\"position\":2,\"name\":\"Le CSC et l\u2019OIF signent une convention d\u2019\u00e9tablissement d\u2019une Radio d\u00e9di\u00e9e \u00e0 la Jeunesse du Sahel (RJS-antenne Niger)\"}]},{\"@type\":\"WebSite\",\"@id\":\"https:\/\/www.africa-press.net\/niger\/#website\",\"url\":\"https:\/\/www.africa-press.net\/niger\/\",\"name\":\"niger\",\"description\":\"Just another Africa News Agency Sites site\",\"potentialAction\":[{\"@type\":\"SearchAction\",\"target\":{\"@type\":\"EntryPoint\",\"urlTemplate\":\"https:\/\/www.africa-press.net\/niger\/?s={search_term_string}\"},\"query-input\":{\"@type\":\"PropertyValueSpecification\",\"valueRequired\":true,\"valueName\":\"search_term_string\"}}],\"inLanguage\":\"fr-FR\"},{\"@type\":\"Person\",\"@id\":\"https:\/\/www.africa-press.net\/niger\/#\/schema\/person\/2b1cf3cd81a31e3cd26889ca66d677f1\",\"name\":\"cfeditorfr\"}]}<\/script>\n<!-- \/ Yoast SEO Premium plugin. -->","yoast_head_json":{"title":"Le CSC et l\u2019OIF signent une convention d\u2019\u00e9tablissement d\u2019une Radio d\u00e9di\u00e9e \u00e0 la Jeunesse du Sahel (RJS-antenne Niger) - niger","description":", 23 Sept(ANP)-Le pr\u00e9sident du Conseil Sup\u00e9rieur de la Communication du Niger, Dr. Sani Kabir et le conseiller sp\u00e9cial d ...","robots":{"index":"index","follow":"follow","max-snippet":"max-snippet:-1","max-image-preview":"max-image-preview:large","max-video-preview":"max-video-preview:-1"},"canonical":"https:\/\/www.africa-press.net\/niger\/culture-et-art\/niger-le-csc-et-loif-signent-une-convention-detablissement-dune-radio-dediee-a-la-jeunesse-du-sahel-rjs-antenne-niger","og_locale":"fr_FR","og_type":"article","og_title":"Le CSC et l\u2019OIF signent une convention d\u2019\u00e9tablissement d\u2019une Radio d\u00e9di\u00e9e \u00e0 la Jeunesse du Sahel (RJS-antenne Niger)","og_description":", 23 Sept(ANP)-Le pr\u00e9sident du Conseil Sup\u00e9rieur de la Communication du Niger, Dr. Sani Kabir et le conseiller sp\u00e9cial d ...","og_url":"https:\/\/www.africa-press.net\/niger\/culture-et-art\/niger-le-csc-et-loif-signent-une-convention-detablissement-dune-radio-dediee-a-la-jeunesse-du-sahel-rjs-antenne-niger","og_site_name":"niger","article_published_time":"2021-09-23T17:52:01+00:00","article_modified_time":"2021-09-23T18:23:19+00:00","og_image":[{"width":1920,"height":1280,"url":"https:\/\/static.africa-press.net\/niger\/sites\/40\/2021\/09\/img-614cb899eae9b.jpg","type":"image\/jpeg"}],"author":"cfeditorfr","twitter_card":"summary_large_image","twitter_misc":{"\u00c9crit par":"cfeditorfr","Dur\u00e9e de lecture estim\u00e9e":"3 minutes"},"schema":{"@context":"https:\/\/schema.org","@graph":[{"@type":"Article","@id":"https:\/\/www.africa-press.net\/niger\/culture-et-art\/niger-le-csc-et-loif-signent-une-convention-detablissement-dune-radio-dediee-a-la-jeunesse-du-sahel-rjs-antenne-niger#article","isPartOf":{"@id":"https:\/\/www.africa-press.net\/niger\/culture-et-art\/niger-le-csc-et-loif-signent-une-convention-detablissement-dune-radio-dediee-a-la-jeunesse-du-sahel-rjs-antenne-niger"},"author":{"name":"cfeditorfr","@id":"https:\/\/www.africa-press.net\/niger\/#\/schema\/person\/2b1cf3cd81a31e3cd26889ca66d677f1"},"headline":"Le CSC et l\u2019OIF signent une convention d\u2019\u00e9tablissement d\u2019une Radio d\u00e9di\u00e9e \u00e0 la Jeunesse du Sahel (RJS-antenne Niger)","datePublished":"2021-09-23T17:52:01+00:00","dateModified":"2021-09-23T18:23:19+00:00","mainEntityOfPage":{"@id":"https:\/\/www.africa-press.net\/niger\/culture-et-art\/niger-le-csc-et-loif-signent-une-convention-detablissement-dune-radio-dediee-a-la-jeunesse-du-sahel-rjs-antenne-niger"},"wordCount":715,"commentCount":0,"image":{"@id":"https:\/\/www.africa-press.net\/niger\/culture-et-art\/niger-le-csc-et-loif-signent-une-convention-detablissement-dune-radio-dediee-a-la-jeunesse-du-sahel-rjs-antenne-niger#primaryimage"},"thumbnailUrl":"https:\/\/static.africa-press.net\/niger\/sites\/40\/2021\/09\/img-614cb899eae9b.jpg","keywords":["Africa Press","Africa Press-Niger","Niger"],"articleSection":["Culture et Art","homepage-french","Top Nouvelles","Toutes les actualit\u00e9s"],"inLanguage":"fr-FR","potentialAction":[{"@type":"CommentAction","name":"Comment","target":["https:\/\/www.africa-press.net\/niger\/culture-et-art\/niger-le-csc-et-loif-signent-une-convention-detablissement-dune-radio-dediee-a-la-jeunesse-du-sahel-rjs-antenne-niger#respond"]}]},{"@type":"WebPage","@id":"https:\/\/www.africa-press.net\/niger\/culture-et-art\/niger-le-csc-et-loif-signent-une-convention-detablissement-dune-radio-dediee-a-la-jeunesse-du-sahel-rjs-antenne-niger","url":"https:\/\/www.africa-press.net\/niger\/culture-et-art\/niger-le-csc-et-loif-signent-une-convention-detablissement-dune-radio-dediee-a-la-jeunesse-du-sahel-rjs-antenne-niger","name":"Le CSC et l\u2019OIF signent une convention d\u2019\u00e9tablissement d\u2019une Radio d\u00e9di\u00e9e \u00e0 la Jeunesse du Sahel (RJS-antenne Niger) - niger","isPartOf":{"@id":"https:\/\/www.africa-press.net\/niger\/#website"},"primaryImageOfPage":{"@id":"https:\/\/www.africa-press.net\/niger\/culture-et-art\/niger-le-csc-et-loif-signent-une-convention-detablissement-dune-radio-dediee-a-la-jeunesse-du-sahel-rjs-antenne-niger#primaryimage"},"image":{"@id":"https:\/\/www.africa-press.net\/niger\/culture-et-art\/niger-le-csc-et-loif-signent-une-convention-detablissement-dune-radio-dediee-a-la-jeunesse-du-sahel-rjs-antenne-niger#primaryimage"},"thumbnailUrl":"https:\/\/static.africa-press.net\/niger\/sites\/40\/2021\/09\/img-614cb899eae9b.jpg","datePublished":"2021-09-23T17:52:01+00:00","dateModified":"2021-09-23T18:23:19+00:00","author":{"@id":"https:\/\/www.africa-press.net\/niger\/#\/schema\/person\/2b1cf3cd81a31e3cd26889ca66d677f1"},"description":", 23 Sept(ANP)-Le pr\u00e9sident du Conseil Sup\u00e9rieur de la Communication du Niger, Dr. Sani Kabir et le conseiller sp\u00e9cial d ...","breadcrumb":{"@id":"https:\/\/www.africa-press.net\/niger\/culture-et-art\/niger-le-csc-et-loif-signent-une-convention-detablissement-dune-radio-dediee-a-la-jeunesse-du-sahel-rjs-antenne-niger#breadcrumb"},"inLanguage":"fr-FR","potentialAction":[{"@type":"ReadAction","target":["https:\/\/www.africa-press.net\/niger\/culture-et-art\/niger-le-csc-et-loif-signent-une-convention-detablissement-dune-radio-dediee-a-la-jeunesse-du-sahel-rjs-antenne-niger"]}]},{"@type":"ImageObject","inLanguage":"fr-FR","@id":"https:\/\/www.africa-press.net\/niger\/culture-et-art\/niger-le-csc-et-loif-signent-une-convention-detablissement-dune-radio-dediee-a-la-jeunesse-du-sahel-rjs-antenne-niger#primaryimage","url":"https:\/\/static.africa-press.net\/niger\/sites\/40\/2021\/09\/img-614cb899eae9b.jpg","contentUrl":"https:\/\/static.africa-press.net\/niger\/sites\/40\/2021\/09\/img-614cb899eae9b.jpg","width":1920,"height":1280,"caption":"Niger\u00a0: Le CSC et l\u2019OIF signent une convention d\u2019\u00e9tablissement d\u2019une Radio d\u00e9di\u00e9e \u00e0 la Jeunesse du Sahel (RJS-antenne Niger)"},{"@type":"BreadcrumbList","@id":"https:\/\/www.africa-press.net\/niger\/culture-et-art\/niger-le-csc-et-loif-signent-une-convention-detablissement-dune-radio-dediee-a-la-jeunesse-du-sahel-rjs-antenne-niger#breadcrumb","itemListElement":[{"@type":"ListItem","position":1,"name":"Accueil","item":"https:\/\/www.africa-press.net\/niger\/"},{"@type":"ListItem","position":2,"name":"Le CSC et l\u2019OIF signent une convention d\u2019\u00e9tablissement d\u2019une Radio d\u00e9di\u00e9e \u00e0 la Jeunesse du Sahel (RJS-antenne Niger)"}]},{"@type":"WebSite","@id":"https:\/\/www.africa-press.net\/niger\/#website","url":"https:\/\/www.africa-press.net\/niger\/","name":"niger","description":"Just another Africa News Agency Sites site","potentialAction":[{"@type":"SearchAction","target":{"@type":"EntryPoint","urlTemplate":"https:\/\/www.africa-press.net\/niger\/?s={search_term_string}"},"query-input":{"@type":"PropertyValueSpecification","valueRequired":true,"valueName":"search_term_string"}}],"inLanguage":"fr-FR"},{"@type":"Person","@id":"https:\/\/www.africa-press.net\/niger\/#\/schema\/person\/2b1cf3cd81a31e3cd26889ca66d677f1","name":"cfeditorfr"}]}},"_links":{"self":[{"href":"https:\/\/www.africa-press.net\/niger\/wp-json\/wp\/v2\/posts\/12323","targetHints":{"allow":["GET"]}}],"collection":[{"href":"https:\/\/www.africa-press.net\/niger\/wp-json\/wp\/v2\/posts"}],"about":[{"href":"https:\/\/www.africa-press.net\/niger\/wp-json\/wp\/v2\/types\/post"}],"author":[{"embeddable":true,"href":"https:\/\/www.africa-press.net\/niger\/wp-json\/wp\/v2\/users\/82"}],"replies":[{"embeddable":true,"href":"https:\/\/www.africa-press.net\/niger\/wp-json\/wp\/v2\/comments?post=12323"}],"version-history":[{"count":0,"href":"https:\/\/www.africa-press.net\/niger\/wp-json\/wp\/v2\/posts\/12323\/revisions"}],"wp:featuredmedia":[{"embeddable":true,"href":"https:\/\/www.africa-press.net\/niger\/wp-json\/wp\/v2\/media\/12322"}],"wp:attachment":[{"href":"https:\/\/www.africa-press.net\/niger\/wp-json\/wp\/v2\/media?parent=12323"}],"wp:term":[{"taxonomy":"category","embeddable":true,"href":"https:\/\/www.africa-press.net\/niger\/wp-json\/wp\/v2\/categories?post=12323"},{"taxonomy":"post_tag","embeddable":true,"href":"https:\/\/www.africa-press.net\/niger\/wp-json\/wp\/v2\/tags?post=12323"}],"curies":[{"name":"wp","href":"https:\/\/api.w.org\/{rel}","templated":true}]}}