{"id":12372,"date":"2021-09-24T16:25:00","date_gmt":"2021-09-24T16:25:00","guid":{"rendered":"https:\/\/www.africa-press.net\/niger\/?p=12372"},"modified":"2021-09-24T21:36:27","modified_gmt":"2021-09-24T21:36:27","slug":"epidemie-de-cholera-seuls-17-cas-actifs-a-la-date-du-23-septembre","status":"publish","type":"post","link":"https:\/\/www.africa-press.net\/niger\/toutes-les-actualites\/epidemie-de-cholera-seuls-17-cas-actifs-a-la-date-du-23-septembre","title":{"rendered":"\u00c9pid\u00e9mie de chol\u00e9ra: seuls 17 cas actifs a la date du 23 septembre"},"content":{"rendered":"<p><span style=\"color: #ff6600\"><strong><a href=\"https:\/\/www.africa-press.net\/\">Africa-Press<\/a> &#8211; <a href=\"https:\/\/www.africa-press.net\/niger\">Niger<\/a>.\u00a0 <\/strong><\/span>la situation de l\u2019\u00e9pid\u00e9mie de chol\u00e9ra qui s\u00e9vit au Niger fait \u00e9tat de seulement 17 cas actifs parmi les cas signal\u00e9s par 31 districts sanitaires du pays.<\/p>\n<p>L\u2019information est donn\u00e9e par le Ministre de la Sant\u00e9 Publique, de la Population et des Affaires Sociales, Dr Idi Illiassou Mainassara, \u00e0 travers une communication qu\u2019il a faite ce jeudi 23 Septembre 2021 au Conseil des Ministres.<\/p>\n<p>Selon l\u2019autorit\u00e9 sanitaire, \u00ab le nombre d\u2019admissions des cas suspects mis \u00e0 jour est pass\u00e9 de 802 cas la semaine 35 \u00e0 707 cas la semaine 36, soit une r\u00e9duction d\u2019environ une centaine de cas \u00bb.<\/p>\n<p>Le Ministre de Sant\u00e9 a \u00e9galement fait savoir qu\u2019un total de 21 d\u00e9c\u00e8s a \u00e9t\u00e9 enregistr\u00e9 au cours de cette semaine, alors que les actions destin\u00e9es \u00e0 la pr\u00e9vention et \u00e0 la prise en charge de cette \u00e9pid\u00e9mie se poursuivent.<\/p>\n<p>&nbsp;<\/p>\n","protected":false},"excerpt":{"rendered":"<p>Africa-Press &#8211; Niger.\u00a0 la situation de l\u2019\u00e9pid\u00e9mie de chol\u00e9ra qui s\u00e9vit au Niger fait \u00e9tat de seulement 17 cas actifs parmi les cas signal\u00e9s par 31 districts sanitaires du pays. L\u2019information est donn\u00e9e par le Ministre de la Sant\u00e9 Publique, de la Population et des Affaires Sociales, Dr Idi Illiassou Mainassara, \u00e0 travers une communication [&hellip;]<\/p>\n","protected":false},"author":82,"featured_media":12371,"comment_status":"open","ping_status":"closed","sticky":false,"template":"","format":"standard","meta":{"footnotes":""},"categories":[21,11,10],"tags":[55,60,29],"class_list":["post-12372","post","type-post","status-publish","format-standard","has-post-thumbnail","hentry","category-communaute","category-homepage-french","category-toutes-les-actualites","tag-africa-press","tag-africa-press-niger","tag-niger"],"yoast_head":"<!-- This site is optimized with the Yoast SEO Premium plugin v26.1 (Yoast SEO v27.0) - https:\/\/yoast.com\/product\/yoast-seo-premium-wordpress\/ -->\n<title>\u00c9pid\u00e9mie de chol\u00e9ra: seuls 17 cas actifs a la date du 23 septembre - niger<\/title>\n<meta name=\"description\" content=\", 23 Septembre (ANP) - A la date du 23 septembre 2021, la situation de l\u2019\u00e9pid\u00e9mie de chol\u00e9ra qui s\u00e9vit au Niger fait \u00e9ta ...\" \/>\n<meta name=\"robots\" content=\"index, follow, max-snippet:-1, max-image-preview:large, max-video-preview:-1\" \/>\n<link rel=\"canonical\" href=\"https:\/\/www.africa-press.net\/niger\/toutes-les-actualites\/epidemie-de-cholera-seuls-17-cas-actifs-a-la-date-du-23-septembre\" \/>\n<meta property=\"og:locale\" content=\"fr_FR\" \/>\n<meta property=\"og:type\" content=\"article\" \/>\n<meta property=\"og:title\" content=\"\u00c9pid\u00e9mie de chol\u00e9ra: seuls 17 cas actifs a la date du 23 septembre\" \/>\n<meta property=\"og:description\" content=\", 23 Septembre (ANP) - A la date du 23 septembre 2021, la situation de l\u2019\u00e9pid\u00e9mie de chol\u00e9ra qui s\u00e9vit au Niger fait \u00e9ta ...\" \/>\n<meta property=\"og:url\" content=\"https:\/\/www.africa-press.net\/niger\/toutes-les-actualites\/epidemie-de-cholera-seuls-17-cas-actifs-a-la-date-du-23-septembre\" \/>\n<meta property=\"og:site_name\" content=\"niger\" \/>\n<meta property=\"article:published_time\" content=\"2021-09-24T16:25:00+00:00\" \/>\n<meta property=\"article:modified_time\" content=\"2021-09-24T21:36:27+00:00\" \/>\n<meta property=\"og:image\" content=\"https:\/\/static.africa-press.net\/niger\/sites\/40\/2021\/09\/img-614df62dd753a.jpg\" \/>\n\t<meta property=\"og:image:width\" content=\"1228\" \/>\n\t<meta property=\"og:image:height\" content=\"960\" \/>\n\t<meta property=\"og:image:type\" content=\"image\/jpeg\" \/>\n<meta name=\"author\" content=\"cfeditorfr\" \/>\n<meta name=\"twitter:card\" content=\"summary_large_image\" \/>\n<meta name=\"twitter:label1\" content=\"\u00c9crit par\" \/>\n\t<meta name=\"twitter:data1\" content=\"cfeditorfr\" \/>\n\t<meta name=\"twitter:label2\" content=\"Dur\u00e9e de lecture estim\u00e9e\" \/>\n\t<meta name=\"twitter:data2\" content=\"1 minute\" \/>\n<script type=\"application\/ld+json\" class=\"yoast-schema-graph\">{\"@context\":\"https:\/\/schema.org\",\"@graph\":[{\"@type\":\"Article\",\"@id\":\"https:\/\/www.africa-press.net\/niger\/toutes-les-actualites\/epidemie-de-cholera-seuls-17-cas-actifs-a-la-date-du-23-septembre#article\",\"isPartOf\":{\"@id\":\"https:\/\/www.africa-press.net\/niger\/toutes-les-actualites\/epidemie-de-cholera-seuls-17-cas-actifs-a-la-date-du-23-septembre\"},\"author\":{\"name\":\"cfeditorfr\",\"@id\":\"https:\/\/www.africa-press.net\/niger\/#\/schema\/person\/2b1cf3cd81a31e3cd26889ca66d677f1\"},\"headline\":\"\u00c9pid\u00e9mie de chol\u00e9ra: seuls 17 cas actifs a la date du 23 septembre\",\"datePublished\":\"2021-09-24T16:25:00+00:00\",\"dateModified\":\"2021-09-24T21:36:27+00:00\",\"mainEntityOfPage\":{\"@id\":\"https:\/\/www.africa-press.net\/niger\/toutes-les-actualites\/epidemie-de-cholera-seuls-17-cas-actifs-a-la-date-du-23-septembre\"},\"wordCount\":159,\"commentCount\":0,\"image\":{\"@id\":\"https:\/\/www.africa-press.net\/niger\/toutes-les-actualites\/epidemie-de-cholera-seuls-17-cas-actifs-a-la-date-du-23-septembre#primaryimage\"},\"thumbnailUrl\":\"https:\/\/static.africa-press.net\/niger\/sites\/40\/2021\/09\/img-614df62dd753a.jpg\",\"keywords\":[\"Africa Press\",\"Africa Press-Niger\",\"Niger\"],\"articleSection\":[\"Communaut\u00e9\",\"homepage-french\",\"Toutes les actualit\u00e9s\"],\"inLanguage\":\"fr-FR\",\"potentialAction\":[{\"@type\":\"CommentAction\",\"name\":\"Comment\",\"target\":[\"https:\/\/www.africa-press.net\/niger\/toutes-les-actualites\/epidemie-de-cholera-seuls-17-cas-actifs-a-la-date-du-23-septembre#respond\"]}]},{\"@type\":\"WebPage\",\"@id\":\"https:\/\/www.africa-press.net\/niger\/toutes-les-actualites\/epidemie-de-cholera-seuls-17-cas-actifs-a-la-date-du-23-septembre\",\"url\":\"https:\/\/www.africa-press.net\/niger\/toutes-les-actualites\/epidemie-de-cholera-seuls-17-cas-actifs-a-la-date-du-23-septembre\",\"name\":\"\u00c9pid\u00e9mie de chol\u00e9ra: seuls 17 cas actifs a la date du 23 septembre - niger\",\"isPartOf\":{\"@id\":\"https:\/\/www.africa-press.net\/niger\/#website\"},\"primaryImageOfPage\":{\"@id\":\"https:\/\/www.africa-press.net\/niger\/toutes-les-actualites\/epidemie-de-cholera-seuls-17-cas-actifs-a-la-date-du-23-septembre#primaryimage\"},\"image\":{\"@id\":\"https:\/\/www.africa-press.net\/niger\/toutes-les-actualites\/epidemie-de-cholera-seuls-17-cas-actifs-a-la-date-du-23-septembre#primaryimage\"},\"thumbnailUrl\":\"https:\/\/static.africa-press.net\/niger\/sites\/40\/2021\/09\/img-614df62dd753a.jpg\",\"datePublished\":\"2021-09-24T16:25:00+00:00\",\"dateModified\":\"2021-09-24T21:36:27+00:00\",\"author\":{\"@id\":\"https:\/\/www.africa-press.net\/niger\/#\/schema\/person\/2b1cf3cd81a31e3cd26889ca66d677f1\"},\"description\":\", 23 Septembre (ANP) - A la date du 23 septembre 2021, la situation de l\u2019\u00e9pid\u00e9mie de chol\u00e9ra qui s\u00e9vit au Niger fait \u00e9ta ...\",\"breadcrumb\":{\"@id\":\"https:\/\/www.africa-press.net\/niger\/toutes-les-actualites\/epidemie-de-cholera-seuls-17-cas-actifs-a-la-date-du-23-septembre#breadcrumb\"},\"inLanguage\":\"fr-FR\",\"potentialAction\":[{\"@type\":\"ReadAction\",\"target\":[\"https:\/\/www.africa-press.net\/niger\/toutes-les-actualites\/epidemie-de-cholera-seuls-17-cas-actifs-a-la-date-du-23-septembre\"]}]},{\"@type\":\"ImageObject\",\"inLanguage\":\"fr-FR\",\"@id\":\"https:\/\/www.africa-press.net\/niger\/toutes-les-actualites\/epidemie-de-cholera-seuls-17-cas-actifs-a-la-date-du-23-septembre#primaryimage\",\"url\":\"https:\/\/static.africa-press.net\/niger\/sites\/40\/2021\/09\/img-614df62dd753a.jpg\",\"contentUrl\":\"https:\/\/static.africa-press.net\/niger\/sites\/40\/2021\/09\/img-614df62dd753a.jpg\",\"width\":1228,\"height\":960,\"caption\":\"\u00c9pid\u00e9mie de chol\u00e9ra: seuls 17 cas actifs a la date du 23 septembre\"},{\"@type\":\"BreadcrumbList\",\"@id\":\"https:\/\/www.africa-press.net\/niger\/toutes-les-actualites\/epidemie-de-cholera-seuls-17-cas-actifs-a-la-date-du-23-septembre#breadcrumb\",\"itemListElement\":[{\"@type\":\"ListItem\",\"position\":1,\"name\":\"Accueil\",\"item\":\"https:\/\/www.africa-press.net\/niger\/\"},{\"@type\":\"ListItem\",\"position\":2,\"name\":\"\u00c9pid\u00e9mie de chol\u00e9ra: seuls 17 cas actifs a la date du 23 septembre\"}]},{\"@type\":\"WebSite\",\"@id\":\"https:\/\/www.africa-press.net\/niger\/#website\",\"url\":\"https:\/\/www.africa-press.net\/niger\/\",\"name\":\"niger\",\"description\":\"Just another Africa News Agency Sites site\",\"potentialAction\":[{\"@type\":\"SearchAction\",\"target\":{\"@type\":\"EntryPoint\",\"urlTemplate\":\"https:\/\/www.africa-press.net\/niger\/?s={search_term_string}\"},\"query-input\":{\"@type\":\"PropertyValueSpecification\",\"valueRequired\":true,\"valueName\":\"search_term_string\"}}],\"inLanguage\":\"fr-FR\"},{\"@type\":\"Person\",\"@id\":\"https:\/\/www.africa-press.net\/niger\/#\/schema\/person\/2b1cf3cd81a31e3cd26889ca66d677f1\",\"name\":\"cfeditorfr\"}]}<\/script>\n<!-- \/ Yoast SEO Premium plugin. -->","yoast_head_json":{"title":"\u00c9pid\u00e9mie de chol\u00e9ra: seuls 17 cas actifs a la date du 23 septembre - niger","description":", 23 Septembre (ANP) - A la date du 23 septembre 2021, la situation de l\u2019\u00e9pid\u00e9mie de chol\u00e9ra qui s\u00e9vit au Niger fait \u00e9ta ...","robots":{"index":"index","follow":"follow","max-snippet":"max-snippet:-1","max-image-preview":"max-image-preview:large","max-video-preview":"max-video-preview:-1"},"canonical":"https:\/\/www.africa-press.net\/niger\/toutes-les-actualites\/epidemie-de-cholera-seuls-17-cas-actifs-a-la-date-du-23-septembre","og_locale":"fr_FR","og_type":"article","og_title":"\u00c9pid\u00e9mie de chol\u00e9ra: seuls 17 cas actifs a la date du 23 septembre","og_description":", 23 Septembre (ANP) - A la date du 23 septembre 2021, la situation de l\u2019\u00e9pid\u00e9mie de chol\u00e9ra qui s\u00e9vit au Niger fait \u00e9ta ...","og_url":"https:\/\/www.africa-press.net\/niger\/toutes-les-actualites\/epidemie-de-cholera-seuls-17-cas-actifs-a-la-date-du-23-septembre","og_site_name":"niger","article_published_time":"2021-09-24T16:25:00+00:00","article_modified_time":"2021-09-24T21:36:27+00:00","og_image":[{"width":1228,"height":960,"url":"https:\/\/static.africa-press.net\/niger\/sites\/40\/2021\/09\/img-614df62dd753a.jpg","type":"image\/jpeg"}],"author":"cfeditorfr","twitter_card":"summary_large_image","twitter_misc":{"\u00c9crit par":"cfeditorfr","Dur\u00e9e de lecture estim\u00e9e":"1 minute"},"schema":{"@context":"https:\/\/schema.org","@graph":[{"@type":"Article","@id":"https:\/\/www.africa-press.net\/niger\/toutes-les-actualites\/epidemie-de-cholera-seuls-17-cas-actifs-a-la-date-du-23-septembre#article","isPartOf":{"@id":"https:\/\/www.africa-press.net\/niger\/toutes-les-actualites\/epidemie-de-cholera-seuls-17-cas-actifs-a-la-date-du-23-septembre"},"author":{"name":"cfeditorfr","@id":"https:\/\/www.africa-press.net\/niger\/#\/schema\/person\/2b1cf3cd81a31e3cd26889ca66d677f1"},"headline":"\u00c9pid\u00e9mie de chol\u00e9ra: seuls 17 cas actifs a la date du 23 septembre","datePublished":"2021-09-24T16:25:00+00:00","dateModified":"2021-09-24T21:36:27+00:00","mainEntityOfPage":{"@id":"https:\/\/www.africa-press.net\/niger\/toutes-les-actualites\/epidemie-de-cholera-seuls-17-cas-actifs-a-la-date-du-23-septembre"},"wordCount":159,"commentCount":0,"image":{"@id":"https:\/\/www.africa-press.net\/niger\/toutes-les-actualites\/epidemie-de-cholera-seuls-17-cas-actifs-a-la-date-du-23-septembre#primaryimage"},"thumbnailUrl":"https:\/\/static.africa-press.net\/niger\/sites\/40\/2021\/09\/img-614df62dd753a.jpg","keywords":["Africa Press","Africa Press-Niger","Niger"],"articleSection":["Communaut\u00e9","homepage-french","Toutes les actualit\u00e9s"],"inLanguage":"fr-FR","potentialAction":[{"@type":"CommentAction","name":"Comment","target":["https:\/\/www.africa-press.net\/niger\/toutes-les-actualites\/epidemie-de-cholera-seuls-17-cas-actifs-a-la-date-du-23-septembre#respond"]}]},{"@type":"WebPage","@id":"https:\/\/www.africa-press.net\/niger\/toutes-les-actualites\/epidemie-de-cholera-seuls-17-cas-actifs-a-la-date-du-23-septembre","url":"https:\/\/www.africa-press.net\/niger\/toutes-les-actualites\/epidemie-de-cholera-seuls-17-cas-actifs-a-la-date-du-23-septembre","name":"\u00c9pid\u00e9mie de chol\u00e9ra: seuls 17 cas actifs a la date du 23 septembre - niger","isPartOf":{"@id":"https:\/\/www.africa-press.net\/niger\/#website"},"primaryImageOfPage":{"@id":"https:\/\/www.africa-press.net\/niger\/toutes-les-actualites\/epidemie-de-cholera-seuls-17-cas-actifs-a-la-date-du-23-septembre#primaryimage"},"image":{"@id":"https:\/\/www.africa-press.net\/niger\/toutes-les-actualites\/epidemie-de-cholera-seuls-17-cas-actifs-a-la-date-du-23-septembre#primaryimage"},"thumbnailUrl":"https:\/\/static.africa-press.net\/niger\/sites\/40\/2021\/09\/img-614df62dd753a.jpg","datePublished":"2021-09-24T16:25:00+00:00","dateModified":"2021-09-24T21:36:27+00:00","author":{"@id":"https:\/\/www.africa-press.net\/niger\/#\/schema\/person\/2b1cf3cd81a31e3cd26889ca66d677f1"},"description":", 23 Septembre (ANP) - A la date du 23 septembre 2021, la situation de l\u2019\u00e9pid\u00e9mie de chol\u00e9ra qui s\u00e9vit au Niger fait \u00e9ta ...","breadcrumb":{"@id":"https:\/\/www.africa-press.net\/niger\/toutes-les-actualites\/epidemie-de-cholera-seuls-17-cas-actifs-a-la-date-du-23-septembre#breadcrumb"},"inLanguage":"fr-FR","potentialAction":[{"@type":"ReadAction","target":["https:\/\/www.africa-press.net\/niger\/toutes-les-actualites\/epidemie-de-cholera-seuls-17-cas-actifs-a-la-date-du-23-septembre"]}]},{"@type":"ImageObject","inLanguage":"fr-FR","@id":"https:\/\/www.africa-press.net\/niger\/toutes-les-actualites\/epidemie-de-cholera-seuls-17-cas-actifs-a-la-date-du-23-septembre#primaryimage","url":"https:\/\/static.africa-press.net\/niger\/sites\/40\/2021\/09\/img-614df62dd753a.jpg","contentUrl":"https:\/\/static.africa-press.net\/niger\/sites\/40\/2021\/09\/img-614df62dd753a.jpg","width":1228,"height":960,"caption":"\u00c9pid\u00e9mie de chol\u00e9ra: seuls 17 cas actifs a la date du 23 septembre"},{"@type":"BreadcrumbList","@id":"https:\/\/www.africa-press.net\/niger\/toutes-les-actualites\/epidemie-de-cholera-seuls-17-cas-actifs-a-la-date-du-23-septembre#breadcrumb","itemListElement":[{"@type":"ListItem","position":1,"name":"Accueil","item":"https:\/\/www.africa-press.net\/niger\/"},{"@type":"ListItem","position":2,"name":"\u00c9pid\u00e9mie de chol\u00e9ra: seuls 17 cas actifs a la date du 23 septembre"}]},{"@type":"WebSite","@id":"https:\/\/www.africa-press.net\/niger\/#website","url":"https:\/\/www.africa-press.net\/niger\/","name":"niger","description":"Just another Africa News Agency Sites site","potentialAction":[{"@type":"SearchAction","target":{"@type":"EntryPoint","urlTemplate":"https:\/\/www.africa-press.net\/niger\/?s={search_term_string}"},"query-input":{"@type":"PropertyValueSpecification","valueRequired":true,"valueName":"search_term_string"}}],"inLanguage":"fr-FR"},{"@type":"Person","@id":"https:\/\/www.africa-press.net\/niger\/#\/schema\/person\/2b1cf3cd81a31e3cd26889ca66d677f1","name":"cfeditorfr"}]}},"_links":{"self":[{"href":"https:\/\/www.africa-press.net\/niger\/wp-json\/wp\/v2\/posts\/12372","targetHints":{"allow":["GET"]}}],"collection":[{"href":"https:\/\/www.africa-press.net\/niger\/wp-json\/wp\/v2\/posts"}],"about":[{"href":"https:\/\/www.africa-press.net\/niger\/wp-json\/wp\/v2\/types\/post"}],"author":[{"embeddable":true,"href":"https:\/\/www.africa-press.net\/niger\/wp-json\/wp\/v2\/users\/82"}],"replies":[{"embeddable":true,"href":"https:\/\/www.africa-press.net\/niger\/wp-json\/wp\/v2\/comments?post=12372"}],"version-history":[{"count":0,"href":"https:\/\/www.africa-press.net\/niger\/wp-json\/wp\/v2\/posts\/12372\/revisions"}],"wp:featuredmedia":[{"embeddable":true,"href":"https:\/\/www.africa-press.net\/niger\/wp-json\/wp\/v2\/media\/12371"}],"wp:attachment":[{"href":"https:\/\/www.africa-press.net\/niger\/wp-json\/wp\/v2\/media?parent=12372"}],"wp:term":[{"taxonomy":"category","embeddable":true,"href":"https:\/\/www.africa-press.net\/niger\/wp-json\/wp\/v2\/categories?post=12372"},{"taxonomy":"post_tag","embeddable":true,"href":"https:\/\/www.africa-press.net\/niger\/wp-json\/wp\/v2\/tags?post=12372"}],"curies":[{"name":"wp","href":"https:\/\/api.w.org\/{rel}","templated":true}]}}