{"id":12378,"date":"2021-09-24T16:41:12","date_gmt":"2021-09-24T16:41:12","guid":{"rendered":"https:\/\/www.africa-press.net\/niger\/?p=12378"},"modified":"2021-09-24T21:47:04","modified_gmt":"2021-09-24T21:47:04","slug":"la-democratie-et-la-bonne-gouvernance-en-afrique-le-role-des-syndicats-au-centre-des-travaux-du19eme-congres-ordinaire-de-lustn","status":"publish","type":"post","link":"https:\/\/www.africa-press.net\/niger\/politique\/la-democratie-et-la-bonne-gouvernance-en-afrique-le-role-des-syndicats-au-centre-des-travaux-du19eme-congres-ordinaire-de-lustn","title":{"rendered":"La D\u00e9mocratie et la bonne gouvernance en Afrique, le r\u00f4le des syndicats, au centre des travaux du19\u00e8me congr\u00e8s ordinaire de l\u2019USTN"},"content":{"rendered":"<p><span style=\"color: #ff6600\"><strong><a href=\"https:\/\/www.africa-press.net\/\">Africa-Press<\/a> &#8211; <a href=\"https:\/\/www.africa-press.net\/niger\">Niger<\/a>. <\/strong><\/span>Le 19\u00e8me congr\u00e8s ordinaire de l\u2019Union des Syndicats des Travailleurs Nig\u00e9riens (USTN), s\u2019est ouvert, ce vendredi 24 septembre 2021 \u00e0 Niamey, sous le th\u00e8me de \u2018\u2019D\u00e9mocratie et bonne gouvernance en Afrique, le r\u00f4le des syndicats\u2019\u2019.<\/p>\n<p>Ce congr\u00e8s co\u00efncide, cette ann\u00e9e, avec le 61\u00e8me anniversaire de la cr\u00e9ation dudit syndicat, le 25 septembre 1960.<\/p>\n<p>C\u2019est le Ministre de l\u2019emploi et de la protection sociale, M. Ibrah Boukary qui a pr\u00e9sid\u00e9 la c\u00e9r\u00e9monie d\u2019ouverture des travaux de ce congr\u00e8s ax\u00e9s sur les th\u00e9matiques de d\u00e9mocratie et de bonne gouvernance en Afrique, et le r\u00f4le des syndicats.<\/p>\n<p>\u2018\u2019L\u2019USTN, ou \u00ab la centrale m\u00e8re \u00bb, note-t-on a jou\u00e9 un r\u00f4le cl\u00e9 dans l\u2019av\u00e8nement de la D\u00e9mocratie et de l\u2019Etat de droit au Niger\u2019\u2019 a d\u00e9clar\u00e9 le Ministre Ibrah pour qui \u2018\u2019la tenue d\u2019un congr\u00e8s reste et demeure un cadre appropri\u00e9 pour tout syndicat pour examiner non seulement toutes les questions li\u00e9es aux contr\u00f4les de gestion de celui-ci, mais aussi celui de formuler et de donner des avis motiv\u00e9s, notamment \u00e0 l\u2019Assembl\u00e9e G\u00e9n\u00e9rale\u2019\u2019.<\/p>\n<p>Il s\u2019est, ensuite, dit \u2018\u2019tr\u00e8s confiant\u2019\u2019 qu\u2019au regard de \u2018\u2019la hauteur d\u2019esprit, de la capacit\u00e9 d\u2019analyse et des riches exp\u00e9riences de certains d\u00e9l\u00e9gu\u00e9s pr\u00e9sents, les pr\u00e9sentes assises d\u00e9boucheront sur des r\u00e9sultats probants\u2019\u2019.<\/p>\n<p>\u2018\u2019J\u2019aimerais \u00e9galement souligner le comportement responsable dont les syndicalistes ont fait montre lors des n\u00e9gociations men\u00e9es dans le cadre du Comit\u00e9 interminist\u00e9riel de n\u00e9gociations entre le Gouvernement et les Partenaires sociaux\u2019\u2019 a indiqu\u00e9 le Ministre Ibrah Boukary pour qui \u2018\u2019la tenue de ce 19\u00e8me congr\u00e8s statutaire et la c\u00e9l\u00e9bration du 61\u00e8me anniversaire de l\u2019organisation interviennent encore, cette ann\u00e9e, non seulement dans un contexte mondial marqu\u00e9 par la COVID-19, mais aussi par des inondations et la multiplication des attaques terroristes dans notre pays\u2019\u2019.<\/p>\n<p>\u2018\u2019Nous vous invitons donc \u00e0 relever les d\u00e9fis majeurs afin de cr\u00e9er les conditions de prosp\u00e9rit\u00e9, ainsi que celles d\u2019une paix durable et d\u2019une justice sociale effective\u2019\u2019 a plaid\u00e9 le Ministre de l\u2019emploi et de la protection sociale.<\/p>\n<p>En prenant la parole \u00e0 cette occasion, le Secr\u00e9taire G\u00e9n\u00e9ral de l\u2019USTN, M. Zama Allah Maman a d\u2019abord fait un bref rappel historique de la cr\u00e9ation de la centrale syndicale avant d\u2019\u00e9voquer les grands moments de la vie de l\u2019USTN, \u2018\u2019faite de souvenirs et d\u2019histoire des dignes fils de la nation qui ont marqu\u00e9 le mouvement syndical\u2019\u2019 qui compte aujourd\u2019hui 14 centrales syndicales nationales et pr\u00e8s de 400 syndicats de base.<\/p>\n<p>Selon le S.G, \u2018\u2019les travailleurs et leurs syndicats doivent mettre de c\u00f4t\u00e9 leurs int\u00e9r\u00eats personnels, raffermir leur coh\u00e9sion et asseoir une ind\u00e9pendance syndicale, gage d\u2019un \u00e9quilibre certain mais aussi un rempart \u00e0 toute \u00e9ventualit\u00e9\u2019\u2019.<\/p>\n<p>\u2018\u2019L\u2019USTN, conform\u00e9ment \u00e0 sa ligne politique, s\u2019engage r\u00e9solument \u00e0 tout mettre en \u0153uvre pour que l\u2019ensemble des travailleurs retrouvent cette coh\u00e9sion dans la diversit\u00e9 et envisager l\u2019avenir pour le bien-\u00eatre des travailleurs en particulier et l\u2019ensemble de la population nig\u00e9rienne en g\u00e9n\u00e9ral\u2019\u2019 a poursuivi le secr\u00e9taire g\u00e9n\u00e9ral de l\u2019USTN.<\/p>\n<p>Notons que l\u2019USTN compte 52 syndicats affili\u00e9s issus de tous les secteurs d\u2019activit\u00e9 professionnelle qui mobilisent dans leurs rangs environ 43.000 militants sur un potentiel de plus de 185.000 salari\u00e9s que compte le Niger sans compter les travailleurs du secteur informel qui repr\u00e9sentent 70% de la population active. Elle est la troisi\u00e8me centrale syndicale du Niger depuis les \u00e9lections du 31 juillet 2021 et est aussi pr\u00e9sente dans toutes les r\u00e9gions du Niger comptant ainsi 8 coordinations et 72 sections.<\/p>\n<p>Auparavant le Repr\u00e9sentant du Gouverneur de la r\u00e9gion de Niamey et le SG de la coordination r\u00e9gionale de Niamey ont pris la parole pour saluer les congressistes et les doyens du mouvement syndical nig\u00e9rien venus de toutes les r\u00e9gions du Niger.<\/p>\n","protected":false},"excerpt":{"rendered":"<p>Africa-Press &#8211; Niger. Le 19\u00e8me congr\u00e8s ordinaire de l\u2019Union des Syndicats des Travailleurs Nig\u00e9riens (USTN), s\u2019est ouvert, ce vendredi 24 septembre 2021 \u00e0 Niamey, sous le th\u00e8me de \u2018\u2019D\u00e9mocratie et bonne gouvernance en Afrique, le r\u00f4le des syndicats\u2019\u2019. Ce congr\u00e8s co\u00efncide, cette ann\u00e9e, avec le 61\u00e8me anniversaire de la cr\u00e9ation dudit syndicat, le 25 septembre [&hellip;]<\/p>\n","protected":false},"author":82,"featured_media":12377,"comment_status":"open","ping_status":"closed","sticky":false,"template":"","format":"standard","meta":{"footnotes":""},"categories":[11,2,20,10],"tags":[55,60,29],"class_list":["post-12378","post","type-post","status-publish","format-standard","has-post-thumbnail","hentry","category-homepage-french","category-politique","category-top-nouvelles","category-toutes-les-actualites","tag-africa-press","tag-africa-press-niger","tag-niger"],"yoast_head":"<!-- This site is optimized with the Yoast SEO Premium plugin v26.1 (Yoast SEO v27.0) - https:\/\/yoast.com\/product\/yoast-seo-premium-wordpress\/ -->\n<title>La D\u00e9mocratie et la bonne gouvernance en Afrique, le r\u00f4le des syndicats, au centre des travaux du19\u00e8me congr\u00e8s ordinaire de l\u2019USTN - niger<\/title>\n<meta name=\"description\" content=\"Le 19\u00e8me congr\u00e8s ordinaire de l\u2019Union des Syndicats des Travailleurs Nig\u00e9riens (USTN), s\u2019est ouvert, ce vendredi 24 sept ...\" \/>\n<meta name=\"robots\" content=\"index, follow, max-snippet:-1, max-image-preview:large, max-video-preview:-1\" \/>\n<link rel=\"canonical\" href=\"https:\/\/www.africa-press.net\/niger\/politique\/la-democratie-et-la-bonne-gouvernance-en-afrique-le-role-des-syndicats-au-centre-des-travaux-du19eme-congres-ordinaire-de-lustn\" \/>\n<meta property=\"og:locale\" content=\"fr_FR\" \/>\n<meta property=\"og:type\" content=\"article\" \/>\n<meta property=\"og:title\" content=\"La D\u00e9mocratie et la bonne gouvernance en Afrique, le r\u00f4le des syndicats, au centre des travaux du19\u00e8me congr\u00e8s ordinaire de l\u2019USTN\" \/>\n<meta property=\"og:description\" content=\"Le 19\u00e8me congr\u00e8s ordinaire de l\u2019Union des Syndicats des Travailleurs Nig\u00e9riens (USTN), s\u2019est ouvert, ce vendredi 24 sept ...\" \/>\n<meta property=\"og:url\" content=\"https:\/\/www.africa-press.net\/niger\/politique\/la-democratie-et-la-bonne-gouvernance-en-afrique-le-role-des-syndicats-au-centre-des-travaux-du19eme-congres-ordinaire-de-lustn\" \/>\n<meta property=\"og:site_name\" content=\"niger\" \/>\n<meta property=\"article:published_time\" content=\"2021-09-24T16:41:12+00:00\" \/>\n<meta property=\"article:modified_time\" content=\"2021-09-24T21:47:04+00:00\" \/>\n<meta property=\"og:image\" content=\"https:\/\/static.africa-press.net\/niger\/sites\/40\/2021\/09\/img-614df67518a31.jpg\" \/>\n\t<meta property=\"og:image:width\" content=\"1200\" \/>\n\t<meta property=\"og:image:height\" content=\"800\" \/>\n\t<meta property=\"og:image:type\" content=\"image\/jpeg\" \/>\n<meta name=\"author\" content=\"cfeditorfr\" \/>\n<meta name=\"twitter:card\" content=\"summary_large_image\" \/>\n<meta name=\"twitter:label1\" content=\"\u00c9crit par\" \/>\n\t<meta name=\"twitter:data1\" content=\"cfeditorfr\" \/>\n\t<meta name=\"twitter:label2\" content=\"Dur\u00e9e de lecture estim\u00e9e\" \/>\n\t<meta name=\"twitter:data2\" content=\"3 minutes\" \/>\n<script type=\"application\/ld+json\" class=\"yoast-schema-graph\">{\"@context\":\"https:\/\/schema.org\",\"@graph\":[{\"@type\":\"Article\",\"@id\":\"https:\/\/www.africa-press.net\/niger\/politique\/la-democratie-et-la-bonne-gouvernance-en-afrique-le-role-des-syndicats-au-centre-des-travaux-du19eme-congres-ordinaire-de-lustn#article\",\"isPartOf\":{\"@id\":\"https:\/\/www.africa-press.net\/niger\/politique\/la-democratie-et-la-bonne-gouvernance-en-afrique-le-role-des-syndicats-au-centre-des-travaux-du19eme-congres-ordinaire-de-lustn\"},\"author\":{\"name\":\"cfeditorfr\",\"@id\":\"https:\/\/www.africa-press.net\/niger\/#\/schema\/person\/2b1cf3cd81a31e3cd26889ca66d677f1\"},\"headline\":\"La D\u00e9mocratie et la bonne gouvernance en Afrique, le r\u00f4le des syndicats, au centre des travaux du19\u00e8me congr\u00e8s ordinaire de l\u2019USTN\",\"datePublished\":\"2021-09-24T16:41:12+00:00\",\"dateModified\":\"2021-09-24T21:47:04+00:00\",\"mainEntityOfPage\":{\"@id\":\"https:\/\/www.africa-press.net\/niger\/politique\/la-democratie-et-la-bonne-gouvernance-en-afrique-le-role-des-syndicats-au-centre-des-travaux-du19eme-congres-ordinaire-de-lustn\"},\"wordCount\":716,\"commentCount\":0,\"image\":{\"@id\":\"https:\/\/www.africa-press.net\/niger\/politique\/la-democratie-et-la-bonne-gouvernance-en-afrique-le-role-des-syndicats-au-centre-des-travaux-du19eme-congres-ordinaire-de-lustn#primaryimage\"},\"thumbnailUrl\":\"https:\/\/static.africa-press.net\/niger\/sites\/40\/2021\/09\/img-614df67518a31.jpg\",\"keywords\":[\"Africa Press\",\"Africa Press-Niger\",\"Niger\"],\"articleSection\":[\"homepage-french\",\"Politique\",\"Top Nouvelles\",\"Toutes les actualit\u00e9s\"],\"inLanguage\":\"fr-FR\",\"potentialAction\":[{\"@type\":\"CommentAction\",\"name\":\"Comment\",\"target\":[\"https:\/\/www.africa-press.net\/niger\/politique\/la-democratie-et-la-bonne-gouvernance-en-afrique-le-role-des-syndicats-au-centre-des-travaux-du19eme-congres-ordinaire-de-lustn#respond\"]}]},{\"@type\":\"WebPage\",\"@id\":\"https:\/\/www.africa-press.net\/niger\/politique\/la-democratie-et-la-bonne-gouvernance-en-afrique-le-role-des-syndicats-au-centre-des-travaux-du19eme-congres-ordinaire-de-lustn\",\"url\":\"https:\/\/www.africa-press.net\/niger\/politique\/la-democratie-et-la-bonne-gouvernance-en-afrique-le-role-des-syndicats-au-centre-des-travaux-du19eme-congres-ordinaire-de-lustn\",\"name\":\"La D\u00e9mocratie et la bonne gouvernance en Afrique, le r\u00f4le des syndicats, au centre des travaux du19\u00e8me congr\u00e8s ordinaire de l\u2019USTN - niger\",\"isPartOf\":{\"@id\":\"https:\/\/www.africa-press.net\/niger\/#website\"},\"primaryImageOfPage\":{\"@id\":\"https:\/\/www.africa-press.net\/niger\/politique\/la-democratie-et-la-bonne-gouvernance-en-afrique-le-role-des-syndicats-au-centre-des-travaux-du19eme-congres-ordinaire-de-lustn#primaryimage\"},\"image\":{\"@id\":\"https:\/\/www.africa-press.net\/niger\/politique\/la-democratie-et-la-bonne-gouvernance-en-afrique-le-role-des-syndicats-au-centre-des-travaux-du19eme-congres-ordinaire-de-lustn#primaryimage\"},\"thumbnailUrl\":\"https:\/\/static.africa-press.net\/niger\/sites\/40\/2021\/09\/img-614df67518a31.jpg\",\"datePublished\":\"2021-09-24T16:41:12+00:00\",\"dateModified\":\"2021-09-24T21:47:04+00:00\",\"author\":{\"@id\":\"https:\/\/www.africa-press.net\/niger\/#\/schema\/person\/2b1cf3cd81a31e3cd26889ca66d677f1\"},\"description\":\"Le 19\u00e8me congr\u00e8s ordinaire de l\u2019Union des Syndicats des Travailleurs Nig\u00e9riens (USTN), s\u2019est ouvert, ce vendredi 24 sept ...\",\"breadcrumb\":{\"@id\":\"https:\/\/www.africa-press.net\/niger\/politique\/la-democratie-et-la-bonne-gouvernance-en-afrique-le-role-des-syndicats-au-centre-des-travaux-du19eme-congres-ordinaire-de-lustn#breadcrumb\"},\"inLanguage\":\"fr-FR\",\"potentialAction\":[{\"@type\":\"ReadAction\",\"target\":[\"https:\/\/www.africa-press.net\/niger\/politique\/la-democratie-et-la-bonne-gouvernance-en-afrique-le-role-des-syndicats-au-centre-des-travaux-du19eme-congres-ordinaire-de-lustn\"]}]},{\"@type\":\"ImageObject\",\"inLanguage\":\"fr-FR\",\"@id\":\"https:\/\/www.africa-press.net\/niger\/politique\/la-democratie-et-la-bonne-gouvernance-en-afrique-le-role-des-syndicats-au-centre-des-travaux-du19eme-congres-ordinaire-de-lustn#primaryimage\",\"url\":\"https:\/\/static.africa-press.net\/niger\/sites\/40\/2021\/09\/img-614df67518a31.jpg\",\"contentUrl\":\"https:\/\/static.africa-press.net\/niger\/sites\/40\/2021\/09\/img-614df67518a31.jpg\",\"width\":1200,\"height\":800,\"caption\":\"La D\u00e9mocratie et la bonne gouvernance en Afrique, le r\u00f4le des syndicats, au centre des travaux du19\u00e8me congr\u00e8s ordinaire de l\u2019USTN\"},{\"@type\":\"BreadcrumbList\",\"@id\":\"https:\/\/www.africa-press.net\/niger\/politique\/la-democratie-et-la-bonne-gouvernance-en-afrique-le-role-des-syndicats-au-centre-des-travaux-du19eme-congres-ordinaire-de-lustn#breadcrumb\",\"itemListElement\":[{\"@type\":\"ListItem\",\"position\":1,\"name\":\"Accueil\",\"item\":\"https:\/\/www.africa-press.net\/niger\/\"},{\"@type\":\"ListItem\",\"position\":2,\"name\":\"La D\u00e9mocratie et la bonne gouvernance en Afrique, le r\u00f4le des syndicats, au centre des travaux du19\u00e8me congr\u00e8s ordinaire de l\u2019USTN\"}]},{\"@type\":\"WebSite\",\"@id\":\"https:\/\/www.africa-press.net\/niger\/#website\",\"url\":\"https:\/\/www.africa-press.net\/niger\/\",\"name\":\"niger\",\"description\":\"Just another Africa News Agency Sites site\",\"potentialAction\":[{\"@type\":\"SearchAction\",\"target\":{\"@type\":\"EntryPoint\",\"urlTemplate\":\"https:\/\/www.africa-press.net\/niger\/?s={search_term_string}\"},\"query-input\":{\"@type\":\"PropertyValueSpecification\",\"valueRequired\":true,\"valueName\":\"search_term_string\"}}],\"inLanguage\":\"fr-FR\"},{\"@type\":\"Person\",\"@id\":\"https:\/\/www.africa-press.net\/niger\/#\/schema\/person\/2b1cf3cd81a31e3cd26889ca66d677f1\",\"name\":\"cfeditorfr\"}]}<\/script>\n<!-- \/ Yoast SEO Premium plugin. -->","yoast_head_json":{"title":"La D\u00e9mocratie et la bonne gouvernance en Afrique, le r\u00f4le des syndicats, au centre des travaux du19\u00e8me congr\u00e8s ordinaire de l\u2019USTN - niger","description":"Le 19\u00e8me congr\u00e8s ordinaire de l\u2019Union des Syndicats des Travailleurs Nig\u00e9riens (USTN), s\u2019est ouvert, ce vendredi 24 sept ...","robots":{"index":"index","follow":"follow","max-snippet":"max-snippet:-1","max-image-preview":"max-image-preview:large","max-video-preview":"max-video-preview:-1"},"canonical":"https:\/\/www.africa-press.net\/niger\/politique\/la-democratie-et-la-bonne-gouvernance-en-afrique-le-role-des-syndicats-au-centre-des-travaux-du19eme-congres-ordinaire-de-lustn","og_locale":"fr_FR","og_type":"article","og_title":"La D\u00e9mocratie et la bonne gouvernance en Afrique, le r\u00f4le des syndicats, au centre des travaux du19\u00e8me congr\u00e8s ordinaire de l\u2019USTN","og_description":"Le 19\u00e8me congr\u00e8s ordinaire de l\u2019Union des Syndicats des Travailleurs Nig\u00e9riens (USTN), s\u2019est ouvert, ce vendredi 24 sept ...","og_url":"https:\/\/www.africa-press.net\/niger\/politique\/la-democratie-et-la-bonne-gouvernance-en-afrique-le-role-des-syndicats-au-centre-des-travaux-du19eme-congres-ordinaire-de-lustn","og_site_name":"niger","article_published_time":"2021-09-24T16:41:12+00:00","article_modified_time":"2021-09-24T21:47:04+00:00","og_image":[{"width":1200,"height":800,"url":"https:\/\/static.africa-press.net\/niger\/sites\/40\/2021\/09\/img-614df67518a31.jpg","type":"image\/jpeg"}],"author":"cfeditorfr","twitter_card":"summary_large_image","twitter_misc":{"\u00c9crit par":"cfeditorfr","Dur\u00e9e de lecture estim\u00e9e":"3 minutes"},"schema":{"@context":"https:\/\/schema.org","@graph":[{"@type":"Article","@id":"https:\/\/www.africa-press.net\/niger\/politique\/la-democratie-et-la-bonne-gouvernance-en-afrique-le-role-des-syndicats-au-centre-des-travaux-du19eme-congres-ordinaire-de-lustn#article","isPartOf":{"@id":"https:\/\/www.africa-press.net\/niger\/politique\/la-democratie-et-la-bonne-gouvernance-en-afrique-le-role-des-syndicats-au-centre-des-travaux-du19eme-congres-ordinaire-de-lustn"},"author":{"name":"cfeditorfr","@id":"https:\/\/www.africa-press.net\/niger\/#\/schema\/person\/2b1cf3cd81a31e3cd26889ca66d677f1"},"headline":"La D\u00e9mocratie et la bonne gouvernance en Afrique, le r\u00f4le des syndicats, au centre des travaux du19\u00e8me congr\u00e8s ordinaire de l\u2019USTN","datePublished":"2021-09-24T16:41:12+00:00","dateModified":"2021-09-24T21:47:04+00:00","mainEntityOfPage":{"@id":"https:\/\/www.africa-press.net\/niger\/politique\/la-democratie-et-la-bonne-gouvernance-en-afrique-le-role-des-syndicats-au-centre-des-travaux-du19eme-congres-ordinaire-de-lustn"},"wordCount":716,"commentCount":0,"image":{"@id":"https:\/\/www.africa-press.net\/niger\/politique\/la-democratie-et-la-bonne-gouvernance-en-afrique-le-role-des-syndicats-au-centre-des-travaux-du19eme-congres-ordinaire-de-lustn#primaryimage"},"thumbnailUrl":"https:\/\/static.africa-press.net\/niger\/sites\/40\/2021\/09\/img-614df67518a31.jpg","keywords":["Africa Press","Africa Press-Niger","Niger"],"articleSection":["homepage-french","Politique","Top Nouvelles","Toutes les actualit\u00e9s"],"inLanguage":"fr-FR","potentialAction":[{"@type":"CommentAction","name":"Comment","target":["https:\/\/www.africa-press.net\/niger\/politique\/la-democratie-et-la-bonne-gouvernance-en-afrique-le-role-des-syndicats-au-centre-des-travaux-du19eme-congres-ordinaire-de-lustn#respond"]}]},{"@type":"WebPage","@id":"https:\/\/www.africa-press.net\/niger\/politique\/la-democratie-et-la-bonne-gouvernance-en-afrique-le-role-des-syndicats-au-centre-des-travaux-du19eme-congres-ordinaire-de-lustn","url":"https:\/\/www.africa-press.net\/niger\/politique\/la-democratie-et-la-bonne-gouvernance-en-afrique-le-role-des-syndicats-au-centre-des-travaux-du19eme-congres-ordinaire-de-lustn","name":"La D\u00e9mocratie et la bonne gouvernance en Afrique, le r\u00f4le des syndicats, au centre des travaux du19\u00e8me congr\u00e8s ordinaire de l\u2019USTN - niger","isPartOf":{"@id":"https:\/\/www.africa-press.net\/niger\/#website"},"primaryImageOfPage":{"@id":"https:\/\/www.africa-press.net\/niger\/politique\/la-democratie-et-la-bonne-gouvernance-en-afrique-le-role-des-syndicats-au-centre-des-travaux-du19eme-congres-ordinaire-de-lustn#primaryimage"},"image":{"@id":"https:\/\/www.africa-press.net\/niger\/politique\/la-democratie-et-la-bonne-gouvernance-en-afrique-le-role-des-syndicats-au-centre-des-travaux-du19eme-congres-ordinaire-de-lustn#primaryimage"},"thumbnailUrl":"https:\/\/static.africa-press.net\/niger\/sites\/40\/2021\/09\/img-614df67518a31.jpg","datePublished":"2021-09-24T16:41:12+00:00","dateModified":"2021-09-24T21:47:04+00:00","author":{"@id":"https:\/\/www.africa-press.net\/niger\/#\/schema\/person\/2b1cf3cd81a31e3cd26889ca66d677f1"},"description":"Le 19\u00e8me congr\u00e8s ordinaire de l\u2019Union des Syndicats des Travailleurs Nig\u00e9riens (USTN), s\u2019est ouvert, ce vendredi 24 sept ...","breadcrumb":{"@id":"https:\/\/www.africa-press.net\/niger\/politique\/la-democratie-et-la-bonne-gouvernance-en-afrique-le-role-des-syndicats-au-centre-des-travaux-du19eme-congres-ordinaire-de-lustn#breadcrumb"},"inLanguage":"fr-FR","potentialAction":[{"@type":"ReadAction","target":["https:\/\/www.africa-press.net\/niger\/politique\/la-democratie-et-la-bonne-gouvernance-en-afrique-le-role-des-syndicats-au-centre-des-travaux-du19eme-congres-ordinaire-de-lustn"]}]},{"@type":"ImageObject","inLanguage":"fr-FR","@id":"https:\/\/www.africa-press.net\/niger\/politique\/la-democratie-et-la-bonne-gouvernance-en-afrique-le-role-des-syndicats-au-centre-des-travaux-du19eme-congres-ordinaire-de-lustn#primaryimage","url":"https:\/\/static.africa-press.net\/niger\/sites\/40\/2021\/09\/img-614df67518a31.jpg","contentUrl":"https:\/\/static.africa-press.net\/niger\/sites\/40\/2021\/09\/img-614df67518a31.jpg","width":1200,"height":800,"caption":"La D\u00e9mocratie et la bonne gouvernance en Afrique, le r\u00f4le des syndicats, au centre des travaux du19\u00e8me congr\u00e8s ordinaire de l\u2019USTN"},{"@type":"BreadcrumbList","@id":"https:\/\/www.africa-press.net\/niger\/politique\/la-democratie-et-la-bonne-gouvernance-en-afrique-le-role-des-syndicats-au-centre-des-travaux-du19eme-congres-ordinaire-de-lustn#breadcrumb","itemListElement":[{"@type":"ListItem","position":1,"name":"Accueil","item":"https:\/\/www.africa-press.net\/niger\/"},{"@type":"ListItem","position":2,"name":"La D\u00e9mocratie et la bonne gouvernance en Afrique, le r\u00f4le des syndicats, au centre des travaux du19\u00e8me congr\u00e8s ordinaire de l\u2019USTN"}]},{"@type":"WebSite","@id":"https:\/\/www.africa-press.net\/niger\/#website","url":"https:\/\/www.africa-press.net\/niger\/","name":"niger","description":"Just another Africa News Agency Sites site","potentialAction":[{"@type":"SearchAction","target":{"@type":"EntryPoint","urlTemplate":"https:\/\/www.africa-press.net\/niger\/?s={search_term_string}"},"query-input":{"@type":"PropertyValueSpecification","valueRequired":true,"valueName":"search_term_string"}}],"inLanguage":"fr-FR"},{"@type":"Person","@id":"https:\/\/www.africa-press.net\/niger\/#\/schema\/person\/2b1cf3cd81a31e3cd26889ca66d677f1","name":"cfeditorfr"}]}},"_links":{"self":[{"href":"https:\/\/www.africa-press.net\/niger\/wp-json\/wp\/v2\/posts\/12378","targetHints":{"allow":["GET"]}}],"collection":[{"href":"https:\/\/www.africa-press.net\/niger\/wp-json\/wp\/v2\/posts"}],"about":[{"href":"https:\/\/www.africa-press.net\/niger\/wp-json\/wp\/v2\/types\/post"}],"author":[{"embeddable":true,"href":"https:\/\/www.africa-press.net\/niger\/wp-json\/wp\/v2\/users\/82"}],"replies":[{"embeddable":true,"href":"https:\/\/www.africa-press.net\/niger\/wp-json\/wp\/v2\/comments?post=12378"}],"version-history":[{"count":0,"href":"https:\/\/www.africa-press.net\/niger\/wp-json\/wp\/v2\/posts\/12378\/revisions"}],"wp:featuredmedia":[{"embeddable":true,"href":"https:\/\/www.africa-press.net\/niger\/wp-json\/wp\/v2\/media\/12377"}],"wp:attachment":[{"href":"https:\/\/www.africa-press.net\/niger\/wp-json\/wp\/v2\/media?parent=12378"}],"wp:term":[{"taxonomy":"category","embeddable":true,"href":"https:\/\/www.africa-press.net\/niger\/wp-json\/wp\/v2\/categories?post=12378"},{"taxonomy":"post_tag","embeddable":true,"href":"https:\/\/www.africa-press.net\/niger\/wp-json\/wp\/v2\/tags?post=12378"}],"curies":[{"name":"wp","href":"https:\/\/api.w.org\/{rel}","templated":true}]}}