{"id":12384,"date":"2021-09-24T16:55:20","date_gmt":"2021-09-24T16:55:20","guid":{"rendered":"https:\/\/www.africa-press.net\/niger\/?p=12384"},"modified":"2021-09-24T21:37:22","modified_gmt":"2021-09-24T21:37:22","slug":"le-ministre-des-affaires-etrangeres-et-de-la-cooperation-aux-assises-de-la-76eme-assemblee-generale-de-lonu-a-new-york-usa-le-ministre-detat-massoudou-hassoumi-a-rencontre-plusi","status":"publish","type":"post","link":"https:\/\/www.africa-press.net\/niger\/politique\/le-ministre-des-affaires-etrangeres-et-de-la-cooperation-aux-assises-de-la-76eme-assemblee-generale-de-lonu-a-new-york-usa-le-ministre-detat-massoudou-hassoumi-a-rencontre-plusi","title":{"rendered":"Le ministre des Affaires Etrang\u00e8res et de la Coop\u00e9ration aux assises de la 76\u00e8me Assembl\u00e9e G\u00e9n\u00e9rale de l\u2019ONU, \u00e0 New York (USA) : Le ministre d\u2019Etat Massoudou Hassoumi a rencontr\u00e9 plusieurs personnalit\u00e9s"},"content":{"rendered":"<p><span style=\"color: #ff6600\"><strong><a href=\"https:\/\/www.africa-press.net\/\">Africa-Press<\/a> &#8211; <a href=\"https:\/\/www.africa-press.net\/niger\">Niger<\/a>. <\/strong><\/span>En mission \u00e0 New York, aux Etats Unis d\u2019Am\u00e9rique, o\u00f9 il prend part \u00e0 l\u2019Assembl\u00e9e G\u00e9n\u00e9rale de l\u2019organisation des nations Unies (ONU), le ministre d\u2019Etat, ministre des Affaires Etrang\u00e8res et de la Coop\u00e9ration, M. Massoudou Hassoumi, a particip\u00e9, en marge de l\u2019AG de l\u2019ONU, \u00e0 plusieurs rencontres d\u2019ordre bilat\u00e9ral et \u00e0 des r\u00e9unions.<\/p>\n<p>C\u2019est ainsi que, hier jeudi 23 septembre, le ministre d\u2019Etat Massoudou Hassoumi a particip\u00e9 \u00e0 une r\u00e9union du Conseil de S\u00e9curit\u00e9 sur le climat et la s\u00e9curit\u00e9. Dans une allocution qu\u2019il a prononc\u00e9e \u00e0 cette occasion, le ministre d\u2019Etat a assur\u00e9 que le Niger, en tant que copr\u00e9sident du groupe informel d\u2019experts des membres du Conseil de S\u00e9curit\u00e9 sur la question, estime que la prise en compte dans le traitement des dossiers pertinents \u00e0 l\u2019agenda du Conseil de s\u00e9curit\u00e9 est opportune \u00e0 plus d\u2019un titre. Aussi, a-t-il ajout\u00e9, la d\u00e9l\u00e9gation nig\u00e9rienne est favorable \u00e0 l\u2019adoption, par le Conseil, d\u2019une r\u00e9solution sur ce th\u00e8me de fa\u00e7on \u00e0 prendre d\u00fbment en compte les risques s\u00e9curitaires li\u00e9s au changement climatique, en tant qu\u2019\u00e9l\u00e9ment central de l\u2019architecture de paix et de s\u00e9curit\u00e9.<\/p>\n<p>Le ministre des Affaires Etrang\u00e8res et de la Coop\u00e9ration s\u2019est ensuite entretenu avec son homologue de la Turquie, M. Mevl\u00fct \u00c7avu\u015fo\u011flu, sur des questions de coop\u00e9ration bilat\u00e9rale et d\u2019autres sujets d\u2019int\u00e9r\u00eat commun.<\/p>\n<p>Le mercredi 22 septembre 2021, le Ministre d\u2019Etat Massoudou Hassoumi a eu une rencontre avec son homologue fran\u00e7ais, M. Jean-Yves Le Drian. Les \u00e9changes ont port\u00e9 sur des questions relatives \u00e0 la coop\u00e9ration entre la France et le Niger ainsi que d\u2019autres sujets d\u2019int\u00e9r\u00eat commun. M. Massoudou Hassoumi s\u2019est \u00e9galement entretenu avec le Secr\u00e9taire g\u00e9n\u00e9ral de l\u2019OCI, M. Yousef Bin Ahmad Al-Othmaimeen \u00e0 qui il a exprim\u00e9 le soutien du Niger, qui assure la pr\u00e9sidence du Conseil des ministres de l\u2019OCI, sur tous les points pr\u00e9sentant un int\u00e9r\u00eat r\u00e9el pour l\u2019organisation.<\/p>\n<p>D\u2019autre part, le ministre d\u2019Etat Massoudou Hassoumi a eu une r\u00e9union de travail avec le ministre belge en charge des Affaires Etrang\u00e8res, Mme Sophie Wilmes. La rencontre a permis aux deux parties d\u2019\u00e9changer sur des questions de la coop\u00e9ration bilat\u00e9rale, dont des sujets aussi importants que la s\u00e9curit\u00e9 et le climat.<\/p>\n<p>Le ministre d\u2019Etat a aussi particip\u00e9 \u00e0 une r\u00e9union minist\u00e9rielle, avec le ministre allemand et autres ministres europ\u00e9ens, sur le processus de paix en Libye.<\/p>\n<p>Au cours de cette m\u00eame journ\u00e9e du mercredi 22 septembre, le ministre des Affaires Etrang\u00e8res et de la Coop\u00e9ration a particip\u00e9 \u00e0 une r\u00e9union de travail avec son homologue danois, M. Flemming Moller Mortensen.<\/p>\n<p>La veille, mardi 21 septembre, le ministre des Affaires \u00e9trang\u00e8res et de la Coop\u00e9ration, prenait part \u00e0 l\u2019ouverture officielle de la 76\u00e8me Assembl\u00e9e G\u00e9n\u00e9rale de l\u2019ONU, suivie du discours d\u00e9livr\u00e9 par le pr\u00e9sident am\u00e9ricain, SEM. Joe Biden.M. Massoudou Hassoumi s\u2019est ensuite entretenu avec le Vice-Premier ministre, \u00e9galement ministre des Affaires Etrang\u00e8res de l\u2019Ethiopie, SEM Demeke Mekonnen sur des questions ayant trait \u00e0 la coop\u00e9ration bilat\u00e9rale et \u00e0 des sujets d\u2019int\u00e9r\u00eat r\u00e9gional.<\/p>\n<p>Il s\u2019est ensuite entretenu avec M. Filippo Grandi, Haut-Commissaire des Nations Unies pour les r\u00e9fugi\u00e9s. Cette occasion a \u00e9t\u00e9 saisie par le de remercier de vive voix le Niger pour le r\u00f4le qu\u2019il joue dans le cadre de l\u2019accueil humanitaire, notamment en ouvrant largement ses portes pour des milliers de r\u00e9fugi\u00e9s de pays voisins fuyant les violences perp\u00e9tr\u00e9es par les groupes terroristes. Pour sa part, le ministre des Affaires Etrang\u00e8res et de la Coop\u00e9ration a \u00e9voqu\u00e9 les pr\u00e9occupations du Niger relativement \u00e0 la question de la gestion des r\u00e9fugi\u00e9s.<\/p>\n<p>Auparavant, le lundi 20 septembre, le ministre d\u2019Etat Massoudou Hassoumi s\u2019est entretenu avec le ministre d\u2019Etat charg\u00e9 des Affaires Etrang\u00e8res des Emirats Arabe Unis, M. Sheick Shakhboot Bin Nahyan Bin Mubarak Al-Nahyan. Ces \u00e9changes ont port\u00e9 sur le renforcement des relations entre nos deux pays.<\/p>\n<p><b>\u00a0<\/b><\/p>\n","protected":false},"excerpt":{"rendered":"<p>Africa-Press &#8211; Niger. En mission \u00e0 New York, aux Etats Unis d\u2019Am\u00e9rique, o\u00f9 il prend part \u00e0 l\u2019Assembl\u00e9e G\u00e9n\u00e9rale de l\u2019organisation des nations Unies (ONU), le ministre d\u2019Etat, ministre des Affaires Etrang\u00e8res et de la Coop\u00e9ration, M. Massoudou Hassoumi, a particip\u00e9, en marge de l\u2019AG de l\u2019ONU, \u00e0 plusieurs rencontres d\u2019ordre bilat\u00e9ral et \u00e0 des [&hellip;]<\/p>\n","protected":false},"author":82,"featured_media":12383,"comment_status":"open","ping_status":"closed","sticky":false,"template":"","format":"standard","meta":{"footnotes":""},"categories":[11,2,20,10],"tags":[55,60,29],"class_list":["post-12384","post","type-post","status-publish","format-standard","has-post-thumbnail","hentry","category-homepage-french","category-politique","category-top-nouvelles","category-toutes-les-actualites","tag-africa-press","tag-africa-press-niger","tag-niger"],"yoast_head":"<!-- This site is optimized with the Yoast SEO Premium plugin v26.1 (Yoast SEO v27.0) - https:\/\/yoast.com\/product\/yoast-seo-premium-wordpress\/ -->\n<title>Le ministre des Affaires Etrang\u00e8res et de la Coop\u00e9ration aux assises de la 76\u00e8me Assembl\u00e9e G\u00e9n\u00e9rale de l\u2019ONU, \u00e0 New York (USA) : Le ministre d\u2019Etat Massoudou Hassoumi a rencontr\u00e9 plusieurs personnalit\u00e9s - niger<\/title>\n<meta name=\"description\" content=\"\ufeffEn mission \u00e0 New York, aux Etats Unis d\u2019Am\u00e9rique, o\u00f9 il prend part \u00e0 l\u2019Assembl\u00e9e G\u00e9n\u00e9rale de l\u2019organisation des nations ...\" \/>\n<meta name=\"robots\" content=\"index, follow, max-snippet:-1, max-image-preview:large, max-video-preview:-1\" \/>\n<link rel=\"canonical\" href=\"https:\/\/www.africa-press.net\/niger\/politique\/le-ministre-des-affaires-etrangeres-et-de-la-cooperation-aux-assises-de-la-76eme-assemblee-generale-de-lonu-a-new-york-usa-le-ministre-detat-massoudou-hassoumi-a-rencontre-plusi\" \/>\n<meta property=\"og:locale\" content=\"fr_FR\" \/>\n<meta property=\"og:type\" content=\"article\" \/>\n<meta property=\"og:title\" content=\"Le ministre des Affaires Etrang\u00e8res et de la Coop\u00e9ration aux assises de la 76\u00e8me Assembl\u00e9e G\u00e9n\u00e9rale de l\u2019ONU, \u00e0 New York (USA) : Le ministre d\u2019Etat Massoudou Hassoumi a rencontr\u00e9 plusieurs personnalit\u00e9s\" \/>\n<meta property=\"og:description\" content=\"\ufeffEn mission \u00e0 New York, aux Etats Unis d\u2019Am\u00e9rique, o\u00f9 il prend part \u00e0 l\u2019Assembl\u00e9e G\u00e9n\u00e9rale de l\u2019organisation des nations ...\" \/>\n<meta property=\"og:url\" content=\"https:\/\/www.africa-press.net\/niger\/politique\/le-ministre-des-affaires-etrangeres-et-de-la-cooperation-aux-assises-de-la-76eme-assemblee-generale-de-lonu-a-new-york-usa-le-ministre-detat-massoudou-hassoumi-a-rencontre-plusi\" \/>\n<meta property=\"og:site_name\" content=\"niger\" \/>\n<meta property=\"article:published_time\" content=\"2021-09-24T16:55:20+00:00\" \/>\n<meta property=\"article:modified_time\" content=\"2021-09-24T21:37:22+00:00\" \/>\n<meta property=\"og:image\" content=\"https:\/\/static.africa-press.net\/niger\/sites\/40\/2021\/09\/img-614df6bbb285c.jpg\" \/>\n\t<meta property=\"og:image:width\" content=\"720\" \/>\n\t<meta property=\"og:image:height\" content=\"456\" \/>\n\t<meta property=\"og:image:type\" content=\"image\/jpeg\" \/>\n<meta name=\"author\" content=\"cfeditorfr\" \/>\n<meta name=\"twitter:card\" content=\"summary_large_image\" \/>\n<meta name=\"twitter:label1\" content=\"\u00c9crit par\" \/>\n\t<meta name=\"twitter:data1\" content=\"cfeditorfr\" \/>\n\t<meta name=\"twitter:label2\" content=\"Dur\u00e9e de lecture estim\u00e9e\" \/>\n\t<meta name=\"twitter:data2\" content=\"3 minutes\" \/>\n<script type=\"application\/ld+json\" class=\"yoast-schema-graph\">{\"@context\":\"https:\/\/schema.org\",\"@graph\":[{\"@type\":\"Article\",\"@id\":\"https:\/\/www.africa-press.net\/niger\/politique\/le-ministre-des-affaires-etrangeres-et-de-la-cooperation-aux-assises-de-la-76eme-assemblee-generale-de-lonu-a-new-york-usa-le-ministre-detat-massoudou-hassoumi-a-rencontre-plusi#article\",\"isPartOf\":{\"@id\":\"https:\/\/www.africa-press.net\/niger\/politique\/le-ministre-des-affaires-etrangeres-et-de-la-cooperation-aux-assises-de-la-76eme-assemblee-generale-de-lonu-a-new-york-usa-le-ministre-detat-massoudou-hassoumi-a-rencontre-plusi\"},\"author\":{\"name\":\"cfeditorfr\",\"@id\":\"https:\/\/www.africa-press.net\/niger\/#\/schema\/person\/2b1cf3cd81a31e3cd26889ca66d677f1\"},\"headline\":\"Le ministre des Affaires Etrang\u00e8res et de la Coop\u00e9ration aux assises de la 76\u00e8me Assembl\u00e9e G\u00e9n\u00e9rale de l\u2019ONU, \u00e0 New York (USA) : Le ministre d\u2019Etat Massoudou Hassoumi a rencontr\u00e9 plusieurs personnalit\u00e9s\",\"datePublished\":\"2021-09-24T16:55:20+00:00\",\"dateModified\":\"2021-09-24T21:37:22+00:00\",\"mainEntityOfPage\":{\"@id\":\"https:\/\/www.africa-press.net\/niger\/politique\/le-ministre-des-affaires-etrangeres-et-de-la-cooperation-aux-assises-de-la-76eme-assemblee-generale-de-lonu-a-new-york-usa-le-ministre-detat-massoudou-hassoumi-a-rencontre-plusi\"},\"wordCount\":767,\"commentCount\":0,\"image\":{\"@id\":\"https:\/\/www.africa-press.net\/niger\/politique\/le-ministre-des-affaires-etrangeres-et-de-la-cooperation-aux-assises-de-la-76eme-assemblee-generale-de-lonu-a-new-york-usa-le-ministre-detat-massoudou-hassoumi-a-rencontre-plusi#primaryimage\"},\"thumbnailUrl\":\"https:\/\/static.africa-press.net\/niger\/sites\/40\/2021\/09\/img-614df6bbb285c.jpg\",\"keywords\":[\"Africa Press\",\"Africa Press-Niger\",\"Niger\"],\"articleSection\":[\"homepage-french\",\"Politique\",\"Top Nouvelles\",\"Toutes les actualit\u00e9s\"],\"inLanguage\":\"fr-FR\",\"potentialAction\":[{\"@type\":\"CommentAction\",\"name\":\"Comment\",\"target\":[\"https:\/\/www.africa-press.net\/niger\/politique\/le-ministre-des-affaires-etrangeres-et-de-la-cooperation-aux-assises-de-la-76eme-assemblee-generale-de-lonu-a-new-york-usa-le-ministre-detat-massoudou-hassoumi-a-rencontre-plusi#respond\"]}]},{\"@type\":\"WebPage\",\"@id\":\"https:\/\/www.africa-press.net\/niger\/politique\/le-ministre-des-affaires-etrangeres-et-de-la-cooperation-aux-assises-de-la-76eme-assemblee-generale-de-lonu-a-new-york-usa-le-ministre-detat-massoudou-hassoumi-a-rencontre-plusi\",\"url\":\"https:\/\/www.africa-press.net\/niger\/politique\/le-ministre-des-affaires-etrangeres-et-de-la-cooperation-aux-assises-de-la-76eme-assemblee-generale-de-lonu-a-new-york-usa-le-ministre-detat-massoudou-hassoumi-a-rencontre-plusi\",\"name\":\"Le ministre des Affaires Etrang\u00e8res et de la Coop\u00e9ration aux assises de la 76\u00e8me Assembl\u00e9e G\u00e9n\u00e9rale de l\u2019ONU, \u00e0 New York (USA) : Le ministre d\u2019Etat Massoudou Hassoumi a rencontr\u00e9 plusieurs personnalit\u00e9s - niger\",\"isPartOf\":{\"@id\":\"https:\/\/www.africa-press.net\/niger\/#website\"},\"primaryImageOfPage\":{\"@id\":\"https:\/\/www.africa-press.net\/niger\/politique\/le-ministre-des-affaires-etrangeres-et-de-la-cooperation-aux-assises-de-la-76eme-assemblee-generale-de-lonu-a-new-york-usa-le-ministre-detat-massoudou-hassoumi-a-rencontre-plusi#primaryimage\"},\"image\":{\"@id\":\"https:\/\/www.africa-press.net\/niger\/politique\/le-ministre-des-affaires-etrangeres-et-de-la-cooperation-aux-assises-de-la-76eme-assemblee-generale-de-lonu-a-new-york-usa-le-ministre-detat-massoudou-hassoumi-a-rencontre-plusi#primaryimage\"},\"thumbnailUrl\":\"https:\/\/static.africa-press.net\/niger\/sites\/40\/2021\/09\/img-614df6bbb285c.jpg\",\"datePublished\":\"2021-09-24T16:55:20+00:00\",\"dateModified\":\"2021-09-24T21:37:22+00:00\",\"author\":{\"@id\":\"https:\/\/www.africa-press.net\/niger\/#\/schema\/person\/2b1cf3cd81a31e3cd26889ca66d677f1\"},\"description\":\"\ufeffEn mission \u00e0 New York, aux Etats Unis d\u2019Am\u00e9rique, o\u00f9 il prend part \u00e0 l\u2019Assembl\u00e9e G\u00e9n\u00e9rale de l\u2019organisation des nations ...\",\"breadcrumb\":{\"@id\":\"https:\/\/www.africa-press.net\/niger\/politique\/le-ministre-des-affaires-etrangeres-et-de-la-cooperation-aux-assises-de-la-76eme-assemblee-generale-de-lonu-a-new-york-usa-le-ministre-detat-massoudou-hassoumi-a-rencontre-plusi#breadcrumb\"},\"inLanguage\":\"fr-FR\",\"potentialAction\":[{\"@type\":\"ReadAction\",\"target\":[\"https:\/\/www.africa-press.net\/niger\/politique\/le-ministre-des-affaires-etrangeres-et-de-la-cooperation-aux-assises-de-la-76eme-assemblee-generale-de-lonu-a-new-york-usa-le-ministre-detat-massoudou-hassoumi-a-rencontre-plusi\"]}]},{\"@type\":\"ImageObject\",\"inLanguage\":\"fr-FR\",\"@id\":\"https:\/\/www.africa-press.net\/niger\/politique\/le-ministre-des-affaires-etrangeres-et-de-la-cooperation-aux-assises-de-la-76eme-assemblee-generale-de-lonu-a-new-york-usa-le-ministre-detat-massoudou-hassoumi-a-rencontre-plusi#primaryimage\",\"url\":\"https:\/\/static.africa-press.net\/niger\/sites\/40\/2021\/09\/img-614df6bbb285c.jpg\",\"contentUrl\":\"https:\/\/static.africa-press.net\/niger\/sites\/40\/2021\/09\/img-614df6bbb285c.jpg\",\"width\":720,\"height\":456,\"caption\":\"Le ministre des Affaires Etrang\u00e8res et de la Coop\u00e9ration aux assises de la 76\u00e8me Assembl\u00e9e G\u00e9n\u00e9rale de l\u2019ONU, \u00e0 New York (USA) : Le ministre d\u2019Etat Massoudou Hassoumi a rencontr\u00e9 plusieurs personnalit\u00e9s\"},{\"@type\":\"BreadcrumbList\",\"@id\":\"https:\/\/www.africa-press.net\/niger\/politique\/le-ministre-des-affaires-etrangeres-et-de-la-cooperation-aux-assises-de-la-76eme-assemblee-generale-de-lonu-a-new-york-usa-le-ministre-detat-massoudou-hassoumi-a-rencontre-plusi#breadcrumb\",\"itemListElement\":[{\"@type\":\"ListItem\",\"position\":1,\"name\":\"Accueil\",\"item\":\"https:\/\/www.africa-press.net\/niger\/\"},{\"@type\":\"ListItem\",\"position\":2,\"name\":\"Le ministre des Affaires Etrang\u00e8res et de la Coop\u00e9ration aux assises de la 76\u00e8me Assembl\u00e9e G\u00e9n\u00e9rale de l\u2019ONU, \u00e0 New York (USA) : Le ministre d\u2019Etat Massoudou Hassoumi a rencontr\u00e9 plusieurs personnalit\u00e9s\"}]},{\"@type\":\"WebSite\",\"@id\":\"https:\/\/www.africa-press.net\/niger\/#website\",\"url\":\"https:\/\/www.africa-press.net\/niger\/\",\"name\":\"niger\",\"description\":\"Just another Africa News Agency Sites site\",\"potentialAction\":[{\"@type\":\"SearchAction\",\"target\":{\"@type\":\"EntryPoint\",\"urlTemplate\":\"https:\/\/www.africa-press.net\/niger\/?s={search_term_string}\"},\"query-input\":{\"@type\":\"PropertyValueSpecification\",\"valueRequired\":true,\"valueName\":\"search_term_string\"}}],\"inLanguage\":\"fr-FR\"},{\"@type\":\"Person\",\"@id\":\"https:\/\/www.africa-press.net\/niger\/#\/schema\/person\/2b1cf3cd81a31e3cd26889ca66d677f1\",\"name\":\"cfeditorfr\"}]}<\/script>\n<!-- \/ Yoast SEO Premium plugin. -->","yoast_head_json":{"title":"Le ministre des Affaires Etrang\u00e8res et de la Coop\u00e9ration aux assises de la 76\u00e8me Assembl\u00e9e G\u00e9n\u00e9rale de l\u2019ONU, \u00e0 New York (USA) : Le ministre d\u2019Etat Massoudou Hassoumi a rencontr\u00e9 plusieurs personnalit\u00e9s - niger","description":"\ufeffEn mission \u00e0 New York, aux Etats Unis d\u2019Am\u00e9rique, o\u00f9 il prend part \u00e0 l\u2019Assembl\u00e9e G\u00e9n\u00e9rale de l\u2019organisation des nations ...","robots":{"index":"index","follow":"follow","max-snippet":"max-snippet:-1","max-image-preview":"max-image-preview:large","max-video-preview":"max-video-preview:-1"},"canonical":"https:\/\/www.africa-press.net\/niger\/politique\/le-ministre-des-affaires-etrangeres-et-de-la-cooperation-aux-assises-de-la-76eme-assemblee-generale-de-lonu-a-new-york-usa-le-ministre-detat-massoudou-hassoumi-a-rencontre-plusi","og_locale":"fr_FR","og_type":"article","og_title":"Le ministre des Affaires Etrang\u00e8res et de la Coop\u00e9ration aux assises de la 76\u00e8me Assembl\u00e9e G\u00e9n\u00e9rale de l\u2019ONU, \u00e0 New York (USA) : Le ministre d\u2019Etat Massoudou Hassoumi a rencontr\u00e9 plusieurs personnalit\u00e9s","og_description":"\ufeffEn mission \u00e0 New York, aux Etats Unis d\u2019Am\u00e9rique, o\u00f9 il prend part \u00e0 l\u2019Assembl\u00e9e G\u00e9n\u00e9rale de l\u2019organisation des nations ...","og_url":"https:\/\/www.africa-press.net\/niger\/politique\/le-ministre-des-affaires-etrangeres-et-de-la-cooperation-aux-assises-de-la-76eme-assemblee-generale-de-lonu-a-new-york-usa-le-ministre-detat-massoudou-hassoumi-a-rencontre-plusi","og_site_name":"niger","article_published_time":"2021-09-24T16:55:20+00:00","article_modified_time":"2021-09-24T21:37:22+00:00","og_image":[{"width":720,"height":456,"url":"https:\/\/static.africa-press.net\/niger\/sites\/40\/2021\/09\/img-614df6bbb285c.jpg","type":"image\/jpeg"}],"author":"cfeditorfr","twitter_card":"summary_large_image","twitter_misc":{"\u00c9crit par":"cfeditorfr","Dur\u00e9e de lecture estim\u00e9e":"3 minutes"},"schema":{"@context":"https:\/\/schema.org","@graph":[{"@type":"Article","@id":"https:\/\/www.africa-press.net\/niger\/politique\/le-ministre-des-affaires-etrangeres-et-de-la-cooperation-aux-assises-de-la-76eme-assemblee-generale-de-lonu-a-new-york-usa-le-ministre-detat-massoudou-hassoumi-a-rencontre-plusi#article","isPartOf":{"@id":"https:\/\/www.africa-press.net\/niger\/politique\/le-ministre-des-affaires-etrangeres-et-de-la-cooperation-aux-assises-de-la-76eme-assemblee-generale-de-lonu-a-new-york-usa-le-ministre-detat-massoudou-hassoumi-a-rencontre-plusi"},"author":{"name":"cfeditorfr","@id":"https:\/\/www.africa-press.net\/niger\/#\/schema\/person\/2b1cf3cd81a31e3cd26889ca66d677f1"},"headline":"Le ministre des Affaires Etrang\u00e8res et de la Coop\u00e9ration aux assises de la 76\u00e8me Assembl\u00e9e G\u00e9n\u00e9rale de l\u2019ONU, \u00e0 New York (USA) : Le ministre d\u2019Etat Massoudou Hassoumi a rencontr\u00e9 plusieurs personnalit\u00e9s","datePublished":"2021-09-24T16:55:20+00:00","dateModified":"2021-09-24T21:37:22+00:00","mainEntityOfPage":{"@id":"https:\/\/www.africa-press.net\/niger\/politique\/le-ministre-des-affaires-etrangeres-et-de-la-cooperation-aux-assises-de-la-76eme-assemblee-generale-de-lonu-a-new-york-usa-le-ministre-detat-massoudou-hassoumi-a-rencontre-plusi"},"wordCount":767,"commentCount":0,"image":{"@id":"https:\/\/www.africa-press.net\/niger\/politique\/le-ministre-des-affaires-etrangeres-et-de-la-cooperation-aux-assises-de-la-76eme-assemblee-generale-de-lonu-a-new-york-usa-le-ministre-detat-massoudou-hassoumi-a-rencontre-plusi#primaryimage"},"thumbnailUrl":"https:\/\/static.africa-press.net\/niger\/sites\/40\/2021\/09\/img-614df6bbb285c.jpg","keywords":["Africa Press","Africa Press-Niger","Niger"],"articleSection":["homepage-french","Politique","Top Nouvelles","Toutes les actualit\u00e9s"],"inLanguage":"fr-FR","potentialAction":[{"@type":"CommentAction","name":"Comment","target":["https:\/\/www.africa-press.net\/niger\/politique\/le-ministre-des-affaires-etrangeres-et-de-la-cooperation-aux-assises-de-la-76eme-assemblee-generale-de-lonu-a-new-york-usa-le-ministre-detat-massoudou-hassoumi-a-rencontre-plusi#respond"]}]},{"@type":"WebPage","@id":"https:\/\/www.africa-press.net\/niger\/politique\/le-ministre-des-affaires-etrangeres-et-de-la-cooperation-aux-assises-de-la-76eme-assemblee-generale-de-lonu-a-new-york-usa-le-ministre-detat-massoudou-hassoumi-a-rencontre-plusi","url":"https:\/\/www.africa-press.net\/niger\/politique\/le-ministre-des-affaires-etrangeres-et-de-la-cooperation-aux-assises-de-la-76eme-assemblee-generale-de-lonu-a-new-york-usa-le-ministre-detat-massoudou-hassoumi-a-rencontre-plusi","name":"Le ministre des Affaires Etrang\u00e8res et de la Coop\u00e9ration aux assises de la 76\u00e8me Assembl\u00e9e G\u00e9n\u00e9rale de l\u2019ONU, \u00e0 New York (USA) : Le ministre d\u2019Etat Massoudou Hassoumi a rencontr\u00e9 plusieurs personnalit\u00e9s - niger","isPartOf":{"@id":"https:\/\/www.africa-press.net\/niger\/#website"},"primaryImageOfPage":{"@id":"https:\/\/www.africa-press.net\/niger\/politique\/le-ministre-des-affaires-etrangeres-et-de-la-cooperation-aux-assises-de-la-76eme-assemblee-generale-de-lonu-a-new-york-usa-le-ministre-detat-massoudou-hassoumi-a-rencontre-plusi#primaryimage"},"image":{"@id":"https:\/\/www.africa-press.net\/niger\/politique\/le-ministre-des-affaires-etrangeres-et-de-la-cooperation-aux-assises-de-la-76eme-assemblee-generale-de-lonu-a-new-york-usa-le-ministre-detat-massoudou-hassoumi-a-rencontre-plusi#primaryimage"},"thumbnailUrl":"https:\/\/static.africa-press.net\/niger\/sites\/40\/2021\/09\/img-614df6bbb285c.jpg","datePublished":"2021-09-24T16:55:20+00:00","dateModified":"2021-09-24T21:37:22+00:00","author":{"@id":"https:\/\/www.africa-press.net\/niger\/#\/schema\/person\/2b1cf3cd81a31e3cd26889ca66d677f1"},"description":"\ufeffEn mission \u00e0 New York, aux Etats Unis d\u2019Am\u00e9rique, o\u00f9 il prend part \u00e0 l\u2019Assembl\u00e9e G\u00e9n\u00e9rale de l\u2019organisation des nations ...","breadcrumb":{"@id":"https:\/\/www.africa-press.net\/niger\/politique\/le-ministre-des-affaires-etrangeres-et-de-la-cooperation-aux-assises-de-la-76eme-assemblee-generale-de-lonu-a-new-york-usa-le-ministre-detat-massoudou-hassoumi-a-rencontre-plusi#breadcrumb"},"inLanguage":"fr-FR","potentialAction":[{"@type":"ReadAction","target":["https:\/\/www.africa-press.net\/niger\/politique\/le-ministre-des-affaires-etrangeres-et-de-la-cooperation-aux-assises-de-la-76eme-assemblee-generale-de-lonu-a-new-york-usa-le-ministre-detat-massoudou-hassoumi-a-rencontre-plusi"]}]},{"@type":"ImageObject","inLanguage":"fr-FR","@id":"https:\/\/www.africa-press.net\/niger\/politique\/le-ministre-des-affaires-etrangeres-et-de-la-cooperation-aux-assises-de-la-76eme-assemblee-generale-de-lonu-a-new-york-usa-le-ministre-detat-massoudou-hassoumi-a-rencontre-plusi#primaryimage","url":"https:\/\/static.africa-press.net\/niger\/sites\/40\/2021\/09\/img-614df6bbb285c.jpg","contentUrl":"https:\/\/static.africa-press.net\/niger\/sites\/40\/2021\/09\/img-614df6bbb285c.jpg","width":720,"height":456,"caption":"Le ministre des Affaires Etrang\u00e8res et de la Coop\u00e9ration aux assises de la 76\u00e8me Assembl\u00e9e G\u00e9n\u00e9rale de l\u2019ONU, \u00e0 New York (USA) : Le ministre d\u2019Etat Massoudou Hassoumi a rencontr\u00e9 plusieurs personnalit\u00e9s"},{"@type":"BreadcrumbList","@id":"https:\/\/www.africa-press.net\/niger\/politique\/le-ministre-des-affaires-etrangeres-et-de-la-cooperation-aux-assises-de-la-76eme-assemblee-generale-de-lonu-a-new-york-usa-le-ministre-detat-massoudou-hassoumi-a-rencontre-plusi#breadcrumb","itemListElement":[{"@type":"ListItem","position":1,"name":"Accueil","item":"https:\/\/www.africa-press.net\/niger\/"},{"@type":"ListItem","position":2,"name":"Le ministre des Affaires Etrang\u00e8res et de la Coop\u00e9ration aux assises de la 76\u00e8me Assembl\u00e9e G\u00e9n\u00e9rale de l\u2019ONU, \u00e0 New York (USA) : Le ministre d\u2019Etat Massoudou Hassoumi a rencontr\u00e9 plusieurs personnalit\u00e9s"}]},{"@type":"WebSite","@id":"https:\/\/www.africa-press.net\/niger\/#website","url":"https:\/\/www.africa-press.net\/niger\/","name":"niger","description":"Just another Africa News Agency Sites site","potentialAction":[{"@type":"SearchAction","target":{"@type":"EntryPoint","urlTemplate":"https:\/\/www.africa-press.net\/niger\/?s={search_term_string}"},"query-input":{"@type":"PropertyValueSpecification","valueRequired":true,"valueName":"search_term_string"}}],"inLanguage":"fr-FR"},{"@type":"Person","@id":"https:\/\/www.africa-press.net\/niger\/#\/schema\/person\/2b1cf3cd81a31e3cd26889ca66d677f1","name":"cfeditorfr"}]}},"_links":{"self":[{"href":"https:\/\/www.africa-press.net\/niger\/wp-json\/wp\/v2\/posts\/12384","targetHints":{"allow":["GET"]}}],"collection":[{"href":"https:\/\/www.africa-press.net\/niger\/wp-json\/wp\/v2\/posts"}],"about":[{"href":"https:\/\/www.africa-press.net\/niger\/wp-json\/wp\/v2\/types\/post"}],"author":[{"embeddable":true,"href":"https:\/\/www.africa-press.net\/niger\/wp-json\/wp\/v2\/users\/82"}],"replies":[{"embeddable":true,"href":"https:\/\/www.africa-press.net\/niger\/wp-json\/wp\/v2\/comments?post=12384"}],"version-history":[{"count":0,"href":"https:\/\/www.africa-press.net\/niger\/wp-json\/wp\/v2\/posts\/12384\/revisions"}],"wp:featuredmedia":[{"embeddable":true,"href":"https:\/\/www.africa-press.net\/niger\/wp-json\/wp\/v2\/media\/12383"}],"wp:attachment":[{"href":"https:\/\/www.africa-press.net\/niger\/wp-json\/wp\/v2\/media?parent=12384"}],"wp:term":[{"taxonomy":"category","embeddable":true,"href":"https:\/\/www.africa-press.net\/niger\/wp-json\/wp\/v2\/categories?post=12384"},{"taxonomy":"post_tag","embeddable":true,"href":"https:\/\/www.africa-press.net\/niger\/wp-json\/wp\/v2\/tags?post=12384"}],"curies":[{"name":"wp","href":"https:\/\/api.w.org\/{rel}","templated":true}]}}