{"id":12390,"date":"2021-09-24T17:11:33","date_gmt":"2021-09-24T17:11:33","guid":{"rendered":"https:\/\/www.africa-press.net\/niger\/?p=12390"},"modified":"2021-09-24T21:39:12","modified_gmt":"2021-09-24T21:39:12","slug":"au-coeur-des-decharges-publiques-la-collecte-du-recyclable-se-porte-bien","status":"publish","type":"post","link":"https:\/\/www.africa-press.net\/niger\/toutes-les-actualites\/au-coeur-des-decharges-publiques-la-collecte-du-recyclable-se-porte-bien","title":{"rendered":"Au c\u0153ur des d\u00e9charges publiques : La collecte du recyclable se porte bien"},"content":{"rendered":"<p><span style=\"color: #ff6600\"><strong><a href=\"https:\/\/www.africa-press.net\/\">Africa-Press<\/a> &#8211; <a href=\"https:\/\/www.africa-press.net\/niger\">Niger<\/a>. <\/strong><\/span>L\u2019\u00e9crivain malien Amadou Kon\u00e9 disait que : \u00ab le travail m\u00eame s\u2019il n\u2019arrive pas \u00e0 sortir l\u2019homme de sa mis\u00e8re, lui garantit au moins sa dignit\u00e9 \u00bb. C\u2019est \u00e0 la recherche de cette dignit\u00e9 que des hommes et des femmes se livrent \u00e0 la collecte des objets us\u00e9s dans les d\u00e9charges pour assurer leur survie. Au c\u0153ur d\u2019une ancienne carri\u00e8re sise au quartier Koubia, devenue aujourd\u2019hui une d\u00e9charge, des hommes et des femmes se sont install\u00e9s et positionn\u00e9s en attente d\u2019\u00e9ventuels d\u00e9chargeurs d\u2019ordures.<\/p>\n<p>Ils ont install\u00e9s des hangars de fortune au milieu des immondices malgr\u00e9 les contraintes sanitaires, sociales et les al\u00e9as climatiques. En cette soir\u00e9e du Samedi 18 Septembre 2021, nombreux \u00e9taient c\u00e2bl\u00e9s autour des d\u00e9charges. Chacun vaquait \u00e0 ses occupations se r\u00e9sumant \u00e0 la collecte, au nettoyage, \u00e0 la pes\u00e9e, et \u00e0 la paie des jeunes ayant livr\u00e9 leurs produits. C\u2019est un travail harassant, mais qui honore son homme. Des bouteilles l\u00e9g\u00e8res et solides en plastique, en passant par des bo\u00eetes de canettes, du fer, des plastiques solides\u2026 ici tout se ramasse et se vend \u00e0 la satisfaction de ceux qui \u0153uvrent dans ce m\u00e9tier. En effet, au niveau de ces d\u00e9charges, les camionneurs ainsi que les chariots d\u00e9chargent. Sur place, les collecteurs ruaient sur les d\u00e9charges qui pour ramasser des bouteilles en plastiques, qui pour collecter des objets en plastiques solides, en m\u00e9tal, et des morceaux de fer. Les alentours des d\u00e9charges sont devenus un centre d\u2019affaires et chacun trouve son compte. La promptitude dans la collecte est de mise. Il faut \u00eatre matinal pour que la moisson soit importante. Tr\u00e8s t\u00f4t le matin, hommes, femmes et enfants sont positionn\u00e9s et attendent impatiemment leurs principaux fournisseurs. D\u00e8s qu\u2019ils aper\u00e7oivent les camions, c\u2019est la course au ramassage. Fouiller et prendre les objets les plus pr\u00e9cieux, tel est le quotidien de braves hommes, femmes et enfants \u0153uvrant inlassablement aux alentours des d\u00e9charges. Ils savent que chaque objet a de la valeur et, est utile pour d\u2019autres personnes. Les objets sont tri\u00e9s et class\u00e9s par cat\u00e9gories. Certes, c\u2019est un travail harassant, mais qui g\u00e9n\u00e8re des ressources.<\/p>\n<p>Mahamadou Namata a choisi ce travail compte tenu des difficult\u00e9s d\u2019acc\u00e9der \u00e0 certains emplois, dit-il. Il a interrompu sa scolarit\u00e9 en classe de 4e au CEG 35 de Niamey pour des raisons personnelles. Il a d\u00e9but\u00e9 ce m\u00e9tier depuis plus de cinq ans. Ce qui lui a permis de se marier et organiser tout r\u00e9cemment le mariage de son enfant. Il vit actuellement \u00e0 Niamey avec sa famille. Mahamadou ach\u00e8te entre autres des bouteilles et des bidons en plastique ainsi que des morceaux de fer us\u00e9s et des m\u00e9taux. Concernant les bidons, il ach\u00e8te la bouteille de 0,5 litres \u00e0 5 FCFA. Apr\u00e8s l\u2019avoir nettoy\u00e9e, il la revend \u00e0 10 FCFA afin d\u2019engranger un b\u00e9n\u00e9fice de 5 FCFA sur chaque bidon. Assis devant un lot de bidons bien lav\u00e9s, il a confi\u00e9 que ce lot peut co\u00fbter environ 10.000FCFA repr\u00e9sentant une partie de la traite journali\u00e8re. Pour les bouteilles en verre, elles se vendent \u00e0 50FCFA, 100F CFA, et 150 FCA selon la qualit\u00e9 et la dimension. Ce sont des bouteilles de bi\u00e8re et de vin. Les bouteilles en verre sont export\u00e9es vers les pays c\u00f4tiers, tandis que les bouteilles en plastique sont revendues sur place. Le jeune p\u00e8re s\u2019est dit fier de ce travail apr\u00e8s avoir montr\u00e9 l\u2019envoi qu\u2019il vient d\u2019effectuer dans son village natal \u00e0 destination de ses parents. M. Mahamadou a not\u00e9 avoir souvent enregistr\u00e9 des chiffres d\u2019affaires de plus de 15.000FCFA par jour. Cela d\u00e9pend \u00e9galement des divers param\u00e8tres conditionn\u00e9s par les circonstances. Pour ce qui est des conditions de travail au regard des risques qu\u2019ils encourent, il a confi\u00e9 avoir \u00e9t\u00e9 sensibilis\u00e9 par les agents de la municipalit\u00e9. Ce qui explique qu\u2019ils sont prot\u00e9g\u00e9s en portant des gangs et de bottes afin d\u2019\u00eatre \u00e0 l\u2019abri des maladies li\u00e9es \u00e0 l\u2019assainissement et l\u2019hygi\u00e8ne. Certes, ils ont ralenti les activit\u00e9s pendant la p\u00e9riode de pic de la pand\u00e9mie de la COVID-19, mais ils ont repris du fait qu\u2019il s\u2019agit de leur survie. Il a rassur\u00e9 que depuis qu\u2019il a entrepris cette activit\u00e9 il n\u2019a jamais \u00e9t\u00e9 victime d\u2019une quelconque maladie. Il a par ailleurs montr\u00e9 la marmite dans laquelle, ils pr\u00e9parent \u00e0 manger sur leur lieu de travail. M. Mahamadou Namata a soulign\u00e9 \u00eatre solidaire avec tous ceux avec qui ils travaillent. A l\u2019heure du d\u00e9jeuner, ils se retrouvent en groupe pour manger. Ce qui traduit l\u2019esprit de solidarit\u00e9 existant entre eux.<\/p>\n<p>Pour sa part, M. Zabeirou Abdou, a indiqu\u00e9 \u00e9galement exerc\u00e9 ce travail depuis des ann\u00e9es. C\u2019est gr\u00e2ce \u00e0 ce m\u00e9tier qu\u2019il a satisfait les besoins de sa famille. Il est \u00e0 pied d\u2019\u0153uvre pour se prot\u00e9ger de toutes les maladies en portant des gangs et des bottes. Il a clam\u00e9 \u00eatre fier de ce travail avant de confier qu\u2019il travaille avec des \u00e9tudiants qui sont \u00e0 l\u2019Universit\u00e9. \u00ab Nous travaillons avec deux \u00e9tudiants de l\u2019Universit\u00e9 dont l\u2019un \u00e0 m\u00eame un taxi. Ils partent \u00e0 l\u2019Universit\u00e9 en dehors des heures du travail \u00bb. Parlant de ses affaires, il a not\u00e9 qu\u2019il ach\u00e8te aupr\u00e8s des ramasseurs de bouteilles, de bidons, de morceaux de fer. Il a expliqu\u00e9 que le kilogramme de fer s\u2019ach\u00e8te \u00e0 125 FCFA afin d\u2019\u00eatre revendu \u00e0 135 FCFA aux grossistes qui exportent vers le Nig\u00e9ria, le Ghana, le Togo, et le B\u00e9nin. Pour ce qui est des m\u00e9taux, une partie est vendue aux forgerons pour la confection des marmites et autres ustensiles telles que les louches, les cuill\u00e8res, etc. Il s\u2019est r\u00e9joui de ce qu\u2019il est en train de faire et estime avoir pris des dispositions pour se prot\u00e9ger des \u00e9ventuels risques. Il a soulign\u00e9 qu\u2019ils sont issus de divers horizons du pays et chacun s\u2019en sort tant bien que mal.<\/p>\n<p>Quant \u00e0 Elhadj Mahamadou il excelle dans l\u2019achat et la vente des objets us\u00e9s depuis des ann\u00e9es. Il s\u2019approvisionne aupr\u00e8s des ramasseurs de bouteilles, de boites de canettes, de bidons de 0,5 litres, de morceaux de fer, etc. Selon lui, les plastiques solides sont d\u2019abord concass\u00e9s, puis broy\u00e9s au niveau d\u2019une usine qui est install\u00e9e non loin des d\u00e9charges avant d\u2019\u00eatre mis en sac, et ensuite exporter vers le Ghana. Les morceaux de fer sont transport\u00e9s vers le B\u00e9nin, le Nig\u00e9ria, et le Togo. Concernant les bouteilles de 0,5 litres, elles sont export\u00e9es \u00e0 Kantchari \u00e0 la fronti\u00e8re avec le Burkina, et une partie est \u00e9coul\u00e9e sur place. Le kilogramme de fer se vend \u00e0 125 FCFA. Les ramasseurs prennent leur temps pour concasser. C\u2019est un travail qui demande de la patience et de la pers\u00e9v\u00e9rance.<\/p>\n<p>Des m\u00e8res de familles et des enfants excellent dans ce travail. C\u2019est le cas du jeune Moussa qui profite des grandes vacances pour collecter et revendre des objets. Il explique qu\u2019il proc\u00e8de d\u2019abord \u00e0 la collecte des objets pendant deux semaines avant de les revendre. Il gagne environ 30.000 FCFA en deux semaines de collecte. D\u2019une dizaine d\u2019ann\u00e9es, cet enfant r\u00e9sident au quartier Koubia, assiste ses parents \u00e0 travers ce travail.<\/p>\n<p>Si certains s\u2019installent autour des d\u00e9charges et attendent les camionneurs, d\u2019autres passent de porte \u00e0 porte pour v\u00e9rifier et collecter tout ce qui est utilisable pour la prosp\u00e9rit\u00e9 de leurs affaires.<\/p>\n<p><b>\u00a0<\/b><\/p>\n","protected":false},"excerpt":{"rendered":"<p>Africa-Press &#8211; Niger. L\u2019\u00e9crivain malien Amadou Kon\u00e9 disait que : \u00ab le travail m\u00eame s\u2019il n\u2019arrive pas \u00e0 sortir l\u2019homme de sa mis\u00e8re, lui garantit au moins sa dignit\u00e9 \u00bb. C\u2019est \u00e0 la recherche de cette dignit\u00e9 que des hommes et des femmes se livrent \u00e0 la collecte des objets us\u00e9s dans les d\u00e9charges pour [&hellip;]<\/p>\n","protected":false},"author":82,"featured_media":12389,"comment_status":"open","ping_status":"closed","sticky":false,"template":"","format":"standard","meta":{"footnotes":""},"categories":[21,11,10],"tags":[55,60,29],"class_list":["post-12390","post","type-post","status-publish","format-standard","has-post-thumbnail","hentry","category-communaute","category-homepage-french","category-toutes-les-actualites","tag-africa-press","tag-africa-press-niger","tag-niger"],"yoast_head":"<!-- This site is optimized with the Yoast SEO Premium plugin v26.1 (Yoast SEO v27.0) - https:\/\/yoast.com\/product\/yoast-seo-premium-wordpress\/ -->\n<title>Au c\u0153ur des d\u00e9charges publiques : La collecte du recyclable se porte bien - niger<\/title>\n<meta name=\"description\" content=\"\ufeffL\u2019\u00e9crivain malien Amadou Kon\u00e9 disait que : \u00ab le travail m\u00eame s\u2019il n\u2019arrive pas \u00e0 sortir l\u2019homme de sa mis\u00e8re, lui garan ...\" \/>\n<meta name=\"robots\" content=\"index, follow, max-snippet:-1, max-image-preview:large, max-video-preview:-1\" \/>\n<link rel=\"canonical\" href=\"https:\/\/www.africa-press.net\/niger\/toutes-les-actualites\/au-coeur-des-decharges-publiques-la-collecte-du-recyclable-se-porte-bien\" \/>\n<meta property=\"og:locale\" content=\"fr_FR\" \/>\n<meta property=\"og:type\" content=\"article\" \/>\n<meta property=\"og:title\" content=\"Au c\u0153ur des d\u00e9charges publiques : La collecte du recyclable se porte bien\" \/>\n<meta property=\"og:description\" content=\"\ufeffL\u2019\u00e9crivain malien Amadou Kon\u00e9 disait que : \u00ab le travail m\u00eame s\u2019il n\u2019arrive pas \u00e0 sortir l\u2019homme de sa mis\u00e8re, lui garan ...\" \/>\n<meta property=\"og:url\" content=\"https:\/\/www.africa-press.net\/niger\/toutes-les-actualites\/au-coeur-des-decharges-publiques-la-collecte-du-recyclable-se-porte-bien\" \/>\n<meta property=\"og:site_name\" content=\"niger\" \/>\n<meta property=\"article:published_time\" content=\"2021-09-24T17:11:33+00:00\" \/>\n<meta property=\"article:modified_time\" content=\"2021-09-24T21:39:12+00:00\" \/>\n<meta property=\"og:image\" content=\"https:\/\/static.africa-press.net\/niger\/sites\/40\/2021\/09\/img-614df7055e4e8.jpg\" \/>\n\t<meta property=\"og:image:width\" content=\"720\" \/>\n\t<meta property=\"og:image:height\" content=\"438\" \/>\n\t<meta property=\"og:image:type\" content=\"image\/jpeg\" \/>\n<meta name=\"author\" content=\"cfeditorfr\" \/>\n<meta name=\"twitter:card\" content=\"summary_large_image\" \/>\n<meta name=\"twitter:label1\" content=\"\u00c9crit par\" \/>\n\t<meta name=\"twitter:data1\" content=\"cfeditorfr\" \/>\n\t<meta name=\"twitter:label2\" content=\"Dur\u00e9e de lecture estim\u00e9e\" \/>\n\t<meta name=\"twitter:data2\" content=\"7 minutes\" \/>\n<script type=\"application\/ld+json\" class=\"yoast-schema-graph\">{\"@context\":\"https:\/\/schema.org\",\"@graph\":[{\"@type\":\"Article\",\"@id\":\"https:\/\/www.africa-press.net\/niger\/toutes-les-actualites\/au-coeur-des-decharges-publiques-la-collecte-du-recyclable-se-porte-bien#article\",\"isPartOf\":{\"@id\":\"https:\/\/www.africa-press.net\/niger\/toutes-les-actualites\/au-coeur-des-decharges-publiques-la-collecte-du-recyclable-se-porte-bien\"},\"author\":{\"name\":\"cfeditorfr\",\"@id\":\"https:\/\/www.africa-press.net\/niger\/#\/schema\/person\/2b1cf3cd81a31e3cd26889ca66d677f1\"},\"headline\":\"Au c\u0153ur des d\u00e9charges publiques : La collecte du recyclable se porte bien\",\"datePublished\":\"2021-09-24T17:11:33+00:00\",\"dateModified\":\"2021-09-24T21:39:12+00:00\",\"mainEntityOfPage\":{\"@id\":\"https:\/\/www.africa-press.net\/niger\/toutes-les-actualites\/au-coeur-des-decharges-publiques-la-collecte-du-recyclable-se-porte-bien\"},\"wordCount\":1332,\"commentCount\":0,\"image\":{\"@id\":\"https:\/\/www.africa-press.net\/niger\/toutes-les-actualites\/au-coeur-des-decharges-publiques-la-collecte-du-recyclable-se-porte-bien#primaryimage\"},\"thumbnailUrl\":\"https:\/\/static.africa-press.net\/niger\/sites\/40\/2021\/09\/img-614df7055e4e8.jpg\",\"keywords\":[\"Africa Press\",\"Africa Press-Niger\",\"Niger\"],\"articleSection\":[\"Communaut\u00e9\",\"homepage-french\",\"Toutes les actualit\u00e9s\"],\"inLanguage\":\"fr-FR\",\"potentialAction\":[{\"@type\":\"CommentAction\",\"name\":\"Comment\",\"target\":[\"https:\/\/www.africa-press.net\/niger\/toutes-les-actualites\/au-coeur-des-decharges-publiques-la-collecte-du-recyclable-se-porte-bien#respond\"]}]},{\"@type\":\"WebPage\",\"@id\":\"https:\/\/www.africa-press.net\/niger\/toutes-les-actualites\/au-coeur-des-decharges-publiques-la-collecte-du-recyclable-se-porte-bien\",\"url\":\"https:\/\/www.africa-press.net\/niger\/toutes-les-actualites\/au-coeur-des-decharges-publiques-la-collecte-du-recyclable-se-porte-bien\",\"name\":\"Au c\u0153ur des d\u00e9charges publiques : La collecte du recyclable se porte bien - niger\",\"isPartOf\":{\"@id\":\"https:\/\/www.africa-press.net\/niger\/#website\"},\"primaryImageOfPage\":{\"@id\":\"https:\/\/www.africa-press.net\/niger\/toutes-les-actualites\/au-coeur-des-decharges-publiques-la-collecte-du-recyclable-se-porte-bien#primaryimage\"},\"image\":{\"@id\":\"https:\/\/www.africa-press.net\/niger\/toutes-les-actualites\/au-coeur-des-decharges-publiques-la-collecte-du-recyclable-se-porte-bien#primaryimage\"},\"thumbnailUrl\":\"https:\/\/static.africa-press.net\/niger\/sites\/40\/2021\/09\/img-614df7055e4e8.jpg\",\"datePublished\":\"2021-09-24T17:11:33+00:00\",\"dateModified\":\"2021-09-24T21:39:12+00:00\",\"author\":{\"@id\":\"https:\/\/www.africa-press.net\/niger\/#\/schema\/person\/2b1cf3cd81a31e3cd26889ca66d677f1\"},\"description\":\"\ufeffL\u2019\u00e9crivain malien Amadou Kon\u00e9 disait que : \u00ab le travail m\u00eame s\u2019il n\u2019arrive pas \u00e0 sortir l\u2019homme de sa mis\u00e8re, lui garan ...\",\"breadcrumb\":{\"@id\":\"https:\/\/www.africa-press.net\/niger\/toutes-les-actualites\/au-coeur-des-decharges-publiques-la-collecte-du-recyclable-se-porte-bien#breadcrumb\"},\"inLanguage\":\"fr-FR\",\"potentialAction\":[{\"@type\":\"ReadAction\",\"target\":[\"https:\/\/www.africa-press.net\/niger\/toutes-les-actualites\/au-coeur-des-decharges-publiques-la-collecte-du-recyclable-se-porte-bien\"]}]},{\"@type\":\"ImageObject\",\"inLanguage\":\"fr-FR\",\"@id\":\"https:\/\/www.africa-press.net\/niger\/toutes-les-actualites\/au-coeur-des-decharges-publiques-la-collecte-du-recyclable-se-porte-bien#primaryimage\",\"url\":\"https:\/\/static.africa-press.net\/niger\/sites\/40\/2021\/09\/img-614df7055e4e8.jpg\",\"contentUrl\":\"https:\/\/static.africa-press.net\/niger\/sites\/40\/2021\/09\/img-614df7055e4e8.jpg\",\"width\":720,\"height\":438,\"caption\":\"Au c\u0153ur des d\u00e9charges publiques : La collecte du recyclable se porte bien\"},{\"@type\":\"BreadcrumbList\",\"@id\":\"https:\/\/www.africa-press.net\/niger\/toutes-les-actualites\/au-coeur-des-decharges-publiques-la-collecte-du-recyclable-se-porte-bien#breadcrumb\",\"itemListElement\":[{\"@type\":\"ListItem\",\"position\":1,\"name\":\"Accueil\",\"item\":\"https:\/\/www.africa-press.net\/niger\/\"},{\"@type\":\"ListItem\",\"position\":2,\"name\":\"Au c\u0153ur des d\u00e9charges publiques : La collecte du recyclable se porte bien\"}]},{\"@type\":\"WebSite\",\"@id\":\"https:\/\/www.africa-press.net\/niger\/#website\",\"url\":\"https:\/\/www.africa-press.net\/niger\/\",\"name\":\"niger\",\"description\":\"Just another Africa News Agency Sites site\",\"potentialAction\":[{\"@type\":\"SearchAction\",\"target\":{\"@type\":\"EntryPoint\",\"urlTemplate\":\"https:\/\/www.africa-press.net\/niger\/?s={search_term_string}\"},\"query-input\":{\"@type\":\"PropertyValueSpecification\",\"valueRequired\":true,\"valueName\":\"search_term_string\"}}],\"inLanguage\":\"fr-FR\"},{\"@type\":\"Person\",\"@id\":\"https:\/\/www.africa-press.net\/niger\/#\/schema\/person\/2b1cf3cd81a31e3cd26889ca66d677f1\",\"name\":\"cfeditorfr\"}]}<\/script>\n<!-- \/ Yoast SEO Premium plugin. -->","yoast_head_json":{"title":"Au c\u0153ur des d\u00e9charges publiques : La collecte du recyclable se porte bien - niger","description":"\ufeffL\u2019\u00e9crivain malien Amadou Kon\u00e9 disait que : \u00ab le travail m\u00eame s\u2019il n\u2019arrive pas \u00e0 sortir l\u2019homme de sa mis\u00e8re, lui garan ...","robots":{"index":"index","follow":"follow","max-snippet":"max-snippet:-1","max-image-preview":"max-image-preview:large","max-video-preview":"max-video-preview:-1"},"canonical":"https:\/\/www.africa-press.net\/niger\/toutes-les-actualites\/au-coeur-des-decharges-publiques-la-collecte-du-recyclable-se-porte-bien","og_locale":"fr_FR","og_type":"article","og_title":"Au c\u0153ur des d\u00e9charges publiques : La collecte du recyclable se porte bien","og_description":"\ufeffL\u2019\u00e9crivain malien Amadou Kon\u00e9 disait que : \u00ab le travail m\u00eame s\u2019il n\u2019arrive pas \u00e0 sortir l\u2019homme de sa mis\u00e8re, lui garan ...","og_url":"https:\/\/www.africa-press.net\/niger\/toutes-les-actualites\/au-coeur-des-decharges-publiques-la-collecte-du-recyclable-se-porte-bien","og_site_name":"niger","article_published_time":"2021-09-24T17:11:33+00:00","article_modified_time":"2021-09-24T21:39:12+00:00","og_image":[{"width":720,"height":438,"url":"https:\/\/static.africa-press.net\/niger\/sites\/40\/2021\/09\/img-614df7055e4e8.jpg","type":"image\/jpeg"}],"author":"cfeditorfr","twitter_card":"summary_large_image","twitter_misc":{"\u00c9crit par":"cfeditorfr","Dur\u00e9e de lecture estim\u00e9e":"7 minutes"},"schema":{"@context":"https:\/\/schema.org","@graph":[{"@type":"Article","@id":"https:\/\/www.africa-press.net\/niger\/toutes-les-actualites\/au-coeur-des-decharges-publiques-la-collecte-du-recyclable-se-porte-bien#article","isPartOf":{"@id":"https:\/\/www.africa-press.net\/niger\/toutes-les-actualites\/au-coeur-des-decharges-publiques-la-collecte-du-recyclable-se-porte-bien"},"author":{"name":"cfeditorfr","@id":"https:\/\/www.africa-press.net\/niger\/#\/schema\/person\/2b1cf3cd81a31e3cd26889ca66d677f1"},"headline":"Au c\u0153ur des d\u00e9charges publiques : La collecte du recyclable se porte bien","datePublished":"2021-09-24T17:11:33+00:00","dateModified":"2021-09-24T21:39:12+00:00","mainEntityOfPage":{"@id":"https:\/\/www.africa-press.net\/niger\/toutes-les-actualites\/au-coeur-des-decharges-publiques-la-collecte-du-recyclable-se-porte-bien"},"wordCount":1332,"commentCount":0,"image":{"@id":"https:\/\/www.africa-press.net\/niger\/toutes-les-actualites\/au-coeur-des-decharges-publiques-la-collecte-du-recyclable-se-porte-bien#primaryimage"},"thumbnailUrl":"https:\/\/static.africa-press.net\/niger\/sites\/40\/2021\/09\/img-614df7055e4e8.jpg","keywords":["Africa Press","Africa Press-Niger","Niger"],"articleSection":["Communaut\u00e9","homepage-french","Toutes les actualit\u00e9s"],"inLanguage":"fr-FR","potentialAction":[{"@type":"CommentAction","name":"Comment","target":["https:\/\/www.africa-press.net\/niger\/toutes-les-actualites\/au-coeur-des-decharges-publiques-la-collecte-du-recyclable-se-porte-bien#respond"]}]},{"@type":"WebPage","@id":"https:\/\/www.africa-press.net\/niger\/toutes-les-actualites\/au-coeur-des-decharges-publiques-la-collecte-du-recyclable-se-porte-bien","url":"https:\/\/www.africa-press.net\/niger\/toutes-les-actualites\/au-coeur-des-decharges-publiques-la-collecte-du-recyclable-se-porte-bien","name":"Au c\u0153ur des d\u00e9charges publiques : La collecte du recyclable se porte bien - niger","isPartOf":{"@id":"https:\/\/www.africa-press.net\/niger\/#website"},"primaryImageOfPage":{"@id":"https:\/\/www.africa-press.net\/niger\/toutes-les-actualites\/au-coeur-des-decharges-publiques-la-collecte-du-recyclable-se-porte-bien#primaryimage"},"image":{"@id":"https:\/\/www.africa-press.net\/niger\/toutes-les-actualites\/au-coeur-des-decharges-publiques-la-collecte-du-recyclable-se-porte-bien#primaryimage"},"thumbnailUrl":"https:\/\/static.africa-press.net\/niger\/sites\/40\/2021\/09\/img-614df7055e4e8.jpg","datePublished":"2021-09-24T17:11:33+00:00","dateModified":"2021-09-24T21:39:12+00:00","author":{"@id":"https:\/\/www.africa-press.net\/niger\/#\/schema\/person\/2b1cf3cd81a31e3cd26889ca66d677f1"},"description":"\ufeffL\u2019\u00e9crivain malien Amadou Kon\u00e9 disait que : \u00ab le travail m\u00eame s\u2019il n\u2019arrive pas \u00e0 sortir l\u2019homme de sa mis\u00e8re, lui garan ...","breadcrumb":{"@id":"https:\/\/www.africa-press.net\/niger\/toutes-les-actualites\/au-coeur-des-decharges-publiques-la-collecte-du-recyclable-se-porte-bien#breadcrumb"},"inLanguage":"fr-FR","potentialAction":[{"@type":"ReadAction","target":["https:\/\/www.africa-press.net\/niger\/toutes-les-actualites\/au-coeur-des-decharges-publiques-la-collecte-du-recyclable-se-porte-bien"]}]},{"@type":"ImageObject","inLanguage":"fr-FR","@id":"https:\/\/www.africa-press.net\/niger\/toutes-les-actualites\/au-coeur-des-decharges-publiques-la-collecte-du-recyclable-se-porte-bien#primaryimage","url":"https:\/\/static.africa-press.net\/niger\/sites\/40\/2021\/09\/img-614df7055e4e8.jpg","contentUrl":"https:\/\/static.africa-press.net\/niger\/sites\/40\/2021\/09\/img-614df7055e4e8.jpg","width":720,"height":438,"caption":"Au c\u0153ur des d\u00e9charges publiques : La collecte du recyclable se porte bien"},{"@type":"BreadcrumbList","@id":"https:\/\/www.africa-press.net\/niger\/toutes-les-actualites\/au-coeur-des-decharges-publiques-la-collecte-du-recyclable-se-porte-bien#breadcrumb","itemListElement":[{"@type":"ListItem","position":1,"name":"Accueil","item":"https:\/\/www.africa-press.net\/niger\/"},{"@type":"ListItem","position":2,"name":"Au c\u0153ur des d\u00e9charges publiques : La collecte du recyclable se porte bien"}]},{"@type":"WebSite","@id":"https:\/\/www.africa-press.net\/niger\/#website","url":"https:\/\/www.africa-press.net\/niger\/","name":"niger","description":"Just another Africa News Agency Sites site","potentialAction":[{"@type":"SearchAction","target":{"@type":"EntryPoint","urlTemplate":"https:\/\/www.africa-press.net\/niger\/?s={search_term_string}"},"query-input":{"@type":"PropertyValueSpecification","valueRequired":true,"valueName":"search_term_string"}}],"inLanguage":"fr-FR"},{"@type":"Person","@id":"https:\/\/www.africa-press.net\/niger\/#\/schema\/person\/2b1cf3cd81a31e3cd26889ca66d677f1","name":"cfeditorfr"}]}},"_links":{"self":[{"href":"https:\/\/www.africa-press.net\/niger\/wp-json\/wp\/v2\/posts\/12390","targetHints":{"allow":["GET"]}}],"collection":[{"href":"https:\/\/www.africa-press.net\/niger\/wp-json\/wp\/v2\/posts"}],"about":[{"href":"https:\/\/www.africa-press.net\/niger\/wp-json\/wp\/v2\/types\/post"}],"author":[{"embeddable":true,"href":"https:\/\/www.africa-press.net\/niger\/wp-json\/wp\/v2\/users\/82"}],"replies":[{"embeddable":true,"href":"https:\/\/www.africa-press.net\/niger\/wp-json\/wp\/v2\/comments?post=12390"}],"version-history":[{"count":0,"href":"https:\/\/www.africa-press.net\/niger\/wp-json\/wp\/v2\/posts\/12390\/revisions"}],"wp:featuredmedia":[{"embeddable":true,"href":"https:\/\/www.africa-press.net\/niger\/wp-json\/wp\/v2\/media\/12389"}],"wp:attachment":[{"href":"https:\/\/www.africa-press.net\/niger\/wp-json\/wp\/v2\/media?parent=12390"}],"wp:term":[{"taxonomy":"category","embeddable":true,"href":"https:\/\/www.africa-press.net\/niger\/wp-json\/wp\/v2\/categories?post=12390"},{"taxonomy":"post_tag","embeddable":true,"href":"https:\/\/www.africa-press.net\/niger\/wp-json\/wp\/v2\/tags?post=12390"}],"curies":[{"name":"wp","href":"https:\/\/api.w.org\/{rel}","templated":true}]}}