{"id":12393,"date":"2021-09-24T17:18:13","date_gmt":"2021-09-24T17:18:13","guid":{"rendered":"https:\/\/www.africa-press.net\/niger\/?p=12393"},"modified":"2021-09-24T16:05:26","modified_gmt":"2021-09-24T16:05:26","slug":"signature-de-convention-entre-le-csc-et-loif-la-radio-jeunesse-sahel-rjs-autorisee-a-emettre-au-niger","status":"publish","type":"post","link":"https:\/\/www.africa-press.net\/niger\/politique\/signature-de-convention-entre-le-csc-et-loif-la-radio-jeunesse-sahel-rjs-autorisee-a-emettre-au-niger","title":{"rendered":"Signature de convention entre le CSC et l\u2019OIF : La Radio Jeunesse Sahel (RJS) autoris\u00e9e \u00e0 \u00e9mettre au Niger"},"content":{"rendered":"<p><span style=\"color: #ff6600\"><strong><a href=\"https:\/\/www.africa-press.net\/\">Africa-Press<\/a> &#8211; <a href=\"https:\/\/www.africa-press.net\/niger\">Niger<\/a>. <\/strong><\/span>La Radio r\u00e9gionale RJS, cr\u00e9\u00e9e par l\u2019Organisation Internationale de la Francophonie (OIF) avec l\u2019appui de l\u2019Union europ\u00e9enne et le soutien des Etats du G-5 Sahel, a obtenu son autorisation d\u2019\u00e9mettre au Niger, suite \u00e0 la signature de convention de son \u00e9tablissement, intervenue hier matin \u00e0 Niamey, avec le Conseil sup\u00e9rieur de la communication (CSC), en pr\u00e9sence du ministre de la communication.<\/p>\n<p>C\u2019est l\u2019ambassadeur D\u00e9sir\u00e9 Nyaruhirira, conseiller sp\u00e9cial, diplomatique et politique de la Secr\u00e9taire g\u00e9n\u00e9rale de l\u2019OIF, qui a fait le d\u00e9placement de Niamey, pour signer cette convention avec le pr\u00e9sident du CSC, Dr. Sani Kabir. La Radio r\u00e9gionale des pays du G-5 Sahel, voulue par l\u2019OIF, \u00ab avec, par et pour les jeunes \u00bb, a son si\u00e8ge \u00e0 Ouagadougou et a d\u00e9j\u00e0 ses fr\u00e9quences nationales au Burkina, au Mali et au Tchad, depuis quelques mois. Apr\u00e8s Niamey, le processus d\u2019\u00e9tablissement s\u2019\u00e9tendra \u00e0 la Mauritanie.<\/p>\n<p>Selon l\u2019ambassadeur D\u00e9sir\u00e9 Nyaruhirira, les jeunes de 15 \u00e0 35 ans constituent la cible principale de la Radio Jeunesse Sahel. Un Comit\u00e9 consultatif de la radio exclusivement compos\u00e9 de 17 jeunes de la r\u00e9gion du G5 Sahel, dont 4 jeunes nig\u00e9riennes et nig\u00e9riens est mis en place depuis octobre dernier. \u00ab RJS vise \u00e0 travers ses \u00e9missions \u00e0 favoriser le vivre ensemble et une vision constructive de l\u2019avenir en offrant aux jeunes \u00e0 la fois un sens d\u2019appropriation de leur avenir, le reflet de leur r\u00e9alit\u00e9 et un contenu authentique, cr\u00e9dible, fiable et inspirant \u00bb, a-t-il indiqu\u00e9. Sa ligne \u00e9ditoriale adopt\u00e9e avec le concours de 1000 jeunes de la r\u00e9gion consult\u00e9s en juin et juillet derniers puis dans le cadre d\u2019un atelier tenu \u00e0 Nouakchott en septembre 2020 avec les Conseils nationaux de la jeunesse du G5 Sahel ainsi que le Secr\u00e9tariat ex\u00e9cutif du G5 Sahel, pr\u00f4ne l\u2019ind\u00e9pendance et la neutralit\u00e9 de ses programmes, apprend-on. La radio \u00e9mettra, en effet, avec un programme r\u00e9gional commun aux 5 pays du G5 Sahel et des d\u00e9crochages nationaux. Elle diffusera ses programmes en fran\u00e7ais, en arabe, en haoussa, peulh, bambara et moor\u00e9. Radio Jeunesse Sahel diffusera avec une strat\u00e9gie en hertzien, satellitaire et num\u00e9rique. \u00ab Le projet est d\u00e9sormais tr\u00e8s avanc\u00e9 \u00bb, se f\u00e9licite le repr\u00e9sentant de l\u2019OIF.<\/p>\n<p>Les autorit\u00e9s nig\u00e9riennes ont d\u2019ores et d\u00e9j\u00e0 identifi\u00e9 des locaux visant \u00e0 abriter le si\u00e8ge national de RJS. Et par la signature de la pr\u00e9sente convention, le CSC vient de donner l\u2019autorisation \u00e0 la radio r\u00e9gionale, tout en mettant \u00e0 sa disposition une fr\u00e9quence. SE D\u00e9sir\u00e9 Nyaruhirira annonce que la station de Niamey sera op\u00e9rationnelle dans les tous prochains mois. \u00ab C\u2019est un grand pari qui est fait et nous allons le gagner ensemble avec la jeunesse, conform\u00e9ment \u00e0 la devise de cette radio faite avec, par et pour les jeunes \u00bb, a soutenu le ministre de la communication, charg\u00e9 des relations avec les institutions, M. Zada Mahamadou qui lance \u00e0 l\u2019endroit des jeunes un appel \u00e0 la mobilisation autour de RJS et des id\u00e9aux qui l\u2019entourent, afin de gagner le pari du d\u00e9veloppement.<\/p>\n<p>Pour le pr\u00e9sident du CSC, cette radio sera un canal d\u2019unification de la jeunesse du sahel qui partage un certain nombre de d\u00e9fis et r\u00e9alit\u00e9s. \u00ab Elle va contribuer \u00e0 raffermir la paix et la qui\u00e9tude sociale \u00bb, estimeDr. Sani Kabir. Il a ensuite assur\u00e9 avoir la fr\u00e9quence pour RJS-Niger.<\/p>\n<p>Il faut noter que cette c\u00e9r\u00e9monie de signature formelle d\u2019autorisation \u00e0 la Radio r\u00e9gionale, s\u2019est d\u00e9roul\u00e9e en pr\u00e9sence des responsables des m\u00e9dias publics et des cadres du minist\u00e8re de la communication.<\/p>\n<p>Le 29 septembre prochain, avec le comit\u00e9 consultatif de la radio et l\u2019implication du Conseil National de la Jeunesse, une caravane nationale de sensibilisation sera d\u00e9ploy\u00e9e au Niger. Le lendemain, \u00e0 Ouagadougou, les acteurs tiendront le 1er comit\u00e9 de pilotage du projet avec l\u2019ensemble des parties impliqu\u00e9es. Cela dans la perspective de la mise en ondes de la radio tr\u00e8s prochainement avec l\u2019aide des autorit\u00e9s.<\/p>\n<p><b>Par Isma\u00ebl Ch\u00e9kar\u00e9(onep)<\/b><\/p>\n","protected":false},"excerpt":{"rendered":"<p>Africa-Press &#8211; Niger. La Radio r\u00e9gionale RJS, cr\u00e9\u00e9e par l\u2019Organisation Internationale de la Francophonie (OIF) avec l\u2019appui de l\u2019Union europ\u00e9enne et le soutien des Etats du G-5 Sahel, a obtenu son autorisation d\u2019\u00e9mettre au Niger, suite \u00e0 la signature de convention de son \u00e9tablissement, intervenue hier matin \u00e0 Niamey, avec le Conseil sup\u00e9rieur de la [&hellip;]<\/p>\n","protected":false},"author":82,"featured_media":12392,"comment_status":"open","ping_status":"closed","sticky":false,"template":"","format":"standard","meta":{"footnotes":""},"categories":[11,2,10],"tags":[55,60,29],"class_list":["post-12393","post","type-post","status-publish","format-standard","has-post-thumbnail","hentry","category-homepage-french","category-politique","category-toutes-les-actualites","tag-africa-press","tag-africa-press-niger","tag-niger"],"yoast_head":"<!-- This site is optimized with the Yoast SEO Premium plugin v26.1 (Yoast SEO v27.0) - https:\/\/yoast.com\/product\/yoast-seo-premium-wordpress\/ -->\n<title>Signature de convention entre le CSC et l\u2019OIF : La Radio Jeunesse Sahel (RJS) autoris\u00e9e \u00e0 \u00e9mettre au Niger - niger<\/title>\n<meta name=\"description\" content=\"\ufeffLa Radio r\u00e9gionale RJS, cr\u00e9\u00e9e par l\u2019Organisation Internationale de la Francophonie (OIF) avec l\u2019appui de l\u2019Union europ\u00e9 ...\" \/>\n<meta name=\"robots\" content=\"index, follow, max-snippet:-1, max-image-preview:large, max-video-preview:-1\" \/>\n<link rel=\"canonical\" href=\"https:\/\/www.africa-press.net\/niger\/politique\/signature-de-convention-entre-le-csc-et-loif-la-radio-jeunesse-sahel-rjs-autorisee-a-emettre-au-niger\" \/>\n<meta property=\"og:locale\" content=\"fr_FR\" \/>\n<meta property=\"og:type\" content=\"article\" \/>\n<meta property=\"og:title\" content=\"Signature de convention entre le CSC et l\u2019OIF : La Radio Jeunesse Sahel (RJS) autoris\u00e9e \u00e0 \u00e9mettre au Niger\" \/>\n<meta property=\"og:description\" content=\"\ufeffLa Radio r\u00e9gionale RJS, cr\u00e9\u00e9e par l\u2019Organisation Internationale de la Francophonie (OIF) avec l\u2019appui de l\u2019Union europ\u00e9 ...\" \/>\n<meta property=\"og:url\" content=\"https:\/\/www.africa-press.net\/niger\/politique\/signature-de-convention-entre-le-csc-et-loif-la-radio-jeunesse-sahel-rjs-autorisee-a-emettre-au-niger\" \/>\n<meta property=\"og:site_name\" content=\"niger\" \/>\n<meta property=\"article:published_time\" content=\"2021-09-24T17:18:13+00:00\" \/>\n<meta property=\"og:image\" content=\"https:\/\/static.africa-press.net\/niger\/sites\/40\/2021\/09\/img-614df72829236.jpg\" \/>\n\t<meta property=\"og:image:width\" content=\"720\" \/>\n\t<meta property=\"og:image:height\" content=\"451\" \/>\n\t<meta property=\"og:image:type\" content=\"image\/jpeg\" \/>\n<meta name=\"author\" content=\"cfeditorfr\" \/>\n<meta name=\"twitter:card\" content=\"summary_large_image\" \/>\n<meta name=\"twitter:label1\" content=\"\u00c9crit par\" \/>\n\t<meta name=\"twitter:data1\" content=\"cfeditorfr\" \/>\n\t<meta name=\"twitter:label2\" content=\"Dur\u00e9e de lecture estim\u00e9e\" \/>\n\t<meta name=\"twitter:data2\" content=\"4 minutes\" \/>\n<script type=\"application\/ld+json\" class=\"yoast-schema-graph\">{\"@context\":\"https:\/\/schema.org\",\"@graph\":[{\"@type\":\"Article\",\"@id\":\"https:\/\/www.africa-press.net\/niger\/politique\/signature-de-convention-entre-le-csc-et-loif-la-radio-jeunesse-sahel-rjs-autorisee-a-emettre-au-niger#article\",\"isPartOf\":{\"@id\":\"https:\/\/www.africa-press.net\/niger\/politique\/signature-de-convention-entre-le-csc-et-loif-la-radio-jeunesse-sahel-rjs-autorisee-a-emettre-au-niger\"},\"author\":{\"name\":\"cfeditorfr\",\"@id\":\"https:\/\/www.africa-press.net\/niger\/#\/schema\/person\/2b1cf3cd81a31e3cd26889ca66d677f1\"},\"headline\":\"Signature de convention entre le CSC et l\u2019OIF : La Radio Jeunesse Sahel (RJS) autoris\u00e9e \u00e0 \u00e9mettre au Niger\",\"datePublished\":\"2021-09-24T17:18:13+00:00\",\"mainEntityOfPage\":{\"@id\":\"https:\/\/www.africa-press.net\/niger\/politique\/signature-de-convention-entre-le-csc-et-loif-la-radio-jeunesse-sahel-rjs-autorisee-a-emettre-au-niger\"},\"wordCount\":728,\"commentCount\":0,\"image\":{\"@id\":\"https:\/\/www.africa-press.net\/niger\/politique\/signature-de-convention-entre-le-csc-et-loif-la-radio-jeunesse-sahel-rjs-autorisee-a-emettre-au-niger#primaryimage\"},\"thumbnailUrl\":\"https:\/\/static.africa-press.net\/niger\/sites\/40\/2021\/09\/img-614df72829236.jpg\",\"keywords\":[\"Africa Press\",\"Africa Press-Niger\",\"Niger\"],\"articleSection\":[\"homepage-french\",\"Politique\",\"Toutes les actualit\u00e9s\"],\"inLanguage\":\"fr-FR\",\"potentialAction\":[{\"@type\":\"CommentAction\",\"name\":\"Comment\",\"target\":[\"https:\/\/www.africa-press.net\/niger\/politique\/signature-de-convention-entre-le-csc-et-loif-la-radio-jeunesse-sahel-rjs-autorisee-a-emettre-au-niger#respond\"]}]},{\"@type\":\"WebPage\",\"@id\":\"https:\/\/www.africa-press.net\/niger\/politique\/signature-de-convention-entre-le-csc-et-loif-la-radio-jeunesse-sahel-rjs-autorisee-a-emettre-au-niger\",\"url\":\"https:\/\/www.africa-press.net\/niger\/politique\/signature-de-convention-entre-le-csc-et-loif-la-radio-jeunesse-sahel-rjs-autorisee-a-emettre-au-niger\",\"name\":\"Signature de convention entre le CSC et l\u2019OIF : La Radio Jeunesse Sahel (RJS) autoris\u00e9e \u00e0 \u00e9mettre au Niger - niger\",\"isPartOf\":{\"@id\":\"https:\/\/www.africa-press.net\/niger\/#website\"},\"primaryImageOfPage\":{\"@id\":\"https:\/\/www.africa-press.net\/niger\/politique\/signature-de-convention-entre-le-csc-et-loif-la-radio-jeunesse-sahel-rjs-autorisee-a-emettre-au-niger#primaryimage\"},\"image\":{\"@id\":\"https:\/\/www.africa-press.net\/niger\/politique\/signature-de-convention-entre-le-csc-et-loif-la-radio-jeunesse-sahel-rjs-autorisee-a-emettre-au-niger#primaryimage\"},\"thumbnailUrl\":\"https:\/\/static.africa-press.net\/niger\/sites\/40\/2021\/09\/img-614df72829236.jpg\",\"datePublished\":\"2021-09-24T17:18:13+00:00\",\"author\":{\"@id\":\"https:\/\/www.africa-press.net\/niger\/#\/schema\/person\/2b1cf3cd81a31e3cd26889ca66d677f1\"},\"description\":\"\ufeffLa Radio r\u00e9gionale RJS, cr\u00e9\u00e9e par l\u2019Organisation Internationale de la Francophonie (OIF) avec l\u2019appui de l\u2019Union europ\u00e9 ...\",\"breadcrumb\":{\"@id\":\"https:\/\/www.africa-press.net\/niger\/politique\/signature-de-convention-entre-le-csc-et-loif-la-radio-jeunesse-sahel-rjs-autorisee-a-emettre-au-niger#breadcrumb\"},\"inLanguage\":\"fr-FR\",\"potentialAction\":[{\"@type\":\"ReadAction\",\"target\":[\"https:\/\/www.africa-press.net\/niger\/politique\/signature-de-convention-entre-le-csc-et-loif-la-radio-jeunesse-sahel-rjs-autorisee-a-emettre-au-niger\"]}]},{\"@type\":\"ImageObject\",\"inLanguage\":\"fr-FR\",\"@id\":\"https:\/\/www.africa-press.net\/niger\/politique\/signature-de-convention-entre-le-csc-et-loif-la-radio-jeunesse-sahel-rjs-autorisee-a-emettre-au-niger#primaryimage\",\"url\":\"https:\/\/static.africa-press.net\/niger\/sites\/40\/2021\/09\/img-614df72829236.jpg\",\"contentUrl\":\"https:\/\/static.africa-press.net\/niger\/sites\/40\/2021\/09\/img-614df72829236.jpg\",\"width\":720,\"height\":451,\"caption\":\"Signature de convention entre le CSC et l\u2019OIF : La Radio Jeunesse Sahel (RJS) autoris\u00e9e \u00e0 \u00e9mettre au Niger\"},{\"@type\":\"BreadcrumbList\",\"@id\":\"https:\/\/www.africa-press.net\/niger\/politique\/signature-de-convention-entre-le-csc-et-loif-la-radio-jeunesse-sahel-rjs-autorisee-a-emettre-au-niger#breadcrumb\",\"itemListElement\":[{\"@type\":\"ListItem\",\"position\":1,\"name\":\"Accueil\",\"item\":\"https:\/\/www.africa-press.net\/niger\/\"},{\"@type\":\"ListItem\",\"position\":2,\"name\":\"Signature de convention entre le CSC et l\u2019OIF : La Radio Jeunesse Sahel (RJS) autoris\u00e9e \u00e0 \u00e9mettre au Niger\"}]},{\"@type\":\"WebSite\",\"@id\":\"https:\/\/www.africa-press.net\/niger\/#website\",\"url\":\"https:\/\/www.africa-press.net\/niger\/\",\"name\":\"niger\",\"description\":\"Just another Africa News Agency Sites site\",\"potentialAction\":[{\"@type\":\"SearchAction\",\"target\":{\"@type\":\"EntryPoint\",\"urlTemplate\":\"https:\/\/www.africa-press.net\/niger\/?s={search_term_string}\"},\"query-input\":{\"@type\":\"PropertyValueSpecification\",\"valueRequired\":true,\"valueName\":\"search_term_string\"}}],\"inLanguage\":\"fr-FR\"},{\"@type\":\"Person\",\"@id\":\"https:\/\/www.africa-press.net\/niger\/#\/schema\/person\/2b1cf3cd81a31e3cd26889ca66d677f1\",\"name\":\"cfeditorfr\"}]}<\/script>\n<!-- \/ Yoast SEO Premium plugin. -->","yoast_head_json":{"title":"Signature de convention entre le CSC et l\u2019OIF : La Radio Jeunesse Sahel (RJS) autoris\u00e9e \u00e0 \u00e9mettre au Niger - niger","description":"\ufeffLa Radio r\u00e9gionale RJS, cr\u00e9\u00e9e par l\u2019Organisation Internationale de la Francophonie (OIF) avec l\u2019appui de l\u2019Union europ\u00e9 ...","robots":{"index":"index","follow":"follow","max-snippet":"max-snippet:-1","max-image-preview":"max-image-preview:large","max-video-preview":"max-video-preview:-1"},"canonical":"https:\/\/www.africa-press.net\/niger\/politique\/signature-de-convention-entre-le-csc-et-loif-la-radio-jeunesse-sahel-rjs-autorisee-a-emettre-au-niger","og_locale":"fr_FR","og_type":"article","og_title":"Signature de convention entre le CSC et l\u2019OIF : La Radio Jeunesse Sahel (RJS) autoris\u00e9e \u00e0 \u00e9mettre au Niger","og_description":"\ufeffLa Radio r\u00e9gionale RJS, cr\u00e9\u00e9e par l\u2019Organisation Internationale de la Francophonie (OIF) avec l\u2019appui de l\u2019Union europ\u00e9 ...","og_url":"https:\/\/www.africa-press.net\/niger\/politique\/signature-de-convention-entre-le-csc-et-loif-la-radio-jeunesse-sahel-rjs-autorisee-a-emettre-au-niger","og_site_name":"niger","article_published_time":"2021-09-24T17:18:13+00:00","og_image":[{"width":720,"height":451,"url":"https:\/\/static.africa-press.net\/niger\/sites\/40\/2021\/09\/img-614df72829236.jpg","type":"image\/jpeg"}],"author":"cfeditorfr","twitter_card":"summary_large_image","twitter_misc":{"\u00c9crit par":"cfeditorfr","Dur\u00e9e de lecture estim\u00e9e":"4 minutes"},"schema":{"@context":"https:\/\/schema.org","@graph":[{"@type":"Article","@id":"https:\/\/www.africa-press.net\/niger\/politique\/signature-de-convention-entre-le-csc-et-loif-la-radio-jeunesse-sahel-rjs-autorisee-a-emettre-au-niger#article","isPartOf":{"@id":"https:\/\/www.africa-press.net\/niger\/politique\/signature-de-convention-entre-le-csc-et-loif-la-radio-jeunesse-sahel-rjs-autorisee-a-emettre-au-niger"},"author":{"name":"cfeditorfr","@id":"https:\/\/www.africa-press.net\/niger\/#\/schema\/person\/2b1cf3cd81a31e3cd26889ca66d677f1"},"headline":"Signature de convention entre le CSC et l\u2019OIF : La Radio Jeunesse Sahel (RJS) autoris\u00e9e \u00e0 \u00e9mettre au Niger","datePublished":"2021-09-24T17:18:13+00:00","mainEntityOfPage":{"@id":"https:\/\/www.africa-press.net\/niger\/politique\/signature-de-convention-entre-le-csc-et-loif-la-radio-jeunesse-sahel-rjs-autorisee-a-emettre-au-niger"},"wordCount":728,"commentCount":0,"image":{"@id":"https:\/\/www.africa-press.net\/niger\/politique\/signature-de-convention-entre-le-csc-et-loif-la-radio-jeunesse-sahel-rjs-autorisee-a-emettre-au-niger#primaryimage"},"thumbnailUrl":"https:\/\/static.africa-press.net\/niger\/sites\/40\/2021\/09\/img-614df72829236.jpg","keywords":["Africa Press","Africa Press-Niger","Niger"],"articleSection":["homepage-french","Politique","Toutes les actualit\u00e9s"],"inLanguage":"fr-FR","potentialAction":[{"@type":"CommentAction","name":"Comment","target":["https:\/\/www.africa-press.net\/niger\/politique\/signature-de-convention-entre-le-csc-et-loif-la-radio-jeunesse-sahel-rjs-autorisee-a-emettre-au-niger#respond"]}]},{"@type":"WebPage","@id":"https:\/\/www.africa-press.net\/niger\/politique\/signature-de-convention-entre-le-csc-et-loif-la-radio-jeunesse-sahel-rjs-autorisee-a-emettre-au-niger","url":"https:\/\/www.africa-press.net\/niger\/politique\/signature-de-convention-entre-le-csc-et-loif-la-radio-jeunesse-sahel-rjs-autorisee-a-emettre-au-niger","name":"Signature de convention entre le CSC et l\u2019OIF : La Radio Jeunesse Sahel (RJS) autoris\u00e9e \u00e0 \u00e9mettre au Niger - niger","isPartOf":{"@id":"https:\/\/www.africa-press.net\/niger\/#website"},"primaryImageOfPage":{"@id":"https:\/\/www.africa-press.net\/niger\/politique\/signature-de-convention-entre-le-csc-et-loif-la-radio-jeunesse-sahel-rjs-autorisee-a-emettre-au-niger#primaryimage"},"image":{"@id":"https:\/\/www.africa-press.net\/niger\/politique\/signature-de-convention-entre-le-csc-et-loif-la-radio-jeunesse-sahel-rjs-autorisee-a-emettre-au-niger#primaryimage"},"thumbnailUrl":"https:\/\/static.africa-press.net\/niger\/sites\/40\/2021\/09\/img-614df72829236.jpg","datePublished":"2021-09-24T17:18:13+00:00","author":{"@id":"https:\/\/www.africa-press.net\/niger\/#\/schema\/person\/2b1cf3cd81a31e3cd26889ca66d677f1"},"description":"\ufeffLa Radio r\u00e9gionale RJS, cr\u00e9\u00e9e par l\u2019Organisation Internationale de la Francophonie (OIF) avec l\u2019appui de l\u2019Union europ\u00e9 ...","breadcrumb":{"@id":"https:\/\/www.africa-press.net\/niger\/politique\/signature-de-convention-entre-le-csc-et-loif-la-radio-jeunesse-sahel-rjs-autorisee-a-emettre-au-niger#breadcrumb"},"inLanguage":"fr-FR","potentialAction":[{"@type":"ReadAction","target":["https:\/\/www.africa-press.net\/niger\/politique\/signature-de-convention-entre-le-csc-et-loif-la-radio-jeunesse-sahel-rjs-autorisee-a-emettre-au-niger"]}]},{"@type":"ImageObject","inLanguage":"fr-FR","@id":"https:\/\/www.africa-press.net\/niger\/politique\/signature-de-convention-entre-le-csc-et-loif-la-radio-jeunesse-sahel-rjs-autorisee-a-emettre-au-niger#primaryimage","url":"https:\/\/static.africa-press.net\/niger\/sites\/40\/2021\/09\/img-614df72829236.jpg","contentUrl":"https:\/\/static.africa-press.net\/niger\/sites\/40\/2021\/09\/img-614df72829236.jpg","width":720,"height":451,"caption":"Signature de convention entre le CSC et l\u2019OIF : La Radio Jeunesse Sahel (RJS) autoris\u00e9e \u00e0 \u00e9mettre au Niger"},{"@type":"BreadcrumbList","@id":"https:\/\/www.africa-press.net\/niger\/politique\/signature-de-convention-entre-le-csc-et-loif-la-radio-jeunesse-sahel-rjs-autorisee-a-emettre-au-niger#breadcrumb","itemListElement":[{"@type":"ListItem","position":1,"name":"Accueil","item":"https:\/\/www.africa-press.net\/niger\/"},{"@type":"ListItem","position":2,"name":"Signature de convention entre le CSC et l\u2019OIF : La Radio Jeunesse Sahel (RJS) autoris\u00e9e \u00e0 \u00e9mettre au Niger"}]},{"@type":"WebSite","@id":"https:\/\/www.africa-press.net\/niger\/#website","url":"https:\/\/www.africa-press.net\/niger\/","name":"niger","description":"Just another Africa News Agency Sites site","potentialAction":[{"@type":"SearchAction","target":{"@type":"EntryPoint","urlTemplate":"https:\/\/www.africa-press.net\/niger\/?s={search_term_string}"},"query-input":{"@type":"PropertyValueSpecification","valueRequired":true,"valueName":"search_term_string"}}],"inLanguage":"fr-FR"},{"@type":"Person","@id":"https:\/\/www.africa-press.net\/niger\/#\/schema\/person\/2b1cf3cd81a31e3cd26889ca66d677f1","name":"cfeditorfr"}]}},"_links":{"self":[{"href":"https:\/\/www.africa-press.net\/niger\/wp-json\/wp\/v2\/posts\/12393","targetHints":{"allow":["GET"]}}],"collection":[{"href":"https:\/\/www.africa-press.net\/niger\/wp-json\/wp\/v2\/posts"}],"about":[{"href":"https:\/\/www.africa-press.net\/niger\/wp-json\/wp\/v2\/types\/post"}],"author":[{"embeddable":true,"href":"https:\/\/www.africa-press.net\/niger\/wp-json\/wp\/v2\/users\/82"}],"replies":[{"embeddable":true,"href":"https:\/\/www.africa-press.net\/niger\/wp-json\/wp\/v2\/comments?post=12393"}],"version-history":[{"count":0,"href":"https:\/\/www.africa-press.net\/niger\/wp-json\/wp\/v2\/posts\/12393\/revisions"}],"wp:featuredmedia":[{"embeddable":true,"href":"https:\/\/www.africa-press.net\/niger\/wp-json\/wp\/v2\/media\/12392"}],"wp:attachment":[{"href":"https:\/\/www.africa-press.net\/niger\/wp-json\/wp\/v2\/media?parent=12393"}],"wp:term":[{"taxonomy":"category","embeddable":true,"href":"https:\/\/www.africa-press.net\/niger\/wp-json\/wp\/v2\/categories?post=12393"},{"taxonomy":"post_tag","embeddable":true,"href":"https:\/\/www.africa-press.net\/niger\/wp-json\/wp\/v2\/tags?post=12393"}],"curies":[{"name":"wp","href":"https:\/\/api.w.org\/{rel}","templated":true}]}}