{"id":12402,"date":"2021-09-24T17:40:01","date_gmt":"2021-09-24T17:40:01","guid":{"rendered":"https:\/\/www.africa-press.net\/niger\/?p=12402"},"modified":"2021-10-03T20:19:59","modified_gmt":"2021-10-03T20:19:59","slug":"m-boureima-mounkaila-maire-de-la-commune-urbaine-de-gaya-nous-posons-des-actions-visibles-et-concretes-qui-puissent-amener-le-changement-de-comportement-des-contribuables-a-sacquit","status":"publish","type":"post","link":"https:\/\/www.africa-press.net\/niger\/dossiers\/m-boureima-mounkaila-maire-de-la-commune-urbaine-de-gaya-nous-posons-des-actions-visibles-et-concretes-qui-puissent-amener-le-changement-de-comportement-des-contribuables-a-sacquit","title":{"rendered":"M. Boureima Mounkaila, maire de la commune urbaine de Gaya : \u00ab Nous posons des actions visibles et concr\u00e8tes qui puissent amener le changement de comportement des contribuables \u00e0 s\u2019acquitter des taxes de voirie et taxes municipales \u00bb"},"content":{"rendered":"<p><span style=\"color: #ff6600\"><strong><a href=\"https:\/\/www.africa-press.net\/\">Africa-Press<\/a> &#8211; <a href=\"https:\/\/www.africa-press.net\/niger\">Niger<\/a>. <\/strong><\/span>Situ\u00e9e dans l\u2019extr\u00eame sud de la r\u00e9gion de Dosso, dans une zone de trois fronti\u00e8res Niger-B\u00e9nin-Nig\u00e9ria, la commune urbaine de Gaya compte une population de 63.815 habitants, repartie sur une superficie de 360 km2. Cette population est compos\u00e9e des Tchanga, des Songha\u00efs, des Gourmantch\u00e9s, des Zarma, des Haoussa, des Peuhls et des Yorubas. Dans cet entretien, le nouveau maire de ladite commune, \u00e9lu le 25 mai dernier, nous parle des d\u00e9fis et perspectives pour le d\u00e9veloppement communautaire de la ville transfrontali\u00e8re.<\/p>\n<p>Monsieur le maire, l\u2019un des d\u00e9fis majeurs de nos collectivit\u00e9s est aujourd\u2019hui, la probl\u00e9matique de la mobilisation de la recette fiscale. Quelle est la strat\u00e9gie que vous mettez en \u0153uvre pour la culture du civisme fiscal dans la commune de Gaya ?<\/p>\n<p>Justement, la probl\u00e9matique de recouvrement se pose comme dans toutes les communes du pays, de mani\u00e8re g\u00e9n\u00e9rale. En ce qui concerne la taxe de voirie et la taxe municipale, le taux de recouvrement est globalement tr\u00e8s faible. Et, maintenant, s\u2019agissant de la strat\u00e9gie que nous avons adopt\u00e9e, nous avons pris des mesures \u00e9nergiques pour retirer d\u2019abord le carnet de taxe de march\u00e9 des mains des anciens collecteurs pour le confier \u00e0 des nouveaux collecteurs, avec le concours des FDS. Dieu merci, ces recettes de taxe de march\u00e9, qui sont les redevances locales qu\u2019on per\u00e7oit sur les v\u00e9hicules \u00e2g\u00e9s, ont connu une \u00e9volution tr\u00e8s importante. Elles se sont multipli\u00e9es par 4 voire 5.<\/p>\n<p>Avec cette \u00e9volution positive de la mobilisation des redevances locales, nous sommes en train de poser certaines actions, telles que la salubrit\u00e9; l\u2019\u00e9vacuation des ordures m\u00e9nag\u00e8res et d\u00e9chets plastiques qui jonchent les art\u00e8res; la prise en charge de l\u2019\u00e9clairage public; la r\u00e9habilitation de la morgue; l\u2019extension du cimeti\u00e8re. Nous assurons le paiement r\u00e9gulier des salaires, malgr\u00e9 qu\u2019on ait trouv\u00e9 un certain volume d\u2019arri\u00e9r\u00e9s de salaire. Cela fait aujourd\u2019hui trois mois que nous sommes \u00e0 la t\u00eate de cette commune, apr\u00e8s avoir \u00e9t\u00e9 \u00e9lu le 25 mai dernier. Nous sommes aussi entrain de r\u00e9habiliter le parc de la mairie. Le tracteur et la benne qui sont rest\u00e9s plus de 2 ans immobiles, nous les avons r\u00e9par\u00e9s.<\/p>\n<p>Nous posons des actions visibles et concr\u00e8tes. Ce qui restaurera, progressivement, la confiance de la population et am\u00e8nera petit \u00e0 petit le changement de comportement des contribuables \u00e0 s\u2019acquitter des taxes de voirie et taxes municipales. C\u2019est cela notre strat\u00e9gie. Poser des actes visibles et concrets qui puissent amener la population \u00e0 voir ce \u00e0 quoi elle contribue. Nous faisons \u00e9galement de la sensibilisation. C\u2019est une autre mani\u00e8re de faire mais pas plus convaincante que les actions. La sensibilisation dans le cadre de la mobilisation des recettes a montr\u00e9 aujourd\u2019hui ses limites. Nous nous contentons plus \u00e0 faire des r\u00e9alisations visibles pour dire \u00e0 la population voil\u00e0 ce que nous faisons, o\u00f9 vont les ressources recouvr\u00e9es.<\/p>\n<p><b>Avec l\u2019urbanisation, les \u00e9changes commerciaux et socio-culturels qui s\u2019intensifient \u00e0 Gaya, l\u2019activit\u00e9 de taxi-motos commun\u00e9ment appel\u00e9s Kabou-Kabou se d\u00e9veloppe de plus en plus. Comment les acteurs sont-ils organis\u00e9s ? Y\u2019a-t-il une r\u00e9glementation particuli\u00e8re? Et quel profit tire la commune urbaine de Gaya?<\/b><\/p>\n<p>C\u2019est un monde effectivement tr\u00e8s mobile avec les Kabou-Kabou. Eh bien, ils rendent service \u00e0 la population, puisque c\u2019est \u00e0 moindre frais. Ils desservent les quartiers de la ville et m\u00eame jusqu\u2019\u00e0 certaines localit\u00e9s transfrontali\u00e8res, notamment les communes de Kamba (Nig\u00e9ria) et Malanville (B\u00e9nin). Ce sont des moyens d\u2019int\u00e9gration qui relient nos communes.<\/p>\n<p>Ils sont tr\u00e8s importants en nombre aussi. Dans la ville de Gaya, ils sont entre 5.000 et 6.000 taxi-motos. Et malheureusement, cela a d\u2019autre part ses aspects n\u00e9gatifs. En effet, il y\u2019a beaucoup d\u2019accidents. Avec l\u2019effervescence de cette activit\u00e9, le taux d\u2019accidents est en hausse dans la ville de Gaya. Vous l\u2019avez certainement remarqu\u00e9, les Kabou-Kabou filent \u00e0 toute vitesse et souvent avec des chargements d\u00e9mesur\u00e9s et d\u00e9bord\u00e9s qui cachent \u00e0 eux-m\u00eames leur visibilit\u00e9. Ils font aussi ce qu\u2019on appelle \u00ab super \u00e0 3 voire 4 \u00bb, c\u2019est-\u00e0-dire deux \u00e0 trois personnes en plus du conducteur. Vous voyez que le risque d\u2019accidents est tr\u00e8s \u00e9lev\u00e9.<\/p>\n<p>Nous avons \u00e9tabli un programme de formation de ces taxi-motos, avec l\u2019appui des services des transports et les agents de la protection civile. Ils sont majoritairement jeunes. Nous comptons les outiller pour qu\u2019ils aient un minimum de maitrise du code de la route, et de secourisme d\u2019urgence. Ils sont identifi\u00e9s avec des num\u00e9ros que nous leur attribuons. Ils portaient des gilets \u00e0 un moment. Dans le cadre de la formation envisag\u00e9e, nous allons revenir avec eux sur le port de cette tenue et la plaque d\u2019immatriculation communale (num\u00e9ro).<\/p>\n<p><b>Est-ce qu\u2019on leur exige le permis de conduire ?<\/b><\/p>\n<p>Oui ! Vous savez, les motocycles sont cat\u00e9goris\u00e9s. Il y\u2019a une cat\u00e9gorie \u00e0 partir de laquelle le permis de conduire est exig\u00e9. Pour d\u2019autres, la loi ne l\u2019impose pas. Mais l\u2019assurance et le d\u00e9douanement sont obligatoires pour toute cat\u00e9gorie. En ce qui concerne la mairie, nous leur imposons l\u2019immatriculation communale et le port de gilet.<\/p>\n<p><b>Monsieur le maire, la commune de Gaya est dans une zone de trois fronti\u00e8res, d\u2019ailleurs tr\u00e8s proche des communes frontali\u00e8res du B\u00e9nin et du Nig\u00e9ria. Quel est l\u2019impact de cette position g\u00e9ographique sur la mise en \u0153uvre de votre plan de d\u00e9veloppement communal ?<\/b><\/p>\n<p>C\u2019est une position sur trois fronti\u00e8res. Depuis 2018, il y\u2019a eu une organisation qu\u2019on appelle \u00ab Dendi Ganda \u00bb. C\u2019est un cadre de concertation transfrontalier entre les communes s\u0153urs voisines de la zone install\u00e9 par les maires, \u00e0 savoir Gaya, Malan-ville et Kamba. Ce cadre facilite la circulation des personnes et des biens entre nos communaut\u00e9s qui sont pratiquement les m\u00eames, du point de vue historique et socio-culturel. La fronti\u00e8re qui nous s\u00e9pare n\u2019est qu\u2019imaginaire. \u00ab Dendi Ganda \u00bb envisage aussi de monter des projets structurants, pour aller vers des investissements qui puissent profiter aux populations. Nos infrastructures nous profitent mutuellement en r\u00e9alit\u00e9. Si vous prenez l\u2019h\u00f4pital de Gaya, il est fr\u00e9quent\u00e9 par des habitants de Malanville et de Kamba. Vice-versa, aux niveaux de leurs centres sanitaires. Cette coop\u00e9ration transfrontali\u00e8re est soutenue par la coop\u00e9ration suisse, \u00e0 travers le Laboratoire Citoyennet\u00e9; la coop\u00e9ration allemande via GIZ et d\u2019autres partenaires.<\/p>\n<p><b>Gaya est r\u00e9put\u00e9e pour sa richesse culturelle qui constitue d\u2019ailleurs un r\u00e9servoir national, et qui faisait la fiert\u00e9 du pays. Aujourd\u2019hui, la cr\u00e9ation artistique est en baisse, le r\u00e9pertoire reste celui des ann\u00e9es 80. Quelle est la place de la culture aujourd\u2019hui dans votre Plan de D\u00e9veloppement Communal ?<\/b><\/p>\n<p>Il faudrait organiser des rencontres culturelles p\u00e9riodiques, comme le Festival de la Semaine culturelle du Dendi dont la premi\u00e8re \u00e9dition vient de s\u2019achever, pour revaloriser ce patrimoine. Que cette culture ne disparaisse pas ! Je salue au passage les ressortissants de Gaya pour la belle initiative. Cela a \u00e9t\u00e9 un grand succ\u00e8s. Durant les trois jours (du 3 au 5 septembre dernier), il y\u2019a eu des manifestions culturelles qui nous ont plong\u00e9es dans la nostalgie des bons vieux temps des traditions ancestrales du Dendi, dans sa diversit\u00e9.<\/p>\n<p><b>La Maison des jeunes et de la culture (MJC) de Gaya, dont la gestion rel\u00e8ve de vos responsabilit\u00e9s, est dans un \u00e9tat de d\u00e9labrement avanc\u00e9 : qu\u2019est-ce qui est envisag\u00e9 par la municipalit\u00e9 de la ville de Gaya pour redorer le blason de ce temple de la culture ?<\/b><\/p>\n<p>Effectivement, l\u2019entretien des infrastructures culturelles incombe aux collectivit\u00e9s, en r\u00e9servant dans leur budget une rubrique en bonne et due forme. Il se trouve que des ressources qu\u2019ils g\u00e9n\u00e8rent \u00e0 partir des manifestations culturelles qu\u2019ils accueillent, rien ne parvient aux caisses de la collectivit\u00e9. Nous venons de nous installer \u00e0 l\u2019issue des r\u00e9centes \u00e9lections et nous avons la volont\u00e9 de prendre \u00e0 bras le corps la question. Nous sommes t\u00e9moin de cet \u00e9tat dans lequel se trouve la MJC. Nous l\u2019avons visit\u00e9e, nous avons vu. Plaise \u00e0 Dieu, dans le budget 2022, la pr\u00e9occupation sera prise en compte.<\/p>\n<p><b>Il y\u2019a quelques ann\u00e9es, l\u2019Etat a transf\u00e9r\u00e9 un certain nombre de comp\u00e9tences aux collectivit\u00e9s territoriales, notamment dans les domaines de la sant\u00e9, de l\u2019\u00e9ducation, de l\u2019hydraulique et de l\u2019environnement. Comment assumez-vous ces responsabilit\u00e9s ?<\/b><\/p>\n<p>C\u2019est une question d\u2019actualit\u00e9: un transfert de comp\u00e9tences concomitamment avec des ressources. Alors, nous avons suivi, lors du mandat des maires de l\u2019ann\u00e9e 2010 \u00e0 2021, des formations sur le transfert des comp\u00e9tences, surtout en ce qui concerne le domaine de l\u2019\u00e9ducation. Il faut saluer les autorit\u00e9s du minist\u00e8re de l\u2019\u00e9ducation d\u2019antan, qui ont organis\u00e9 beaucoup de rencontres pour que ce transfert puisse se concr\u00e9tiser sans grande difficult\u00e9. Les autres minist\u00e8res concern\u00e9s en ont fait aussi mais pas autant.<\/p>\n<p>Mais sur le terrain, dans cette nouvelle donne, la collaboration est \u00e0 f\u00e9liciter. Avec tous les acteurs de l\u2019\u00e9ducation, les \u00e9changes sont permanents. Les communes appuient l\u2019\u00e9ducation de base dans la construction des salles de cours, dans le financement des journ\u00e9es p\u00e9dagogiques, dans l\u2019acheminement des fournitures scolaires du chef-lieu de la r\u00e9gion \u00e0 la commune.<\/p>\n<p><b>\u00a0<\/b><\/p>\n","protected":false},"excerpt":{"rendered":"<p>Africa-Press &#8211; Niger. Situ\u00e9e dans l\u2019extr\u00eame sud de la r\u00e9gion de Dosso, dans une zone de trois fronti\u00e8res Niger-B\u00e9nin-Nig\u00e9ria, la commune urbaine de Gaya compte une population de 63.815 habitants, repartie sur une superficie de 360 km2. Cette population est compos\u00e9e des Tchanga, des Songha\u00efs, des Gourmantch\u00e9s, des Zarma, des Haoussa, des Peuhls et des [&hellip;]<\/p>\n","protected":false},"author":82,"featured_media":12401,"comment_status":"open","ping_status":"closed","sticky":false,"template":"","format":"standard","meta":{"footnotes":""},"categories":[7,11,2,10],"tags":[55,60,29],"class_list":["post-12402","post","type-post","status-publish","format-standard","has-post-thumbnail","hentry","category-dossiers","category-homepage-french","category-politique","category-toutes-les-actualites","tag-africa-press","tag-africa-press-niger","tag-niger"],"yoast_head":"<!-- This site is optimized with the Yoast SEO Premium plugin v26.1 (Yoast SEO v27.0) - https:\/\/yoast.com\/product\/yoast-seo-premium-wordpress\/ -->\n<title>M. Boureima Mounkaila, maire de la commune urbaine de Gaya : \u00ab Nous posons des actions visibles et concr\u00e8tes qui puissent amener le changement de comportement des contribuables \u00e0 s\u2019acquitter des taxes de voirie et taxes municipales \u00bb - niger<\/title>\n<meta name=\"description\" content=\"\ufeffSitu\u00e9e dans l\u2019extr\u00eame sud de la r\u00e9gion de Dosso, dans une zone de trois fronti\u00e8res Niger-B\u00e9nin-Nig\u00e9ria, la commune urba ...\" \/>\n<meta name=\"robots\" content=\"index, follow, max-snippet:-1, max-image-preview:large, max-video-preview:-1\" \/>\n<link rel=\"canonical\" href=\"https:\/\/www.africa-press.net\/niger\/dossiers\/m-boureima-mounkaila-maire-de-la-commune-urbaine-de-gaya-nous-posons-des-actions-visibles-et-concretes-qui-puissent-amener-le-changement-de-comportement-des-contribuables-a-sacquit\" \/>\n<meta property=\"og:locale\" content=\"fr_FR\" \/>\n<meta property=\"og:type\" content=\"article\" \/>\n<meta property=\"og:title\" content=\"M. Boureima Mounkaila, maire de la commune urbaine de Gaya : \u00ab Nous posons des actions visibles et concr\u00e8tes qui puissent amener le changement de comportement des contribuables \u00e0 s\u2019acquitter des taxes de voirie et taxes municipales \u00bb\" \/>\n<meta property=\"og:description\" content=\"\ufeffSitu\u00e9e dans l\u2019extr\u00eame sud de la r\u00e9gion de Dosso, dans une zone de trois fronti\u00e8res Niger-B\u00e9nin-Nig\u00e9ria, la commune urba ...\" \/>\n<meta property=\"og:url\" content=\"https:\/\/www.africa-press.net\/niger\/dossiers\/m-boureima-mounkaila-maire-de-la-commune-urbaine-de-gaya-nous-posons-des-actions-visibles-et-concretes-qui-puissent-amener-le-changement-de-comportement-des-contribuables-a-sacquit\" \/>\n<meta property=\"og:site_name\" content=\"niger\" \/>\n<meta property=\"article:published_time\" content=\"2021-09-24T17:40:01+00:00\" \/>\n<meta property=\"article:modified_time\" content=\"2021-10-03T20:19:59+00:00\" \/>\n<meta property=\"og:image\" content=\"https:\/\/static.africa-press.net\/niger\/sites\/40\/2021\/09\/img-614df79651003.jpg\" \/>\n\t<meta property=\"og:image:width\" content=\"720\" \/>\n\t<meta property=\"og:image:height\" content=\"480\" \/>\n\t<meta property=\"og:image:type\" content=\"image\/jpeg\" \/>\n<meta name=\"author\" content=\"cfeditorfr\" \/>\n<meta name=\"twitter:card\" content=\"summary_large_image\" \/>\n<meta name=\"twitter:label1\" content=\"\u00c9crit par\" \/>\n\t<meta name=\"twitter:data1\" content=\"cfeditorfr\" \/>\n\t<meta name=\"twitter:label2\" content=\"Dur\u00e9e de lecture estim\u00e9e\" \/>\n\t<meta name=\"twitter:data2\" content=\"8 minutes\" \/>\n<script type=\"application\/ld+json\" class=\"yoast-schema-graph\">{\"@context\":\"https:\/\/schema.org\",\"@graph\":[{\"@type\":\"Article\",\"@id\":\"https:\/\/www.africa-press.net\/niger\/dossiers\/m-boureima-mounkaila-maire-de-la-commune-urbaine-de-gaya-nous-posons-des-actions-visibles-et-concretes-qui-puissent-amener-le-changement-de-comportement-des-contribuables-a-sacquit#article\",\"isPartOf\":{\"@id\":\"https:\/\/www.africa-press.net\/niger\/dossiers\/m-boureima-mounkaila-maire-de-la-commune-urbaine-de-gaya-nous-posons-des-actions-visibles-et-concretes-qui-puissent-amener-le-changement-de-comportement-des-contribuables-a-sacquit\"},\"author\":{\"name\":\"cfeditorfr\",\"@id\":\"https:\/\/www.africa-press.net\/niger\/#\/schema\/person\/2b1cf3cd81a31e3cd26889ca66d677f1\"},\"headline\":\"M. Boureima Mounkaila, maire de la commune urbaine de Gaya : \u00ab Nous posons des actions visibles et concr\u00e8tes qui puissent amener le changement de comportement des contribuables \u00e0 s\u2019acquitter des taxes de voirie et taxes municipales \u00bb\",\"datePublished\":\"2021-09-24T17:40:01+00:00\",\"dateModified\":\"2021-10-03T20:19:59+00:00\",\"mainEntityOfPage\":{\"@id\":\"https:\/\/www.africa-press.net\/niger\/dossiers\/m-boureima-mounkaila-maire-de-la-commune-urbaine-de-gaya-nous-posons-des-actions-visibles-et-concretes-qui-puissent-amener-le-changement-de-comportement-des-contribuables-a-sacquit\"},\"wordCount\":1656,\"commentCount\":0,\"image\":{\"@id\":\"https:\/\/www.africa-press.net\/niger\/dossiers\/m-boureima-mounkaila-maire-de-la-commune-urbaine-de-gaya-nous-posons-des-actions-visibles-et-concretes-qui-puissent-amener-le-changement-de-comportement-des-contribuables-a-sacquit#primaryimage\"},\"thumbnailUrl\":\"https:\/\/static.africa-press.net\/niger\/sites\/40\/2021\/09\/img-614df79651003.jpg\",\"keywords\":[\"Africa Press\",\"Africa Press-Niger\",\"Niger\"],\"articleSection\":[\"Dossiers\",\"homepage-french\",\"Politique\",\"Toutes les actualit\u00e9s\"],\"inLanguage\":\"fr-FR\",\"potentialAction\":[{\"@type\":\"CommentAction\",\"name\":\"Comment\",\"target\":[\"https:\/\/www.africa-press.net\/niger\/dossiers\/m-boureima-mounkaila-maire-de-la-commune-urbaine-de-gaya-nous-posons-des-actions-visibles-et-concretes-qui-puissent-amener-le-changement-de-comportement-des-contribuables-a-sacquit#respond\"]}]},{\"@type\":\"WebPage\",\"@id\":\"https:\/\/www.africa-press.net\/niger\/dossiers\/m-boureima-mounkaila-maire-de-la-commune-urbaine-de-gaya-nous-posons-des-actions-visibles-et-concretes-qui-puissent-amener-le-changement-de-comportement-des-contribuables-a-sacquit\",\"url\":\"https:\/\/www.africa-press.net\/niger\/dossiers\/m-boureima-mounkaila-maire-de-la-commune-urbaine-de-gaya-nous-posons-des-actions-visibles-et-concretes-qui-puissent-amener-le-changement-de-comportement-des-contribuables-a-sacquit\",\"name\":\"M. Boureima Mounkaila, maire de la commune urbaine de Gaya : \u00ab Nous posons des actions visibles et concr\u00e8tes qui puissent amener le changement de comportement des contribuables \u00e0 s\u2019acquitter des taxes de voirie et taxes municipales \u00bb - niger\",\"isPartOf\":{\"@id\":\"https:\/\/www.africa-press.net\/niger\/#website\"},\"primaryImageOfPage\":{\"@id\":\"https:\/\/www.africa-press.net\/niger\/dossiers\/m-boureima-mounkaila-maire-de-la-commune-urbaine-de-gaya-nous-posons-des-actions-visibles-et-concretes-qui-puissent-amener-le-changement-de-comportement-des-contribuables-a-sacquit#primaryimage\"},\"image\":{\"@id\":\"https:\/\/www.africa-press.net\/niger\/dossiers\/m-boureima-mounkaila-maire-de-la-commune-urbaine-de-gaya-nous-posons-des-actions-visibles-et-concretes-qui-puissent-amener-le-changement-de-comportement-des-contribuables-a-sacquit#primaryimage\"},\"thumbnailUrl\":\"https:\/\/static.africa-press.net\/niger\/sites\/40\/2021\/09\/img-614df79651003.jpg\",\"datePublished\":\"2021-09-24T17:40:01+00:00\",\"dateModified\":\"2021-10-03T20:19:59+00:00\",\"author\":{\"@id\":\"https:\/\/www.africa-press.net\/niger\/#\/schema\/person\/2b1cf3cd81a31e3cd26889ca66d677f1\"},\"description\":\"\ufeffSitu\u00e9e dans l\u2019extr\u00eame sud de la r\u00e9gion de Dosso, dans une zone de trois fronti\u00e8res Niger-B\u00e9nin-Nig\u00e9ria, la commune urba ...\",\"breadcrumb\":{\"@id\":\"https:\/\/www.africa-press.net\/niger\/dossiers\/m-boureima-mounkaila-maire-de-la-commune-urbaine-de-gaya-nous-posons-des-actions-visibles-et-concretes-qui-puissent-amener-le-changement-de-comportement-des-contribuables-a-sacquit#breadcrumb\"},\"inLanguage\":\"fr-FR\",\"potentialAction\":[{\"@type\":\"ReadAction\",\"target\":[\"https:\/\/www.africa-press.net\/niger\/dossiers\/m-boureima-mounkaila-maire-de-la-commune-urbaine-de-gaya-nous-posons-des-actions-visibles-et-concretes-qui-puissent-amener-le-changement-de-comportement-des-contribuables-a-sacquit\"]}]},{\"@type\":\"ImageObject\",\"inLanguage\":\"fr-FR\",\"@id\":\"https:\/\/www.africa-press.net\/niger\/dossiers\/m-boureima-mounkaila-maire-de-la-commune-urbaine-de-gaya-nous-posons-des-actions-visibles-et-concretes-qui-puissent-amener-le-changement-de-comportement-des-contribuables-a-sacquit#primaryimage\",\"url\":\"https:\/\/static.africa-press.net\/niger\/sites\/40\/2021\/09\/img-614df79651003.jpg\",\"contentUrl\":\"https:\/\/static.africa-press.net\/niger\/sites\/40\/2021\/09\/img-614df79651003.jpg\",\"width\":720,\"height\":480,\"caption\":\"M. Boureima Mounkaila, maire de la commune urbaine de Gaya : \u00ab Nous posons des actions visibles et concr\u00e8tes qui puissent amener le changement de comportement des contribuables \u00e0 s\u2019acquitter des taxes de voirie et taxes municipales \u00bb\"},{\"@type\":\"BreadcrumbList\",\"@id\":\"https:\/\/www.africa-press.net\/niger\/dossiers\/m-boureima-mounkaila-maire-de-la-commune-urbaine-de-gaya-nous-posons-des-actions-visibles-et-concretes-qui-puissent-amener-le-changement-de-comportement-des-contribuables-a-sacquit#breadcrumb\",\"itemListElement\":[{\"@type\":\"ListItem\",\"position\":1,\"name\":\"Accueil\",\"item\":\"https:\/\/www.africa-press.net\/niger\/\"},{\"@type\":\"ListItem\",\"position\":2,\"name\":\"M. Boureima Mounkaila, maire de la commune urbaine de Gaya : \u00ab Nous posons des actions visibles et concr\u00e8tes qui puissent amener le changement de comportement des contribuables \u00e0 s\u2019acquitter des taxes de voirie et taxes municipales \u00bb\"}]},{\"@type\":\"WebSite\",\"@id\":\"https:\/\/www.africa-press.net\/niger\/#website\",\"url\":\"https:\/\/www.africa-press.net\/niger\/\",\"name\":\"niger\",\"description\":\"Just another Africa News Agency Sites site\",\"potentialAction\":[{\"@type\":\"SearchAction\",\"target\":{\"@type\":\"EntryPoint\",\"urlTemplate\":\"https:\/\/www.africa-press.net\/niger\/?s={search_term_string}\"},\"query-input\":{\"@type\":\"PropertyValueSpecification\",\"valueRequired\":true,\"valueName\":\"search_term_string\"}}],\"inLanguage\":\"fr-FR\"},{\"@type\":\"Person\",\"@id\":\"https:\/\/www.africa-press.net\/niger\/#\/schema\/person\/2b1cf3cd81a31e3cd26889ca66d677f1\",\"name\":\"cfeditorfr\"}]}<\/script>\n<!-- \/ Yoast SEO Premium plugin. -->","yoast_head_json":{"title":"M. Boureima Mounkaila, maire de la commune urbaine de Gaya : \u00ab Nous posons des actions visibles et concr\u00e8tes qui puissent amener le changement de comportement des contribuables \u00e0 s\u2019acquitter des taxes de voirie et taxes municipales \u00bb - niger","description":"\ufeffSitu\u00e9e dans l\u2019extr\u00eame sud de la r\u00e9gion de Dosso, dans une zone de trois fronti\u00e8res Niger-B\u00e9nin-Nig\u00e9ria, la commune urba ...","robots":{"index":"index","follow":"follow","max-snippet":"max-snippet:-1","max-image-preview":"max-image-preview:large","max-video-preview":"max-video-preview:-1"},"canonical":"https:\/\/www.africa-press.net\/niger\/dossiers\/m-boureima-mounkaila-maire-de-la-commune-urbaine-de-gaya-nous-posons-des-actions-visibles-et-concretes-qui-puissent-amener-le-changement-de-comportement-des-contribuables-a-sacquit","og_locale":"fr_FR","og_type":"article","og_title":"M. Boureima Mounkaila, maire de la commune urbaine de Gaya : \u00ab Nous posons des actions visibles et concr\u00e8tes qui puissent amener le changement de comportement des contribuables \u00e0 s\u2019acquitter des taxes de voirie et taxes municipales \u00bb","og_description":"\ufeffSitu\u00e9e dans l\u2019extr\u00eame sud de la r\u00e9gion de Dosso, dans une zone de trois fronti\u00e8res Niger-B\u00e9nin-Nig\u00e9ria, la commune urba ...","og_url":"https:\/\/www.africa-press.net\/niger\/dossiers\/m-boureima-mounkaila-maire-de-la-commune-urbaine-de-gaya-nous-posons-des-actions-visibles-et-concretes-qui-puissent-amener-le-changement-de-comportement-des-contribuables-a-sacquit","og_site_name":"niger","article_published_time":"2021-09-24T17:40:01+00:00","article_modified_time":"2021-10-03T20:19:59+00:00","og_image":[{"width":720,"height":480,"url":"https:\/\/static.africa-press.net\/niger\/sites\/40\/2021\/09\/img-614df79651003.jpg","type":"image\/jpeg"}],"author":"cfeditorfr","twitter_card":"summary_large_image","twitter_misc":{"\u00c9crit par":"cfeditorfr","Dur\u00e9e de lecture estim\u00e9e":"8 minutes"},"schema":{"@context":"https:\/\/schema.org","@graph":[{"@type":"Article","@id":"https:\/\/www.africa-press.net\/niger\/dossiers\/m-boureima-mounkaila-maire-de-la-commune-urbaine-de-gaya-nous-posons-des-actions-visibles-et-concretes-qui-puissent-amener-le-changement-de-comportement-des-contribuables-a-sacquit#article","isPartOf":{"@id":"https:\/\/www.africa-press.net\/niger\/dossiers\/m-boureima-mounkaila-maire-de-la-commune-urbaine-de-gaya-nous-posons-des-actions-visibles-et-concretes-qui-puissent-amener-le-changement-de-comportement-des-contribuables-a-sacquit"},"author":{"name":"cfeditorfr","@id":"https:\/\/www.africa-press.net\/niger\/#\/schema\/person\/2b1cf3cd81a31e3cd26889ca66d677f1"},"headline":"M. Boureima Mounkaila, maire de la commune urbaine de Gaya : \u00ab Nous posons des actions visibles et concr\u00e8tes qui puissent amener le changement de comportement des contribuables \u00e0 s\u2019acquitter des taxes de voirie et taxes municipales \u00bb","datePublished":"2021-09-24T17:40:01+00:00","dateModified":"2021-10-03T20:19:59+00:00","mainEntityOfPage":{"@id":"https:\/\/www.africa-press.net\/niger\/dossiers\/m-boureima-mounkaila-maire-de-la-commune-urbaine-de-gaya-nous-posons-des-actions-visibles-et-concretes-qui-puissent-amener-le-changement-de-comportement-des-contribuables-a-sacquit"},"wordCount":1656,"commentCount":0,"image":{"@id":"https:\/\/www.africa-press.net\/niger\/dossiers\/m-boureima-mounkaila-maire-de-la-commune-urbaine-de-gaya-nous-posons-des-actions-visibles-et-concretes-qui-puissent-amener-le-changement-de-comportement-des-contribuables-a-sacquit#primaryimage"},"thumbnailUrl":"https:\/\/static.africa-press.net\/niger\/sites\/40\/2021\/09\/img-614df79651003.jpg","keywords":["Africa Press","Africa Press-Niger","Niger"],"articleSection":["Dossiers","homepage-french","Politique","Toutes les actualit\u00e9s"],"inLanguage":"fr-FR","potentialAction":[{"@type":"CommentAction","name":"Comment","target":["https:\/\/www.africa-press.net\/niger\/dossiers\/m-boureima-mounkaila-maire-de-la-commune-urbaine-de-gaya-nous-posons-des-actions-visibles-et-concretes-qui-puissent-amener-le-changement-de-comportement-des-contribuables-a-sacquit#respond"]}]},{"@type":"WebPage","@id":"https:\/\/www.africa-press.net\/niger\/dossiers\/m-boureima-mounkaila-maire-de-la-commune-urbaine-de-gaya-nous-posons-des-actions-visibles-et-concretes-qui-puissent-amener-le-changement-de-comportement-des-contribuables-a-sacquit","url":"https:\/\/www.africa-press.net\/niger\/dossiers\/m-boureima-mounkaila-maire-de-la-commune-urbaine-de-gaya-nous-posons-des-actions-visibles-et-concretes-qui-puissent-amener-le-changement-de-comportement-des-contribuables-a-sacquit","name":"M. Boureima Mounkaila, maire de la commune urbaine de Gaya : \u00ab Nous posons des actions visibles et concr\u00e8tes qui puissent amener le changement de comportement des contribuables \u00e0 s\u2019acquitter des taxes de voirie et taxes municipales \u00bb - niger","isPartOf":{"@id":"https:\/\/www.africa-press.net\/niger\/#website"},"primaryImageOfPage":{"@id":"https:\/\/www.africa-press.net\/niger\/dossiers\/m-boureima-mounkaila-maire-de-la-commune-urbaine-de-gaya-nous-posons-des-actions-visibles-et-concretes-qui-puissent-amener-le-changement-de-comportement-des-contribuables-a-sacquit#primaryimage"},"image":{"@id":"https:\/\/www.africa-press.net\/niger\/dossiers\/m-boureima-mounkaila-maire-de-la-commune-urbaine-de-gaya-nous-posons-des-actions-visibles-et-concretes-qui-puissent-amener-le-changement-de-comportement-des-contribuables-a-sacquit#primaryimage"},"thumbnailUrl":"https:\/\/static.africa-press.net\/niger\/sites\/40\/2021\/09\/img-614df79651003.jpg","datePublished":"2021-09-24T17:40:01+00:00","dateModified":"2021-10-03T20:19:59+00:00","author":{"@id":"https:\/\/www.africa-press.net\/niger\/#\/schema\/person\/2b1cf3cd81a31e3cd26889ca66d677f1"},"description":"\ufeffSitu\u00e9e dans l\u2019extr\u00eame sud de la r\u00e9gion de Dosso, dans une zone de trois fronti\u00e8res Niger-B\u00e9nin-Nig\u00e9ria, la commune urba ...","breadcrumb":{"@id":"https:\/\/www.africa-press.net\/niger\/dossiers\/m-boureima-mounkaila-maire-de-la-commune-urbaine-de-gaya-nous-posons-des-actions-visibles-et-concretes-qui-puissent-amener-le-changement-de-comportement-des-contribuables-a-sacquit#breadcrumb"},"inLanguage":"fr-FR","potentialAction":[{"@type":"ReadAction","target":["https:\/\/www.africa-press.net\/niger\/dossiers\/m-boureima-mounkaila-maire-de-la-commune-urbaine-de-gaya-nous-posons-des-actions-visibles-et-concretes-qui-puissent-amener-le-changement-de-comportement-des-contribuables-a-sacquit"]}]},{"@type":"ImageObject","inLanguage":"fr-FR","@id":"https:\/\/www.africa-press.net\/niger\/dossiers\/m-boureima-mounkaila-maire-de-la-commune-urbaine-de-gaya-nous-posons-des-actions-visibles-et-concretes-qui-puissent-amener-le-changement-de-comportement-des-contribuables-a-sacquit#primaryimage","url":"https:\/\/static.africa-press.net\/niger\/sites\/40\/2021\/09\/img-614df79651003.jpg","contentUrl":"https:\/\/static.africa-press.net\/niger\/sites\/40\/2021\/09\/img-614df79651003.jpg","width":720,"height":480,"caption":"M. Boureima Mounkaila, maire de la commune urbaine de Gaya : \u00ab Nous posons des actions visibles et concr\u00e8tes qui puissent amener le changement de comportement des contribuables \u00e0 s\u2019acquitter des taxes de voirie et taxes municipales \u00bb"},{"@type":"BreadcrumbList","@id":"https:\/\/www.africa-press.net\/niger\/dossiers\/m-boureima-mounkaila-maire-de-la-commune-urbaine-de-gaya-nous-posons-des-actions-visibles-et-concretes-qui-puissent-amener-le-changement-de-comportement-des-contribuables-a-sacquit#breadcrumb","itemListElement":[{"@type":"ListItem","position":1,"name":"Accueil","item":"https:\/\/www.africa-press.net\/niger\/"},{"@type":"ListItem","position":2,"name":"M. Boureima Mounkaila, maire de la commune urbaine de Gaya : \u00ab Nous posons des actions visibles et concr\u00e8tes qui puissent amener le changement de comportement des contribuables \u00e0 s\u2019acquitter des taxes de voirie et taxes municipales \u00bb"}]},{"@type":"WebSite","@id":"https:\/\/www.africa-press.net\/niger\/#website","url":"https:\/\/www.africa-press.net\/niger\/","name":"niger","description":"Just another Africa News Agency Sites site","potentialAction":[{"@type":"SearchAction","target":{"@type":"EntryPoint","urlTemplate":"https:\/\/www.africa-press.net\/niger\/?s={search_term_string}"},"query-input":{"@type":"PropertyValueSpecification","valueRequired":true,"valueName":"search_term_string"}}],"inLanguage":"fr-FR"},{"@type":"Person","@id":"https:\/\/www.africa-press.net\/niger\/#\/schema\/person\/2b1cf3cd81a31e3cd26889ca66d677f1","name":"cfeditorfr"}]}},"_links":{"self":[{"href":"https:\/\/www.africa-press.net\/niger\/wp-json\/wp\/v2\/posts\/12402","targetHints":{"allow":["GET"]}}],"collection":[{"href":"https:\/\/www.africa-press.net\/niger\/wp-json\/wp\/v2\/posts"}],"about":[{"href":"https:\/\/www.africa-press.net\/niger\/wp-json\/wp\/v2\/types\/post"}],"author":[{"embeddable":true,"href":"https:\/\/www.africa-press.net\/niger\/wp-json\/wp\/v2\/users\/82"}],"replies":[{"embeddable":true,"href":"https:\/\/www.africa-press.net\/niger\/wp-json\/wp\/v2\/comments?post=12402"}],"version-history":[{"count":0,"href":"https:\/\/www.africa-press.net\/niger\/wp-json\/wp\/v2\/posts\/12402\/revisions"}],"wp:featuredmedia":[{"embeddable":true,"href":"https:\/\/www.africa-press.net\/niger\/wp-json\/wp\/v2\/media\/12401"}],"wp:attachment":[{"href":"https:\/\/www.africa-press.net\/niger\/wp-json\/wp\/v2\/media?parent=12402"}],"wp:term":[{"taxonomy":"category","embeddable":true,"href":"https:\/\/www.africa-press.net\/niger\/wp-json\/wp\/v2\/categories?post=12402"},{"taxonomy":"post_tag","embeddable":true,"href":"https:\/\/www.africa-press.net\/niger\/wp-json\/wp\/v2\/tags?post=12402"}],"curies":[{"name":"wp","href":"https:\/\/api.w.org\/{rel}","templated":true}]}}