{"id":12405,"date":"2021-09-24T17:48:55","date_gmt":"2021-09-24T17:48:55","guid":{"rendered":"https:\/\/www.africa-press.net\/niger\/?p=12405"},"modified":"2021-09-24T21:40:03","modified_gmt":"2021-09-24T21:40:03","slug":"au-conseil-des-ministres-adoption-dimportants-projets-de-textes-dont-projet-de-loi-portant-loi-de-finances-pour-lannee-budgetaire-2022-et-de-plusieurs-mesures-nominatives","status":"publish","type":"post","link":"https:\/\/www.africa-press.net\/niger\/politique\/au-conseil-des-ministres-adoption-dimportants-projets-de-textes-dont-projet-de-loi-portant-loi-de-finances-pour-lannee-budgetaire-2022-et-de-plusieurs-mesures-nominatives","title":{"rendered":"Au Conseil des ministres : Adoption d\u2019importants projets de textes, dont Projet de loi portant loi de finances pour l\u2019ann\u00e9e budg\u00e9taire 2022, et de plusieurs mesures nominatives"},"content":{"rendered":"<p><span style=\"color: #ff6600\"><strong><a href=\"https:\/\/www.africa-press.net\/\">Africa-Press<\/a> &#8211; <a href=\"https:\/\/www.africa-press.net\/niger\">Niger<\/a>. <\/strong><\/span>Le Conseil des ministres s\u2019est r\u00e9uni, hier jeudi 23 septembre 2021, dans la salle habituelle des d\u00e9lib\u00e9rations, sous la pr\u00e9sidence de Son Excellence, Monsieur MOHAMED BAZOUM, Pr\u00e9sident de la R\u00e9publique, Pr\u00e9sident du Conseil des Ministres. Apr\u00e8s examen des points inscrits \u00e0 son ordre du jour, le Conseil a pris les d\u00e9cisions suivantes :<\/p>\n<p>I. AU TITRE DU MINISTERE DES AFFAIRES ETRANGERES ET DE LA COOPERATION.<\/p>\n<p>Le Conseil des ministres a adopt\u00e9 les projets de textes ci-apr\u00e8s :<\/p>\n<p>1.1. Projet d\u2019ordonnance autorisant la ratification de l\u2019Accord de pr\u00eat N\u00b0142\/AP\/LA\/BIDC\/EBID\/06\/2020 d\u2019un montant maximum de dix millions cinq cent mille dollars US (10.500.000 $ US), sign\u00e9 le 06 juillet 2021 \u00e0 Niamey, entre le Gouvernement de la R\u00e9publique du Niger et la Banque d\u2019Investissement et de D\u00e9veloppement de la CEDEAO (BIDC), pour le financement partiel du Projet d\u2019\u00e9lectrification des sites de r\u00e9installation du plan d\u2019actions de r\u00e9installation-deuxi\u00e8me vague (PAR 2) du Programme Kandadji et de renforcement du r\u00e9seau de distribution \u00e9lectrique dans la zone du barrage de Kandadji en R\u00e9publique du Niger.<\/p>\n<p>L\u2019objet principal de l\u2019Accord de pr\u00eat objet du pr\u00e9sent projet de loi est la construction d\u2019un r\u00e9seau \u00e9lectrique constitu\u00e9 de lignes de moyenne tension et de basse tension sur les sites de r\u00e9installation des personnes d\u00e9plac\u00e9es du Programme Kandadji.<\/p>\n<p>1.2. Projet d\u2019ordonnance autorisant la ratification de l\u2019Accord de pr\u00eat N\u00b0144\/AP\/LA\/BIDC\/EBID\/08\/2020 d\u2019un montant maximum de quatorze millions six cent mille dollars US (14.600.000 $ US), sign\u00e9 le 06 juillet 2021 \u00e0 Niamey, entre le Gouvernement de la R\u00e9publique du Niger et la Banque d\u2019Investissement et de D\u00e9veloppement de la CEDEAO (BIDC), pour le financement partiel du Projet d\u2019am\u00e9nagements hydro-agricoles des sites de r\u00e9installation du plan d\u2019actions de r\u00e9installation (phase 2A) du Programme Kandadji en R\u00e9publique du Niger.<\/p>\n<p>L\u2019objectif global de l\u2019Accord de pr\u00eat objet du pr\u00e9sent projet de loi est la r\u00e9duction de la pauvret\u00e9 gr\u00e2ce \u00e0 la mise en valeur des terres agricoles irrigu\u00e9es \u00e0 partir du fleuve Niger, la reg\u00e9n\u00e9ration du milieu naturel ainsi que la contribution \u00e0 la s\u00e9curit\u00e9 alimentaire des populations.<\/p>\n<p>Les deux (02) projets d\u2019ordonnances sont pris conform\u00e9ment aux dispositions de l\u2019article 106 de la Constitution et \u00e0 celles de la loi n\u00b0 2021-018 du 07 juillet 2021, habilitant le Gouvernement \u00e0 prendre des ordonnances et ce, apr\u00e8s avis de la Cour Constitutionnelle.<\/p>\n<p>II. AU TITRE DU MINISTERE DE L\u2019INTERIEUR ET DE LA DECENTRALISATION.<\/p>\n<p>Le Conseil des Ministres a adopt\u00e9 le projet de d\u00e9cret portant organisation, fonctionnement et missions de la Commission Nationale des Fronti\u00e8res.<\/p>\n<p>Le pr\u00e9sent projet de d\u00e9cret est une refonte du d\u00e9cret n\u00b0 97-418\/PRN\/MI\/AT du 04 d\u00e9cembre 1997, portant cr\u00e9ation, attributions et organisation de la Commission Nationale des Fronti\u00e8res.<\/p>\n<p>Il vise \u00e0 adapter l\u2019organisation et les missions de ladite Commission pour une meilleure prise en charge de ses activit\u00e9s, notamment la gestion des fronti\u00e8res, le d\u00e9veloppement des espaces frontaliers et la contribution \u00e0 la maitrise s\u00e9curitaire de ces espaces, conform\u00e9ment aux trait\u00e9s, conventions et accords de l\u2019Union Africaine sur les fronti\u00e8res et \u00e0 la politique nationale des Fronti\u00e8res.<\/p>\n<p>III. AU TITRE DU MINISTERE DE L\u2019ENSEIGNEMENT SUPERIEUR ET DE LA RECHERCHE.<\/p>\n<p>Le Conseil des Ministres a adopt\u00e9 le projet de d\u00e9cret portant cr\u00e9ation de l\u2019Office du Baccalaur\u00e9at, des Equivalences, des Examens et Concours du Sup\u00e9rieur (OBEECS).<\/p>\n<p>Le pr\u00e9sent projet a pour objet de fusionner l\u2019Office National des Examens et Concours du Sup\u00e9rieur (ONECS) et l\u2019Office du Baccalaur\u00e9at du Niger (OBN) pour cr\u00e9er un nouvel \u00e9tablissement public, d\u00e9nomm\u00e9 \u00ab Office du Baccalaur\u00e9at, des Equivalences, des Examens et Concours du Sup\u00e9rieur (OBEECS) \u00bb dans un souci d\u2019efficacit\u00e9 et d\u2019efficience.<\/p>\n<p>IV. AU TITRE DU MINISTERE DE LA SANTE PUBLIQUE, DE LA POPULATION ET DES AFFAIRES SOCIALES.<\/p>\n<p>Le Conseil des Ministres a adopt\u00e9 le projet d\u00e9cret portant cr\u00e9ation d\u2019un Etablissement Public \u00e0 caract\u00e8re Social d\u00e9nomm\u00e9 Institut National d\u2019Assistance M\u00e9dicale du Niger (INAM).<\/p>\n<p>Le pr\u00e9sent projet de d\u00e9cret est pris dans le cadre de la mise en \u0153uvre de la Strat\u00e9gie Nationale de couverture sanitaire universelle.<\/p>\n<p>L\u2019Institut National d\u2019Assistance M\u00e9dicale du Niger est un organe de gestion de tous les aspects relatifs \u00e0 la prestation des soins de sant\u00e9, notamment la gratuit\u00e9 et la qualit\u00e9 des soins et le contr\u00f4le de la tarification des prestations.<\/p>\n<p>V. AU TITRE DU MINISTERE CHARGE DES RELATIONS AVEC LES INSTITUTIONS.<\/p>\n<p>Le Conseil des Ministre a examin\u00e9 les deux propositions de lois ci-apr\u00e8s :<\/p>\n<p>1. Proposition de loi relative \u00e0 la modification de la loi n\u00b0 61-33 du 14 ao\u00fbt 1961, portant institution du code de proc\u00e9dure p\u00e9nale.<\/p>\n<p>2. Proposition de loi relative \u00e0 la modification de la loi n\u00b0 98-016 du 15 juin 1998, portant autorisation de l\u2019exercice priv\u00e9 des professions de sant\u00e9.<\/p>\n<p>L\u2019avis du Gouvernement sur ces deux (02) propositions de lois sera transmis \u00e0 l\u2019Assembl\u00e9e Nationale.<\/p>\n<p>VI. AU TITRE DU MINISTERE DES FINANCES.<\/p>\n<p>Le Conseil des Ministres a adopt\u00e9 le Projet de loi portant loi de finances pour l\u2019ann\u00e9e budg\u00e9taire 2022.<\/p>\n<p>Le projet de loi de finances pour l\u2019ann\u00e9e budg\u00e9taire 2022 est \u00e9tabli en conformit\u00e9 avec les dispositions de la loi n\u00b0 2012-09 du 26 mars 2012, portant loi organique relative aux lois de finances. Il pr\u00e9sente l\u2019\u00e9volution r\u00e9cente de l\u2019\u00e9conomie nationale \u00e0 travers les acquis macro\u00e9conomiques et financiers, les perspectives au titre de l\u2019ann\u00e9e 2021, ainsi que les projections pour l\u2019ann\u00e9e 2022 et \u00e0 moyen terme.<\/p>\n<p>Les principaux objectifs vis\u00e9s par la pr\u00e9sente loi sont le maintien de la stabilit\u00e9 macro\u00e9conomique et l\u2019am\u00e9lioration de la gestion des finances publiques \u00e0 travers une mobilisation accrue des recettes fiscales, une meilleure maitrise des d\u00e9penses publiques et le renforcement de la gestion de la tr\u00e9sorerie et de la dette. A cela s\u2019ajoutent l\u2019am\u00e9lioration de la transparence dans la gestion des secteurs p\u00e9troliers et miniers et la poursuite des actions de soutien au d\u00e9veloppement du secteur priv\u00e9 et financier.<\/p>\n<p>La politique budg\u00e9taire pour l\u2019ann\u00e9e 2022 est orient\u00e9e de mani\u00e8re sp\u00e9cifique sur la mise en \u0153uvre des actions de relance et de transformation de l\u2019\u00e9conomie dans un contexte international, r\u00e9gional et national marqu\u00e9 par la persistance des menaces s\u00e9curitaires, la pand\u00e9mie de la COVID-19, l\u2019\u00e9rosion des prix des mati\u00e8res premi\u00e8res et les al\u00e9as climatiques.<\/p>\n<p>Le projet de budget g\u00e9n\u00e9ral de l\u2019Etat pour l\u2019exercice 2022 est pr\u00e9sent\u00e9 en \u00e9quilibre en recettes et en d\u00e9penses, \u00e0 un montant de 2.888,80 milliards contre 2.830,99 milliards dans le premier collectif budg\u00e9taire 2021, soit une hausse de 2.04%.<\/p>\n<p>Le pr\u00e9sent projet de loi sera transmis \u00e0 l\u2019Assembl\u00e9e Nationale pour adoption.<\/p>\n<p>VII. MESURES NOMINATIVES.<\/p>\n<p>Le Conseil des Ministres a adopt\u00e9 les mesures individuelles suivantes :<\/p>\n<p>AU TITRE DU CABINET DU PREMIER MINISTRE<\/p>\n<p>\u2022 Monsieur Madou Yahaya, est nomm\u00e9 membre de l\u2019Autorit\u00e9 de R\u00e9gulation des March\u00e9s Publics.<\/p>\n<p>AU TITRE DU MINISTERE DES AFFAIRES ETRANGERES ET DE LA COOPERATION<\/p>\n<p>\u2022 Madame A\u00efchatou Boulama Kan\u00e9, est nomm\u00e9e ambassadrice extraordinaire et pl\u00e9nipotentiaire de la R\u00e9publique du Niger aupr\u00e8s de la R\u00e9publique Fran\u00e7aise.<\/p>\n<p>\u2022 Monsieur Isyad Kato, est nomm\u00e9 ambassadeur extraordinaire et pl\u00e9nipotentiaire de la R\u00e9publique du Niger en Libye.<\/p>\n<p>Il est mis fin aux fonctions de conseillers techniques du Ministre d\u2019Etat, Ministre des Affaires Etrang\u00e8res et de la Coop\u00e9ration exerc\u00e9es par les personnes ci-apr\u00e8s :<\/p>\n<p>\u2022 Monsieur Ananfo Maman Issoufou, Mle 118346 ;<\/p>\n<p>\u2022 Monsieur Adamou Amadou, Mle 116834 ;<\/p>\n<p>\u2022 Madame Tchima Moustapha Mamadou, Mle 140298.<\/p>\n<p>Directeurs Centraux :<\/p>\n<p>\u2022 Monsieur Abdrahman Nagari, conseiller des affaires \u00e9trang\u00e8res, Mle 82937, est nomm\u00e9 directeur g\u00e9n\u00e9ral des relations bilat\u00e9rales, au Minist\u00e8re des Affaires Etrang\u00e8res et de la Coop\u00e9ration.<\/p>\n<p>\u2022 Monsieur Moussa Bana, inspecteur principal du tr\u00e9sor, Mle 56917, est nomm\u00e9 directeur des ressources financi\u00e8res, du mat\u00e9riel et des march\u00e9s publics, au Minist\u00e8re des Affaires Etrang\u00e8res et de la Coop\u00e9ration.<\/p>\n<p>\u2022 Monsieur Mahamane Bachir L\u00e9ko, conseiller des affaires \u00e9trang\u00e8res, est nomm\u00e9 directeur de la documentation et des archives diplomatiques, au Minist\u00e8re des Affaires Etrang\u00e8res et de la Coop\u00e9ration.<\/p>\n<p>\u2022 Monsieur Abdoul Kadri Moumouni, secr\u00e9taire des affaires \u00e9trang\u00e8res, Mle 79176, est nomm\u00e9 directeur du protocole d\u2019Etat, au Minist\u00e8re des Affaires Etrang\u00e8res et de la Coop\u00e9ration.<\/p>\n<p>\u2022 Monsieur Moctar Halidou Djibo, secr\u00e9taire des affaires \u00e9trang\u00e8res, Mle 85535, est nomm\u00e9 directeur de la traduction et de l\u2019interpr\u00e9tariat, au Minist\u00e8re des Affaires Etrang\u00e8res et de la Coop\u00e9ration.<\/p>\n<p>AU TITRE DU MINISTERE DE L\u2019ENSEIGNEMENT SUPERIEUR ET DE LA RECHERCHE<\/p>\n<p>Recteurs des Universit\u00e9s Publiques<\/p>\n<p>\u2022 Monsieur Saidou Mamadou, professeur titulaire, Mle 182, est nomm\u00e9 recteur de l\u2019Universit\u00e9 Abdou Moumouni de Niamey.<\/p>\n<p>\u2022 Docteur Sani Mamane, ma\u00eetre de conf\u00e9rences, Mle 03\/066, est nomm\u00e9 recteur de l\u2019Universit\u00e9 Dan Dicko Dankoulodo de Maradi.<\/p>\n<p>\u2022 Monsieur Habou Oumarou, ma\u00eetre de conf\u00e9rences agr\u00e9g\u00e9, Mle 04\/001, est nomm\u00e9 recteur de l\u2019Universit\u00e9 de Zinder.<\/p>\n<p>Vice-recteurs des Universit\u00e9s<\/p>\n<p>\u2022 Monsieur Adamou Rabani, professeur titulaire, Mle 407, est nomm\u00e9 vice-recteur de l\u2019Universit\u00e9 Abdou Moumouni de Niamey.<\/p>\n<p>\u2022 Docteur Saidou Adamou, ma\u00eetre-assistant, Mle 03\/075, est nomm\u00e9 vice-recteur de l\u2019Universit\u00e9 Dan Dicko Dankoulodo de Maradi.<\/p>\n<p>\u2022 Docteur Zakari Aboubacar, ma\u00eetre de conf\u00e9rences, Mle 03\/021, est nomm\u00e9 vice-recteur de l\u2019Universit\u00e9 de Zinder.<\/p>\n<p>Doyens des facult\u00e9s des Universit\u00e9s<\/p>\n<p>\u2022 Docteur Dodo Boukari Abdou Karimou, ma\u00eetre-assistant, Mle 186, est nomm\u00e9 doyen de la facult\u00e9 des sciences juridiques et politiques (FSJP) de l\u2019Universit\u00e9 Abdou Moumouni de Niamey.<\/p>\n<p>\u2022 Monsieur Saley Bisso, professeur titulaire CAMES, Mle 375, est nomm\u00e9 doyen de la facult\u00e9 des sciences et techniques de l\u2019Universit\u00e9 Abdou Moumouni de Niamey.<\/p>\n<p>\u2022 Monsieur Sani Rachid, professeur titulaire, Mle 341, est nomm\u00e9 doyen de la facult\u00e9 des sciences de la sant\u00e9 (FSS) de l\u2019Universit\u00e9 Abdou Moumouni de Niamey.<\/p>\n<p>\u2022 Docteur Daouda Diallo Boubacar, ma\u00eetre de conf\u00e9rences, Mle 281, est nomm\u00e9 doyen de la facult\u00e9 des lettres et sciences humaines de l\u2019Universit\u00e9 Abdou Moumouni de Niamey.<\/p>\n<p>\u2022 Monsieur Balla Abdourahamane, professeur titulaire, Mle 348, est nomm\u00e9 doyen de la facult\u00e9 d\u2019agronomie (FA) de l\u2019Universit\u00e9 Abdou Moumouni de Niamey.<\/p>\n<p>\u2022 Docteur Abdoulaye Diouf, ma\u00eetre de conf\u00e9rences, Mle 05\/105, est nomm\u00e9 doyen de la facult\u00e9 d\u2019agronomie et des sciences de l\u2019environnement de l\u2019Universit\u00e9 Abdou Moumouni de Niamey.<\/p>\n<p>\u2022 Docteur Saley Karim, ma\u00eetre de conf\u00e9rences, Mle 03\/074, est nomm\u00e9 doyen de la facult\u00e9 des sciences et techniques de l\u2019Universit\u00e9 Dan Dicko Dankoulodo de Maradi.<\/p>\n<p>\u2022 Docteur Ado Salifou Arifa Moussa, ma\u00eetre assistant, Mle 03\/025, est nomm\u00e9 doyen de la facult\u00e9 des lettres et sciences humaines de l\u2019Universit\u00e9 de Zinder.<\/p>\n<p>\u2022 Docteur Adamou Harissou, ma\u00eetre de conf\u00e9rences agr\u00e9g\u00e9, Mle 04\/010, est nomm\u00e9 doyen de la facult\u00e9 des sciences de la sant\u00e9 de l\u2019Universit\u00e9 de Zinder.<\/p>\n<p>\u2022 Docteur Tahirou Younoussi Adama, ma\u00eetre de conf\u00e9rences agr\u00e9g\u00e9, Mle 03\/021, est nomm\u00e9 doyen de la facult\u00e9 de droit, d\u2019\u00e9conomie et de gestion de l\u2019Universit\u00e9 de Tahoua.<\/p>\n<p>Directeurs des Ecoles et Instituts des Universit\u00e9s<\/p>\n<p>\u2022 Docteur Mounka\u00efla Harouna, ma\u00eetre de conf\u00e9rences, Mle 343, est nomm\u00e9 directeur de l\u2019Ecole normale sup\u00e9rieure de l\u2019Universit\u00e9 Abdou Moumouni de Niamey.<\/p>\n<p>\u2022 Docteur Bontianti Abdou, ma\u00eetre de conf\u00e9rences agr\u00e9g\u00e9, Mle 331, est nomm\u00e9 directeur de l\u2019Institut de Recherches en Sciences Humaines de l\u2019Universit\u00e9 Abdou Moumouni de Niamey.<\/p>\n<p>\u2022 Docteur Djibo Souley, enseignant technologue, Mle 02\/042, est nomm\u00e9 directeur de l\u2019Institut Universitaire de Technologie de l\u2019Universit\u00e9 Dan Dicko Dankoulodo de Maradi.<\/p>\n<p>Monsieur Adamou Abdoulaye, enseignant-chercheur, Mle 02\/004, est nomm\u00e9 directeur de l\u2019Institut Universitaire de Technologie (IUT) de l\u2019Universit\u00e9 de Zinder.<\/p>\n<p>\u2022 Docteur Salissou Abou, assistant, Mle 02\/013, est nomm\u00e9 directeur de l\u2019Institut Universitaire de Technologie de l\u2019Universit\u00e9 de Tahoua.<\/p>\n<p>AU TITRE DU MINISTERE DE L\u2019ENSEIGNEMENT TECHNIQUE ET DE LA FORMATION PROFESSIONNELLE<\/p>\n<p>\u2022 Monsieur Seyni Souley, ing\u00e9nieur d\u2019Etat en hydraulique agricole, est nomm\u00e9 pr\u00e9sident du conseil d\u2019administration du FAFPA, au Minist\u00e8re de l\u2019Enseignement Technique et de la Formation Professionnelle.<\/p>\n<p>AU TITRE DU MINISTERE DE LA JEUNESSE ET DU SPORT<\/p>\n<p>Il est mis fin aux fonctions de conseillers techniques du Ministre de la Jeunesse et du Sport exerc\u00e9es par les personnes ci-apr\u00e8s :<\/p>\n<p>\u2022 Monsieur Id\u00e9 Moussa ;<\/p>\n<p>\u2022 Monsieur Harou Kalla ;<\/p>\n<p>\u2022 Monsieur Abdoul Aziz Hima Souley ;<\/p>\n<p>\u2022 Monsieur Abdou Ango ;<\/p>\n<p>\u2022 Monsieur Abdou Niandou ;<\/p>\n<p>\u2022 Monsieur Issa Labo.<\/p>\n<p>Conseillers techniques :<\/p>\n<p>\u2022 Monsieur Dantata Ousmane, est nomm\u00e9 conseiller technique du Ministre de la Jeunesse et du Sport.<\/p>\n<p>\u2022 Madame Goukoye Karimou A\u00efchatou, inspectrice jeunesse et sport, Mle 50303\/N, est nomm\u00e9e conseill\u00e8re technique du Ministre de la Jeunesse et du Sport.<\/p>\n<p>\u2022 Monsieur Elh. Ti\u00e9mogo Ibrahim Moussa, Mle 77800\/T, est nomm\u00e9 conseiller technique du Ministre de la Jeunesse et du Sport.<\/p>\n<p>AU TITRE DU MINISTERE DE L\u2019EQUIPEMENT<\/p>\n<p>\u2022 Monsieur Amine Aliou, ing\u00e9nieur g\u00e9n\u00e9ral des travaux publics, Mle 59981\/Y, est nomm\u00e9 inspecteur g\u00e9n\u00e9ral des services, au Minist\u00e8re de l\u2019Equipement.<\/p>\n<p>\u2022 Monsieur Abba Nakoira Mahamadou Bachirou, ing\u00e9nieur en chef des travaux publics et mines, Mle 82771\/M, est nomm\u00e9 directeur g\u00e9n\u00e9ral des travaux publics, au Minist\u00e8re de l\u2019Equipement.<\/p>\n<p>\u2022 Monsieur Issa Ousmane, ing\u00e9nieur en chef des travaux publics, est nomm\u00e9 directeur des routes et ouvrages d\u2019art, au Minist\u00e8re de l\u2019Equipement.<\/p>\n<p>\u2022 Madame Adjara Toy\u00e9 Ki\u00e9pin Idrissa, ing\u00e9nieur d\u2019Etat en g\u00e9nie civil, Mle 136272\/R, est nomm\u00e9e directrice des \u00e9tudes techniques des routes rurales, au Minist\u00e8re de l\u2019Equipement.<\/p>\n<p>AU TITRE DU MINISTERE DE L\u2019INTERIEUR ET DE LA DECENTRALISATION<\/p>\n<p>\u2022 Monsieur Magagi Maman Dada, contr\u00f4leur de gestion, est nomm\u00e9 Gouverneur de la r\u00e9gion d\u2019Agadez.<\/p>\n<p>\u2022 Monsieur Issa LEMINE, Mle 60639, est nomm\u00e9 Gouverneur de la r\u00e9gion de Diffa.<\/p>\n<p>\u2022 Monsieur Albachir Aboubacar, gestionnaire des projets, est nomm\u00e9 Gouverneur de la r\u00e9gion de Dosso.<\/p>\n<p>\u2022 Monsieur Cha\u00efbou Aboubacar, ing\u00e9nieur, est nomm\u00e9 Gouverneur de la r\u00e9gion de Maradi.<\/p>\n<p>\u2022 Monsieur Oudou Ambouka, charg\u00e9 d\u2019enseignement, Mle 50482\/Z, est nomm\u00e9 Gouverneur de la r\u00e9gion de Niamey.<\/p>\n<p>\u2022 Monsieur Moussa Issa, Mle 56349, est nomm\u00e9 Gouverneur de la r\u00e9gion de Tahoua.<\/p>\n<p>\u2022 Monsieur Diori Dourahamane, ing\u00e9nieur, est nomm\u00e9 Gouverneur de la r\u00e9gion de Tillab\u00e9ri.<\/p>\n<p>\u2022 Monsieur Laouali Amadou Madougou, juriste, est nomm\u00e9 Gouverneur de la r\u00e9gion de Zinder.<\/p>\n<p>AU TITRE DU MINISTERE DE L\u2019EDUCATION NATIONALE<\/p>\n<p>\u2022 Madame Kouriram Atchabi Kajima, Mle 59958\/Z, est nomm\u00e9e conseill\u00e8re technique du Ministre de l\u2019Education Nationale.<\/p>\n<p>\u2022 Madame Mahamane Hassana Rabo, Mle 61008\/X, est nomm\u00e9e inspectrice des services au Minist\u00e8re de l\u2019Education Nationale.<\/p>\n<p>\u2022 Madame Souma\u00efla A\u00efchatou Rosalie Antoine, professeur d\u2019enseignement secondaire, Mle 58516\/M, est nomm\u00e9e inspectrice des services au Minist\u00e8re de l\u2019Education Nationale.<\/p>\n<p>\u2022 Monsieur Hassan Djibrilla, inspecteur p\u00e9dagogique, Mle 76916\/X, est nomm\u00e9 inspecteur des services au Minist\u00e8re de l\u2019Education Nationale.<\/p>\n<p>\u2022 Monsieur Ibrahim Islamane, Mle 75650\/C, est nomm\u00e9 inspecteur des services au Minist\u00e8re de l\u2019Education Nationale.<\/p>\n<p>\u2022 Madame Maman Brah Adama, inspectrice principale de l\u2019enseignement primaire, Mle 65389\/N, est nomm\u00e9e directrice de l\u2019enseignement pr\u00e9scolaire et primaire, au Minist\u00e8re de l\u2019Education Nationale.<\/p>\n<p>\u2022 Madame Gagara Fatchima, charg\u00e9e d\u2019enseignement, Mle 65283\/C, est nomm\u00e9e directrice de l\u2019enseignement secondaire g\u00e9n\u00e9ral, au Minist\u00e8re de l\u2019Education Nationale.<\/p>\n<p>\u2022 Monsieur Ali Habou Mahaman, professeur d\u2019enseignement secondaire, Mle 64043\/B, est nomm\u00e9 directeur de l\u2019enseignement franco-arabe, au Minist\u00e8re de l\u2019Education Nationale.<\/p>\n<p>\u2022 Monsieur Bohari Ma\u00efdawaki, professeur d\u2019enseignement secondaire, Mle 61773\/M, est nomm\u00e9 directeur de l\u2019enseignement priv\u00e9, au Minist\u00e8re de l\u2019Education Nationale.<\/p>\n<p>\u2022 Monsieur Goukoye Karimou Amadou, inspecteur de l\u2019\u00e9ducation physique et sportive, Mle 82031\/P, est nomm\u00e9 directeur de l\u2019\u00e9ducation physique et sportive, au Minist\u00e8re de l\u2019Education Nationale.<\/p>\n<p>\u2022 Madame Laouali Mariama Chipkaou, professeur certifi\u00e9\/inspectrice primaire, Mle 62638\/N, est nomm\u00e9e directrice de la promotion de la scolarisation des filles, au Minist\u00e8re de l\u2019Education Nationale.<\/p>\n<p>\u2022 Monsieur Alhousseini Mamane, inspecteur d\u2019acad\u00e9mie, Mle 56433\/S, est nomm\u00e9 directeur de la formation initiale et continue, au Minist\u00e8re de l\u2019Education Nationale.<\/p>\n<p>\u2022 Monsieur Khamise Cherfedine, sociologue, Mle 62624\/G, est nomm\u00e9 directeur du curriculum et de la promotion des langues nationales, au Minist\u00e8re de l\u2019Education Nationale.<\/p>\n<p>\u2022 Monsieur Soumana Halidou, professeur de l\u2019enseignement secondaire, Mle 60601\/G, est nomm\u00e9 directeur des \u00e9valuations, des concours et de l\u2019orientation scolaire, au Minist\u00e8re de l\u2019Education Nationale.<\/p>\n<p>\u2022 Monsieur Laouali Abdo, titulaire d\u2019un DEA en sciences de l\u2019\u00e9ducation, Mle 66732\/W, est nomm\u00e9 directeur d\u2019appui \u00e0 la gestion des \u00e9tablissements, au Minist\u00e8re de l\u2019Education Nationale.<\/p>\n<p>\u2022 Madame Sidi Rahila Dabeye Noma, inspectrice principale d\u2019alphab\u00e9tisation et d\u2019\u00e9ducation non formelle, Mle 74312\/Z, est nomm\u00e9e directrice des programmes d\u2019alphab\u00e9tisation et formation des adultes, au Minist\u00e8re de l\u2019Education Nationale.<\/p>\n<p>\u2022 Monsieur Bassirou Seibou, inspecteur d\u2019alphab\u00e9tisation, Mle 47914\/B, est nomm\u00e9 directeur de l\u2019\u00e9ducation non formelle, au Minist\u00e8re de l\u2019Education Nationale.<\/p>\n<p>\u2022 Madame Gaptia Gasso Rabi, inspectrice d\u2019alphab\u00e9tisation et \u00e9ducation non formelle, Mle 77326\/G, est nomm\u00e9e directrice du suivi et de l\u2019\u00e9valuation, au Minist\u00e8re de l\u2019Education Nationale.<\/p>\n<p>\u2022 Monsieur Mahamam Djibo, ing\u00e9nieur statisticien, Mle 77316\/E, est nomm\u00e9 directeur des statistiques et de la promotion de l\u2019informatique, au Minist\u00e8re de l\u2019Education Nationale.<\/p>\n<p>AU TITRE DU MINISTERE DE LA JUSTICE<\/p>\n<p>\u2022 Monsieur Amadou Maouli Mahamane Laminou, magistrat, Mle 61146\/H, est nomm\u00e9 directeur de la l\u00e9gislation, au Minist\u00e8re de la Justice.<\/p>\n<p>\u2022 Monsieur Maman Na Ayo Moutari, magistrat, Mle 79396\/R, est nomm\u00e9 directeur des droits humains et de l\u2019action sociale, au Minist\u00e8re de la Justice.<\/p>\n<p>\u2022 Monsieur Abdoul Aziz Labo, directeur administratif, Mle 79629\/R, est nomm\u00e9 directeur des ressources humaines, au Minist\u00e8re de la Justice.<\/p>\n<p>\u2022 Monsieur Daouda Ibrahima Dambadji, inspecteur du tr\u00e9sor, Mle 152937\/T, est nomm\u00e9 directeur des ressources financi\u00e8res et du mat\u00e9riel, au Minist\u00e8re de la Justice.<\/p>\n<p>\u2022 Monsieur Garba Kalla, magistrat, Mle 63472\/R, est nomm\u00e9 directeur g\u00e9n\u00e9ral de l\u2019Agence Centrale de Gestion des Saisies, des Confiscations, des Gels et des Recouvrements d\u2019Avoirs, au Minist\u00e8re de la Justice.<\/p>\n<p>\u2022 Monsieur Bio Adamou, administrateur des assurances, Mle 63625\/S, est nomm\u00e9 secr\u00e9taire g\u00e9n\u00e9ral de l\u2019Agence centrale de Gestion des Saisies, des Confiscations, des Gels et des Recouvrements d\u2019Avoirs, au Minist\u00e8re de la Justice.<\/p>\n<p>\u2022 Madame Abdourhaman Amina, magistrat, Mle 65107\/K, est nomm\u00e9e pr\u00e9sidente du conseil d\u2019administration de l\u2019Agence Centrale de Gestion des Saisies, des Confiscations, des Gels et des Recouvrements d\u2019Avoirs, au Minist\u00e8re de la Justice.<\/p>\n<p>AU TITRE DU MINISTERE DES FINANCES<\/p>\n<p>\u2022 Monsieur Idder Adamou, conseiller du Pr\u00e9sident de la R\u00e9publique, est nomm\u00e9 pr\u00e9sident du conseil d\u2019administration de l\u2019Agence Judiciaire de l\u2019Etat, au Minist\u00e8re des Finances.<\/p>\n<p>\u2022 Monsieur Alhassan Elhadji Abdallah Mohamed, inspecteur central du tr\u00e9sor, Mle 115029\/K, est nomm\u00e9 contr\u00f4leur des march\u00e9s publics et des op\u00e9rations budg\u00e9taires, au Fonds d\u2019Appui \u00e0 la Formation Professionnelle et d\u2019Apprentissage, au Minist\u00e8re des Finances.<\/p>\n<p>AU TITRE DU MINISTERE DE LA SANTE PUBLIQUE, DE LA POPULATION ET DES AFFAIRES SOCIALES<\/p>\n<p>\u2022 Docteur Ibrahim Souley, Mle 70872\/Z, est nomm\u00e9 inspecteur g\u00e9n\u00e9ral des services, au Minist\u00e8re de la Sant\u00e9 Publique, de la Population et des Affaires Sociales.<\/p>\n<p>\u2022 Madame Oumara Fatim\u00e9 Elhadj Mahaman Intchi, gestionnaire de projets, Mle 78476\/F, est nomm\u00e9e inspectrice des services au Minist\u00e8re de la Sant\u00e9 Publique, de la Population et des Affaires Sociales.<\/p>\n<p>\u2022 Docteur Gagara Ramatou Madougou, m\u00e9decin, Mle 102448\/M, est nomm\u00e9e inspectrice des services au Minist\u00e8re de la Sant\u00e9 Publique, de la Population et des Affaires Sociales.<\/p>\n<p>\u2022 Docteur Amadou Salamou, m\u00e9decin, Mle 74847\/H, est nomm\u00e9e inspectrice des services au Minist\u00e8re de la Sant\u00e9 Publique, de la Population et des Affaires Sociales.<\/p>\n<p>\u2022 Monsieur Koro Maiga Abdoulaye, gestionnaire des services sanitaires et sociaux, Mle 72205\/D, est nomm\u00e9 inspecteur des services, au Minist\u00e8re de la Sant\u00e9 Publique, de la Population et des Affaires Sociales.<\/p>\n<p>\u2022 Docteur Marcel Lucien Omar, m\u00e9decin, Mle 79066\/V, est nomm\u00e9 inspecteur des services, au Minist\u00e8re de la Sant\u00e9 Publique, de la Population et des Affaires Sociales.<\/p>\n<p>\u2022 Docteur Halimatou Moumouni, Mle 102251\/Y, est nomm\u00e9e directrice des laboratoires de sant\u00e9, au Minist\u00e8re de la Sant\u00e9 Publique, de la Population et des Affaires Sociales.<\/p>\n<p>\u2022 Madame Sourghia Mariama, Mle 62525\/D, est nomm\u00e9e directrice de l\u2019organisation des soins, au Minist\u00e8re de la Sant\u00e9 Publique, de la Population et des Affaires Sociales.<\/p>\n<p>\u2022 Docteur Abdou Dalla Gagara, Mle 78909\/R, est nomm\u00e9 directeur de la m\u00e9decine hospitali\u00e8re, au Minist\u00e8re de la Sant\u00e9 Publique, de la Population et des Affaires Sociales.<\/p>\n<p>\u2022 Docteur Amadou Housseini, Mle 79091\/W, est nomm\u00e9 directeur de la planification familiale, au Minist\u00e8re de la Sant\u00e9 Publique, de la Population et des Affaires Sociales.<\/p>\n<p>\u2022 Docteur Nassirou Ousmane, Mle 74982\/R, est nomm\u00e9 directeur de la nutrition, au Minist\u00e8re de la Sant\u00e9 Publique, de la Population et des Affaires Sociales.<\/p>\n<p>\u2022 Docteur Fati Tidjani Issagana, Mle 82807\/Z, est nomm\u00e9e directrice de la sant\u00e9 de la m\u00e8re et de l\u2019enfant, au Minist\u00e8re de la Sant\u00e9 Publique, de la Population et des Affaires Sociales.<\/p>\n<p>\u2022 Docteur Rachid Fatima Moustapha, Mle 67814\/G, est nomm\u00e9e directrice de la sant\u00e9 des adolescents et des jeunes, au Minist\u00e8re de la Sant\u00e9 Publique, de la Population et des Affaires Sociales.<\/p>\n<p>\u2022 Madame Samna Habiba, Mle 70946\/B, est nomm\u00e9e directrice de la promotion des personnes handicap\u00e9es et de l\u2019inclusion sociale, au Minist\u00e8re de la Sant\u00e9 Publique, de la Population et des Affaires Sociales.<\/p>\n<p>\u2022 Madame Abdoulwahab Haoua Bouzou, Mle 62719\/P, est nomm\u00e9e directrice de la protection des personnes \u00e2g\u00e9es, au Minist\u00e8re de la Sant\u00e9 Publique, de la Population et des Affaires Sociales.<\/p>\n<p>\u2022 Madame Tahirou Ramatou Ly, Mle 71964\/M, est nomm\u00e9e directrice de la promotion de la solidarit\u00e9, au Minist\u00e8re de la Sant\u00e9 Publique, de la Population et des Affaires Sociales.<\/p>\n<p>\u2022 Monsieur Zakari Adamou, Mle 74031, est nomm\u00e9 directeur de la sant\u00e9 communautaire, au Minist\u00e8re de la Sant\u00e9 Publique, de la Population et des Affaires Sociales.<\/p>\n<p>\u2022 Docteur Djibo Garba, Mle 70980\/D, est nomm\u00e9 directeur des \u00e9tudes et de la programmation, au Minist\u00e8re de la Sant\u00e9 Publique, de la Population et des Affaires Sociales.<\/p>\n<p>\u2022 Monsieur Issa Yahaya, est nomm\u00e9 directeur des ressources humaines, au Minist\u00e8re de la Sant\u00e9 Publique, de la Population et des Affaires Sociales.<\/p>\n<p>\u2022 Docteur A\u00efda Mounka\u00efla, Mle 102547\/R, est nomm\u00e9e directrice des statistiques, au Minist\u00e8re de la Sant\u00e9 Publique, de la Population et des Affaires Sociales.<\/p>\n<p>\u2022 Monsieur Illo Mahamidou, Mle 57841\/T, est nomm\u00e9 directeur des archives, de l\u2019information, de la documentation et des relations publiques, au Minist\u00e8re de la Sant\u00e9 Publique, de la Population et des Affaires Sociales.<\/p>\n<p>\u2022 Monsieur Halido Mamoudou, Mle 75182\/P, est nomm\u00e9 directeur des march\u00e9s publics et des d\u00e9l\u00e9gations de service public, au Minist\u00e8re de la Sant\u00e9 Publique, de la Population et des Affaires Sociales.<\/p>\n<p>\u2022 Monsieur Kiassa Adamou, Mle 65122\/J, est nomm\u00e9 directeur des infrastructures et des \u00e9quipements sanitaires, au Minist\u00e8re de la Sant\u00e9 Publique, de la Population et des Affaires Sociales.<\/p>\n<p>\u2022 Monsieur Souley Galadima Abdoulkarim, Mle 63754\/B, est nomm\u00e9 directeur des ressources financi\u00e8res et du mat\u00e9riel, au Minist\u00e8re de la Sant\u00e9 Publique, de la Population et des Affaires Sociales.<\/p>\n<p>Madame Oumarou Esta Moussa Salifou, Mle 63759\/G, est nomm\u00e9e directrice de la l\u00e9gislation, au Minist\u00e8re de la Sant\u00e9 Publique, de la Population et des Affaires Sociales.<\/p>\n<p>\u2022 Professeur Adehossi Eric Omar Jean Pierre, Mle 6316\/UM, est directeur g\u00e9n\u00e9ral de l\u2019H\u00f4pital G\u00e9n\u00e9ral de R\u00e9f\u00e9rence de Niamey.<\/p>\n<p>\u2022 M\u00e9decin-colonel Oumara Mamane, Mle OA\/SM, est nomm\u00e9 directeur g\u00e9n\u00e9ral de l\u2019H\u00f4pital National de Niamey.<\/p>\n<p>\u2022 Professeur Brah Souleymane, agr\u00e9g\u00e9 de m\u00e9decine interne, Mle 503\/UAM-PB\/45\/FSS, est nomm\u00e9 directeur g\u00e9n\u00e9ral de l\u2019H\u00f4pital National Amirou Boubacar Diallo.<\/p>\n<p>\u2022 Docteur Mansourou Youssouf, m\u00e9decin, Mle 79155\/W, est nomm\u00e9 directeur g\u00e9n\u00e9ral de l\u2019H\u00f4pital National de Zinder.<\/p>\n<p>\u2022 Professeur Nayama Madi, gyn\u00e9co-obstetricien, Mle 06298\/UM, est nomm\u00e9 directeur g\u00e9n\u00e9ral de la Maternit\u00e9 Issaka Gazoby de Niamey.<\/p>\n<p>\u2022 Monsieur Bawan-Allah Goub\u00e9koy, gestionnaire des h\u00f4pitaux, Mle 57816\/S, est nomm\u00e9 directeur g\u00e9n\u00e9ral de l\u2019Ecole Nationale de Sant\u00e9 Publique de Zinder.<\/p>\n<p>\u2022 Docteur Alhassane Djibo, Mle 66484\/W, est nomm\u00e9 directeur g\u00e9n\u00e9ral de l\u2019Ecole Nationale de Sant\u00e9 Publique de Diffa.<\/p>\n<p>COMMUNICATIONS.<\/p>\n<p>Le Conseil des Ministres a entendu quatre (04) communications :<\/p>\n<p>1) Deux (02) communications du Ministre de la Sant\u00e9 Publique, de la Population et des Affaires Sociales :<\/p>\n<p>a) la premi\u00e8re communication est relative \u00e0 la situation de la Covid-19.<\/p>\n<p>A la date du 23 septembre 2021, la situation se pr\u00e9sente comme suit :<\/p>\n<p>L\u2019analyse de la tendance \u00e9pid\u00e9miologique de la COVID-19 montre que la situation est toujours sous contr\u00f4le.<\/p>\n<p>Le nombre de nouveaux cas positifs notifi\u00e9s par rapport \u00e0 la semaine pr\u00e9c\u00e9dente est stationnaire. Un total de 40 nouveaux cas a \u00e9t\u00e9 notifi\u00e9 cette semaine, avec 38 au niveau de la r\u00e9gion de Niamey et 02 au niveau de la r\u00e9gion d\u2019Agadez.<\/p>\n<p>Le niveau des indicateurs est satisfaisant. Le taux d\u2019attaque hebdomadaire de la Covid-19 est stationnaire, avec 0,17 cas\/100 000 habitants au cours des deux (02) derni\u00e8res semaines.<\/p>\n<p>Les d\u00e9fis majeurs sont : le renforcement de la surveillance dans le contexte de la circulation du variant Delta ; l\u2019am\u00e9lioration de la couverture vaccinale.<\/p>\n<p>b) la deuxi\u00e8me communication du Ministre de la Sant\u00e9 Publique, de la Population et des Affaires Sociales est relative \u00e0 la situation du chol\u00e9ra au Niger.<\/p>\n<p>A la date du 23 septembre 2021, la situation se pr\u00e9sente comme suit :<\/p>\n<p>Au total 31 districts ont notifi\u00e9 des cas parmi lesquels 17 sont actifs.<\/p>\n<p>Le nombre d\u2019admissions des cas suspects mis \u00e0 jour est pass\u00e9 de 802 cas la semaine 35 \u00e0 707 cas la semaine 36, soit une r\u00e9duction d\u2019environ une centaine de cas. Un total de 21 d\u00e9c\u00e8s a \u00e9t\u00e9 enregistr\u00e9 au cours de cette semaine.<\/p>\n<p>Les actions destin\u00e9es \u00e0 la pr\u00e9vention et \u00e0 la prise en charge de cette \u00e9pid\u00e9mie se poursuivent.<\/p>\n<p>2) Une (01) communication du Ministre de la Jeunesse et du Sport relative au 38\u00e8me Forum des Secr\u00e9taires G\u00e9n\u00e9raux des Comit\u00e9s Nationaux Olympiques (CNO) d\u2019Afrique qui se tiendra du 26 au 28 novembre 2021 \u00e0 Niamey.<\/p>\n<p>3) Une communication du Ministre des Finances relative au lancement des activit\u00e9s d\u2019assainissement du fichier brut issu du recensement biom\u00e9trique des agents de l\u2019Etat, des retrait\u00e9s et des \u00e9tudiants b\u00e9n\u00e9ficiaires de bourses et aides sociales.<\/p>\n<p>4) Une communication du Ministre de l\u2019Action Humanitaire et de la Gestion des Catastrophes relative \u00e0 la situation des inondations.<\/p>\n<p>I. Situation des d\u00e9g\u00e2ts \u00e0 la date du 13 septembre 2021<\/p>\n<p>\u2013 m\u00e9nages sinistr\u00e9s : 25 888 ;<\/p>\n<p>\u2013 personnes sinistr\u00e9es : 206 457 ;<\/p>\n<p>\u2013 maisons effondr\u00e9es : 14 884 ;<\/p>\n<p>\u2013 pertes en vies humaines : 70.<\/p>\n<p>Il faut noter \u00e9galement que d\u2019autres d\u00e9g\u00e2ts ont \u00e9t\u00e9 enregistr\u00e9s \u00e0 savoir : la perte de gros et de petits ruminants ; l\u2019effondrement de latrines, de classes, de puits, de forages, de mosqu\u00e9es, d\u2019infrastructures routi\u00e8res ainsi que la submersion d\u2019aires de culture.<\/p>\n<p>II. Situation des besoins \u00e0 la date du 13 septembre 2021<\/p>\n<p>A la suite de ces inondations les besoins se pr\u00e9sentent comme suit : Abris : 14 884 ; biens non alimentaires (NFI) : 14 884 ; c\u00e9r\u00e9ales : 2589 tonnes ; sucre : 130 tonnes ; sel : 63 tonnes ; huile : 129 435 litres.<\/p>\n<p><b>\u00a0<\/b><\/p>\n","protected":false},"excerpt":{"rendered":"<p>Africa-Press &#8211; Niger. Le Conseil des ministres s\u2019est r\u00e9uni, hier jeudi 23 septembre 2021, dans la salle habituelle des d\u00e9lib\u00e9rations, sous la pr\u00e9sidence de Son Excellence, Monsieur MOHAMED BAZOUM, Pr\u00e9sident de la R\u00e9publique, Pr\u00e9sident du Conseil des Ministres. Apr\u00e8s examen des points inscrits \u00e0 son ordre du jour, le Conseil a pris les d\u00e9cisions suivantes [&hellip;]<\/p>\n","protected":false},"author":82,"featured_media":12404,"comment_status":"open","ping_status":"closed","sticky":false,"template":"","format":"standard","meta":{"footnotes":""},"categories":[11,2,10],"tags":[55,60,29],"class_list":["post-12405","post","type-post","status-publish","format-standard","has-post-thumbnail","hentry","category-homepage-french","category-politique","category-toutes-les-actualites","tag-africa-press","tag-africa-press-niger","tag-niger"],"yoast_head":"<!-- This site is optimized with the Yoast SEO Premium plugin v26.1 (Yoast SEO v27.0) - https:\/\/yoast.com\/product\/yoast-seo-premium-wordpress\/ -->\n<title>Au Conseil des ministres : Adoption d\u2019importants projets de textes, dont Projet de loi portant loi de finances pour l\u2019ann\u00e9e budg\u00e9taire 2022, et de plusieurs mesures nominatives - niger<\/title>\n<meta name=\"description\" content=\"\ufeffLe Conseil des ministres s\u2019est r\u00e9uni, hier jeudi 23 septembre 2021, dans la salle habituelle des d\u00e9lib\u00e9rations, sous la ...\" \/>\n<meta name=\"robots\" content=\"index, follow, max-snippet:-1, max-image-preview:large, max-video-preview:-1\" \/>\n<link rel=\"canonical\" href=\"https:\/\/www.africa-press.net\/niger\/politique\/au-conseil-des-ministres-adoption-dimportants-projets-de-textes-dont-projet-de-loi-portant-loi-de-finances-pour-lannee-budgetaire-2022-et-de-plusieurs-mesures-nominatives\" \/>\n<meta property=\"og:locale\" content=\"fr_FR\" \/>\n<meta property=\"og:type\" content=\"article\" \/>\n<meta property=\"og:title\" content=\"Au Conseil des ministres : Adoption d\u2019importants projets de textes, dont Projet de loi portant loi de finances pour l\u2019ann\u00e9e budg\u00e9taire 2022, et de plusieurs mesures nominatives\" \/>\n<meta property=\"og:description\" content=\"\ufeffLe Conseil des ministres s\u2019est r\u00e9uni, hier jeudi 23 septembre 2021, dans la salle habituelle des d\u00e9lib\u00e9rations, sous la ...\" \/>\n<meta property=\"og:url\" content=\"https:\/\/www.africa-press.net\/niger\/politique\/au-conseil-des-ministres-adoption-dimportants-projets-de-textes-dont-projet-de-loi-portant-loi-de-finances-pour-lannee-budgetaire-2022-et-de-plusieurs-mesures-nominatives\" \/>\n<meta property=\"og:site_name\" content=\"niger\" \/>\n<meta property=\"article:published_time\" content=\"2021-09-24T17:48:55+00:00\" \/>\n<meta property=\"article:modified_time\" content=\"2021-09-24T21:40:03+00:00\" \/>\n<meta property=\"og:image\" content=\"https:\/\/static.africa-press.net\/niger\/sites\/40\/2021\/09\/img-614df7cdf3130.jpg\" \/>\n\t<meta property=\"og:image:width\" content=\"720\" \/>\n\t<meta property=\"og:image:height\" content=\"425\" \/>\n\t<meta property=\"og:image:type\" content=\"image\/jpeg\" \/>\n<meta name=\"author\" content=\"cfeditorfr\" \/>\n<meta name=\"twitter:card\" content=\"summary_large_image\" \/>\n<meta name=\"twitter:label1\" content=\"\u00c9crit par\" \/>\n\t<meta name=\"twitter:data1\" content=\"cfeditorfr\" \/>\n\t<meta name=\"twitter:label2\" content=\"Dur\u00e9e de lecture estim\u00e9e\" \/>\n\t<meta name=\"twitter:data2\" content=\"23 minutes\" \/>\n<script type=\"application\/ld+json\" class=\"yoast-schema-graph\">{\"@context\":\"https:\/\/schema.org\",\"@graph\":[{\"@type\":\"Article\",\"@id\":\"https:\/\/www.africa-press.net\/niger\/politique\/au-conseil-des-ministres-adoption-dimportants-projets-de-textes-dont-projet-de-loi-portant-loi-de-finances-pour-lannee-budgetaire-2022-et-de-plusieurs-mesures-nominatives#article\",\"isPartOf\":{\"@id\":\"https:\/\/www.africa-press.net\/niger\/politique\/au-conseil-des-ministres-adoption-dimportants-projets-de-textes-dont-projet-de-loi-portant-loi-de-finances-pour-lannee-budgetaire-2022-et-de-plusieurs-mesures-nominatives\"},\"author\":{\"name\":\"cfeditorfr\",\"@id\":\"https:\/\/www.africa-press.net\/niger\/#\/schema\/person\/2b1cf3cd81a31e3cd26889ca66d677f1\"},\"headline\":\"Au Conseil des ministres : Adoption d\u2019importants projets de textes, dont Projet de loi portant loi de finances pour l\u2019ann\u00e9e budg\u00e9taire 2022, et de plusieurs mesures nominatives\",\"datePublished\":\"2021-09-24T17:48:55+00:00\",\"dateModified\":\"2021-09-24T21:40:03+00:00\",\"mainEntityOfPage\":{\"@id\":\"https:\/\/www.africa-press.net\/niger\/politique\/au-conseil-des-ministres-adoption-dimportants-projets-de-textes-dont-projet-de-loi-portant-loi-de-finances-pour-lannee-budgetaire-2022-et-de-plusieurs-mesures-nominatives\"},\"wordCount\":4600,\"commentCount\":0,\"image\":{\"@id\":\"https:\/\/www.africa-press.net\/niger\/politique\/au-conseil-des-ministres-adoption-dimportants-projets-de-textes-dont-projet-de-loi-portant-loi-de-finances-pour-lannee-budgetaire-2022-et-de-plusieurs-mesures-nominatives#primaryimage\"},\"thumbnailUrl\":\"https:\/\/static.africa-press.net\/niger\/sites\/40\/2021\/09\/img-614df7cdf3130.jpg\",\"keywords\":[\"Africa Press\",\"Africa Press-Niger\",\"Niger\"],\"articleSection\":[\"homepage-french\",\"Politique\",\"Toutes les actualit\u00e9s\"],\"inLanguage\":\"fr-FR\",\"potentialAction\":[{\"@type\":\"CommentAction\",\"name\":\"Comment\",\"target\":[\"https:\/\/www.africa-press.net\/niger\/politique\/au-conseil-des-ministres-adoption-dimportants-projets-de-textes-dont-projet-de-loi-portant-loi-de-finances-pour-lannee-budgetaire-2022-et-de-plusieurs-mesures-nominatives#respond\"]}]},{\"@type\":\"WebPage\",\"@id\":\"https:\/\/www.africa-press.net\/niger\/politique\/au-conseil-des-ministres-adoption-dimportants-projets-de-textes-dont-projet-de-loi-portant-loi-de-finances-pour-lannee-budgetaire-2022-et-de-plusieurs-mesures-nominatives\",\"url\":\"https:\/\/www.africa-press.net\/niger\/politique\/au-conseil-des-ministres-adoption-dimportants-projets-de-textes-dont-projet-de-loi-portant-loi-de-finances-pour-lannee-budgetaire-2022-et-de-plusieurs-mesures-nominatives\",\"name\":\"Au Conseil des ministres : Adoption d\u2019importants projets de textes, dont Projet de loi portant loi de finances pour l\u2019ann\u00e9e budg\u00e9taire 2022, et de plusieurs mesures nominatives - niger\",\"isPartOf\":{\"@id\":\"https:\/\/www.africa-press.net\/niger\/#website\"},\"primaryImageOfPage\":{\"@id\":\"https:\/\/www.africa-press.net\/niger\/politique\/au-conseil-des-ministres-adoption-dimportants-projets-de-textes-dont-projet-de-loi-portant-loi-de-finances-pour-lannee-budgetaire-2022-et-de-plusieurs-mesures-nominatives#primaryimage\"},\"image\":{\"@id\":\"https:\/\/www.africa-press.net\/niger\/politique\/au-conseil-des-ministres-adoption-dimportants-projets-de-textes-dont-projet-de-loi-portant-loi-de-finances-pour-lannee-budgetaire-2022-et-de-plusieurs-mesures-nominatives#primaryimage\"},\"thumbnailUrl\":\"https:\/\/static.africa-press.net\/niger\/sites\/40\/2021\/09\/img-614df7cdf3130.jpg\",\"datePublished\":\"2021-09-24T17:48:55+00:00\",\"dateModified\":\"2021-09-24T21:40:03+00:00\",\"author\":{\"@id\":\"https:\/\/www.africa-press.net\/niger\/#\/schema\/person\/2b1cf3cd81a31e3cd26889ca66d677f1\"},\"description\":\"\ufeffLe Conseil des ministres s\u2019est r\u00e9uni, hier jeudi 23 septembre 2021, dans la salle habituelle des d\u00e9lib\u00e9rations, sous la ...\",\"breadcrumb\":{\"@id\":\"https:\/\/www.africa-press.net\/niger\/politique\/au-conseil-des-ministres-adoption-dimportants-projets-de-textes-dont-projet-de-loi-portant-loi-de-finances-pour-lannee-budgetaire-2022-et-de-plusieurs-mesures-nominatives#breadcrumb\"},\"inLanguage\":\"fr-FR\",\"potentialAction\":[{\"@type\":\"ReadAction\",\"target\":[\"https:\/\/www.africa-press.net\/niger\/politique\/au-conseil-des-ministres-adoption-dimportants-projets-de-textes-dont-projet-de-loi-portant-loi-de-finances-pour-lannee-budgetaire-2022-et-de-plusieurs-mesures-nominatives\"]}]},{\"@type\":\"ImageObject\",\"inLanguage\":\"fr-FR\",\"@id\":\"https:\/\/www.africa-press.net\/niger\/politique\/au-conseil-des-ministres-adoption-dimportants-projets-de-textes-dont-projet-de-loi-portant-loi-de-finances-pour-lannee-budgetaire-2022-et-de-plusieurs-mesures-nominatives#primaryimage\",\"url\":\"https:\/\/static.africa-press.net\/niger\/sites\/40\/2021\/09\/img-614df7cdf3130.jpg\",\"contentUrl\":\"https:\/\/static.africa-press.net\/niger\/sites\/40\/2021\/09\/img-614df7cdf3130.jpg\",\"width\":720,\"height\":425,\"caption\":\"Au Conseil des ministres : Adoption d\u2019importants projets de textes, dont Projet de loi portant loi de finances pour l\u2019ann\u00e9e budg\u00e9taire 2022, et de plusieurs mesures nominatives\"},{\"@type\":\"BreadcrumbList\",\"@id\":\"https:\/\/www.africa-press.net\/niger\/politique\/au-conseil-des-ministres-adoption-dimportants-projets-de-textes-dont-projet-de-loi-portant-loi-de-finances-pour-lannee-budgetaire-2022-et-de-plusieurs-mesures-nominatives#breadcrumb\",\"itemListElement\":[{\"@type\":\"ListItem\",\"position\":1,\"name\":\"Accueil\",\"item\":\"https:\/\/www.africa-press.net\/niger\/\"},{\"@type\":\"ListItem\",\"position\":2,\"name\":\"Au Conseil des ministres : Adoption d\u2019importants projets de textes, dont Projet de loi portant loi de finances pour l\u2019ann\u00e9e budg\u00e9taire 2022, et de plusieurs mesures nominatives\"}]},{\"@type\":\"WebSite\",\"@id\":\"https:\/\/www.africa-press.net\/niger\/#website\",\"url\":\"https:\/\/www.africa-press.net\/niger\/\",\"name\":\"niger\",\"description\":\"Just another Africa News Agency Sites site\",\"potentialAction\":[{\"@type\":\"SearchAction\",\"target\":{\"@type\":\"EntryPoint\",\"urlTemplate\":\"https:\/\/www.africa-press.net\/niger\/?s={search_term_string}\"},\"query-input\":{\"@type\":\"PropertyValueSpecification\",\"valueRequired\":true,\"valueName\":\"search_term_string\"}}],\"inLanguage\":\"fr-FR\"},{\"@type\":\"Person\",\"@id\":\"https:\/\/www.africa-press.net\/niger\/#\/schema\/person\/2b1cf3cd81a31e3cd26889ca66d677f1\",\"name\":\"cfeditorfr\"}]}<\/script>\n<!-- \/ Yoast SEO Premium plugin. -->","yoast_head_json":{"title":"Au Conseil des ministres : Adoption d\u2019importants projets de textes, dont Projet de loi portant loi de finances pour l\u2019ann\u00e9e budg\u00e9taire 2022, et de plusieurs mesures nominatives - niger","description":"\ufeffLe Conseil des ministres s\u2019est r\u00e9uni, hier jeudi 23 septembre 2021, dans la salle habituelle des d\u00e9lib\u00e9rations, sous la ...","robots":{"index":"index","follow":"follow","max-snippet":"max-snippet:-1","max-image-preview":"max-image-preview:large","max-video-preview":"max-video-preview:-1"},"canonical":"https:\/\/www.africa-press.net\/niger\/politique\/au-conseil-des-ministres-adoption-dimportants-projets-de-textes-dont-projet-de-loi-portant-loi-de-finances-pour-lannee-budgetaire-2022-et-de-plusieurs-mesures-nominatives","og_locale":"fr_FR","og_type":"article","og_title":"Au Conseil des ministres : Adoption d\u2019importants projets de textes, dont Projet de loi portant loi de finances pour l\u2019ann\u00e9e budg\u00e9taire 2022, et de plusieurs mesures nominatives","og_description":"\ufeffLe Conseil des ministres s\u2019est r\u00e9uni, hier jeudi 23 septembre 2021, dans la salle habituelle des d\u00e9lib\u00e9rations, sous la ...","og_url":"https:\/\/www.africa-press.net\/niger\/politique\/au-conseil-des-ministres-adoption-dimportants-projets-de-textes-dont-projet-de-loi-portant-loi-de-finances-pour-lannee-budgetaire-2022-et-de-plusieurs-mesures-nominatives","og_site_name":"niger","article_published_time":"2021-09-24T17:48:55+00:00","article_modified_time":"2021-09-24T21:40:03+00:00","og_image":[{"width":720,"height":425,"url":"https:\/\/static.africa-press.net\/niger\/sites\/40\/2021\/09\/img-614df7cdf3130.jpg","type":"image\/jpeg"}],"author":"cfeditorfr","twitter_card":"summary_large_image","twitter_misc":{"\u00c9crit par":"cfeditorfr","Dur\u00e9e de lecture estim\u00e9e":"23 minutes"},"schema":{"@context":"https:\/\/schema.org","@graph":[{"@type":"Article","@id":"https:\/\/www.africa-press.net\/niger\/politique\/au-conseil-des-ministres-adoption-dimportants-projets-de-textes-dont-projet-de-loi-portant-loi-de-finances-pour-lannee-budgetaire-2022-et-de-plusieurs-mesures-nominatives#article","isPartOf":{"@id":"https:\/\/www.africa-press.net\/niger\/politique\/au-conseil-des-ministres-adoption-dimportants-projets-de-textes-dont-projet-de-loi-portant-loi-de-finances-pour-lannee-budgetaire-2022-et-de-plusieurs-mesures-nominatives"},"author":{"name":"cfeditorfr","@id":"https:\/\/www.africa-press.net\/niger\/#\/schema\/person\/2b1cf3cd81a31e3cd26889ca66d677f1"},"headline":"Au Conseil des ministres : Adoption d\u2019importants projets de textes, dont Projet de loi portant loi de finances pour l\u2019ann\u00e9e budg\u00e9taire 2022, et de plusieurs mesures nominatives","datePublished":"2021-09-24T17:48:55+00:00","dateModified":"2021-09-24T21:40:03+00:00","mainEntityOfPage":{"@id":"https:\/\/www.africa-press.net\/niger\/politique\/au-conseil-des-ministres-adoption-dimportants-projets-de-textes-dont-projet-de-loi-portant-loi-de-finances-pour-lannee-budgetaire-2022-et-de-plusieurs-mesures-nominatives"},"wordCount":4600,"commentCount":0,"image":{"@id":"https:\/\/www.africa-press.net\/niger\/politique\/au-conseil-des-ministres-adoption-dimportants-projets-de-textes-dont-projet-de-loi-portant-loi-de-finances-pour-lannee-budgetaire-2022-et-de-plusieurs-mesures-nominatives#primaryimage"},"thumbnailUrl":"https:\/\/static.africa-press.net\/niger\/sites\/40\/2021\/09\/img-614df7cdf3130.jpg","keywords":["Africa Press","Africa Press-Niger","Niger"],"articleSection":["homepage-french","Politique","Toutes les actualit\u00e9s"],"inLanguage":"fr-FR","potentialAction":[{"@type":"CommentAction","name":"Comment","target":["https:\/\/www.africa-press.net\/niger\/politique\/au-conseil-des-ministres-adoption-dimportants-projets-de-textes-dont-projet-de-loi-portant-loi-de-finances-pour-lannee-budgetaire-2022-et-de-plusieurs-mesures-nominatives#respond"]}]},{"@type":"WebPage","@id":"https:\/\/www.africa-press.net\/niger\/politique\/au-conseil-des-ministres-adoption-dimportants-projets-de-textes-dont-projet-de-loi-portant-loi-de-finances-pour-lannee-budgetaire-2022-et-de-plusieurs-mesures-nominatives","url":"https:\/\/www.africa-press.net\/niger\/politique\/au-conseil-des-ministres-adoption-dimportants-projets-de-textes-dont-projet-de-loi-portant-loi-de-finances-pour-lannee-budgetaire-2022-et-de-plusieurs-mesures-nominatives","name":"Au Conseil des ministres : Adoption d\u2019importants projets de textes, dont Projet de loi portant loi de finances pour l\u2019ann\u00e9e budg\u00e9taire 2022, et de plusieurs mesures nominatives - niger","isPartOf":{"@id":"https:\/\/www.africa-press.net\/niger\/#website"},"primaryImageOfPage":{"@id":"https:\/\/www.africa-press.net\/niger\/politique\/au-conseil-des-ministres-adoption-dimportants-projets-de-textes-dont-projet-de-loi-portant-loi-de-finances-pour-lannee-budgetaire-2022-et-de-plusieurs-mesures-nominatives#primaryimage"},"image":{"@id":"https:\/\/www.africa-press.net\/niger\/politique\/au-conseil-des-ministres-adoption-dimportants-projets-de-textes-dont-projet-de-loi-portant-loi-de-finances-pour-lannee-budgetaire-2022-et-de-plusieurs-mesures-nominatives#primaryimage"},"thumbnailUrl":"https:\/\/static.africa-press.net\/niger\/sites\/40\/2021\/09\/img-614df7cdf3130.jpg","datePublished":"2021-09-24T17:48:55+00:00","dateModified":"2021-09-24T21:40:03+00:00","author":{"@id":"https:\/\/www.africa-press.net\/niger\/#\/schema\/person\/2b1cf3cd81a31e3cd26889ca66d677f1"},"description":"\ufeffLe Conseil des ministres s\u2019est r\u00e9uni, hier jeudi 23 septembre 2021, dans la salle habituelle des d\u00e9lib\u00e9rations, sous la ...","breadcrumb":{"@id":"https:\/\/www.africa-press.net\/niger\/politique\/au-conseil-des-ministres-adoption-dimportants-projets-de-textes-dont-projet-de-loi-portant-loi-de-finances-pour-lannee-budgetaire-2022-et-de-plusieurs-mesures-nominatives#breadcrumb"},"inLanguage":"fr-FR","potentialAction":[{"@type":"ReadAction","target":["https:\/\/www.africa-press.net\/niger\/politique\/au-conseil-des-ministres-adoption-dimportants-projets-de-textes-dont-projet-de-loi-portant-loi-de-finances-pour-lannee-budgetaire-2022-et-de-plusieurs-mesures-nominatives"]}]},{"@type":"ImageObject","inLanguage":"fr-FR","@id":"https:\/\/www.africa-press.net\/niger\/politique\/au-conseil-des-ministres-adoption-dimportants-projets-de-textes-dont-projet-de-loi-portant-loi-de-finances-pour-lannee-budgetaire-2022-et-de-plusieurs-mesures-nominatives#primaryimage","url":"https:\/\/static.africa-press.net\/niger\/sites\/40\/2021\/09\/img-614df7cdf3130.jpg","contentUrl":"https:\/\/static.africa-press.net\/niger\/sites\/40\/2021\/09\/img-614df7cdf3130.jpg","width":720,"height":425,"caption":"Au Conseil des ministres : Adoption d\u2019importants projets de textes, dont Projet de loi portant loi de finances pour l\u2019ann\u00e9e budg\u00e9taire 2022, et de plusieurs mesures nominatives"},{"@type":"BreadcrumbList","@id":"https:\/\/www.africa-press.net\/niger\/politique\/au-conseil-des-ministres-adoption-dimportants-projets-de-textes-dont-projet-de-loi-portant-loi-de-finances-pour-lannee-budgetaire-2022-et-de-plusieurs-mesures-nominatives#breadcrumb","itemListElement":[{"@type":"ListItem","position":1,"name":"Accueil","item":"https:\/\/www.africa-press.net\/niger\/"},{"@type":"ListItem","position":2,"name":"Au Conseil des ministres : Adoption d\u2019importants projets de textes, dont Projet de loi portant loi de finances pour l\u2019ann\u00e9e budg\u00e9taire 2022, et de plusieurs mesures nominatives"}]},{"@type":"WebSite","@id":"https:\/\/www.africa-press.net\/niger\/#website","url":"https:\/\/www.africa-press.net\/niger\/","name":"niger","description":"Just another Africa News Agency Sites site","potentialAction":[{"@type":"SearchAction","target":{"@type":"EntryPoint","urlTemplate":"https:\/\/www.africa-press.net\/niger\/?s={search_term_string}"},"query-input":{"@type":"PropertyValueSpecification","valueRequired":true,"valueName":"search_term_string"}}],"inLanguage":"fr-FR"},{"@type":"Person","@id":"https:\/\/www.africa-press.net\/niger\/#\/schema\/person\/2b1cf3cd81a31e3cd26889ca66d677f1","name":"cfeditorfr"}]}},"_links":{"self":[{"href":"https:\/\/www.africa-press.net\/niger\/wp-json\/wp\/v2\/posts\/12405","targetHints":{"allow":["GET"]}}],"collection":[{"href":"https:\/\/www.africa-press.net\/niger\/wp-json\/wp\/v2\/posts"}],"about":[{"href":"https:\/\/www.africa-press.net\/niger\/wp-json\/wp\/v2\/types\/post"}],"author":[{"embeddable":true,"href":"https:\/\/www.africa-press.net\/niger\/wp-json\/wp\/v2\/users\/82"}],"replies":[{"embeddable":true,"href":"https:\/\/www.africa-press.net\/niger\/wp-json\/wp\/v2\/comments?post=12405"}],"version-history":[{"count":0,"href":"https:\/\/www.africa-press.net\/niger\/wp-json\/wp\/v2\/posts\/12405\/revisions"}],"wp:featuredmedia":[{"embeddable":true,"href":"https:\/\/www.africa-press.net\/niger\/wp-json\/wp\/v2\/media\/12404"}],"wp:attachment":[{"href":"https:\/\/www.africa-press.net\/niger\/wp-json\/wp\/v2\/media?parent=12405"}],"wp:term":[{"taxonomy":"category","embeddable":true,"href":"https:\/\/www.africa-press.net\/niger\/wp-json\/wp\/v2\/categories?post=12405"},{"taxonomy":"post_tag","embeddable":true,"href":"https:\/\/www.africa-press.net\/niger\/wp-json\/wp\/v2\/tags?post=12405"}],"curies":[{"name":"wp","href":"https:\/\/api.w.org\/{rel}","templated":true}]}}