{"id":12436,"date":"2021-09-25T13:26:25","date_gmt":"2021-09-25T13:26:25","guid":{"rendered":"https:\/\/www.africa-press.net\/niger\/?p=12436"},"modified":"2021-09-25T18:11:30","modified_gmt":"2021-09-25T18:11:30","slug":"region-de-zinder-le-chef-de-canton-de-tanout-intronise-huit-ans-apres-son-election","status":"publish","type":"post","link":"https:\/\/www.africa-press.net\/niger\/politique\/region-de-zinder-le-chef-de-canton-de-tanout-intronise-huit-ans-apres-son-election","title":{"rendered":"R\u00e9gion de Zinder : Le Chef de Canton de Tanout intronis\u00e9, huit ans apr\u00e8s son \u00e9lection"},"content":{"rendered":"<p><span style=\"color: #ff6600\"><strong><a href=\"https:\/\/www.africa-press.net\/\">Africa-Press<\/a> &#8211; <a href=\"https:\/\/www.africa-press.net\/niger\">Niger<\/a>. <\/strong><\/span>Le Chef de Canton de Tanout, Souleymane Garba Dan Bouzoua dit Papa, \u00e9lu d\u00e9mocratiquement le 14 F\u00e9vrier 2014 suite \u00e0 des \u00e9lections libres et transparentes, a \u00e9t\u00e9 officiellement intronis\u00e9 le Dimanche 19 Septembre \u00e0 Tanout.<\/p>\n<p>C\u2019est le Secr\u00e9taire G\u00e9n\u00e9ral de la R\u00e9gion, Maman Harou qui a pr\u00e9sid\u00e9 la c\u00e9r\u00e9monie en pr\u00e9sence de l\u2019Honorable Sultan du Damagaram Aboubacar Sanda, des d\u00e9put\u00e9s nationaux et de plusieurs invit\u00e9s.<\/p>\n<p>Il est n\u00e9 le 1er F\u00e9vrier 1966 \u00e0 Tanout, mari\u00e9 et p\u00e8re de treize enfants. Il succ\u00e8de au d\u00e9funt Chef de Canton de Tanout, Ibrahim Yacouba Dan Bouzoua dit Ma\u00cfnassara rappel\u00e9 \u00e0 Dieu en Avril 2013.<\/p>\n<p>Cette c\u00e9r\u00e9monie a \u00e9t\u00e9 marqu\u00e9e par plusieurs interventions dont celle du Maire de la Commune Urbaine de Tanout et un membre de la famille du Chef intronis\u00e9 qui ont pr\u00e9sent\u00e9 au public l\u2019historique du Canton allant du transfert du Chef lieu de Canton de Dajjidouna \u00e0 Tanout.<\/p>\n<p>Apr\u00e8s son intronisation qui a consist\u00e9 au port du turban ex\u00e9cut\u00e9 par le grand Imam de la Ville entour\u00e9 de plusieurs notables, l\u2019honorable Sultan de Zinder, Elh Aboubacar Oumarou Sanda a insist\u00e9, dans son intervention \u00e0 l\u2019endroit du Chef de Canton, sur le fait de \u2018\u2019se comporter chaque jour que Dieu fait en rassembleur, de faire preuve de grande patience et d\u2019\u00eatre r\u00e9guli\u00e8rement \u00e0 l\u2019\u00e9coute de ses administr\u00e9s en cultivant les grandes valeurs de paix et de solidarit\u00e9\u2019\u2019.<\/p>\n<p>Il a recommand\u00e9 aux uns et aux autres, \u00e0 l\u2019occasion des pri\u00e8res collectives, \u2018\u2019d\u2019implorer Dieu, le Tout Puissant, afin qu\u2019il accorde au Niger la qui\u00e9tude sociale et une production agricole abondante susceptible de couvrir les besoins nationaux\u2019\u2019.<\/p>\n<p>Prenant la parole \u00e0 son tour, le Chef de canton de Tanout Souleymane Garba Dan Bouzoua a remerci\u00e9 tous ceux qui ont effectu\u00e9 le d\u00e9placement pour honorer de leur pr\u00e9sence cette c\u00e9r\u00e9monie d\u2019intronisation notamment le Secr\u00e9taire G\u00e9n\u00e9ral de la r\u00e9gion de Zinder Harou Maman, les d\u00e9put\u00e9s nationaux les chefs traditionnels, les invit\u00e9s et l\u2019ensemble de la population du d\u00e9partement de Tanout pour cette marque de consid\u00e9ration et de sympathie \u00e0 son endroit.<\/p>\n<p>Pour joindre l\u2019utile \u00e0 l\u2019agr\u00e9able, plusieurs artistes ont tenu en haleine le public dont Ali Na Maliki, un septuag\u00e9naire qui a \u00e9t\u00e9 vivement acclam\u00e9 par la foule.<\/p>\n<p>Ce sont six Chefs de Canton qui se sont succ\u00e9d\u00e9s au tr\u00f4ne de 1912 \u00e0 ce jour, indique-t-on.<\/p>\n","protected":false},"excerpt":{"rendered":"<p>Africa-Press &#8211; Niger. Le Chef de Canton de Tanout, Souleymane Garba Dan Bouzoua dit Papa, \u00e9lu d\u00e9mocratiquement le 14 F\u00e9vrier 2014 suite \u00e0 des \u00e9lections libres et transparentes, a \u00e9t\u00e9 officiellement intronis\u00e9 le Dimanche 19 Septembre \u00e0 Tanout. C\u2019est le Secr\u00e9taire G\u00e9n\u00e9ral de la R\u00e9gion, Maman Harou qui a pr\u00e9sid\u00e9 la c\u00e9r\u00e9monie en pr\u00e9sence de [&hellip;]<\/p>\n","protected":false},"author":82,"featured_media":12435,"comment_status":"open","ping_status":"closed","sticky":false,"template":"","format":"standard","meta":{"footnotes":""},"categories":[11,2,10],"tags":[55,60,29],"class_list":["post-12436","post","type-post","status-publish","format-standard","has-post-thumbnail","hentry","category-homepage-french","category-politique","category-toutes-les-actualites","tag-africa-press","tag-africa-press-niger","tag-niger"],"yoast_head":"<!-- This site is optimized with the Yoast SEO Premium plugin v26.1 (Yoast SEO v27.0) - https:\/\/yoast.com\/product\/yoast-seo-premium-wordpress\/ -->\n<title>R\u00e9gion de Zinder : Le Chef de Canton de Tanout intronis\u00e9, huit ans apr\u00e8s son \u00e9lection - niger<\/title>\n<meta name=\"description\" content=\"Le Chef de Canton de Tanout, Souleymane Garba Dan Bouzoua dit Papa, \u00e9lu d\u00e9mocratiquement le 14 F\u00e9vrier 2014 suite \u00e0 des ...\" \/>\n<meta name=\"robots\" content=\"index, follow, max-snippet:-1, max-image-preview:large, max-video-preview:-1\" \/>\n<link rel=\"canonical\" href=\"https:\/\/www.africa-press.net\/niger\/politique\/region-de-zinder-le-chef-de-canton-de-tanout-intronise-huit-ans-apres-son-election\" \/>\n<meta property=\"og:locale\" content=\"fr_FR\" \/>\n<meta property=\"og:type\" content=\"article\" \/>\n<meta property=\"og:title\" content=\"R\u00e9gion de Zinder : Le Chef de Canton de Tanout intronis\u00e9, huit ans apr\u00e8s son \u00e9lection\" \/>\n<meta property=\"og:description\" content=\"Le Chef de Canton de Tanout, Souleymane Garba Dan Bouzoua dit Papa, \u00e9lu d\u00e9mocratiquement le 14 F\u00e9vrier 2014 suite \u00e0 des ...\" \/>\n<meta property=\"og:url\" content=\"https:\/\/www.africa-press.net\/niger\/politique\/region-de-zinder-le-chef-de-canton-de-tanout-intronise-huit-ans-apres-son-election\" \/>\n<meta property=\"og:site_name\" content=\"niger\" \/>\n<meta property=\"article:published_time\" content=\"2021-09-25T13:26:25+00:00\" \/>\n<meta property=\"article:modified_time\" content=\"2021-09-25T18:11:30+00:00\" \/>\n<meta property=\"og:image\" content=\"https:\/\/static.africa-press.net\/niger\/sites\/40\/2021\/09\/img-614f22c0743a5.jpg\" \/>\n\t<meta property=\"og:image:width\" content=\"958\" \/>\n\t<meta property=\"og:image:height\" content=\"539\" \/>\n\t<meta property=\"og:image:type\" content=\"image\/jpeg\" \/>\n<meta name=\"author\" content=\"cfeditorfr\" \/>\n<meta name=\"twitter:card\" content=\"summary_large_image\" \/>\n<meta name=\"twitter:label1\" content=\"\u00c9crit par\" \/>\n\t<meta name=\"twitter:data1\" content=\"cfeditorfr\" \/>\n\t<meta name=\"twitter:label2\" content=\"Dur\u00e9e de lecture estim\u00e9e\" \/>\n\t<meta name=\"twitter:data2\" content=\"2 minutes\" \/>\n<script type=\"application\/ld+json\" class=\"yoast-schema-graph\">{\"@context\":\"https:\/\/schema.org\",\"@graph\":[{\"@type\":\"Article\",\"@id\":\"https:\/\/www.africa-press.net\/niger\/politique\/region-de-zinder-le-chef-de-canton-de-tanout-intronise-huit-ans-apres-son-election#article\",\"isPartOf\":{\"@id\":\"https:\/\/www.africa-press.net\/niger\/politique\/region-de-zinder-le-chef-de-canton-de-tanout-intronise-huit-ans-apres-son-election\"},\"author\":{\"name\":\"cfeditorfr\",\"@id\":\"https:\/\/www.africa-press.net\/niger\/#\/schema\/person\/2b1cf3cd81a31e3cd26889ca66d677f1\"},\"headline\":\"R\u00e9gion de Zinder : Le Chef de Canton de Tanout intronis\u00e9, huit ans apr\u00e8s son \u00e9lection\",\"datePublished\":\"2021-09-25T13:26:25+00:00\",\"dateModified\":\"2021-09-25T18:11:30+00:00\",\"mainEntityOfPage\":{\"@id\":\"https:\/\/www.africa-press.net\/niger\/politique\/region-de-zinder-le-chef-de-canton-de-tanout-intronise-huit-ans-apres-son-election\"},\"wordCount\":443,\"commentCount\":0,\"image\":{\"@id\":\"https:\/\/www.africa-press.net\/niger\/politique\/region-de-zinder-le-chef-de-canton-de-tanout-intronise-huit-ans-apres-son-election#primaryimage\"},\"thumbnailUrl\":\"https:\/\/static.africa-press.net\/niger\/sites\/40\/2021\/09\/img-614f22c0743a5.jpg\",\"keywords\":[\"Africa Press\",\"Africa Press-Niger\",\"Niger\"],\"articleSection\":[\"homepage-french\",\"Politique\",\"Toutes les actualit\u00e9s\"],\"inLanguage\":\"fr-FR\",\"potentialAction\":[{\"@type\":\"CommentAction\",\"name\":\"Comment\",\"target\":[\"https:\/\/www.africa-press.net\/niger\/politique\/region-de-zinder-le-chef-de-canton-de-tanout-intronise-huit-ans-apres-son-election#respond\"]}]},{\"@type\":\"WebPage\",\"@id\":\"https:\/\/www.africa-press.net\/niger\/politique\/region-de-zinder-le-chef-de-canton-de-tanout-intronise-huit-ans-apres-son-election\",\"url\":\"https:\/\/www.africa-press.net\/niger\/politique\/region-de-zinder-le-chef-de-canton-de-tanout-intronise-huit-ans-apres-son-election\",\"name\":\"R\u00e9gion de Zinder : Le Chef de Canton de Tanout intronis\u00e9, huit ans apr\u00e8s son \u00e9lection - niger\",\"isPartOf\":{\"@id\":\"https:\/\/www.africa-press.net\/niger\/#website\"},\"primaryImageOfPage\":{\"@id\":\"https:\/\/www.africa-press.net\/niger\/politique\/region-de-zinder-le-chef-de-canton-de-tanout-intronise-huit-ans-apres-son-election#primaryimage\"},\"image\":{\"@id\":\"https:\/\/www.africa-press.net\/niger\/politique\/region-de-zinder-le-chef-de-canton-de-tanout-intronise-huit-ans-apres-son-election#primaryimage\"},\"thumbnailUrl\":\"https:\/\/static.africa-press.net\/niger\/sites\/40\/2021\/09\/img-614f22c0743a5.jpg\",\"datePublished\":\"2021-09-25T13:26:25+00:00\",\"dateModified\":\"2021-09-25T18:11:30+00:00\",\"author\":{\"@id\":\"https:\/\/www.africa-press.net\/niger\/#\/schema\/person\/2b1cf3cd81a31e3cd26889ca66d677f1\"},\"description\":\"Le Chef de Canton de Tanout, Souleymane Garba Dan Bouzoua dit Papa, \u00e9lu d\u00e9mocratiquement le 14 F\u00e9vrier 2014 suite \u00e0 des ...\",\"breadcrumb\":{\"@id\":\"https:\/\/www.africa-press.net\/niger\/politique\/region-de-zinder-le-chef-de-canton-de-tanout-intronise-huit-ans-apres-son-election#breadcrumb\"},\"inLanguage\":\"fr-FR\",\"potentialAction\":[{\"@type\":\"ReadAction\",\"target\":[\"https:\/\/www.africa-press.net\/niger\/politique\/region-de-zinder-le-chef-de-canton-de-tanout-intronise-huit-ans-apres-son-election\"]}]},{\"@type\":\"ImageObject\",\"inLanguage\":\"fr-FR\",\"@id\":\"https:\/\/www.africa-press.net\/niger\/politique\/region-de-zinder-le-chef-de-canton-de-tanout-intronise-huit-ans-apres-son-election#primaryimage\",\"url\":\"https:\/\/static.africa-press.net\/niger\/sites\/40\/2021\/09\/img-614f22c0743a5.jpg\",\"contentUrl\":\"https:\/\/static.africa-press.net\/niger\/sites\/40\/2021\/09\/img-614f22c0743a5.jpg\",\"width\":958,\"height\":539,\"caption\":\"R\u00e9gion de Zinder : Le Chef de Canton de Tanout intronis\u00e9, huit ans apr\u00e8s son \u00e9lection\"},{\"@type\":\"BreadcrumbList\",\"@id\":\"https:\/\/www.africa-press.net\/niger\/politique\/region-de-zinder-le-chef-de-canton-de-tanout-intronise-huit-ans-apres-son-election#breadcrumb\",\"itemListElement\":[{\"@type\":\"ListItem\",\"position\":1,\"name\":\"Accueil\",\"item\":\"https:\/\/www.africa-press.net\/niger\/\"},{\"@type\":\"ListItem\",\"position\":2,\"name\":\"R\u00e9gion de Zinder : Le Chef de Canton de Tanout intronis\u00e9, huit ans apr\u00e8s son \u00e9lection\"}]},{\"@type\":\"WebSite\",\"@id\":\"https:\/\/www.africa-press.net\/niger\/#website\",\"url\":\"https:\/\/www.africa-press.net\/niger\/\",\"name\":\"niger\",\"description\":\"Just another Africa News Agency Sites site\",\"potentialAction\":[{\"@type\":\"SearchAction\",\"target\":{\"@type\":\"EntryPoint\",\"urlTemplate\":\"https:\/\/www.africa-press.net\/niger\/?s={search_term_string}\"},\"query-input\":{\"@type\":\"PropertyValueSpecification\",\"valueRequired\":true,\"valueName\":\"search_term_string\"}}],\"inLanguage\":\"fr-FR\"},{\"@type\":\"Person\",\"@id\":\"https:\/\/www.africa-press.net\/niger\/#\/schema\/person\/2b1cf3cd81a31e3cd26889ca66d677f1\",\"name\":\"cfeditorfr\"}]}<\/script>\n<!-- \/ Yoast SEO Premium plugin. -->","yoast_head_json":{"title":"R\u00e9gion de Zinder : Le Chef de Canton de Tanout intronis\u00e9, huit ans apr\u00e8s son \u00e9lection - niger","description":"Le Chef de Canton de Tanout, Souleymane Garba Dan Bouzoua dit Papa, \u00e9lu d\u00e9mocratiquement le 14 F\u00e9vrier 2014 suite \u00e0 des ...","robots":{"index":"index","follow":"follow","max-snippet":"max-snippet:-1","max-image-preview":"max-image-preview:large","max-video-preview":"max-video-preview:-1"},"canonical":"https:\/\/www.africa-press.net\/niger\/politique\/region-de-zinder-le-chef-de-canton-de-tanout-intronise-huit-ans-apres-son-election","og_locale":"fr_FR","og_type":"article","og_title":"R\u00e9gion de Zinder : Le Chef de Canton de Tanout intronis\u00e9, huit ans apr\u00e8s son \u00e9lection","og_description":"Le Chef de Canton de Tanout, Souleymane Garba Dan Bouzoua dit Papa, \u00e9lu d\u00e9mocratiquement le 14 F\u00e9vrier 2014 suite \u00e0 des ...","og_url":"https:\/\/www.africa-press.net\/niger\/politique\/region-de-zinder-le-chef-de-canton-de-tanout-intronise-huit-ans-apres-son-election","og_site_name":"niger","article_published_time":"2021-09-25T13:26:25+00:00","article_modified_time":"2021-09-25T18:11:30+00:00","og_image":[{"width":958,"height":539,"url":"https:\/\/static.africa-press.net\/niger\/sites\/40\/2021\/09\/img-614f22c0743a5.jpg","type":"image\/jpeg"}],"author":"cfeditorfr","twitter_card":"summary_large_image","twitter_misc":{"\u00c9crit par":"cfeditorfr","Dur\u00e9e de lecture estim\u00e9e":"2 minutes"},"schema":{"@context":"https:\/\/schema.org","@graph":[{"@type":"Article","@id":"https:\/\/www.africa-press.net\/niger\/politique\/region-de-zinder-le-chef-de-canton-de-tanout-intronise-huit-ans-apres-son-election#article","isPartOf":{"@id":"https:\/\/www.africa-press.net\/niger\/politique\/region-de-zinder-le-chef-de-canton-de-tanout-intronise-huit-ans-apres-son-election"},"author":{"name":"cfeditorfr","@id":"https:\/\/www.africa-press.net\/niger\/#\/schema\/person\/2b1cf3cd81a31e3cd26889ca66d677f1"},"headline":"R\u00e9gion de Zinder : Le Chef de Canton de Tanout intronis\u00e9, huit ans apr\u00e8s son \u00e9lection","datePublished":"2021-09-25T13:26:25+00:00","dateModified":"2021-09-25T18:11:30+00:00","mainEntityOfPage":{"@id":"https:\/\/www.africa-press.net\/niger\/politique\/region-de-zinder-le-chef-de-canton-de-tanout-intronise-huit-ans-apres-son-election"},"wordCount":443,"commentCount":0,"image":{"@id":"https:\/\/www.africa-press.net\/niger\/politique\/region-de-zinder-le-chef-de-canton-de-tanout-intronise-huit-ans-apres-son-election#primaryimage"},"thumbnailUrl":"https:\/\/static.africa-press.net\/niger\/sites\/40\/2021\/09\/img-614f22c0743a5.jpg","keywords":["Africa Press","Africa Press-Niger","Niger"],"articleSection":["homepage-french","Politique","Toutes les actualit\u00e9s"],"inLanguage":"fr-FR","potentialAction":[{"@type":"CommentAction","name":"Comment","target":["https:\/\/www.africa-press.net\/niger\/politique\/region-de-zinder-le-chef-de-canton-de-tanout-intronise-huit-ans-apres-son-election#respond"]}]},{"@type":"WebPage","@id":"https:\/\/www.africa-press.net\/niger\/politique\/region-de-zinder-le-chef-de-canton-de-tanout-intronise-huit-ans-apres-son-election","url":"https:\/\/www.africa-press.net\/niger\/politique\/region-de-zinder-le-chef-de-canton-de-tanout-intronise-huit-ans-apres-son-election","name":"R\u00e9gion de Zinder : Le Chef de Canton de Tanout intronis\u00e9, huit ans apr\u00e8s son \u00e9lection - niger","isPartOf":{"@id":"https:\/\/www.africa-press.net\/niger\/#website"},"primaryImageOfPage":{"@id":"https:\/\/www.africa-press.net\/niger\/politique\/region-de-zinder-le-chef-de-canton-de-tanout-intronise-huit-ans-apres-son-election#primaryimage"},"image":{"@id":"https:\/\/www.africa-press.net\/niger\/politique\/region-de-zinder-le-chef-de-canton-de-tanout-intronise-huit-ans-apres-son-election#primaryimage"},"thumbnailUrl":"https:\/\/static.africa-press.net\/niger\/sites\/40\/2021\/09\/img-614f22c0743a5.jpg","datePublished":"2021-09-25T13:26:25+00:00","dateModified":"2021-09-25T18:11:30+00:00","author":{"@id":"https:\/\/www.africa-press.net\/niger\/#\/schema\/person\/2b1cf3cd81a31e3cd26889ca66d677f1"},"description":"Le Chef de Canton de Tanout, Souleymane Garba Dan Bouzoua dit Papa, \u00e9lu d\u00e9mocratiquement le 14 F\u00e9vrier 2014 suite \u00e0 des ...","breadcrumb":{"@id":"https:\/\/www.africa-press.net\/niger\/politique\/region-de-zinder-le-chef-de-canton-de-tanout-intronise-huit-ans-apres-son-election#breadcrumb"},"inLanguage":"fr-FR","potentialAction":[{"@type":"ReadAction","target":["https:\/\/www.africa-press.net\/niger\/politique\/region-de-zinder-le-chef-de-canton-de-tanout-intronise-huit-ans-apres-son-election"]}]},{"@type":"ImageObject","inLanguage":"fr-FR","@id":"https:\/\/www.africa-press.net\/niger\/politique\/region-de-zinder-le-chef-de-canton-de-tanout-intronise-huit-ans-apres-son-election#primaryimage","url":"https:\/\/static.africa-press.net\/niger\/sites\/40\/2021\/09\/img-614f22c0743a5.jpg","contentUrl":"https:\/\/static.africa-press.net\/niger\/sites\/40\/2021\/09\/img-614f22c0743a5.jpg","width":958,"height":539,"caption":"R\u00e9gion de Zinder : Le Chef de Canton de Tanout intronis\u00e9, huit ans apr\u00e8s son \u00e9lection"},{"@type":"BreadcrumbList","@id":"https:\/\/www.africa-press.net\/niger\/politique\/region-de-zinder-le-chef-de-canton-de-tanout-intronise-huit-ans-apres-son-election#breadcrumb","itemListElement":[{"@type":"ListItem","position":1,"name":"Accueil","item":"https:\/\/www.africa-press.net\/niger\/"},{"@type":"ListItem","position":2,"name":"R\u00e9gion de Zinder : Le Chef de Canton de Tanout intronis\u00e9, huit ans apr\u00e8s son \u00e9lection"}]},{"@type":"WebSite","@id":"https:\/\/www.africa-press.net\/niger\/#website","url":"https:\/\/www.africa-press.net\/niger\/","name":"niger","description":"Just another Africa News Agency Sites site","potentialAction":[{"@type":"SearchAction","target":{"@type":"EntryPoint","urlTemplate":"https:\/\/www.africa-press.net\/niger\/?s={search_term_string}"},"query-input":{"@type":"PropertyValueSpecification","valueRequired":true,"valueName":"search_term_string"}}],"inLanguage":"fr-FR"},{"@type":"Person","@id":"https:\/\/www.africa-press.net\/niger\/#\/schema\/person\/2b1cf3cd81a31e3cd26889ca66d677f1","name":"cfeditorfr"}]}},"_links":{"self":[{"href":"https:\/\/www.africa-press.net\/niger\/wp-json\/wp\/v2\/posts\/12436","targetHints":{"allow":["GET"]}}],"collection":[{"href":"https:\/\/www.africa-press.net\/niger\/wp-json\/wp\/v2\/posts"}],"about":[{"href":"https:\/\/www.africa-press.net\/niger\/wp-json\/wp\/v2\/types\/post"}],"author":[{"embeddable":true,"href":"https:\/\/www.africa-press.net\/niger\/wp-json\/wp\/v2\/users\/82"}],"replies":[{"embeddable":true,"href":"https:\/\/www.africa-press.net\/niger\/wp-json\/wp\/v2\/comments?post=12436"}],"version-history":[{"count":0,"href":"https:\/\/www.africa-press.net\/niger\/wp-json\/wp\/v2\/posts\/12436\/revisions"}],"wp:featuredmedia":[{"embeddable":true,"href":"https:\/\/www.africa-press.net\/niger\/wp-json\/wp\/v2\/media\/12435"}],"wp:attachment":[{"href":"https:\/\/www.africa-press.net\/niger\/wp-json\/wp\/v2\/media?parent=12436"}],"wp:term":[{"taxonomy":"category","embeddable":true,"href":"https:\/\/www.africa-press.net\/niger\/wp-json\/wp\/v2\/categories?post=12436"},{"taxonomy":"post_tag","embeddable":true,"href":"https:\/\/www.africa-press.net\/niger\/wp-json\/wp\/v2\/tags?post=12436"}],"curies":[{"name":"wp","href":"https:\/\/api.w.org\/{rel}","templated":true}]}}