{"id":12439,"date":"2021-09-25T13:31:58","date_gmt":"2021-09-25T13:31:58","guid":{"rendered":"https:\/\/www.africa-press.net\/niger\/?p=12439"},"modified":"2021-09-25T18:11:41","modified_gmt":"2021-09-25T18:11:41","slug":"niamey-accueille-des-competitions-de-para-taekwondo-et-de-self-defense","status":"publish","type":"post","link":"https:\/\/www.africa-press.net\/niger\/sports\/niamey-accueille-des-competitions-de-para-taekwondo-et-de-self-defense","title":{"rendered":"Niamey accueille des comp\u00e9titions de para-taekwondo et de self-d\u00e9fense"},"content":{"rendered":"<p><span style=\"color: #ff6600\"><strong><a href=\"https:\/\/www.africa-press.net\/\">Africa-Press<\/a> &#8211; <a href=\"https:\/\/www.africa-press.net\/niger\">Niger<\/a>.\u00a0 <\/strong><\/span>La ligue nig\u00e9rienne de Taekwondo a organis\u00e9, ce vendredi 24 septembre 2021 au Palais de Sport de Niamey, des comp\u00e9titions de para-taekwondo et self-d\u00e9fense.<\/p>\n<p>Ces comp\u00e9titions se d\u00e9rouleront jusqu\u2019au dimanche 26 septembre prochain. Elles mettront aux prises neuf (9) candidats, tous des hommes, dont sept (7) issus des clubs de Niamey, un (1) de Diffa et un (1) du Mali.<\/p>\n<p>Apr\u00e8s avoir expliqu\u00e9 que le para-taekwondo est un sport adapt\u00e9 du taekwondo qui est pratiqu\u00e9 par des personnes en situation de handicap physique ou mental, le Secr\u00e9taire g\u00e9n\u00e9ral de ligue de Niamey, M. Mohamed Alpha Zazi a d\u00e9clar\u00e9 que c\u2019est une premi\u00e8re au Niger d\u2019organiser ces comp\u00e9titions.<\/p>\n<p>Il a aussi fait savoir que ces comp\u00e9titions se tiennent avec l\u2019appui du CICR et de la soci\u00e9t\u00e9 Al Izza.<\/p>\n<p>Ces comp\u00e9titions, a-t-il en outre inform\u00e9, sont arbitr\u00e9es par des arbitres internationaux.<\/p>\n<p>A l\u2019issue des premiers combats \u00e9liminatoires, cinq (5) candidats sont qualifi\u00e9s. Les combats continueront jusqu\u2019au dimanche 26 septembre 2021 pour les phases finales.<\/p>\n<p>Notons qu\u2019avant ces comp\u00e9titions des para-taekwondo, onze (11) candidats dont cinq (5) de moins de 30 ans, quatre(4) de moins de quarante (40) ans, un (1) de moins de cinquante (50) ans et un (1) de moins de soixante (60) ans ont \u00e9t\u00e9 \u00e9valu\u00e9s en Self d\u00e9fense par un jury sp\u00e9cialis\u00e9.<\/p>\n<p>Apr\u00e8s deux passages, quatre (4) candidats sont qualifi\u00e9s pour la finale qui aura lieu \u00e9galement le dimanche 26 septembre 2021 au Palais de Sport de Niamey.<\/p>\n<p>&nbsp;<\/p>\n","protected":false},"excerpt":{"rendered":"<p>Africa-Press &#8211; Niger.\u00a0 La ligue nig\u00e9rienne de Taekwondo a organis\u00e9, ce vendredi 24 septembre 2021 au Palais de Sport de Niamey, des comp\u00e9titions de para-taekwondo et self-d\u00e9fense. Ces comp\u00e9titions se d\u00e9rouleront jusqu\u2019au dimanche 26 septembre prochain. Elles mettront aux prises neuf (9) candidats, tous des hommes, dont sept (7) issus des clubs de Niamey, un [&hellip;]<\/p>\n","protected":false},"author":82,"featured_media":12438,"comment_status":"open","ping_status":"closed","sticky":false,"template":"","format":"standard","meta":{"footnotes":""},"categories":[11,6,10],"tags":[55,60,29],"class_list":["post-12439","post","type-post","status-publish","format-standard","has-post-thumbnail","hentry","category-homepage-french","category-sports","category-toutes-les-actualites","tag-africa-press","tag-africa-press-niger","tag-niger"],"yoast_head":"<!-- This site is optimized with the Yoast SEO Premium plugin v26.1 (Yoast SEO v27.0) - https:\/\/yoast.com\/product\/yoast-seo-premium-wordpress\/ -->\n<title>Niamey accueille des comp\u00e9titions de para-taekwondo et de self-d\u00e9fense - niger<\/title>\n<meta name=\"description\" content=\", 24 Sept. (ANP) - La ligue nig\u00e9rienne de Taekwondo a organis\u00e9, ce vendredi 24 septembre 2021 au Palais de Sport de Niam ...\" \/>\n<meta name=\"robots\" content=\"index, follow, max-snippet:-1, max-image-preview:large, max-video-preview:-1\" \/>\n<link rel=\"canonical\" href=\"https:\/\/www.africa-press.net\/niger\/sports\/niamey-accueille-des-competitions-de-para-taekwondo-et-de-self-defense\" \/>\n<meta property=\"og:locale\" content=\"fr_FR\" \/>\n<meta property=\"og:type\" content=\"article\" \/>\n<meta property=\"og:title\" content=\"Niamey accueille des comp\u00e9titions de para-taekwondo et de self-d\u00e9fense\" \/>\n<meta property=\"og:description\" content=\", 24 Sept. (ANP) - La ligue nig\u00e9rienne de Taekwondo a organis\u00e9, ce vendredi 24 septembre 2021 au Palais de Sport de Niam ...\" \/>\n<meta property=\"og:url\" content=\"https:\/\/www.africa-press.net\/niger\/sports\/niamey-accueille-des-competitions-de-para-taekwondo-et-de-self-defense\" \/>\n<meta property=\"og:site_name\" content=\"niger\" \/>\n<meta property=\"article:published_time\" content=\"2021-09-25T13:31:58+00:00\" \/>\n<meta property=\"article:modified_time\" content=\"2021-09-25T18:11:41+00:00\" \/>\n<meta property=\"og:image\" content=\"https:\/\/static.africa-press.net\/niger\/sites\/40\/2021\/09\/img-614f22e1dcdd1.jpg\" \/>\n\t<meta property=\"og:image:width\" content=\"1000\" \/>\n\t<meta property=\"og:image:height\" content=\"450\" \/>\n\t<meta property=\"og:image:type\" content=\"image\/jpeg\" \/>\n<meta name=\"author\" content=\"cfeditorfr\" \/>\n<meta name=\"twitter:card\" content=\"summary_large_image\" \/>\n<meta name=\"twitter:label1\" content=\"\u00c9crit par\" \/>\n\t<meta name=\"twitter:data1\" content=\"cfeditorfr\" \/>\n\t<meta name=\"twitter:label2\" content=\"Dur\u00e9e de lecture estim\u00e9e\" \/>\n\t<meta name=\"twitter:data2\" content=\"2 minutes\" \/>\n<script type=\"application\/ld+json\" class=\"yoast-schema-graph\">{\"@context\":\"https:\/\/schema.org\",\"@graph\":[{\"@type\":\"Article\",\"@id\":\"https:\/\/www.africa-press.net\/niger\/sports\/niamey-accueille-des-competitions-de-para-taekwondo-et-de-self-defense#article\",\"isPartOf\":{\"@id\":\"https:\/\/www.africa-press.net\/niger\/sports\/niamey-accueille-des-competitions-de-para-taekwondo-et-de-self-defense\"},\"author\":{\"name\":\"cfeditorfr\",\"@id\":\"https:\/\/www.africa-press.net\/niger\/#\/schema\/person\/2b1cf3cd81a31e3cd26889ca66d677f1\"},\"headline\":\"Niamey accueille des comp\u00e9titions de para-taekwondo et de self-d\u00e9fense\",\"datePublished\":\"2021-09-25T13:31:58+00:00\",\"dateModified\":\"2021-09-25T18:11:41+00:00\",\"mainEntityOfPage\":{\"@id\":\"https:\/\/www.africa-press.net\/niger\/sports\/niamey-accueille-des-competitions-de-para-taekwondo-et-de-self-defense\"},\"wordCount\":263,\"commentCount\":0,\"image\":{\"@id\":\"https:\/\/www.africa-press.net\/niger\/sports\/niamey-accueille-des-competitions-de-para-taekwondo-et-de-self-defense#primaryimage\"},\"thumbnailUrl\":\"https:\/\/static.africa-press.net\/niger\/sites\/40\/2021\/09\/img-614f22e1dcdd1.jpg\",\"keywords\":[\"Africa Press\",\"Africa Press-Niger\",\"Niger\"],\"articleSection\":[\"homepage-french\",\"Sports\",\"Toutes les actualit\u00e9s\"],\"inLanguage\":\"fr-FR\",\"potentialAction\":[{\"@type\":\"CommentAction\",\"name\":\"Comment\",\"target\":[\"https:\/\/www.africa-press.net\/niger\/sports\/niamey-accueille-des-competitions-de-para-taekwondo-et-de-self-defense#respond\"]}]},{\"@type\":\"WebPage\",\"@id\":\"https:\/\/www.africa-press.net\/niger\/sports\/niamey-accueille-des-competitions-de-para-taekwondo-et-de-self-defense\",\"url\":\"https:\/\/www.africa-press.net\/niger\/sports\/niamey-accueille-des-competitions-de-para-taekwondo-et-de-self-defense\",\"name\":\"Niamey accueille des comp\u00e9titions de para-taekwondo et de self-d\u00e9fense - niger\",\"isPartOf\":{\"@id\":\"https:\/\/www.africa-press.net\/niger\/#website\"},\"primaryImageOfPage\":{\"@id\":\"https:\/\/www.africa-press.net\/niger\/sports\/niamey-accueille-des-competitions-de-para-taekwondo-et-de-self-defense#primaryimage\"},\"image\":{\"@id\":\"https:\/\/www.africa-press.net\/niger\/sports\/niamey-accueille-des-competitions-de-para-taekwondo-et-de-self-defense#primaryimage\"},\"thumbnailUrl\":\"https:\/\/static.africa-press.net\/niger\/sites\/40\/2021\/09\/img-614f22e1dcdd1.jpg\",\"datePublished\":\"2021-09-25T13:31:58+00:00\",\"dateModified\":\"2021-09-25T18:11:41+00:00\",\"author\":{\"@id\":\"https:\/\/www.africa-press.net\/niger\/#\/schema\/person\/2b1cf3cd81a31e3cd26889ca66d677f1\"},\"description\":\", 24 Sept. (ANP) - La ligue nig\u00e9rienne de Taekwondo a organis\u00e9, ce vendredi 24 septembre 2021 au Palais de Sport de Niam ...\",\"breadcrumb\":{\"@id\":\"https:\/\/www.africa-press.net\/niger\/sports\/niamey-accueille-des-competitions-de-para-taekwondo-et-de-self-defense#breadcrumb\"},\"inLanguage\":\"fr-FR\",\"potentialAction\":[{\"@type\":\"ReadAction\",\"target\":[\"https:\/\/www.africa-press.net\/niger\/sports\/niamey-accueille-des-competitions-de-para-taekwondo-et-de-self-defense\"]}]},{\"@type\":\"ImageObject\",\"inLanguage\":\"fr-FR\",\"@id\":\"https:\/\/www.africa-press.net\/niger\/sports\/niamey-accueille-des-competitions-de-para-taekwondo-et-de-self-defense#primaryimage\",\"url\":\"https:\/\/static.africa-press.net\/niger\/sites\/40\/2021\/09\/img-614f22e1dcdd1.jpg\",\"contentUrl\":\"https:\/\/static.africa-press.net\/niger\/sites\/40\/2021\/09\/img-614f22e1dcdd1.jpg\",\"width\":1000,\"height\":450,\"caption\":\"Niamey accueille des comp\u00e9titions de para-taekwondo et de self-d\u00e9fense\"},{\"@type\":\"BreadcrumbList\",\"@id\":\"https:\/\/www.africa-press.net\/niger\/sports\/niamey-accueille-des-competitions-de-para-taekwondo-et-de-self-defense#breadcrumb\",\"itemListElement\":[{\"@type\":\"ListItem\",\"position\":1,\"name\":\"Accueil\",\"item\":\"https:\/\/www.africa-press.net\/niger\/\"},{\"@type\":\"ListItem\",\"position\":2,\"name\":\"Niamey accueille des comp\u00e9titions de para-taekwondo et de self-d\u00e9fense\"}]},{\"@type\":\"WebSite\",\"@id\":\"https:\/\/www.africa-press.net\/niger\/#website\",\"url\":\"https:\/\/www.africa-press.net\/niger\/\",\"name\":\"niger\",\"description\":\"Just another Africa News Agency Sites site\",\"potentialAction\":[{\"@type\":\"SearchAction\",\"target\":{\"@type\":\"EntryPoint\",\"urlTemplate\":\"https:\/\/www.africa-press.net\/niger\/?s={search_term_string}\"},\"query-input\":{\"@type\":\"PropertyValueSpecification\",\"valueRequired\":true,\"valueName\":\"search_term_string\"}}],\"inLanguage\":\"fr-FR\"},{\"@type\":\"Person\",\"@id\":\"https:\/\/www.africa-press.net\/niger\/#\/schema\/person\/2b1cf3cd81a31e3cd26889ca66d677f1\",\"name\":\"cfeditorfr\"}]}<\/script>\n<!-- \/ Yoast SEO Premium plugin. -->","yoast_head_json":{"title":"Niamey accueille des comp\u00e9titions de para-taekwondo et de self-d\u00e9fense - niger","description":", 24 Sept. (ANP) - La ligue nig\u00e9rienne de Taekwondo a organis\u00e9, ce vendredi 24 septembre 2021 au Palais de Sport de Niam ...","robots":{"index":"index","follow":"follow","max-snippet":"max-snippet:-1","max-image-preview":"max-image-preview:large","max-video-preview":"max-video-preview:-1"},"canonical":"https:\/\/www.africa-press.net\/niger\/sports\/niamey-accueille-des-competitions-de-para-taekwondo-et-de-self-defense","og_locale":"fr_FR","og_type":"article","og_title":"Niamey accueille des comp\u00e9titions de para-taekwondo et de self-d\u00e9fense","og_description":", 24 Sept. (ANP) - La ligue nig\u00e9rienne de Taekwondo a organis\u00e9, ce vendredi 24 septembre 2021 au Palais de Sport de Niam ...","og_url":"https:\/\/www.africa-press.net\/niger\/sports\/niamey-accueille-des-competitions-de-para-taekwondo-et-de-self-defense","og_site_name":"niger","article_published_time":"2021-09-25T13:31:58+00:00","article_modified_time":"2021-09-25T18:11:41+00:00","og_image":[{"width":1000,"height":450,"url":"https:\/\/static.africa-press.net\/niger\/sites\/40\/2021\/09\/img-614f22e1dcdd1.jpg","type":"image\/jpeg"}],"author":"cfeditorfr","twitter_card":"summary_large_image","twitter_misc":{"\u00c9crit par":"cfeditorfr","Dur\u00e9e de lecture estim\u00e9e":"2 minutes"},"schema":{"@context":"https:\/\/schema.org","@graph":[{"@type":"Article","@id":"https:\/\/www.africa-press.net\/niger\/sports\/niamey-accueille-des-competitions-de-para-taekwondo-et-de-self-defense#article","isPartOf":{"@id":"https:\/\/www.africa-press.net\/niger\/sports\/niamey-accueille-des-competitions-de-para-taekwondo-et-de-self-defense"},"author":{"name":"cfeditorfr","@id":"https:\/\/www.africa-press.net\/niger\/#\/schema\/person\/2b1cf3cd81a31e3cd26889ca66d677f1"},"headline":"Niamey accueille des comp\u00e9titions de para-taekwondo et de self-d\u00e9fense","datePublished":"2021-09-25T13:31:58+00:00","dateModified":"2021-09-25T18:11:41+00:00","mainEntityOfPage":{"@id":"https:\/\/www.africa-press.net\/niger\/sports\/niamey-accueille-des-competitions-de-para-taekwondo-et-de-self-defense"},"wordCount":263,"commentCount":0,"image":{"@id":"https:\/\/www.africa-press.net\/niger\/sports\/niamey-accueille-des-competitions-de-para-taekwondo-et-de-self-defense#primaryimage"},"thumbnailUrl":"https:\/\/static.africa-press.net\/niger\/sites\/40\/2021\/09\/img-614f22e1dcdd1.jpg","keywords":["Africa Press","Africa Press-Niger","Niger"],"articleSection":["homepage-french","Sports","Toutes les actualit\u00e9s"],"inLanguage":"fr-FR","potentialAction":[{"@type":"CommentAction","name":"Comment","target":["https:\/\/www.africa-press.net\/niger\/sports\/niamey-accueille-des-competitions-de-para-taekwondo-et-de-self-defense#respond"]}]},{"@type":"WebPage","@id":"https:\/\/www.africa-press.net\/niger\/sports\/niamey-accueille-des-competitions-de-para-taekwondo-et-de-self-defense","url":"https:\/\/www.africa-press.net\/niger\/sports\/niamey-accueille-des-competitions-de-para-taekwondo-et-de-self-defense","name":"Niamey accueille des comp\u00e9titions de para-taekwondo et de self-d\u00e9fense - niger","isPartOf":{"@id":"https:\/\/www.africa-press.net\/niger\/#website"},"primaryImageOfPage":{"@id":"https:\/\/www.africa-press.net\/niger\/sports\/niamey-accueille-des-competitions-de-para-taekwondo-et-de-self-defense#primaryimage"},"image":{"@id":"https:\/\/www.africa-press.net\/niger\/sports\/niamey-accueille-des-competitions-de-para-taekwondo-et-de-self-defense#primaryimage"},"thumbnailUrl":"https:\/\/static.africa-press.net\/niger\/sites\/40\/2021\/09\/img-614f22e1dcdd1.jpg","datePublished":"2021-09-25T13:31:58+00:00","dateModified":"2021-09-25T18:11:41+00:00","author":{"@id":"https:\/\/www.africa-press.net\/niger\/#\/schema\/person\/2b1cf3cd81a31e3cd26889ca66d677f1"},"description":", 24 Sept. (ANP) - La ligue nig\u00e9rienne de Taekwondo a organis\u00e9, ce vendredi 24 septembre 2021 au Palais de Sport de Niam ...","breadcrumb":{"@id":"https:\/\/www.africa-press.net\/niger\/sports\/niamey-accueille-des-competitions-de-para-taekwondo-et-de-self-defense#breadcrumb"},"inLanguage":"fr-FR","potentialAction":[{"@type":"ReadAction","target":["https:\/\/www.africa-press.net\/niger\/sports\/niamey-accueille-des-competitions-de-para-taekwondo-et-de-self-defense"]}]},{"@type":"ImageObject","inLanguage":"fr-FR","@id":"https:\/\/www.africa-press.net\/niger\/sports\/niamey-accueille-des-competitions-de-para-taekwondo-et-de-self-defense#primaryimage","url":"https:\/\/static.africa-press.net\/niger\/sites\/40\/2021\/09\/img-614f22e1dcdd1.jpg","contentUrl":"https:\/\/static.africa-press.net\/niger\/sites\/40\/2021\/09\/img-614f22e1dcdd1.jpg","width":1000,"height":450,"caption":"Niamey accueille des comp\u00e9titions de para-taekwondo et de self-d\u00e9fense"},{"@type":"BreadcrumbList","@id":"https:\/\/www.africa-press.net\/niger\/sports\/niamey-accueille-des-competitions-de-para-taekwondo-et-de-self-defense#breadcrumb","itemListElement":[{"@type":"ListItem","position":1,"name":"Accueil","item":"https:\/\/www.africa-press.net\/niger\/"},{"@type":"ListItem","position":2,"name":"Niamey accueille des comp\u00e9titions de para-taekwondo et de self-d\u00e9fense"}]},{"@type":"WebSite","@id":"https:\/\/www.africa-press.net\/niger\/#website","url":"https:\/\/www.africa-press.net\/niger\/","name":"niger","description":"Just another Africa News Agency Sites site","potentialAction":[{"@type":"SearchAction","target":{"@type":"EntryPoint","urlTemplate":"https:\/\/www.africa-press.net\/niger\/?s={search_term_string}"},"query-input":{"@type":"PropertyValueSpecification","valueRequired":true,"valueName":"search_term_string"}}],"inLanguage":"fr-FR"},{"@type":"Person","@id":"https:\/\/www.africa-press.net\/niger\/#\/schema\/person\/2b1cf3cd81a31e3cd26889ca66d677f1","name":"cfeditorfr"}]}},"_links":{"self":[{"href":"https:\/\/www.africa-press.net\/niger\/wp-json\/wp\/v2\/posts\/12439","targetHints":{"allow":["GET"]}}],"collection":[{"href":"https:\/\/www.africa-press.net\/niger\/wp-json\/wp\/v2\/posts"}],"about":[{"href":"https:\/\/www.africa-press.net\/niger\/wp-json\/wp\/v2\/types\/post"}],"author":[{"embeddable":true,"href":"https:\/\/www.africa-press.net\/niger\/wp-json\/wp\/v2\/users\/82"}],"replies":[{"embeddable":true,"href":"https:\/\/www.africa-press.net\/niger\/wp-json\/wp\/v2\/comments?post=12439"}],"version-history":[{"count":0,"href":"https:\/\/www.africa-press.net\/niger\/wp-json\/wp\/v2\/posts\/12439\/revisions"}],"wp:featuredmedia":[{"embeddable":true,"href":"https:\/\/www.africa-press.net\/niger\/wp-json\/wp\/v2\/media\/12438"}],"wp:attachment":[{"href":"https:\/\/www.africa-press.net\/niger\/wp-json\/wp\/v2\/media?parent=12439"}],"wp:term":[{"taxonomy":"category","embeddable":true,"href":"https:\/\/www.africa-press.net\/niger\/wp-json\/wp\/v2\/categories?post=12439"},{"taxonomy":"post_tag","embeddable":true,"href":"https:\/\/www.africa-press.net\/niger\/wp-json\/wp\/v2\/tags?post=12439"}],"curies":[{"name":"wp","href":"https:\/\/api.w.org\/{rel}","templated":true}]}}