{"id":12457,"date":"2021-09-25T17:27:24","date_gmt":"2021-09-25T17:27:24","guid":{"rendered":"https:\/\/www.africa-press.net\/niger\/politique\/niamey-la-reforme-des-factures-certifiees-au-centre-dune-rencontre-entre-la-direction-generale-des-impots-et-les-chefs-dentreprises-2"},"modified":"2021-09-25T18:13:12","modified_gmt":"2021-09-25T18:13:12","slug":"niamey-la-reforme-des-factures-certifiees-au-centre-dune-rencontre-entre-la-direction-generale-des-impots-et-les-chefs-dentreprises-2","status":"publish","type":"post","link":"https:\/\/www.africa-press.net\/niger\/politique\/niamey-la-reforme-des-factures-certifiees-au-centre-dune-rencontre-entre-la-direction-generale-des-impots-et-les-chefs-dentreprises-2","title":{"rendered":"La r\u00e9forme des factures certifi\u00e9es au centre d\u2019une rencontre entre la direction g\u00e9n\u00e9rale des imp\u00f4ts et les chefs d\u2019entreprises"},"content":{"rendered":"<p><span style=\"color: #ff6600\"><strong><a href=\"https:\/\/www.africa-press.net\/\">Africa-Press<\/a> &#8211; <a href=\"https:\/\/www.africa-press.net\/niger\">Niger<\/a>. <\/strong><\/span>La direction g\u00e9n\u00e9rale des imp\u00f4ts du Niger a rencontr\u00e9, ce samedi 25 septembre 2021, les chefs d\u2019entreprise avec au centre des discussions la r\u00e9forme sur les factures certifi\u00e9es.<\/p>\n<p>Introduite depuis le 1er octobre 2020 au Niger par la direction g\u00e9n\u00e9rale des imp\u00f4ts, la r\u00e9forme sur la facture certifi\u00e9e vise \u00e0 instaurer un climat de confiance et de partenariat entre ladite Direction et les entreprises citoyennes, soucieuses du d\u00e9veloppement de leurs activit\u00e9s dans le respect des lois de la R\u00e9publique.<\/p>\n<p>Par cette r\u00e9forme le Gouvernement entend am\u00e9liorer la mobilisation des ressources fiscales \u00e0 travers notamment le contr\u00f4le de la facturation de la TVA par l\u2019utilisation des nouvelles technologies et en permettant une concurrence plus saine entre les op\u00e9rateurs \u00e9conomiques.<\/p>\n<p>Dans son mot pr\u00e9liminaire \u00e0 l\u2019occasion de cette rencontre, le Ministre des finances, Ahmat Jidoud a rappel\u00e9 que depuis quelques ann\u00e9es, le gouvernement nig\u00e9rien s\u2019est engag\u00e9 dans une s\u00e9rie de r\u00e9formes dans le secteur des finances publiques, le but \u00e9tant de rendre \u2018\u2019notre administration des finances plus efficace et plus moderne pour une mobilisation importante des ressources et une meilleure efficacit\u00e9 de la d\u00e9pense afin de renforcer la viabilit\u00e9 de nos finances publiques et nos capacit\u00e9s de d\u00e9livrance des services publics\u2019\u2019.<\/p>\n<p>C\u2019est donc pour maitriser les proc\u00e9dures et l\u2019assiette fiscales que la direction g\u00e9n\u00e9rale des imp\u00f4ts a opt\u00e9 pour l\u2019utilisation des Syst\u00e8mes Electroniques Certifi\u00e9s de Facturation (SECeF) qui devront \u2018\u2019d\u00e9sormais \u00eatre utilis\u00e9s pour \u00e9mettre les factures certifi\u00e9es conform\u00e9ment \u00e0 la Loi de Finances 2020\u2019\u2019 a indiqu\u00e9 le Ministre des finances.<\/p>\n<p>Il s\u2019agit donc, selon toujours Ahmat Jidoud, \u2018\u2019d\u2019une obligation qui est faite \u00e0 toutes les personnes assujetties de mettre en place un syst\u00e8me \u00e9lectronique certifi\u00e9 de facturation et de d\u00e9livrer \u00e0 leurs clients des factures certifi\u00e9es \u00e0 l\u2019occasion des ventes de biens et de services\u2019\u2019.<\/p>\n<p>\u2018\u2019La r\u00e9forme de la facture certifi\u00e9e participe donc de la volont\u00e9 du Gouvernement d\u2019am\u00e9liorer la mobilisation des ressources fiscales \u00e0 travers notamment le contr\u00f4le de la facturation de la TVA par l\u2019utilisation des nouvelles technologies. Elle vise aussi une concurrence plus saine entre les op\u00e9rateurs \u00e9conomiques\u2019\u2019 a poursuivi le Ministre des finances qui a pr\u00e9cis\u00e9 que \u2018\u2019la TVA est une taxe tr\u00e8s importante dans le dispositif de mobilisation de ressources dans notre pays\u2019\u2019 tout autant qu\u2019elle est \u2018\u2019une contribution du consommateur aux \u0153uvres de modernisation de notre pays, que \u00e7a soit la construction des routes, des h\u00f4pitaux, des \u00e9coles, la s\u00e9curit\u00e9, en somme toutes les d\u00e9penses destin\u00e9es \u00e0 la provision des services sociaux de base\u2019\u2019.<\/p>\n<p>Le Ministre des finances de souligner que cette rencontre a pour but de \u2018\u2019permettre aux entreprises d\u2019en savoir un peu plus sur cette r\u00e9forme essentiellement li\u00e9e \u00e0 la s\u00e9curisation de la TVA et \u00e0 l\u2019utilisation des outils de bonne gouvernance\u2019\u2019 tout comme elle constitue un cadre \u2018\u2019d\u2019information et d\u2019\u00e9changes\u2019\u2019 qui permettra de cerner davantage le contenu de la participation des chefs d\u2019entreprise au succ\u00e8s de la r\u00e9forme des factures certifi\u00e9es.<\/p>\n<p>Cependant, a rassur\u00e9 le Ministre Jidoud, \u2018\u2019la r\u00e9forme des factures certifi\u00e9es n\u2019est nullement un nouvel imp\u00f4t et ne saurait jamais \u00eatre consid\u00e9r\u00e9 comme tel, ni l\u2019augmentation des imp\u00f4ts existants et ne peut non plus induire l\u2019augmentation du prix des produits sur le march\u00e9\u2019\u2019.<\/p>\n","protected":false},"excerpt":{"rendered":"<p>Africa-Press &#8211; Niger. La direction g\u00e9n\u00e9rale des imp\u00f4ts du Niger a rencontr\u00e9, ce samedi 25 septembre 2021, les chefs d\u2019entreprise avec au centre des discussions la r\u00e9forme sur les factures certifi\u00e9es. Introduite depuis le 1er octobre 2020 au Niger par la direction g\u00e9n\u00e9rale des imp\u00f4ts, la r\u00e9forme sur la facture certifi\u00e9e vise \u00e0 instaurer un [&hellip;]<\/p>\n","protected":false},"author":82,"featured_media":12455,"comment_status":"open","ping_status":"closed","sticky":false,"template":"","format":"standard","meta":{"footnotes":""},"categories":[3,11,2,20,10],"tags":[55,60,594,595,29],"class_list":["post-12457","post","type-post","status-publish","format-standard","has-post-thumbnail","hentry","category-economie","category-homepage-french","category-politique","category-top-nouvelles","category-toutes-les-actualites","tag-africa-press","tag-africa-press-niger","tag-dentreprises","tag-generale","tag-niger"],"yoast_head":"<!-- This site is optimized with the Yoast SEO Premium plugin v26.1 (Yoast SEO v27.0) - https:\/\/yoast.com\/product\/yoast-seo-premium-wordpress\/ -->\n<title>La r\u00e9forme des factures certifi\u00e9es au centre d\u2019une rencontre entre la direction g\u00e9n\u00e9rale des imp\u00f4ts et les chefs d\u2019entreprises - niger<\/title>\n<meta name=\"description\" content=\"La direction g\u00e9n\u00e9rale des imp\u00f4ts du Niger a rencontr\u00e9, ce samedi 25 septembre 2021, les chefs d\u2019entreprise avec au centr ...\" \/>\n<meta name=\"robots\" content=\"index, follow, max-snippet:-1, max-image-preview:large, max-video-preview:-1\" \/>\n<link rel=\"canonical\" href=\"https:\/\/www.africa-press.net\/niger\/politique\/niamey-la-reforme-des-factures-certifiees-au-centre-dune-rencontre-entre-la-direction-generale-des-impots-et-les-chefs-dentreprises-2\" \/>\n<meta property=\"og:locale\" content=\"fr_FR\" \/>\n<meta property=\"og:type\" content=\"article\" \/>\n<meta property=\"og:title\" content=\"La r\u00e9forme des factures certifi\u00e9es au centre d\u2019une rencontre entre la direction g\u00e9n\u00e9rale des imp\u00f4ts et les chefs d\u2019entreprises\" \/>\n<meta property=\"og:description\" content=\"La direction g\u00e9n\u00e9rale des imp\u00f4ts du Niger a rencontr\u00e9, ce samedi 25 septembre 2021, les chefs d\u2019entreprise avec au centr ...\" \/>\n<meta property=\"og:url\" content=\"https:\/\/www.africa-press.net\/niger\/politique\/niamey-la-reforme-des-factures-certifiees-au-centre-dune-rencontre-entre-la-direction-generale-des-impots-et-les-chefs-dentreprises-2\" \/>\n<meta property=\"og:site_name\" content=\"niger\" \/>\n<meta property=\"article:published_time\" content=\"2021-09-25T17:27:24+00:00\" \/>\n<meta property=\"article:modified_time\" content=\"2021-09-25T18:13:12+00:00\" \/>\n<meta property=\"og:image\" content=\"https:\/\/static.africa-press.net\/niger\/sites\/40\/2021\/09\/img-614f5c7187e84.jpg\" \/>\n\t<meta property=\"og:image:width\" content=\"864\" \/>\n\t<meta property=\"og:image:height\" content=\"1152\" \/>\n\t<meta property=\"og:image:type\" content=\"image\/jpeg\" \/>\n<meta name=\"author\" content=\"cfeditorfr\" \/>\n<meta name=\"twitter:card\" content=\"summary_large_image\" \/>\n<meta name=\"twitter:label1\" content=\"\u00c9crit par\" \/>\n\t<meta name=\"twitter:data1\" content=\"cfeditorfr\" \/>\n\t<meta name=\"twitter:label2\" content=\"Dur\u00e9e de lecture estim\u00e9e\" \/>\n\t<meta name=\"twitter:data2\" content=\"3 minutes\" \/>\n<script type=\"application\/ld+json\" class=\"yoast-schema-graph\">{\"@context\":\"https:\/\/schema.org\",\"@graph\":[{\"@type\":\"Article\",\"@id\":\"https:\/\/www.africa-press.net\/niger\/politique\/niamey-la-reforme-des-factures-certifiees-au-centre-dune-rencontre-entre-la-direction-generale-des-impots-et-les-chefs-dentreprises-2#article\",\"isPartOf\":{\"@id\":\"https:\/\/www.africa-press.net\/niger\/politique\/niamey-la-reforme-des-factures-certifiees-au-centre-dune-rencontre-entre-la-direction-generale-des-impots-et-les-chefs-dentreprises-2\"},\"author\":{\"name\":\"cfeditorfr\",\"@id\":\"https:\/\/www.africa-press.net\/niger\/#\/schema\/person\/2b1cf3cd81a31e3cd26889ca66d677f1\"},\"headline\":\"La r\u00e9forme des factures certifi\u00e9es au centre d\u2019une rencontre entre la direction g\u00e9n\u00e9rale des imp\u00f4ts et les chefs d\u2019entreprises\",\"datePublished\":\"2021-09-25T17:27:24+00:00\",\"dateModified\":\"2021-09-25T18:13:12+00:00\",\"mainEntityOfPage\":{\"@id\":\"https:\/\/www.africa-press.net\/niger\/politique\/niamey-la-reforme-des-factures-certifiees-au-centre-dune-rencontre-entre-la-direction-generale-des-impots-et-les-chefs-dentreprises-2\"},\"wordCount\":616,\"commentCount\":0,\"image\":{\"@id\":\"https:\/\/www.africa-press.net\/niger\/politique\/niamey-la-reforme-des-factures-certifiees-au-centre-dune-rencontre-entre-la-direction-generale-des-impots-et-les-chefs-dentreprises-2#primaryimage\"},\"thumbnailUrl\":\"https:\/\/static.africa-press.net\/niger\/sites\/40\/2021\/09\/img-614f5c7187e84.jpg\",\"keywords\":[\"Africa Press\",\"Africa Press-Niger\",\"d\u2019entreprises\",\"g\u00e9n\u00e9rale\",\"Niger\"],\"articleSection\":[\"\u00c9conomie\",\"homepage-french\",\"Politique\",\"Top Nouvelles\",\"Toutes les actualit\u00e9s\"],\"inLanguage\":\"fr-FR\",\"potentialAction\":[{\"@type\":\"CommentAction\",\"name\":\"Comment\",\"target\":[\"https:\/\/www.africa-press.net\/niger\/politique\/niamey-la-reforme-des-factures-certifiees-au-centre-dune-rencontre-entre-la-direction-generale-des-impots-et-les-chefs-dentreprises-2#respond\"]}]},{\"@type\":\"WebPage\",\"@id\":\"https:\/\/www.africa-press.net\/niger\/politique\/niamey-la-reforme-des-factures-certifiees-au-centre-dune-rencontre-entre-la-direction-generale-des-impots-et-les-chefs-dentreprises-2\",\"url\":\"https:\/\/www.africa-press.net\/niger\/politique\/niamey-la-reforme-des-factures-certifiees-au-centre-dune-rencontre-entre-la-direction-generale-des-impots-et-les-chefs-dentreprises-2\",\"name\":\"La r\u00e9forme des factures certifi\u00e9es au centre d\u2019une rencontre entre la direction g\u00e9n\u00e9rale des imp\u00f4ts et les chefs d\u2019entreprises - niger\",\"isPartOf\":{\"@id\":\"https:\/\/www.africa-press.net\/niger\/#website\"},\"primaryImageOfPage\":{\"@id\":\"https:\/\/www.africa-press.net\/niger\/politique\/niamey-la-reforme-des-factures-certifiees-au-centre-dune-rencontre-entre-la-direction-generale-des-impots-et-les-chefs-dentreprises-2#primaryimage\"},\"image\":{\"@id\":\"https:\/\/www.africa-press.net\/niger\/politique\/niamey-la-reforme-des-factures-certifiees-au-centre-dune-rencontre-entre-la-direction-generale-des-impots-et-les-chefs-dentreprises-2#primaryimage\"},\"thumbnailUrl\":\"https:\/\/static.africa-press.net\/niger\/sites\/40\/2021\/09\/img-614f5c7187e84.jpg\",\"datePublished\":\"2021-09-25T17:27:24+00:00\",\"dateModified\":\"2021-09-25T18:13:12+00:00\",\"author\":{\"@id\":\"https:\/\/www.africa-press.net\/niger\/#\/schema\/person\/2b1cf3cd81a31e3cd26889ca66d677f1\"},\"description\":\"La direction g\u00e9n\u00e9rale des imp\u00f4ts du Niger a rencontr\u00e9, ce samedi 25 septembre 2021, les chefs d\u2019entreprise avec au centr ...\",\"breadcrumb\":{\"@id\":\"https:\/\/www.africa-press.net\/niger\/politique\/niamey-la-reforme-des-factures-certifiees-au-centre-dune-rencontre-entre-la-direction-generale-des-impots-et-les-chefs-dentreprises-2#breadcrumb\"},\"inLanguage\":\"fr-FR\",\"potentialAction\":[{\"@type\":\"ReadAction\",\"target\":[\"https:\/\/www.africa-press.net\/niger\/politique\/niamey-la-reforme-des-factures-certifiees-au-centre-dune-rencontre-entre-la-direction-generale-des-impots-et-les-chefs-dentreprises-2\"]}]},{\"@type\":\"ImageObject\",\"inLanguage\":\"fr-FR\",\"@id\":\"https:\/\/www.africa-press.net\/niger\/politique\/niamey-la-reforme-des-factures-certifiees-au-centre-dune-rencontre-entre-la-direction-generale-des-impots-et-les-chefs-dentreprises-2#primaryimage\",\"url\":\"https:\/\/static.africa-press.net\/niger\/sites\/40\/2021\/09\/img-614f5c7187e84.jpg\",\"contentUrl\":\"https:\/\/static.africa-press.net\/niger\/sites\/40\/2021\/09\/img-614f5c7187e84.jpg\",\"width\":864,\"height\":1152,\"caption\":\"Niamey : La r\u00e9forme des factures certifi\u00e9es au centre d\u2019une rencontre entre la direction g\u00e9n\u00e9rale des imp\u00f4ts et les chefs d\u2019entreprises\"},{\"@type\":\"BreadcrumbList\",\"@id\":\"https:\/\/www.africa-press.net\/niger\/politique\/niamey-la-reforme-des-factures-certifiees-au-centre-dune-rencontre-entre-la-direction-generale-des-impots-et-les-chefs-dentreprises-2#breadcrumb\",\"itemListElement\":[{\"@type\":\"ListItem\",\"position\":1,\"name\":\"Accueil\",\"item\":\"https:\/\/www.africa-press.net\/niger\/\"},{\"@type\":\"ListItem\",\"position\":2,\"name\":\"La r\u00e9forme des factures certifi\u00e9es au centre d\u2019une rencontre entre la direction g\u00e9n\u00e9rale des imp\u00f4ts et les chefs d\u2019entreprises\"}]},{\"@type\":\"WebSite\",\"@id\":\"https:\/\/www.africa-press.net\/niger\/#website\",\"url\":\"https:\/\/www.africa-press.net\/niger\/\",\"name\":\"niger\",\"description\":\"Just another Africa News Agency Sites site\",\"potentialAction\":[{\"@type\":\"SearchAction\",\"target\":{\"@type\":\"EntryPoint\",\"urlTemplate\":\"https:\/\/www.africa-press.net\/niger\/?s={search_term_string}\"},\"query-input\":{\"@type\":\"PropertyValueSpecification\",\"valueRequired\":true,\"valueName\":\"search_term_string\"}}],\"inLanguage\":\"fr-FR\"},{\"@type\":\"Person\",\"@id\":\"https:\/\/www.africa-press.net\/niger\/#\/schema\/person\/2b1cf3cd81a31e3cd26889ca66d677f1\",\"name\":\"cfeditorfr\"}]}<\/script>\n<!-- \/ Yoast SEO Premium plugin. -->","yoast_head_json":{"title":"La r\u00e9forme des factures certifi\u00e9es au centre d\u2019une rencontre entre la direction g\u00e9n\u00e9rale des imp\u00f4ts et les chefs d\u2019entreprises - niger","description":"La direction g\u00e9n\u00e9rale des imp\u00f4ts du Niger a rencontr\u00e9, ce samedi 25 septembre 2021, les chefs d\u2019entreprise avec au centr ...","robots":{"index":"index","follow":"follow","max-snippet":"max-snippet:-1","max-image-preview":"max-image-preview:large","max-video-preview":"max-video-preview:-1"},"canonical":"https:\/\/www.africa-press.net\/niger\/politique\/niamey-la-reforme-des-factures-certifiees-au-centre-dune-rencontre-entre-la-direction-generale-des-impots-et-les-chefs-dentreprises-2","og_locale":"fr_FR","og_type":"article","og_title":"La r\u00e9forme des factures certifi\u00e9es au centre d\u2019une rencontre entre la direction g\u00e9n\u00e9rale des imp\u00f4ts et les chefs d\u2019entreprises","og_description":"La direction g\u00e9n\u00e9rale des imp\u00f4ts du Niger a rencontr\u00e9, ce samedi 25 septembre 2021, les chefs d\u2019entreprise avec au centr ...","og_url":"https:\/\/www.africa-press.net\/niger\/politique\/niamey-la-reforme-des-factures-certifiees-au-centre-dune-rencontre-entre-la-direction-generale-des-impots-et-les-chefs-dentreprises-2","og_site_name":"niger","article_published_time":"2021-09-25T17:27:24+00:00","article_modified_time":"2021-09-25T18:13:12+00:00","og_image":[{"width":864,"height":1152,"url":"https:\/\/static.africa-press.net\/niger\/sites\/40\/2021\/09\/img-614f5c7187e84.jpg","type":"image\/jpeg"}],"author":"cfeditorfr","twitter_card":"summary_large_image","twitter_misc":{"\u00c9crit par":"cfeditorfr","Dur\u00e9e de lecture estim\u00e9e":"3 minutes"},"schema":{"@context":"https:\/\/schema.org","@graph":[{"@type":"Article","@id":"https:\/\/www.africa-press.net\/niger\/politique\/niamey-la-reforme-des-factures-certifiees-au-centre-dune-rencontre-entre-la-direction-generale-des-impots-et-les-chefs-dentreprises-2#article","isPartOf":{"@id":"https:\/\/www.africa-press.net\/niger\/politique\/niamey-la-reforme-des-factures-certifiees-au-centre-dune-rencontre-entre-la-direction-generale-des-impots-et-les-chefs-dentreprises-2"},"author":{"name":"cfeditorfr","@id":"https:\/\/www.africa-press.net\/niger\/#\/schema\/person\/2b1cf3cd81a31e3cd26889ca66d677f1"},"headline":"La r\u00e9forme des factures certifi\u00e9es au centre d\u2019une rencontre entre la direction g\u00e9n\u00e9rale des imp\u00f4ts et les chefs d\u2019entreprises","datePublished":"2021-09-25T17:27:24+00:00","dateModified":"2021-09-25T18:13:12+00:00","mainEntityOfPage":{"@id":"https:\/\/www.africa-press.net\/niger\/politique\/niamey-la-reforme-des-factures-certifiees-au-centre-dune-rencontre-entre-la-direction-generale-des-impots-et-les-chefs-dentreprises-2"},"wordCount":616,"commentCount":0,"image":{"@id":"https:\/\/www.africa-press.net\/niger\/politique\/niamey-la-reforme-des-factures-certifiees-au-centre-dune-rencontre-entre-la-direction-generale-des-impots-et-les-chefs-dentreprises-2#primaryimage"},"thumbnailUrl":"https:\/\/static.africa-press.net\/niger\/sites\/40\/2021\/09\/img-614f5c7187e84.jpg","keywords":["Africa Press","Africa Press-Niger","d\u2019entreprises","g\u00e9n\u00e9rale","Niger"],"articleSection":["\u00c9conomie","homepage-french","Politique","Top Nouvelles","Toutes les actualit\u00e9s"],"inLanguage":"fr-FR","potentialAction":[{"@type":"CommentAction","name":"Comment","target":["https:\/\/www.africa-press.net\/niger\/politique\/niamey-la-reforme-des-factures-certifiees-au-centre-dune-rencontre-entre-la-direction-generale-des-impots-et-les-chefs-dentreprises-2#respond"]}]},{"@type":"WebPage","@id":"https:\/\/www.africa-press.net\/niger\/politique\/niamey-la-reforme-des-factures-certifiees-au-centre-dune-rencontre-entre-la-direction-generale-des-impots-et-les-chefs-dentreprises-2","url":"https:\/\/www.africa-press.net\/niger\/politique\/niamey-la-reforme-des-factures-certifiees-au-centre-dune-rencontre-entre-la-direction-generale-des-impots-et-les-chefs-dentreprises-2","name":"La r\u00e9forme des factures certifi\u00e9es au centre d\u2019une rencontre entre la direction g\u00e9n\u00e9rale des imp\u00f4ts et les chefs d\u2019entreprises - niger","isPartOf":{"@id":"https:\/\/www.africa-press.net\/niger\/#website"},"primaryImageOfPage":{"@id":"https:\/\/www.africa-press.net\/niger\/politique\/niamey-la-reforme-des-factures-certifiees-au-centre-dune-rencontre-entre-la-direction-generale-des-impots-et-les-chefs-dentreprises-2#primaryimage"},"image":{"@id":"https:\/\/www.africa-press.net\/niger\/politique\/niamey-la-reforme-des-factures-certifiees-au-centre-dune-rencontre-entre-la-direction-generale-des-impots-et-les-chefs-dentreprises-2#primaryimage"},"thumbnailUrl":"https:\/\/static.africa-press.net\/niger\/sites\/40\/2021\/09\/img-614f5c7187e84.jpg","datePublished":"2021-09-25T17:27:24+00:00","dateModified":"2021-09-25T18:13:12+00:00","author":{"@id":"https:\/\/www.africa-press.net\/niger\/#\/schema\/person\/2b1cf3cd81a31e3cd26889ca66d677f1"},"description":"La direction g\u00e9n\u00e9rale des imp\u00f4ts du Niger a rencontr\u00e9, ce samedi 25 septembre 2021, les chefs d\u2019entreprise avec au centr ...","breadcrumb":{"@id":"https:\/\/www.africa-press.net\/niger\/politique\/niamey-la-reforme-des-factures-certifiees-au-centre-dune-rencontre-entre-la-direction-generale-des-impots-et-les-chefs-dentreprises-2#breadcrumb"},"inLanguage":"fr-FR","potentialAction":[{"@type":"ReadAction","target":["https:\/\/www.africa-press.net\/niger\/politique\/niamey-la-reforme-des-factures-certifiees-au-centre-dune-rencontre-entre-la-direction-generale-des-impots-et-les-chefs-dentreprises-2"]}]},{"@type":"ImageObject","inLanguage":"fr-FR","@id":"https:\/\/www.africa-press.net\/niger\/politique\/niamey-la-reforme-des-factures-certifiees-au-centre-dune-rencontre-entre-la-direction-generale-des-impots-et-les-chefs-dentreprises-2#primaryimage","url":"https:\/\/static.africa-press.net\/niger\/sites\/40\/2021\/09\/img-614f5c7187e84.jpg","contentUrl":"https:\/\/static.africa-press.net\/niger\/sites\/40\/2021\/09\/img-614f5c7187e84.jpg","width":864,"height":1152,"caption":"Niamey : La r\u00e9forme des factures certifi\u00e9es au centre d\u2019une rencontre entre la direction g\u00e9n\u00e9rale des imp\u00f4ts et les chefs d\u2019entreprises"},{"@type":"BreadcrumbList","@id":"https:\/\/www.africa-press.net\/niger\/politique\/niamey-la-reforme-des-factures-certifiees-au-centre-dune-rencontre-entre-la-direction-generale-des-impots-et-les-chefs-dentreprises-2#breadcrumb","itemListElement":[{"@type":"ListItem","position":1,"name":"Accueil","item":"https:\/\/www.africa-press.net\/niger\/"},{"@type":"ListItem","position":2,"name":"La r\u00e9forme des factures certifi\u00e9es au centre d\u2019une rencontre entre la direction g\u00e9n\u00e9rale des imp\u00f4ts et les chefs d\u2019entreprises"}]},{"@type":"WebSite","@id":"https:\/\/www.africa-press.net\/niger\/#website","url":"https:\/\/www.africa-press.net\/niger\/","name":"niger","description":"Just another Africa News Agency Sites site","potentialAction":[{"@type":"SearchAction","target":{"@type":"EntryPoint","urlTemplate":"https:\/\/www.africa-press.net\/niger\/?s={search_term_string}"},"query-input":{"@type":"PropertyValueSpecification","valueRequired":true,"valueName":"search_term_string"}}],"inLanguage":"fr-FR"},{"@type":"Person","@id":"https:\/\/www.africa-press.net\/niger\/#\/schema\/person\/2b1cf3cd81a31e3cd26889ca66d677f1","name":"cfeditorfr"}]}},"_links":{"self":[{"href":"https:\/\/www.africa-press.net\/niger\/wp-json\/wp\/v2\/posts\/12457","targetHints":{"allow":["GET"]}}],"collection":[{"href":"https:\/\/www.africa-press.net\/niger\/wp-json\/wp\/v2\/posts"}],"about":[{"href":"https:\/\/www.africa-press.net\/niger\/wp-json\/wp\/v2\/types\/post"}],"author":[{"embeddable":true,"href":"https:\/\/www.africa-press.net\/niger\/wp-json\/wp\/v2\/users\/82"}],"replies":[{"embeddable":true,"href":"https:\/\/www.africa-press.net\/niger\/wp-json\/wp\/v2\/comments?post=12457"}],"version-history":[{"count":0,"href":"https:\/\/www.africa-press.net\/niger\/wp-json\/wp\/v2\/posts\/12457\/revisions"}],"wp:featuredmedia":[{"embeddable":true,"href":"https:\/\/www.africa-press.net\/niger\/wp-json\/wp\/v2\/media\/12455"}],"wp:attachment":[{"href":"https:\/\/www.africa-press.net\/niger\/wp-json\/wp\/v2\/media?parent=12457"}],"wp:term":[{"taxonomy":"category","embeddable":true,"href":"https:\/\/www.africa-press.net\/niger\/wp-json\/wp\/v2\/categories?post=12457"},{"taxonomy":"post_tag","embeddable":true,"href":"https:\/\/www.africa-press.net\/niger\/wp-json\/wp\/v2\/tags?post=12457"}],"curies":[{"name":"wp","href":"https:\/\/api.w.org\/{rel}","templated":true}]}}