{"id":12508,"date":"2021-09-29T12:47:14","date_gmt":"2021-09-29T12:47:14","guid":{"rendered":"https:\/\/www.africa-press.net\/niger\/?p=12508"},"modified":"2021-09-30T06:34:58","modified_gmt":"2021-09-30T06:34:58","slug":"niger-le-president-mohamed-bazoum-recoit-une-delegation-des-participants-a-latelier-regional-panafricain-sur-la-protection-des-civils","status":"publish","type":"post","link":"https:\/\/www.africa-press.net\/niger\/politique\/niger-le-president-mohamed-bazoum-recoit-une-delegation-des-participants-a-latelier-regional-panafricain-sur-la-protection-des-civils","title":{"rendered":"Le Pr\u00e9sident Mohamed Bazoum re\u00e7oit une d\u00e9l\u00e9gation des participants \u00e0 l\u2019Atelier R\u00e9gional Panafricain sur la protection des civils"},"content":{"rendered":"<p><span style=\"color: #ff6600\"><strong><a href=\"https:\/\/www.africa-press.net\/\">Africa-Press<\/a> &#8211; <a href=\"https:\/\/www.africa-press.net\/niger\">Niger<\/a>. <\/strong><\/span>Le Pr\u00e9sident de la R\u00e9publique Mohamed Bazoum a re\u00e7u, en d\u00e9but d\u2019apr\u00e8s-midi de ce mardi 28 septembre 2021, les participants \u00e0 l\u2019atelier r\u00e9gional panafricain sur la protection des civils dont les travaux se d\u00e9roulent \u00e0 Niamey du 28 au 29 septembre 2021.<\/p>\n<p>Aucune d\u00e9claration n\u2019a \u00e9t\u00e9 faite \u00e0 la presse au sortir de l\u2019audience avec le Chef de l&rsquo;\u00c9tat Nig\u00e9rien.<\/p>\n<p>Selon une note d\u2019information sur l\u2019atelier, il a \u00e9t\u00e9 annonc\u00e9 que cette rencontre de Niamey est organis\u00e9e par le Centre pour les Civils en Conflit (CIVIC) sous le patronage du Minist\u00e8re de la D\u00e9fense Nationale du Niger, en collaboration avec l\u2019\u00e9cole de guerre du Nigeria.<\/p>\n<p>L\u2019objectif de cet atelier est de r\u00e9unir autour d\u2019une table des officiers g\u00e9n\u00e9raux et sup\u00e9rieurs des onze pays, de deux coalitions militaires, des \u00e9coles de formation militaire et des organisations r\u00e9gionales et internationales d\u2019Afrique pour des \u00e9changes et une capitalisation de bonnes pratiques sur le continent en mati\u00e8re de protection des civils.<\/p>\n<p>Le document pr\u00e9cise que l\u2019atelier vise, entre autre, \u00e0 permettre aux officiers g\u00e9n\u00e9raux et sup\u00e9rieurs et aux praticiens \u00e0 tous les niveaux de partager les le\u00e7ons apprises au fil des ans dans le processus de protection des civils dans leurs zones d\u2019op\u00e9rations ; fournir un moyen aux parties prenantes d\u2019\u00e9changer des id\u00e9es sur l\u2019am\u00e9lioration des relations civilo-militaires en vue d\u2019une meilleures protection de civils.<\/p>\n<p>Le CIVIC, note-t-on, est une organisation ind\u00e9pendante internationale et non gouvernementale avec pour mission de travailler avec des Forces arm\u00e9es et des civils dans des zones de conflit pour d\u00e9velopper et mettre en \u0153uvre des solutions visant \u00e0 pr\u00e9venir, att\u00e9nuer et r\u00e9parer les dommages caus\u00e9s aux civils.<\/p>\n<p>&nbsp;<\/p>\n","protected":false},"excerpt":{"rendered":"<p>Africa-Press &#8211; Niger. Le Pr\u00e9sident de la R\u00e9publique Mohamed Bazoum a re\u00e7u, en d\u00e9but d\u2019apr\u00e8s-midi de ce mardi 28 septembre 2021, les participants \u00e0 l\u2019atelier r\u00e9gional panafricain sur la protection des civils dont les travaux se d\u00e9roulent \u00e0 Niamey du 28 au 29 septembre 2021. Aucune d\u00e9claration n\u2019a \u00e9t\u00e9 faite \u00e0 la presse au sortir [&hellip;]<\/p>\n","protected":false},"author":82,"featured_media":12507,"comment_status":"open","ping_status":"closed","sticky":false,"template":"","format":"standard","meta":{"footnotes":""},"categories":[11,2,10],"tags":[55,60,29],"class_list":["post-12508","post","type-post","status-publish","format-standard","has-post-thumbnail","hentry","category-homepage-french","category-politique","category-toutes-les-actualites","tag-africa-press","tag-africa-press-niger","tag-niger"],"yoast_head":"<!-- This site is optimized with the Yoast SEO Premium plugin v26.1 (Yoast SEO v27.0) - https:\/\/yoast.com\/product\/yoast-seo-premium-wordpress\/ -->\n<title>Le Pr\u00e9sident Mohamed Bazoum re\u00e7oit une d\u00e9l\u00e9gation des participants \u00e0 l\u2019Atelier R\u00e9gional Panafricain sur la protection des civils - niger<\/title>\n<meta name=\"description\" content=\", 28 Septembre (ANP) - Le Pr\u00e9sident de la R\u00e9publique Mohamed Bazoum a re\u00e7u, en d\u00e9but d\u2019apr\u00e8s-midi de ce mardi 28 septemb ...\" \/>\n<meta name=\"robots\" content=\"index, follow, max-snippet:-1, max-image-preview:large, max-video-preview:-1\" \/>\n<link rel=\"canonical\" href=\"https:\/\/www.africa-press.net\/niger\/politique\/niger-le-president-mohamed-bazoum-recoit-une-delegation-des-participants-a-latelier-regional-panafricain-sur-la-protection-des-civils\" \/>\n<meta property=\"og:locale\" content=\"fr_FR\" \/>\n<meta property=\"og:type\" content=\"article\" \/>\n<meta property=\"og:title\" content=\"Le Pr\u00e9sident Mohamed Bazoum re\u00e7oit une d\u00e9l\u00e9gation des participants \u00e0 l\u2019Atelier R\u00e9gional Panafricain sur la protection des civils\" \/>\n<meta property=\"og:description\" content=\", 28 Septembre (ANP) - Le Pr\u00e9sident de la R\u00e9publique Mohamed Bazoum a re\u00e7u, en d\u00e9but d\u2019apr\u00e8s-midi de ce mardi 28 septemb ...\" \/>\n<meta property=\"og:url\" content=\"https:\/\/www.africa-press.net\/niger\/politique\/niger-le-president-mohamed-bazoum-recoit-une-delegation-des-participants-a-latelier-regional-panafricain-sur-la-protection-des-civils\" \/>\n<meta property=\"og:site_name\" content=\"niger\" \/>\n<meta property=\"article:published_time\" content=\"2021-09-29T12:47:14+00:00\" \/>\n<meta property=\"article:modified_time\" content=\"2021-09-30T06:34:58+00:00\" \/>\n<meta property=\"og:image\" content=\"https:\/\/static.africa-press.net\/niger\/sites\/40\/2021\/09\/img-6154575c95c3c.jpg\" \/>\n\t<meta property=\"og:image:width\" content=\"720\" \/>\n\t<meta property=\"og:image:height\" content=\"537\" \/>\n\t<meta property=\"og:image:type\" content=\"image\/jpeg\" \/>\n<meta name=\"author\" content=\"cfeditorfr\" \/>\n<meta name=\"twitter:card\" content=\"summary_large_image\" \/>\n<meta name=\"twitter:label1\" content=\"\u00c9crit par\" \/>\n\t<meta name=\"twitter:data1\" content=\"cfeditorfr\" \/>\n\t<meta name=\"twitter:label2\" content=\"Dur\u00e9e de lecture estim\u00e9e\" \/>\n\t<meta name=\"twitter:data2\" content=\"2 minutes\" \/>\n<script type=\"application\/ld+json\" class=\"yoast-schema-graph\">{\"@context\":\"https:\/\/schema.org\",\"@graph\":[{\"@type\":\"Article\",\"@id\":\"https:\/\/www.africa-press.net\/niger\/politique\/niger-le-president-mohamed-bazoum-recoit-une-delegation-des-participants-a-latelier-regional-panafricain-sur-la-protection-des-civils#article\",\"isPartOf\":{\"@id\":\"https:\/\/www.africa-press.net\/niger\/politique\/niger-le-president-mohamed-bazoum-recoit-une-delegation-des-participants-a-latelier-regional-panafricain-sur-la-protection-des-civils\"},\"author\":{\"name\":\"cfeditorfr\",\"@id\":\"https:\/\/www.africa-press.net\/niger\/#\/schema\/person\/2b1cf3cd81a31e3cd26889ca66d677f1\"},\"headline\":\"Le Pr\u00e9sident Mohamed Bazoum re\u00e7oit une d\u00e9l\u00e9gation des participants \u00e0 l\u2019Atelier R\u00e9gional Panafricain sur la protection des civils\",\"datePublished\":\"2021-09-29T12:47:14+00:00\",\"dateModified\":\"2021-09-30T06:34:58+00:00\",\"mainEntityOfPage\":{\"@id\":\"https:\/\/www.africa-press.net\/niger\/politique\/niger-le-president-mohamed-bazoum-recoit-une-delegation-des-participants-a-latelier-regional-panafricain-sur-la-protection-des-civils\"},\"wordCount\":332,\"commentCount\":0,\"image\":{\"@id\":\"https:\/\/www.africa-press.net\/niger\/politique\/niger-le-president-mohamed-bazoum-recoit-une-delegation-des-participants-a-latelier-regional-panafricain-sur-la-protection-des-civils#primaryimage\"},\"thumbnailUrl\":\"https:\/\/static.africa-press.net\/niger\/sites\/40\/2021\/09\/img-6154575c95c3c.jpg\",\"keywords\":[\"Africa Press\",\"Africa Press-Niger\",\"Niger\"],\"articleSection\":[\"homepage-french\",\"Politique\",\"Toutes les actualit\u00e9s\"],\"inLanguage\":\"fr-FR\",\"potentialAction\":[{\"@type\":\"CommentAction\",\"name\":\"Comment\",\"target\":[\"https:\/\/www.africa-press.net\/niger\/politique\/niger-le-president-mohamed-bazoum-recoit-une-delegation-des-participants-a-latelier-regional-panafricain-sur-la-protection-des-civils#respond\"]}]},{\"@type\":\"WebPage\",\"@id\":\"https:\/\/www.africa-press.net\/niger\/politique\/niger-le-president-mohamed-bazoum-recoit-une-delegation-des-participants-a-latelier-regional-panafricain-sur-la-protection-des-civils\",\"url\":\"https:\/\/www.africa-press.net\/niger\/politique\/niger-le-president-mohamed-bazoum-recoit-une-delegation-des-participants-a-latelier-regional-panafricain-sur-la-protection-des-civils\",\"name\":\"Le Pr\u00e9sident Mohamed Bazoum re\u00e7oit une d\u00e9l\u00e9gation des participants \u00e0 l\u2019Atelier R\u00e9gional Panafricain sur la protection des civils - niger\",\"isPartOf\":{\"@id\":\"https:\/\/www.africa-press.net\/niger\/#website\"},\"primaryImageOfPage\":{\"@id\":\"https:\/\/www.africa-press.net\/niger\/politique\/niger-le-president-mohamed-bazoum-recoit-une-delegation-des-participants-a-latelier-regional-panafricain-sur-la-protection-des-civils#primaryimage\"},\"image\":{\"@id\":\"https:\/\/www.africa-press.net\/niger\/politique\/niger-le-president-mohamed-bazoum-recoit-une-delegation-des-participants-a-latelier-regional-panafricain-sur-la-protection-des-civils#primaryimage\"},\"thumbnailUrl\":\"https:\/\/static.africa-press.net\/niger\/sites\/40\/2021\/09\/img-6154575c95c3c.jpg\",\"datePublished\":\"2021-09-29T12:47:14+00:00\",\"dateModified\":\"2021-09-30T06:34:58+00:00\",\"author\":{\"@id\":\"https:\/\/www.africa-press.net\/niger\/#\/schema\/person\/2b1cf3cd81a31e3cd26889ca66d677f1\"},\"description\":\", 28 Septembre (ANP) - Le Pr\u00e9sident de la R\u00e9publique Mohamed Bazoum a re\u00e7u, en d\u00e9but d\u2019apr\u00e8s-midi de ce mardi 28 septemb ...\",\"breadcrumb\":{\"@id\":\"https:\/\/www.africa-press.net\/niger\/politique\/niger-le-president-mohamed-bazoum-recoit-une-delegation-des-participants-a-latelier-regional-panafricain-sur-la-protection-des-civils#breadcrumb\"},\"inLanguage\":\"fr-FR\",\"potentialAction\":[{\"@type\":\"ReadAction\",\"target\":[\"https:\/\/www.africa-press.net\/niger\/politique\/niger-le-president-mohamed-bazoum-recoit-une-delegation-des-participants-a-latelier-regional-panafricain-sur-la-protection-des-civils\"]}]},{\"@type\":\"ImageObject\",\"inLanguage\":\"fr-FR\",\"@id\":\"https:\/\/www.africa-press.net\/niger\/politique\/niger-le-president-mohamed-bazoum-recoit-une-delegation-des-participants-a-latelier-regional-panafricain-sur-la-protection-des-civils#primaryimage\",\"url\":\"https:\/\/static.africa-press.net\/niger\/sites\/40\/2021\/09\/img-6154575c95c3c.jpg\",\"contentUrl\":\"https:\/\/static.africa-press.net\/niger\/sites\/40\/2021\/09\/img-6154575c95c3c.jpg\",\"width\":720,\"height\":537,\"caption\":\"Niger : Le Pr\u00e9sident Mohamed Bazoum re\u00e7oit une d\u00e9l\u00e9gation des participants \u00e0 l\u2019Atelier R\u00e9gional Panafricain sur la protection des civils\"},{\"@type\":\"BreadcrumbList\",\"@id\":\"https:\/\/www.africa-press.net\/niger\/politique\/niger-le-president-mohamed-bazoum-recoit-une-delegation-des-participants-a-latelier-regional-panafricain-sur-la-protection-des-civils#breadcrumb\",\"itemListElement\":[{\"@type\":\"ListItem\",\"position\":1,\"name\":\"Accueil\",\"item\":\"https:\/\/www.africa-press.net\/niger\/\"},{\"@type\":\"ListItem\",\"position\":2,\"name\":\"Le Pr\u00e9sident Mohamed Bazoum re\u00e7oit une d\u00e9l\u00e9gation des participants \u00e0 l\u2019Atelier R\u00e9gional Panafricain sur la protection des civils\"}]},{\"@type\":\"WebSite\",\"@id\":\"https:\/\/www.africa-press.net\/niger\/#website\",\"url\":\"https:\/\/www.africa-press.net\/niger\/\",\"name\":\"niger\",\"description\":\"Just another Africa News Agency Sites site\",\"potentialAction\":[{\"@type\":\"SearchAction\",\"target\":{\"@type\":\"EntryPoint\",\"urlTemplate\":\"https:\/\/www.africa-press.net\/niger\/?s={search_term_string}\"},\"query-input\":{\"@type\":\"PropertyValueSpecification\",\"valueRequired\":true,\"valueName\":\"search_term_string\"}}],\"inLanguage\":\"fr-FR\"},{\"@type\":\"Person\",\"@id\":\"https:\/\/www.africa-press.net\/niger\/#\/schema\/person\/2b1cf3cd81a31e3cd26889ca66d677f1\",\"name\":\"cfeditorfr\"}]}<\/script>\n<!-- \/ Yoast SEO Premium plugin. -->","yoast_head_json":{"title":"Le Pr\u00e9sident Mohamed Bazoum re\u00e7oit une d\u00e9l\u00e9gation des participants \u00e0 l\u2019Atelier R\u00e9gional Panafricain sur la protection des civils - niger","description":", 28 Septembre (ANP) - Le Pr\u00e9sident de la R\u00e9publique Mohamed Bazoum a re\u00e7u, en d\u00e9but d\u2019apr\u00e8s-midi de ce mardi 28 septemb ...","robots":{"index":"index","follow":"follow","max-snippet":"max-snippet:-1","max-image-preview":"max-image-preview:large","max-video-preview":"max-video-preview:-1"},"canonical":"https:\/\/www.africa-press.net\/niger\/politique\/niger-le-president-mohamed-bazoum-recoit-une-delegation-des-participants-a-latelier-regional-panafricain-sur-la-protection-des-civils","og_locale":"fr_FR","og_type":"article","og_title":"Le Pr\u00e9sident Mohamed Bazoum re\u00e7oit une d\u00e9l\u00e9gation des participants \u00e0 l\u2019Atelier R\u00e9gional Panafricain sur la protection des civils","og_description":", 28 Septembre (ANP) - Le Pr\u00e9sident de la R\u00e9publique Mohamed Bazoum a re\u00e7u, en d\u00e9but d\u2019apr\u00e8s-midi de ce mardi 28 septemb ...","og_url":"https:\/\/www.africa-press.net\/niger\/politique\/niger-le-president-mohamed-bazoum-recoit-une-delegation-des-participants-a-latelier-regional-panafricain-sur-la-protection-des-civils","og_site_name":"niger","article_published_time":"2021-09-29T12:47:14+00:00","article_modified_time":"2021-09-30T06:34:58+00:00","og_image":[{"width":720,"height":537,"url":"https:\/\/static.africa-press.net\/niger\/sites\/40\/2021\/09\/img-6154575c95c3c.jpg","type":"image\/jpeg"}],"author":"cfeditorfr","twitter_card":"summary_large_image","twitter_misc":{"\u00c9crit par":"cfeditorfr","Dur\u00e9e de lecture estim\u00e9e":"2 minutes"},"schema":{"@context":"https:\/\/schema.org","@graph":[{"@type":"Article","@id":"https:\/\/www.africa-press.net\/niger\/politique\/niger-le-president-mohamed-bazoum-recoit-une-delegation-des-participants-a-latelier-regional-panafricain-sur-la-protection-des-civils#article","isPartOf":{"@id":"https:\/\/www.africa-press.net\/niger\/politique\/niger-le-president-mohamed-bazoum-recoit-une-delegation-des-participants-a-latelier-regional-panafricain-sur-la-protection-des-civils"},"author":{"name":"cfeditorfr","@id":"https:\/\/www.africa-press.net\/niger\/#\/schema\/person\/2b1cf3cd81a31e3cd26889ca66d677f1"},"headline":"Le Pr\u00e9sident Mohamed Bazoum re\u00e7oit une d\u00e9l\u00e9gation des participants \u00e0 l\u2019Atelier R\u00e9gional Panafricain sur la protection des civils","datePublished":"2021-09-29T12:47:14+00:00","dateModified":"2021-09-30T06:34:58+00:00","mainEntityOfPage":{"@id":"https:\/\/www.africa-press.net\/niger\/politique\/niger-le-president-mohamed-bazoum-recoit-une-delegation-des-participants-a-latelier-regional-panafricain-sur-la-protection-des-civils"},"wordCount":332,"commentCount":0,"image":{"@id":"https:\/\/www.africa-press.net\/niger\/politique\/niger-le-president-mohamed-bazoum-recoit-une-delegation-des-participants-a-latelier-regional-panafricain-sur-la-protection-des-civils#primaryimage"},"thumbnailUrl":"https:\/\/static.africa-press.net\/niger\/sites\/40\/2021\/09\/img-6154575c95c3c.jpg","keywords":["Africa Press","Africa Press-Niger","Niger"],"articleSection":["homepage-french","Politique","Toutes les actualit\u00e9s"],"inLanguage":"fr-FR","potentialAction":[{"@type":"CommentAction","name":"Comment","target":["https:\/\/www.africa-press.net\/niger\/politique\/niger-le-president-mohamed-bazoum-recoit-une-delegation-des-participants-a-latelier-regional-panafricain-sur-la-protection-des-civils#respond"]}]},{"@type":"WebPage","@id":"https:\/\/www.africa-press.net\/niger\/politique\/niger-le-president-mohamed-bazoum-recoit-une-delegation-des-participants-a-latelier-regional-panafricain-sur-la-protection-des-civils","url":"https:\/\/www.africa-press.net\/niger\/politique\/niger-le-president-mohamed-bazoum-recoit-une-delegation-des-participants-a-latelier-regional-panafricain-sur-la-protection-des-civils","name":"Le Pr\u00e9sident Mohamed Bazoum re\u00e7oit une d\u00e9l\u00e9gation des participants \u00e0 l\u2019Atelier R\u00e9gional Panafricain sur la protection des civils - niger","isPartOf":{"@id":"https:\/\/www.africa-press.net\/niger\/#website"},"primaryImageOfPage":{"@id":"https:\/\/www.africa-press.net\/niger\/politique\/niger-le-president-mohamed-bazoum-recoit-une-delegation-des-participants-a-latelier-regional-panafricain-sur-la-protection-des-civils#primaryimage"},"image":{"@id":"https:\/\/www.africa-press.net\/niger\/politique\/niger-le-president-mohamed-bazoum-recoit-une-delegation-des-participants-a-latelier-regional-panafricain-sur-la-protection-des-civils#primaryimage"},"thumbnailUrl":"https:\/\/static.africa-press.net\/niger\/sites\/40\/2021\/09\/img-6154575c95c3c.jpg","datePublished":"2021-09-29T12:47:14+00:00","dateModified":"2021-09-30T06:34:58+00:00","author":{"@id":"https:\/\/www.africa-press.net\/niger\/#\/schema\/person\/2b1cf3cd81a31e3cd26889ca66d677f1"},"description":", 28 Septembre (ANP) - Le Pr\u00e9sident de la R\u00e9publique Mohamed Bazoum a re\u00e7u, en d\u00e9but d\u2019apr\u00e8s-midi de ce mardi 28 septemb ...","breadcrumb":{"@id":"https:\/\/www.africa-press.net\/niger\/politique\/niger-le-president-mohamed-bazoum-recoit-une-delegation-des-participants-a-latelier-regional-panafricain-sur-la-protection-des-civils#breadcrumb"},"inLanguage":"fr-FR","potentialAction":[{"@type":"ReadAction","target":["https:\/\/www.africa-press.net\/niger\/politique\/niger-le-president-mohamed-bazoum-recoit-une-delegation-des-participants-a-latelier-regional-panafricain-sur-la-protection-des-civils"]}]},{"@type":"ImageObject","inLanguage":"fr-FR","@id":"https:\/\/www.africa-press.net\/niger\/politique\/niger-le-president-mohamed-bazoum-recoit-une-delegation-des-participants-a-latelier-regional-panafricain-sur-la-protection-des-civils#primaryimage","url":"https:\/\/static.africa-press.net\/niger\/sites\/40\/2021\/09\/img-6154575c95c3c.jpg","contentUrl":"https:\/\/static.africa-press.net\/niger\/sites\/40\/2021\/09\/img-6154575c95c3c.jpg","width":720,"height":537,"caption":"Niger : Le Pr\u00e9sident Mohamed Bazoum re\u00e7oit une d\u00e9l\u00e9gation des participants \u00e0 l\u2019Atelier R\u00e9gional Panafricain sur la protection des civils"},{"@type":"BreadcrumbList","@id":"https:\/\/www.africa-press.net\/niger\/politique\/niger-le-president-mohamed-bazoum-recoit-une-delegation-des-participants-a-latelier-regional-panafricain-sur-la-protection-des-civils#breadcrumb","itemListElement":[{"@type":"ListItem","position":1,"name":"Accueil","item":"https:\/\/www.africa-press.net\/niger\/"},{"@type":"ListItem","position":2,"name":"Le Pr\u00e9sident Mohamed Bazoum re\u00e7oit une d\u00e9l\u00e9gation des participants \u00e0 l\u2019Atelier R\u00e9gional Panafricain sur la protection des civils"}]},{"@type":"WebSite","@id":"https:\/\/www.africa-press.net\/niger\/#website","url":"https:\/\/www.africa-press.net\/niger\/","name":"niger","description":"Just another Africa News Agency Sites site","potentialAction":[{"@type":"SearchAction","target":{"@type":"EntryPoint","urlTemplate":"https:\/\/www.africa-press.net\/niger\/?s={search_term_string}"},"query-input":{"@type":"PropertyValueSpecification","valueRequired":true,"valueName":"search_term_string"}}],"inLanguage":"fr-FR"},{"@type":"Person","@id":"https:\/\/www.africa-press.net\/niger\/#\/schema\/person\/2b1cf3cd81a31e3cd26889ca66d677f1","name":"cfeditorfr"}]}},"_links":{"self":[{"href":"https:\/\/www.africa-press.net\/niger\/wp-json\/wp\/v2\/posts\/12508","targetHints":{"allow":["GET"]}}],"collection":[{"href":"https:\/\/www.africa-press.net\/niger\/wp-json\/wp\/v2\/posts"}],"about":[{"href":"https:\/\/www.africa-press.net\/niger\/wp-json\/wp\/v2\/types\/post"}],"author":[{"embeddable":true,"href":"https:\/\/www.africa-press.net\/niger\/wp-json\/wp\/v2\/users\/82"}],"replies":[{"embeddable":true,"href":"https:\/\/www.africa-press.net\/niger\/wp-json\/wp\/v2\/comments?post=12508"}],"version-history":[{"count":0,"href":"https:\/\/www.africa-press.net\/niger\/wp-json\/wp\/v2\/posts\/12508\/revisions"}],"wp:featuredmedia":[{"embeddable":true,"href":"https:\/\/www.africa-press.net\/niger\/wp-json\/wp\/v2\/media\/12507"}],"wp:attachment":[{"href":"https:\/\/www.africa-press.net\/niger\/wp-json\/wp\/v2\/media?parent=12508"}],"wp:term":[{"taxonomy":"category","embeddable":true,"href":"https:\/\/www.africa-press.net\/niger\/wp-json\/wp\/v2\/categories?post=12508"},{"taxonomy":"post_tag","embeddable":true,"href":"https:\/\/www.africa-press.net\/niger\/wp-json\/wp\/v2\/tags?post=12508"}],"curies":[{"name":"wp","href":"https:\/\/api.w.org\/{rel}","templated":true}]}}