{"id":15355,"date":"2021-11-16T19:17:40","date_gmt":"2021-11-16T19:17:40","guid":{"rendered":"https:\/\/www.africa-press.net\/niger\/politique\/lacceleration-de-lelimination-des-pratiques-nefastes-au-coeur-du-3eme-sommet-des-filles-africaines-de-niamey"},"modified":"2021-11-16T22:21:05","modified_gmt":"2021-11-16T22:21:05","slug":"lacceleration-de-lelimination-des-pratiques-nefastes-au-coeur-du-3eme-sommet-des-filles-africaines-de-niamey","status":"publish","type":"post","link":"https:\/\/www.africa-press.net\/niger\/dossiers\/lacceleration-de-lelimination-des-pratiques-nefastes-au-coeur-du-3eme-sommet-des-filles-africaines-de-niamey","title":{"rendered":"L\u2019acc\u00e9l\u00e9ration de l\u2019\u00e9limination des pratiques n\u00e9fastes au c\u0153ur du 3\u00e8me Sommet des Filles Africaines de Niamey"},"content":{"rendered":"<p><span style=\"color: #ff6600\"><strong>Africa-Press &#8211; Niger. <\/strong><\/span> Le 3\u00e8me Sommet des Filles Africaines s\u2019est ouvert ce mardi 16 novembre 2021 \u00e0 Niamey, sous les auspices du Pr\u00e9sident Mohamed Bazoum.<\/p>\n<p>Pr\u00e9vue pour durer du 16 au 18 novembre 2021, cette 3\u00e8me rencontre initi\u00e9e par la Commission de l\u2019Union Africaine est organis\u00e9e autour du th\u00e8me \u00ab\u00a0Culture, Droits humains et Responsabilit\u00e9 : Acc\u00e9l\u00e9rer l\u2019Elimination des Pratiques N\u00e9fastes\u00a0\u00bb. Elle a pour objectif d\u2019attirer l\u2019attention sur les questions sociales, juridiques et institutionnelles autour de la culture, des droits de l\u2019homme et de la responsabilit\u00e9, en ce qu\u2019elles se recoupent avec l\u2019\u00e9limination des pratiques n\u00e9fastes.<\/p>\n<p>Selon la Ministre de la Promotion de la Femme et de la Protection de l\u2019Enfant du Niger, Mme Allahoury Aminata, \u00ab le Niger se r\u00e9jouit d\u2019accueillir le 3e Sommet des Filles Africaines car le th\u00e8me qui sera d\u00e9battu int\u00e9resse \u00e0 plus d\u2019un titre dans la mesure o\u00f9 notre pays est r\u00e9solument engag\u00e9 \u00e0 mettre fin \u00e0 toutes les violences dirig\u00e9es contre les filles \u00bb.<\/p>\n<p>Apr\u00e8s avoir nourri l\u2019espoir de voir ce sommet mener des r\u00e9flexions pouss\u00e9es sur les th\u00e9matiques identifi\u00e9es, la Ministre Aminata Zourkaleini a aussi soulign\u00e9 que \u00ab nous attendons \u00e9galement des recommandations fortes dont la mise en \u0153uvre permettra aux minist\u00e8res en charge des questions des filles de nos diff\u00e9rents pays d\u2019avancer r\u00e9solument pour une r\u00e9duction significative des pratiques n\u00e9fastes \u00e0 l\u2019encontre des filles \u00bb.<\/p>\n<p>Quant \u00e0 la Commissaire en charge de la sant\u00e9, des affaires humanitaires et du d\u00e9veloppement social de l\u2019Union Africaine, Mme Amira El Fadil, elle a fait savoir que ce 3\u00e8me Sommet, apr\u00e8s ceux de Zambie et du Ghana, t\u00e9moigne de l\u2019engagement du Niger dans la recherche du bien-\u00eatre et du bien-vivre de la fille et de la femme africaines.<\/p>\n<p>En effet, a-t-elle fait savoir, l\u2019engagement et le leadership du Niger au Sahel dans la mobilisation des Etats membres et des ressources partenaires r\u00e9gionaux et internationaux ont \u00e9t\u00e9 exemplaires.<\/p>\n<p>Elle a ensuite expliqu\u00e9 que la pand\u00e9mie de Covid-19 avec ses confinements obligent \u00e0 entreprendre des actions de la part des gouvernements pour le bien-\u00eatre des filles et des femmes par des r\u00e9ponses nationales, soulignant que l\u2019Afrique a \u00e9t\u00e9 un mod\u00e8le dans la gestion de la pand\u00e9mie de covid-19.<\/p>\n<p>La repr\u00e9sentante de l\u2019Envoy\u00e9e sp\u00e9ciale du Secr\u00e9taire G\u00e9n\u00e9ral de Nations Unies sur les questions de violences contre les enfants, Mme Najat Maalla M\u2019Jid, a, pour sa part, indiqu\u00e9 que le th\u00e8me choisi est une des priorit\u00e9s de son mandat qui s\u2019articule autour de messages-cl\u00e9s comme \u00ab\u00a0mettre fin aux pratiques pr\u00e9judiciables aux filles\u00a0\u00bb.<\/p>\n<p>Selon elle, en effet, malgr\u00e9 les nombreux engagements et les diverses actions men\u00e9es depuis plusieurs ann\u00e9es, la r\u00e9alit\u00e9 des chiffres montre que les pratiques judiciables aux filles tel que les mariages pr\u00e9coces, la violence bas\u00e9e sur le genre, les mutilations g\u00e9nitales, l\u2019exploitation \u00e9conomique, la servitude, le gavage persistent de mani\u00e8re alarmante.<\/p>\n<p>Bien plus, a-t-elle inform\u00e9, \u00ab sur notre continent, plus de 300 millions de filles sont \u00e0 risque de mutilation, le mariage pr\u00e9coce des filles touche 20 millions des filles dans le Sahel, soit 7 filles sur 10 \u00bb.<\/p>\n<p>Elle s\u2019est surtout pr\u00e9occup\u00e9e du fait que cette tendance alarmante risque de s\u2019aggraver.<\/p>\n<p>Toutefois, s\u2019est-elle r\u00e9jouie, \u00ab mettre fin aux pratiques pr\u00e9judiciables des filles est possible et r\u00e9alisable \u00bb, soulignant que \u00ab nous devons \u00eatre tr\u00e8s ambitieux et capitaliser sur toutes les bonnes pratiques, g\u00e9n\u00e9raliser dans tous les coins du pays, dans les zones enclav\u00e9es \u00bb.<\/p>\n<p>Pour y mettre fin, a-t-elle pr\u00e9conis\u00e9, il faut investir dans les jeunes en Afrique, ne peut pas attendre car les enfants, les jeunes repr\u00e9sentent un capital humain important en Afrique.<\/p>\n<p>Selon toujours Mme Najat Maalla M\u2019jid, \u00ab nous devons garder \u00e0 l\u2019esprit que les enfants et les jeunes d\u2019Afrique repr\u00e9sentent un capital, constituent la source la plus riche d\u2019Afrique avec une population qui ne cesse d\u2019accroitre et qui devrait atteindre 830 millions d\u2019ici 2050 \u00bb, alors qu\u2019\u00e0 l\u2019heure actuelle, plus de 60% de la population africaine est \u00e2g\u00e9e de moins de 25 ans.<\/p>\n<p>C\u2019est dire, \u00e0 la suite de la Repr\u00e9sentante des Nations Unies, que les enfants et les jeunes sont des acteurs puissants de changement, ils font partie de la solution.<\/p>\n<p>Auparavant, la D\u00e9put\u00e9e ghan\u00e9enne Mme Lariba Zuweirababudu a indiqu\u00e9 que les pratiques culturelles n\u00e9fastes, tel que le mariage pr\u00e9coce et la mutilation g\u00e9nitale f\u00e9minine (MGF) sont des comportements discriminatoires qui se sont r\u00e9p\u00e9t\u00e9es avec le temps et ont pu \u00eatre accept\u00e9es par des communaut\u00e9s comme \u00e9tant un mode de vie et m\u00eame une culture.<\/p>\n<p>Le fait est que des centaines de millions des filles \u00e0 travers le monde ont \u00e9t\u00e9 expos\u00e9es \u00e0 un certain type d\u2019abus, d\u2019exploitation ou une activit\u00e9 n\u00e9faste. Malgr\u00e9 le fait que le mariage pr\u00e9coce et la MGF sont pratiqu\u00e9s \u00e0 travers des continents et cultures, ils repr\u00e9sentent des valeurs qui d\u00e9valorisent les filles dans toutes les soci\u00e9t\u00e9s o\u00f9 elles sont pratiqu\u00e9es.<\/p>\n<p>Notons enfin qu\u2019il est pr\u00e9vu, au cours de ce 3e Sommet des filles africaines, plusieurs panels en parall\u00e8le.<\/p>\n<p><strong>Pour plus d&rsquo;informations et d&rsquo;analyses sur la <a href=\"https:\/\/www.africa-press.net\/niger\">Niger<\/a>, suivez <a href=\"https:\/\/www.africa-press.net\/\">Africa-Press<\/a><\/strong><\/p>\n","protected":false},"excerpt":{"rendered":"<p>Africa-Press &#8211; Niger. Le 3\u00e8me Sommet des Filles Africaines s\u2019est ouvert ce mardi 16 novembre 2021 \u00e0 Niamey, sous les auspices du Pr\u00e9sident Mohamed Bazoum. Pr\u00e9vue pour durer du 16 au 18 novembre 2021, cette 3\u00e8me rencontre initi\u00e9e par la Commission de l\u2019Union Africaine est organis\u00e9e autour du th\u00e8me \u00ab\u00a0Culture, Droits humains et Responsabilit\u00e9 : [&hellip;]<\/p>\n","protected":false},"author":82,"featured_media":15354,"comment_status":"open","ping_status":"closed","sticky":false,"template":"","format":"standard","meta":{"footnotes":""},"categories":[7,11,10],"tags":[55,60,732,29,833],"class_list":["post-15355","post","type-post","status-publish","format-standard","has-post-thumbnail","hentry","category-dossiers","category-homepage-french","category-toutes-les-actualites","tag-africa-press","tag-africa-press-niger","tag-niamey","tag-niger","tag-pratiques"],"yoast_head":"<!-- This site is optimized with the Yoast SEO Premium plugin v26.1 (Yoast SEO v27.0) - https:\/\/yoast.com\/product\/yoast-seo-premium-wordpress\/ -->\n<title>L\u2019acc\u00e9l\u00e9ration de l\u2019\u00e9limination des pratiques n\u00e9fastes au c\u0153ur du 3\u00e8me Sommet des Filles Africaines de Niamey - niger<\/title>\n<meta name=\"description\" content=\"Le 3\u00e8me Sommet des Filles Africaines s\u2019est ouvert ce mardi 16 novembre 2021 \u00e0 Niamey, sous les auspices du Pr\u00e9sident Mo ...\" \/>\n<meta name=\"robots\" content=\"index, follow, max-snippet:-1, max-image-preview:large, max-video-preview:-1\" \/>\n<link rel=\"canonical\" href=\"https:\/\/www.africa-press.net\/niger\/dossiers\/lacceleration-de-lelimination-des-pratiques-nefastes-au-coeur-du-3eme-sommet-des-filles-africaines-de-niamey\" \/>\n<meta property=\"og:locale\" content=\"fr_FR\" \/>\n<meta property=\"og:type\" content=\"article\" \/>\n<meta property=\"og:title\" content=\"L\u2019acc\u00e9l\u00e9ration de l\u2019\u00e9limination des pratiques n\u00e9fastes au c\u0153ur du 3\u00e8me Sommet des Filles Africaines de Niamey\" \/>\n<meta property=\"og:description\" content=\"Le 3\u00e8me Sommet des Filles Africaines s\u2019est ouvert ce mardi 16 novembre 2021 \u00e0 Niamey, sous les auspices du Pr\u00e9sident Mo ...\" \/>\n<meta property=\"og:url\" content=\"https:\/\/www.africa-press.net\/niger\/dossiers\/lacceleration-de-lelimination-des-pratiques-nefastes-au-coeur-du-3eme-sommet-des-filles-africaines-de-niamey\" \/>\n<meta property=\"og:site_name\" content=\"niger\" \/>\n<meta property=\"article:published_time\" content=\"2021-11-16T19:17:40+00:00\" \/>\n<meta property=\"article:modified_time\" content=\"2021-11-16T22:21:05+00:00\" \/>\n<meta property=\"og:image\" content=\"https:\/\/static.africa-press.net\/niger\/sites\/40\/2021\/11\/img-61942e7c6d74c.jpg\" \/>\n\t<meta property=\"og:image:width\" content=\"1556\" \/>\n\t<meta property=\"og:image:height\" content=\"1037\" \/>\n\t<meta property=\"og:image:type\" content=\"image\/jpeg\" \/>\n<meta name=\"author\" content=\"cfeditorfr\" \/>\n<meta name=\"twitter:card\" content=\"summary_large_image\" \/>\n<meta name=\"twitter:label1\" content=\"\u00c9crit par\" \/>\n\t<meta name=\"twitter:data1\" content=\"cfeditorfr\" \/>\n\t<meta name=\"twitter:label2\" content=\"Dur\u00e9e de lecture estim\u00e9e\" \/>\n\t<meta name=\"twitter:data2\" content=\"5 minutes\" \/>\n<script type=\"application\/ld+json\" class=\"yoast-schema-graph\">{\"@context\":\"https:\/\/schema.org\",\"@graph\":[{\"@type\":\"Article\",\"@id\":\"https:\/\/www.africa-press.net\/niger\/dossiers\/lacceleration-de-lelimination-des-pratiques-nefastes-au-coeur-du-3eme-sommet-des-filles-africaines-de-niamey#article\",\"isPartOf\":{\"@id\":\"https:\/\/www.africa-press.net\/niger\/dossiers\/lacceleration-de-lelimination-des-pratiques-nefastes-au-coeur-du-3eme-sommet-des-filles-africaines-de-niamey\"},\"author\":{\"name\":\"cfeditorfr\",\"@id\":\"https:\/\/www.africa-press.net\/niger\/#\/schema\/person\/2b1cf3cd81a31e3cd26889ca66d677f1\"},\"headline\":\"L\u2019acc\u00e9l\u00e9ration de l\u2019\u00e9limination des pratiques n\u00e9fastes au c\u0153ur du 3\u00e8me Sommet des Filles Africaines de Niamey\",\"datePublished\":\"2021-11-16T19:17:40+00:00\",\"dateModified\":\"2021-11-16T22:21:05+00:00\",\"mainEntityOfPage\":{\"@id\":\"https:\/\/www.africa-press.net\/niger\/dossiers\/lacceleration-de-lelimination-des-pratiques-nefastes-au-coeur-du-3eme-sommet-des-filles-africaines-de-niamey\"},\"wordCount\":933,\"commentCount\":0,\"image\":{\"@id\":\"https:\/\/www.africa-press.net\/niger\/dossiers\/lacceleration-de-lelimination-des-pratiques-nefastes-au-coeur-du-3eme-sommet-des-filles-africaines-de-niamey#primaryimage\"},\"thumbnailUrl\":\"https:\/\/static.africa-press.net\/niger\/sites\/40\/2021\/11\/img-61942e7c6d74c.jpg\",\"keywords\":[\"Africa Press\",\"Africa Press-Niger\",\"Niamey\",\"Niger\",\"pratiques\"],\"articleSection\":[\"Dossiers\",\"homepage-french\",\"Toutes les actualit\u00e9s\"],\"inLanguage\":\"fr-FR\",\"potentialAction\":[{\"@type\":\"CommentAction\",\"name\":\"Comment\",\"target\":[\"https:\/\/www.africa-press.net\/niger\/dossiers\/lacceleration-de-lelimination-des-pratiques-nefastes-au-coeur-du-3eme-sommet-des-filles-africaines-de-niamey#respond\"]}]},{\"@type\":\"WebPage\",\"@id\":\"https:\/\/www.africa-press.net\/niger\/dossiers\/lacceleration-de-lelimination-des-pratiques-nefastes-au-coeur-du-3eme-sommet-des-filles-africaines-de-niamey\",\"url\":\"https:\/\/www.africa-press.net\/niger\/dossiers\/lacceleration-de-lelimination-des-pratiques-nefastes-au-coeur-du-3eme-sommet-des-filles-africaines-de-niamey\",\"name\":\"L\u2019acc\u00e9l\u00e9ration de l\u2019\u00e9limination des pratiques n\u00e9fastes au c\u0153ur du 3\u00e8me Sommet des Filles Africaines de Niamey - niger\",\"isPartOf\":{\"@id\":\"https:\/\/www.africa-press.net\/niger\/#website\"},\"primaryImageOfPage\":{\"@id\":\"https:\/\/www.africa-press.net\/niger\/dossiers\/lacceleration-de-lelimination-des-pratiques-nefastes-au-coeur-du-3eme-sommet-des-filles-africaines-de-niamey#primaryimage\"},\"image\":{\"@id\":\"https:\/\/www.africa-press.net\/niger\/dossiers\/lacceleration-de-lelimination-des-pratiques-nefastes-au-coeur-du-3eme-sommet-des-filles-africaines-de-niamey#primaryimage\"},\"thumbnailUrl\":\"https:\/\/static.africa-press.net\/niger\/sites\/40\/2021\/11\/img-61942e7c6d74c.jpg\",\"datePublished\":\"2021-11-16T19:17:40+00:00\",\"dateModified\":\"2021-11-16T22:21:05+00:00\",\"author\":{\"@id\":\"https:\/\/www.africa-press.net\/niger\/#\/schema\/person\/2b1cf3cd81a31e3cd26889ca66d677f1\"},\"description\":\"Le 3\u00e8me Sommet des Filles Africaines s\u2019est ouvert ce mardi 16 novembre 2021 \u00e0 Niamey, sous les auspices du Pr\u00e9sident Mo ...\",\"breadcrumb\":{\"@id\":\"https:\/\/www.africa-press.net\/niger\/dossiers\/lacceleration-de-lelimination-des-pratiques-nefastes-au-coeur-du-3eme-sommet-des-filles-africaines-de-niamey#breadcrumb\"},\"inLanguage\":\"fr-FR\",\"potentialAction\":[{\"@type\":\"ReadAction\",\"target\":[\"https:\/\/www.africa-press.net\/niger\/dossiers\/lacceleration-de-lelimination-des-pratiques-nefastes-au-coeur-du-3eme-sommet-des-filles-africaines-de-niamey\"]}]},{\"@type\":\"ImageObject\",\"inLanguage\":\"fr-FR\",\"@id\":\"https:\/\/www.africa-press.net\/niger\/dossiers\/lacceleration-de-lelimination-des-pratiques-nefastes-au-coeur-du-3eme-sommet-des-filles-africaines-de-niamey#primaryimage\",\"url\":\"https:\/\/static.africa-press.net\/niger\/sites\/40\/2021\/11\/img-61942e7c6d74c.jpg\",\"contentUrl\":\"https:\/\/static.africa-press.net\/niger\/sites\/40\/2021\/11\/img-61942e7c6d74c.jpg\",\"width\":1556,\"height\":1037,\"caption\":\"L\u2019acc\u00e9l\u00e9ration de l\u2019\u00e9limination des pratiques n\u00e9fastes au c\u0153ur du 3\u00e8me Sommet des Filles Africaines de Niamey\"},{\"@type\":\"BreadcrumbList\",\"@id\":\"https:\/\/www.africa-press.net\/niger\/dossiers\/lacceleration-de-lelimination-des-pratiques-nefastes-au-coeur-du-3eme-sommet-des-filles-africaines-de-niamey#breadcrumb\",\"itemListElement\":[{\"@type\":\"ListItem\",\"position\":1,\"name\":\"Accueil\",\"item\":\"https:\/\/www.africa-press.net\/niger\/\"},{\"@type\":\"ListItem\",\"position\":2,\"name\":\"L\u2019acc\u00e9l\u00e9ration de l\u2019\u00e9limination des pratiques n\u00e9fastes au c\u0153ur du 3\u00e8me Sommet des Filles Africaines de Niamey\"}]},{\"@type\":\"WebSite\",\"@id\":\"https:\/\/www.africa-press.net\/niger\/#website\",\"url\":\"https:\/\/www.africa-press.net\/niger\/\",\"name\":\"niger\",\"description\":\"Just another Africa News Agency Sites site\",\"potentialAction\":[{\"@type\":\"SearchAction\",\"target\":{\"@type\":\"EntryPoint\",\"urlTemplate\":\"https:\/\/www.africa-press.net\/niger\/?s={search_term_string}\"},\"query-input\":{\"@type\":\"PropertyValueSpecification\",\"valueRequired\":true,\"valueName\":\"search_term_string\"}}],\"inLanguage\":\"fr-FR\"},{\"@type\":\"Person\",\"@id\":\"https:\/\/www.africa-press.net\/niger\/#\/schema\/person\/2b1cf3cd81a31e3cd26889ca66d677f1\",\"name\":\"cfeditorfr\"}]}<\/script>\n<!-- \/ Yoast SEO Premium plugin. -->","yoast_head_json":{"title":"L\u2019acc\u00e9l\u00e9ration de l\u2019\u00e9limination des pratiques n\u00e9fastes au c\u0153ur du 3\u00e8me Sommet des Filles Africaines de Niamey - niger","description":"Le 3\u00e8me Sommet des Filles Africaines s\u2019est ouvert ce mardi 16 novembre 2021 \u00e0 Niamey, sous les auspices du Pr\u00e9sident Mo ...","robots":{"index":"index","follow":"follow","max-snippet":"max-snippet:-1","max-image-preview":"max-image-preview:large","max-video-preview":"max-video-preview:-1"},"canonical":"https:\/\/www.africa-press.net\/niger\/dossiers\/lacceleration-de-lelimination-des-pratiques-nefastes-au-coeur-du-3eme-sommet-des-filles-africaines-de-niamey","og_locale":"fr_FR","og_type":"article","og_title":"L\u2019acc\u00e9l\u00e9ration de l\u2019\u00e9limination des pratiques n\u00e9fastes au c\u0153ur du 3\u00e8me Sommet des Filles Africaines de Niamey","og_description":"Le 3\u00e8me Sommet des Filles Africaines s\u2019est ouvert ce mardi 16 novembre 2021 \u00e0 Niamey, sous les auspices du Pr\u00e9sident Mo ...","og_url":"https:\/\/www.africa-press.net\/niger\/dossiers\/lacceleration-de-lelimination-des-pratiques-nefastes-au-coeur-du-3eme-sommet-des-filles-africaines-de-niamey","og_site_name":"niger","article_published_time":"2021-11-16T19:17:40+00:00","article_modified_time":"2021-11-16T22:21:05+00:00","og_image":[{"width":1556,"height":1037,"url":"https:\/\/static.africa-press.net\/niger\/sites\/40\/2021\/11\/img-61942e7c6d74c.jpg","type":"image\/jpeg"}],"author":"cfeditorfr","twitter_card":"summary_large_image","twitter_misc":{"\u00c9crit par":"cfeditorfr","Dur\u00e9e de lecture estim\u00e9e":"5 minutes"},"schema":{"@context":"https:\/\/schema.org","@graph":[{"@type":"Article","@id":"https:\/\/www.africa-press.net\/niger\/dossiers\/lacceleration-de-lelimination-des-pratiques-nefastes-au-coeur-du-3eme-sommet-des-filles-africaines-de-niamey#article","isPartOf":{"@id":"https:\/\/www.africa-press.net\/niger\/dossiers\/lacceleration-de-lelimination-des-pratiques-nefastes-au-coeur-du-3eme-sommet-des-filles-africaines-de-niamey"},"author":{"name":"cfeditorfr","@id":"https:\/\/www.africa-press.net\/niger\/#\/schema\/person\/2b1cf3cd81a31e3cd26889ca66d677f1"},"headline":"L\u2019acc\u00e9l\u00e9ration de l\u2019\u00e9limination des pratiques n\u00e9fastes au c\u0153ur du 3\u00e8me Sommet des Filles Africaines de Niamey","datePublished":"2021-11-16T19:17:40+00:00","dateModified":"2021-11-16T22:21:05+00:00","mainEntityOfPage":{"@id":"https:\/\/www.africa-press.net\/niger\/dossiers\/lacceleration-de-lelimination-des-pratiques-nefastes-au-coeur-du-3eme-sommet-des-filles-africaines-de-niamey"},"wordCount":933,"commentCount":0,"image":{"@id":"https:\/\/www.africa-press.net\/niger\/dossiers\/lacceleration-de-lelimination-des-pratiques-nefastes-au-coeur-du-3eme-sommet-des-filles-africaines-de-niamey#primaryimage"},"thumbnailUrl":"https:\/\/static.africa-press.net\/niger\/sites\/40\/2021\/11\/img-61942e7c6d74c.jpg","keywords":["Africa Press","Africa Press-Niger","Niamey","Niger","pratiques"],"articleSection":["Dossiers","homepage-french","Toutes les actualit\u00e9s"],"inLanguage":"fr-FR","potentialAction":[{"@type":"CommentAction","name":"Comment","target":["https:\/\/www.africa-press.net\/niger\/dossiers\/lacceleration-de-lelimination-des-pratiques-nefastes-au-coeur-du-3eme-sommet-des-filles-africaines-de-niamey#respond"]}]},{"@type":"WebPage","@id":"https:\/\/www.africa-press.net\/niger\/dossiers\/lacceleration-de-lelimination-des-pratiques-nefastes-au-coeur-du-3eme-sommet-des-filles-africaines-de-niamey","url":"https:\/\/www.africa-press.net\/niger\/dossiers\/lacceleration-de-lelimination-des-pratiques-nefastes-au-coeur-du-3eme-sommet-des-filles-africaines-de-niamey","name":"L\u2019acc\u00e9l\u00e9ration de l\u2019\u00e9limination des pratiques n\u00e9fastes au c\u0153ur du 3\u00e8me Sommet des Filles Africaines de Niamey - niger","isPartOf":{"@id":"https:\/\/www.africa-press.net\/niger\/#website"},"primaryImageOfPage":{"@id":"https:\/\/www.africa-press.net\/niger\/dossiers\/lacceleration-de-lelimination-des-pratiques-nefastes-au-coeur-du-3eme-sommet-des-filles-africaines-de-niamey#primaryimage"},"image":{"@id":"https:\/\/www.africa-press.net\/niger\/dossiers\/lacceleration-de-lelimination-des-pratiques-nefastes-au-coeur-du-3eme-sommet-des-filles-africaines-de-niamey#primaryimage"},"thumbnailUrl":"https:\/\/static.africa-press.net\/niger\/sites\/40\/2021\/11\/img-61942e7c6d74c.jpg","datePublished":"2021-11-16T19:17:40+00:00","dateModified":"2021-11-16T22:21:05+00:00","author":{"@id":"https:\/\/www.africa-press.net\/niger\/#\/schema\/person\/2b1cf3cd81a31e3cd26889ca66d677f1"},"description":"Le 3\u00e8me Sommet des Filles Africaines s\u2019est ouvert ce mardi 16 novembre 2021 \u00e0 Niamey, sous les auspices du Pr\u00e9sident Mo ...","breadcrumb":{"@id":"https:\/\/www.africa-press.net\/niger\/dossiers\/lacceleration-de-lelimination-des-pratiques-nefastes-au-coeur-du-3eme-sommet-des-filles-africaines-de-niamey#breadcrumb"},"inLanguage":"fr-FR","potentialAction":[{"@type":"ReadAction","target":["https:\/\/www.africa-press.net\/niger\/dossiers\/lacceleration-de-lelimination-des-pratiques-nefastes-au-coeur-du-3eme-sommet-des-filles-africaines-de-niamey"]}]},{"@type":"ImageObject","inLanguage":"fr-FR","@id":"https:\/\/www.africa-press.net\/niger\/dossiers\/lacceleration-de-lelimination-des-pratiques-nefastes-au-coeur-du-3eme-sommet-des-filles-africaines-de-niamey#primaryimage","url":"https:\/\/static.africa-press.net\/niger\/sites\/40\/2021\/11\/img-61942e7c6d74c.jpg","contentUrl":"https:\/\/static.africa-press.net\/niger\/sites\/40\/2021\/11\/img-61942e7c6d74c.jpg","width":1556,"height":1037,"caption":"L\u2019acc\u00e9l\u00e9ration de l\u2019\u00e9limination des pratiques n\u00e9fastes au c\u0153ur du 3\u00e8me Sommet des Filles Africaines de Niamey"},{"@type":"BreadcrumbList","@id":"https:\/\/www.africa-press.net\/niger\/dossiers\/lacceleration-de-lelimination-des-pratiques-nefastes-au-coeur-du-3eme-sommet-des-filles-africaines-de-niamey#breadcrumb","itemListElement":[{"@type":"ListItem","position":1,"name":"Accueil","item":"https:\/\/www.africa-press.net\/niger\/"},{"@type":"ListItem","position":2,"name":"L\u2019acc\u00e9l\u00e9ration de l\u2019\u00e9limination des pratiques n\u00e9fastes au c\u0153ur du 3\u00e8me Sommet des Filles Africaines de Niamey"}]},{"@type":"WebSite","@id":"https:\/\/www.africa-press.net\/niger\/#website","url":"https:\/\/www.africa-press.net\/niger\/","name":"niger","description":"Just another Africa News Agency Sites site","potentialAction":[{"@type":"SearchAction","target":{"@type":"EntryPoint","urlTemplate":"https:\/\/www.africa-press.net\/niger\/?s={search_term_string}"},"query-input":{"@type":"PropertyValueSpecification","valueRequired":true,"valueName":"search_term_string"}}],"inLanguage":"fr-FR"},{"@type":"Person","@id":"https:\/\/www.africa-press.net\/niger\/#\/schema\/person\/2b1cf3cd81a31e3cd26889ca66d677f1","name":"cfeditorfr"}]}},"_links":{"self":[{"href":"https:\/\/www.africa-press.net\/niger\/wp-json\/wp\/v2\/posts\/15355","targetHints":{"allow":["GET"]}}],"collection":[{"href":"https:\/\/www.africa-press.net\/niger\/wp-json\/wp\/v2\/posts"}],"about":[{"href":"https:\/\/www.africa-press.net\/niger\/wp-json\/wp\/v2\/types\/post"}],"author":[{"embeddable":true,"href":"https:\/\/www.africa-press.net\/niger\/wp-json\/wp\/v2\/users\/82"}],"replies":[{"embeddable":true,"href":"https:\/\/www.africa-press.net\/niger\/wp-json\/wp\/v2\/comments?post=15355"}],"version-history":[{"count":0,"href":"https:\/\/www.africa-press.net\/niger\/wp-json\/wp\/v2\/posts\/15355\/revisions"}],"wp:featuredmedia":[{"embeddable":true,"href":"https:\/\/www.africa-press.net\/niger\/wp-json\/wp\/v2\/media\/15354"}],"wp:attachment":[{"href":"https:\/\/www.africa-press.net\/niger\/wp-json\/wp\/v2\/media?parent=15355"}],"wp:term":[{"taxonomy":"category","embeddable":true,"href":"https:\/\/www.africa-press.net\/niger\/wp-json\/wp\/v2\/categories?post=15355"},{"taxonomy":"post_tag","embeddable":true,"href":"https:\/\/www.africa-press.net\/niger\/wp-json\/wp\/v2\/tags?post=15355"}],"curies":[{"name":"wp","href":"https:\/\/api.w.org\/{rel}","templated":true}]}}