{"id":16949,"date":"2021-12-12T18:21:41","date_gmt":"2021-12-12T18:21:41","guid":{"rendered":"https:\/\/www.africa-press.net\/niger\/politique\/m-oumarou-dogari-depute-maire-president-du-conseil-de-ville-de-niamey-le-vaste-programme-envisage-est-tres-ambitieux-et-vise-un-developpement-coherent-harmonieux-de-toute-la-ville-de-niam-2"},"modified":"2021-12-12T20:38:31","modified_gmt":"2021-12-12T20:38:31","slug":"m-oumarou-dogari-depute-maire-president-du-conseil-de-ville-de-niamey-le-vaste-programme-envisage-est-tres-ambitieux-et-vise-un-developpement-coherent-harmonieux-de-toute-la-ville-de-niam-2","status":"publish","type":"post","link":"https:\/\/www.africa-press.net\/niger\/dossiers\/m-oumarou-dogari-depute-maire-president-du-conseil-de-ville-de-niamey-le-vaste-programme-envisage-est-tres-ambitieux-et-vise-un-developpement-coherent-harmonieux-de-toute-la-ville-de-niam-2","title":{"rendered":"M. Oumarou Dogari, D\u00e9put\u00e9-Maire, Pr\u00e9sident Du Conseil De Ville De Niamey : \u00ab Le Vaste Programme Envisag\u00e9 Est Tr\u00e8s Ambitieux Et Vise Un D\u00e9veloppement Coh\u00e9rent, Harmonieux De Toute La Ville De Niamey \u00bb"},"content":{"rendered":"<p><span style=\"color: #ff6600\"><strong>Africa-Press &#8211; Niger. <\/strong><\/span>Monsieur le Pr\u00e9sident, vous avez \u00e9t\u00e9 \u00e9lu \u00e0 la t\u00eate de la ville de Niamey, il y a juste quelques mois. Pouvez-vous nous \u00e9difier sur l\u2019\u00e9tat des lieux de la ville de Niamey au moment o\u00f9 vous preniez fonction ?<\/p>\n<p>D\u00e8s que nous avons pris fonction, nous avons demand\u00e9 \u00e0 nos services de formaliser un document retra\u00e7ant l\u2019\u00e9tat g\u00e9n\u00e9ral de la ville de Niamey que nous avons pr\u00e9sent\u00e9 solennellement \u00e0 la deuxi\u00e8me session du conseil de ville de Niamey tenue en juin 2021 pour que nos concitoyens soient inform\u00e9s de la situation que nous avons h\u00e9rit\u00e9e. Il faut pr\u00e9ciser que cet exercice est une obligation du Code G\u00e9n\u00e9ral des Collectivit\u00e9s Territoriales (CGCT) en son article 80.<\/p>\n<p>Permettez-moi de vous rappeler que dans ce document, nous faisons une pr\u00e9sentation des faits et des donn\u00e9es quantitatives secteur par secteur. Vous avez r\u00e9cemment pr\u00e9sent\u00e9 le document cadre de la politique de d\u00e9veloppement de la ville de Niamey. Quelles sont, Monsieur le Pr\u00e9sident les grandes lignes de ce programme ?<\/p>\n<p>Le programme que j\u2019ai d\u00e9clin\u00e9 dans le document cadre est un regard concupiscent pour la ville de Niamey. Le conseil de ville tient \u00e0 conduire les affaires de mani\u00e8re bien pens\u00e9e, bien structur\u00e9e. Le vaste programme envisag\u00e9 est tr\u00e8s ambitieux et vise un d\u00e9veloppement coh\u00e9rent, harmonieux de toute la ville de Niamey. Il faut retenir que le programme s\u2019articule autour de l\u2019ensemble des comp\u00e9tences d\u00e9volues aux collectivit\u00e9s territoriales par l\u2019Etat. Pour chaque domaine abord\u00e9, nous faisons le diagnostic, puis nous envisageons les actions ad\u00e9quates \u00e0 mettre en \u0153uvre pour faire bouger les lignes.<\/p>\n<p>Apr\u00e8s quoi, nous entrevoyons les moyens financiers, mat\u00e9riels et humains n\u00e9cessaires \u00e0 la mise en \u0153uvre des actions. Permettez-moi de pr\u00e9ciser qu\u2019au niveau du diagnostic, nous identifions les contraintes et les potentialit\u00e9s de chaque domaine analys\u00e9, afin de pouvoir agir efficacement. Nous pouvons subjectivement citer les axes ci-apr\u00e8s comme \u00e9tant des grandes lignes : l\u2019\u00e9conomie urbaine, les ressources humaines de la ville, la modernisation de service, le budget de la collectivit\u00e9 territoriale, la sant\u00e9, l\u2019\u00e9cole, le patrimoine, le garage municipal, la voirie, l\u2019hygi\u00e8ne et de l\u2019assainissement, le transport urbain, le foncier, l\u2019artisanat, l\u2019\u00e9clairage public, la police municipale, la s\u00e9curit\u00e9, les \u00e9quipements marchands, les travaux neufs, les outils de planification.<\/p>\n<p>Pour l\u2019heure, quelles sont les actions prioritaires de ce programme de d\u00e9veloppement de la ville de Niamey ? Par rapport \u00e0 votre question, je dois dire que je suis dubitatif puisque tout est prioritaire dans le contexte actuel. Si un seul pan de la vie sociale venait \u00e0 \u00eatre mal g\u00e9r\u00e9 on ne concourra pas \u00e0 ce d\u00e9veloppement harmonieux, \u00e9quilibr\u00e9 et coh\u00e9rent que la loi, elle-m\u00eame impose aux autorit\u00e9s communales.<\/p>\n<p>Toutefois, on peut parler des pr\u00e9occupations ordinaires du commun des citoyens qui sont entre autres : la voirie, le transport, l\u2019\u00e9clairage public, les services sociaux de base, la planification urbaine, l\u2019environnement, la mobilit\u00e9 urbaine avec toutes ses composantes, les inondations, l\u2019hygi\u00e8ne et l\u2019assainissement, nourrir Niamey qui passe par la valorisation de trois (3) grands \u00e9quipements marchands de la ville de Niamey avec l\u2019appui de l\u2019AFD.<\/p>\n<p>Quelles sont les principales actions r\u00e9alis\u00e9es ou en cours de r\u00e9alisation pour le bien \u00eatre des habitants de la capitale ? Au niveau de l\u2019organisation du travail, nous avons \u00e9labor\u00e9 un nouveau organigramme et avons r\u00e9organis\u00e9 les attributions des services en vue d\u2019impacter positivement les services rendus \u00e0 mes concitoyens. Toujours dans la m\u00eame optique, nous envisageons d\u2019aller vers la digitalisation de nos services tr\u00e8s bient\u00f4t.<\/p>\n<p>Au niveau de la voirie, vous remarquez que nous y avons mis un accent particulier, car plusieurs voies ont connu un rechargement lat\u00e9ritique en vue de soulager les peines de nos concitoyens les plus d\u00e9munis.<\/p>\n<p>La r\u00e9forme administrative que nous avons apport\u00e9e a engendr\u00e9 actuellement une fluidit\u00e9 dans la d\u00e9livrance des actes de cession en particulier et de toutes les op\u00e9rations fonci\u00e8res en g\u00e9n\u00e9rale.<\/p>\n<p>Au niveau de la coop\u00e9ration d\u00e9centralis\u00e9e, nous avons men\u00e9 des offensives au point o\u00f9 nous sommes dans la position d\u2019acqu\u00e9rir une cinquantaine de bus avec des villes fran\u00e7aises \u00e0 travers CODATU, des investissements avec des marocains et des tunisiens sur les berges du fleuve Niger, des investissements dans trois (3) \u00e9quipements marchands potentiels (Daressalam, Djamadj\u00e9 et rive droite).<\/p>\n<p>Vous aurez constat\u00e9 que nous avons construit des digues \u00e0 la rive droite pour lutter contre les inondations du fleuve et qui \u00e0 notre sens a bien servi \u00e0 quelque chose.<\/p>\n<p>Nous avons construit des classes paillottes pendant qu\u2019aucun franc n\u2019a \u00e9t\u00e9 pr\u00e9vu dans le budget 2021 de la ville de Niamey, nous avons r\u00e9fectionn\u00e9 des salles de classe, avons r\u00e9par\u00e9 des tables bancs voire confectionn\u00e9 un millier de tables bancs et au niveau de la sant\u00e9, nous avons engag\u00e9 de centaines de temporaires pour faire office de filles de salles et de centaines de temporaires pour participer au balayage des rues. Nos interventions ont concern\u00e9 \u00e9galement les casernes des pompiers, les postes de police, les march\u00e9s, les CSI, l\u2019h\u00f4pital r\u00e9gional o\u00f9 nous avions agi sur l\u2019\u00e9clairage, la r\u00e9fection de leurs b\u00e2timents, la mise \u00e0 niveau des sanitaires etc.<\/p>\n<p>Sans \u00eatre exhaustif, on peut citer le curage des caniveaux, les dallettes confectionn\u00e9es, les cassis pour limiter l\u2019exc\u00e8s de vitesse, sans compter l\u2019appui aux personnes vuln\u00e9rables que nous faisons au quotidien. Il me plait en outre de signaler que nous faisons de la communication un axe important dans notre programme. Pour preuve nous invitons l\u2019ensemble de la famille de la presse \u00e0 couvrir r\u00e9guli\u00e8rement les activit\u00e9s de la ville.<\/p>\n<p>Sur le plan de la facilitation de la mobilit\u00e9 urbaine, vous avez initi\u00e9 un certain nombre d\u2019actions dans la construction de voies lat\u00e9ritiques et la r\u00e9habilitation des routes endommag\u00e9es, une op\u00e9ration largement salu\u00e9e par les usagers. jusqu\u2019au o\u00f9 comptez-vous aller dans cette op\u00e9ration ?<\/p>\n<p>\u00c7a nous r\u00e9chauffe le c\u0153ur de savoir que nos concitoyens ont largement salu\u00e9 l\u2019op\u00e9ration de construction de voies lat\u00e9ritiques et la r\u00e9habilitation des routes endommag\u00e9es. C\u2019est avec plaisir que nous allons nous y remettre et cela \u00e0 la hauteur du besoin de la population qui nous a investis du pouvoir local.<\/p>\n<p>Vous avez r\u00e9cemment initi\u00e9 une op\u00e9ration de recouvrement au cours de laquelle vous \u00eates descendu, vous-m\u00eame sur le terrain. Pourquoi une telle initiative ? Quels sont les r\u00e9sultats enregistr\u00e9s au cours de cette op\u00e9ration de recouvrement ?<\/p>\n<p>A travers notre descente nous esp\u00e9rions inciter nos concitoyens \u00e0 s\u2019acquitter de leurs obligations \u00e0 payer les redevances, pour qu\u2019en retour la ville puisse poursuivre ses actions de d\u00e9veloppement au grand b\u00e9n\u00e9fice de la population. Dans le cadre de cette mobilisation, nous avons initi\u00e9 des correspondances aux plus hautes autorit\u00e9s nationales qui sont actuellement en train de nous r\u00e9pondre favorablement pr\u00eachant ainsi par l\u2019exemple.<\/p>\n<p><strong>Pour plus d&rsquo;informations et d&rsquo;analyses sur la <a href=\"https:\/\/www.africa-press.net\/niger\">Niger<\/a>, suivez <a href=\"https:\/\/www.africa-press.net\/\">Africa-Press<\/a><\/strong><\/p>\n","protected":false},"excerpt":{"rendered":"<p>Africa-Press &#8211; Niger. Monsieur le Pr\u00e9sident, vous avez \u00e9t\u00e9 \u00e9lu \u00e0 la t\u00eate de la ville de Niamey, il y a juste quelques mois. Pouvez-vous nous \u00e9difier sur l\u2019\u00e9tat des lieux de la ville de Niamey au moment o\u00f9 vous preniez fonction ? D\u00e8s que nous avons pris fonction, nous avons demand\u00e9 \u00e0 nos services [&hellip;]<\/p>\n","protected":false},"author":82,"featured_media":16948,"comment_status":"open","ping_status":"closed","sticky":false,"template":"","format":"standard","meta":{"footnotes":""},"categories":[21,7,11,20,10],"tags":[55,60,732,29],"class_list":["post-16949","post","type-post","status-publish","format-standard","has-post-thumbnail","hentry","category-communaute","category-dossiers","category-homepage-french","category-top-nouvelles","category-toutes-les-actualites","tag-africa-press","tag-africa-press-niger","tag-niamey","tag-niger"],"yoast_head":"<!-- This site is optimized with the Yoast SEO Premium plugin v26.1 (Yoast SEO v27.0) - https:\/\/yoast.com\/product\/yoast-seo-premium-wordpress\/ -->\n<title>M. Oumarou Dogari, D\u00e9put\u00e9-Maire, Pr\u00e9sident Du Conseil De Ville De Niamey : \u00ab Le Vaste Programme Envisag\u00e9 Est Tr\u00e8s Ambitieux Et Vise Un D\u00e9veloppement Coh\u00e9rent, Harmonieux De Toute La Ville De Niamey \u00bb - niger<\/title>\n<meta name=\"description\" content=\"Monsieur le Pr\u00e9sident, vous avez \u00e9t\u00e9 \u00e9lu \u00e0 la t\u00eate de la ville de Niamey, il y a juste quelques mois. Pouvez-vous nous \u00e9 ...\" \/>\n<meta name=\"robots\" content=\"index, follow, max-snippet:-1, max-image-preview:large, max-video-preview:-1\" \/>\n<link rel=\"canonical\" href=\"https:\/\/www.africa-press.net\/niger\/dossiers\/m-oumarou-dogari-depute-maire-president-du-conseil-de-ville-de-niamey-le-vaste-programme-envisage-est-tres-ambitieux-et-vise-un-developpement-coherent-harmonieux-de-toute-la-ville-de-niam-2\" \/>\n<meta property=\"og:locale\" content=\"fr_FR\" \/>\n<meta property=\"og:type\" content=\"article\" \/>\n<meta property=\"og:title\" content=\"M. Oumarou Dogari, D\u00e9put\u00e9-Maire, Pr\u00e9sident Du Conseil De Ville De Niamey : \u00ab Le Vaste Programme Envisag\u00e9 Est Tr\u00e8s Ambitieux Et Vise Un D\u00e9veloppement Coh\u00e9rent, Harmonieux De Toute La Ville De Niamey \u00bb\" \/>\n<meta property=\"og:description\" content=\"Monsieur le Pr\u00e9sident, vous avez \u00e9t\u00e9 \u00e9lu \u00e0 la t\u00eate de la ville de Niamey, il y a juste quelques mois. Pouvez-vous nous \u00e9 ...\" \/>\n<meta property=\"og:url\" content=\"https:\/\/www.africa-press.net\/niger\/dossiers\/m-oumarou-dogari-depute-maire-president-du-conseil-de-ville-de-niamey-le-vaste-programme-envisage-est-tres-ambitieux-et-vise-un-developpement-coherent-harmonieux-de-toute-la-ville-de-niam-2\" \/>\n<meta property=\"og:site_name\" content=\"niger\" \/>\n<meta property=\"article:published_time\" content=\"2021-12-12T18:21:41+00:00\" \/>\n<meta property=\"article:modified_time\" content=\"2021-12-12T20:38:31+00:00\" \/>\n<meta property=\"og:image\" content=\"https:\/\/static.africa-press.net\/niger\/sites\/40\/2021\/12\/img-61b644a3270f2.jpg\" \/>\n\t<meta property=\"og:image:width\" content=\"450\" \/>\n\t<meta property=\"og:image:height\" content=\"294\" \/>\n\t<meta property=\"og:image:type\" content=\"image\/jpeg\" \/>\n<meta name=\"author\" content=\"cfeditorfr\" \/>\n<meta name=\"twitter:card\" content=\"summary_large_image\" \/>\n<meta name=\"twitter:label1\" content=\"\u00c9crit par\" \/>\n\t<meta name=\"twitter:data1\" content=\"cfeditorfr\" \/>\n\t<meta name=\"twitter:label2\" content=\"Dur\u00e9e de lecture estim\u00e9e\" \/>\n\t<meta name=\"twitter:data2\" content=\"6 minutes\" \/>\n<script type=\"application\/ld+json\" class=\"yoast-schema-graph\">{\"@context\":\"https:\/\/schema.org\",\"@graph\":[{\"@type\":\"Article\",\"@id\":\"https:\/\/www.africa-press.net\/niger\/dossiers\/m-oumarou-dogari-depute-maire-president-du-conseil-de-ville-de-niamey-le-vaste-programme-envisage-est-tres-ambitieux-et-vise-un-developpement-coherent-harmonieux-de-toute-la-ville-de-niam-2#article\",\"isPartOf\":{\"@id\":\"https:\/\/www.africa-press.net\/niger\/dossiers\/m-oumarou-dogari-depute-maire-president-du-conseil-de-ville-de-niamey-le-vaste-programme-envisage-est-tres-ambitieux-et-vise-un-developpement-coherent-harmonieux-de-toute-la-ville-de-niam-2\"},\"author\":{\"name\":\"cfeditorfr\",\"@id\":\"https:\/\/www.africa-press.net\/niger\/#\/schema\/person\/2b1cf3cd81a31e3cd26889ca66d677f1\"},\"headline\":\"M. Oumarou Dogari, D\u00e9put\u00e9-Maire, Pr\u00e9sident Du Conseil De Ville De Niamey : \u00ab Le Vaste Programme Envisag\u00e9 Est Tr\u00e8s Ambitieux Et Vise Un D\u00e9veloppement Coh\u00e9rent, Harmonieux De Toute La Ville De Niamey \u00bb\",\"datePublished\":\"2021-12-12T18:21:41+00:00\",\"dateModified\":\"2021-12-12T20:38:31+00:00\",\"mainEntityOfPage\":{\"@id\":\"https:\/\/www.africa-press.net\/niger\/dossiers\/m-oumarou-dogari-depute-maire-president-du-conseil-de-ville-de-niamey-le-vaste-programme-envisage-est-tres-ambitieux-et-vise-un-developpement-coherent-harmonieux-de-toute-la-ville-de-niam-2\"},\"wordCount\":1259,\"commentCount\":0,\"image\":{\"@id\":\"https:\/\/www.africa-press.net\/niger\/dossiers\/m-oumarou-dogari-depute-maire-president-du-conseil-de-ville-de-niamey-le-vaste-programme-envisage-est-tres-ambitieux-et-vise-un-developpement-coherent-harmonieux-de-toute-la-ville-de-niam-2#primaryimage\"},\"thumbnailUrl\":\"https:\/\/static.africa-press.net\/niger\/sites\/40\/2021\/12\/img-61b644a3270f2.jpg\",\"keywords\":[\"Africa Press\",\"Africa Press-Niger\",\"Niamey\",\"Niger\"],\"articleSection\":[\"Communaut\u00e9\",\"Dossiers\",\"homepage-french\",\"Top Nouvelles\",\"Toutes les actualit\u00e9s\"],\"inLanguage\":\"fr-FR\",\"potentialAction\":[{\"@type\":\"CommentAction\",\"name\":\"Comment\",\"target\":[\"https:\/\/www.africa-press.net\/niger\/dossiers\/m-oumarou-dogari-depute-maire-president-du-conseil-de-ville-de-niamey-le-vaste-programme-envisage-est-tres-ambitieux-et-vise-un-developpement-coherent-harmonieux-de-toute-la-ville-de-niam-2#respond\"]}]},{\"@type\":\"WebPage\",\"@id\":\"https:\/\/www.africa-press.net\/niger\/dossiers\/m-oumarou-dogari-depute-maire-president-du-conseil-de-ville-de-niamey-le-vaste-programme-envisage-est-tres-ambitieux-et-vise-un-developpement-coherent-harmonieux-de-toute-la-ville-de-niam-2\",\"url\":\"https:\/\/www.africa-press.net\/niger\/dossiers\/m-oumarou-dogari-depute-maire-president-du-conseil-de-ville-de-niamey-le-vaste-programme-envisage-est-tres-ambitieux-et-vise-un-developpement-coherent-harmonieux-de-toute-la-ville-de-niam-2\",\"name\":\"M. Oumarou Dogari, D\u00e9put\u00e9-Maire, Pr\u00e9sident Du Conseil De Ville De Niamey : \u00ab Le Vaste Programme Envisag\u00e9 Est Tr\u00e8s Ambitieux Et Vise Un D\u00e9veloppement Coh\u00e9rent, Harmonieux De Toute La Ville De Niamey \u00bb - niger\",\"isPartOf\":{\"@id\":\"https:\/\/www.africa-press.net\/niger\/#website\"},\"primaryImageOfPage\":{\"@id\":\"https:\/\/www.africa-press.net\/niger\/dossiers\/m-oumarou-dogari-depute-maire-president-du-conseil-de-ville-de-niamey-le-vaste-programme-envisage-est-tres-ambitieux-et-vise-un-developpement-coherent-harmonieux-de-toute-la-ville-de-niam-2#primaryimage\"},\"image\":{\"@id\":\"https:\/\/www.africa-press.net\/niger\/dossiers\/m-oumarou-dogari-depute-maire-president-du-conseil-de-ville-de-niamey-le-vaste-programme-envisage-est-tres-ambitieux-et-vise-un-developpement-coherent-harmonieux-de-toute-la-ville-de-niam-2#primaryimage\"},\"thumbnailUrl\":\"https:\/\/static.africa-press.net\/niger\/sites\/40\/2021\/12\/img-61b644a3270f2.jpg\",\"datePublished\":\"2021-12-12T18:21:41+00:00\",\"dateModified\":\"2021-12-12T20:38:31+00:00\",\"author\":{\"@id\":\"https:\/\/www.africa-press.net\/niger\/#\/schema\/person\/2b1cf3cd81a31e3cd26889ca66d677f1\"},\"description\":\"Monsieur le Pr\u00e9sident, vous avez \u00e9t\u00e9 \u00e9lu \u00e0 la t\u00eate de la ville de Niamey, il y a juste quelques mois. Pouvez-vous nous \u00e9 ...\",\"breadcrumb\":{\"@id\":\"https:\/\/www.africa-press.net\/niger\/dossiers\/m-oumarou-dogari-depute-maire-president-du-conseil-de-ville-de-niamey-le-vaste-programme-envisage-est-tres-ambitieux-et-vise-un-developpement-coherent-harmonieux-de-toute-la-ville-de-niam-2#breadcrumb\"},\"inLanguage\":\"fr-FR\",\"potentialAction\":[{\"@type\":\"ReadAction\",\"target\":[\"https:\/\/www.africa-press.net\/niger\/dossiers\/m-oumarou-dogari-depute-maire-president-du-conseil-de-ville-de-niamey-le-vaste-programme-envisage-est-tres-ambitieux-et-vise-un-developpement-coherent-harmonieux-de-toute-la-ville-de-niam-2\"]}]},{\"@type\":\"ImageObject\",\"inLanguage\":\"fr-FR\",\"@id\":\"https:\/\/www.africa-press.net\/niger\/dossiers\/m-oumarou-dogari-depute-maire-president-du-conseil-de-ville-de-niamey-le-vaste-programme-envisage-est-tres-ambitieux-et-vise-un-developpement-coherent-harmonieux-de-toute-la-ville-de-niam-2#primaryimage\",\"url\":\"https:\/\/static.africa-press.net\/niger\/sites\/40\/2021\/12\/img-61b644a3270f2.jpg\",\"contentUrl\":\"https:\/\/static.africa-press.net\/niger\/sites\/40\/2021\/12\/img-61b644a3270f2.jpg\",\"width\":450,\"height\":294,\"caption\":\"M. Oumarou Dogari, D\u00e9put\u00e9-Maire, Pr\u00e9sident Du Conseil De Ville De Niamey : \u00ab Le Vaste Programme Envisag\u00e9 Est Tr\u00e8s Ambitieux Et Vise Un D\u00e9veloppement Coh\u00e9rent, Harmonieux De Toute La Ville De Niamey \u00bb\"},{\"@type\":\"BreadcrumbList\",\"@id\":\"https:\/\/www.africa-press.net\/niger\/dossiers\/m-oumarou-dogari-depute-maire-president-du-conseil-de-ville-de-niamey-le-vaste-programme-envisage-est-tres-ambitieux-et-vise-un-developpement-coherent-harmonieux-de-toute-la-ville-de-niam-2#breadcrumb\",\"itemListElement\":[{\"@type\":\"ListItem\",\"position\":1,\"name\":\"Accueil\",\"item\":\"https:\/\/www.africa-press.net\/niger\/\"},{\"@type\":\"ListItem\",\"position\":2,\"name\":\"M. Oumarou Dogari, D\u00e9put\u00e9-Maire, Pr\u00e9sident Du Conseil De Ville De Niamey : \u00ab Le Vaste Programme Envisag\u00e9 Est Tr\u00e8s Ambitieux Et Vise Un D\u00e9veloppement Coh\u00e9rent, Harmonieux De Toute La Ville De Niamey \u00bb\"}]},{\"@type\":\"WebSite\",\"@id\":\"https:\/\/www.africa-press.net\/niger\/#website\",\"url\":\"https:\/\/www.africa-press.net\/niger\/\",\"name\":\"niger\",\"description\":\"Just another Africa News Agency Sites site\",\"potentialAction\":[{\"@type\":\"SearchAction\",\"target\":{\"@type\":\"EntryPoint\",\"urlTemplate\":\"https:\/\/www.africa-press.net\/niger\/?s={search_term_string}\"},\"query-input\":{\"@type\":\"PropertyValueSpecification\",\"valueRequired\":true,\"valueName\":\"search_term_string\"}}],\"inLanguage\":\"fr-FR\"},{\"@type\":\"Person\",\"@id\":\"https:\/\/www.africa-press.net\/niger\/#\/schema\/person\/2b1cf3cd81a31e3cd26889ca66d677f1\",\"name\":\"cfeditorfr\"}]}<\/script>\n<!-- \/ Yoast SEO Premium plugin. -->","yoast_head_json":{"title":"M. Oumarou Dogari, D\u00e9put\u00e9-Maire, Pr\u00e9sident Du Conseil De Ville De Niamey : \u00ab Le Vaste Programme Envisag\u00e9 Est Tr\u00e8s Ambitieux Et Vise Un D\u00e9veloppement Coh\u00e9rent, Harmonieux De Toute La Ville De Niamey \u00bb - niger","description":"Monsieur le Pr\u00e9sident, vous avez \u00e9t\u00e9 \u00e9lu \u00e0 la t\u00eate de la ville de Niamey, il y a juste quelques mois. Pouvez-vous nous \u00e9 ...","robots":{"index":"index","follow":"follow","max-snippet":"max-snippet:-1","max-image-preview":"max-image-preview:large","max-video-preview":"max-video-preview:-1"},"canonical":"https:\/\/www.africa-press.net\/niger\/dossiers\/m-oumarou-dogari-depute-maire-president-du-conseil-de-ville-de-niamey-le-vaste-programme-envisage-est-tres-ambitieux-et-vise-un-developpement-coherent-harmonieux-de-toute-la-ville-de-niam-2","og_locale":"fr_FR","og_type":"article","og_title":"M. Oumarou Dogari, D\u00e9put\u00e9-Maire, Pr\u00e9sident Du Conseil De Ville De Niamey : \u00ab Le Vaste Programme Envisag\u00e9 Est Tr\u00e8s Ambitieux Et Vise Un D\u00e9veloppement Coh\u00e9rent, Harmonieux De Toute La Ville De Niamey \u00bb","og_description":"Monsieur le Pr\u00e9sident, vous avez \u00e9t\u00e9 \u00e9lu \u00e0 la t\u00eate de la ville de Niamey, il y a juste quelques mois. Pouvez-vous nous \u00e9 ...","og_url":"https:\/\/www.africa-press.net\/niger\/dossiers\/m-oumarou-dogari-depute-maire-president-du-conseil-de-ville-de-niamey-le-vaste-programme-envisage-est-tres-ambitieux-et-vise-un-developpement-coherent-harmonieux-de-toute-la-ville-de-niam-2","og_site_name":"niger","article_published_time":"2021-12-12T18:21:41+00:00","article_modified_time":"2021-12-12T20:38:31+00:00","og_image":[{"width":450,"height":294,"url":"https:\/\/static.africa-press.net\/niger\/sites\/40\/2021\/12\/img-61b644a3270f2.jpg","type":"image\/jpeg"}],"author":"cfeditorfr","twitter_card":"summary_large_image","twitter_misc":{"\u00c9crit par":"cfeditorfr","Dur\u00e9e de lecture estim\u00e9e":"6 minutes"},"schema":{"@context":"https:\/\/schema.org","@graph":[{"@type":"Article","@id":"https:\/\/www.africa-press.net\/niger\/dossiers\/m-oumarou-dogari-depute-maire-president-du-conseil-de-ville-de-niamey-le-vaste-programme-envisage-est-tres-ambitieux-et-vise-un-developpement-coherent-harmonieux-de-toute-la-ville-de-niam-2#article","isPartOf":{"@id":"https:\/\/www.africa-press.net\/niger\/dossiers\/m-oumarou-dogari-depute-maire-president-du-conseil-de-ville-de-niamey-le-vaste-programme-envisage-est-tres-ambitieux-et-vise-un-developpement-coherent-harmonieux-de-toute-la-ville-de-niam-2"},"author":{"name":"cfeditorfr","@id":"https:\/\/www.africa-press.net\/niger\/#\/schema\/person\/2b1cf3cd81a31e3cd26889ca66d677f1"},"headline":"M. Oumarou Dogari, D\u00e9put\u00e9-Maire, Pr\u00e9sident Du Conseil De Ville De Niamey : \u00ab Le Vaste Programme Envisag\u00e9 Est Tr\u00e8s Ambitieux Et Vise Un D\u00e9veloppement Coh\u00e9rent, Harmonieux De Toute La Ville De Niamey \u00bb","datePublished":"2021-12-12T18:21:41+00:00","dateModified":"2021-12-12T20:38:31+00:00","mainEntityOfPage":{"@id":"https:\/\/www.africa-press.net\/niger\/dossiers\/m-oumarou-dogari-depute-maire-president-du-conseil-de-ville-de-niamey-le-vaste-programme-envisage-est-tres-ambitieux-et-vise-un-developpement-coherent-harmonieux-de-toute-la-ville-de-niam-2"},"wordCount":1259,"commentCount":0,"image":{"@id":"https:\/\/www.africa-press.net\/niger\/dossiers\/m-oumarou-dogari-depute-maire-president-du-conseil-de-ville-de-niamey-le-vaste-programme-envisage-est-tres-ambitieux-et-vise-un-developpement-coherent-harmonieux-de-toute-la-ville-de-niam-2#primaryimage"},"thumbnailUrl":"https:\/\/static.africa-press.net\/niger\/sites\/40\/2021\/12\/img-61b644a3270f2.jpg","keywords":["Africa Press","Africa Press-Niger","Niamey","Niger"],"articleSection":["Communaut\u00e9","Dossiers","homepage-french","Top Nouvelles","Toutes les actualit\u00e9s"],"inLanguage":"fr-FR","potentialAction":[{"@type":"CommentAction","name":"Comment","target":["https:\/\/www.africa-press.net\/niger\/dossiers\/m-oumarou-dogari-depute-maire-president-du-conseil-de-ville-de-niamey-le-vaste-programme-envisage-est-tres-ambitieux-et-vise-un-developpement-coherent-harmonieux-de-toute-la-ville-de-niam-2#respond"]}]},{"@type":"WebPage","@id":"https:\/\/www.africa-press.net\/niger\/dossiers\/m-oumarou-dogari-depute-maire-president-du-conseil-de-ville-de-niamey-le-vaste-programme-envisage-est-tres-ambitieux-et-vise-un-developpement-coherent-harmonieux-de-toute-la-ville-de-niam-2","url":"https:\/\/www.africa-press.net\/niger\/dossiers\/m-oumarou-dogari-depute-maire-president-du-conseil-de-ville-de-niamey-le-vaste-programme-envisage-est-tres-ambitieux-et-vise-un-developpement-coherent-harmonieux-de-toute-la-ville-de-niam-2","name":"M. Oumarou Dogari, D\u00e9put\u00e9-Maire, Pr\u00e9sident Du Conseil De Ville De Niamey : \u00ab Le Vaste Programme Envisag\u00e9 Est Tr\u00e8s Ambitieux Et Vise Un D\u00e9veloppement Coh\u00e9rent, Harmonieux De Toute La Ville De Niamey \u00bb - niger","isPartOf":{"@id":"https:\/\/www.africa-press.net\/niger\/#website"},"primaryImageOfPage":{"@id":"https:\/\/www.africa-press.net\/niger\/dossiers\/m-oumarou-dogari-depute-maire-president-du-conseil-de-ville-de-niamey-le-vaste-programme-envisage-est-tres-ambitieux-et-vise-un-developpement-coherent-harmonieux-de-toute-la-ville-de-niam-2#primaryimage"},"image":{"@id":"https:\/\/www.africa-press.net\/niger\/dossiers\/m-oumarou-dogari-depute-maire-president-du-conseil-de-ville-de-niamey-le-vaste-programme-envisage-est-tres-ambitieux-et-vise-un-developpement-coherent-harmonieux-de-toute-la-ville-de-niam-2#primaryimage"},"thumbnailUrl":"https:\/\/static.africa-press.net\/niger\/sites\/40\/2021\/12\/img-61b644a3270f2.jpg","datePublished":"2021-12-12T18:21:41+00:00","dateModified":"2021-12-12T20:38:31+00:00","author":{"@id":"https:\/\/www.africa-press.net\/niger\/#\/schema\/person\/2b1cf3cd81a31e3cd26889ca66d677f1"},"description":"Monsieur le Pr\u00e9sident, vous avez \u00e9t\u00e9 \u00e9lu \u00e0 la t\u00eate de la ville de Niamey, il y a juste quelques mois. Pouvez-vous nous \u00e9 ...","breadcrumb":{"@id":"https:\/\/www.africa-press.net\/niger\/dossiers\/m-oumarou-dogari-depute-maire-president-du-conseil-de-ville-de-niamey-le-vaste-programme-envisage-est-tres-ambitieux-et-vise-un-developpement-coherent-harmonieux-de-toute-la-ville-de-niam-2#breadcrumb"},"inLanguage":"fr-FR","potentialAction":[{"@type":"ReadAction","target":["https:\/\/www.africa-press.net\/niger\/dossiers\/m-oumarou-dogari-depute-maire-president-du-conseil-de-ville-de-niamey-le-vaste-programme-envisage-est-tres-ambitieux-et-vise-un-developpement-coherent-harmonieux-de-toute-la-ville-de-niam-2"]}]},{"@type":"ImageObject","inLanguage":"fr-FR","@id":"https:\/\/www.africa-press.net\/niger\/dossiers\/m-oumarou-dogari-depute-maire-president-du-conseil-de-ville-de-niamey-le-vaste-programme-envisage-est-tres-ambitieux-et-vise-un-developpement-coherent-harmonieux-de-toute-la-ville-de-niam-2#primaryimage","url":"https:\/\/static.africa-press.net\/niger\/sites\/40\/2021\/12\/img-61b644a3270f2.jpg","contentUrl":"https:\/\/static.africa-press.net\/niger\/sites\/40\/2021\/12\/img-61b644a3270f2.jpg","width":450,"height":294,"caption":"M. Oumarou Dogari, D\u00e9put\u00e9-Maire, Pr\u00e9sident Du Conseil De Ville De Niamey : \u00ab Le Vaste Programme Envisag\u00e9 Est Tr\u00e8s Ambitieux Et Vise Un D\u00e9veloppement Coh\u00e9rent, Harmonieux De Toute La Ville De Niamey \u00bb"},{"@type":"BreadcrumbList","@id":"https:\/\/www.africa-press.net\/niger\/dossiers\/m-oumarou-dogari-depute-maire-president-du-conseil-de-ville-de-niamey-le-vaste-programme-envisage-est-tres-ambitieux-et-vise-un-developpement-coherent-harmonieux-de-toute-la-ville-de-niam-2#breadcrumb","itemListElement":[{"@type":"ListItem","position":1,"name":"Accueil","item":"https:\/\/www.africa-press.net\/niger\/"},{"@type":"ListItem","position":2,"name":"M. Oumarou Dogari, D\u00e9put\u00e9-Maire, Pr\u00e9sident Du Conseil De Ville De Niamey : \u00ab Le Vaste Programme Envisag\u00e9 Est Tr\u00e8s Ambitieux Et Vise Un D\u00e9veloppement Coh\u00e9rent, Harmonieux De Toute La Ville De Niamey \u00bb"}]},{"@type":"WebSite","@id":"https:\/\/www.africa-press.net\/niger\/#website","url":"https:\/\/www.africa-press.net\/niger\/","name":"niger","description":"Just another Africa News Agency Sites site","potentialAction":[{"@type":"SearchAction","target":{"@type":"EntryPoint","urlTemplate":"https:\/\/www.africa-press.net\/niger\/?s={search_term_string}"},"query-input":{"@type":"PropertyValueSpecification","valueRequired":true,"valueName":"search_term_string"}}],"inLanguage":"fr-FR"},{"@type":"Person","@id":"https:\/\/www.africa-press.net\/niger\/#\/schema\/person\/2b1cf3cd81a31e3cd26889ca66d677f1","name":"cfeditorfr"}]}},"_links":{"self":[{"href":"https:\/\/www.africa-press.net\/niger\/wp-json\/wp\/v2\/posts\/16949","targetHints":{"allow":["GET"]}}],"collection":[{"href":"https:\/\/www.africa-press.net\/niger\/wp-json\/wp\/v2\/posts"}],"about":[{"href":"https:\/\/www.africa-press.net\/niger\/wp-json\/wp\/v2\/types\/post"}],"author":[{"embeddable":true,"href":"https:\/\/www.africa-press.net\/niger\/wp-json\/wp\/v2\/users\/82"}],"replies":[{"embeddable":true,"href":"https:\/\/www.africa-press.net\/niger\/wp-json\/wp\/v2\/comments?post=16949"}],"version-history":[{"count":0,"href":"https:\/\/www.africa-press.net\/niger\/wp-json\/wp\/v2\/posts\/16949\/revisions"}],"wp:featuredmedia":[{"embeddable":true,"href":"https:\/\/www.africa-press.net\/niger\/wp-json\/wp\/v2\/media\/16948"}],"wp:attachment":[{"href":"https:\/\/www.africa-press.net\/niger\/wp-json\/wp\/v2\/media?parent=16949"}],"wp:term":[{"taxonomy":"category","embeddable":true,"href":"https:\/\/www.africa-press.net\/niger\/wp-json\/wp\/v2\/categories?post=16949"},{"taxonomy":"post_tag","embeddable":true,"href":"https:\/\/www.africa-press.net\/niger\/wp-json\/wp\/v2\/tags?post=16949"}],"curies":[{"name":"wp","href":"https:\/\/api.w.org\/{rel}","templated":true}]}}