{"id":28636,"date":"2022-06-28T21:58:11","date_gmt":"2022-06-28T21:58:11","guid":{"rendered":"https:\/\/www.africa-press.net\/niger\/politique\/le-niger-renforce-ces-capacites-face-a-la-crise-malienne-et-a-la-menace-terroriste"},"modified":"2022-06-28T22:59:40","modified_gmt":"2022-06-28T22:59:40","slug":"le-niger-renforce-ces-capacites-face-a-la-crise-malienne-et-a-la-menace-terroriste","status":"publish","type":"post","link":"https:\/\/www.africa-press.net\/niger\/dossiers\/le-niger-renforce-ces-capacites-face-a-la-crise-malienne-et-a-la-menace-terroriste","title":{"rendered":"Le Niger renforce ces capacit\u00e9s face \u00e0 la crise malienne et \u00e0 la menace terroriste"},"content":{"rendered":"<p><span style=\"color: #ff6600\"><strong>Africa-Press &#8211; Niger. <\/strong><\/span>La position du Niger dans la crise malienne est connue pour avoir \u00e9t\u00e9 \u00e0 la fois constante et agressive \u00e0 l\u2019\u00e9gard des rebelles touar\u00e8gues du MNLA et des groupes arm\u00e9s qui les ont supplant\u00e9s et \u00e9vinc\u00e9s des principales villes du nord prises depuis 2012.<\/p>\n<p>Ces groupes ont \u00e9t\u00e9 consid\u00e9r\u00e9s en haut lieu comme des \u00abbandits et des narcotrafiquants\u00bb qui ne sont nullement repr\u00e9sentatifs des populations touar\u00e8gues. Cette fermet\u00e9 est consid\u00e9r\u00e9e aujourd\u2019hui par certains milieux, notamment d\u2019opposition, comme la cause des actes terroristes qui frappent le pays.<\/p>\n<p>Dans le contexte g\u00e9opolitique, apr\u00e8s la chute du r\u00e9gime Kadhafi en Libye, le Niger partagerait de grandes similitudes avec le Mali. Mieux encore, si les groupes arm\u00e9s ont fini par s\u2019installer au Mali, c\u2019est faute d\u2019avoir pu le faire au Niger, pays frontalier de la Libye contrairement au Mali, mais o\u00f9 l\u2019arm\u00e9e a r\u00e9ussi \u00e0 d\u00e9sarmer ou neutraliser les colonnes entr\u00e9es sur son territoire.<\/p>\n<p>En outre, historiquement, les r\u00e9bellions au Mali ont toujours eu un effet de contagion au Niger et inversement. Or avec la prise du nord Mali, l\u2019int\u00e9gralit\u00e9 des huit cent vingt et un kilom\u00e8tres de la fronti\u00e8re s\u00e9parant les deux pays passait sous le contr\u00f4le de groupes criminels dans une r\u00e9gion o\u00f9, par ailleurs, les fronti\u00e8res sont poreuses et incontr\u00f4l\u00e9es.<\/p>\n<p>C\u2019est d\u2019ailleurs pourquoi, que d\u2019un point de vue strat\u00e9gique, on comprend ainsi parfaitement la position du Niger qui ne s\u2019est gard\u00e9 d\u2019une intervention unilat\u00e9rale au Mali que faute de moyens et face au risque de heurter sa propre communaut\u00e9 touar\u00e8gue. On comprend aussi pourquoi le Niger a \u00e9t\u00e9 un des premiers pays \u00e0 annoncer l\u2019envoi de cinq cent militaires au Mali en soutien \u00e0 l\u2019op\u00e9ration Serval, \u00e0 l\u2019\u00e9poque.<\/p>\n<p>Si les \u00e9l\u00e9ments arm\u00e9s d\u2019Al-Qa\u00efda au Maghreb et du Mujao en particulier ont menac\u00e9 le Niger suite \u00e0 ses prises de position diplomatiques, l\u2019envoi de troupes sur le terrain en a fait \u00e0 leurs yeux une cible, au m\u00eame titre que le Mali.<\/p>\n<p>Dans ce contexte, le ministre nig\u00e9rien de la D\u00e9fense nationale Alkassoum Indatou a d\u00e9clar\u00e9 r\u00e9cemment qu&rsquo;environ sept cent (700) civils et cinq cent (500) militaires ont \u00e9t\u00e9 tu\u00e9s dans des \u00ab attaques terroristes \u00bb au Niger, depuis 2013, selon un rapport rendu public par l&rsquo;Agence officielle nig\u00e9rienne de presse (ANP).<\/p>\n<p>\u00ab Les Nig\u00e9riens font face \u00e0 une guerre qui leur est impos\u00e9e depuis plus d&rsquo;une dizaine d&rsquo;ann\u00e9es \u00bb, a confi\u00e9 le ministre de la D\u00e9fense nationale du Niger.<\/p>\n<p>Il a ajout\u00e9 \u00e9galement que \u00ab Ce terrorisme a un coup social \u00e9norme avec des milliers de d\u00e9plac\u00e9s, la famine, l&rsquo;aggravation de la pauvret\u00e9, la privation des droits du d\u00e9placement (aller et venir), nous amenant \u00e0 des prorogations r\u00e9currentes d&rsquo;\u00e9tats d&rsquo;urgence et aussi \u00e0 des classifications de nos routiers verts en axes dits conditionn\u00e9s et d\u00e9clar\u00e9s rouges \u00bb.<\/p>\n<p>La situation s&rsquo;est particuli\u00e8rement d\u00e9grad\u00e9e \u00e0 partir de 2015 avec les premi\u00e8res attaques de Boko Haram \u00e0 Diffa, dans le sud-est du Niger, pr\u00e8s de la fronti\u00e8re avec le Nigeria.<\/p>\n<p>Et en 2017 les r\u00e9gions de Tahoua et Tillaberi, frontali\u00e8res du Mali, ont bascul\u00e9 dans l&rsquo;ins\u00e9curit\u00e9 avec des attaques attribu\u00e9es \u00e0 des \u00ab groupes arm\u00e9s \u00bb op\u00e9rant dans le nord du Mali.<\/p>\n<p>N\u00e9anmoins, compte tenu de la faiblesse des moyens militaires et financiers de l\u2019\u00c9tat nig\u00e9rien, on peut se demander si ce ne sont pas l\u00e0 les pr\u00e9misses d\u2019une d\u00e9stabilisation d\u2019un pays qui a d\u00e9jou\u00e9 jusqu\u2019ici les pr\u00e9dictions de ceux qui le donnaient perdu car cern\u00e9 par une Libye en d\u00e9liquescence, un Mali occup\u00e9, un nord Nig\u00e9rian hant\u00e9 par les groupes de Boko Haram et un sud Alg\u00e9rien parcouru par les restes des groupes arm\u00e9s, notamment Al-Qa\u00efda et les Signataires par le sang.<\/p>\n<p>Vous constaterez d\u2019ailleurs que nos articles publi\u00e9s sur la situation au Niger ont mis en exergue les plus importants \u00e9v\u00e8nements qui s\u2019\u00e9taient d\u00e9roul\u00e9s dans ce pays.<\/p>\n<p>Mais il importe de noter que la situation du Niger est cependant diff\u00e9rente pour plusieurs raisons, parmi lesquelles deux en particulier m\u00e9ritent d\u2019\u00eatre relev\u00e9es.<\/p>\n<p>\u2022 Tout d\u2019abord et contrairement au Mali, la question touar\u00e8gue, qui est en toile de fond de toute cette instabilit\u00e9, est sinon r\u00e9solue du moins largement apais\u00e9e gr\u00e2ce \u00e0 la mise en \u0153uvre d\u2019une politique dont la port\u00e9e est reconnue m\u00eame par les leaders des anciennes r\u00e9bellions.<\/p>\n<p>En premier lieu, la politique de r\u00e9insertion des anciens combattants \u00e0 tous les niveaux de l\u2019\u00c9tat (forces de s\u00e9curit\u00e9, administration, corps paramilitaires) et dans le secteur priv\u00e9 (BTP, transport, hydrocarbures) a donn\u00e9 naissance \u00e0 une vraie bourgeoisie touar\u00e8gue qui n\u2019est gu\u00e8re incit\u00e9e \u00e0 faire la guerre puisqu\u2019elle constate qu\u2019elle peut mieux se r\u00e9aliser dans un contexte de paix.<\/p>\n<p>\u2022 La seconde raison pour laquelle la situation est diff\u00e9rente de celle du Mali tient au fait qu\u2019au Niger l\u2019\u00c9tat est plus fort, du moins pas d\u00e9liquescent.<\/p>\n<p>M\u00eame avant la crise malienne, il n\u2019a ni d\u00e9garni le nord, ni \u00e9t\u00e9 complaisant \u00e0 l\u2019\u00e9gard des groupes arm\u00e9s. Alors que le Mali a sign\u00e9 parfois de mauvais accords, le Niger a souvent \u00e9t\u00e9 intransigeant.<\/p>\n<p>Les efforts conjugu\u00e9s par les dirigeants nig\u00e9riens se sont poursuivis, permettant au pays de moderniser sa petite aviation, tout en consolidant sa force terrestre et le maillage de son territoire. Des efforts auxquels sont venus s\u2019ajouter \u00e0 une certaine p\u00e9riode la pr\u00e9sence de forces et syst\u00e8mes de surveillance (notamment les drones) fran\u00e7ais et am\u00e9ricains.<\/p>\n<p>En quelque sorte, le Niger est ainsi relativement immunis\u00e9 contre une d\u00e9stabilisation de l\u2019envergure de celle qui a frapp\u00e9 le Mali.<\/p>\n<p><b>Le d\u00e9fi reste colossal pour autant<\/b><\/p>\n<p>Le Pr\u00e9sident nig\u00e9rien Mohamed Bazoum, qui a pris le taureau par les cornes, tout juste apr\u00e8s son \u00e9lection \u00e0 la pr\u00e9sidence de la R\u00e9publique, en avril 2021, s\u2019est pench\u00e9 sur le cas des \u00ab jeunes recrues \u00bb approch\u00e9es par les groupes arm\u00e9s, et a d\u00e9clar\u00e9 \u00e0 ce sujet :<\/p>\n<p>\u00ab Depuis que je suis venu \u00e0 la t\u00eate de l\u2019\u00c9tat, je me suis dit : \u201cces jeunes gens l\u00e0 qui sont dans le terrorisme qu\u2019est-ce qu\u2019ils veulent ?\u201d. J\u2019ai d\u00e9cid\u00e9 de les aborder, j\u2019ai cherch\u00e9 le parent biologique de chacun d\u2019entre eux (\u2026) et je leur ai envoy\u00e9 des \u00e9missaires \u00bb.<\/p>\n<p>Il a m\u00eame dit avoir \u00ab parl\u00e9 avec certains \u00bb et en a \u00ab re\u00e7u d\u2019autres \u00bb et avoir constat\u00e9 \u00ab une l\u00e9g\u00e8re accalmie \u00bb dans les attaques meurtri\u00e8res des groupes arm\u00e9s, particuli\u00e8rement dans le sud-est.<\/p>\n<p>Bazoum n\u2019a pas cach\u00e9 son insistance sur l\u2019importance de l\u2019appui de leurs alli\u00e9s europ\u00e9ens et am\u00e9ricains contre les groupes arm\u00e9s : \u00ab Nous n\u2019avons pas les moyens de garder tous nos villages. Mes militaires sont 12.000 dans des op\u00e9rations, ils font quatre mois (sur le terrain) si \u00e0 c\u00f4t\u00e9 d\u2019eux je peux placer 600, 700 Europ\u00e9ens qui ont des h\u00e9licopt\u00e8res qui vont travailler avec eux (\u2026) c\u2019est \u00e7a l\u2019esprit de Takuba \u00bb, la force europ\u00e9enne qui pourrait \u00eatre red\u00e9ploy\u00e9e dans la zone nig\u00e9rienne de Tillab\u00e9ri apr\u00e8s son retrait du Mali.<\/p>\n<p>C\u2019est ainsi que le Niger a autoris\u00e9, l\u00e9gislativement, de \u00ab nouvelles implantations \u00bb de forces sp\u00e9ciales fran\u00e7aises et europ\u00e9ennes sur son territoire<\/p>\n<p>Pourquoi l&rsquo;arm\u00e9e fran\u00e7aise irait au Niger ?<\/p>\n<p>En annon\u00e7ant en f\u00e9vrier le retrait de leurs forces du Mali, la France et ses partenaires europ\u00e9ens avaient souhait\u00e9 rester engag\u00e9s dans la r\u00e9gion sah\u00e9lienne et \u00ab \u00e9tendre leur soutien aux pays voisins du golfe de Guin\u00e9e et d&rsquo;Afrique de l&rsquo;Ouest \u00bb pour contenir la menace des groupes arm\u00e9s.<\/p>\n<p>Nous invitons nos fid\u00e8les lecteurs \u00e0 consulter nos articles ci-apr\u00e8s s\u00e9lectionn\u00e9s pour eux et dans lesquels ils d\u00e9couvriront d\u2019importantes informations sur la situation au Niger.<\/p>\n<p><b>ARTICLES <\/b><\/p>\n<p>Le Niger, pas enti\u00e8rement satisfait de la strat\u00e9gie fran\u00e7aise, se rabat sur le Nigeria<\/p>\n<blockquote class=\"wp-embedded-content\" data-secret=\"O7Qt7qunbB\"><p><a href=\"https:\/\/www.africa-press.net\/niger\/dossiers\/le-niger-pas-entierement-satisfait-de-la-strategie-francaise-se-rabat-sur-le-nigeria\">Le Niger, pas enti\u00e8rement satisfait de la strat\u00e9gie fran\u00e7aise, se rabat sur le Nigeria<\/a><\/p><\/blockquote>\n<p><iframe loading=\"lazy\" class=\"wp-embedded-content\" sandbox=\"allow-scripts\" security=\"restricted\" style=\"position: absolute; clip: rect(1px, 1px, 1px, 1px);\" title=\"\u00ab\u00a0Le Niger, pas enti\u00e8rement satisfait de la strat\u00e9gie fran\u00e7aise, se rabat sur le Nigeria\u00a0\u00bb &#8212; niger\" src=\"https:\/\/www.africa-press.net\/niger\/dossiers\/le-niger-pas-entierement-satisfait-de-la-strategie-francaise-se-rabat-sur-le-nigeria\/embed#?secret=Y1prcUtxtE#?secret=O7Qt7qunbB\" data-secret=\"O7Qt7qunbB\" width=\"600\" height=\"338\" frameborder=\"0\" marginwidth=\"0\" marginheight=\"0\" scrolling=\"no\"><\/iframe><\/p>\n<p>L&rsquo;opposition rejette le vote en faveur du red\u00e9ploiement des forces fran\u00e7aises et europ\u00e9ennes au Niger<\/p>\n<blockquote class=\"wp-embedded-content\" data-secret=\"gNq6vPXP9H\"><p><a href=\"https:\/\/www.africa-press.net\/niger\/dossiers\/lopposition-rejette-le-vote-en-faveur-du-redeploiement-des-forces-francaises-et-europeennes-au-niger\">L&#8217;opposition rejette le vote en faveur du red\u00e9ploiement des forces fran\u00e7aises et europ\u00e9ennes au Niger<\/a><\/p><\/blockquote>\n<p><iframe loading=\"lazy\" class=\"wp-embedded-content\" sandbox=\"allow-scripts\" security=\"restricted\" style=\"position: absolute; clip: rect(1px, 1px, 1px, 1px);\" title=\"\u00ab\u00a0L&#8217;opposition rejette le vote en faveur du red\u00e9ploiement des forces fran\u00e7aises et europ\u00e9ennes au Niger\u00a0\u00bb &#8212; niger\" src=\"https:\/\/www.africa-press.net\/niger\/dossiers\/lopposition-rejette-le-vote-en-faveur-du-redeploiement-des-forces-francaises-et-europeennes-au-niger\/embed#?secret=diHtekGAjk#?secret=gNq6vPXP9H\" data-secret=\"gNq6vPXP9H\" width=\"600\" height=\"338\" frameborder=\"0\" marginwidth=\"0\" marginheight=\"0\" scrolling=\"no\"><\/iframe><\/p>\n<p>NIGER : Pourquoi les forces militaires europ\u00e9ennes ont-elles cherch\u00e9 \u00e0 se repositionner dans ce pays ?<\/p>\n<blockquote class=\"wp-embedded-content\" data-secret=\"plkced0f5t\"><p><a href=\"https:\/\/www.africa-press.net\/niger\/dossiers\/niger-pourquoi-les-forces-militaires-europeennes-ont-elles-cherche-a-se-repositionner-dans-ce-pays\">NIGER : Pourquoi les forces militaires europ\u00e9ennes ont-elles cherch\u00e9 \u00e0 se repositionner dans ce pays ?<\/a><\/p><\/blockquote>\n<p><iframe loading=\"lazy\" class=\"wp-embedded-content\" sandbox=\"allow-scripts\" security=\"restricted\" style=\"position: absolute; clip: rect(1px, 1px, 1px, 1px);\" title=\"\u00ab\u00a0NIGER : Pourquoi les forces militaires europ\u00e9ennes ont-elles cherch\u00e9 \u00e0 se repositionner dans ce pays ?\u00a0\u00bb &#8212; niger\" src=\"https:\/\/www.africa-press.net\/niger\/dossiers\/niger-pourquoi-les-forces-militaires-europeennes-ont-elles-cherche-a-se-repositionner-dans-ce-pays\/embed#?secret=EGAqTnnguL#?secret=plkced0f5t\" data-secret=\"plkced0f5t\" width=\"600\" height=\"338\" frameborder=\"0\" marginwidth=\"0\" marginheight=\"0\" scrolling=\"no\"><\/iframe><\/p>\n<p>Le Niger n\u00e9gocie avec les groupes arm\u00e9s pour \u00e9viter l\u2019\u00e9tablissement d\u2019un \u00ab Emirat daechite \u00bb aux trois fronti\u00e8res ?<\/p>\n<blockquote class=\"wp-embedded-content\" data-secret=\"1F3zmk5npm\"><p><a href=\"https:\/\/www.africa-press.net\/niger\/dossiers\/le-niger-negocie-avec-les-groupes-armes-pour-eviter-letablissement-dun-emirat-daechite-aux-trois-frontieres\">Le Niger n\u00e9gocie avec les groupes arm\u00e9s pour \u00e9viter l\u2019\u00e9tablissement d\u2019un \u00ab Emirat daechite \u00bb aux trois fronti\u00e8res ?<\/a><\/p><\/blockquote>\n<p><iframe loading=\"lazy\" class=\"wp-embedded-content\" sandbox=\"allow-scripts\" security=\"restricted\" style=\"position: absolute; clip: rect(1px, 1px, 1px, 1px);\" title=\"\u00ab\u00a0Le Niger n\u00e9gocie avec les groupes arm\u00e9s pour \u00e9viter l\u2019\u00e9tablissement d\u2019un \u00ab Emirat daechite \u00bb aux trois fronti\u00e8res ?\u00a0\u00bb &#8212; niger\" src=\"https:\/\/www.africa-press.net\/niger\/dossiers\/le-niger-negocie-avec-les-groupes-armes-pour-eviter-letablissement-dun-emirat-daechite-aux-trois-frontieres\/embed#?secret=6ZF3yPhPkH#?secret=1F3zmk5npm\" data-secret=\"1F3zmk5npm\" width=\"600\" height=\"338\" frameborder=\"0\" marginwidth=\"0\" marginheight=\"0\" scrolling=\"no\"><\/iframe><\/p>\n<p><strong>Pour plus d&rsquo;informations et d&rsquo;analyses sur la <a href=\"https:\/\/www.africa-press.net\/niger\">Niger<\/a>, suivez <a href=\"https:\/\/www.africa-press.net\/\">Africa-Press<\/a><\/strong><\/p>\n","protected":false},"excerpt":{"rendered":"<p>Africa-Press &#8211; Niger. La position du Niger dans la crise malienne est connue pour avoir \u00e9t\u00e9 \u00e0 la fois constante et agressive \u00e0 l\u2019\u00e9gard des rebelles touar\u00e8gues du MNLA et des groupes arm\u00e9s qui les ont supplant\u00e9s et \u00e9vinc\u00e9s des principales villes du nord prises depuis 2012. Ces groupes ont \u00e9t\u00e9 consid\u00e9r\u00e9s en haut lieu [&hellip;]<\/p>\n","protected":false},"author":82,"featured_media":28635,"comment_status":"open","ping_status":"closed","sticky":false,"template":"","format":"standard","meta":{"footnotes":""},"categories":[7,11,10],"tags":[55,60,1342,914,40,1287,1289,114,29,47,46,103],"class_list":["post-28636","post","type-post","status-publish","format-standard","has-post-thumbnail","hentry","category-dossiers","category-homepage-french","category-toutes-les-actualites","tag-africa-press","tag-africa-press-niger","tag-africain","tag-armee","tag-emmanuel-macron","tag-forces-europeennes","tag-forces-francaises","tag-mohamed-bazoum","tag-niger","tag-sahel","tag-securite","tag-terrorisme"],"yoast_head":"<!-- This site is optimized with the Yoast SEO Premium plugin v26.1 (Yoast SEO v27.0) - https:\/\/yoast.com\/product\/yoast-seo-premium-wordpress\/ -->\n<title>Le Niger renforce ces capacit\u00e9s face \u00e0 la crise malienne et \u00e0 la menace terroriste - niger<\/title>\n<meta name=\"description\" content=\"La position du Niger dans la crise malienne est connue pour avoir \u00e9t\u00e9 \u00e0 la fois constante et agressive \u00e0 l\u2019\u00e9gard des reb ...\" \/>\n<meta name=\"robots\" content=\"index, follow, max-snippet:-1, max-image-preview:large, max-video-preview:-1\" \/>\n<link rel=\"canonical\" href=\"https:\/\/www.africa-press.net\/niger\/dossiers\/le-niger-renforce-ces-capacites-face-a-la-crise-malienne-et-a-la-menace-terroriste\" \/>\n<meta property=\"og:locale\" content=\"fr_FR\" \/>\n<meta property=\"og:type\" content=\"article\" \/>\n<meta property=\"og:title\" content=\"Le Niger renforce ces capacit\u00e9s face \u00e0 la crise malienne et \u00e0 la menace terroriste\" \/>\n<meta property=\"og:description\" content=\"La position du Niger dans la crise malienne est connue pour avoir \u00e9t\u00e9 \u00e0 la fois constante et agressive \u00e0 l\u2019\u00e9gard des reb ...\" \/>\n<meta property=\"og:url\" content=\"https:\/\/www.africa-press.net\/niger\/dossiers\/le-niger-renforce-ces-capacites-face-a-la-crise-malienne-et-a-la-menace-terroriste\" \/>\n<meta property=\"og:site_name\" content=\"niger\" \/>\n<meta property=\"article:published_time\" content=\"2022-06-28T21:58:11+00:00\" \/>\n<meta property=\"article:modified_time\" content=\"2022-06-28T22:59:40+00:00\" \/>\n<meta property=\"og:image\" content=\"https:\/\/static.africa-press.net\/niger\/sites\/40\/2022\/06\/postQueueImg_6-62bb87c2cd4d6.jpg\" \/>\n\t<meta property=\"og:image:width\" content=\"1000\" \/>\n\t<meta property=\"og:image:height\" content=\"563\" \/>\n\t<meta property=\"og:image:type\" content=\"image\/jpeg\" \/>\n<meta name=\"author\" content=\"cfeditorfr\" \/>\n<meta name=\"twitter:card\" content=\"summary_large_image\" \/>\n<meta name=\"twitter:label1\" content=\"\u00c9crit par\" \/>\n\t<meta name=\"twitter:data1\" content=\"cfeditorfr\" \/>\n\t<meta name=\"twitter:label2\" content=\"Dur\u00e9e de lecture estim\u00e9e\" \/>\n\t<meta name=\"twitter:data2\" content=\"7 minutes\" \/>\n<script type=\"application\/ld+json\" class=\"yoast-schema-graph\">{\"@context\":\"https:\/\/schema.org\",\"@graph\":[{\"@type\":\"Article\",\"@id\":\"https:\/\/www.africa-press.net\/niger\/dossiers\/le-niger-renforce-ces-capacites-face-a-la-crise-malienne-et-a-la-menace-terroriste#article\",\"isPartOf\":{\"@id\":\"https:\/\/www.africa-press.net\/niger\/dossiers\/le-niger-renforce-ces-capacites-face-a-la-crise-malienne-et-a-la-menace-terroriste\"},\"author\":{\"name\":\"cfeditorfr\",\"@id\":\"https:\/\/www.africa-press.net\/niger\/#\/schema\/person\/2b1cf3cd81a31e3cd26889ca66d677f1\"},\"headline\":\"Le Niger renforce ces capacit\u00e9s face \u00e0 la crise malienne et \u00e0 la menace terroriste\",\"datePublished\":\"2022-06-28T21:58:11+00:00\",\"dateModified\":\"2022-06-28T22:59:40+00:00\",\"mainEntityOfPage\":{\"@id\":\"https:\/\/www.africa-press.net\/niger\/dossiers\/le-niger-renforce-ces-capacites-face-a-la-crise-malienne-et-a-la-menace-terroriste\"},\"wordCount\":1511,\"commentCount\":0,\"image\":{\"@id\":\"https:\/\/www.africa-press.net\/niger\/dossiers\/le-niger-renforce-ces-capacites-face-a-la-crise-malienne-et-a-la-menace-terroriste#primaryimage\"},\"thumbnailUrl\":\"https:\/\/static.africa-press.net\/niger\/sites\/40\/2022\/06\/postQueueImg_6-62bb87c2cd4d6.jpg\",\"keywords\":[\"Africa Press\",\"Africa Press-Niger\",\"africain\",\"arm\u00e9e\",\"Emmanuel Macron\",\"Forces europ\u00e9ennes\",\"Forces fran\u00e7aises\",\"Mohamed Bazoum\",\"Niger\",\"Sahel\",\"S\u00e9curit\u00e9\",\"Terrorisme\"],\"articleSection\":[\"Dossiers\",\"homepage-french\",\"Toutes les actualit\u00e9s\"],\"inLanguage\":\"fr-FR\",\"potentialAction\":[{\"@type\":\"CommentAction\",\"name\":\"Comment\",\"target\":[\"https:\/\/www.africa-press.net\/niger\/dossiers\/le-niger-renforce-ces-capacites-face-a-la-crise-malienne-et-a-la-menace-terroriste#respond\"]}]},{\"@type\":\"WebPage\",\"@id\":\"https:\/\/www.africa-press.net\/niger\/dossiers\/le-niger-renforce-ces-capacites-face-a-la-crise-malienne-et-a-la-menace-terroriste\",\"url\":\"https:\/\/www.africa-press.net\/niger\/dossiers\/le-niger-renforce-ces-capacites-face-a-la-crise-malienne-et-a-la-menace-terroriste\",\"name\":\"Le Niger renforce ces capacit\u00e9s face \u00e0 la crise malienne et \u00e0 la menace terroriste - niger\",\"isPartOf\":{\"@id\":\"https:\/\/www.africa-press.net\/niger\/#website\"},\"primaryImageOfPage\":{\"@id\":\"https:\/\/www.africa-press.net\/niger\/dossiers\/le-niger-renforce-ces-capacites-face-a-la-crise-malienne-et-a-la-menace-terroriste#primaryimage\"},\"image\":{\"@id\":\"https:\/\/www.africa-press.net\/niger\/dossiers\/le-niger-renforce-ces-capacites-face-a-la-crise-malienne-et-a-la-menace-terroriste#primaryimage\"},\"thumbnailUrl\":\"https:\/\/static.africa-press.net\/niger\/sites\/40\/2022\/06\/postQueueImg_6-62bb87c2cd4d6.jpg\",\"datePublished\":\"2022-06-28T21:58:11+00:00\",\"dateModified\":\"2022-06-28T22:59:40+00:00\",\"author\":{\"@id\":\"https:\/\/www.africa-press.net\/niger\/#\/schema\/person\/2b1cf3cd81a31e3cd26889ca66d677f1\"},\"description\":\"La position du Niger dans la crise malienne est connue pour avoir \u00e9t\u00e9 \u00e0 la fois constante et agressive \u00e0 l\u2019\u00e9gard des reb ...\",\"breadcrumb\":{\"@id\":\"https:\/\/www.africa-press.net\/niger\/dossiers\/le-niger-renforce-ces-capacites-face-a-la-crise-malienne-et-a-la-menace-terroriste#breadcrumb\"},\"inLanguage\":\"fr-FR\",\"potentialAction\":[{\"@type\":\"ReadAction\",\"target\":[\"https:\/\/www.africa-press.net\/niger\/dossiers\/le-niger-renforce-ces-capacites-face-a-la-crise-malienne-et-a-la-menace-terroriste\"]}]},{\"@type\":\"ImageObject\",\"inLanguage\":\"fr-FR\",\"@id\":\"https:\/\/www.africa-press.net\/niger\/dossiers\/le-niger-renforce-ces-capacites-face-a-la-crise-malienne-et-a-la-menace-terroriste#primaryimage\",\"url\":\"https:\/\/static.africa-press.net\/niger\/sites\/40\/2022\/06\/postQueueImg_6-62bb87c2cd4d6.jpg\",\"contentUrl\":\"https:\/\/static.africa-press.net\/niger\/sites\/40\/2022\/06\/postQueueImg_6-62bb87c2cd4d6.jpg\",\"width\":1000,\"height\":563,\"caption\":\"Le Niger renforce ces capacit\u00e9s face \u00e0 la crise malienne et \u00e0 la menace terroriste\"},{\"@type\":\"BreadcrumbList\",\"@id\":\"https:\/\/www.africa-press.net\/niger\/dossiers\/le-niger-renforce-ces-capacites-face-a-la-crise-malienne-et-a-la-menace-terroriste#breadcrumb\",\"itemListElement\":[{\"@type\":\"ListItem\",\"position\":1,\"name\":\"Accueil\",\"item\":\"https:\/\/www.africa-press.net\/niger\/\"},{\"@type\":\"ListItem\",\"position\":2,\"name\":\"Le Niger renforce ces capacit\u00e9s face \u00e0 la crise malienne et \u00e0 la menace terroriste\"}]},{\"@type\":\"WebSite\",\"@id\":\"https:\/\/www.africa-press.net\/niger\/#website\",\"url\":\"https:\/\/www.africa-press.net\/niger\/\",\"name\":\"niger\",\"description\":\"Just another Africa News Agency Sites site\",\"potentialAction\":[{\"@type\":\"SearchAction\",\"target\":{\"@type\":\"EntryPoint\",\"urlTemplate\":\"https:\/\/www.africa-press.net\/niger\/?s={search_term_string}\"},\"query-input\":{\"@type\":\"PropertyValueSpecification\",\"valueRequired\":true,\"valueName\":\"search_term_string\"}}],\"inLanguage\":\"fr-FR\"},{\"@type\":\"Person\",\"@id\":\"https:\/\/www.africa-press.net\/niger\/#\/schema\/person\/2b1cf3cd81a31e3cd26889ca66d677f1\",\"name\":\"cfeditorfr\"}]}<\/script>\n<!-- \/ Yoast SEO Premium plugin. -->","yoast_head_json":{"title":"Le Niger renforce ces capacit\u00e9s face \u00e0 la crise malienne et \u00e0 la menace terroriste - niger","description":"La position du Niger dans la crise malienne est connue pour avoir \u00e9t\u00e9 \u00e0 la fois constante et agressive \u00e0 l\u2019\u00e9gard des reb ...","robots":{"index":"index","follow":"follow","max-snippet":"max-snippet:-1","max-image-preview":"max-image-preview:large","max-video-preview":"max-video-preview:-1"},"canonical":"https:\/\/www.africa-press.net\/niger\/dossiers\/le-niger-renforce-ces-capacites-face-a-la-crise-malienne-et-a-la-menace-terroriste","og_locale":"fr_FR","og_type":"article","og_title":"Le Niger renforce ces capacit\u00e9s face \u00e0 la crise malienne et \u00e0 la menace terroriste","og_description":"La position du Niger dans la crise malienne est connue pour avoir \u00e9t\u00e9 \u00e0 la fois constante et agressive \u00e0 l\u2019\u00e9gard des reb ...","og_url":"https:\/\/www.africa-press.net\/niger\/dossiers\/le-niger-renforce-ces-capacites-face-a-la-crise-malienne-et-a-la-menace-terroriste","og_site_name":"niger","article_published_time":"2022-06-28T21:58:11+00:00","article_modified_time":"2022-06-28T22:59:40+00:00","og_image":[{"width":1000,"height":563,"url":"https:\/\/static.africa-press.net\/niger\/sites\/40\/2022\/06\/postQueueImg_6-62bb87c2cd4d6.jpg","type":"image\/jpeg"}],"author":"cfeditorfr","twitter_card":"summary_large_image","twitter_misc":{"\u00c9crit par":"cfeditorfr","Dur\u00e9e de lecture estim\u00e9e":"7 minutes"},"schema":{"@context":"https:\/\/schema.org","@graph":[{"@type":"Article","@id":"https:\/\/www.africa-press.net\/niger\/dossiers\/le-niger-renforce-ces-capacites-face-a-la-crise-malienne-et-a-la-menace-terroriste#article","isPartOf":{"@id":"https:\/\/www.africa-press.net\/niger\/dossiers\/le-niger-renforce-ces-capacites-face-a-la-crise-malienne-et-a-la-menace-terroriste"},"author":{"name":"cfeditorfr","@id":"https:\/\/www.africa-press.net\/niger\/#\/schema\/person\/2b1cf3cd81a31e3cd26889ca66d677f1"},"headline":"Le Niger renforce ces capacit\u00e9s face \u00e0 la crise malienne et \u00e0 la menace terroriste","datePublished":"2022-06-28T21:58:11+00:00","dateModified":"2022-06-28T22:59:40+00:00","mainEntityOfPage":{"@id":"https:\/\/www.africa-press.net\/niger\/dossiers\/le-niger-renforce-ces-capacites-face-a-la-crise-malienne-et-a-la-menace-terroriste"},"wordCount":1511,"commentCount":0,"image":{"@id":"https:\/\/www.africa-press.net\/niger\/dossiers\/le-niger-renforce-ces-capacites-face-a-la-crise-malienne-et-a-la-menace-terroriste#primaryimage"},"thumbnailUrl":"https:\/\/static.africa-press.net\/niger\/sites\/40\/2022\/06\/postQueueImg_6-62bb87c2cd4d6.jpg","keywords":["Africa Press","Africa Press-Niger","africain","arm\u00e9e","Emmanuel Macron","Forces europ\u00e9ennes","Forces fran\u00e7aises","Mohamed Bazoum","Niger","Sahel","S\u00e9curit\u00e9","Terrorisme"],"articleSection":["Dossiers","homepage-french","Toutes les actualit\u00e9s"],"inLanguage":"fr-FR","potentialAction":[{"@type":"CommentAction","name":"Comment","target":["https:\/\/www.africa-press.net\/niger\/dossiers\/le-niger-renforce-ces-capacites-face-a-la-crise-malienne-et-a-la-menace-terroriste#respond"]}]},{"@type":"WebPage","@id":"https:\/\/www.africa-press.net\/niger\/dossiers\/le-niger-renforce-ces-capacites-face-a-la-crise-malienne-et-a-la-menace-terroriste","url":"https:\/\/www.africa-press.net\/niger\/dossiers\/le-niger-renforce-ces-capacites-face-a-la-crise-malienne-et-a-la-menace-terroriste","name":"Le Niger renforce ces capacit\u00e9s face \u00e0 la crise malienne et \u00e0 la menace terroriste - niger","isPartOf":{"@id":"https:\/\/www.africa-press.net\/niger\/#website"},"primaryImageOfPage":{"@id":"https:\/\/www.africa-press.net\/niger\/dossiers\/le-niger-renforce-ces-capacites-face-a-la-crise-malienne-et-a-la-menace-terroriste#primaryimage"},"image":{"@id":"https:\/\/www.africa-press.net\/niger\/dossiers\/le-niger-renforce-ces-capacites-face-a-la-crise-malienne-et-a-la-menace-terroriste#primaryimage"},"thumbnailUrl":"https:\/\/static.africa-press.net\/niger\/sites\/40\/2022\/06\/postQueueImg_6-62bb87c2cd4d6.jpg","datePublished":"2022-06-28T21:58:11+00:00","dateModified":"2022-06-28T22:59:40+00:00","author":{"@id":"https:\/\/www.africa-press.net\/niger\/#\/schema\/person\/2b1cf3cd81a31e3cd26889ca66d677f1"},"description":"La position du Niger dans la crise malienne est connue pour avoir \u00e9t\u00e9 \u00e0 la fois constante et agressive \u00e0 l\u2019\u00e9gard des reb ...","breadcrumb":{"@id":"https:\/\/www.africa-press.net\/niger\/dossiers\/le-niger-renforce-ces-capacites-face-a-la-crise-malienne-et-a-la-menace-terroriste#breadcrumb"},"inLanguage":"fr-FR","potentialAction":[{"@type":"ReadAction","target":["https:\/\/www.africa-press.net\/niger\/dossiers\/le-niger-renforce-ces-capacites-face-a-la-crise-malienne-et-a-la-menace-terroriste"]}]},{"@type":"ImageObject","inLanguage":"fr-FR","@id":"https:\/\/www.africa-press.net\/niger\/dossiers\/le-niger-renforce-ces-capacites-face-a-la-crise-malienne-et-a-la-menace-terroriste#primaryimage","url":"https:\/\/static.africa-press.net\/niger\/sites\/40\/2022\/06\/postQueueImg_6-62bb87c2cd4d6.jpg","contentUrl":"https:\/\/static.africa-press.net\/niger\/sites\/40\/2022\/06\/postQueueImg_6-62bb87c2cd4d6.jpg","width":1000,"height":563,"caption":"Le Niger renforce ces capacit\u00e9s face \u00e0 la crise malienne et \u00e0 la menace terroriste"},{"@type":"BreadcrumbList","@id":"https:\/\/www.africa-press.net\/niger\/dossiers\/le-niger-renforce-ces-capacites-face-a-la-crise-malienne-et-a-la-menace-terroriste#breadcrumb","itemListElement":[{"@type":"ListItem","position":1,"name":"Accueil","item":"https:\/\/www.africa-press.net\/niger\/"},{"@type":"ListItem","position":2,"name":"Le Niger renforce ces capacit\u00e9s face \u00e0 la crise malienne et \u00e0 la menace terroriste"}]},{"@type":"WebSite","@id":"https:\/\/www.africa-press.net\/niger\/#website","url":"https:\/\/www.africa-press.net\/niger\/","name":"niger","description":"Just another Africa News Agency Sites site","potentialAction":[{"@type":"SearchAction","target":{"@type":"EntryPoint","urlTemplate":"https:\/\/www.africa-press.net\/niger\/?s={search_term_string}"},"query-input":{"@type":"PropertyValueSpecification","valueRequired":true,"valueName":"search_term_string"}}],"inLanguage":"fr-FR"},{"@type":"Person","@id":"https:\/\/www.africa-press.net\/niger\/#\/schema\/person\/2b1cf3cd81a31e3cd26889ca66d677f1","name":"cfeditorfr"}]}},"_links":{"self":[{"href":"https:\/\/www.africa-press.net\/niger\/wp-json\/wp\/v2\/posts\/28636","targetHints":{"allow":["GET"]}}],"collection":[{"href":"https:\/\/www.africa-press.net\/niger\/wp-json\/wp\/v2\/posts"}],"about":[{"href":"https:\/\/www.africa-press.net\/niger\/wp-json\/wp\/v2\/types\/post"}],"author":[{"embeddable":true,"href":"https:\/\/www.africa-press.net\/niger\/wp-json\/wp\/v2\/users\/82"}],"replies":[{"embeddable":true,"href":"https:\/\/www.africa-press.net\/niger\/wp-json\/wp\/v2\/comments?post=28636"}],"version-history":[{"count":0,"href":"https:\/\/www.africa-press.net\/niger\/wp-json\/wp\/v2\/posts\/28636\/revisions"}],"wp:featuredmedia":[{"embeddable":true,"href":"https:\/\/www.africa-press.net\/niger\/wp-json\/wp\/v2\/media\/28635"}],"wp:attachment":[{"href":"https:\/\/www.africa-press.net\/niger\/wp-json\/wp\/v2\/media?parent=28636"}],"wp:term":[{"taxonomy":"category","embeddable":true,"href":"https:\/\/www.africa-press.net\/niger\/wp-json\/wp\/v2\/categories?post=28636"},{"taxonomy":"post_tag","embeddable":true,"href":"https:\/\/www.africa-press.net\/niger\/wp-json\/wp\/v2\/tags?post=28636"}],"curies":[{"name":"wp","href":"https:\/\/api.w.org\/{rel}","templated":true}]}}