{"id":30637,"date":"2022-08-05T15:05:53","date_gmt":"2022-08-05T15:05:53","guid":{"rendered":"https:\/\/www.africa-press.net\/niger\/politique\/a-la-presidence-de-la-republique-le-chef-de-letat-preside-la-1ere-session-du-conseil-superieur-de-la-magistrature-au-titre-de-lannee-2022"},"modified":"2022-08-05T16:00:36","modified_gmt":"2022-08-05T16:00:36","slug":"a-la-presidence-de-la-republique-le-chef-de-letat-preside-la-1ere-session-du-conseil-superieur-de-la-magistrature-au-titre-de-lannee-2022","status":"publish","type":"post","link":"https:\/\/www.africa-press.net\/niger\/politique\/a-la-presidence-de-la-republique-le-chef-de-letat-preside-la-1ere-session-du-conseil-superieur-de-la-magistrature-au-titre-de-lannee-2022","title":{"rendered":"A la Pr\u00e9sidence de la R\u00e9publique\u00a0: Le Chef de l\u2019Etat pr\u00e9side la 1\u00e8re Session du Conseil Sup\u00e9rieur de la Magistrature au titre de l\u2019ann\u00e9e 2022"},"content":{"rendered":"<p><span style=\"color: #ff6600\"><strong>Africa-Press &#8211; Niger. <\/strong><\/span>Le Pr\u00e9sident de la R\u00e9publique, Chef de l\u2019Etat, Pr\u00e9sident du Conseil Sup\u00e9rieur de la Magistrature, SE Mohamed Bazoum, a pr\u00e9sid\u00e9, hier matin, l\u2019ouverture des travaux de la premi\u00e8re session du Conseil Sup\u00e9rieur de la Magistrature au titre de l\u2019ann\u00e9e 2022. Cette r\u00e9union a regroup\u00e9 autour du Chef de l\u2019Etat, le ministre de la Justice, garde des Sceaux, les pr\u00e9sidents des hautes juridictions et d\u2019autres membres du Conseil Sup\u00e9rieur de la Magistrature. Cette importante instance a pour principale fonction de g\u00e9rer la carri\u00e8re des magistrats, de se prononcer sur les questions relatives \u00e0 la d\u00e9ontologie des magistrats ainsi que sur toute question relative \u00e0 l\u2019am\u00e9lioration du fonctionnement de l\u2019institution judicaire.<\/p>\n<p>A l\u2019ouverture de cette session, le Pr\u00e9sident Mohamed Bazoum a \u00e9voqu\u00e9 certains disfonctionnements de la justice, la n\u00e9cessit\u00e9 de restaurer la confiance des citoyens vis-\u00e0-vis de la justice, le sens de responsabilit\u00e9 des magistrats, le renforcement des Cours d\u2019Appel en ressources humaines et une bonne gestion de la carri\u00e8re des magistrats. Par ailleurs, le Pr\u00e9sident de la R\u00e9publique a r\u00e9it\u00e9r\u00e9 son v\u0153u le plus cher sur la base duquel le Peuple Nig\u00e9rien a port\u00e9 son choix sur lui, celui de l\u2019instauration de la bonne gouvernance en milieu judicaire, c\u2019est-\u00e0-dire une justice de qualit\u00e9, une justice juste, \u00e9quitable et impartiale, respectueuse des droits et libert\u00e9s de chaque citoyen. Bref, une justice qui rassure les citoyens honn\u00eates en m\u00eame temps qu\u2019elle traque les d\u00e9linquants grands ou petits, riches ou pauvres.<\/p>\n<p>&nbsp;<\/p>\n<p><strong>Pour plus d&rsquo;informations et d&rsquo;analyses sur la <a href=\"https:\/\/www.africa-press.net\/niger\">Niger<\/a>, suivez <a href=\"https:\/\/www.africa-press.net\/\">Africa-Press<\/a><\/strong><\/p>\n","protected":false},"excerpt":{"rendered":"<p>Africa-Press &#8211; Niger. Le Pr\u00e9sident de la R\u00e9publique, Chef de l\u2019Etat, Pr\u00e9sident du Conseil Sup\u00e9rieur de la Magistrature, SE Mohamed Bazoum, a pr\u00e9sid\u00e9, hier matin, l\u2019ouverture des travaux de la premi\u00e8re session du Conseil Sup\u00e9rieur de la Magistrature au titre de l\u2019ann\u00e9e 2022. Cette r\u00e9union a regroup\u00e9 autour du Chef de l\u2019Etat, le ministre de [&hellip;]<\/p>\n","protected":false},"author":82,"featured_media":30636,"comment_status":"open","ping_status":"closed","sticky":false,"template":"","format":"standard","meta":{"footnotes":""},"categories":[11,2,20,10],"tags":[55,60,29],"class_list":["post-30637","post","type-post","status-publish","format-standard","has-post-thumbnail","hentry","category-homepage-french","category-politique","category-top-nouvelles","category-toutes-les-actualites","tag-africa-press","tag-africa-press-niger","tag-niger"],"yoast_head":"<!-- This site is optimized with the Yoast SEO Premium plugin v26.1 (Yoast SEO v27.0) - https:\/\/yoast.com\/product\/yoast-seo-premium-wordpress\/ -->\n<title>A la Pr\u00e9sidence de la R\u00e9publique\u00a0: Le Chef de l\u2019Etat pr\u00e9side la 1\u00e8re Session du Conseil Sup\u00e9rieur de la Magistrature au titre de l\u2019ann\u00e9e 2022 - niger<\/title>\n<meta name=\"description\" content=\"Le Pr\u00e9sident de la R\u00e9publique, Chef de l\u2019Etat, Pr\u00e9sident du Conseil Sup\u00e9rieur de la Magistrature, SE Mohamed Bazoum, a p ...\" \/>\n<meta name=\"robots\" content=\"index, follow, max-snippet:-1, max-image-preview:large, max-video-preview:-1\" \/>\n<link rel=\"canonical\" href=\"https:\/\/www.africa-press.net\/niger\/politique\/a-la-presidence-de-la-republique-le-chef-de-letat-preside-la-1ere-session-du-conseil-superieur-de-la-magistrature-au-titre-de-lannee-2022\" \/>\n<meta property=\"og:locale\" content=\"fr_FR\" \/>\n<meta property=\"og:type\" content=\"article\" \/>\n<meta property=\"og:title\" content=\"A la Pr\u00e9sidence de la R\u00e9publique\u00a0: Le Chef de l\u2019Etat pr\u00e9side la 1\u00e8re Session du Conseil Sup\u00e9rieur de la Magistrature au titre de l\u2019ann\u00e9e 2022\" \/>\n<meta property=\"og:description\" content=\"Le Pr\u00e9sident de la R\u00e9publique, Chef de l\u2019Etat, Pr\u00e9sident du Conseil Sup\u00e9rieur de la Magistrature, SE Mohamed Bazoum, a p ...\" \/>\n<meta property=\"og:url\" content=\"https:\/\/www.africa-press.net\/niger\/politique\/a-la-presidence-de-la-republique-le-chef-de-letat-preside-la-1ere-session-du-conseil-superieur-de-la-magistrature-au-titre-de-lannee-2022\" \/>\n<meta property=\"og:site_name\" content=\"niger\" \/>\n<meta property=\"article:published_time\" content=\"2022-08-05T15:05:53+00:00\" \/>\n<meta property=\"article:modified_time\" content=\"2022-08-05T16:00:36+00:00\" \/>\n<meta property=\"og:image\" content=\"https:\/\/static.africa-press.net\/niger\/sites\/40\/2022\/08\/postQueueImg_39.jpg\" \/>\n\t<meta property=\"og:image:width\" content=\"720\" \/>\n\t<meta property=\"og:image:height\" content=\"468\" \/>\n\t<meta property=\"og:image:type\" content=\"image\/jpeg\" \/>\n<meta name=\"author\" content=\"cfeditorfr\" \/>\n<meta name=\"twitter:card\" content=\"summary_large_image\" \/>\n<meta name=\"twitter:label1\" content=\"\u00c9crit par\" \/>\n\t<meta name=\"twitter:data1\" content=\"cfeditorfr\" \/>\n\t<meta name=\"twitter:label2\" content=\"Dur\u00e9e de lecture estim\u00e9e\" \/>\n\t<meta name=\"twitter:data2\" content=\"2 minutes\" \/>\n<script type=\"application\/ld+json\" class=\"yoast-schema-graph\">{\"@context\":\"https:\/\/schema.org\",\"@graph\":[{\"@type\":\"Article\",\"@id\":\"https:\/\/www.africa-press.net\/niger\/politique\/a-la-presidence-de-la-republique-le-chef-de-letat-preside-la-1ere-session-du-conseil-superieur-de-la-magistrature-au-titre-de-lannee-2022#article\",\"isPartOf\":{\"@id\":\"https:\/\/www.africa-press.net\/niger\/politique\/a-la-presidence-de-la-republique-le-chef-de-letat-preside-la-1ere-session-du-conseil-superieur-de-la-magistrature-au-titre-de-lannee-2022\"},\"author\":{\"name\":\"cfeditorfr\",\"@id\":\"https:\/\/www.africa-press.net\/niger\/#\/schema\/person\/2b1cf3cd81a31e3cd26889ca66d677f1\"},\"headline\":\"A la Pr\u00e9sidence de la R\u00e9publique\u00a0: Le Chef de l\u2019Etat pr\u00e9side la 1\u00e8re Session du Conseil Sup\u00e9rieur de la Magistrature au titre de l\u2019ann\u00e9e 2022\",\"datePublished\":\"2022-08-05T15:05:53+00:00\",\"dateModified\":\"2022-08-05T16:00:36+00:00\",\"mainEntityOfPage\":{\"@id\":\"https:\/\/www.africa-press.net\/niger\/politique\/a-la-presidence-de-la-republique-le-chef-de-letat-preside-la-1ere-session-du-conseil-superieur-de-la-magistrature-au-titre-de-lannee-2022\"},\"wordCount\":323,\"commentCount\":0,\"image\":{\"@id\":\"https:\/\/www.africa-press.net\/niger\/politique\/a-la-presidence-de-la-republique-le-chef-de-letat-preside-la-1ere-session-du-conseil-superieur-de-la-magistrature-au-titre-de-lannee-2022#primaryimage\"},\"thumbnailUrl\":\"https:\/\/static.africa-press.net\/niger\/sites\/40\/2022\/08\/postQueueImg_39.jpg\",\"keywords\":[\"Africa Press\",\"Africa Press-Niger\",\"Niger\"],\"articleSection\":[\"homepage-french\",\"Politique\",\"Top Nouvelles\",\"Toutes les actualit\u00e9s\"],\"inLanguage\":\"fr-FR\",\"potentialAction\":[{\"@type\":\"CommentAction\",\"name\":\"Comment\",\"target\":[\"https:\/\/www.africa-press.net\/niger\/politique\/a-la-presidence-de-la-republique-le-chef-de-letat-preside-la-1ere-session-du-conseil-superieur-de-la-magistrature-au-titre-de-lannee-2022#respond\"]}]},{\"@type\":\"WebPage\",\"@id\":\"https:\/\/www.africa-press.net\/niger\/politique\/a-la-presidence-de-la-republique-le-chef-de-letat-preside-la-1ere-session-du-conseil-superieur-de-la-magistrature-au-titre-de-lannee-2022\",\"url\":\"https:\/\/www.africa-press.net\/niger\/politique\/a-la-presidence-de-la-republique-le-chef-de-letat-preside-la-1ere-session-du-conseil-superieur-de-la-magistrature-au-titre-de-lannee-2022\",\"name\":\"A la Pr\u00e9sidence de la R\u00e9publique\u00a0: Le Chef de l\u2019Etat pr\u00e9side la 1\u00e8re Session du Conseil Sup\u00e9rieur de la Magistrature au titre de l\u2019ann\u00e9e 2022 - niger\",\"isPartOf\":{\"@id\":\"https:\/\/www.africa-press.net\/niger\/#website\"},\"primaryImageOfPage\":{\"@id\":\"https:\/\/www.africa-press.net\/niger\/politique\/a-la-presidence-de-la-republique-le-chef-de-letat-preside-la-1ere-session-du-conseil-superieur-de-la-magistrature-au-titre-de-lannee-2022#primaryimage\"},\"image\":{\"@id\":\"https:\/\/www.africa-press.net\/niger\/politique\/a-la-presidence-de-la-republique-le-chef-de-letat-preside-la-1ere-session-du-conseil-superieur-de-la-magistrature-au-titre-de-lannee-2022#primaryimage\"},\"thumbnailUrl\":\"https:\/\/static.africa-press.net\/niger\/sites\/40\/2022\/08\/postQueueImg_39.jpg\",\"datePublished\":\"2022-08-05T15:05:53+00:00\",\"dateModified\":\"2022-08-05T16:00:36+00:00\",\"author\":{\"@id\":\"https:\/\/www.africa-press.net\/niger\/#\/schema\/person\/2b1cf3cd81a31e3cd26889ca66d677f1\"},\"description\":\"Le Pr\u00e9sident de la R\u00e9publique, Chef de l\u2019Etat, Pr\u00e9sident du Conseil Sup\u00e9rieur de la Magistrature, SE Mohamed Bazoum, a p ...\",\"breadcrumb\":{\"@id\":\"https:\/\/www.africa-press.net\/niger\/politique\/a-la-presidence-de-la-republique-le-chef-de-letat-preside-la-1ere-session-du-conseil-superieur-de-la-magistrature-au-titre-de-lannee-2022#breadcrumb\"},\"inLanguage\":\"fr-FR\",\"potentialAction\":[{\"@type\":\"ReadAction\",\"target\":[\"https:\/\/www.africa-press.net\/niger\/politique\/a-la-presidence-de-la-republique-le-chef-de-letat-preside-la-1ere-session-du-conseil-superieur-de-la-magistrature-au-titre-de-lannee-2022\"]}]},{\"@type\":\"ImageObject\",\"inLanguage\":\"fr-FR\",\"@id\":\"https:\/\/www.africa-press.net\/niger\/politique\/a-la-presidence-de-la-republique-le-chef-de-letat-preside-la-1ere-session-du-conseil-superieur-de-la-magistrature-au-titre-de-lannee-2022#primaryimage\",\"url\":\"https:\/\/static.africa-press.net\/niger\/sites\/40\/2022\/08\/postQueueImg_39.jpg\",\"contentUrl\":\"https:\/\/static.africa-press.net\/niger\/sites\/40\/2022\/08\/postQueueImg_39.jpg\",\"width\":720,\"height\":468,\"caption\":\"A la Pr\u00e9sidence de la R\u00e9publique\u00a0: Le Chef de l\u2019Etat pr\u00e9side la 1\u00e8re Session du Conseil Sup\u00e9rieur de la Magistrature au titre de l\u2019ann\u00e9e 2022\"},{\"@type\":\"BreadcrumbList\",\"@id\":\"https:\/\/www.africa-press.net\/niger\/politique\/a-la-presidence-de-la-republique-le-chef-de-letat-preside-la-1ere-session-du-conseil-superieur-de-la-magistrature-au-titre-de-lannee-2022#breadcrumb\",\"itemListElement\":[{\"@type\":\"ListItem\",\"position\":1,\"name\":\"Accueil\",\"item\":\"https:\/\/www.africa-press.net\/niger\/\"},{\"@type\":\"ListItem\",\"position\":2,\"name\":\"A la Pr\u00e9sidence de la R\u00e9publique\u00a0: Le Chef de l\u2019Etat pr\u00e9side la 1\u00e8re Session du Conseil Sup\u00e9rieur de la Magistrature au titre de l\u2019ann\u00e9e 2022\"}]},{\"@type\":\"WebSite\",\"@id\":\"https:\/\/www.africa-press.net\/niger\/#website\",\"url\":\"https:\/\/www.africa-press.net\/niger\/\",\"name\":\"niger\",\"description\":\"Just another Africa News Agency Sites site\",\"potentialAction\":[{\"@type\":\"SearchAction\",\"target\":{\"@type\":\"EntryPoint\",\"urlTemplate\":\"https:\/\/www.africa-press.net\/niger\/?s={search_term_string}\"},\"query-input\":{\"@type\":\"PropertyValueSpecification\",\"valueRequired\":true,\"valueName\":\"search_term_string\"}}],\"inLanguage\":\"fr-FR\"},{\"@type\":\"Person\",\"@id\":\"https:\/\/www.africa-press.net\/niger\/#\/schema\/person\/2b1cf3cd81a31e3cd26889ca66d677f1\",\"name\":\"cfeditorfr\"}]}<\/script>\n<!-- \/ Yoast SEO Premium plugin. -->","yoast_head_json":{"title":"A la Pr\u00e9sidence de la R\u00e9publique\u00a0: Le Chef de l\u2019Etat pr\u00e9side la 1\u00e8re Session du Conseil Sup\u00e9rieur de la Magistrature au titre de l\u2019ann\u00e9e 2022 - niger","description":"Le Pr\u00e9sident de la R\u00e9publique, Chef de l\u2019Etat, Pr\u00e9sident du Conseil Sup\u00e9rieur de la Magistrature, SE Mohamed Bazoum, a p ...","robots":{"index":"index","follow":"follow","max-snippet":"max-snippet:-1","max-image-preview":"max-image-preview:large","max-video-preview":"max-video-preview:-1"},"canonical":"https:\/\/www.africa-press.net\/niger\/politique\/a-la-presidence-de-la-republique-le-chef-de-letat-preside-la-1ere-session-du-conseil-superieur-de-la-magistrature-au-titre-de-lannee-2022","og_locale":"fr_FR","og_type":"article","og_title":"A la Pr\u00e9sidence de la R\u00e9publique\u00a0: Le Chef de l\u2019Etat pr\u00e9side la 1\u00e8re Session du Conseil Sup\u00e9rieur de la Magistrature au titre de l\u2019ann\u00e9e 2022","og_description":"Le Pr\u00e9sident de la R\u00e9publique, Chef de l\u2019Etat, Pr\u00e9sident du Conseil Sup\u00e9rieur de la Magistrature, SE Mohamed Bazoum, a p ...","og_url":"https:\/\/www.africa-press.net\/niger\/politique\/a-la-presidence-de-la-republique-le-chef-de-letat-preside-la-1ere-session-du-conseil-superieur-de-la-magistrature-au-titre-de-lannee-2022","og_site_name":"niger","article_published_time":"2022-08-05T15:05:53+00:00","article_modified_time":"2022-08-05T16:00:36+00:00","og_image":[{"width":720,"height":468,"url":"https:\/\/static.africa-press.net\/niger\/sites\/40\/2022\/08\/postQueueImg_39.jpg","type":"image\/jpeg"}],"author":"cfeditorfr","twitter_card":"summary_large_image","twitter_misc":{"\u00c9crit par":"cfeditorfr","Dur\u00e9e de lecture estim\u00e9e":"2 minutes"},"schema":{"@context":"https:\/\/schema.org","@graph":[{"@type":"Article","@id":"https:\/\/www.africa-press.net\/niger\/politique\/a-la-presidence-de-la-republique-le-chef-de-letat-preside-la-1ere-session-du-conseil-superieur-de-la-magistrature-au-titre-de-lannee-2022#article","isPartOf":{"@id":"https:\/\/www.africa-press.net\/niger\/politique\/a-la-presidence-de-la-republique-le-chef-de-letat-preside-la-1ere-session-du-conseil-superieur-de-la-magistrature-au-titre-de-lannee-2022"},"author":{"name":"cfeditorfr","@id":"https:\/\/www.africa-press.net\/niger\/#\/schema\/person\/2b1cf3cd81a31e3cd26889ca66d677f1"},"headline":"A la Pr\u00e9sidence de la R\u00e9publique\u00a0: Le Chef de l\u2019Etat pr\u00e9side la 1\u00e8re Session du Conseil Sup\u00e9rieur de la Magistrature au titre de l\u2019ann\u00e9e 2022","datePublished":"2022-08-05T15:05:53+00:00","dateModified":"2022-08-05T16:00:36+00:00","mainEntityOfPage":{"@id":"https:\/\/www.africa-press.net\/niger\/politique\/a-la-presidence-de-la-republique-le-chef-de-letat-preside-la-1ere-session-du-conseil-superieur-de-la-magistrature-au-titre-de-lannee-2022"},"wordCount":323,"commentCount":0,"image":{"@id":"https:\/\/www.africa-press.net\/niger\/politique\/a-la-presidence-de-la-republique-le-chef-de-letat-preside-la-1ere-session-du-conseil-superieur-de-la-magistrature-au-titre-de-lannee-2022#primaryimage"},"thumbnailUrl":"https:\/\/static.africa-press.net\/niger\/sites\/40\/2022\/08\/postQueueImg_39.jpg","keywords":["Africa Press","Africa Press-Niger","Niger"],"articleSection":["homepage-french","Politique","Top Nouvelles","Toutes les actualit\u00e9s"],"inLanguage":"fr-FR","potentialAction":[{"@type":"CommentAction","name":"Comment","target":["https:\/\/www.africa-press.net\/niger\/politique\/a-la-presidence-de-la-republique-le-chef-de-letat-preside-la-1ere-session-du-conseil-superieur-de-la-magistrature-au-titre-de-lannee-2022#respond"]}]},{"@type":"WebPage","@id":"https:\/\/www.africa-press.net\/niger\/politique\/a-la-presidence-de-la-republique-le-chef-de-letat-preside-la-1ere-session-du-conseil-superieur-de-la-magistrature-au-titre-de-lannee-2022","url":"https:\/\/www.africa-press.net\/niger\/politique\/a-la-presidence-de-la-republique-le-chef-de-letat-preside-la-1ere-session-du-conseil-superieur-de-la-magistrature-au-titre-de-lannee-2022","name":"A la Pr\u00e9sidence de la R\u00e9publique\u00a0: Le Chef de l\u2019Etat pr\u00e9side la 1\u00e8re Session du Conseil Sup\u00e9rieur de la Magistrature au titre de l\u2019ann\u00e9e 2022 - niger","isPartOf":{"@id":"https:\/\/www.africa-press.net\/niger\/#website"},"primaryImageOfPage":{"@id":"https:\/\/www.africa-press.net\/niger\/politique\/a-la-presidence-de-la-republique-le-chef-de-letat-preside-la-1ere-session-du-conseil-superieur-de-la-magistrature-au-titre-de-lannee-2022#primaryimage"},"image":{"@id":"https:\/\/www.africa-press.net\/niger\/politique\/a-la-presidence-de-la-republique-le-chef-de-letat-preside-la-1ere-session-du-conseil-superieur-de-la-magistrature-au-titre-de-lannee-2022#primaryimage"},"thumbnailUrl":"https:\/\/static.africa-press.net\/niger\/sites\/40\/2022\/08\/postQueueImg_39.jpg","datePublished":"2022-08-05T15:05:53+00:00","dateModified":"2022-08-05T16:00:36+00:00","author":{"@id":"https:\/\/www.africa-press.net\/niger\/#\/schema\/person\/2b1cf3cd81a31e3cd26889ca66d677f1"},"description":"Le Pr\u00e9sident de la R\u00e9publique, Chef de l\u2019Etat, Pr\u00e9sident du Conseil Sup\u00e9rieur de la Magistrature, SE Mohamed Bazoum, a p ...","breadcrumb":{"@id":"https:\/\/www.africa-press.net\/niger\/politique\/a-la-presidence-de-la-republique-le-chef-de-letat-preside-la-1ere-session-du-conseil-superieur-de-la-magistrature-au-titre-de-lannee-2022#breadcrumb"},"inLanguage":"fr-FR","potentialAction":[{"@type":"ReadAction","target":["https:\/\/www.africa-press.net\/niger\/politique\/a-la-presidence-de-la-republique-le-chef-de-letat-preside-la-1ere-session-du-conseil-superieur-de-la-magistrature-au-titre-de-lannee-2022"]}]},{"@type":"ImageObject","inLanguage":"fr-FR","@id":"https:\/\/www.africa-press.net\/niger\/politique\/a-la-presidence-de-la-republique-le-chef-de-letat-preside-la-1ere-session-du-conseil-superieur-de-la-magistrature-au-titre-de-lannee-2022#primaryimage","url":"https:\/\/static.africa-press.net\/niger\/sites\/40\/2022\/08\/postQueueImg_39.jpg","contentUrl":"https:\/\/static.africa-press.net\/niger\/sites\/40\/2022\/08\/postQueueImg_39.jpg","width":720,"height":468,"caption":"A la Pr\u00e9sidence de la R\u00e9publique\u00a0: Le Chef de l\u2019Etat pr\u00e9side la 1\u00e8re Session du Conseil Sup\u00e9rieur de la Magistrature au titre de l\u2019ann\u00e9e 2022"},{"@type":"BreadcrumbList","@id":"https:\/\/www.africa-press.net\/niger\/politique\/a-la-presidence-de-la-republique-le-chef-de-letat-preside-la-1ere-session-du-conseil-superieur-de-la-magistrature-au-titre-de-lannee-2022#breadcrumb","itemListElement":[{"@type":"ListItem","position":1,"name":"Accueil","item":"https:\/\/www.africa-press.net\/niger\/"},{"@type":"ListItem","position":2,"name":"A la Pr\u00e9sidence de la R\u00e9publique\u00a0: Le Chef de l\u2019Etat pr\u00e9side la 1\u00e8re Session du Conseil Sup\u00e9rieur de la Magistrature au titre de l\u2019ann\u00e9e 2022"}]},{"@type":"WebSite","@id":"https:\/\/www.africa-press.net\/niger\/#website","url":"https:\/\/www.africa-press.net\/niger\/","name":"niger","description":"Just another Africa News Agency Sites site","potentialAction":[{"@type":"SearchAction","target":{"@type":"EntryPoint","urlTemplate":"https:\/\/www.africa-press.net\/niger\/?s={search_term_string}"},"query-input":{"@type":"PropertyValueSpecification","valueRequired":true,"valueName":"search_term_string"}}],"inLanguage":"fr-FR"},{"@type":"Person","@id":"https:\/\/www.africa-press.net\/niger\/#\/schema\/person\/2b1cf3cd81a31e3cd26889ca66d677f1","name":"cfeditorfr"}]}},"_links":{"self":[{"href":"https:\/\/www.africa-press.net\/niger\/wp-json\/wp\/v2\/posts\/30637","targetHints":{"allow":["GET"]}}],"collection":[{"href":"https:\/\/www.africa-press.net\/niger\/wp-json\/wp\/v2\/posts"}],"about":[{"href":"https:\/\/www.africa-press.net\/niger\/wp-json\/wp\/v2\/types\/post"}],"author":[{"embeddable":true,"href":"https:\/\/www.africa-press.net\/niger\/wp-json\/wp\/v2\/users\/82"}],"replies":[{"embeddable":true,"href":"https:\/\/www.africa-press.net\/niger\/wp-json\/wp\/v2\/comments?post=30637"}],"version-history":[{"count":0,"href":"https:\/\/www.africa-press.net\/niger\/wp-json\/wp\/v2\/posts\/30637\/revisions"}],"wp:featuredmedia":[{"embeddable":true,"href":"https:\/\/www.africa-press.net\/niger\/wp-json\/wp\/v2\/media\/30636"}],"wp:attachment":[{"href":"https:\/\/www.africa-press.net\/niger\/wp-json\/wp\/v2\/media?parent=30637"}],"wp:term":[{"taxonomy":"category","embeddable":true,"href":"https:\/\/www.africa-press.net\/niger\/wp-json\/wp\/v2\/categories?post=30637"},{"taxonomy":"post_tag","embeddable":true,"href":"https:\/\/www.africa-press.net\/niger\/wp-json\/wp\/v2\/tags?post=30637"}],"curies":[{"name":"wp","href":"https:\/\/api.w.org\/{rel}","templated":true}]}}