{"id":33655,"date":"2022-10-06T10:08:31","date_gmt":"2022-10-06T10:08:31","guid":{"rendered":"https:\/\/www.africa-press.net\/niger\/politique\/visite-de-travail-du-ministre-de-la-sante-publique-de-la-population-et-des-affaires-sociales-dans-la-region-dagadez-evaluation-de-la-mise-en-oeuvre-du-plan-du-developpement-sanitaire"},"modified":"2022-10-06T10:27:13","modified_gmt":"2022-10-06T10:27:13","slug":"visite-de-travail-du-ministre-de-la-sante-publique-de-la-population-et-des-affaires-sociales-dans-la-region-dagadez-evaluation-de-la-mise-en-oeuvre-du-plan-du-developpement-sanitaire","status":"publish","type":"post","link":"https:\/\/www.africa-press.net\/niger\/toutes-les-actualites\/visite-de-travail-du-ministre-de-la-sante-publique-de-la-population-et-des-affaires-sociales-dans-la-region-dagadez-evaluation-de-la-mise-en-oeuvre-du-plan-du-developpement-sanitaire","title":{"rendered":"Visite de travail du ministre de la Sant\u00e9 Publique, de la Population et des Affaires sociales dans la r\u00e9gion d\u2019Agadez\u00a0: Evaluation de la mise en \u0153uvre du Plan du d\u00e9veloppement sanitaire"},"content":{"rendered":"<p><span style=\"color: #ff6600\"><strong>Africa-Press &#8211; Niger. <\/strong><\/span>Une mission du Minist\u00e8re en charge de la Sant\u00e9 Publique a s\u00e9journ\u00e9 du 26 au 28 septembre 2022 dans la r\u00e9gion d\u2019Agadez. Conduite par le ministre de la Sant\u00e9 Publique, de la Population et des Affaires Sociales, Dr Illiassou Idi Ma\u00efnassara accompagn\u00e9 de la Repr\u00e9sentante de l\u2019OMS au Niger, cette mission de travail a pour but de superviser les diff\u00e9rentes activit\u00e9s de soins qui se font dans cette r\u00e9gion mais aussi et surtout d\u2019appr\u00e9cier la mise en \u0153uvre du Plan de D\u00e9veloppement Sanitaire (PDS document de r\u00e9f\u00e9rence en mati\u00e8re de politique sanitaire au Niger), un d\u00e9clinaison du Programme de la renaissance acte III dans son volet sanitaire. La mission vise \u00e9galement \u00e0 analyser les diff\u00e9rents indicateurs cl\u00e9s de la r\u00e9gion et v\u00e9rifier la mise en \u0153uvre des diff\u00e9rentes recommandations, directives et protocoles pour am\u00e9liorer le syst\u00e8me de sant\u00e9.<\/p>\n<p>Ainsi la premi\u00e8re partie de cette mission s\u2019est d\u00e9roul\u00e9e en septembre dans la commune d\u2019Agadez et une partie de la d\u00e9l\u00e9gation minist\u00e9rielle conduite par le Secr\u00e9taire g\u00e9n\u00e9ral dudit minist\u00e8re, M. Ibrahim Souley a continu\u00e9 la mission pour visiter les formations sanitaires d\u2019Arlit et Assamaka.<\/p>\n<p>Le ministre Illiassou Idi Ma\u00efnassara, s\u2019est dit satisfait \u00e0 l\u2019issue des visites effectu\u00e9es au niveau des structures publiques et priv\u00e9es de la r\u00e9gion mais \u00e9galement au niveau des diff\u00e9rents centres de r\u00e9f\u00e9rence r\u00e9gionaux comme le Centre M\u00e8re et Enfant, le Centre Hospitalier R\u00e9gional (CHR) o\u00f9 il a appr\u00e9ci\u00e9 la disponibilit\u00e9 des agents pas en terme num\u00e9rique mais en terme d\u2019engament au niveau des diff\u00e9rentes structures de sant\u00e9, la qualit\u00e9 tant des soins que des intrants en particulier les m\u00e9dicaments de prise en charge du paludisme dont le gouvernement, a d\u00e8s cette ann\u00e9e, pris l\u2019engagement de rendre gratuit aussi bien pour les enfants que pour les adultes.<\/p>\n<p>Au niveau des diff\u00e9rents centres visit\u00e9s le ministre en charge de la Sant\u00e9 Publique a trouv\u00e9 une disponibilit\u00e9 des intrants et constat\u00e9 une pleine implication des autorit\u00e9s r\u00e9gionales notamment le gouverneur, le Conseil r\u00e9gional, les \u00e9lus locaux, le conseil municipal et les acteurs de la soci\u00e9t\u00e9 civile et les leaders d\u2019opinion. Pour Dr Illiassou Idi Ma\u00efnassara, la mission a r\u00e9pondu \u00e0 ses attentes. En effet, elle lui a permis de mener des discussions et exposer les probl\u00e8mes qui assaillent le syst\u00e8me de sant\u00e9. Sur toutes ces pr\u00e9occupations, des engagements ont \u00e9t\u00e9 pris pour apporter des corrections aux probl\u00e8mes par le Minist\u00e8re de la Sant\u00e9 avec l\u2019appui des partenaires.<\/p>\n<p>L\u2019autre point fort de la mission a relev\u00e9 Dr Illiassou Idi Ma\u00efnassara c\u2019est cet engagement que, l\u2019OMS a pris l\u2019engagement de doter la r\u00e9gion d\u2019Agadez d\u2019une unit\u00e9 de production d\u2019oxyg\u00e8ne pour couvrir les besoins de l\u2019ensemble de la r\u00e9gion. D\u2019autres appuis ont \u00e9t\u00e9 \u00e9galement r\u00e9ceptionn\u00e9s notamment un appui en m\u00e9dicaments et consommables d\u2019une valeur de pr\u00e8s de 500 millions de FCFA offert par l\u2019OMS, un appui de l\u2019OIM qui a mis \u00e0 la disposition de la r\u00e9gion d\u2019Agadez un appareil du PCR de grande capacit\u00e9. Selon les explications du ministre, cet appareil au-del\u00e0 des examens PCR dans le cadre de la gestion du COVID-19, servira \u00e0 d\u2019autres notamment dans la recherche du VIH, de l\u2019h\u00e9patite, de la rougeole, etc. \u00abAujourd\u2019hui il n\u2019est plus besoin d\u2019envoyer des \u00e9chantillons \u00e0 Niamey pour identifier un germe responsable des maladies pr\u00e9cit\u00e9es\u00bb, s\u2019est r\u00e9joui le ministre de la Sant\u00e9 Publique, de la Population et des Affaires Sociales. Dr Illiassou Idi Ma\u00efnassara a encourag\u00e9 et f\u00e9licit\u00e9, au nom du gouvernement, tous les agents de sant\u00e9, qui travaillent sur l\u2019\u00e9tendue de cette r\u00e9gion.<\/p>\n<p>Au terme de sa visite de travail \u00e0 Agadez, le ministre de la Sant\u00e9 Publique a fait un certain nombre de constats. \u00abBeaucoup d\u2019agents de sant\u00e9 cherchent toujours \u00e0 quitter la r\u00e9gion pour des raisons non objectives puisque, quand on choisit le travail de sant\u00e9, il faut avoir la volont\u00e9 de rester de le faire comme cela a \u00e9t\u00e9 mon cas. Quand j\u2019ai fini mes \u00e9tudes j\u2019ai \u00e9t\u00e9 directement affect\u00e9 \u00e0 Agadez, puis Bilma car \u00e0 l\u2019\u00e9poque on ne choisit pas l\u00e0 o\u00f9 on va servir. Ce qui est malheureux aujourd\u2019hui, c\u2019est que, l\u2019Etat engage des agents et avant m\u00eame de rejoindre leurs postes ils s\u2019engagent dans des d\u00e9marches pour refuser de partir \u00e0 leurs lieux d\u2019affectations. Maintenant nous avons pris des dispositions pour que, les agents acceptent de travailler pour l\u2019Etat ou de le quitter d\u00e9finitivement si \u00e7a ne leur pla\u00eet pas\u00bb, a d\u00e9plor\u00e9 Dr Illiassou Idi Ma\u00efnassara.<\/p>\n<p>Bient\u00f4t une usine de production de l\u2019oxyg\u00e8ne \u00e0 Agadez gr\u00e2ce \u00e0 l\u2019OMS<\/p>\n<p>La repr\u00e9sentante de l\u2019OMS au Niger a, pour sa part, remerci\u00e9 les autorit\u00e9s r\u00e9gionales pour leur disponibilit\u00e9 ainsi que le personnel de sante. \u00abNous avons relev\u00e9 des points faibles ainsi que des points forts, mais les points forts \u00e9taient plus nombreux. Ces points faibles doivent \u00eatre am\u00e9lior\u00e9s de mani\u00e8re continuelle. D\u2019ailleurs certains ont \u00e9t\u00e9 am\u00e9lior\u00e9s sur place \u00e0 travers les conseils donn\u00e9s par le ministre qui lui-m\u00eame est du m\u00e9tier et d\u2019autres choses seront am\u00e9lior\u00e9es apr\u00e8s\u00bb, a-t-elle confi\u00e9.<\/p>\n<p>Dr Anya Blanche a ensuite annonc\u00e9 que, l\u2019OMS va doter la r\u00e9gion d\u2019une centrale de production d\u2019oxyg\u00e8ne. \u00abD\u2019ici la fin de l\u2019ann\u00e9e tout sera fonctionnel. Nous avons not\u00e9 une insuffisance de moyens pour la surveillance et mes collaborateurs vont travailler avec les responsables de la r\u00e9gion pour y apporter des solutions. Nous allons continuer \u00e0 collaborer avec les autres partenaires pour l\u2019am\u00e9lioration de la sant\u00e9 des populations\u00bb, a ajout\u00e9 la repr\u00e9sentante de l\u2019OMS.<\/p>\n<p>Pour sa part, le gouverneur d\u2019Agadez, M. Magagi Maman Dada s\u2019est appesanti sur trois points essentiels \u00e0 savoir la migration, la Covid-19 et la logistique. Agadez c\u2019est 52,6% de la superficie totale du territoire national avec 2000kms de fronti\u00e8res internationales avec le Tchad, la Libye, l\u2019Alg\u00e9rie et le Mali. \u00abAu regard de son immensit\u00e9, c\u2019est une r\u00e9gion aussi aux fronti\u00e8res tr\u00e8s poreuses en termes de migration. Il ya plus de risque de transmission de la Covid-19 mais la disponibilit\u00e9 des vaccins ne fait pas d\u00e9faut. Toutefois, nous faisons face \u00e0 une r\u00e9ticence des habitants. C\u2019est pourquoi, au niveau du Conseil r\u00e9gional de s\u00e9curit\u00e9, nous avons fait de la sant\u00e9 une de nos priorit\u00e9s. L\u2019autre probl\u00e8me c\u2019est le refus du personnel affect\u00e9 dans la r\u00e9gion de rester. Concernant la logistique, elle est v\u00e9tuste et les moyens roulants dont nous disposons, ne sont pas adapt\u00e9s\u00bb, a relev\u00e9 M. Magagi Maman Dada.<\/p>\n<p>Apr\u00e8s l\u2019\u00e9tape d\u2019Agadez, la mission de travail du Minist\u00e8re de la Sant\u00e9 Publique, de la Population et des Affaires Sociales conduite cette fois-ci par le Secr\u00e9taire g\u00e9n\u00e9ral dudit minist\u00e8re, M. Ibrahim Souley s\u2019est poursuivi au niveau des formations sanitaires d\u2019Arlit et de Assamaka \u00e0 la fronti\u00e8re nig\u00e9ro-alg\u00e9rienne. Ainsi au niveau d\u2019Assamaka, il a \u00e9t\u00e9 uniformis\u00e9 les pharmacies du CSI et du Centre d\u2019accueil des migrants. Le personnel a \u00e9t\u00e9 renforc\u00e9 par l\u2019affectation d\u2019une seconde sage-femme ainsi que tous les dispositifs permettant de satisfaire aux besoins des populations locales selon le Directeur r\u00e9gional de la sant\u00e9 publique, Dr Baoua Iro. Pour le cas de l\u2019infirmerie de garnison du poste militaire que la mission a trouv\u00e9 en \u00e9tat de d\u00e9labrement un local a \u00e9t\u00e9 affect\u00e9 aux FAN. Le Directeur r\u00e9gional de la sant\u00e9 publique a par ailleurs notifi\u00e9 que depuis juin 2022, l\u2019H\u00f4pital de la Cominak d\u2019Arlit a \u00e9t\u00e9 \u00e9rig\u00e9 en h\u00f4pital de district et plac\u00e9 sous tutelle du Minist\u00e8re de la Sant\u00e9 Publique, de la Population et des Affaires Sociales. La soci\u00e9t\u00e9 Orano a, selon le DRSP, promis de continuer \u00e0 faire face \u00e0 certains besoins de cette infrastructure jusqu\u2019en 2024.<\/p>\n<p>Il faut noter que, la r\u00e9gion d\u2019Agadez compte sept (7) districts sanitaires, deux (2) h\u00f4pitaux de district ; 92 CSI fonctionnels ; 158 cases de sant\u00e9 dont 99 fonctionnelles, un (1) Centre hospitalier r\u00e9gional (CHR) ; un (1) Centre de sant\u00e9 M\u00e8re-Enfant (CSME) ; un (1) Centre r\u00e9gional de transfusion sanguine (CRTS), 10 cabinets m\u00e9dicaux, une (1) polyclinique ; quatre (4) salles de soins priv\u00e9es, trois (3) pharmacies publiques et deux (2) pharmacies priv\u00e9es. Les ressources humaines y compris le personnel des FDS et les priv\u00e9s se r\u00e9sument \u00e0 61 m\u00e9decins, 464 infirmiers et 81 Sages femmes.<\/p>\n<p>Les difficult\u00e9s et les contraintes ont pour noms l\u2019\u00e9tat des b\u00e2timents du CSME, l\u2019insuffisance en personnel (Traumatologue, Cardiologue, Psychiatre, Dentiste, Dermatologue, Sage femme, Infirmiers), l\u2019insuffisance et la v\u00e9tust\u00e9 de la logistique (auto, moto), la non panne de la chambre froide depuis 4 mois; la gestion des refoul\u00e9s d\u2019Alg\u00e9rie et l\u2019\u00e9tat des routes, les difficult\u00e9s dans l\u2019approvisionnement en m\u00e9dicaments, r\u00e9actifs et consommables (faible capacit\u00e9 de l\u2019ONPPC et manque de structures priv\u00e9es agr\u00e9es).<\/p>\n<p>A cela s\u2019ajoutent l\u2019accessibilit\u00e9 difficile des populations nomades aux services de sant\u00e9; la faible couverture des CSI\/CS en r\u00e9seau d\u2019eau courante et d\u2019\u00e9lectricit\u00e9 ; l\u2019insuffisance du plateau technique des districts (seuls 2 districts sur les 7 ont des HD) ; l\u2019insuffisance de la couverture r\u00e9seau GSM et de la connexion internet dans 6 districts sur 7; la faible couverture r\u00e9seau GSM (75% des CSI n\u2019ont pas de connexion internet) ; l\u2019insuffisance de financement des activit\u00e9s de surveillance ; le non renouvellement du stock de gestion des \u00e9pid\u00e9mies, etc.<\/p>\n<p>Au chapitre des mesures correctives, il est demand\u00e9 la mise en route du Projet de d\u00e9localisation du CSME en cours \u00e0 travers le Conseil r\u00e9gional ; l\u2019expression et la transmission des besoins en ressources humaines au Minist\u00e8re, le recrutement local; l\u2019expression et la transmission des besoins en logistique au Minist\u00e8re et aux Partenaires ; le d\u00e9ploiement des vaccins, la mise en place d\u2019un dispositif de gestion des refoul\u00e9s le long des routes migratoires.<\/p>\n<p><b>Abdoulaye Harouna ONEP-Agadez<\/b><\/p>\n<p><strong>Pour plus d&rsquo;informations et d&rsquo;analyses sur la <a href=\"https:\/\/www.africa-press.net\/niger\">Niger<\/a>, suivez <a href=\"https:\/\/www.africa-press.net\/\">Africa-Press<\/a><\/strong><\/p>\n","protected":false},"excerpt":{"rendered":"<p>Africa-Press &#8211; Niger. Une mission du Minist\u00e8re en charge de la Sant\u00e9 Publique a s\u00e9journ\u00e9 du 26 au 28 septembre 2022 dans la r\u00e9gion d\u2019Agadez. Conduite par le ministre de la Sant\u00e9 Publique, de la Population et des Affaires Sociales, Dr Illiassou Idi Ma\u00efnassara accompagn\u00e9 de la Repr\u00e9sentante de l\u2019OMS au Niger, cette mission de [&hellip;]<\/p>\n","protected":false},"author":82,"featured_media":33654,"comment_status":"open","ping_status":"closed","sticky":false,"template":"","format":"standard","meta":{"footnotes":""},"categories":[21,11,10],"tags":[55,60,29],"class_list":["post-33655","post","type-post","status-publish","format-standard","has-post-thumbnail","hentry","category-communaute","category-homepage-french","category-toutes-les-actualites","tag-africa-press","tag-africa-press-niger","tag-niger"],"yoast_head":"<!-- This site is optimized with the Yoast SEO Premium plugin v26.1 (Yoast SEO v27.0) - https:\/\/yoast.com\/product\/yoast-seo-premium-wordpress\/ -->\n<title>Visite de travail du ministre de la Sant\u00e9 Publique, de la Population et des Affaires sociales dans la r\u00e9gion d\u2019Agadez\u00a0: Evaluation de la mise en \u0153uvre du Plan du d\u00e9veloppement sanitaire - niger<\/title>\n<meta name=\"description\" content=\"Une mission du Minist\u00e8re en charge de la Sant\u00e9 Publique a s\u00e9journ\u00e9 du 26 au 28 septembre 2022 dans la r\u00e9gion d\u2019Agadez. C ...\" \/>\n<meta name=\"robots\" content=\"index, follow, max-snippet:-1, max-image-preview:large, max-video-preview:-1\" \/>\n<link rel=\"canonical\" href=\"https:\/\/www.africa-press.net\/niger\/toutes-les-actualites\/visite-de-travail-du-ministre-de-la-sante-publique-de-la-population-et-des-affaires-sociales-dans-la-region-dagadez-evaluation-de-la-mise-en-oeuvre-du-plan-du-developpement-sanitaire\" \/>\n<meta property=\"og:locale\" content=\"fr_FR\" \/>\n<meta property=\"og:type\" content=\"article\" \/>\n<meta property=\"og:title\" content=\"Visite de travail du ministre de la Sant\u00e9 Publique, de la Population et des Affaires sociales dans la r\u00e9gion d\u2019Agadez\u00a0: Evaluation de la mise en \u0153uvre du Plan du d\u00e9veloppement sanitaire\" \/>\n<meta property=\"og:description\" content=\"Une mission du Minist\u00e8re en charge de la Sant\u00e9 Publique a s\u00e9journ\u00e9 du 26 au 28 septembre 2022 dans la r\u00e9gion d\u2019Agadez. C ...\" \/>\n<meta property=\"og:url\" content=\"https:\/\/www.africa-press.net\/niger\/toutes-les-actualites\/visite-de-travail-du-ministre-de-la-sante-publique-de-la-population-et-des-affaires-sociales-dans-la-region-dagadez-evaluation-de-la-mise-en-oeuvre-du-plan-du-developpement-sanitaire\" \/>\n<meta property=\"og:site_name\" content=\"niger\" \/>\n<meta property=\"article:published_time\" content=\"2022-10-06T10:08:31+00:00\" \/>\n<meta property=\"article:modified_time\" content=\"2022-10-06T10:27:13+00:00\" \/>\n<meta property=\"og:image\" content=\"https:\/\/static.africa-press.net\/niger\/sites\/40\/2022\/10\/postQueueImg_19-633ead6e6918e.jpg\" \/>\n\t<meta property=\"og:image:width\" content=\"720\" \/>\n\t<meta property=\"og:image:height\" content=\"404\" \/>\n\t<meta property=\"og:image:type\" content=\"image\/jpeg\" \/>\n<meta name=\"author\" content=\"cfeditorfr\" \/>\n<meta name=\"twitter:card\" content=\"summary_large_image\" \/>\n<meta name=\"twitter:label1\" content=\"\u00c9crit par\" \/>\n\t<meta name=\"twitter:data1\" content=\"cfeditorfr\" \/>\n\t<meta name=\"twitter:label2\" content=\"Dur\u00e9e de lecture estim\u00e9e\" \/>\n\t<meta name=\"twitter:data2\" content=\"8 minutes\" \/>\n<script type=\"application\/ld+json\" class=\"yoast-schema-graph\">{\"@context\":\"https:\/\/schema.org\",\"@graph\":[{\"@type\":\"Article\",\"@id\":\"https:\/\/www.africa-press.net\/niger\/toutes-les-actualites\/visite-de-travail-du-ministre-de-la-sante-publique-de-la-population-et-des-affaires-sociales-dans-la-region-dagadez-evaluation-de-la-mise-en-oeuvre-du-plan-du-developpement-sanitaire#article\",\"isPartOf\":{\"@id\":\"https:\/\/www.africa-press.net\/niger\/toutes-les-actualites\/visite-de-travail-du-ministre-de-la-sante-publique-de-la-population-et-des-affaires-sociales-dans-la-region-dagadez-evaluation-de-la-mise-en-oeuvre-du-plan-du-developpement-sanitaire\"},\"author\":{\"name\":\"cfeditorfr\",\"@id\":\"https:\/\/www.africa-press.net\/niger\/#\/schema\/person\/2b1cf3cd81a31e3cd26889ca66d677f1\"},\"headline\":\"Visite de travail du ministre de la Sant\u00e9 Publique, de la Population et des Affaires sociales dans la r\u00e9gion d\u2019Agadez\u00a0: Evaluation de la mise en \u0153uvre du Plan du d\u00e9veloppement sanitaire\",\"datePublished\":\"2022-10-06T10:08:31+00:00\",\"dateModified\":\"2022-10-06T10:27:13+00:00\",\"mainEntityOfPage\":{\"@id\":\"https:\/\/www.africa-press.net\/niger\/toutes-les-actualites\/visite-de-travail-du-ministre-de-la-sante-publique-de-la-population-et-des-affaires-sociales-dans-la-region-dagadez-evaluation-de-la-mise-en-oeuvre-du-plan-du-developpement-sanitaire\"},\"wordCount\":1804,\"commentCount\":0,\"image\":{\"@id\":\"https:\/\/www.africa-press.net\/niger\/toutes-les-actualites\/visite-de-travail-du-ministre-de-la-sante-publique-de-la-population-et-des-affaires-sociales-dans-la-region-dagadez-evaluation-de-la-mise-en-oeuvre-du-plan-du-developpement-sanitaire#primaryimage\"},\"thumbnailUrl\":\"https:\/\/static.africa-press.net\/niger\/sites\/40\/2022\/10\/postQueueImg_19-633ead6e6918e.jpg\",\"keywords\":[\"Africa Press\",\"Africa Press-Niger\",\"Niger\"],\"articleSection\":[\"Communaut\u00e9\",\"homepage-french\",\"Toutes les actualit\u00e9s\"],\"inLanguage\":\"fr-FR\",\"potentialAction\":[{\"@type\":\"CommentAction\",\"name\":\"Comment\",\"target\":[\"https:\/\/www.africa-press.net\/niger\/toutes-les-actualites\/visite-de-travail-du-ministre-de-la-sante-publique-de-la-population-et-des-affaires-sociales-dans-la-region-dagadez-evaluation-de-la-mise-en-oeuvre-du-plan-du-developpement-sanitaire#respond\"]}]},{\"@type\":\"WebPage\",\"@id\":\"https:\/\/www.africa-press.net\/niger\/toutes-les-actualites\/visite-de-travail-du-ministre-de-la-sante-publique-de-la-population-et-des-affaires-sociales-dans-la-region-dagadez-evaluation-de-la-mise-en-oeuvre-du-plan-du-developpement-sanitaire\",\"url\":\"https:\/\/www.africa-press.net\/niger\/toutes-les-actualites\/visite-de-travail-du-ministre-de-la-sante-publique-de-la-population-et-des-affaires-sociales-dans-la-region-dagadez-evaluation-de-la-mise-en-oeuvre-du-plan-du-developpement-sanitaire\",\"name\":\"Visite de travail du ministre de la Sant\u00e9 Publique, de la Population et des Affaires sociales dans la r\u00e9gion d\u2019Agadez\u00a0: Evaluation de la mise en \u0153uvre du Plan du d\u00e9veloppement sanitaire - niger\",\"isPartOf\":{\"@id\":\"https:\/\/www.africa-press.net\/niger\/#website\"},\"primaryImageOfPage\":{\"@id\":\"https:\/\/www.africa-press.net\/niger\/toutes-les-actualites\/visite-de-travail-du-ministre-de-la-sante-publique-de-la-population-et-des-affaires-sociales-dans-la-region-dagadez-evaluation-de-la-mise-en-oeuvre-du-plan-du-developpement-sanitaire#primaryimage\"},\"image\":{\"@id\":\"https:\/\/www.africa-press.net\/niger\/toutes-les-actualites\/visite-de-travail-du-ministre-de-la-sante-publique-de-la-population-et-des-affaires-sociales-dans-la-region-dagadez-evaluation-de-la-mise-en-oeuvre-du-plan-du-developpement-sanitaire#primaryimage\"},\"thumbnailUrl\":\"https:\/\/static.africa-press.net\/niger\/sites\/40\/2022\/10\/postQueueImg_19-633ead6e6918e.jpg\",\"datePublished\":\"2022-10-06T10:08:31+00:00\",\"dateModified\":\"2022-10-06T10:27:13+00:00\",\"author\":{\"@id\":\"https:\/\/www.africa-press.net\/niger\/#\/schema\/person\/2b1cf3cd81a31e3cd26889ca66d677f1\"},\"description\":\"Une mission du Minist\u00e8re en charge de la Sant\u00e9 Publique a s\u00e9journ\u00e9 du 26 au 28 septembre 2022 dans la r\u00e9gion d\u2019Agadez. C ...\",\"breadcrumb\":{\"@id\":\"https:\/\/www.africa-press.net\/niger\/toutes-les-actualites\/visite-de-travail-du-ministre-de-la-sante-publique-de-la-population-et-des-affaires-sociales-dans-la-region-dagadez-evaluation-de-la-mise-en-oeuvre-du-plan-du-developpement-sanitaire#breadcrumb\"},\"inLanguage\":\"fr-FR\",\"potentialAction\":[{\"@type\":\"ReadAction\",\"target\":[\"https:\/\/www.africa-press.net\/niger\/toutes-les-actualites\/visite-de-travail-du-ministre-de-la-sante-publique-de-la-population-et-des-affaires-sociales-dans-la-region-dagadez-evaluation-de-la-mise-en-oeuvre-du-plan-du-developpement-sanitaire\"]}]},{\"@type\":\"ImageObject\",\"inLanguage\":\"fr-FR\",\"@id\":\"https:\/\/www.africa-press.net\/niger\/toutes-les-actualites\/visite-de-travail-du-ministre-de-la-sante-publique-de-la-population-et-des-affaires-sociales-dans-la-region-dagadez-evaluation-de-la-mise-en-oeuvre-du-plan-du-developpement-sanitaire#primaryimage\",\"url\":\"https:\/\/static.africa-press.net\/niger\/sites\/40\/2022\/10\/postQueueImg_19-633ead6e6918e.jpg\",\"contentUrl\":\"https:\/\/static.africa-press.net\/niger\/sites\/40\/2022\/10\/postQueueImg_19-633ead6e6918e.jpg\",\"width\":720,\"height\":404,\"caption\":\"Visite de travail du ministre de la Sant\u00e9 Publique, de la Population et des Affaires sociales dans la r\u00e9gion d\u2019Agadez\u00a0: Evaluation de la mise en \u0153uvre du Plan du d\u00e9veloppement sanitaire\"},{\"@type\":\"BreadcrumbList\",\"@id\":\"https:\/\/www.africa-press.net\/niger\/toutes-les-actualites\/visite-de-travail-du-ministre-de-la-sante-publique-de-la-population-et-des-affaires-sociales-dans-la-region-dagadez-evaluation-de-la-mise-en-oeuvre-du-plan-du-developpement-sanitaire#breadcrumb\",\"itemListElement\":[{\"@type\":\"ListItem\",\"position\":1,\"name\":\"Accueil\",\"item\":\"https:\/\/www.africa-press.net\/niger\/\"},{\"@type\":\"ListItem\",\"position\":2,\"name\":\"Visite de travail du ministre de la Sant\u00e9 Publique, de la Population et des Affaires sociales dans la r\u00e9gion d\u2019Agadez\u00a0: Evaluation de la mise en \u0153uvre du Plan du d\u00e9veloppement sanitaire\"}]},{\"@type\":\"WebSite\",\"@id\":\"https:\/\/www.africa-press.net\/niger\/#website\",\"url\":\"https:\/\/www.africa-press.net\/niger\/\",\"name\":\"niger\",\"description\":\"Just another Africa News Agency Sites site\",\"potentialAction\":[{\"@type\":\"SearchAction\",\"target\":{\"@type\":\"EntryPoint\",\"urlTemplate\":\"https:\/\/www.africa-press.net\/niger\/?s={search_term_string}\"},\"query-input\":{\"@type\":\"PropertyValueSpecification\",\"valueRequired\":true,\"valueName\":\"search_term_string\"}}],\"inLanguage\":\"fr-FR\"},{\"@type\":\"Person\",\"@id\":\"https:\/\/www.africa-press.net\/niger\/#\/schema\/person\/2b1cf3cd81a31e3cd26889ca66d677f1\",\"name\":\"cfeditorfr\"}]}<\/script>\n<!-- \/ Yoast SEO Premium plugin. -->","yoast_head_json":{"title":"Visite de travail du ministre de la Sant\u00e9 Publique, de la Population et des Affaires sociales dans la r\u00e9gion d\u2019Agadez\u00a0: Evaluation de la mise en \u0153uvre du Plan du d\u00e9veloppement sanitaire - niger","description":"Une mission du Minist\u00e8re en charge de la Sant\u00e9 Publique a s\u00e9journ\u00e9 du 26 au 28 septembre 2022 dans la r\u00e9gion d\u2019Agadez. C ...","robots":{"index":"index","follow":"follow","max-snippet":"max-snippet:-1","max-image-preview":"max-image-preview:large","max-video-preview":"max-video-preview:-1"},"canonical":"https:\/\/www.africa-press.net\/niger\/toutes-les-actualites\/visite-de-travail-du-ministre-de-la-sante-publique-de-la-population-et-des-affaires-sociales-dans-la-region-dagadez-evaluation-de-la-mise-en-oeuvre-du-plan-du-developpement-sanitaire","og_locale":"fr_FR","og_type":"article","og_title":"Visite de travail du ministre de la Sant\u00e9 Publique, de la Population et des Affaires sociales dans la r\u00e9gion d\u2019Agadez\u00a0: Evaluation de la mise en \u0153uvre du Plan du d\u00e9veloppement sanitaire","og_description":"Une mission du Minist\u00e8re en charge de la Sant\u00e9 Publique a s\u00e9journ\u00e9 du 26 au 28 septembre 2022 dans la r\u00e9gion d\u2019Agadez. C ...","og_url":"https:\/\/www.africa-press.net\/niger\/toutes-les-actualites\/visite-de-travail-du-ministre-de-la-sante-publique-de-la-population-et-des-affaires-sociales-dans-la-region-dagadez-evaluation-de-la-mise-en-oeuvre-du-plan-du-developpement-sanitaire","og_site_name":"niger","article_published_time":"2022-10-06T10:08:31+00:00","article_modified_time":"2022-10-06T10:27:13+00:00","og_image":[{"width":720,"height":404,"url":"https:\/\/static.africa-press.net\/niger\/sites\/40\/2022\/10\/postQueueImg_19-633ead6e6918e.jpg","type":"image\/jpeg"}],"author":"cfeditorfr","twitter_card":"summary_large_image","twitter_misc":{"\u00c9crit par":"cfeditorfr","Dur\u00e9e de lecture estim\u00e9e":"8 minutes"},"schema":{"@context":"https:\/\/schema.org","@graph":[{"@type":"Article","@id":"https:\/\/www.africa-press.net\/niger\/toutes-les-actualites\/visite-de-travail-du-ministre-de-la-sante-publique-de-la-population-et-des-affaires-sociales-dans-la-region-dagadez-evaluation-de-la-mise-en-oeuvre-du-plan-du-developpement-sanitaire#article","isPartOf":{"@id":"https:\/\/www.africa-press.net\/niger\/toutes-les-actualites\/visite-de-travail-du-ministre-de-la-sante-publique-de-la-population-et-des-affaires-sociales-dans-la-region-dagadez-evaluation-de-la-mise-en-oeuvre-du-plan-du-developpement-sanitaire"},"author":{"name":"cfeditorfr","@id":"https:\/\/www.africa-press.net\/niger\/#\/schema\/person\/2b1cf3cd81a31e3cd26889ca66d677f1"},"headline":"Visite de travail du ministre de la Sant\u00e9 Publique, de la Population et des Affaires sociales dans la r\u00e9gion d\u2019Agadez\u00a0: Evaluation de la mise en \u0153uvre du Plan du d\u00e9veloppement sanitaire","datePublished":"2022-10-06T10:08:31+00:00","dateModified":"2022-10-06T10:27:13+00:00","mainEntityOfPage":{"@id":"https:\/\/www.africa-press.net\/niger\/toutes-les-actualites\/visite-de-travail-du-ministre-de-la-sante-publique-de-la-population-et-des-affaires-sociales-dans-la-region-dagadez-evaluation-de-la-mise-en-oeuvre-du-plan-du-developpement-sanitaire"},"wordCount":1804,"commentCount":0,"image":{"@id":"https:\/\/www.africa-press.net\/niger\/toutes-les-actualites\/visite-de-travail-du-ministre-de-la-sante-publique-de-la-population-et-des-affaires-sociales-dans-la-region-dagadez-evaluation-de-la-mise-en-oeuvre-du-plan-du-developpement-sanitaire#primaryimage"},"thumbnailUrl":"https:\/\/static.africa-press.net\/niger\/sites\/40\/2022\/10\/postQueueImg_19-633ead6e6918e.jpg","keywords":["Africa Press","Africa Press-Niger","Niger"],"articleSection":["Communaut\u00e9","homepage-french","Toutes les actualit\u00e9s"],"inLanguage":"fr-FR","potentialAction":[{"@type":"CommentAction","name":"Comment","target":["https:\/\/www.africa-press.net\/niger\/toutes-les-actualites\/visite-de-travail-du-ministre-de-la-sante-publique-de-la-population-et-des-affaires-sociales-dans-la-region-dagadez-evaluation-de-la-mise-en-oeuvre-du-plan-du-developpement-sanitaire#respond"]}]},{"@type":"WebPage","@id":"https:\/\/www.africa-press.net\/niger\/toutes-les-actualites\/visite-de-travail-du-ministre-de-la-sante-publique-de-la-population-et-des-affaires-sociales-dans-la-region-dagadez-evaluation-de-la-mise-en-oeuvre-du-plan-du-developpement-sanitaire","url":"https:\/\/www.africa-press.net\/niger\/toutes-les-actualites\/visite-de-travail-du-ministre-de-la-sante-publique-de-la-population-et-des-affaires-sociales-dans-la-region-dagadez-evaluation-de-la-mise-en-oeuvre-du-plan-du-developpement-sanitaire","name":"Visite de travail du ministre de la Sant\u00e9 Publique, de la Population et des Affaires sociales dans la r\u00e9gion d\u2019Agadez\u00a0: Evaluation de la mise en \u0153uvre du Plan du d\u00e9veloppement sanitaire - niger","isPartOf":{"@id":"https:\/\/www.africa-press.net\/niger\/#website"},"primaryImageOfPage":{"@id":"https:\/\/www.africa-press.net\/niger\/toutes-les-actualites\/visite-de-travail-du-ministre-de-la-sante-publique-de-la-population-et-des-affaires-sociales-dans-la-region-dagadez-evaluation-de-la-mise-en-oeuvre-du-plan-du-developpement-sanitaire#primaryimage"},"image":{"@id":"https:\/\/www.africa-press.net\/niger\/toutes-les-actualites\/visite-de-travail-du-ministre-de-la-sante-publique-de-la-population-et-des-affaires-sociales-dans-la-region-dagadez-evaluation-de-la-mise-en-oeuvre-du-plan-du-developpement-sanitaire#primaryimage"},"thumbnailUrl":"https:\/\/static.africa-press.net\/niger\/sites\/40\/2022\/10\/postQueueImg_19-633ead6e6918e.jpg","datePublished":"2022-10-06T10:08:31+00:00","dateModified":"2022-10-06T10:27:13+00:00","author":{"@id":"https:\/\/www.africa-press.net\/niger\/#\/schema\/person\/2b1cf3cd81a31e3cd26889ca66d677f1"},"description":"Une mission du Minist\u00e8re en charge de la Sant\u00e9 Publique a s\u00e9journ\u00e9 du 26 au 28 septembre 2022 dans la r\u00e9gion d\u2019Agadez. C ...","breadcrumb":{"@id":"https:\/\/www.africa-press.net\/niger\/toutes-les-actualites\/visite-de-travail-du-ministre-de-la-sante-publique-de-la-population-et-des-affaires-sociales-dans-la-region-dagadez-evaluation-de-la-mise-en-oeuvre-du-plan-du-developpement-sanitaire#breadcrumb"},"inLanguage":"fr-FR","potentialAction":[{"@type":"ReadAction","target":["https:\/\/www.africa-press.net\/niger\/toutes-les-actualites\/visite-de-travail-du-ministre-de-la-sante-publique-de-la-population-et-des-affaires-sociales-dans-la-region-dagadez-evaluation-de-la-mise-en-oeuvre-du-plan-du-developpement-sanitaire"]}]},{"@type":"ImageObject","inLanguage":"fr-FR","@id":"https:\/\/www.africa-press.net\/niger\/toutes-les-actualites\/visite-de-travail-du-ministre-de-la-sante-publique-de-la-population-et-des-affaires-sociales-dans-la-region-dagadez-evaluation-de-la-mise-en-oeuvre-du-plan-du-developpement-sanitaire#primaryimage","url":"https:\/\/static.africa-press.net\/niger\/sites\/40\/2022\/10\/postQueueImg_19-633ead6e6918e.jpg","contentUrl":"https:\/\/static.africa-press.net\/niger\/sites\/40\/2022\/10\/postQueueImg_19-633ead6e6918e.jpg","width":720,"height":404,"caption":"Visite de travail du ministre de la Sant\u00e9 Publique, de la Population et des Affaires sociales dans la r\u00e9gion d\u2019Agadez\u00a0: Evaluation de la mise en \u0153uvre du Plan du d\u00e9veloppement sanitaire"},{"@type":"BreadcrumbList","@id":"https:\/\/www.africa-press.net\/niger\/toutes-les-actualites\/visite-de-travail-du-ministre-de-la-sante-publique-de-la-population-et-des-affaires-sociales-dans-la-region-dagadez-evaluation-de-la-mise-en-oeuvre-du-plan-du-developpement-sanitaire#breadcrumb","itemListElement":[{"@type":"ListItem","position":1,"name":"Accueil","item":"https:\/\/www.africa-press.net\/niger\/"},{"@type":"ListItem","position":2,"name":"Visite de travail du ministre de la Sant\u00e9 Publique, de la Population et des Affaires sociales dans la r\u00e9gion d\u2019Agadez\u00a0: Evaluation de la mise en \u0153uvre du Plan du d\u00e9veloppement sanitaire"}]},{"@type":"WebSite","@id":"https:\/\/www.africa-press.net\/niger\/#website","url":"https:\/\/www.africa-press.net\/niger\/","name":"niger","description":"Just another Africa News Agency Sites site","potentialAction":[{"@type":"SearchAction","target":{"@type":"EntryPoint","urlTemplate":"https:\/\/www.africa-press.net\/niger\/?s={search_term_string}"},"query-input":{"@type":"PropertyValueSpecification","valueRequired":true,"valueName":"search_term_string"}}],"inLanguage":"fr-FR"},{"@type":"Person","@id":"https:\/\/www.africa-press.net\/niger\/#\/schema\/person\/2b1cf3cd81a31e3cd26889ca66d677f1","name":"cfeditorfr"}]}},"_links":{"self":[{"href":"https:\/\/www.africa-press.net\/niger\/wp-json\/wp\/v2\/posts\/33655","targetHints":{"allow":["GET"]}}],"collection":[{"href":"https:\/\/www.africa-press.net\/niger\/wp-json\/wp\/v2\/posts"}],"about":[{"href":"https:\/\/www.africa-press.net\/niger\/wp-json\/wp\/v2\/types\/post"}],"author":[{"embeddable":true,"href":"https:\/\/www.africa-press.net\/niger\/wp-json\/wp\/v2\/users\/82"}],"replies":[{"embeddable":true,"href":"https:\/\/www.africa-press.net\/niger\/wp-json\/wp\/v2\/comments?post=33655"}],"version-history":[{"count":0,"href":"https:\/\/www.africa-press.net\/niger\/wp-json\/wp\/v2\/posts\/33655\/revisions"}],"wp:featuredmedia":[{"embeddable":true,"href":"https:\/\/www.africa-press.net\/niger\/wp-json\/wp\/v2\/media\/33654"}],"wp:attachment":[{"href":"https:\/\/www.africa-press.net\/niger\/wp-json\/wp\/v2\/media?parent=33655"}],"wp:term":[{"taxonomy":"category","embeddable":true,"href":"https:\/\/www.africa-press.net\/niger\/wp-json\/wp\/v2\/categories?post=33655"},{"taxonomy":"post_tag","embeddable":true,"href":"https:\/\/www.africa-press.net\/niger\/wp-json\/wp\/v2\/tags?post=33655"}],"curies":[{"name":"wp","href":"https:\/\/api.w.org\/{rel}","templated":true}]}}