{"id":33667,"date":"2022-10-07T07:22:02","date_gmt":"2022-10-07T07:22:02","guid":{"rendered":"https:\/\/www.africa-press.net\/niger\/politique\/afrique-loms-sinquiete-du-taux-eleve-des-cas-de-suicide"},"modified":"2022-10-07T07:36:50","modified_gmt":"2022-10-07T07:36:50","slug":"afrique-loms-sinquiete-du-taux-eleve-des-cas-de-suicide","status":"publish","type":"post","link":"https:\/\/www.africa-press.net\/niger\/toutes-les-actualites\/afrique-loms-sinquiete-du-taux-eleve-des-cas-de-suicide","title":{"rendered":"Afrique : l\u2019OMS s\u2019inqui\u00e8te du taux \u00e9lev\u00e9 des cas de suicide"},"content":{"rendered":"<p><span style=\"color: #ff6600\"><strong>Africa-Press &#8211; Niger. <\/strong><\/span>Environ 11 personnes sur 100.000 se donnent la mort sur le continent africain.L\u2019Organisation mondiale de la Sant\u00e9 (OMS) a lanc\u00e9 ce jeudi une campagne de sensibilisation et d\u2019incitation \u00e0 la pr\u00e9vention du suicide en Afrique, qui enregistre le taux le plus \u00e9lev\u00e9 de d\u00e9c\u00e8s par suicide au monde.<\/p>\n<p>Selon ses statistiques, environ 11 personnes sur 100.000 se donnent la mort dans la r\u00e9gion, qui d\u00e9passe ainsi la moyenne mondiale de neuf cas de suicide pour 100.000 habitants. Cette situation s\u2019explique en partie par les moyens d\u2019action limit\u00e9s disponibles pour traiter et pr\u00e9venir les facteurs de risque, notamment les troubles mentaux, qui touchent en ce moment 116 millions de personnes, contre 53 millions en 1990.<\/p>\n<p>La campagne sur les r\u00e9seaux sociaux, lanc\u00e9e en pr\u00e9lude \u00e0 la Journ\u00e9e mondiale de la sant\u00e9 mentale, vise \u00e0 atteindre 10 millions de personnes dans la r\u00e9gion. Le but est de sensibiliser le grand public et de mobiliser le soutien des gouvernements et des d\u00e9cideurs pour qu\u2019ils accordent plus d\u2019attention et de financement aux programmes d\u00e9di\u00e9s \u00e0 la sant\u00e9 mentale, qui comprennent la pr\u00e9vention du suicide.<\/p>\n<p>De tels efforts englobent le renforcement des capacit\u00e9s des travailleurs de la sant\u00e9 pour mieux prendre en charge les personnes qui ont des pens\u00e9es suicidaires, \u00e9duquer les personnes qui pourraient avoir de telles id\u00e9es en leur indiquant o\u00f9 obtenir de l\u2019aide. Il s\u2019agit aussi de sensibiliser le grand public \u00e0 la fa\u00e7on d\u2019identifier et d\u2019aider les personnes dans le besoin et de contribuer \u00e0 la lutte contre la stigmatisation associ\u00e9e au suicide, \u00e0 l\u2019\u00e9pilepsie, aux troubles mentaux et \u00e0 l\u2019abus d\u2019alcool ou de drogues.<\/p>\n<p>\u00ab Le suicide est un probl\u00e8me majeur de sant\u00e9 publique et chaque suicide est une trag\u00e9die. Malheureusement, la pr\u00e9vention du suicide est rarement une priorit\u00e9 dans les programmes de sant\u00e9 nationaux \u00bb, a d\u00e9clar\u00e9 Dr Matshidiso Moeti, Directrice r\u00e9gionale de l\u2019OMS pour l\u2019Afrique au cours d\u2019une conf\u00e9rence de presse.<\/p>\n<p>Selon elle, \u00ab des investissements importants doivent \u00eatre r\u00e9alis\u00e9s pour s\u2019attaquer au fardeau croissant des maladies chroniques et de maladies non infectieuses telles que les troubles mentaux qui peuvent d\u00e9boucher sur le suicide en Afrique \u00bb.<\/p>\n<p>Les probl\u00e8mes de sant\u00e9 mentale repr\u00e9sentent jusqu\u2019\u00e0 11 % des facteurs de risque associ\u00e9s au suicide. Le choix du th\u00e8me retenu cette ann\u00e9e pour la Journ\u00e9e mondiale de la sant\u00e9 mentale \u00ab Faisons de la sant\u00e9 mentale et du bien-\u00eatre pour tous une priorit\u00e9 mondiale \u00bb a \u00e9t\u00e9 dict\u00e9 par la n\u00e9cessit\u00e9 d\u2019attirer l\u2019attention sur l\u2019importance des soins de sant\u00e9 mentale et d\u2019\u00e9largir l\u2019acc\u00e8s aux services de sant\u00e9.<\/p>\n<p>En Afrique, l\u2019OMS note que le sous-investissement des gouvernements est le principal obstacle \u00e0 la prestation de services de sant\u00e9 mentale adapt\u00e9s aux besoins. En moyenne, les gouvernements allouent moins de 50 centimes de dollar par habitant \u00e0 la sant\u00e9 mentale. Bien qu\u2019il s\u2019agisse d\u2019une am\u00e9lioration par rapport aux 10 centimes de dollar qui \u00e9taient allou\u00e9s en 2017, cela reste bien en de\u00e7\u00e0 des 2 dollars par habitant recommand\u00e9s pour les pays \u00e0 faible revenu. En outre, les soins de sant\u00e9 mentale ne sont g\u00e9n\u00e9ralement pas inclus dans les r\u00e9gimes nationaux d\u2019assurance-maladie.<\/p>\n<p><strong>Pour plus d&rsquo;informations et d&rsquo;analyses sur la <a href=\"https:\/\/www.africa-press.net\/niger\">Niger<\/a>, suivez <a href=\"https:\/\/www.africa-press.net\/\">Africa-Press<\/a><\/strong><\/p>\n","protected":false},"excerpt":{"rendered":"<p>Africa-Press &#8211; Niger. Environ 11 personnes sur 100.000 se donnent la mort sur le continent africain.L\u2019Organisation mondiale de la Sant\u00e9 (OMS) a lanc\u00e9 ce jeudi une campagne de sensibilisation et d\u2019incitation \u00e0 la pr\u00e9vention du suicide en Afrique, qui enregistre le taux le plus \u00e9lev\u00e9 de d\u00e9c\u00e8s par suicide au monde. Selon ses statistiques, environ [&hellip;]<\/p>\n","protected":false},"author":82,"featured_media":33666,"comment_status":"open","ping_status":"closed","sticky":false,"template":"","format":"standard","meta":{"footnotes":""},"categories":[21,11,10],"tags":[55,60,29],"class_list":["post-33667","post","type-post","status-publish","format-standard","has-post-thumbnail","hentry","category-communaute","category-homepage-french","category-toutes-les-actualites","tag-africa-press","tag-africa-press-niger","tag-niger"],"yoast_head":"<!-- This site is optimized with the Yoast SEO Premium plugin v26.1 (Yoast SEO v27.0) - https:\/\/yoast.com\/product\/yoast-seo-premium-wordpress\/ -->\n<title>Afrique : l\u2019OMS s\u2019inqui\u00e8te du taux \u00e9lev\u00e9 des cas de suicide - niger<\/title>\n<meta name=\"description\" content=\"Environ 11 personnes sur 100.000 se donnent la mort sur le continent africain.L\u2019Organisation mondiale de la Sant\u00e9 (OMS) ...\" \/>\n<meta name=\"robots\" content=\"index, follow, max-snippet:-1, max-image-preview:large, max-video-preview:-1\" \/>\n<link rel=\"canonical\" href=\"https:\/\/www.africa-press.net\/niger\/toutes-les-actualites\/afrique-loms-sinquiete-du-taux-eleve-des-cas-de-suicide\" \/>\n<meta property=\"og:locale\" content=\"fr_FR\" \/>\n<meta property=\"og:type\" content=\"article\" \/>\n<meta property=\"og:title\" content=\"Afrique : l\u2019OMS s\u2019inqui\u00e8te du taux \u00e9lev\u00e9 des cas de suicide\" \/>\n<meta property=\"og:description\" content=\"Environ 11 personnes sur 100.000 se donnent la mort sur le continent africain.L\u2019Organisation mondiale de la Sant\u00e9 (OMS) ...\" \/>\n<meta property=\"og:url\" content=\"https:\/\/www.africa-press.net\/niger\/toutes-les-actualites\/afrique-loms-sinquiete-du-taux-eleve-des-cas-de-suicide\" \/>\n<meta property=\"og:site_name\" content=\"niger\" \/>\n<meta property=\"article:published_time\" content=\"2022-10-07T07:22:02+00:00\" \/>\n<meta property=\"article:modified_time\" content=\"2022-10-07T07:36:50+00:00\" \/>\n<meta property=\"og:image\" content=\"https:\/\/static.africa-press.net\/niger\/sites\/40\/2022\/10\/postQueueImg_2-633fd6ed51f99.jpg\" \/>\n\t<meta property=\"og:image:width\" content=\"780\" \/>\n\t<meta property=\"og:image:height\" content=\"440\" \/>\n\t<meta property=\"og:image:type\" content=\"image\/jpeg\" \/>\n<meta name=\"author\" content=\"cfeditorfr\" \/>\n<meta name=\"twitter:card\" content=\"summary_large_image\" \/>\n<meta name=\"twitter:label1\" content=\"\u00c9crit par\" \/>\n\t<meta name=\"twitter:data1\" content=\"cfeditorfr\" \/>\n\t<meta name=\"twitter:label2\" content=\"Dur\u00e9e de lecture estim\u00e9e\" \/>\n\t<meta name=\"twitter:data2\" content=\"3 minutes\" \/>\n<script type=\"application\/ld+json\" class=\"yoast-schema-graph\">{\"@context\":\"https:\/\/schema.org\",\"@graph\":[{\"@type\":\"Article\",\"@id\":\"https:\/\/www.africa-press.net\/niger\/toutes-les-actualites\/afrique-loms-sinquiete-du-taux-eleve-des-cas-de-suicide#article\",\"isPartOf\":{\"@id\":\"https:\/\/www.africa-press.net\/niger\/toutes-les-actualites\/afrique-loms-sinquiete-du-taux-eleve-des-cas-de-suicide\"},\"author\":{\"name\":\"cfeditorfr\",\"@id\":\"https:\/\/www.africa-press.net\/niger\/#\/schema\/person\/2b1cf3cd81a31e3cd26889ca66d677f1\"},\"headline\":\"Afrique : l\u2019OMS s\u2019inqui\u00e8te du taux \u00e9lev\u00e9 des cas de suicide\",\"datePublished\":\"2022-10-07T07:22:02+00:00\",\"dateModified\":\"2022-10-07T07:36:50+00:00\",\"mainEntityOfPage\":{\"@id\":\"https:\/\/www.africa-press.net\/niger\/toutes-les-actualites\/afrique-loms-sinquiete-du-taux-eleve-des-cas-de-suicide\"},\"wordCount\":579,\"commentCount\":0,\"image\":{\"@id\":\"https:\/\/www.africa-press.net\/niger\/toutes-les-actualites\/afrique-loms-sinquiete-du-taux-eleve-des-cas-de-suicide#primaryimage\"},\"thumbnailUrl\":\"https:\/\/static.africa-press.net\/niger\/sites\/40\/2022\/10\/postQueueImg_2-633fd6ed51f99.jpg\",\"keywords\":[\"Africa Press\",\"Africa Press-Niger\",\"Niger\"],\"articleSection\":[\"Communaut\u00e9\",\"homepage-french\",\"Toutes les actualit\u00e9s\"],\"inLanguage\":\"fr-FR\",\"potentialAction\":[{\"@type\":\"CommentAction\",\"name\":\"Comment\",\"target\":[\"https:\/\/www.africa-press.net\/niger\/toutes-les-actualites\/afrique-loms-sinquiete-du-taux-eleve-des-cas-de-suicide#respond\"]}]},{\"@type\":\"WebPage\",\"@id\":\"https:\/\/www.africa-press.net\/niger\/toutes-les-actualites\/afrique-loms-sinquiete-du-taux-eleve-des-cas-de-suicide\",\"url\":\"https:\/\/www.africa-press.net\/niger\/toutes-les-actualites\/afrique-loms-sinquiete-du-taux-eleve-des-cas-de-suicide\",\"name\":\"Afrique : l\u2019OMS s\u2019inqui\u00e8te du taux \u00e9lev\u00e9 des cas de suicide - niger\",\"isPartOf\":{\"@id\":\"https:\/\/www.africa-press.net\/niger\/#website\"},\"primaryImageOfPage\":{\"@id\":\"https:\/\/www.africa-press.net\/niger\/toutes-les-actualites\/afrique-loms-sinquiete-du-taux-eleve-des-cas-de-suicide#primaryimage\"},\"image\":{\"@id\":\"https:\/\/www.africa-press.net\/niger\/toutes-les-actualites\/afrique-loms-sinquiete-du-taux-eleve-des-cas-de-suicide#primaryimage\"},\"thumbnailUrl\":\"https:\/\/static.africa-press.net\/niger\/sites\/40\/2022\/10\/postQueueImg_2-633fd6ed51f99.jpg\",\"datePublished\":\"2022-10-07T07:22:02+00:00\",\"dateModified\":\"2022-10-07T07:36:50+00:00\",\"author\":{\"@id\":\"https:\/\/www.africa-press.net\/niger\/#\/schema\/person\/2b1cf3cd81a31e3cd26889ca66d677f1\"},\"description\":\"Environ 11 personnes sur 100.000 se donnent la mort sur le continent africain.L\u2019Organisation mondiale de la Sant\u00e9 (OMS) ...\",\"breadcrumb\":{\"@id\":\"https:\/\/www.africa-press.net\/niger\/toutes-les-actualites\/afrique-loms-sinquiete-du-taux-eleve-des-cas-de-suicide#breadcrumb\"},\"inLanguage\":\"fr-FR\",\"potentialAction\":[{\"@type\":\"ReadAction\",\"target\":[\"https:\/\/www.africa-press.net\/niger\/toutes-les-actualites\/afrique-loms-sinquiete-du-taux-eleve-des-cas-de-suicide\"]}]},{\"@type\":\"ImageObject\",\"inLanguage\":\"fr-FR\",\"@id\":\"https:\/\/www.africa-press.net\/niger\/toutes-les-actualites\/afrique-loms-sinquiete-du-taux-eleve-des-cas-de-suicide#primaryimage\",\"url\":\"https:\/\/static.africa-press.net\/niger\/sites\/40\/2022\/10\/postQueueImg_2-633fd6ed51f99.jpg\",\"contentUrl\":\"https:\/\/static.africa-press.net\/niger\/sites\/40\/2022\/10\/postQueueImg_2-633fd6ed51f99.jpg\",\"width\":780,\"height\":440,\"caption\":\"Afrique : l\u2019OMS s\u2019inqui\u00e8te du taux \u00e9lev\u00e9 des cas de suicide\"},{\"@type\":\"BreadcrumbList\",\"@id\":\"https:\/\/www.africa-press.net\/niger\/toutes-les-actualites\/afrique-loms-sinquiete-du-taux-eleve-des-cas-de-suicide#breadcrumb\",\"itemListElement\":[{\"@type\":\"ListItem\",\"position\":1,\"name\":\"Accueil\",\"item\":\"https:\/\/www.africa-press.net\/niger\/\"},{\"@type\":\"ListItem\",\"position\":2,\"name\":\"Afrique : l\u2019OMS s\u2019inqui\u00e8te du taux \u00e9lev\u00e9 des cas de suicide\"}]},{\"@type\":\"WebSite\",\"@id\":\"https:\/\/www.africa-press.net\/niger\/#website\",\"url\":\"https:\/\/www.africa-press.net\/niger\/\",\"name\":\"niger\",\"description\":\"Just another Africa News Agency Sites site\",\"potentialAction\":[{\"@type\":\"SearchAction\",\"target\":{\"@type\":\"EntryPoint\",\"urlTemplate\":\"https:\/\/www.africa-press.net\/niger\/?s={search_term_string}\"},\"query-input\":{\"@type\":\"PropertyValueSpecification\",\"valueRequired\":true,\"valueName\":\"search_term_string\"}}],\"inLanguage\":\"fr-FR\"},{\"@type\":\"Person\",\"@id\":\"https:\/\/www.africa-press.net\/niger\/#\/schema\/person\/2b1cf3cd81a31e3cd26889ca66d677f1\",\"name\":\"cfeditorfr\"}]}<\/script>\n<!-- \/ Yoast SEO Premium plugin. -->","yoast_head_json":{"title":"Afrique : l\u2019OMS s\u2019inqui\u00e8te du taux \u00e9lev\u00e9 des cas de suicide - niger","description":"Environ 11 personnes sur 100.000 se donnent la mort sur le continent africain.L\u2019Organisation mondiale de la Sant\u00e9 (OMS) ...","robots":{"index":"index","follow":"follow","max-snippet":"max-snippet:-1","max-image-preview":"max-image-preview:large","max-video-preview":"max-video-preview:-1"},"canonical":"https:\/\/www.africa-press.net\/niger\/toutes-les-actualites\/afrique-loms-sinquiete-du-taux-eleve-des-cas-de-suicide","og_locale":"fr_FR","og_type":"article","og_title":"Afrique : l\u2019OMS s\u2019inqui\u00e8te du taux \u00e9lev\u00e9 des cas de suicide","og_description":"Environ 11 personnes sur 100.000 se donnent la mort sur le continent africain.L\u2019Organisation mondiale de la Sant\u00e9 (OMS) ...","og_url":"https:\/\/www.africa-press.net\/niger\/toutes-les-actualites\/afrique-loms-sinquiete-du-taux-eleve-des-cas-de-suicide","og_site_name":"niger","article_published_time":"2022-10-07T07:22:02+00:00","article_modified_time":"2022-10-07T07:36:50+00:00","og_image":[{"width":780,"height":440,"url":"https:\/\/static.africa-press.net\/niger\/sites\/40\/2022\/10\/postQueueImg_2-633fd6ed51f99.jpg","type":"image\/jpeg"}],"author":"cfeditorfr","twitter_card":"summary_large_image","twitter_misc":{"\u00c9crit par":"cfeditorfr","Dur\u00e9e de lecture estim\u00e9e":"3 minutes"},"schema":{"@context":"https:\/\/schema.org","@graph":[{"@type":"Article","@id":"https:\/\/www.africa-press.net\/niger\/toutes-les-actualites\/afrique-loms-sinquiete-du-taux-eleve-des-cas-de-suicide#article","isPartOf":{"@id":"https:\/\/www.africa-press.net\/niger\/toutes-les-actualites\/afrique-loms-sinquiete-du-taux-eleve-des-cas-de-suicide"},"author":{"name":"cfeditorfr","@id":"https:\/\/www.africa-press.net\/niger\/#\/schema\/person\/2b1cf3cd81a31e3cd26889ca66d677f1"},"headline":"Afrique : l\u2019OMS s\u2019inqui\u00e8te du taux \u00e9lev\u00e9 des cas de suicide","datePublished":"2022-10-07T07:22:02+00:00","dateModified":"2022-10-07T07:36:50+00:00","mainEntityOfPage":{"@id":"https:\/\/www.africa-press.net\/niger\/toutes-les-actualites\/afrique-loms-sinquiete-du-taux-eleve-des-cas-de-suicide"},"wordCount":579,"commentCount":0,"image":{"@id":"https:\/\/www.africa-press.net\/niger\/toutes-les-actualites\/afrique-loms-sinquiete-du-taux-eleve-des-cas-de-suicide#primaryimage"},"thumbnailUrl":"https:\/\/static.africa-press.net\/niger\/sites\/40\/2022\/10\/postQueueImg_2-633fd6ed51f99.jpg","keywords":["Africa Press","Africa Press-Niger","Niger"],"articleSection":["Communaut\u00e9","homepage-french","Toutes les actualit\u00e9s"],"inLanguage":"fr-FR","potentialAction":[{"@type":"CommentAction","name":"Comment","target":["https:\/\/www.africa-press.net\/niger\/toutes-les-actualites\/afrique-loms-sinquiete-du-taux-eleve-des-cas-de-suicide#respond"]}]},{"@type":"WebPage","@id":"https:\/\/www.africa-press.net\/niger\/toutes-les-actualites\/afrique-loms-sinquiete-du-taux-eleve-des-cas-de-suicide","url":"https:\/\/www.africa-press.net\/niger\/toutes-les-actualites\/afrique-loms-sinquiete-du-taux-eleve-des-cas-de-suicide","name":"Afrique : l\u2019OMS s\u2019inqui\u00e8te du taux \u00e9lev\u00e9 des cas de suicide - niger","isPartOf":{"@id":"https:\/\/www.africa-press.net\/niger\/#website"},"primaryImageOfPage":{"@id":"https:\/\/www.africa-press.net\/niger\/toutes-les-actualites\/afrique-loms-sinquiete-du-taux-eleve-des-cas-de-suicide#primaryimage"},"image":{"@id":"https:\/\/www.africa-press.net\/niger\/toutes-les-actualites\/afrique-loms-sinquiete-du-taux-eleve-des-cas-de-suicide#primaryimage"},"thumbnailUrl":"https:\/\/static.africa-press.net\/niger\/sites\/40\/2022\/10\/postQueueImg_2-633fd6ed51f99.jpg","datePublished":"2022-10-07T07:22:02+00:00","dateModified":"2022-10-07T07:36:50+00:00","author":{"@id":"https:\/\/www.africa-press.net\/niger\/#\/schema\/person\/2b1cf3cd81a31e3cd26889ca66d677f1"},"description":"Environ 11 personnes sur 100.000 se donnent la mort sur le continent africain.L\u2019Organisation mondiale de la Sant\u00e9 (OMS) ...","breadcrumb":{"@id":"https:\/\/www.africa-press.net\/niger\/toutes-les-actualites\/afrique-loms-sinquiete-du-taux-eleve-des-cas-de-suicide#breadcrumb"},"inLanguage":"fr-FR","potentialAction":[{"@type":"ReadAction","target":["https:\/\/www.africa-press.net\/niger\/toutes-les-actualites\/afrique-loms-sinquiete-du-taux-eleve-des-cas-de-suicide"]}]},{"@type":"ImageObject","inLanguage":"fr-FR","@id":"https:\/\/www.africa-press.net\/niger\/toutes-les-actualites\/afrique-loms-sinquiete-du-taux-eleve-des-cas-de-suicide#primaryimage","url":"https:\/\/static.africa-press.net\/niger\/sites\/40\/2022\/10\/postQueueImg_2-633fd6ed51f99.jpg","contentUrl":"https:\/\/static.africa-press.net\/niger\/sites\/40\/2022\/10\/postQueueImg_2-633fd6ed51f99.jpg","width":780,"height":440,"caption":"Afrique : l\u2019OMS s\u2019inqui\u00e8te du taux \u00e9lev\u00e9 des cas de suicide"},{"@type":"BreadcrumbList","@id":"https:\/\/www.africa-press.net\/niger\/toutes-les-actualites\/afrique-loms-sinquiete-du-taux-eleve-des-cas-de-suicide#breadcrumb","itemListElement":[{"@type":"ListItem","position":1,"name":"Accueil","item":"https:\/\/www.africa-press.net\/niger\/"},{"@type":"ListItem","position":2,"name":"Afrique : l\u2019OMS s\u2019inqui\u00e8te du taux \u00e9lev\u00e9 des cas de suicide"}]},{"@type":"WebSite","@id":"https:\/\/www.africa-press.net\/niger\/#website","url":"https:\/\/www.africa-press.net\/niger\/","name":"niger","description":"Just another Africa News Agency Sites site","potentialAction":[{"@type":"SearchAction","target":{"@type":"EntryPoint","urlTemplate":"https:\/\/www.africa-press.net\/niger\/?s={search_term_string}"},"query-input":{"@type":"PropertyValueSpecification","valueRequired":true,"valueName":"search_term_string"}}],"inLanguage":"fr-FR"},{"@type":"Person","@id":"https:\/\/www.africa-press.net\/niger\/#\/schema\/person\/2b1cf3cd81a31e3cd26889ca66d677f1","name":"cfeditorfr"}]}},"_links":{"self":[{"href":"https:\/\/www.africa-press.net\/niger\/wp-json\/wp\/v2\/posts\/33667","targetHints":{"allow":["GET"]}}],"collection":[{"href":"https:\/\/www.africa-press.net\/niger\/wp-json\/wp\/v2\/posts"}],"about":[{"href":"https:\/\/www.africa-press.net\/niger\/wp-json\/wp\/v2\/types\/post"}],"author":[{"embeddable":true,"href":"https:\/\/www.africa-press.net\/niger\/wp-json\/wp\/v2\/users\/82"}],"replies":[{"embeddable":true,"href":"https:\/\/www.africa-press.net\/niger\/wp-json\/wp\/v2\/comments?post=33667"}],"version-history":[{"count":0,"href":"https:\/\/www.africa-press.net\/niger\/wp-json\/wp\/v2\/posts\/33667\/revisions"}],"wp:featuredmedia":[{"embeddable":true,"href":"https:\/\/www.africa-press.net\/niger\/wp-json\/wp\/v2\/media\/33666"}],"wp:attachment":[{"href":"https:\/\/www.africa-press.net\/niger\/wp-json\/wp\/v2\/media?parent=33667"}],"wp:term":[{"taxonomy":"category","embeddable":true,"href":"https:\/\/www.africa-press.net\/niger\/wp-json\/wp\/v2\/categories?post=33667"},{"taxonomy":"post_tag","embeddable":true,"href":"https:\/\/www.africa-press.net\/niger\/wp-json\/wp\/v2\/tags?post=33667"}],"curies":[{"name":"wp","href":"https:\/\/api.w.org\/{rel}","templated":true}]}}