{"id":40398,"date":"2023-03-16T18:53:16","date_gmt":"2023-03-16T18:53:16","guid":{"rendered":"https:\/\/www.africa-press.net\/niger\/politique\/sahel-75-millions-de-personnes-en-situation-dinsecurite-alimentaire"},"modified":"2023-03-16T19:03:37","modified_gmt":"2023-03-16T19:03:37","slug":"sahel-75-millions-de-personnes-en-situation-dinsecurite-alimentaire","status":"publish","type":"post","link":"https:\/\/www.africa-press.net\/niger\/toutes-les-actualites\/sahel-75-millions-de-personnes-en-situation-dinsecurite-alimentaire","title":{"rendered":"Sahel : 7,5 millions de personnes en situation d&rsquo;ins\u00e9curit\u00e9 alimentaire"},"content":{"rendered":"<p><span style=\"color: #ff6600\"><strong>Africa-Press &#8211; Niger. <\/strong><\/span>Plus de 7,5 millions de personnes devraient e\u0302tre en situation d&rsquo;inse\u0301curite\u0301 alimentaire au Burkina Faso, au Mali et au Niger, pendant la pe\u0301riode de soudure entre juin et aou\u0302t 2023, a alerte\u0301, mercredi, le service de la Commission europe\u0301enne a\u0300 la Protection Civile et Ope\u0301rations d&rsquo;Aide Humanitaire (ECHO).<\/p>\n<p>Il \u00ab s&rsquo;agit d&rsquo;une augmentation significative par rapport au niveau de 5,3 millions de personnes entre octobre et de\u0301cembre 2022 \u00bb, pre\u0301cise la me\u0302me source dans un communique\u0301 conjoint avec l&rsquo;ONG Save the Children.<\/p>\n<p>\u00ab Beaucoup plus d&rsquo;enfants seront confronte\u0301s a\u0300 une famine se\u0301ve\u0300re au cours des six prochains mois alors que la crise alimentaire critique dans le Sahel central se poursuit. Le nombre de personnes souffrant de la faim au Niger, au Mali et au Burkina Faso devrait atteindre plus de 7,5 millions e\u0301tant au niveau de crise 3 ou pire de la classification inte\u0301gre\u0301e de la phase de se\u0301curite\u0301 alimentaire (IPC) pendant la pe\u0301riode de soudure de juin a\u0300 aou\u0302t 2023 (voir note de bas de page) \u00bb, a ajoute\u0301 le texte.<\/p>\n<p>Elle affirme en outre qu&rsquo; \u00ab il s&rsquo;agit d&rsquo;une augmentation significative par rapport au niveau de 5,3 millions de personnes entre octobre et de\u0301cembre 2022. Bien que pas aussi grave que la saison de soudure critique de l&rsquo;e\u0301te\u0301 dernier ou\u0300 9,7 millions de personnes e\u0301taient au niveau IPC 3 ou pire, le nombre est toujours tre\u0300s e\u0301leve\u0301. Ceci est documente\u0301 dans une nouvelle enque\u0302te conjointe de Save the Children et d&rsquo;autres agences de la re\u0301gion \u00bb.<\/p>\n<p>Selon l&rsquo;Echo \u00ab la situation des enfants, qui repre\u0301sentent plus de la moitie\u0301 de la population des trois pays, deviendra encore plus de\u0301sespe\u0301re\u0301e. Les enfants sont plus vulne\u0301rables et souffrent davantage de la faim que les adultes car il leur est plus difficile de s&rsquo;adapter aux circonstances difficiles \u00bb.<\/p>\n<p>Et d&rsquo;ajouter : \u00ab le manque de nutrition ade\u0301quate peut entrai\u0302ner des revers a\u0300 vie et accroi\u0302tre la vulne\u0301rabilite\u0301 des jeunes enfants aux proble\u0300mes de sante\u0301, tels que le de\u0301veloppement cognitif, un apprentissage faible, une faible immunite\u0301, une sensibilite\u0301 accrue aux infections et, dans de nombreux cas, une mort pre\u0301mature\u0301e \u00bb.<\/p>\n<p>Au Mali, la malnutrition aigue\u0308 global se chiffre a\u0300 10,8% ce qui place le pays dans l&rsquo;urgence. 1. 478.074 d&rsquo;enfants de moins de 5 ans devraient souffrir de malnutrition mode\u0301re\u0301e et se\u0301ve\u0300re a de\u0301clare\u0301 a\u0300 Anadolu, Dr Mahamadou N\u2019tji Samake\u0301 sous-directeur de la nutrition a\u0300 la Direction Ge\u0301ne\u0301rale de la Sante\u0301 et de l\u2019hygie\u0300ne publique<\/p>\n<p>Les re\u0301gions les plus touche\u0301es sont Gao avec 16,1% chez les enfants de moins de 5 ans, suivi de Kayes avec 14,2%, Tombouctou 14%, Menaka 14% en suivra ensuite Mopti et Se\u0301gou a fait attendre Dr Samake\u0301 pre\u0301cisant que \u00ab toutes ces re\u0301gions ont des chiffres supe\u0301rieurs au taux national de 10,8%. Ce qui prouve que ces re\u0301gions doivent e\u0302tre en premie\u0300re ligne. Si on travaille sur ces re\u0301gions nous pourrons faire reculer un peu ce taux de malnutrition dans le pays \u00bb.<\/p>\n<p><strong>Pour plus d&rsquo;informations et d&rsquo;analyses sur la <a href=\"https:\/\/www.africa-press.net\/niger\">Niger<\/a>, suivez <a href=\"https:\/\/www.africa-press.net\/\">Africa-Press<\/a><\/strong><\/p>\n","protected":false},"excerpt":{"rendered":"<p>Africa-Press &#8211; Niger. Plus de 7,5 millions de personnes devraient e\u0302tre en situation d&rsquo;inse\u0301curite\u0301 alimentaire au Burkina Faso, au Mali et au Niger, pendant la pe\u0301riode de soudure entre juin et aou\u0302t 2023, a alerte\u0301, mercredi, le service de la Commission europe\u0301enne a\u0300 la Protection Civile et Ope\u0301rations d&rsquo;Aide Humanitaire (ECHO). Il \u00ab s&rsquo;agit d&rsquo;une [&hellip;]<\/p>\n","protected":false},"author":82,"featured_media":40397,"comment_status":"open","ping_status":"closed","sticky":false,"template":"","format":"standard","meta":{"footnotes":""},"categories":[21,10],"tags":[55,60,1597,29,47],"class_list":["post-40398","post","type-post","status-publish","format-standard","has-post-thumbnail","hentry","category-communaute","category-toutes-les-actualites","tag-africa-press","tag-africa-press-niger","tag-insecurite-alimentaire","tag-niger","tag-sahel"],"yoast_head":"<!-- This site is optimized with the Yoast SEO Premium plugin v26.1 (Yoast SEO v27.0) - https:\/\/yoast.com\/product\/yoast-seo-premium-wordpress\/ -->\n<title>Sahel : 7,5 millions de personnes en situation d&#039;ins\u00e9curit\u00e9 alimentaire - niger<\/title>\n<meta name=\"description\" content=\"Plus de 7,5 millions de personnes devraient e\u0302tre en situation d&#039;inse\u0301curite\u0301 alimentaire au Burkina Faso, au Mali et au ...\" \/>\n<meta name=\"robots\" content=\"index, follow, max-snippet:-1, max-image-preview:large, max-video-preview:-1\" \/>\n<link rel=\"canonical\" href=\"https:\/\/www.africa-press.net\/niger\/toutes-les-actualites\/sahel-75-millions-de-personnes-en-situation-dinsecurite-alimentaire\" \/>\n<meta property=\"og:locale\" content=\"fr_FR\" \/>\n<meta property=\"og:type\" content=\"article\" \/>\n<meta property=\"og:title\" content=\"Sahel : 7,5 millions de personnes en situation d&#039;ins\u00e9curit\u00e9 alimentaire\" \/>\n<meta property=\"og:description\" content=\"Plus de 7,5 millions de personnes devraient e\u0302tre en situation d&#039;inse\u0301curite\u0301 alimentaire au Burkina Faso, au Mali et au ...\" \/>\n<meta property=\"og:url\" content=\"https:\/\/www.africa-press.net\/niger\/toutes-les-actualites\/sahel-75-millions-de-personnes-en-situation-dinsecurite-alimentaire\" \/>\n<meta property=\"og:site_name\" content=\"niger\" \/>\n<meta property=\"article:published_time\" content=\"2023-03-16T18:53:16+00:00\" \/>\n<meta property=\"article:modified_time\" content=\"2023-03-16T19:03:37+00:00\" \/>\n<meta property=\"og:image\" content=\"https:\/\/static.africa-press.net\/niger\/sites\/40\/2023\/03\/postQueueImg_1678980213.43.jpg\" \/>\n\t<meta property=\"og:image:width\" content=\"864\" \/>\n\t<meta property=\"og:image:height\" content=\"486\" \/>\n\t<meta property=\"og:image:type\" content=\"image\/jpeg\" \/>\n<meta name=\"author\" content=\"cfeditorfr\" \/>\n<meta name=\"twitter:card\" content=\"summary_large_image\" \/>\n<meta name=\"twitter:label1\" content=\"\u00c9crit par\" \/>\n\t<meta name=\"twitter:data1\" content=\"cfeditorfr\" \/>\n\t<meta name=\"twitter:label2\" content=\"Dur\u00e9e de lecture estim\u00e9e\" \/>\n\t<meta name=\"twitter:data2\" content=\"3 minutes\" \/>\n<script type=\"application\/ld+json\" class=\"yoast-schema-graph\">{\"@context\":\"https:\/\/schema.org\",\"@graph\":[{\"@type\":\"Article\",\"@id\":\"https:\/\/www.africa-press.net\/niger\/toutes-les-actualites\/sahel-75-millions-de-personnes-en-situation-dinsecurite-alimentaire#article\",\"isPartOf\":{\"@id\":\"https:\/\/www.africa-press.net\/niger\/toutes-les-actualites\/sahel-75-millions-de-personnes-en-situation-dinsecurite-alimentaire\"},\"author\":{\"name\":\"cfeditorfr\",\"@id\":\"https:\/\/www.africa-press.net\/niger\/#\/schema\/person\/2b1cf3cd81a31e3cd26889ca66d677f1\"},\"headline\":\"Sahel : 7,5 millions de personnes en situation d&rsquo;ins\u00e9curit\u00e9 alimentaire\",\"datePublished\":\"2023-03-16T18:53:16+00:00\",\"dateModified\":\"2023-03-16T19:03:37+00:00\",\"mainEntityOfPage\":{\"@id\":\"https:\/\/www.africa-press.net\/niger\/toutes-les-actualites\/sahel-75-millions-de-personnes-en-situation-dinsecurite-alimentaire\"},\"wordCount\":550,\"commentCount\":0,\"image\":{\"@id\":\"https:\/\/www.africa-press.net\/niger\/toutes-les-actualites\/sahel-75-millions-de-personnes-en-situation-dinsecurite-alimentaire#primaryimage\"},\"thumbnailUrl\":\"https:\/\/static.africa-press.net\/niger\/sites\/40\/2023\/03\/postQueueImg_1678980213.43.jpg\",\"keywords\":[\"Africa Press\",\"Africa Press-Niger\",\"ins\u00e9curit\u00e9 alimentaire\",\"Niger\",\"Sahel\"],\"articleSection\":[\"Communaut\u00e9\",\"Toutes les actualit\u00e9s\"],\"inLanguage\":\"fr-FR\",\"potentialAction\":[{\"@type\":\"CommentAction\",\"name\":\"Comment\",\"target\":[\"https:\/\/www.africa-press.net\/niger\/toutes-les-actualites\/sahel-75-millions-de-personnes-en-situation-dinsecurite-alimentaire#respond\"]}]},{\"@type\":\"WebPage\",\"@id\":\"https:\/\/www.africa-press.net\/niger\/toutes-les-actualites\/sahel-75-millions-de-personnes-en-situation-dinsecurite-alimentaire\",\"url\":\"https:\/\/www.africa-press.net\/niger\/toutes-les-actualites\/sahel-75-millions-de-personnes-en-situation-dinsecurite-alimentaire\",\"name\":\"Sahel : 7,5 millions de personnes en situation d'ins\u00e9curit\u00e9 alimentaire - niger\",\"isPartOf\":{\"@id\":\"https:\/\/www.africa-press.net\/niger\/#website\"},\"primaryImageOfPage\":{\"@id\":\"https:\/\/www.africa-press.net\/niger\/toutes-les-actualites\/sahel-75-millions-de-personnes-en-situation-dinsecurite-alimentaire#primaryimage\"},\"image\":{\"@id\":\"https:\/\/www.africa-press.net\/niger\/toutes-les-actualites\/sahel-75-millions-de-personnes-en-situation-dinsecurite-alimentaire#primaryimage\"},\"thumbnailUrl\":\"https:\/\/static.africa-press.net\/niger\/sites\/40\/2023\/03\/postQueueImg_1678980213.43.jpg\",\"datePublished\":\"2023-03-16T18:53:16+00:00\",\"dateModified\":\"2023-03-16T19:03:37+00:00\",\"author\":{\"@id\":\"https:\/\/www.africa-press.net\/niger\/#\/schema\/person\/2b1cf3cd81a31e3cd26889ca66d677f1\"},\"description\":\"Plus de 7,5 millions de personnes devraient e\u0302tre en situation d'inse\u0301curite\u0301 alimentaire au Burkina Faso, au Mali et au ...\",\"breadcrumb\":{\"@id\":\"https:\/\/www.africa-press.net\/niger\/toutes-les-actualites\/sahel-75-millions-de-personnes-en-situation-dinsecurite-alimentaire#breadcrumb\"},\"inLanguage\":\"fr-FR\",\"potentialAction\":[{\"@type\":\"ReadAction\",\"target\":[\"https:\/\/www.africa-press.net\/niger\/toutes-les-actualites\/sahel-75-millions-de-personnes-en-situation-dinsecurite-alimentaire\"]}]},{\"@type\":\"ImageObject\",\"inLanguage\":\"fr-FR\",\"@id\":\"https:\/\/www.africa-press.net\/niger\/toutes-les-actualites\/sahel-75-millions-de-personnes-en-situation-dinsecurite-alimentaire#primaryimage\",\"url\":\"https:\/\/static.africa-press.net\/niger\/sites\/40\/2023\/03\/postQueueImg_1678980213.43.jpg\",\"contentUrl\":\"https:\/\/static.africa-press.net\/niger\/sites\/40\/2023\/03\/postQueueImg_1678980213.43.jpg\",\"width\":864,\"height\":486,\"caption\":\"Sahel : 7,5 millions de personnes en situation d'ins\u00e9curit\u00e9 alimentaire\"},{\"@type\":\"BreadcrumbList\",\"@id\":\"https:\/\/www.africa-press.net\/niger\/toutes-les-actualites\/sahel-75-millions-de-personnes-en-situation-dinsecurite-alimentaire#breadcrumb\",\"itemListElement\":[{\"@type\":\"ListItem\",\"position\":1,\"name\":\"Accueil\",\"item\":\"https:\/\/www.africa-press.net\/niger\/\"},{\"@type\":\"ListItem\",\"position\":2,\"name\":\"Sahel : 7,5 millions de personnes en situation d&rsquo;ins\u00e9curit\u00e9 alimentaire\"}]},{\"@type\":\"WebSite\",\"@id\":\"https:\/\/www.africa-press.net\/niger\/#website\",\"url\":\"https:\/\/www.africa-press.net\/niger\/\",\"name\":\"niger\",\"description\":\"Just another Africa News Agency Sites site\",\"potentialAction\":[{\"@type\":\"SearchAction\",\"target\":{\"@type\":\"EntryPoint\",\"urlTemplate\":\"https:\/\/www.africa-press.net\/niger\/?s={search_term_string}\"},\"query-input\":{\"@type\":\"PropertyValueSpecification\",\"valueRequired\":true,\"valueName\":\"search_term_string\"}}],\"inLanguage\":\"fr-FR\"},{\"@type\":\"Person\",\"@id\":\"https:\/\/www.africa-press.net\/niger\/#\/schema\/person\/2b1cf3cd81a31e3cd26889ca66d677f1\",\"name\":\"cfeditorfr\"}]}<\/script>\n<!-- \/ Yoast SEO Premium plugin. -->","yoast_head_json":{"title":"Sahel : 7,5 millions de personnes en situation d'ins\u00e9curit\u00e9 alimentaire - niger","description":"Plus de 7,5 millions de personnes devraient e\u0302tre en situation d'inse\u0301curite\u0301 alimentaire au Burkina Faso, au Mali et au ...","robots":{"index":"index","follow":"follow","max-snippet":"max-snippet:-1","max-image-preview":"max-image-preview:large","max-video-preview":"max-video-preview:-1"},"canonical":"https:\/\/www.africa-press.net\/niger\/toutes-les-actualites\/sahel-75-millions-de-personnes-en-situation-dinsecurite-alimentaire","og_locale":"fr_FR","og_type":"article","og_title":"Sahel : 7,5 millions de personnes en situation d'ins\u00e9curit\u00e9 alimentaire","og_description":"Plus de 7,5 millions de personnes devraient e\u0302tre en situation d'inse\u0301curite\u0301 alimentaire au Burkina Faso, au Mali et au ...","og_url":"https:\/\/www.africa-press.net\/niger\/toutes-les-actualites\/sahel-75-millions-de-personnes-en-situation-dinsecurite-alimentaire","og_site_name":"niger","article_published_time":"2023-03-16T18:53:16+00:00","article_modified_time":"2023-03-16T19:03:37+00:00","og_image":[{"width":864,"height":486,"url":"https:\/\/static.africa-press.net\/niger\/sites\/40\/2023\/03\/postQueueImg_1678980213.43.jpg","type":"image\/jpeg"}],"author":"cfeditorfr","twitter_card":"summary_large_image","twitter_misc":{"\u00c9crit par":"cfeditorfr","Dur\u00e9e de lecture estim\u00e9e":"3 minutes"},"schema":{"@context":"https:\/\/schema.org","@graph":[{"@type":"Article","@id":"https:\/\/www.africa-press.net\/niger\/toutes-les-actualites\/sahel-75-millions-de-personnes-en-situation-dinsecurite-alimentaire#article","isPartOf":{"@id":"https:\/\/www.africa-press.net\/niger\/toutes-les-actualites\/sahel-75-millions-de-personnes-en-situation-dinsecurite-alimentaire"},"author":{"name":"cfeditorfr","@id":"https:\/\/www.africa-press.net\/niger\/#\/schema\/person\/2b1cf3cd81a31e3cd26889ca66d677f1"},"headline":"Sahel : 7,5 millions de personnes en situation d&rsquo;ins\u00e9curit\u00e9 alimentaire","datePublished":"2023-03-16T18:53:16+00:00","dateModified":"2023-03-16T19:03:37+00:00","mainEntityOfPage":{"@id":"https:\/\/www.africa-press.net\/niger\/toutes-les-actualites\/sahel-75-millions-de-personnes-en-situation-dinsecurite-alimentaire"},"wordCount":550,"commentCount":0,"image":{"@id":"https:\/\/www.africa-press.net\/niger\/toutes-les-actualites\/sahel-75-millions-de-personnes-en-situation-dinsecurite-alimentaire#primaryimage"},"thumbnailUrl":"https:\/\/static.africa-press.net\/niger\/sites\/40\/2023\/03\/postQueueImg_1678980213.43.jpg","keywords":["Africa Press","Africa Press-Niger","ins\u00e9curit\u00e9 alimentaire","Niger","Sahel"],"articleSection":["Communaut\u00e9","Toutes les actualit\u00e9s"],"inLanguage":"fr-FR","potentialAction":[{"@type":"CommentAction","name":"Comment","target":["https:\/\/www.africa-press.net\/niger\/toutes-les-actualites\/sahel-75-millions-de-personnes-en-situation-dinsecurite-alimentaire#respond"]}]},{"@type":"WebPage","@id":"https:\/\/www.africa-press.net\/niger\/toutes-les-actualites\/sahel-75-millions-de-personnes-en-situation-dinsecurite-alimentaire","url":"https:\/\/www.africa-press.net\/niger\/toutes-les-actualites\/sahel-75-millions-de-personnes-en-situation-dinsecurite-alimentaire","name":"Sahel : 7,5 millions de personnes en situation d'ins\u00e9curit\u00e9 alimentaire - niger","isPartOf":{"@id":"https:\/\/www.africa-press.net\/niger\/#website"},"primaryImageOfPage":{"@id":"https:\/\/www.africa-press.net\/niger\/toutes-les-actualites\/sahel-75-millions-de-personnes-en-situation-dinsecurite-alimentaire#primaryimage"},"image":{"@id":"https:\/\/www.africa-press.net\/niger\/toutes-les-actualites\/sahel-75-millions-de-personnes-en-situation-dinsecurite-alimentaire#primaryimage"},"thumbnailUrl":"https:\/\/static.africa-press.net\/niger\/sites\/40\/2023\/03\/postQueueImg_1678980213.43.jpg","datePublished":"2023-03-16T18:53:16+00:00","dateModified":"2023-03-16T19:03:37+00:00","author":{"@id":"https:\/\/www.africa-press.net\/niger\/#\/schema\/person\/2b1cf3cd81a31e3cd26889ca66d677f1"},"description":"Plus de 7,5 millions de personnes devraient e\u0302tre en situation d'inse\u0301curite\u0301 alimentaire au Burkina Faso, au Mali et au ...","breadcrumb":{"@id":"https:\/\/www.africa-press.net\/niger\/toutes-les-actualites\/sahel-75-millions-de-personnes-en-situation-dinsecurite-alimentaire#breadcrumb"},"inLanguage":"fr-FR","potentialAction":[{"@type":"ReadAction","target":["https:\/\/www.africa-press.net\/niger\/toutes-les-actualites\/sahel-75-millions-de-personnes-en-situation-dinsecurite-alimentaire"]}]},{"@type":"ImageObject","inLanguage":"fr-FR","@id":"https:\/\/www.africa-press.net\/niger\/toutes-les-actualites\/sahel-75-millions-de-personnes-en-situation-dinsecurite-alimentaire#primaryimage","url":"https:\/\/static.africa-press.net\/niger\/sites\/40\/2023\/03\/postQueueImg_1678980213.43.jpg","contentUrl":"https:\/\/static.africa-press.net\/niger\/sites\/40\/2023\/03\/postQueueImg_1678980213.43.jpg","width":864,"height":486,"caption":"Sahel : 7,5 millions de personnes en situation d'ins\u00e9curit\u00e9 alimentaire"},{"@type":"BreadcrumbList","@id":"https:\/\/www.africa-press.net\/niger\/toutes-les-actualites\/sahel-75-millions-de-personnes-en-situation-dinsecurite-alimentaire#breadcrumb","itemListElement":[{"@type":"ListItem","position":1,"name":"Accueil","item":"https:\/\/www.africa-press.net\/niger\/"},{"@type":"ListItem","position":2,"name":"Sahel : 7,5 millions de personnes en situation d&rsquo;ins\u00e9curit\u00e9 alimentaire"}]},{"@type":"WebSite","@id":"https:\/\/www.africa-press.net\/niger\/#website","url":"https:\/\/www.africa-press.net\/niger\/","name":"niger","description":"Just another Africa News Agency Sites site","potentialAction":[{"@type":"SearchAction","target":{"@type":"EntryPoint","urlTemplate":"https:\/\/www.africa-press.net\/niger\/?s={search_term_string}"},"query-input":{"@type":"PropertyValueSpecification","valueRequired":true,"valueName":"search_term_string"}}],"inLanguage":"fr-FR"},{"@type":"Person","@id":"https:\/\/www.africa-press.net\/niger\/#\/schema\/person\/2b1cf3cd81a31e3cd26889ca66d677f1","name":"cfeditorfr"}]}},"_links":{"self":[{"href":"https:\/\/www.africa-press.net\/niger\/wp-json\/wp\/v2\/posts\/40398","targetHints":{"allow":["GET"]}}],"collection":[{"href":"https:\/\/www.africa-press.net\/niger\/wp-json\/wp\/v2\/posts"}],"about":[{"href":"https:\/\/www.africa-press.net\/niger\/wp-json\/wp\/v2\/types\/post"}],"author":[{"embeddable":true,"href":"https:\/\/www.africa-press.net\/niger\/wp-json\/wp\/v2\/users\/82"}],"replies":[{"embeddable":true,"href":"https:\/\/www.africa-press.net\/niger\/wp-json\/wp\/v2\/comments?post=40398"}],"version-history":[{"count":0,"href":"https:\/\/www.africa-press.net\/niger\/wp-json\/wp\/v2\/posts\/40398\/revisions"}],"wp:featuredmedia":[{"embeddable":true,"href":"https:\/\/www.africa-press.net\/niger\/wp-json\/wp\/v2\/media\/40397"}],"wp:attachment":[{"href":"https:\/\/www.africa-press.net\/niger\/wp-json\/wp\/v2\/media?parent=40398"}],"wp:term":[{"taxonomy":"category","embeddable":true,"href":"https:\/\/www.africa-press.net\/niger\/wp-json\/wp\/v2\/categories?post=40398"},{"taxonomy":"post_tag","embeddable":true,"href":"https:\/\/www.africa-press.net\/niger\/wp-json\/wp\/v2\/tags?post=40398"}],"curies":[{"name":"wp","href":"https:\/\/api.w.org\/{rel}","templated":true}]}}