{"id":42931,"date":"2023-05-13T17:15:11","date_gmt":"2023-05-13T17:15:11","guid":{"rendered":"https:\/\/www.africa-press.net\/niger\/politique\/niger-le-groupe-francais-orano-evacue-son-personnel-expatrie-et-dautres-etrangers-apres-une-menace-securitaire"},"modified":"2023-05-13T19:05:01","modified_gmt":"2023-05-13T19:05:01","slug":"niger-le-groupe-francais-orano-evacue-son-personnel-expatrie-et-dautres-etrangers-apres-une-menace-securitaire","status":"publish","type":"post","link":"https:\/\/www.africa-press.net\/niger\/politique\/niger-le-groupe-francais-orano-evacue-son-personnel-expatrie-et-dautres-etrangers-apres-une-menace-securitaire","title":{"rendered":"Niger: le groupe fran\u00e7ais Orano \u00e9vacue son personnel expatri\u00e9 et d&rsquo;autres \u00e9trangers apr\u00e8s une menace s\u00e9curitaire"},"content":{"rendered":"<p><span style=\"color: #ff6600\"><strong>Africa-Press &#8211; Niger. <\/strong><\/span>Le groupe franc\u0327ais Orano, ex-Areva a annonce\u0301, vendredi, avoir e\u0301vacue\u0301 son personnel expatrie\u0301 et d&rsquo;autres e\u0301trangers vers la capitale nige\u0301rienne Niamey, en raison d&rsquo;une menace se\u0301curitaire pre\u0300s de la ville d&rsquo;Arlit (nord) ou\u0300 le groupe exploite l&rsquo;uranium.<\/p>\n<p>Par voie communique\u0301 consulte\u0301 par le correspondant d\u2019Anadolu, la direction du groupe Orano a indique\u0301 avoir e\u0301te\u0301 \u00ab alerte\u0301e d&rsquo;un e\u0301ve\u0301nement se\u0301curitaire dans un village situe\u0301 a\u0300 mi-chemin entre la frontie\u0300re malienne et la ville d\u2019Arlit \u00bb. Elle a annonce\u0301 que des mesures ont imme\u0301diatement e\u0301te\u0301 prises \u00ab pour la protection des sites et du personnel \u00bb.<\/p>\n<p>La direction du groupe Orano a ajoute\u0301 que \u00ab conforme\u0301ment aux proce\u0301dures du plan de protection et par mesure de pre\u0301caution \u00bb, ses expatrie\u0301s et d&rsquo;autres e\u0301trangers en mission \u00ab cibles potentielles identifie\u0301es pre\u0301sents sur la base vie d&rsquo;Akokan ont e\u0301te\u0301 e\u0301vacue\u0301s sous protection vers Niamey par avion \u00bb.<\/p>\n<p>Le nombre de personnes e\u0301vacue\u0301es n&rsquo;a pas e\u0301te\u0301 pre\u0301cise\u0301 et aucune re\u0301action n&rsquo;a e\u0301te\u0301 enregistre\u0301e du co\u0302te\u0301 des autorite\u0301s nige\u0301riennes, vendredi jusqu\u2019a\u0300 15h00 GMT. Selon le journal \u00ab Air infos \u00bb base\u0301 a\u0300 Agadez, principale ville re\u0301gionale du nord nige\u0301rien, \u00ab des individus arme\u0301s aux guidons de plusieurs dizaines de motos \u00bb ont e\u0301te\u0301 aperc\u0327us jeudi pre\u0300s du village d\u2019Inanbagaret.<\/p>\n<p>\u00ab Ce groupe arme\u0301 a pose\u0301 des questions a\u0300 plusieurs e\u0301leveurs rencontre\u0301s \u00bb, a ajoute\u0301 la me\u0302me source, pre\u0301cisant que les hommes arme\u0301s cherchaient a\u0300 savoir \u00ab s&rsquo;il y a des citoyens occidentaux dans la ville d\u2019Arlit \u00bb.<\/p>\n<p>En mai 2013, un double attentat, revendique\u0301 par le Mouvement pour l\u2019unification et le jihad en Afrique de l&rsquo;Ouest (Mujao) -groupuscule de l&rsquo;Organisation Al-Qaida au Maghreb islamique- a vise\u0301 le site d\u2019Areva et un camp militaire a\u0300 Agadez. Une vingtaine de personnes avaient e\u0301te\u0301 tue\u0301es dans la double attaque.<\/p>\n<p>En septembre 2010, cinq expatrie\u0301s franc\u0327ais, un Malgache et un Togolais, travaillant pour Areva, avaient e\u0301te\u0301 enleve\u0301s par des hommes arme\u0301s a\u0300 Arlit. Les otages e\u0301taient reste\u0301s en captivite\u0301 pendant plusieurs mois avant d&rsquo;e\u0302tre libe\u0301re\u0301s.<\/p>\n<p><strong>Pour plus d&rsquo;informations et d&rsquo;analyses sur la <a href=\"https:\/\/www.africa-press.net\/niger\">Niger<\/a>, suivez <a href=\"https:\/\/www.africa-press.net\/\">Africa-Press<\/a><\/strong><\/p>\n","protected":false},"excerpt":{"rendered":"<p>Africa-Press &#8211; Niger. Le groupe franc\u0327ais Orano, ex-Areva a annonce\u0301, vendredi, avoir e\u0301vacue\u0301 son personnel expatrie\u0301 et d&rsquo;autres e\u0301trangers vers la capitale nige\u0301rienne Niamey, en raison d&rsquo;une menace se\u0301curitaire pre\u0300s de la ville d&rsquo;Arlit (nord) ou\u0300 le groupe exploite l&rsquo;uranium. Par voie communique\u0301 consulte\u0301 par le correspondant d\u2019Anadolu, la direction du groupe Orano a indique\u0301 [&hellip;]<\/p>\n","protected":false},"author":82,"featured_media":42930,"comment_status":"open","ping_status":"closed","sticky":false,"template":"","format":"standard","meta":{"footnotes":""},"categories":[2,73,20,10],"tags":[55,60,1678,1676,1677,29,1570],"class_list":["post-42931","post","type-post","status-publish","format-standard","has-post-thumbnail","hentry","category-politique","category-to-homepage","category-top-nouvelles","category-toutes-les-actualites","tag-africa-press","tag-africa-press-niger","tag-evacuation-du-personnel-expatrie","tag-le-groupe-francais-orano","tag-menace-securitaire","tag-niger","tag-uranium"],"yoast_head":"<!-- This site is optimized with the Yoast SEO Premium plugin v26.1 (Yoast SEO v27.0) - https:\/\/yoast.com\/product\/yoast-seo-premium-wordpress\/ -->\n<title>Niger: le groupe fran\u00e7ais Orano \u00e9vacue son personnel expatri\u00e9 et d&#039;autres \u00e9trangers apr\u00e8s une menace s\u00e9curitaire - niger<\/title>\n<meta name=\"description\" content=\"Le groupe franc\u0327ais Orano, ex-Areva a annonce\u0301, vendredi, avoir e\u0301vacue\u0301 son personnel expatrie\u0301 et d&#039;autres e\u0301trangers ...\" \/>\n<meta name=\"robots\" content=\"index, follow, max-snippet:-1, max-image-preview:large, max-video-preview:-1\" \/>\n<link rel=\"canonical\" href=\"https:\/\/www.africa-press.net\/niger\/politique\/niger-le-groupe-francais-orano-evacue-son-personnel-expatrie-et-dautres-etrangers-apres-une-menace-securitaire\" \/>\n<meta property=\"og:locale\" content=\"fr_FR\" \/>\n<meta property=\"og:type\" content=\"article\" \/>\n<meta property=\"og:title\" content=\"Niger: le groupe fran\u00e7ais Orano \u00e9vacue son personnel expatri\u00e9 et d&#039;autres \u00e9trangers apr\u00e8s une menace s\u00e9curitaire\" \/>\n<meta property=\"og:description\" content=\"Le groupe franc\u0327ais Orano, ex-Areva a annonce\u0301, vendredi, avoir e\u0301vacue\u0301 son personnel expatrie\u0301 et d&#039;autres e\u0301trangers ...\" \/>\n<meta property=\"og:url\" content=\"https:\/\/www.africa-press.net\/niger\/politique\/niger-le-groupe-francais-orano-evacue-son-personnel-expatrie-et-dautres-etrangers-apres-une-menace-securitaire\" \/>\n<meta property=\"og:site_name\" content=\"niger\" \/>\n<meta property=\"article:published_time\" content=\"2023-05-13T17:15:11+00:00\" \/>\n<meta property=\"article:modified_time\" content=\"2023-05-13T19:05:01+00:00\" \/>\n<meta property=\"og:image\" content=\"https:\/\/static.africa-press.net\/niger\/sites\/40\/2023\/05\/postQueueImg_1683989128.01.jpg\" \/>\n\t<meta property=\"og:image:width\" content=\"864\" \/>\n\t<meta property=\"og:image:height\" content=\"486\" \/>\n\t<meta property=\"og:image:type\" content=\"image\/jpeg\" \/>\n<meta name=\"author\" content=\"cfeditorfr\" \/>\n<meta name=\"twitter:card\" content=\"summary_large_image\" \/>\n<meta name=\"twitter:label1\" content=\"\u00c9crit par\" \/>\n\t<meta name=\"twitter:data1\" content=\"cfeditorfr\" \/>\n\t<meta name=\"twitter:label2\" content=\"Dur\u00e9e de lecture estim\u00e9e\" \/>\n\t<meta name=\"twitter:data2\" content=\"2 minutes\" \/>\n<script type=\"application\/ld+json\" class=\"yoast-schema-graph\">{\"@context\":\"https:\/\/schema.org\",\"@graph\":[{\"@type\":\"Article\",\"@id\":\"https:\/\/www.africa-press.net\/niger\/politique\/niger-le-groupe-francais-orano-evacue-son-personnel-expatrie-et-dautres-etrangers-apres-une-menace-securitaire#article\",\"isPartOf\":{\"@id\":\"https:\/\/www.africa-press.net\/niger\/politique\/niger-le-groupe-francais-orano-evacue-son-personnel-expatrie-et-dautres-etrangers-apres-une-menace-securitaire\"},\"author\":{\"name\":\"cfeditorfr\",\"@id\":\"https:\/\/www.africa-press.net\/niger\/#\/schema\/person\/2b1cf3cd81a31e3cd26889ca66d677f1\"},\"headline\":\"Niger: le groupe fran\u00e7ais Orano \u00e9vacue son personnel expatri\u00e9 et d&rsquo;autres \u00e9trangers apr\u00e8s une menace s\u00e9curitaire\",\"datePublished\":\"2023-05-13T17:15:11+00:00\",\"dateModified\":\"2023-05-13T19:05:01+00:00\",\"mainEntityOfPage\":{\"@id\":\"https:\/\/www.africa-press.net\/niger\/politique\/niger-le-groupe-francais-orano-evacue-son-personnel-expatrie-et-dautres-etrangers-apres-une-menace-securitaire\"},\"wordCount\":419,\"commentCount\":0,\"image\":{\"@id\":\"https:\/\/www.africa-press.net\/niger\/politique\/niger-le-groupe-francais-orano-evacue-son-personnel-expatrie-et-dautres-etrangers-apres-une-menace-securitaire#primaryimage\"},\"thumbnailUrl\":\"https:\/\/static.africa-press.net\/niger\/sites\/40\/2023\/05\/postQueueImg_1683989128.01.jpg\",\"keywords\":[\"Africa Press\",\"Africa Press-Niger\",\"\u00e9vacuation du personnel expatri\u00e9\",\"le groupe fran\u00e7ais Orano\",\"Menace s\u00e9curitaire\",\"Niger\",\"Uranium\"],\"articleSection\":[\"Politique\",\"to-homepage\",\"Top Nouvelles\",\"Toutes les actualit\u00e9s\"],\"inLanguage\":\"fr-FR\",\"potentialAction\":[{\"@type\":\"CommentAction\",\"name\":\"Comment\",\"target\":[\"https:\/\/www.africa-press.net\/niger\/politique\/niger-le-groupe-francais-orano-evacue-son-personnel-expatrie-et-dautres-etrangers-apres-une-menace-securitaire#respond\"]}]},{\"@type\":\"WebPage\",\"@id\":\"https:\/\/www.africa-press.net\/niger\/politique\/niger-le-groupe-francais-orano-evacue-son-personnel-expatrie-et-dautres-etrangers-apres-une-menace-securitaire\",\"url\":\"https:\/\/www.africa-press.net\/niger\/politique\/niger-le-groupe-francais-orano-evacue-son-personnel-expatrie-et-dautres-etrangers-apres-une-menace-securitaire\",\"name\":\"Niger: le groupe fran\u00e7ais Orano \u00e9vacue son personnel expatri\u00e9 et d'autres \u00e9trangers apr\u00e8s une menace s\u00e9curitaire - niger\",\"isPartOf\":{\"@id\":\"https:\/\/www.africa-press.net\/niger\/#website\"},\"primaryImageOfPage\":{\"@id\":\"https:\/\/www.africa-press.net\/niger\/politique\/niger-le-groupe-francais-orano-evacue-son-personnel-expatrie-et-dautres-etrangers-apres-une-menace-securitaire#primaryimage\"},\"image\":{\"@id\":\"https:\/\/www.africa-press.net\/niger\/politique\/niger-le-groupe-francais-orano-evacue-son-personnel-expatrie-et-dautres-etrangers-apres-une-menace-securitaire#primaryimage\"},\"thumbnailUrl\":\"https:\/\/static.africa-press.net\/niger\/sites\/40\/2023\/05\/postQueueImg_1683989128.01.jpg\",\"datePublished\":\"2023-05-13T17:15:11+00:00\",\"dateModified\":\"2023-05-13T19:05:01+00:00\",\"author\":{\"@id\":\"https:\/\/www.africa-press.net\/niger\/#\/schema\/person\/2b1cf3cd81a31e3cd26889ca66d677f1\"},\"description\":\"Le groupe franc\u0327ais Orano, ex-Areva a annonce\u0301, vendredi, avoir e\u0301vacue\u0301 son personnel expatrie\u0301 et d'autres e\u0301trangers ...\",\"breadcrumb\":{\"@id\":\"https:\/\/www.africa-press.net\/niger\/politique\/niger-le-groupe-francais-orano-evacue-son-personnel-expatrie-et-dautres-etrangers-apres-une-menace-securitaire#breadcrumb\"},\"inLanguage\":\"fr-FR\",\"potentialAction\":[{\"@type\":\"ReadAction\",\"target\":[\"https:\/\/www.africa-press.net\/niger\/politique\/niger-le-groupe-francais-orano-evacue-son-personnel-expatrie-et-dautres-etrangers-apres-une-menace-securitaire\"]}]},{\"@type\":\"ImageObject\",\"inLanguage\":\"fr-FR\",\"@id\":\"https:\/\/www.africa-press.net\/niger\/politique\/niger-le-groupe-francais-orano-evacue-son-personnel-expatrie-et-dautres-etrangers-apres-une-menace-securitaire#primaryimage\",\"url\":\"https:\/\/static.africa-press.net\/niger\/sites\/40\/2023\/05\/postQueueImg_1683989128.01.jpg\",\"contentUrl\":\"https:\/\/static.africa-press.net\/niger\/sites\/40\/2023\/05\/postQueueImg_1683989128.01.jpg\",\"width\":864,\"height\":486,\"caption\":\"Niger: le groupe fran\u00e7ais Orano \u00e9vacue son personnel expatri\u00e9 et d'autres \u00e9trangers apr\u00e8s une menace s\u00e9curitaire\"},{\"@type\":\"BreadcrumbList\",\"@id\":\"https:\/\/www.africa-press.net\/niger\/politique\/niger-le-groupe-francais-orano-evacue-son-personnel-expatrie-et-dautres-etrangers-apres-une-menace-securitaire#breadcrumb\",\"itemListElement\":[{\"@type\":\"ListItem\",\"position\":1,\"name\":\"Accueil\",\"item\":\"https:\/\/www.africa-press.net\/niger\/\"},{\"@type\":\"ListItem\",\"position\":2,\"name\":\"Niger: le groupe fran\u00e7ais Orano \u00e9vacue son personnel expatri\u00e9 et d&#8217;autres \u00e9trangers apr\u00e8s une menace s\u00e9curitaire\"}]},{\"@type\":\"WebSite\",\"@id\":\"https:\/\/www.africa-press.net\/niger\/#website\",\"url\":\"https:\/\/www.africa-press.net\/niger\/\",\"name\":\"niger\",\"description\":\"Just another Africa News Agency Sites site\",\"potentialAction\":[{\"@type\":\"SearchAction\",\"target\":{\"@type\":\"EntryPoint\",\"urlTemplate\":\"https:\/\/www.africa-press.net\/niger\/?s={search_term_string}\"},\"query-input\":{\"@type\":\"PropertyValueSpecification\",\"valueRequired\":true,\"valueName\":\"search_term_string\"}}],\"inLanguage\":\"fr-FR\"},{\"@type\":\"Person\",\"@id\":\"https:\/\/www.africa-press.net\/niger\/#\/schema\/person\/2b1cf3cd81a31e3cd26889ca66d677f1\",\"name\":\"cfeditorfr\"}]}<\/script>\n<!-- \/ Yoast SEO Premium plugin. -->","yoast_head_json":{"title":"Niger: le groupe fran\u00e7ais Orano \u00e9vacue son personnel expatri\u00e9 et d'autres \u00e9trangers apr\u00e8s une menace s\u00e9curitaire - niger","description":"Le groupe franc\u0327ais Orano, ex-Areva a annonce\u0301, vendredi, avoir e\u0301vacue\u0301 son personnel expatrie\u0301 et d'autres e\u0301trangers ...","robots":{"index":"index","follow":"follow","max-snippet":"max-snippet:-1","max-image-preview":"max-image-preview:large","max-video-preview":"max-video-preview:-1"},"canonical":"https:\/\/www.africa-press.net\/niger\/politique\/niger-le-groupe-francais-orano-evacue-son-personnel-expatrie-et-dautres-etrangers-apres-une-menace-securitaire","og_locale":"fr_FR","og_type":"article","og_title":"Niger: le groupe fran\u00e7ais Orano \u00e9vacue son personnel expatri\u00e9 et d'autres \u00e9trangers apr\u00e8s une menace s\u00e9curitaire","og_description":"Le groupe franc\u0327ais Orano, ex-Areva a annonce\u0301, vendredi, avoir e\u0301vacue\u0301 son personnel expatrie\u0301 et d'autres e\u0301trangers ...","og_url":"https:\/\/www.africa-press.net\/niger\/politique\/niger-le-groupe-francais-orano-evacue-son-personnel-expatrie-et-dautres-etrangers-apres-une-menace-securitaire","og_site_name":"niger","article_published_time":"2023-05-13T17:15:11+00:00","article_modified_time":"2023-05-13T19:05:01+00:00","og_image":[{"width":864,"height":486,"url":"https:\/\/static.africa-press.net\/niger\/sites\/40\/2023\/05\/postQueueImg_1683989128.01.jpg","type":"image\/jpeg"}],"author":"cfeditorfr","twitter_card":"summary_large_image","twitter_misc":{"\u00c9crit par":"cfeditorfr","Dur\u00e9e de lecture estim\u00e9e":"2 minutes"},"schema":{"@context":"https:\/\/schema.org","@graph":[{"@type":"Article","@id":"https:\/\/www.africa-press.net\/niger\/politique\/niger-le-groupe-francais-orano-evacue-son-personnel-expatrie-et-dautres-etrangers-apres-une-menace-securitaire#article","isPartOf":{"@id":"https:\/\/www.africa-press.net\/niger\/politique\/niger-le-groupe-francais-orano-evacue-son-personnel-expatrie-et-dautres-etrangers-apres-une-menace-securitaire"},"author":{"name":"cfeditorfr","@id":"https:\/\/www.africa-press.net\/niger\/#\/schema\/person\/2b1cf3cd81a31e3cd26889ca66d677f1"},"headline":"Niger: le groupe fran\u00e7ais Orano \u00e9vacue son personnel expatri\u00e9 et d&rsquo;autres \u00e9trangers apr\u00e8s une menace s\u00e9curitaire","datePublished":"2023-05-13T17:15:11+00:00","dateModified":"2023-05-13T19:05:01+00:00","mainEntityOfPage":{"@id":"https:\/\/www.africa-press.net\/niger\/politique\/niger-le-groupe-francais-orano-evacue-son-personnel-expatrie-et-dautres-etrangers-apres-une-menace-securitaire"},"wordCount":419,"commentCount":0,"image":{"@id":"https:\/\/www.africa-press.net\/niger\/politique\/niger-le-groupe-francais-orano-evacue-son-personnel-expatrie-et-dautres-etrangers-apres-une-menace-securitaire#primaryimage"},"thumbnailUrl":"https:\/\/static.africa-press.net\/niger\/sites\/40\/2023\/05\/postQueueImg_1683989128.01.jpg","keywords":["Africa Press","Africa Press-Niger","\u00e9vacuation du personnel expatri\u00e9","le groupe fran\u00e7ais Orano","Menace s\u00e9curitaire","Niger","Uranium"],"articleSection":["Politique","to-homepage","Top Nouvelles","Toutes les actualit\u00e9s"],"inLanguage":"fr-FR","potentialAction":[{"@type":"CommentAction","name":"Comment","target":["https:\/\/www.africa-press.net\/niger\/politique\/niger-le-groupe-francais-orano-evacue-son-personnel-expatrie-et-dautres-etrangers-apres-une-menace-securitaire#respond"]}]},{"@type":"WebPage","@id":"https:\/\/www.africa-press.net\/niger\/politique\/niger-le-groupe-francais-orano-evacue-son-personnel-expatrie-et-dautres-etrangers-apres-une-menace-securitaire","url":"https:\/\/www.africa-press.net\/niger\/politique\/niger-le-groupe-francais-orano-evacue-son-personnel-expatrie-et-dautres-etrangers-apres-une-menace-securitaire","name":"Niger: le groupe fran\u00e7ais Orano \u00e9vacue son personnel expatri\u00e9 et d'autres \u00e9trangers apr\u00e8s une menace s\u00e9curitaire - niger","isPartOf":{"@id":"https:\/\/www.africa-press.net\/niger\/#website"},"primaryImageOfPage":{"@id":"https:\/\/www.africa-press.net\/niger\/politique\/niger-le-groupe-francais-orano-evacue-son-personnel-expatrie-et-dautres-etrangers-apres-une-menace-securitaire#primaryimage"},"image":{"@id":"https:\/\/www.africa-press.net\/niger\/politique\/niger-le-groupe-francais-orano-evacue-son-personnel-expatrie-et-dautres-etrangers-apres-une-menace-securitaire#primaryimage"},"thumbnailUrl":"https:\/\/static.africa-press.net\/niger\/sites\/40\/2023\/05\/postQueueImg_1683989128.01.jpg","datePublished":"2023-05-13T17:15:11+00:00","dateModified":"2023-05-13T19:05:01+00:00","author":{"@id":"https:\/\/www.africa-press.net\/niger\/#\/schema\/person\/2b1cf3cd81a31e3cd26889ca66d677f1"},"description":"Le groupe franc\u0327ais Orano, ex-Areva a annonce\u0301, vendredi, avoir e\u0301vacue\u0301 son personnel expatrie\u0301 et d'autres e\u0301trangers ...","breadcrumb":{"@id":"https:\/\/www.africa-press.net\/niger\/politique\/niger-le-groupe-francais-orano-evacue-son-personnel-expatrie-et-dautres-etrangers-apres-une-menace-securitaire#breadcrumb"},"inLanguage":"fr-FR","potentialAction":[{"@type":"ReadAction","target":["https:\/\/www.africa-press.net\/niger\/politique\/niger-le-groupe-francais-orano-evacue-son-personnel-expatrie-et-dautres-etrangers-apres-une-menace-securitaire"]}]},{"@type":"ImageObject","inLanguage":"fr-FR","@id":"https:\/\/www.africa-press.net\/niger\/politique\/niger-le-groupe-francais-orano-evacue-son-personnel-expatrie-et-dautres-etrangers-apres-une-menace-securitaire#primaryimage","url":"https:\/\/static.africa-press.net\/niger\/sites\/40\/2023\/05\/postQueueImg_1683989128.01.jpg","contentUrl":"https:\/\/static.africa-press.net\/niger\/sites\/40\/2023\/05\/postQueueImg_1683989128.01.jpg","width":864,"height":486,"caption":"Niger: le groupe fran\u00e7ais Orano \u00e9vacue son personnel expatri\u00e9 et d'autres \u00e9trangers apr\u00e8s une menace s\u00e9curitaire"},{"@type":"BreadcrumbList","@id":"https:\/\/www.africa-press.net\/niger\/politique\/niger-le-groupe-francais-orano-evacue-son-personnel-expatrie-et-dautres-etrangers-apres-une-menace-securitaire#breadcrumb","itemListElement":[{"@type":"ListItem","position":1,"name":"Accueil","item":"https:\/\/www.africa-press.net\/niger\/"},{"@type":"ListItem","position":2,"name":"Niger: le groupe fran\u00e7ais Orano \u00e9vacue son personnel expatri\u00e9 et d&#8217;autres \u00e9trangers apr\u00e8s une menace s\u00e9curitaire"}]},{"@type":"WebSite","@id":"https:\/\/www.africa-press.net\/niger\/#website","url":"https:\/\/www.africa-press.net\/niger\/","name":"niger","description":"Just another Africa News Agency Sites site","potentialAction":[{"@type":"SearchAction","target":{"@type":"EntryPoint","urlTemplate":"https:\/\/www.africa-press.net\/niger\/?s={search_term_string}"},"query-input":{"@type":"PropertyValueSpecification","valueRequired":true,"valueName":"search_term_string"}}],"inLanguage":"fr-FR"},{"@type":"Person","@id":"https:\/\/www.africa-press.net\/niger\/#\/schema\/person\/2b1cf3cd81a31e3cd26889ca66d677f1","name":"cfeditorfr"}]}},"_links":{"self":[{"href":"https:\/\/www.africa-press.net\/niger\/wp-json\/wp\/v2\/posts\/42931","targetHints":{"allow":["GET"]}}],"collection":[{"href":"https:\/\/www.africa-press.net\/niger\/wp-json\/wp\/v2\/posts"}],"about":[{"href":"https:\/\/www.africa-press.net\/niger\/wp-json\/wp\/v2\/types\/post"}],"author":[{"embeddable":true,"href":"https:\/\/www.africa-press.net\/niger\/wp-json\/wp\/v2\/users\/82"}],"replies":[{"embeddable":true,"href":"https:\/\/www.africa-press.net\/niger\/wp-json\/wp\/v2\/comments?post=42931"}],"version-history":[{"count":0,"href":"https:\/\/www.africa-press.net\/niger\/wp-json\/wp\/v2\/posts\/42931\/revisions"}],"wp:featuredmedia":[{"embeddable":true,"href":"https:\/\/www.africa-press.net\/niger\/wp-json\/wp\/v2\/media\/42930"}],"wp:attachment":[{"href":"https:\/\/www.africa-press.net\/niger\/wp-json\/wp\/v2\/media?parent=42931"}],"wp:term":[{"taxonomy":"category","embeddable":true,"href":"https:\/\/www.africa-press.net\/niger\/wp-json\/wp\/v2\/categories?post=42931"},{"taxonomy":"post_tag","embeddable":true,"href":"https:\/\/www.africa-press.net\/niger\/wp-json\/wp\/v2\/tags?post=42931"}],"curies":[{"name":"wp","href":"https:\/\/api.w.org\/{rel}","templated":true}]}}