{"id":47585,"date":"2023-07-31T11:40:20","date_gmt":"2023-07-31T11:40:20","guid":{"rendered":"https:\/\/www.africa-press.net\/niger\/politique\/la-france-renforce-la-securite-de-son-ambassade-a-niamey"},"modified":"2023-07-31T11:57:10","modified_gmt":"2023-07-31T11:57:10","slug":"la-france-renforce-la-securite-de-son-ambassade-a-niamey","status":"publish","type":"post","link":"https:\/\/www.africa-press.net\/niger\/politique\/la-france-renforce-la-securite-de-son-ambassade-a-niamey","title":{"rendered":"La France renforce la s\u00e9curit\u00e9 de son ambassade \u00e0 Niamey"},"content":{"rendered":"<p><span style=\"color: #ff6600\"><strong>Africa-Press &#8211; Niger. <\/strong><\/span>La France a de\u0301cide\u0301 de renforcer la se\u0301curite\u0301 de son ambassade a\u0300 Niamey, a annonce\u0301 le Quai d\u2019Orsay dans un communique\u0301 de presse, dimanche soir.<\/p>\n<p>Cette de\u0301cision intervient alors que des milliers de manifestants ont converge\u0301 en de\u0301but de journe\u0301e, vers le ba\u0302timent diplomatique pour re\u0301clamer le de\u0301part de la France du Niger.<\/p>\n<p>Paris \u00ab appelle a\u0300 la fin des violences inacceptables constate\u0301es ce jour \u00bb et rappelle, par ailleurs, \u00ab les obligations qui incombent a\u0300 tous en matie\u0300re de protection des emprises et personnels diplomatiques, ainsi que des re\u0301sidents e\u0301trangers \u00bb.<\/p>\n<p>En paralle\u0300le, la diplomatie franc\u0327aise \u00ab salue les de\u0301cisions prises par les chefs d\u2019Etat de la CEDEAO, qui demandent le retour imme\u0301diat a\u0300 l\u2019ordre constitutionnel au Niger, autour du Pre\u0301sident Mohamed Bazoum, e\u0301lu par les Nige\u0301riens \u00bb et \u00ab soutient les sanctions e\u0301conomiques et financie\u0300res de\u0301cide\u0301es a\u0300 l\u2019appui de ces demandes \u00bb.<\/p>\n<p>Ne\u0301anmoins, malgre\u0301 les tensions sur place et l\u2019hostilite\u0301 des manifestants contre la France, le Quai d\u2019Orsay n\u2019envisage pas, a\u0300 ce stade, l\u2019e\u0301vacuation de ses quelques 500 a\u0300 600 ressortissants qui se trouvent au Niger.<\/p>\n<p>Il leur est en revanche demande\u0301 de faire preuve de la plus grande prudence et d\u2019e\u0301viter tout de\u0301placement en ville.<\/p>\n<p><strong>Pour plus d&rsquo;informations et d&rsquo;analyses sur la <a href=\"https:\/\/www.africa-press.net\/niger\">Niger<\/a>, suivez <a href=\"https:\/\/www.africa-press.net\/\">Africa-Press<\/a><\/strong><\/p>\n","protected":false},"excerpt":{"rendered":"<p>Africa-Press &#8211; Niger. La France a de\u0301cide\u0301 de renforcer la se\u0301curite\u0301 de son ambassade a\u0300 Niamey, a annonce\u0301 le Quai d\u2019Orsay dans un communique\u0301 de presse, dimanche soir. Cette de\u0301cision intervient alors que des milliers de manifestants ont converge\u0301 en de\u0301but de journe\u0301e, vers le ba\u0302timent diplomatique pour re\u0301clamer le de\u0301part de la France du [&hellip;]<\/p>\n","protected":false},"author":82,"featured_media":47584,"comment_status":"open","ping_status":"closed","sticky":false,"template":"","format":"standard","meta":{"footnotes":""},"categories":[2,10],"tags":[55,60,100,732,29],"class_list":["post-47585","post","type-post","status-publish","format-standard","has-post-thumbnail","hentry","category-politique","category-toutes-les-actualites","tag-africa-press","tag-africa-press-niger","tag-france","tag-niamey","tag-niger"],"yoast_head":"<!-- This site is optimized with the Yoast SEO Premium plugin v26.1 (Yoast SEO v27.0) - https:\/\/yoast.com\/product\/yoast-seo-premium-wordpress\/ -->\n<title>La France renforce la s\u00e9curit\u00e9 de son ambassade \u00e0 Niamey - niger<\/title>\n<meta name=\"description\" content=\"La France a de\u0301cide\u0301 de renforcer la se\u0301curite\u0301 de son ambassade a\u0300 Niamey, a annonce\u0301 le Quai d\u2019Orsay dans un communiqu ...\" \/>\n<meta name=\"robots\" content=\"index, follow, max-snippet:-1, max-image-preview:large, max-video-preview:-1\" \/>\n<link rel=\"canonical\" href=\"https:\/\/www.africa-press.net\/niger\/politique\/la-france-renforce-la-securite-de-son-ambassade-a-niamey\" \/>\n<meta property=\"og:locale\" content=\"fr_FR\" \/>\n<meta property=\"og:type\" content=\"article\" \/>\n<meta property=\"og:title\" content=\"La France renforce la s\u00e9curit\u00e9 de son ambassade \u00e0 Niamey\" \/>\n<meta property=\"og:description\" content=\"La France a de\u0301cide\u0301 de renforcer la se\u0301curite\u0301 de son ambassade a\u0300 Niamey, a annonce\u0301 le Quai d\u2019Orsay dans un communiqu ...\" \/>\n<meta property=\"og:url\" content=\"https:\/\/www.africa-press.net\/niger\/politique\/la-france-renforce-la-securite-de-son-ambassade-a-niamey\" \/>\n<meta property=\"og:site_name\" content=\"niger\" \/>\n<meta property=\"article:published_time\" content=\"2023-07-31T11:40:20+00:00\" \/>\n<meta property=\"article:modified_time\" content=\"2023-07-31T11:57:10+00:00\" \/>\n<meta property=\"og:image\" content=\"https:\/\/static.africa-press.net\/niger\/sites\/40\/2023\/07\/sm_1690791932.413018.jpg\" \/>\n\t<meta property=\"og:image:width\" content=\"864\" \/>\n\t<meta property=\"og:image:height\" content=\"486\" \/>\n\t<meta property=\"og:image:type\" content=\"image\/jpeg\" \/>\n<meta name=\"author\" content=\"cfeditorfr\" \/>\n<meta name=\"twitter:card\" content=\"summary_large_image\" \/>\n<meta name=\"twitter:label1\" content=\"\u00c9crit par\" \/>\n\t<meta name=\"twitter:data1\" content=\"cfeditorfr\" \/>\n\t<meta name=\"twitter:label2\" content=\"Dur\u00e9e de lecture estim\u00e9e\" \/>\n\t<meta name=\"twitter:data2\" content=\"1 minute\" \/>\n<script type=\"application\/ld+json\" class=\"yoast-schema-graph\">{\"@context\":\"https:\/\/schema.org\",\"@graph\":[{\"@type\":\"Article\",\"@id\":\"https:\/\/www.africa-press.net\/niger\/politique\/la-france-renforce-la-securite-de-son-ambassade-a-niamey#article\",\"isPartOf\":{\"@id\":\"https:\/\/www.africa-press.net\/niger\/politique\/la-france-renforce-la-securite-de-son-ambassade-a-niamey\"},\"author\":{\"name\":\"cfeditorfr\",\"@id\":\"https:\/\/www.africa-press.net\/niger\/#\/schema\/person\/2b1cf3cd81a31e3cd26889ca66d677f1\"},\"headline\":\"La France renforce la s\u00e9curit\u00e9 de son ambassade \u00e0 Niamey\",\"datePublished\":\"2023-07-31T11:40:20+00:00\",\"dateModified\":\"2023-07-31T11:57:10+00:00\",\"mainEntityOfPage\":{\"@id\":\"https:\/\/www.africa-press.net\/niger\/politique\/la-france-renforce-la-securite-de-son-ambassade-a-niamey\"},\"wordCount\":249,\"commentCount\":0,\"image\":{\"@id\":\"https:\/\/www.africa-press.net\/niger\/politique\/la-france-renforce-la-securite-de-son-ambassade-a-niamey#primaryimage\"},\"thumbnailUrl\":\"https:\/\/static.africa-press.net\/niger\/sites\/40\/2023\/07\/sm_1690791932.413018.jpg\",\"keywords\":[\"Africa Press\",\"Africa Press-Niger\",\"France\",\"Niamey\",\"Niger\"],\"articleSection\":[\"Politique\",\"Toutes les actualit\u00e9s\"],\"inLanguage\":\"fr-FR\",\"potentialAction\":[{\"@type\":\"CommentAction\",\"name\":\"Comment\",\"target\":[\"https:\/\/www.africa-press.net\/niger\/politique\/la-france-renforce-la-securite-de-son-ambassade-a-niamey#respond\"]}]},{\"@type\":\"WebPage\",\"@id\":\"https:\/\/www.africa-press.net\/niger\/politique\/la-france-renforce-la-securite-de-son-ambassade-a-niamey\",\"url\":\"https:\/\/www.africa-press.net\/niger\/politique\/la-france-renforce-la-securite-de-son-ambassade-a-niamey\",\"name\":\"La France renforce la s\u00e9curit\u00e9 de son ambassade \u00e0 Niamey - niger\",\"isPartOf\":{\"@id\":\"https:\/\/www.africa-press.net\/niger\/#website\"},\"primaryImageOfPage\":{\"@id\":\"https:\/\/www.africa-press.net\/niger\/politique\/la-france-renforce-la-securite-de-son-ambassade-a-niamey#primaryimage\"},\"image\":{\"@id\":\"https:\/\/www.africa-press.net\/niger\/politique\/la-france-renforce-la-securite-de-son-ambassade-a-niamey#primaryimage\"},\"thumbnailUrl\":\"https:\/\/static.africa-press.net\/niger\/sites\/40\/2023\/07\/sm_1690791932.413018.jpg\",\"datePublished\":\"2023-07-31T11:40:20+00:00\",\"dateModified\":\"2023-07-31T11:57:10+00:00\",\"author\":{\"@id\":\"https:\/\/www.africa-press.net\/niger\/#\/schema\/person\/2b1cf3cd81a31e3cd26889ca66d677f1\"},\"description\":\"La France a de\u0301cide\u0301 de renforcer la se\u0301curite\u0301 de son ambassade a\u0300 Niamey, a annonce\u0301 le Quai d\u2019Orsay dans un communiqu ...\",\"breadcrumb\":{\"@id\":\"https:\/\/www.africa-press.net\/niger\/politique\/la-france-renforce-la-securite-de-son-ambassade-a-niamey#breadcrumb\"},\"inLanguage\":\"fr-FR\",\"potentialAction\":[{\"@type\":\"ReadAction\",\"target\":[\"https:\/\/www.africa-press.net\/niger\/politique\/la-france-renforce-la-securite-de-son-ambassade-a-niamey\"]}]},{\"@type\":\"ImageObject\",\"inLanguage\":\"fr-FR\",\"@id\":\"https:\/\/www.africa-press.net\/niger\/politique\/la-france-renforce-la-securite-de-son-ambassade-a-niamey#primaryimage\",\"url\":\"https:\/\/static.africa-press.net\/niger\/sites\/40\/2023\/07\/sm_1690791932.413018.jpg\",\"contentUrl\":\"https:\/\/static.africa-press.net\/niger\/sites\/40\/2023\/07\/sm_1690791932.413018.jpg\",\"width\":864,\"height\":486,\"caption\":\"La France renforce la s\u00e9curit\u00e9 de son ambassade \u00e0 Niamey\"},{\"@type\":\"BreadcrumbList\",\"@id\":\"https:\/\/www.africa-press.net\/niger\/politique\/la-france-renforce-la-securite-de-son-ambassade-a-niamey#breadcrumb\",\"itemListElement\":[{\"@type\":\"ListItem\",\"position\":1,\"name\":\"Accueil\",\"item\":\"https:\/\/www.africa-press.net\/niger\/\"},{\"@type\":\"ListItem\",\"position\":2,\"name\":\"La France renforce la s\u00e9curit\u00e9 de son ambassade \u00e0 Niamey\"}]},{\"@type\":\"WebSite\",\"@id\":\"https:\/\/www.africa-press.net\/niger\/#website\",\"url\":\"https:\/\/www.africa-press.net\/niger\/\",\"name\":\"niger\",\"description\":\"Just another Africa News Agency Sites site\",\"potentialAction\":[{\"@type\":\"SearchAction\",\"target\":{\"@type\":\"EntryPoint\",\"urlTemplate\":\"https:\/\/www.africa-press.net\/niger\/?s={search_term_string}\"},\"query-input\":{\"@type\":\"PropertyValueSpecification\",\"valueRequired\":true,\"valueName\":\"search_term_string\"}}],\"inLanguage\":\"fr-FR\"},{\"@type\":\"Person\",\"@id\":\"https:\/\/www.africa-press.net\/niger\/#\/schema\/person\/2b1cf3cd81a31e3cd26889ca66d677f1\",\"name\":\"cfeditorfr\"}]}<\/script>\n<!-- \/ Yoast SEO Premium plugin. -->","yoast_head_json":{"title":"La France renforce la s\u00e9curit\u00e9 de son ambassade \u00e0 Niamey - niger","description":"La France a de\u0301cide\u0301 de renforcer la se\u0301curite\u0301 de son ambassade a\u0300 Niamey, a annonce\u0301 le Quai d\u2019Orsay dans un communiqu ...","robots":{"index":"index","follow":"follow","max-snippet":"max-snippet:-1","max-image-preview":"max-image-preview:large","max-video-preview":"max-video-preview:-1"},"canonical":"https:\/\/www.africa-press.net\/niger\/politique\/la-france-renforce-la-securite-de-son-ambassade-a-niamey","og_locale":"fr_FR","og_type":"article","og_title":"La France renforce la s\u00e9curit\u00e9 de son ambassade \u00e0 Niamey","og_description":"La France a de\u0301cide\u0301 de renforcer la se\u0301curite\u0301 de son ambassade a\u0300 Niamey, a annonce\u0301 le Quai d\u2019Orsay dans un communiqu ...","og_url":"https:\/\/www.africa-press.net\/niger\/politique\/la-france-renforce-la-securite-de-son-ambassade-a-niamey","og_site_name":"niger","article_published_time":"2023-07-31T11:40:20+00:00","article_modified_time":"2023-07-31T11:57:10+00:00","og_image":[{"width":864,"height":486,"url":"https:\/\/static.africa-press.net\/niger\/sites\/40\/2023\/07\/sm_1690791932.413018.jpg","type":"image\/jpeg"}],"author":"cfeditorfr","twitter_card":"summary_large_image","twitter_misc":{"\u00c9crit par":"cfeditorfr","Dur\u00e9e de lecture estim\u00e9e":"1 minute"},"schema":{"@context":"https:\/\/schema.org","@graph":[{"@type":"Article","@id":"https:\/\/www.africa-press.net\/niger\/politique\/la-france-renforce-la-securite-de-son-ambassade-a-niamey#article","isPartOf":{"@id":"https:\/\/www.africa-press.net\/niger\/politique\/la-france-renforce-la-securite-de-son-ambassade-a-niamey"},"author":{"name":"cfeditorfr","@id":"https:\/\/www.africa-press.net\/niger\/#\/schema\/person\/2b1cf3cd81a31e3cd26889ca66d677f1"},"headline":"La France renforce la s\u00e9curit\u00e9 de son ambassade \u00e0 Niamey","datePublished":"2023-07-31T11:40:20+00:00","dateModified":"2023-07-31T11:57:10+00:00","mainEntityOfPage":{"@id":"https:\/\/www.africa-press.net\/niger\/politique\/la-france-renforce-la-securite-de-son-ambassade-a-niamey"},"wordCount":249,"commentCount":0,"image":{"@id":"https:\/\/www.africa-press.net\/niger\/politique\/la-france-renforce-la-securite-de-son-ambassade-a-niamey#primaryimage"},"thumbnailUrl":"https:\/\/static.africa-press.net\/niger\/sites\/40\/2023\/07\/sm_1690791932.413018.jpg","keywords":["Africa Press","Africa Press-Niger","France","Niamey","Niger"],"articleSection":["Politique","Toutes les actualit\u00e9s"],"inLanguage":"fr-FR","potentialAction":[{"@type":"CommentAction","name":"Comment","target":["https:\/\/www.africa-press.net\/niger\/politique\/la-france-renforce-la-securite-de-son-ambassade-a-niamey#respond"]}]},{"@type":"WebPage","@id":"https:\/\/www.africa-press.net\/niger\/politique\/la-france-renforce-la-securite-de-son-ambassade-a-niamey","url":"https:\/\/www.africa-press.net\/niger\/politique\/la-france-renforce-la-securite-de-son-ambassade-a-niamey","name":"La France renforce la s\u00e9curit\u00e9 de son ambassade \u00e0 Niamey - niger","isPartOf":{"@id":"https:\/\/www.africa-press.net\/niger\/#website"},"primaryImageOfPage":{"@id":"https:\/\/www.africa-press.net\/niger\/politique\/la-france-renforce-la-securite-de-son-ambassade-a-niamey#primaryimage"},"image":{"@id":"https:\/\/www.africa-press.net\/niger\/politique\/la-france-renforce-la-securite-de-son-ambassade-a-niamey#primaryimage"},"thumbnailUrl":"https:\/\/static.africa-press.net\/niger\/sites\/40\/2023\/07\/sm_1690791932.413018.jpg","datePublished":"2023-07-31T11:40:20+00:00","dateModified":"2023-07-31T11:57:10+00:00","author":{"@id":"https:\/\/www.africa-press.net\/niger\/#\/schema\/person\/2b1cf3cd81a31e3cd26889ca66d677f1"},"description":"La France a de\u0301cide\u0301 de renforcer la se\u0301curite\u0301 de son ambassade a\u0300 Niamey, a annonce\u0301 le Quai d\u2019Orsay dans un communiqu ...","breadcrumb":{"@id":"https:\/\/www.africa-press.net\/niger\/politique\/la-france-renforce-la-securite-de-son-ambassade-a-niamey#breadcrumb"},"inLanguage":"fr-FR","potentialAction":[{"@type":"ReadAction","target":["https:\/\/www.africa-press.net\/niger\/politique\/la-france-renforce-la-securite-de-son-ambassade-a-niamey"]}]},{"@type":"ImageObject","inLanguage":"fr-FR","@id":"https:\/\/www.africa-press.net\/niger\/politique\/la-france-renforce-la-securite-de-son-ambassade-a-niamey#primaryimage","url":"https:\/\/static.africa-press.net\/niger\/sites\/40\/2023\/07\/sm_1690791932.413018.jpg","contentUrl":"https:\/\/static.africa-press.net\/niger\/sites\/40\/2023\/07\/sm_1690791932.413018.jpg","width":864,"height":486,"caption":"La France renforce la s\u00e9curit\u00e9 de son ambassade \u00e0 Niamey"},{"@type":"BreadcrumbList","@id":"https:\/\/www.africa-press.net\/niger\/politique\/la-france-renforce-la-securite-de-son-ambassade-a-niamey#breadcrumb","itemListElement":[{"@type":"ListItem","position":1,"name":"Accueil","item":"https:\/\/www.africa-press.net\/niger\/"},{"@type":"ListItem","position":2,"name":"La France renforce la s\u00e9curit\u00e9 de son ambassade \u00e0 Niamey"}]},{"@type":"WebSite","@id":"https:\/\/www.africa-press.net\/niger\/#website","url":"https:\/\/www.africa-press.net\/niger\/","name":"niger","description":"Just another Africa News Agency Sites site","potentialAction":[{"@type":"SearchAction","target":{"@type":"EntryPoint","urlTemplate":"https:\/\/www.africa-press.net\/niger\/?s={search_term_string}"},"query-input":{"@type":"PropertyValueSpecification","valueRequired":true,"valueName":"search_term_string"}}],"inLanguage":"fr-FR"},{"@type":"Person","@id":"https:\/\/www.africa-press.net\/niger\/#\/schema\/person\/2b1cf3cd81a31e3cd26889ca66d677f1","name":"cfeditorfr"}]}},"_links":{"self":[{"href":"https:\/\/www.africa-press.net\/niger\/wp-json\/wp\/v2\/posts\/47585","targetHints":{"allow":["GET"]}}],"collection":[{"href":"https:\/\/www.africa-press.net\/niger\/wp-json\/wp\/v2\/posts"}],"about":[{"href":"https:\/\/www.africa-press.net\/niger\/wp-json\/wp\/v2\/types\/post"}],"author":[{"embeddable":true,"href":"https:\/\/www.africa-press.net\/niger\/wp-json\/wp\/v2\/users\/82"}],"replies":[{"embeddable":true,"href":"https:\/\/www.africa-press.net\/niger\/wp-json\/wp\/v2\/comments?post=47585"}],"version-history":[{"count":0,"href":"https:\/\/www.africa-press.net\/niger\/wp-json\/wp\/v2\/posts\/47585\/revisions"}],"wp:featuredmedia":[{"embeddable":true,"href":"https:\/\/www.africa-press.net\/niger\/wp-json\/wp\/v2\/media\/47584"}],"wp:attachment":[{"href":"https:\/\/www.africa-press.net\/niger\/wp-json\/wp\/v2\/media?parent=47585"}],"wp:term":[{"taxonomy":"category","embeddable":true,"href":"https:\/\/www.africa-press.net\/niger\/wp-json\/wp\/v2\/categories?post=47585"},{"taxonomy":"post_tag","embeddable":true,"href":"https:\/\/www.africa-press.net\/niger\/wp-json\/wp\/v2\/tags?post=47585"}],"curies":[{"name":"wp","href":"https:\/\/api.w.org\/{rel}","templated":true}]}}