{"id":48746,"date":"2023-08-14T16:02:39","date_gmt":"2023-08-14T16:02:39","guid":{"rendered":"https:\/\/www.africa-press.net\/niger\/politique\/france-le-ministre-des-armees-alerte-sur-la-situation-au-sahel-avec-la-presence-dun-foyer-terroriste"},"modified":"2023-08-14T17:29:40","modified_gmt":"2023-08-14T17:29:40","slug":"france-le-ministre-des-armees-alerte-sur-la-situation-au-sahel-avec-la-presence-dun-foyer-terroriste","status":"publish","type":"post","link":"https:\/\/www.africa-press.net\/niger\/politique\/france-le-ministre-des-armees-alerte-sur-la-situation-au-sahel-avec-la-presence-dun-foyer-terroriste","title":{"rendered":"France: Le ministre des arm\u00e9es alerte sur la situation au Sahel avec la pr\u00e9sence d\u2019un \u00ab\u00a0foyer terroriste\u00a0\u00bb"},"content":{"rendered":"<p><span style=\"color: #ff6600\"><strong>Africa-Press &#8211; Niger. <\/strong><\/span>Le ministre franc\u0327ais des arme\u0301es, Se\u0301bastien Lecornu, a alerte\u0301 sur la situation au Sahel, dont il estime qu\u2019il s\u2019agit d\u2019un \u00ab\u00a0foyer terroriste majeur\u00a0\u00bb.<\/p>\n<p>Dans une interview parue dimanche dans le quotidien re\u0301gional Var-Matin, le ministre affirme que \u00ab\u00a0le sujet n&rsquo;est donc pas uniquement un sujet d&rsquo;influence, mais bien de se\u0301curite\u0301 collective\u00a0\u00bb et \u00ab\u00a0qu\u2019on ne peut pas ne pas voir qu&rsquo;un foyer terroriste majeur est a\u0300 nouveau a\u0300 un jet de pierre des rives de la Me\u0301diterrane\u0301e\u00a0\u00bb.<\/p>\n<p>\u00ab\u00a0Lorsque la junte a fait un coup d&rsquo;E\u0301tat au Mali, elle a cesse\u0301 de lutter contre le terrorisme\u00a0\u00bb, accuse Se\u0301bastien Lecornu qui affirme par ailleurs qu\u2019aujourd&rsquo;hui \u00ab\u00a040% du territoire malien est livre\u0301 a\u0300 des groupes arme\u0301s terroristes qui menacent de reconstituer une forme de califat\u00a0\u00bb.<\/p>\n<p>Alors que la situation est tre\u0300s tendue entre Paris, Bamako, Niamey et Ouagadougou, le ministre des arme\u0301es rappelle que \u00ab\u00a0les re\u0301cents conflits ont re\u0301uni sous la me\u0302me bannie\u0300re, notamment dans la lutte contre le terrorisme, les arme\u0301es franc\u0327aises et de nombreuses arme\u0301es africaines\u00a0\u00bb.<\/p>\n<p>\u00ab\u00a0Il ne faut pas se laisser instrumentaliser par le narratif de\u0301ploye\u0301 par nos compe\u0301titeurs sur les re\u0301seaux sociaux ou par quelques manifestations organise\u0301es ici ou la\u0300 devant les ambassades franc\u0327aises\u00a0\u00bb, a-t-il plaide\u0301 a\u0300 cet effet.<\/p>\n<p>Qualifiant la France de \u00ab\u00a0particulie\u0300rement influente en Afrique\u00a0\u00bb, Se\u0301bastien Lecornu estime qu\u2019elle \u00ab\u00a0est tre\u0300s expose\u0301e justement parce qu\u2019elle est influente\u00a0\u00bb et \u00ab\u00a0fait l\u2019objet de man\u0153uvres de de\u0301stabilisation\u00a0\u00bb.<\/p>\n<p>S\u2019agissant du Niger, il re\u0301ite\u0300re d\u2019ailleurs le soutien ferme et sans e\u0301quivoque de la France aux \u00ab\u00a0actions de la Ce\u0301de\u0301ao, dont l\u2019objectif final recherche\u0301 est le re\u0301tablissement de l\u2019ordre constitutionnel au Niger et le retour du Pre\u0301sident Bazoum\u00a0\u00bb.<\/p>\n<p>Interroge\u0301 concernant les militaires franc\u0327ais de\u0301ploye\u0301s dans le pays alors que la rupture est largement entame\u0301e entre Paris et les putschistes, le ministre s\u2019est voulu pluto\u0302t rassurant.<\/p>\n<p>\u00ab\u00a0Nos militaires sont habitue\u0301s aux situations complique\u0301es. Ils savent ce qu\u2019ils font au Sahel et quel est le sens de la mission. Il est important de le rappeler: nous sommes pre\u0301sents au Niger car nous sommes engage\u0301s dans la lutte contre le terrorisme, a\u0300 la demande des autorite\u0301s le\u0301gitimes nige\u0301riennes: c\u2019est le c\u0153ur de la mission\u00a0\u00bb, a-t-il de\u0301veloppe\u0301 a\u0300 ce propos.<\/p>\n<p><strong>Pour plus d&rsquo;informations et d&rsquo;analyses sur la <a href=\"https:\/\/www.africa-press.net\/niger\">Niger<\/a>, suivez <a href=\"https:\/\/www.africa-press.net\/\">Africa-Press<\/a><\/strong><\/p>\n","protected":false},"excerpt":{"rendered":"<p>Africa-Press &#8211; Niger. Le ministre franc\u0327ais des arme\u0301es, Se\u0301bastien Lecornu, a alerte\u0301 sur la situation au Sahel, dont il estime qu\u2019il s\u2019agit d\u2019un \u00ab\u00a0foyer terroriste majeur\u00a0\u00bb. Dans une interview parue dimanche dans le quotidien re\u0301gional Var-Matin, le ministre affirme que \u00ab\u00a0le sujet n&rsquo;est donc pas uniquement un sujet d&rsquo;influence, mais bien de se\u0301curite\u0301 collective\u00a0\u00bb et [&hellip;]<\/p>\n","protected":false},"author":82,"featured_media":48745,"comment_status":"open","ping_status":"closed","sticky":false,"template":"","format":"standard","meta":{"footnotes":""},"categories":[2,10],"tags":[55,60,100,29,47,103],"class_list":["post-48746","post","type-post","status-publish","format-standard","has-post-thumbnail","hentry","category-politique","category-toutes-les-actualites","tag-africa-press","tag-africa-press-niger","tag-france","tag-niger","tag-sahel","tag-terrorisme"],"yoast_head":"<!-- This site is optimized with the Yoast SEO Premium plugin v26.1 (Yoast SEO v27.0) - https:\/\/yoast.com\/product\/yoast-seo-premium-wordpress\/ -->\n<title>France: Le ministre des arm\u00e9es alerte sur la situation au Sahel avec la pr\u00e9sence d\u2019un &quot;foyer terroriste&quot; - niger<\/title>\n<meta name=\"description\" content=\"Le ministre franc\u0327ais des arme\u0301es, Se\u0301bastien Lecornu, a alerte\u0301 sur la situation au Sahel, dont il estime qu\u2019il s\u2019agit ...\" \/>\n<meta name=\"robots\" content=\"index, follow, max-snippet:-1, max-image-preview:large, max-video-preview:-1\" \/>\n<link rel=\"canonical\" href=\"https:\/\/www.africa-press.net\/niger\/politique\/france-le-ministre-des-armees-alerte-sur-la-situation-au-sahel-avec-la-presence-dun-foyer-terroriste\" \/>\n<meta property=\"og:locale\" content=\"fr_FR\" \/>\n<meta property=\"og:type\" content=\"article\" \/>\n<meta property=\"og:title\" content=\"France: Le ministre des arm\u00e9es alerte sur la situation au Sahel avec la pr\u00e9sence d\u2019un &quot;foyer terroriste&quot;\" \/>\n<meta property=\"og:description\" content=\"Le ministre franc\u0327ais des arme\u0301es, Se\u0301bastien Lecornu, a alerte\u0301 sur la situation au Sahel, dont il estime qu\u2019il s\u2019agit ...\" \/>\n<meta property=\"og:url\" content=\"https:\/\/www.africa-press.net\/niger\/politique\/france-le-ministre-des-armees-alerte-sur-la-situation-au-sahel-avec-la-presence-dun-foyer-terroriste\" \/>\n<meta property=\"og:site_name\" content=\"niger\" \/>\n<meta property=\"article:published_time\" content=\"2023-08-14T16:02:39+00:00\" \/>\n<meta property=\"article:modified_time\" content=\"2023-08-14T17:29:40+00:00\" \/>\n<meta property=\"og:image\" content=\"https:\/\/static.africa-press.net\/niger\/sites\/40\/2023\/08\/sm_1692021521.139205.jpg\" \/>\n\t<meta property=\"og:image:width\" content=\"720\" \/>\n\t<meta property=\"og:image:height\" content=\"405\" \/>\n\t<meta property=\"og:image:type\" content=\"image\/jpeg\" \/>\n<meta name=\"author\" content=\"cfeditorfr\" \/>\n<meta name=\"twitter:card\" content=\"summary_large_image\" \/>\n<meta name=\"twitter:label1\" content=\"\u00c9crit par\" \/>\n\t<meta name=\"twitter:data1\" content=\"cfeditorfr\" \/>\n\t<meta name=\"twitter:label2\" content=\"Dur\u00e9e de lecture estim\u00e9e\" \/>\n\t<meta name=\"twitter:data2\" content=\"2 minutes\" \/>\n<script type=\"application\/ld+json\" class=\"yoast-schema-graph\">{\"@context\":\"https:\/\/schema.org\",\"@graph\":[{\"@type\":\"Article\",\"@id\":\"https:\/\/www.africa-press.net\/niger\/politique\/france-le-ministre-des-armees-alerte-sur-la-situation-au-sahel-avec-la-presence-dun-foyer-terroriste#article\",\"isPartOf\":{\"@id\":\"https:\/\/www.africa-press.net\/niger\/politique\/france-le-ministre-des-armees-alerte-sur-la-situation-au-sahel-avec-la-presence-dun-foyer-terroriste\"},\"author\":{\"name\":\"cfeditorfr\",\"@id\":\"https:\/\/www.africa-press.net\/niger\/#\/schema\/person\/2b1cf3cd81a31e3cd26889ca66d677f1\"},\"headline\":\"France: Le ministre des arm\u00e9es alerte sur la situation au Sahel avec la pr\u00e9sence d\u2019un \u00ab\u00a0foyer terroriste\u00a0\u00bb\",\"datePublished\":\"2023-08-14T16:02:39+00:00\",\"dateModified\":\"2023-08-14T17:29:40+00:00\",\"mainEntityOfPage\":{\"@id\":\"https:\/\/www.africa-press.net\/niger\/politique\/france-le-ministre-des-armees-alerte-sur-la-situation-au-sahel-avec-la-presence-dun-foyer-terroriste\"},\"wordCount\":457,\"commentCount\":0,\"image\":{\"@id\":\"https:\/\/www.africa-press.net\/niger\/politique\/france-le-ministre-des-armees-alerte-sur-la-situation-au-sahel-avec-la-presence-dun-foyer-terroriste#primaryimage\"},\"thumbnailUrl\":\"https:\/\/static.africa-press.net\/niger\/sites\/40\/2023\/08\/sm_1692021521.139205.jpg\",\"keywords\":[\"Africa Press\",\"Africa Press-Niger\",\"France\",\"Niger\",\"Sahel\",\"Terrorisme\"],\"articleSection\":[\"Politique\",\"Toutes les actualit\u00e9s\"],\"inLanguage\":\"fr-FR\",\"potentialAction\":[{\"@type\":\"CommentAction\",\"name\":\"Comment\",\"target\":[\"https:\/\/www.africa-press.net\/niger\/politique\/france-le-ministre-des-armees-alerte-sur-la-situation-au-sahel-avec-la-presence-dun-foyer-terroriste#respond\"]}]},{\"@type\":\"WebPage\",\"@id\":\"https:\/\/www.africa-press.net\/niger\/politique\/france-le-ministre-des-armees-alerte-sur-la-situation-au-sahel-avec-la-presence-dun-foyer-terroriste\",\"url\":\"https:\/\/www.africa-press.net\/niger\/politique\/france-le-ministre-des-armees-alerte-sur-la-situation-au-sahel-avec-la-presence-dun-foyer-terroriste\",\"name\":\"France: Le ministre des arm\u00e9es alerte sur la situation au Sahel avec la pr\u00e9sence d\u2019un \\\"foyer terroriste\\\" - niger\",\"isPartOf\":{\"@id\":\"https:\/\/www.africa-press.net\/niger\/#website\"},\"primaryImageOfPage\":{\"@id\":\"https:\/\/www.africa-press.net\/niger\/politique\/france-le-ministre-des-armees-alerte-sur-la-situation-au-sahel-avec-la-presence-dun-foyer-terroriste#primaryimage\"},\"image\":{\"@id\":\"https:\/\/www.africa-press.net\/niger\/politique\/france-le-ministre-des-armees-alerte-sur-la-situation-au-sahel-avec-la-presence-dun-foyer-terroriste#primaryimage\"},\"thumbnailUrl\":\"https:\/\/static.africa-press.net\/niger\/sites\/40\/2023\/08\/sm_1692021521.139205.jpg\",\"datePublished\":\"2023-08-14T16:02:39+00:00\",\"dateModified\":\"2023-08-14T17:29:40+00:00\",\"author\":{\"@id\":\"https:\/\/www.africa-press.net\/niger\/#\/schema\/person\/2b1cf3cd81a31e3cd26889ca66d677f1\"},\"description\":\"Le ministre franc\u0327ais des arme\u0301es, Se\u0301bastien Lecornu, a alerte\u0301 sur la situation au Sahel, dont il estime qu\u2019il s\u2019agit ...\",\"breadcrumb\":{\"@id\":\"https:\/\/www.africa-press.net\/niger\/politique\/france-le-ministre-des-armees-alerte-sur-la-situation-au-sahel-avec-la-presence-dun-foyer-terroriste#breadcrumb\"},\"inLanguage\":\"fr-FR\",\"potentialAction\":[{\"@type\":\"ReadAction\",\"target\":[\"https:\/\/www.africa-press.net\/niger\/politique\/france-le-ministre-des-armees-alerte-sur-la-situation-au-sahel-avec-la-presence-dun-foyer-terroriste\"]}]},{\"@type\":\"ImageObject\",\"inLanguage\":\"fr-FR\",\"@id\":\"https:\/\/www.africa-press.net\/niger\/politique\/france-le-ministre-des-armees-alerte-sur-la-situation-au-sahel-avec-la-presence-dun-foyer-terroriste#primaryimage\",\"url\":\"https:\/\/static.africa-press.net\/niger\/sites\/40\/2023\/08\/sm_1692021521.139205.jpg\",\"contentUrl\":\"https:\/\/static.africa-press.net\/niger\/sites\/40\/2023\/08\/sm_1692021521.139205.jpg\",\"width\":720,\"height\":405,\"caption\":\"France: Le ministre des arm\u00e9es alerte sur la situation au Sahel avec la pr\u00e9sence d\u2019un \\\"foyer terroriste\\\"\"},{\"@type\":\"BreadcrumbList\",\"@id\":\"https:\/\/www.africa-press.net\/niger\/politique\/france-le-ministre-des-armees-alerte-sur-la-situation-au-sahel-avec-la-presence-dun-foyer-terroriste#breadcrumb\",\"itemListElement\":[{\"@type\":\"ListItem\",\"position\":1,\"name\":\"Accueil\",\"item\":\"https:\/\/www.africa-press.net\/niger\/\"},{\"@type\":\"ListItem\",\"position\":2,\"name\":\"France: Le ministre des arm\u00e9es alerte sur la situation au Sahel avec la pr\u00e9sence d\u2019un &#8220;foyer terroriste&#8221;\"}]},{\"@type\":\"WebSite\",\"@id\":\"https:\/\/www.africa-press.net\/niger\/#website\",\"url\":\"https:\/\/www.africa-press.net\/niger\/\",\"name\":\"niger\",\"description\":\"Just another Africa News Agency Sites site\",\"potentialAction\":[{\"@type\":\"SearchAction\",\"target\":{\"@type\":\"EntryPoint\",\"urlTemplate\":\"https:\/\/www.africa-press.net\/niger\/?s={search_term_string}\"},\"query-input\":{\"@type\":\"PropertyValueSpecification\",\"valueRequired\":true,\"valueName\":\"search_term_string\"}}],\"inLanguage\":\"fr-FR\"},{\"@type\":\"Person\",\"@id\":\"https:\/\/www.africa-press.net\/niger\/#\/schema\/person\/2b1cf3cd81a31e3cd26889ca66d677f1\",\"name\":\"cfeditorfr\"}]}<\/script>\n<!-- \/ Yoast SEO Premium plugin. -->","yoast_head_json":{"title":"France: Le ministre des arm\u00e9es alerte sur la situation au Sahel avec la pr\u00e9sence d\u2019un \"foyer terroriste\" - niger","description":"Le ministre franc\u0327ais des arme\u0301es, Se\u0301bastien Lecornu, a alerte\u0301 sur la situation au Sahel, dont il estime qu\u2019il s\u2019agit ...","robots":{"index":"index","follow":"follow","max-snippet":"max-snippet:-1","max-image-preview":"max-image-preview:large","max-video-preview":"max-video-preview:-1"},"canonical":"https:\/\/www.africa-press.net\/niger\/politique\/france-le-ministre-des-armees-alerte-sur-la-situation-au-sahel-avec-la-presence-dun-foyer-terroriste","og_locale":"fr_FR","og_type":"article","og_title":"France: Le ministre des arm\u00e9es alerte sur la situation au Sahel avec la pr\u00e9sence d\u2019un \"foyer terroriste\"","og_description":"Le ministre franc\u0327ais des arme\u0301es, Se\u0301bastien Lecornu, a alerte\u0301 sur la situation au Sahel, dont il estime qu\u2019il s\u2019agit ...","og_url":"https:\/\/www.africa-press.net\/niger\/politique\/france-le-ministre-des-armees-alerte-sur-la-situation-au-sahel-avec-la-presence-dun-foyer-terroriste","og_site_name":"niger","article_published_time":"2023-08-14T16:02:39+00:00","article_modified_time":"2023-08-14T17:29:40+00:00","og_image":[{"width":720,"height":405,"url":"https:\/\/static.africa-press.net\/niger\/sites\/40\/2023\/08\/sm_1692021521.139205.jpg","type":"image\/jpeg"}],"author":"cfeditorfr","twitter_card":"summary_large_image","twitter_misc":{"\u00c9crit par":"cfeditorfr","Dur\u00e9e de lecture estim\u00e9e":"2 minutes"},"schema":{"@context":"https:\/\/schema.org","@graph":[{"@type":"Article","@id":"https:\/\/www.africa-press.net\/niger\/politique\/france-le-ministre-des-armees-alerte-sur-la-situation-au-sahel-avec-la-presence-dun-foyer-terroriste#article","isPartOf":{"@id":"https:\/\/www.africa-press.net\/niger\/politique\/france-le-ministre-des-armees-alerte-sur-la-situation-au-sahel-avec-la-presence-dun-foyer-terroriste"},"author":{"name":"cfeditorfr","@id":"https:\/\/www.africa-press.net\/niger\/#\/schema\/person\/2b1cf3cd81a31e3cd26889ca66d677f1"},"headline":"France: Le ministre des arm\u00e9es alerte sur la situation au Sahel avec la pr\u00e9sence d\u2019un \u00ab\u00a0foyer terroriste\u00a0\u00bb","datePublished":"2023-08-14T16:02:39+00:00","dateModified":"2023-08-14T17:29:40+00:00","mainEntityOfPage":{"@id":"https:\/\/www.africa-press.net\/niger\/politique\/france-le-ministre-des-armees-alerte-sur-la-situation-au-sahel-avec-la-presence-dun-foyer-terroriste"},"wordCount":457,"commentCount":0,"image":{"@id":"https:\/\/www.africa-press.net\/niger\/politique\/france-le-ministre-des-armees-alerte-sur-la-situation-au-sahel-avec-la-presence-dun-foyer-terroriste#primaryimage"},"thumbnailUrl":"https:\/\/static.africa-press.net\/niger\/sites\/40\/2023\/08\/sm_1692021521.139205.jpg","keywords":["Africa Press","Africa Press-Niger","France","Niger","Sahel","Terrorisme"],"articleSection":["Politique","Toutes les actualit\u00e9s"],"inLanguage":"fr-FR","potentialAction":[{"@type":"CommentAction","name":"Comment","target":["https:\/\/www.africa-press.net\/niger\/politique\/france-le-ministre-des-armees-alerte-sur-la-situation-au-sahel-avec-la-presence-dun-foyer-terroriste#respond"]}]},{"@type":"WebPage","@id":"https:\/\/www.africa-press.net\/niger\/politique\/france-le-ministre-des-armees-alerte-sur-la-situation-au-sahel-avec-la-presence-dun-foyer-terroriste","url":"https:\/\/www.africa-press.net\/niger\/politique\/france-le-ministre-des-armees-alerte-sur-la-situation-au-sahel-avec-la-presence-dun-foyer-terroriste","name":"France: Le ministre des arm\u00e9es alerte sur la situation au Sahel avec la pr\u00e9sence d\u2019un \"foyer terroriste\" - niger","isPartOf":{"@id":"https:\/\/www.africa-press.net\/niger\/#website"},"primaryImageOfPage":{"@id":"https:\/\/www.africa-press.net\/niger\/politique\/france-le-ministre-des-armees-alerte-sur-la-situation-au-sahel-avec-la-presence-dun-foyer-terroriste#primaryimage"},"image":{"@id":"https:\/\/www.africa-press.net\/niger\/politique\/france-le-ministre-des-armees-alerte-sur-la-situation-au-sahel-avec-la-presence-dun-foyer-terroriste#primaryimage"},"thumbnailUrl":"https:\/\/static.africa-press.net\/niger\/sites\/40\/2023\/08\/sm_1692021521.139205.jpg","datePublished":"2023-08-14T16:02:39+00:00","dateModified":"2023-08-14T17:29:40+00:00","author":{"@id":"https:\/\/www.africa-press.net\/niger\/#\/schema\/person\/2b1cf3cd81a31e3cd26889ca66d677f1"},"description":"Le ministre franc\u0327ais des arme\u0301es, Se\u0301bastien Lecornu, a alerte\u0301 sur la situation au Sahel, dont il estime qu\u2019il s\u2019agit ...","breadcrumb":{"@id":"https:\/\/www.africa-press.net\/niger\/politique\/france-le-ministre-des-armees-alerte-sur-la-situation-au-sahel-avec-la-presence-dun-foyer-terroriste#breadcrumb"},"inLanguage":"fr-FR","potentialAction":[{"@type":"ReadAction","target":["https:\/\/www.africa-press.net\/niger\/politique\/france-le-ministre-des-armees-alerte-sur-la-situation-au-sahel-avec-la-presence-dun-foyer-terroriste"]}]},{"@type":"ImageObject","inLanguage":"fr-FR","@id":"https:\/\/www.africa-press.net\/niger\/politique\/france-le-ministre-des-armees-alerte-sur-la-situation-au-sahel-avec-la-presence-dun-foyer-terroriste#primaryimage","url":"https:\/\/static.africa-press.net\/niger\/sites\/40\/2023\/08\/sm_1692021521.139205.jpg","contentUrl":"https:\/\/static.africa-press.net\/niger\/sites\/40\/2023\/08\/sm_1692021521.139205.jpg","width":720,"height":405,"caption":"France: Le ministre des arm\u00e9es alerte sur la situation au Sahel avec la pr\u00e9sence d\u2019un \"foyer terroriste\""},{"@type":"BreadcrumbList","@id":"https:\/\/www.africa-press.net\/niger\/politique\/france-le-ministre-des-armees-alerte-sur-la-situation-au-sahel-avec-la-presence-dun-foyer-terroriste#breadcrumb","itemListElement":[{"@type":"ListItem","position":1,"name":"Accueil","item":"https:\/\/www.africa-press.net\/niger\/"},{"@type":"ListItem","position":2,"name":"France: Le ministre des arm\u00e9es alerte sur la situation au Sahel avec la pr\u00e9sence d\u2019un &#8220;foyer terroriste&#8221;"}]},{"@type":"WebSite","@id":"https:\/\/www.africa-press.net\/niger\/#website","url":"https:\/\/www.africa-press.net\/niger\/","name":"niger","description":"Just another Africa News Agency Sites site","potentialAction":[{"@type":"SearchAction","target":{"@type":"EntryPoint","urlTemplate":"https:\/\/www.africa-press.net\/niger\/?s={search_term_string}"},"query-input":{"@type":"PropertyValueSpecification","valueRequired":true,"valueName":"search_term_string"}}],"inLanguage":"fr-FR"},{"@type":"Person","@id":"https:\/\/www.africa-press.net\/niger\/#\/schema\/person\/2b1cf3cd81a31e3cd26889ca66d677f1","name":"cfeditorfr"}]}},"_links":{"self":[{"href":"https:\/\/www.africa-press.net\/niger\/wp-json\/wp\/v2\/posts\/48746","targetHints":{"allow":["GET"]}}],"collection":[{"href":"https:\/\/www.africa-press.net\/niger\/wp-json\/wp\/v2\/posts"}],"about":[{"href":"https:\/\/www.africa-press.net\/niger\/wp-json\/wp\/v2\/types\/post"}],"author":[{"embeddable":true,"href":"https:\/\/www.africa-press.net\/niger\/wp-json\/wp\/v2\/users\/82"}],"replies":[{"embeddable":true,"href":"https:\/\/www.africa-press.net\/niger\/wp-json\/wp\/v2\/comments?post=48746"}],"version-history":[{"count":0,"href":"https:\/\/www.africa-press.net\/niger\/wp-json\/wp\/v2\/posts\/48746\/revisions"}],"wp:featuredmedia":[{"embeddable":true,"href":"https:\/\/www.africa-press.net\/niger\/wp-json\/wp\/v2\/media\/48745"}],"wp:attachment":[{"href":"https:\/\/www.africa-press.net\/niger\/wp-json\/wp\/v2\/media?parent=48746"}],"wp:term":[{"taxonomy":"category","embeddable":true,"href":"https:\/\/www.africa-press.net\/niger\/wp-json\/wp\/v2\/categories?post=48746"},{"taxonomy":"post_tag","embeddable":true,"href":"https:\/\/www.africa-press.net\/niger\/wp-json\/wp\/v2\/tags?post=48746"}],"curies":[{"name":"wp","href":"https:\/\/api.w.org\/{rel}","templated":true}]}}