{"id":50540,"date":"2023-09-15T15:04:55","date_gmt":"2023-09-15T15:04:55","guid":{"rendered":"https:\/\/www.africa-press.net\/niger\/politique\/france-niger-macron-reagit-la-polemique-des-visas-refuses-a-des-pays-du-sahel"},"modified":"2023-09-15T15:26:20","modified_gmt":"2023-09-15T15:26:20","slug":"france-niger-macron-reagit-la-polemique-des-visas-refuses-a-des-pays-du-sahel","status":"publish","type":"post","link":"https:\/\/www.africa-press.net\/niger\/politique\/france-niger-macron-reagit-la-polemique-des-visas-refuses-a-des-pays-du-sahel","title":{"rendered":"France \/ Niger : Macron r\u00e9agit la pol\u00e9mique des visas refus\u00e9s \u00e0 des pays du Sahel"},"content":{"rendered":"<p><b> U\u0308mit Do\u0308nmez<\/b><\/p>\n<p><span style=\"color: #ff6600\"><strong>Africa-Press &#8211; Niger. <\/strong><\/span>Le Pre\u0301sident franc\u0327ais, Emmanuel Macron, a re\u0301agi, ce vendredi, sur la pole\u0301mique autour des visas refuse\u0301s aux artistes venant de Guine\u0301e, Niger et Burkina Faso.<\/p>\n<p>En visite en Co\u0302te-d&rsquo;Or pour les Journe\u0301es europe\u0301ennes du patrimoine, le chef d&rsquo;E\u0301tat franc\u0327ais a re\u0301pondu aux questions des journalistes.<\/p>\n<p>Interroge\u0301 sur la pole\u0301mique, le chef d&rsquo;E\u0301tat franc\u0327ais a de\u0301clare\u0301 que \u00ab\u00a0c&rsquo;est faux\u00a0\u00bb et que \u00ab\u00a0la vocation de la France est d&rsquo;accueillir les artistes et les intellectuels\u00a0\u00bb.<\/p>\n<p>Emmanuel Macron a ajoute\u0301 que la France a \u00ab\u00a0bien stoppe\u0301 les actions, mais au Sahel. Pas chez nous\u00a0\u00bb, a-t-il souligne\u0301.<\/p>\n<p>Pour rappel, ce jeudi, une correspondance du Quai d&rsquo;Orsay, cite\u0301e par Radio France indiquait que \u00ab\u00a0les artistes du Niger, du Burkina Faso et du Mali ne sont plus les bienvenus sur les sce\u0300nes franc\u0327aises\u00a0\u00bb.<\/p>\n<p>\u00ab\u00a0Sur instruction du ministe\u0300re de l\u2019Europe et des Affaires e\u0301trange\u0300res, il a e\u0301te\u0301 de\u0301cide\u0301 de suspendre, jusqu\u2019a\u0300 nouvel ordre, toute coope\u0301ration avec les pays suivants : Mali, Niger, Burkina Faso\u00a0\u00bb, avait expresse\u0301ment indique\u0301 la Direction des affaires culturelles.<\/p>\n<p>Quelques heures apre\u0300s la sortie de cette information dans les me\u0301dias franc\u0327ais et africains, le ministe\u0300re franc\u0327ais de la Culture a e\u0301mis un communique\u0301 pour affirmer qu&rsquo;aucun spectacle n&rsquo;est de\u0301programme\u0301 suite a\u0300 cette de\u0301cision. Et que les artistes en possession d&rsquo;un visa valide ne sont pas concerne\u0301s.<\/p>\n<p>\u00ab\u00a0Aucune de\u0301programmation d\u2019artistes, de quelque nationalite\u0301 que ce soit, n\u2019est demande\u0301e ni par le ministe\u0300re des Affaires e\u0301trange\u0300res, ni par le ministe\u0300re de la Culture\u00a0\u00bb, a indique\u0301 le ministe\u0300re de la Culture par voie d&rsquo;un communique\u0301.<\/p>\n<p>Le ministe\u0300re a ne\u0301anmoins reconnu que \u00ab\u00a0pour des raisons de se\u0301curite\u0301, la France a suspendu depuis le 7 aou\u0302t la de\u0301livrance de visas depuis Niamey, Ouagadougou et Bamako, ainsi que la mise en \u0153uvre dans ces pays des actions de coope\u0301ration culturelle\u00a0\u00bb.<\/p>\n<p>\u00ab\u00a0Cette de\u0301cision n\u2019affecte pas les personnes qui seraient titulaires de visas de\u0301livre\u0301s avant cette date ou qui re\u0301sident en France ou dans d\u2019autres pays\u00a0\u00bb, a pre\u0301cise\u0301 le ministe\u0300re de la Culture.<\/p>\n<p>Lors de sa de\u0301claration aux journalistes, ce vendredi, Emmanuel Macron s&rsquo;est e\u0301galement attarde\u0301 sur la situation politique au Burkina Faso, au Mali et au Niger.<\/p>\n<p>\u00ab\u00a0Vous avez des putschistes qui aujourd\u2019hui nous attaquent, attaquent la culture chez eux et ne nous permettent plus de le faire\u00a0\u00bb, a affirme\u0301 le chef d&rsquo;E\u0301tat franc\u0327ais.<\/p>\n<p>\u00ab\u00a0C\u2019est un devoir de re\u0301duire notre pre\u0301sence et de me\u0302me stopper notre coope\u0301ration\u00a0\u00bb, a-t-il souligne\u0301, affirmant que l\u2019ambassadeur franc\u0327ais au Niger est empe\u0302che\u0301 par le pouvoir militaire de sortir de son ambassade.<\/p>\n<p>\u00ab\u00a0Comment voulez-vous que nous de\u0301livrions des visas ou que nous fassions de la coope\u0301ration culturelle quand vous n\u2019avez plus la possibilite\u0301, me\u0302me en tant qu\u2019ambassadeur, de sortir, qu\u2019il est persona non grata et qu\u2019on refuse qu\u2019il puisse s\u2019alimenter ? Il ne faut pas retourner la charge : la faute, c\u2019est celle des putschistes\u00a0\u00bb, a-t-il estime\u0301, ajoutant que le personnel diplomatique franc\u0327ais a\u0300 Niamey se nourrit de \u00ab\u00a0rations militaires\u00a0\u00bb au sein de l&rsquo;ambassade.<\/p>\n<p>Pour rappel, depuis la prise de pouvoir militaire au Niger, le 26 juillet dernier, la Ce\u0301de\u0301ao fait peser la menace d&rsquo;une intervention militaire dans ce pays du Sahel. Une de\u0301cision soutenue par la France, qui compte environ 1 500 soldats dans ce pays sahe\u0301lien.<\/p>\n<p>Le pouvoir militaire nige\u0301rien a exige\u0301 le de\u0301part de l&rsquo;ambassadeur franc\u0327ais dans le pays ainsi que de ses soldats. La reque\u0302te a e\u0301te\u0301 refuse\u0301e par les autorite\u0301s franc\u0327aises qui conside\u0300rent Mohammed Bazoum comme le pre\u0301sident le\u0301gitime du pays.<\/p>\n<p>Le 9 septembre dernier, le Colonel major nige\u0301rien Amadou Abdramane a lu un communique\u0301 a\u0300 la te\u0301le\u0301vision nationale, de\u0301clarant que \u00ab\u00a0la France continue de de\u0301ployer ses forces dans plusieurs pays de la Ce\u0301de\u0301ao dans le cadre de pre\u0301paratifs d\u2019une agression contre le Niger, qu\u2019elle envisage en collaboration avec cette organisation communautaire\u00a0\u00bb.<\/p>\n<p><b>Source: AA<\/b><\/p>\n<p><strong>Pour plus d&rsquo;informations et d&rsquo;analyses sur la <a href=\"https:\/\/www.africa-press.net\/niger\">Niger<\/a>, suivez <a href=\"https:\/\/www.africa-press.net\/\">Africa-Press<\/a><\/strong><\/p>\n","protected":false},"excerpt":{"rendered":"<p>U\u0308mit Do\u0308nmez Africa-Press &#8211; Niger. Le Pre\u0301sident franc\u0327ais, Emmanuel Macron, a re\u0301agi, ce vendredi, sur la pole\u0301mique autour des visas refuse\u0301s aux artistes venant de Guine\u0301e, Niger et Burkina Faso. En visite en Co\u0302te-d&rsquo;Or pour les Journe\u0301es europe\u0301ennes du patrimoine, le chef d&rsquo;E\u0301tat franc\u0327ais a re\u0301pondu aux questions des journalistes. Interroge\u0301 sur la pole\u0301mique, le [&hellip;]<\/p>\n","protected":false},"author":82,"featured_media":50538,"comment_status":"open","ping_status":"closed","sticky":false,"template":"","format":"standard","meta":{"footnotes":""},"categories":[2,20,10],"tags":[55,60,1778,40,100,1746,1967,29,47],"class_list":["post-50540","post","type-post","status-publish","format-standard","has-post-thumbnail","hentry","category-politique","category-top-nouvelles","category-toutes-les-actualites","tag-africa-press","tag-africa-press-niger","tag-coup-detat-au-niger","tag-emmanuel-macron","tag-france","tag-france-niger","tag-france-sahel","tag-niger","tag-sahel"],"yoast_head":"<!-- This site is optimized with the Yoast SEO Premium plugin v26.1 (Yoast SEO v27.0) - https:\/\/yoast.com\/product\/yoast-seo-premium-wordpress\/ -->\n<title>France \/ Niger : Macron r\u00e9agit la pol\u00e9mique des visas refus\u00e9s \u00e0 des pays du Sahel - niger<\/title>\n<meta name=\"description\" content=\"Le Pre\u0301sident franc\u0327ais, Emmanuel Macron, a re\u0301agi, ce vendredi, sur la pole\u0301mique autour des visas refuse\u0301s aux artiste ...\" \/>\n<meta name=\"robots\" content=\"index, follow, max-snippet:-1, max-image-preview:large, max-video-preview:-1\" \/>\n<link rel=\"canonical\" href=\"https:\/\/www.africa-press.net\/niger\/politique\/france-niger-macron-reagit-la-polemique-des-visas-refuses-a-des-pays-du-sahel\" \/>\n<meta property=\"og:locale\" content=\"fr_FR\" \/>\n<meta property=\"og:type\" content=\"article\" \/>\n<meta property=\"og:title\" content=\"France \/ Niger : Macron r\u00e9agit la pol\u00e9mique des visas refus\u00e9s \u00e0 des pays du Sahel\" \/>\n<meta property=\"og:description\" content=\"Le Pre\u0301sident franc\u0327ais, Emmanuel Macron, a re\u0301agi, ce vendredi, sur la pole\u0301mique autour des visas refuse\u0301s aux artiste ...\" \/>\n<meta property=\"og:url\" content=\"https:\/\/www.africa-press.net\/niger\/politique\/france-niger-macron-reagit-la-polemique-des-visas-refuses-a-des-pays-du-sahel\" \/>\n<meta property=\"og:site_name\" content=\"niger\" \/>\n<meta property=\"article:published_time\" content=\"2023-09-15T15:04:55+00:00\" \/>\n<meta property=\"article:modified_time\" content=\"2023-09-15T15:26:20+00:00\" \/>\n<meta property=\"og:image\" content=\"https:\/\/static.africa-press.net\/niger\/sites\/40\/2023\/09\/sm_1694778942.102642.jpg\" \/>\n\t<meta property=\"og:image:width\" content=\"864\" \/>\n\t<meta property=\"og:image:height\" content=\"486\" \/>\n\t<meta property=\"og:image:type\" content=\"image\/jpeg\" \/>\n<meta name=\"author\" content=\"cfeditorfr\" \/>\n<meta name=\"twitter:card\" content=\"summary_large_image\" \/>\n<meta name=\"twitter:label1\" content=\"\u00c9crit par\" \/>\n\t<meta name=\"twitter:data1\" content=\"cfeditorfr\" \/>\n\t<meta name=\"twitter:label2\" content=\"Dur\u00e9e de lecture estim\u00e9e\" \/>\n\t<meta name=\"twitter:data2\" content=\"4 minutes\" \/>\n<script type=\"application\/ld+json\" class=\"yoast-schema-graph\">{\"@context\":\"https:\/\/schema.org\",\"@graph\":[{\"@type\":\"Article\",\"@id\":\"https:\/\/www.africa-press.net\/niger\/politique\/france-niger-macron-reagit-la-polemique-des-visas-refuses-a-des-pays-du-sahel#article\",\"isPartOf\":{\"@id\":\"https:\/\/www.africa-press.net\/niger\/politique\/france-niger-macron-reagit-la-polemique-des-visas-refuses-a-des-pays-du-sahel\"},\"author\":{\"name\":\"cfeditorfr\",\"@id\":\"https:\/\/www.africa-press.net\/niger\/#\/schema\/person\/2b1cf3cd81a31e3cd26889ca66d677f1\"},\"headline\":\"France \/ Niger : Macron r\u00e9agit la pol\u00e9mique des visas refus\u00e9s \u00e0 des pays du Sahel\",\"datePublished\":\"2023-09-15T15:04:55+00:00\",\"dateModified\":\"2023-09-15T15:26:20+00:00\",\"mainEntityOfPage\":{\"@id\":\"https:\/\/www.africa-press.net\/niger\/politique\/france-niger-macron-reagit-la-polemique-des-visas-refuses-a-des-pays-du-sahel\"},\"wordCount\":762,\"commentCount\":0,\"image\":{\"@id\":\"https:\/\/www.africa-press.net\/niger\/politique\/france-niger-macron-reagit-la-polemique-des-visas-refuses-a-des-pays-du-sahel#primaryimage\"},\"thumbnailUrl\":\"https:\/\/static.africa-press.net\/niger\/sites\/40\/2023\/09\/sm_1694778942.102642.jpg\",\"keywords\":[\"Africa Press\",\"Africa Press-Niger\",\"Coup d'Etat au Niger\",\"Emmanuel Macron\",\"France\",\"France Niger\",\"France Sahel\",\"Niger\",\"Sahel\"],\"articleSection\":[\"Politique\",\"Top Nouvelles\",\"Toutes les actualit\u00e9s\"],\"inLanguage\":\"fr-FR\",\"potentialAction\":[{\"@type\":\"CommentAction\",\"name\":\"Comment\",\"target\":[\"https:\/\/www.africa-press.net\/niger\/politique\/france-niger-macron-reagit-la-polemique-des-visas-refuses-a-des-pays-du-sahel#respond\"]}]},{\"@type\":\"WebPage\",\"@id\":\"https:\/\/www.africa-press.net\/niger\/politique\/france-niger-macron-reagit-la-polemique-des-visas-refuses-a-des-pays-du-sahel\",\"url\":\"https:\/\/www.africa-press.net\/niger\/politique\/france-niger-macron-reagit-la-polemique-des-visas-refuses-a-des-pays-du-sahel\",\"name\":\"France \/ Niger : Macron r\u00e9agit la pol\u00e9mique des visas refus\u00e9s \u00e0 des pays du Sahel - niger\",\"isPartOf\":{\"@id\":\"https:\/\/www.africa-press.net\/niger\/#website\"},\"primaryImageOfPage\":{\"@id\":\"https:\/\/www.africa-press.net\/niger\/politique\/france-niger-macron-reagit-la-polemique-des-visas-refuses-a-des-pays-du-sahel#primaryimage\"},\"image\":{\"@id\":\"https:\/\/www.africa-press.net\/niger\/politique\/france-niger-macron-reagit-la-polemique-des-visas-refuses-a-des-pays-du-sahel#primaryimage\"},\"thumbnailUrl\":\"https:\/\/static.africa-press.net\/niger\/sites\/40\/2023\/09\/sm_1694778942.102642.jpg\",\"datePublished\":\"2023-09-15T15:04:55+00:00\",\"dateModified\":\"2023-09-15T15:26:20+00:00\",\"author\":{\"@id\":\"https:\/\/www.africa-press.net\/niger\/#\/schema\/person\/2b1cf3cd81a31e3cd26889ca66d677f1\"},\"description\":\"Le Pre\u0301sident franc\u0327ais, Emmanuel Macron, a re\u0301agi, ce vendredi, sur la pole\u0301mique autour des visas refuse\u0301s aux artiste ...\",\"breadcrumb\":{\"@id\":\"https:\/\/www.africa-press.net\/niger\/politique\/france-niger-macron-reagit-la-polemique-des-visas-refuses-a-des-pays-du-sahel#breadcrumb\"},\"inLanguage\":\"fr-FR\",\"potentialAction\":[{\"@type\":\"ReadAction\",\"target\":[\"https:\/\/www.africa-press.net\/niger\/politique\/france-niger-macron-reagit-la-polemique-des-visas-refuses-a-des-pays-du-sahel\"]}]},{\"@type\":\"ImageObject\",\"inLanguage\":\"fr-FR\",\"@id\":\"https:\/\/www.africa-press.net\/niger\/politique\/france-niger-macron-reagit-la-polemique-des-visas-refuses-a-des-pays-du-sahel#primaryimage\",\"url\":\"https:\/\/static.africa-press.net\/niger\/sites\/40\/2023\/09\/sm_1694778942.102642.jpg\",\"contentUrl\":\"https:\/\/static.africa-press.net\/niger\/sites\/40\/2023\/09\/sm_1694778942.102642.jpg\",\"width\":864,\"height\":486,\"caption\":\"France \/ Niger : Macron r\u00e9agit la pol\u00e9mique des visas refus\u00e9s \u00e0 des pays du Sahel\"},{\"@type\":\"BreadcrumbList\",\"@id\":\"https:\/\/www.africa-press.net\/niger\/politique\/france-niger-macron-reagit-la-polemique-des-visas-refuses-a-des-pays-du-sahel#breadcrumb\",\"itemListElement\":[{\"@type\":\"ListItem\",\"position\":1,\"name\":\"Accueil\",\"item\":\"https:\/\/www.africa-press.net\/niger\/\"},{\"@type\":\"ListItem\",\"position\":2,\"name\":\"France \/ Niger : Macron r\u00e9agit la pol\u00e9mique des visas refus\u00e9s \u00e0 des pays du Sahel\"}]},{\"@type\":\"WebSite\",\"@id\":\"https:\/\/www.africa-press.net\/niger\/#website\",\"url\":\"https:\/\/www.africa-press.net\/niger\/\",\"name\":\"niger\",\"description\":\"Just another Africa News Agency Sites site\",\"potentialAction\":[{\"@type\":\"SearchAction\",\"target\":{\"@type\":\"EntryPoint\",\"urlTemplate\":\"https:\/\/www.africa-press.net\/niger\/?s={search_term_string}\"},\"query-input\":{\"@type\":\"PropertyValueSpecification\",\"valueRequired\":true,\"valueName\":\"search_term_string\"}}],\"inLanguage\":\"fr-FR\"},{\"@type\":\"Person\",\"@id\":\"https:\/\/www.africa-press.net\/niger\/#\/schema\/person\/2b1cf3cd81a31e3cd26889ca66d677f1\",\"name\":\"cfeditorfr\"}]}<\/script>\n<!-- \/ Yoast SEO Premium plugin. -->","yoast_head_json":{"title":"France \/ Niger : Macron r\u00e9agit la pol\u00e9mique des visas refus\u00e9s \u00e0 des pays du Sahel - niger","description":"Le Pre\u0301sident franc\u0327ais, Emmanuel Macron, a re\u0301agi, ce vendredi, sur la pole\u0301mique autour des visas refuse\u0301s aux artiste ...","robots":{"index":"index","follow":"follow","max-snippet":"max-snippet:-1","max-image-preview":"max-image-preview:large","max-video-preview":"max-video-preview:-1"},"canonical":"https:\/\/www.africa-press.net\/niger\/politique\/france-niger-macron-reagit-la-polemique-des-visas-refuses-a-des-pays-du-sahel","og_locale":"fr_FR","og_type":"article","og_title":"France \/ Niger : Macron r\u00e9agit la pol\u00e9mique des visas refus\u00e9s \u00e0 des pays du Sahel","og_description":"Le Pre\u0301sident franc\u0327ais, Emmanuel Macron, a re\u0301agi, ce vendredi, sur la pole\u0301mique autour des visas refuse\u0301s aux artiste ...","og_url":"https:\/\/www.africa-press.net\/niger\/politique\/france-niger-macron-reagit-la-polemique-des-visas-refuses-a-des-pays-du-sahel","og_site_name":"niger","article_published_time":"2023-09-15T15:04:55+00:00","article_modified_time":"2023-09-15T15:26:20+00:00","og_image":[{"width":864,"height":486,"url":"https:\/\/static.africa-press.net\/niger\/sites\/40\/2023\/09\/sm_1694778942.102642.jpg","type":"image\/jpeg"}],"author":"cfeditorfr","twitter_card":"summary_large_image","twitter_misc":{"\u00c9crit par":"cfeditorfr","Dur\u00e9e de lecture estim\u00e9e":"4 minutes"},"schema":{"@context":"https:\/\/schema.org","@graph":[{"@type":"Article","@id":"https:\/\/www.africa-press.net\/niger\/politique\/france-niger-macron-reagit-la-polemique-des-visas-refuses-a-des-pays-du-sahel#article","isPartOf":{"@id":"https:\/\/www.africa-press.net\/niger\/politique\/france-niger-macron-reagit-la-polemique-des-visas-refuses-a-des-pays-du-sahel"},"author":{"name":"cfeditorfr","@id":"https:\/\/www.africa-press.net\/niger\/#\/schema\/person\/2b1cf3cd81a31e3cd26889ca66d677f1"},"headline":"France \/ Niger : Macron r\u00e9agit la pol\u00e9mique des visas refus\u00e9s \u00e0 des pays du Sahel","datePublished":"2023-09-15T15:04:55+00:00","dateModified":"2023-09-15T15:26:20+00:00","mainEntityOfPage":{"@id":"https:\/\/www.africa-press.net\/niger\/politique\/france-niger-macron-reagit-la-polemique-des-visas-refuses-a-des-pays-du-sahel"},"wordCount":762,"commentCount":0,"image":{"@id":"https:\/\/www.africa-press.net\/niger\/politique\/france-niger-macron-reagit-la-polemique-des-visas-refuses-a-des-pays-du-sahel#primaryimage"},"thumbnailUrl":"https:\/\/static.africa-press.net\/niger\/sites\/40\/2023\/09\/sm_1694778942.102642.jpg","keywords":["Africa Press","Africa Press-Niger","Coup d'Etat au Niger","Emmanuel Macron","France","France Niger","France Sahel","Niger","Sahel"],"articleSection":["Politique","Top Nouvelles","Toutes les actualit\u00e9s"],"inLanguage":"fr-FR","potentialAction":[{"@type":"CommentAction","name":"Comment","target":["https:\/\/www.africa-press.net\/niger\/politique\/france-niger-macron-reagit-la-polemique-des-visas-refuses-a-des-pays-du-sahel#respond"]}]},{"@type":"WebPage","@id":"https:\/\/www.africa-press.net\/niger\/politique\/france-niger-macron-reagit-la-polemique-des-visas-refuses-a-des-pays-du-sahel","url":"https:\/\/www.africa-press.net\/niger\/politique\/france-niger-macron-reagit-la-polemique-des-visas-refuses-a-des-pays-du-sahel","name":"France \/ Niger : Macron r\u00e9agit la pol\u00e9mique des visas refus\u00e9s \u00e0 des pays du Sahel - niger","isPartOf":{"@id":"https:\/\/www.africa-press.net\/niger\/#website"},"primaryImageOfPage":{"@id":"https:\/\/www.africa-press.net\/niger\/politique\/france-niger-macron-reagit-la-polemique-des-visas-refuses-a-des-pays-du-sahel#primaryimage"},"image":{"@id":"https:\/\/www.africa-press.net\/niger\/politique\/france-niger-macron-reagit-la-polemique-des-visas-refuses-a-des-pays-du-sahel#primaryimage"},"thumbnailUrl":"https:\/\/static.africa-press.net\/niger\/sites\/40\/2023\/09\/sm_1694778942.102642.jpg","datePublished":"2023-09-15T15:04:55+00:00","dateModified":"2023-09-15T15:26:20+00:00","author":{"@id":"https:\/\/www.africa-press.net\/niger\/#\/schema\/person\/2b1cf3cd81a31e3cd26889ca66d677f1"},"description":"Le Pre\u0301sident franc\u0327ais, Emmanuel Macron, a re\u0301agi, ce vendredi, sur la pole\u0301mique autour des visas refuse\u0301s aux artiste ...","breadcrumb":{"@id":"https:\/\/www.africa-press.net\/niger\/politique\/france-niger-macron-reagit-la-polemique-des-visas-refuses-a-des-pays-du-sahel#breadcrumb"},"inLanguage":"fr-FR","potentialAction":[{"@type":"ReadAction","target":["https:\/\/www.africa-press.net\/niger\/politique\/france-niger-macron-reagit-la-polemique-des-visas-refuses-a-des-pays-du-sahel"]}]},{"@type":"ImageObject","inLanguage":"fr-FR","@id":"https:\/\/www.africa-press.net\/niger\/politique\/france-niger-macron-reagit-la-polemique-des-visas-refuses-a-des-pays-du-sahel#primaryimage","url":"https:\/\/static.africa-press.net\/niger\/sites\/40\/2023\/09\/sm_1694778942.102642.jpg","contentUrl":"https:\/\/static.africa-press.net\/niger\/sites\/40\/2023\/09\/sm_1694778942.102642.jpg","width":864,"height":486,"caption":"France \/ Niger : Macron r\u00e9agit la pol\u00e9mique des visas refus\u00e9s \u00e0 des pays du Sahel"},{"@type":"BreadcrumbList","@id":"https:\/\/www.africa-press.net\/niger\/politique\/france-niger-macron-reagit-la-polemique-des-visas-refuses-a-des-pays-du-sahel#breadcrumb","itemListElement":[{"@type":"ListItem","position":1,"name":"Accueil","item":"https:\/\/www.africa-press.net\/niger\/"},{"@type":"ListItem","position":2,"name":"France \/ Niger : Macron r\u00e9agit la pol\u00e9mique des visas refus\u00e9s \u00e0 des pays du Sahel"}]},{"@type":"WebSite","@id":"https:\/\/www.africa-press.net\/niger\/#website","url":"https:\/\/www.africa-press.net\/niger\/","name":"niger","description":"Just another Africa News Agency Sites site","potentialAction":[{"@type":"SearchAction","target":{"@type":"EntryPoint","urlTemplate":"https:\/\/www.africa-press.net\/niger\/?s={search_term_string}"},"query-input":{"@type":"PropertyValueSpecification","valueRequired":true,"valueName":"search_term_string"}}],"inLanguage":"fr-FR"},{"@type":"Person","@id":"https:\/\/www.africa-press.net\/niger\/#\/schema\/person\/2b1cf3cd81a31e3cd26889ca66d677f1","name":"cfeditorfr"}]}},"_links":{"self":[{"href":"https:\/\/www.africa-press.net\/niger\/wp-json\/wp\/v2\/posts\/50540","targetHints":{"allow":["GET"]}}],"collection":[{"href":"https:\/\/www.africa-press.net\/niger\/wp-json\/wp\/v2\/posts"}],"about":[{"href":"https:\/\/www.africa-press.net\/niger\/wp-json\/wp\/v2\/types\/post"}],"author":[{"embeddable":true,"href":"https:\/\/www.africa-press.net\/niger\/wp-json\/wp\/v2\/users\/82"}],"replies":[{"embeddable":true,"href":"https:\/\/www.africa-press.net\/niger\/wp-json\/wp\/v2\/comments?post=50540"}],"version-history":[{"count":0,"href":"https:\/\/www.africa-press.net\/niger\/wp-json\/wp\/v2\/posts\/50540\/revisions"}],"wp:featuredmedia":[{"embeddable":true,"href":"https:\/\/www.africa-press.net\/niger\/wp-json\/wp\/v2\/media\/50538"}],"wp:attachment":[{"href":"https:\/\/www.africa-press.net\/niger\/wp-json\/wp\/v2\/media?parent=50540"}],"wp:term":[{"taxonomy":"category","embeddable":true,"href":"https:\/\/www.africa-press.net\/niger\/wp-json\/wp\/v2\/categories?post=50540"},{"taxonomy":"post_tag","embeddable":true,"href":"https:\/\/www.africa-press.net\/niger\/wp-json\/wp\/v2\/tags?post=50540"}],"curies":[{"name":"wp","href":"https:\/\/api.w.org\/{rel}","templated":true}]}}