{"id":51745,"date":"2023-10-02T16:12:06","date_gmt":"2023-10-02T16:12:06","guid":{"rendered":"https:\/\/www.africa-press.net\/niger\/politique\/niger-2"},"modified":"2023-10-02T17:05:36","modified_gmt":"2023-10-02T17:05:36","slug":"niger-2","status":"publish","type":"post","link":"https:\/\/www.africa-press.net\/niger\/politique\/niger-2","title":{"rendered":"Niger :"},"content":{"rendered":"<p><span style=\"color: #ff6600\"><strong>Africa-Press &#8211; Niger. <\/strong><\/span>Pour marquer leur trentie\u0300me jour de manifestation devant la base militaire franc\u0327aise a\u0300 Niamey, les organisations de la socie\u0301te\u0301 civile soutenant les autorite\u0301s militaires nige\u0301riennes ont organise\u0301, dimanche apre\u0300s-midi, une grande manifestation.<\/p>\n<p>Des milliers de personnes se sont d&rsquo;abord rassemble\u0301es a\u0300 la \u00ab\u00a0Place Toumo\u00a0\u00bb avant de marcher sur trois kilome\u0300tres pour rejoindre le rond-point Escadrille, rebaptise\u0301 \u00ab\u00a0Place de la re\u0301sistance\u00a0\u00bb pre\u0300s de la base militaire franc\u0327aise.<\/p>\n<p>Organise\u0301e par les organisations de la socie\u0301te\u0301 civile qui soutiennent les autorite\u0301s militaires issues du coup d&rsquo;E\u0301tat du 26 juillet dernier, la manifestation a e\u0301te\u0301 soutenue par les principales centrales syndicales des travailleurs qui ont appele\u0301 leurs militants a\u0300 y prendre part.<\/p>\n<p>Empe\u0302che\u0301 de prendre la parole lors de la 78e\u0301me Assemble\u0301e ge\u0301ne\u0301rale des Nations unies tenue fin septembre dernier a\u0300 New-York, le ministre nige\u0301rien des Affaires e\u0301trange\u0300res Yaou Bakary Sangare\u0301 a pris la parole au cours de la manifestation pour expliquer le contenu du discours qu&rsquo;il voulait livrer au monde a\u0300 la tribune de l&rsquo;ONU.<\/p>\n<p>Accusant la France d&rsquo;avoir man\u0153uvre\u0301 pour l&#8217;empe\u0302cher d&rsquo;intervenir, il a de\u0301clare\u0301 : \u00ab\u00a0Le combat que me\u0300ne le peuple nige\u0301rien pour se libe\u0301rer de la tutelle de la France est irre\u0301versible\u00a0\u00bb, pre\u0301cisant que les autorite\u0301s de transition ont \u00ab\u00a0suffisamment de conviction\u00a0\u00bb pour mener ce combat aux co\u0302te\u0301s du peuple.<\/p>\n<p>Depuis le 02 septembre dernier, des milliers de personnes manifestent chaque jour devant la base militaire franc\u0327aise de Niamey pour obtenir le de\u0301part de quelque mille cinq cent (1500) soldats franc\u0327ais du Niger. Le 04 aou\u0302t dernier, les autorite\u0301s militaires nige\u0301riennes ont de\u0301nonce\u0301 plusieurs accords militaires entre la France et le Niger, demandant dans la foule\u0301e le de\u0301part des soldats franc\u0327ais pre\u0301sents au Niger. Paris avait, dans un premier temps, rejete\u0301 cette demande, expliquant ne reconnai\u0302tre aucune le\u0301gitimite\u0301 au pouvoir militaire de Niamey. Mais dans interview te\u0301le\u0301vise\u0301e le dimanche 24 septembre dernier, le pre\u0301sident franc\u0327ais Emmanuel Macron a de\u0301clare\u0301 que les soldats franc\u0327ais quitteront le Niger avant la fin de cette anne\u0301e.<\/p>\n<p>Depuis le coup d&rsquo;E\u0301tat militaire du 26 juillet dernier contre le pre\u0301sident Mohamed Bazoum, les relations diplomatiques sont devenues tre\u0300s tendues entre la France et son ancienne colonie le Niger.<\/p>\n<p><strong>Pour plus d&rsquo;informations et d&rsquo;analyses sur la <a href=\"https:\/\/www.africa-press.net\/niger\">Niger<\/a>, suivez <a href=\"https:\/\/www.africa-press.net\/\">Africa-Press<\/a><\/strong><\/p>\n","protected":false},"excerpt":{"rendered":"<p>Africa-Press &#8211; Niger. Pour marquer leur trentie\u0300me jour de manifestation devant la base militaire franc\u0327aise a\u0300 Niamey, les organisations de la socie\u0301te\u0301 civile soutenant les autorite\u0301s militaires nige\u0301riennes ont organise\u0301, dimanche apre\u0300s-midi, une grande manifestation. Des milliers de personnes se sont d&rsquo;abord rassemble\u0301es a\u0300 la \u00ab\u00a0Place Toumo\u00a0\u00bb avant de marcher sur trois kilome\u0300tres pour rejoindre [&hellip;]<\/p>\n","protected":false},"author":82,"featured_media":51743,"comment_status":"open","ping_status":"closed","sticky":false,"template":"","format":"standard","meta":{"footnotes":""},"categories":[2,20,10],"tags":[55,60,2011,937,732,29,1949],"class_list":["post-51745","post","type-post","status-publish","format-standard","has-post-thumbnail","hentry","category-politique","category-top-nouvelles","category-toutes-les-actualites","tag-africa-press","tag-africa-press-niger","tag-base-militaire","tag-manifestation","tag-niamey","tag-niger","tag-soldats-francais"],"yoast_head":"<!-- This site is optimized with the Yoast SEO Premium plugin v26.1 (Yoast SEO v27.0) - https:\/\/yoast.com\/product\/yoast-seo-premium-wordpress\/ -->\n<title>Niger : - niger<\/title>\n<meta name=\"description\" content=\"Pour marquer leur trentie\u0300me jour de manifestation devant la base militaire franc\u0327aise a\u0300 Niamey, les organisations de l ...\" \/>\n<meta name=\"robots\" content=\"index, follow, max-snippet:-1, max-image-preview:large, max-video-preview:-1\" \/>\n<link rel=\"canonical\" href=\"https:\/\/www.africa-press.net\/niger\/politique\/niger-2\" \/>\n<meta property=\"og:locale\" content=\"fr_FR\" \/>\n<meta property=\"og:type\" content=\"article\" \/>\n<meta property=\"og:title\" content=\"Niger :\" \/>\n<meta property=\"og:description\" content=\"Pour marquer leur trentie\u0300me jour de manifestation devant la base militaire franc\u0327aise a\u0300 Niamey, les organisations de l ...\" \/>\n<meta property=\"og:url\" content=\"https:\/\/www.africa-press.net\/niger\/politique\/niger-2\" \/>\n<meta property=\"og:site_name\" content=\"niger\" \/>\n<meta property=\"article:published_time\" content=\"2023-10-02T16:12:06+00:00\" \/>\n<meta property=\"article:modified_time\" content=\"2023-10-02T17:05:36+00:00\" \/>\n<meta property=\"og:image\" content=\"https:\/\/static.africa-press.net\/niger\/sites\/40\/2023\/10\/sm_1696253676.001054.jpg\" \/>\n\t<meta property=\"og:image:width\" content=\"864\" \/>\n\t<meta property=\"og:image:height\" content=\"486\" \/>\n\t<meta property=\"og:image:type\" content=\"image\/jpeg\" \/>\n<meta name=\"author\" content=\"cfeditorfr\" \/>\n<meta name=\"twitter:card\" content=\"summary_large_image\" \/>\n<meta name=\"twitter:label1\" content=\"\u00c9crit par\" \/>\n\t<meta name=\"twitter:data1\" content=\"cfeditorfr\" \/>\n\t<meta name=\"twitter:label2\" content=\"Dur\u00e9e de lecture estim\u00e9e\" \/>\n\t<meta name=\"twitter:data2\" content=\"2 minutes\" \/>\n<script type=\"application\/ld+json\" class=\"yoast-schema-graph\">{\"@context\":\"https:\/\/schema.org\",\"@graph\":[{\"@type\":\"Article\",\"@id\":\"https:\/\/www.africa-press.net\/niger\/politique\/niger-2#article\",\"isPartOf\":{\"@id\":\"https:\/\/www.africa-press.net\/niger\/politique\/niger-2\"},\"author\":{\"name\":\"cfeditorfr\",\"@id\":\"https:\/\/www.africa-press.net\/niger\/#\/schema\/person\/2b1cf3cd81a31e3cd26889ca66d677f1\"},\"headline\":\"Niger :\",\"datePublished\":\"2023-10-02T16:12:06+00:00\",\"dateModified\":\"2023-10-02T17:05:36+00:00\",\"mainEntityOfPage\":{\"@id\":\"https:\/\/www.africa-press.net\/niger\/politique\/niger-2\"},\"wordCount\":428,\"commentCount\":0,\"image\":{\"@id\":\"https:\/\/www.africa-press.net\/niger\/politique\/niger-2#primaryimage\"},\"thumbnailUrl\":\"https:\/\/static.africa-press.net\/niger\/sites\/40\/2023\/10\/sm_1696253676.001054.jpg\",\"keywords\":[\"Africa Press\",\"Africa Press-Niger\",\"base militaire\",\"Manifestation\",\"Niamey\",\"Niger\",\"soldats fran\u00e7ais\"],\"articleSection\":[\"Politique\",\"Top Nouvelles\",\"Toutes les actualit\u00e9s\"],\"inLanguage\":\"fr-FR\",\"potentialAction\":[{\"@type\":\"CommentAction\",\"name\":\"Comment\",\"target\":[\"https:\/\/www.africa-press.net\/niger\/politique\/niger-2#respond\"]}]},{\"@type\":\"WebPage\",\"@id\":\"https:\/\/www.africa-press.net\/niger\/politique\/niger-2\",\"url\":\"https:\/\/www.africa-press.net\/niger\/politique\/niger-2\",\"name\":\"Niger : - niger\",\"isPartOf\":{\"@id\":\"https:\/\/www.africa-press.net\/niger\/#website\"},\"primaryImageOfPage\":{\"@id\":\"https:\/\/www.africa-press.net\/niger\/politique\/niger-2#primaryimage\"},\"image\":{\"@id\":\"https:\/\/www.africa-press.net\/niger\/politique\/niger-2#primaryimage\"},\"thumbnailUrl\":\"https:\/\/static.africa-press.net\/niger\/sites\/40\/2023\/10\/sm_1696253676.001054.jpg\",\"datePublished\":\"2023-10-02T16:12:06+00:00\",\"dateModified\":\"2023-10-02T17:05:36+00:00\",\"author\":{\"@id\":\"https:\/\/www.africa-press.net\/niger\/#\/schema\/person\/2b1cf3cd81a31e3cd26889ca66d677f1\"},\"description\":\"Pour marquer leur trentie\u0300me jour de manifestation devant la base militaire franc\u0327aise a\u0300 Niamey, les organisations de l ...\",\"breadcrumb\":{\"@id\":\"https:\/\/www.africa-press.net\/niger\/politique\/niger-2#breadcrumb\"},\"inLanguage\":\"fr-FR\",\"potentialAction\":[{\"@type\":\"ReadAction\",\"target\":[\"https:\/\/www.africa-press.net\/niger\/politique\/niger-2\"]}]},{\"@type\":\"ImageObject\",\"inLanguage\":\"fr-FR\",\"@id\":\"https:\/\/www.africa-press.net\/niger\/politique\/niger-2#primaryimage\",\"url\":\"https:\/\/static.africa-press.net\/niger\/sites\/40\/2023\/10\/sm_1696253676.001054.jpg\",\"contentUrl\":\"https:\/\/static.africa-press.net\/niger\/sites\/40\/2023\/10\/sm_1696253676.001054.jpg\",\"width\":864,\"height\":486,\"caption\":\"Niger :\"},{\"@type\":\"BreadcrumbList\",\"@id\":\"https:\/\/www.africa-press.net\/niger\/politique\/niger-2#breadcrumb\",\"itemListElement\":[{\"@type\":\"ListItem\",\"position\":1,\"name\":\"Accueil\",\"item\":\"https:\/\/www.africa-press.net\/niger\/\"},{\"@type\":\"ListItem\",\"position\":2,\"name\":\"Niger :\"}]},{\"@type\":\"WebSite\",\"@id\":\"https:\/\/www.africa-press.net\/niger\/#website\",\"url\":\"https:\/\/www.africa-press.net\/niger\/\",\"name\":\"niger\",\"description\":\"Just another Africa News Agency Sites site\",\"potentialAction\":[{\"@type\":\"SearchAction\",\"target\":{\"@type\":\"EntryPoint\",\"urlTemplate\":\"https:\/\/www.africa-press.net\/niger\/?s={search_term_string}\"},\"query-input\":{\"@type\":\"PropertyValueSpecification\",\"valueRequired\":true,\"valueName\":\"search_term_string\"}}],\"inLanguage\":\"fr-FR\"},{\"@type\":\"Person\",\"@id\":\"https:\/\/www.africa-press.net\/niger\/#\/schema\/person\/2b1cf3cd81a31e3cd26889ca66d677f1\",\"name\":\"cfeditorfr\"}]}<\/script>\n<!-- \/ Yoast SEO Premium plugin. -->","yoast_head_json":{"title":"Niger : - niger","description":"Pour marquer leur trentie\u0300me jour de manifestation devant la base militaire franc\u0327aise a\u0300 Niamey, les organisations de l ...","robots":{"index":"index","follow":"follow","max-snippet":"max-snippet:-1","max-image-preview":"max-image-preview:large","max-video-preview":"max-video-preview:-1"},"canonical":"https:\/\/www.africa-press.net\/niger\/politique\/niger-2","og_locale":"fr_FR","og_type":"article","og_title":"Niger :","og_description":"Pour marquer leur trentie\u0300me jour de manifestation devant la base militaire franc\u0327aise a\u0300 Niamey, les organisations de l ...","og_url":"https:\/\/www.africa-press.net\/niger\/politique\/niger-2","og_site_name":"niger","article_published_time":"2023-10-02T16:12:06+00:00","article_modified_time":"2023-10-02T17:05:36+00:00","og_image":[{"width":864,"height":486,"url":"https:\/\/static.africa-press.net\/niger\/sites\/40\/2023\/10\/sm_1696253676.001054.jpg","type":"image\/jpeg"}],"author":"cfeditorfr","twitter_card":"summary_large_image","twitter_misc":{"\u00c9crit par":"cfeditorfr","Dur\u00e9e de lecture estim\u00e9e":"2 minutes"},"schema":{"@context":"https:\/\/schema.org","@graph":[{"@type":"Article","@id":"https:\/\/www.africa-press.net\/niger\/politique\/niger-2#article","isPartOf":{"@id":"https:\/\/www.africa-press.net\/niger\/politique\/niger-2"},"author":{"name":"cfeditorfr","@id":"https:\/\/www.africa-press.net\/niger\/#\/schema\/person\/2b1cf3cd81a31e3cd26889ca66d677f1"},"headline":"Niger :","datePublished":"2023-10-02T16:12:06+00:00","dateModified":"2023-10-02T17:05:36+00:00","mainEntityOfPage":{"@id":"https:\/\/www.africa-press.net\/niger\/politique\/niger-2"},"wordCount":428,"commentCount":0,"image":{"@id":"https:\/\/www.africa-press.net\/niger\/politique\/niger-2#primaryimage"},"thumbnailUrl":"https:\/\/static.africa-press.net\/niger\/sites\/40\/2023\/10\/sm_1696253676.001054.jpg","keywords":["Africa Press","Africa Press-Niger","base militaire","Manifestation","Niamey","Niger","soldats fran\u00e7ais"],"articleSection":["Politique","Top Nouvelles","Toutes les actualit\u00e9s"],"inLanguage":"fr-FR","potentialAction":[{"@type":"CommentAction","name":"Comment","target":["https:\/\/www.africa-press.net\/niger\/politique\/niger-2#respond"]}]},{"@type":"WebPage","@id":"https:\/\/www.africa-press.net\/niger\/politique\/niger-2","url":"https:\/\/www.africa-press.net\/niger\/politique\/niger-2","name":"Niger : - niger","isPartOf":{"@id":"https:\/\/www.africa-press.net\/niger\/#website"},"primaryImageOfPage":{"@id":"https:\/\/www.africa-press.net\/niger\/politique\/niger-2#primaryimage"},"image":{"@id":"https:\/\/www.africa-press.net\/niger\/politique\/niger-2#primaryimage"},"thumbnailUrl":"https:\/\/static.africa-press.net\/niger\/sites\/40\/2023\/10\/sm_1696253676.001054.jpg","datePublished":"2023-10-02T16:12:06+00:00","dateModified":"2023-10-02T17:05:36+00:00","author":{"@id":"https:\/\/www.africa-press.net\/niger\/#\/schema\/person\/2b1cf3cd81a31e3cd26889ca66d677f1"},"description":"Pour marquer leur trentie\u0300me jour de manifestation devant la base militaire franc\u0327aise a\u0300 Niamey, les organisations de l ...","breadcrumb":{"@id":"https:\/\/www.africa-press.net\/niger\/politique\/niger-2#breadcrumb"},"inLanguage":"fr-FR","potentialAction":[{"@type":"ReadAction","target":["https:\/\/www.africa-press.net\/niger\/politique\/niger-2"]}]},{"@type":"ImageObject","inLanguage":"fr-FR","@id":"https:\/\/www.africa-press.net\/niger\/politique\/niger-2#primaryimage","url":"https:\/\/static.africa-press.net\/niger\/sites\/40\/2023\/10\/sm_1696253676.001054.jpg","contentUrl":"https:\/\/static.africa-press.net\/niger\/sites\/40\/2023\/10\/sm_1696253676.001054.jpg","width":864,"height":486,"caption":"Niger :"},{"@type":"BreadcrumbList","@id":"https:\/\/www.africa-press.net\/niger\/politique\/niger-2#breadcrumb","itemListElement":[{"@type":"ListItem","position":1,"name":"Accueil","item":"https:\/\/www.africa-press.net\/niger\/"},{"@type":"ListItem","position":2,"name":"Niger :"}]},{"@type":"WebSite","@id":"https:\/\/www.africa-press.net\/niger\/#website","url":"https:\/\/www.africa-press.net\/niger\/","name":"niger","description":"Just another Africa News Agency Sites site","potentialAction":[{"@type":"SearchAction","target":{"@type":"EntryPoint","urlTemplate":"https:\/\/www.africa-press.net\/niger\/?s={search_term_string}"},"query-input":{"@type":"PropertyValueSpecification","valueRequired":true,"valueName":"search_term_string"}}],"inLanguage":"fr-FR"},{"@type":"Person","@id":"https:\/\/www.africa-press.net\/niger\/#\/schema\/person\/2b1cf3cd81a31e3cd26889ca66d677f1","name":"cfeditorfr"}]}},"_links":{"self":[{"href":"https:\/\/www.africa-press.net\/niger\/wp-json\/wp\/v2\/posts\/51745","targetHints":{"allow":["GET"]}}],"collection":[{"href":"https:\/\/www.africa-press.net\/niger\/wp-json\/wp\/v2\/posts"}],"about":[{"href":"https:\/\/www.africa-press.net\/niger\/wp-json\/wp\/v2\/types\/post"}],"author":[{"embeddable":true,"href":"https:\/\/www.africa-press.net\/niger\/wp-json\/wp\/v2\/users\/82"}],"replies":[{"embeddable":true,"href":"https:\/\/www.africa-press.net\/niger\/wp-json\/wp\/v2\/comments?post=51745"}],"version-history":[{"count":0,"href":"https:\/\/www.africa-press.net\/niger\/wp-json\/wp\/v2\/posts\/51745\/revisions"}],"wp:featuredmedia":[{"embeddable":true,"href":"https:\/\/www.africa-press.net\/niger\/wp-json\/wp\/v2\/media\/51743"}],"wp:attachment":[{"href":"https:\/\/www.africa-press.net\/niger\/wp-json\/wp\/v2\/media?parent=51745"}],"wp:term":[{"taxonomy":"category","embeddable":true,"href":"https:\/\/www.africa-press.net\/niger\/wp-json\/wp\/v2\/categories?post=51745"},{"taxonomy":"post_tag","embeddable":true,"href":"https:\/\/www.africa-press.net\/niger\/wp-json\/wp\/v2\/tags?post=51745"}],"curies":[{"name":"wp","href":"https:\/\/api.w.org\/{rel}","templated":true}]}}