{"id":58174,"date":"2024-02-02T18:30:11","date_gmt":"2024-02-02T18:30:11","guid":{"rendered":"https:\/\/www.africa-press.net\/niger\/politique\/foire-des-maraichers-de-la-region-dagadez-les-producteurs-de-lair-innondent-niamey-de-produits-frais"},"modified":"2024-02-02T19:54:57","modified_gmt":"2024-02-02T19:54:57","slug":"foire-des-maraichers-de-la-region-dagadez-les-producteurs-de-lair-innondent-niamey-de-produits-frais","status":"publish","type":"post","link":"https:\/\/www.africa-press.net\/niger\/photo\/foire-des-maraichers-de-la-region-dagadez-les-producteurs-de-lair-innondent-niamey-de-produits-frais","title":{"rendered":"Foire des maraichers de la r\u00e9gion d\u2019Agadez : Les producteurs de l\u2019A\u00efr innondent Niamey de produits frais"},"content":{"rendered":"<p><span style=\"color: #ff6600\"><strong>Africa-Press &#8211; Niger. <\/strong><\/span><b>Comme chaque anne\u0301e, depuis plus de 10 ans en pareille pe\u0301riode, les producteurs de la re\u0301gion d\u2019Agadez sont arrive\u0301s a\u0300 Niamey pour e\u0301couler les fruits de leurs durs labeurs. La 13e\u0300me e\u0301dition de cet e\u0301ve\u0301nement de\u0301signe\u0301 sous l\u2019appellation de \u00ab foire des maraichers de la re\u0301gion d\u2019Agadez \u00bb a e\u0301te\u0301 lance\u0301e au de\u0301but du mois de janvier et devrait se de\u0301rouler pendant deux mois sur les principaux sites habituels notamment la Place Toumo et la devanture de la Mosque\u0301e des Grandes Prie\u0300res de Niamey. Plus de cent cinquante producteurs, en majorite\u0301 des jeunes ont fait le de\u0301placement de Niamey avec d\u2019importantes cargaisons de pomme de terre, d\u2019oignon, d\u2019agrumes (oranges, mandarines, pamplemousses, etc.), d\u2019ail, de tomate se\u0301che\u0301e et fraiche, de piment frais, d\u2019e\u0301pices diverses, etc. Tous ces produits sont cultive\u0301s dans l\u2019Ai\u0308r.<\/b><\/p>\n<p>Du mai\u0308s, de la pomme de terre, des agrumes, des e\u0301pices en provenance de la re\u0301gion d\u2019Agadez sont disponibles a\u0300 la Place Toumo et sur l\u2019espace devant la Mosque\u0301e des Grandes Prie\u0300res et dans d\u2019autres zones de la ville. Des camions de\u0301chargent les produits qui sont expose\u0301s pour la vente sur les sites de la foire et d\u2019autres en rechargent en direction de certains marche\u0301s de la ville de Niamey. La particularite\u0301 de ces produits est qu\u2019ils sont locaux ; de tre\u0300s bonne qualite\u0301 et n\u2019ont rien a\u0300 envier a\u0300 ceux importe\u0301s d\u2019autres pays.<\/p>\n<p>En ce moment de que\u0302te des voies et moyens pour l\u2019atteinte de l\u2019autosuffisance alimentaire, la production locale est de plus en plus consomme\u0301e au Niger. A cet effet, la re\u0301gion d\u2019Agadez dispose d\u2019importantes potentialite\u0301s pour la culture des tubercules, des agrumes mais aussi du mai\u0308s et du ble\u0301.<\/p>\n<p>Pour la foire de cette anne\u0301e 5600 tonnes d\u2019agrumes en provenance de la re\u0301gion d\u2019Agadez sont pre\u0301vues. \u00ab Notre but est non seulement d\u2019aider nos producteurs a\u0300 e\u0301couler leurs produits mais aussi de re\u0301pondre a\u0300 l\u2019attente et aux besoins de nos populations \u00bb, affirme M. Ibrahim Ixa, le 2e\u0300me Vice-pre\u0301sident du Conseil re\u0301gional d\u2019Agadez. \u00ab Dans le souci d\u2019accompagner nos marai\u0302chers nous sommes a\u0300 la recherche d\u2019une solution de\u0301finitive pour que nos marai\u0302chers continuent tout au long de l\u2019anne\u0301e a\u0300 e\u0301couler leurs productions dans les grandes villes comme Niamey et a\u0300 travers le pays. Parce que nous disposons de divers produits tout le temps. S\u2019il y\u2019a la possibilite\u0301 on peut tout acheminer a\u0300 Niamey, ravitailler l\u2019ensemble du territoire national et exporter vers la sous-re\u0301gion \u00bb, explique l\u2019e\u0301lu re\u0301gional.<\/p>\n<p>Le pre\u0301sident du comite\u0301 d\u2019organisation de la 13e\u0300me e\u0301dition de la foire des marai\u0302chers d\u2019Agadez, Hamidi Yahaya, indique quant a\u0300 lui que rien qu\u2019au niveau du de\u0301partement d\u2019Ife\u0301rouane, sept cent (700) hectares ont e\u0301te\u0301 emblave\u0301s de mai\u0308s. \u00ab Nous organisons depuis treize ans cette foire ; nous avons toujours dit que nous sommes capables de nourrir le Niger \u00bb, renche\u0301rit-il, demandant aux autorite\u0301s de soutenir davantage les marai\u0302chers afin de leur permettre de produire plus pour les populations en quantite\u0301, en qualite\u0301 et a\u0300 des prix abordables.<\/p>\n<p>Hamidi Yahaya, salue l\u2019engagement d\u2019une structure regroupant des orpailleurs au niveau d\u2019Agadez, d\u2019emblaver plus de mille (1000) hectares en ble\u0301. Mais, rele\u0300ve-il, afin d\u2019envisager une production prenant en compte le besoin du pays il faut beaucoup plus de moyens, notamment des motopompes, des re\u0301seaux californiens, des installations solaires, des tracteurs pour irriguer et cultiver les champs et les jardins. D\u2019ou\u0300 son appel a\u0300 l\u2019endroit des autorite\u0301s pour accompagner les marai\u0302chers.<\/p>\n<p>\u00ab Nous avons toujours explique\u0301 a\u0300 nos autorite\u0301s que nous sommes capables de produire plus que ce qu\u2019on met sur le marche\u0301. Il suffit simplement d\u2019avoir un soutien et un appui conse\u0301quent. Nous espe\u0301rons qu\u2019avec le CNSP nous allons avoir gain de cause, car je pense que nous pouvons aider dans le cadre de la nutrition et de l\u2019alimentation de nos populations \u00bb, affirme le pre\u0301sident du comite\u0301 d\u2019organisation de la foire des marai\u0302chers d\u2019Agadez. Aussi, se re\u0301jouit-il de l\u2019annonce de l\u2019ame\u0301nagement au niveau de Niamey d\u2019un endroit ou\u0300 les maraichers vont pouvoir s\u2019installer de fac\u0327on permanente et vendre leurs productions. \u00ab Nous avons beaucoup de produits que nous pourrons exposer tout au long de l\u2019anne\u0301e, des ce\u0301re\u0301ales, de la pomme de terre, de l\u2019oignon, des agrumes ; mais jusque-la\u0300 nous proce\u0301dons a\u0300 un rationnement en fonction de la demande \u00bb, assure-t-il. Ce qui pourrait e\u0302tre une solution au proble\u0300me d\u2019e\u0301coulement et des pertes que subissent les maraichers avec des produits qui pourrissent du fait de la me\u0301vente.<\/p>\n<p><b>Hamissou Yahaya (ONEP)<\/b><\/p>\n\r\n                <style type=\"text\/css\">\r\n                    \r\n                    #td_uid_1_69f5ea137f0f1  .td-doubleSlider-2 .td-item1 {\r\n                        background: url(https:\/\/static.africa-press.net\/niger\/sites\/40\/2024\/02\/sm_1706888059.891988-80x60.jpg) 0 0 no-repeat;\r\n                    }\r\n                    #td_uid_1_69f5ea137f0f1  .td-doubleSlider-2 .td-item2 {\r\n                        background: url(https:\/\/static.africa-press.net\/niger\/sites\/40\/2024\/02\/sm_1706888068.486208-80x60.jpg) 0 0 no-repeat;\r\n                    }\r\n                <\/style>\r\n\r\n                <div id=\"td_uid_1_69f5ea137f0f1\" class=\"td-gallery td-slide-on-2-columns\">\r\n                    <div class=\"post_td_gallery\">\r\n                        <div class=\"td-gallery-slide-top\">\r\n                           <div class=\"td-gallery-title\"><\/div>\r\n\r\n                            <div class=\"td-gallery-controls-wrapper\">\r\n                                <div class=\"td-gallery-slide-count\"><span class=\"td-gallery-slide-item-focus\">1<\/span> de 2<\/div>\r\n                                <div class=\"td-gallery-slide-prev-next-but\">\r\n                                    <i class = \"td-icon-left doubleSliderPrevButton\"><\/i>\r\n                                    <i class = \"td-icon-right doubleSliderNextButton\"><\/i>\r\n                                <\/div>\r\n                            <\/div>\r\n                        <\/div>\r\n\r\n                        <div class = \"td-doubleSlider-1 \">\r\n                            <div class = \"td-slider\">\r\n                                \r\n                    <div class = \"td-slide-item td-item1\">\r\n                        <figure class=\"td-slide-galery-figure td-slide-popup-gallery\">\r\n                            <a class=\"slide-gallery-image-link\" href=\"https:\/\/static.africa-press.net\/niger\/sites\/40\/2024\/02\/sm_1706888059.891988.jpg\" title=\"sm_1706888059.891988\"  data-caption=\"\"  data-description=\"\">\r\n                                <img decoding=\"async\" src=\"https:\/\/static.africa-press.net\/niger\/sites\/40\/2024\/02\/sm_1706888059.891988.jpg\" srcset=\"https:\/\/static.africa-press.net\/niger\/sites\/40\/2024\/02\/sm_1706888059.891988.jpg 800w, https:\/\/static.africa-press.net\/niger\/sites\/40\/2024\/02\/sm_1706888059.891988-300x227.jpg 300w, https:\/\/static.africa-press.net\/niger\/sites\/40\/2024\/02\/sm_1706888059.891988-768x582.jpg 768w, https:\/\/static.africa-press.net\/niger\/sites\/40\/2024\/02\/sm_1706888059.891988-80x60.jpg 80w\" sizes=\"(max-width: 800px) 100vw, 800px\" alt=\"\">\r\n                            <\/a>\r\n                            \r\n                        <\/figure>\r\n                    <\/div>\r\n                    <div class = \"td-slide-item td-item2\">\r\n                        <figure class=\"td-slide-galery-figure td-slide-popup-gallery\">\r\n                            <a class=\"slide-gallery-image-link\" href=\"https:\/\/static.africa-press.net\/niger\/sites\/40\/2024\/02\/sm_1706888068.486208.jpg\" title=\"sm_1706888068.486208\"  data-caption=\"\"  data-description=\"\">\r\n                                <img decoding=\"async\" src=\"https:\/\/static.africa-press.net\/niger\/sites\/40\/2024\/02\/sm_1706888068.486208.jpg\" srcset=\"https:\/\/static.africa-press.net\/niger\/sites\/40\/2024\/02\/sm_1706888068.486208.jpg 800w, https:\/\/static.africa-press.net\/niger\/sites\/40\/2024\/02\/sm_1706888068.486208-300x200.jpg 300w, https:\/\/static.africa-press.net\/niger\/sites\/40\/2024\/02\/sm_1706888068.486208-768x512.jpg 768w\" sizes=\"(max-width: 800px) 100vw, 800px\" alt=\"\">\r\n                            <\/a>\r\n                            \r\n                        <\/figure>\r\n                    <\/div>\r\n                            <\/div>\r\n                        <\/div>\r\n\r\n                        <div class = \"td-doubleSlider-2\">\r\n                            <div class = \"td-slider\">\r\n                                \r\n                    <div class = \"td-button td-item1\">\r\n                        <div class = \"td-border\"><\/div>\r\n                    <\/div>\r\n                    <div class = \"td-button td-item2\">\r\n                        <div class = \"td-border\"><\/div>\r\n                    <\/div>\r\n                            <\/div>\r\n                        <\/div>\r\n\r\n                    <\/div>\r\n\r\n                <\/div>\r\n                \n<p><strong>Pour plus d&rsquo;informations et d&rsquo;analyses sur la <a href=\"https:\/\/www.africa-press.net\/niger\">Niger<\/a>, suivez <a href=\"https:\/\/www.africa-press.net\/\">Africa-Press<\/a><\/strong><\/p>\n","protected":false},"excerpt":{"rendered":"<p>Africa-Press &#8211; Niger. Comme chaque anne\u0301e, depuis plus de 10 ans en pareille pe\u0301riode, les producteurs de la re\u0301gion d\u2019Agadez sont arrive\u0301s a\u0300 Niamey pour e\u0301couler les fruits de leurs durs labeurs. La 13e\u0300me e\u0301dition de cet e\u0301ve\u0301nement de\u0301signe\u0301 sous l\u2019appellation de \u00ab foire des maraichers de la re\u0301gion d\u2019Agadez \u00bb a e\u0301te\u0301 lance\u0301e au [&hellip;]<\/p>\n","protected":false},"author":82,"featured_media":58173,"comment_status":"open","ping_status":"closed","sticky":false,"template":"","format":"standard","meta":{"footnotes":""},"categories":[21,8,10],"tags":[55,60,29],"class_list":["post-58174","post","type-post","status-publish","format-standard","has-post-thumbnail","hentry","category-communaute","category-photo","category-toutes-les-actualites","tag-africa-press","tag-africa-press-niger","tag-niger"],"yoast_head":"<!-- This site is optimized with the Yoast SEO Premium plugin v26.1 (Yoast SEO v27.0) - https:\/\/yoast.com\/product\/yoast-seo-premium-wordpress\/ -->\n<title>Foire des maraichers de la r\u00e9gion d\u2019Agadez : Les producteurs de l\u2019A\u00efr innondent Niamey de produits frais - niger<\/title>\n<meta name=\"description\" content=\"Comme chaque anne\u0301e, depuis plus de 10 ans en pareille pe\u0301riode, les producteurs de la re\u0301gion d\u2019Agadez sont arrive\u0301s ...\" \/>\n<meta name=\"robots\" content=\"index, follow, max-snippet:-1, max-image-preview:large, max-video-preview:-1\" \/>\n<link rel=\"canonical\" href=\"https:\/\/www.africa-press.net\/niger\/photo\/foire-des-maraichers-de-la-region-dagadez-les-producteurs-de-lair-innondent-niamey-de-produits-frais\" \/>\n<meta property=\"og:locale\" content=\"fr_FR\" \/>\n<meta property=\"og:type\" content=\"article\" \/>\n<meta property=\"og:title\" content=\"Foire des maraichers de la r\u00e9gion d\u2019Agadez : Les producteurs de l\u2019A\u00efr innondent Niamey de produits frais\" \/>\n<meta property=\"og:description\" content=\"Comme chaque anne\u0301e, depuis plus de 10 ans en pareille pe\u0301riode, les producteurs de la re\u0301gion d\u2019Agadez sont arrive\u0301s ...\" \/>\n<meta property=\"og:url\" content=\"https:\/\/www.africa-press.net\/niger\/photo\/foire-des-maraichers-de-la-region-dagadez-les-producteurs-de-lair-innondent-niamey-de-produits-frais\" \/>\n<meta property=\"og:site_name\" content=\"niger\" \/>\n<meta property=\"article:published_time\" content=\"2024-02-02T18:30:11+00:00\" \/>\n<meta property=\"article:modified_time\" content=\"2024-02-02T19:54:57+00:00\" \/>\n<meta property=\"og:image\" content=\"https:\/\/static.africa-press.net\/niger\/sites\/40\/2024\/02\/sm_1706888079.101206.jpg\" \/>\n\t<meta property=\"og:image:width\" content=\"800\" \/>\n\t<meta property=\"og:image:height\" content=\"533\" \/>\n\t<meta property=\"og:image:type\" content=\"image\/jpeg\" \/>\n<meta name=\"author\" content=\"cfeditorfr\" \/>\n<meta name=\"twitter:card\" content=\"summary_large_image\" \/>\n<meta name=\"twitter:label1\" content=\"\u00c9crit par\" \/>\n\t<meta name=\"twitter:data1\" content=\"cfeditorfr\" \/>\n\t<meta name=\"twitter:label2\" content=\"Dur\u00e9e de lecture estim\u00e9e\" \/>\n\t<meta name=\"twitter:data2\" content=\"4 minutes\" \/>\n<script type=\"application\/ld+json\" class=\"yoast-schema-graph\">{\"@context\":\"https:\/\/schema.org\",\"@graph\":[{\"@type\":\"Article\",\"@id\":\"https:\/\/www.africa-press.net\/niger\/photo\/foire-des-maraichers-de-la-region-dagadez-les-producteurs-de-lair-innondent-niamey-de-produits-frais#article\",\"isPartOf\":{\"@id\":\"https:\/\/www.africa-press.net\/niger\/photo\/foire-des-maraichers-de-la-region-dagadez-les-producteurs-de-lair-innondent-niamey-de-produits-frais\"},\"author\":{\"name\":\"cfeditorfr\",\"@id\":\"https:\/\/www.africa-press.net\/niger\/#\/schema\/person\/2b1cf3cd81a31e3cd26889ca66d677f1\"},\"headline\":\"Foire des maraichers de la r\u00e9gion d\u2019Agadez : Les producteurs de l\u2019A\u00efr innondent Niamey de produits frais\",\"datePublished\":\"2024-02-02T18:30:11+00:00\",\"dateModified\":\"2024-02-02T19:54:57+00:00\",\"mainEntityOfPage\":{\"@id\":\"https:\/\/www.africa-press.net\/niger\/photo\/foire-des-maraichers-de-la-region-dagadez-les-producteurs-de-lair-innondent-niamey-de-produits-frais\"},\"wordCount\":897,\"commentCount\":0,\"image\":{\"@id\":\"https:\/\/www.africa-press.net\/niger\/photo\/foire-des-maraichers-de-la-region-dagadez-les-producteurs-de-lair-innondent-niamey-de-produits-frais#primaryimage\"},\"thumbnailUrl\":\"https:\/\/static.africa-press.net\/niger\/sites\/40\/2024\/02\/sm_1706888079.101206.jpg\",\"keywords\":[\"Africa Press\",\"Africa Press-Niger\",\"Niger\"],\"articleSection\":[\"Communaut\u00e9\",\"Photo\",\"Toutes les actualit\u00e9s\"],\"inLanguage\":\"fr-FR\",\"potentialAction\":[{\"@type\":\"CommentAction\",\"name\":\"Comment\",\"target\":[\"https:\/\/www.africa-press.net\/niger\/photo\/foire-des-maraichers-de-la-region-dagadez-les-producteurs-de-lair-innondent-niamey-de-produits-frais#respond\"]}]},{\"@type\":\"WebPage\",\"@id\":\"https:\/\/www.africa-press.net\/niger\/photo\/foire-des-maraichers-de-la-region-dagadez-les-producteurs-de-lair-innondent-niamey-de-produits-frais\",\"url\":\"https:\/\/www.africa-press.net\/niger\/photo\/foire-des-maraichers-de-la-region-dagadez-les-producteurs-de-lair-innondent-niamey-de-produits-frais\",\"name\":\"Foire des maraichers de la r\u00e9gion d\u2019Agadez : Les producteurs de l\u2019A\u00efr innondent Niamey de produits frais - niger\",\"isPartOf\":{\"@id\":\"https:\/\/www.africa-press.net\/niger\/#website\"},\"primaryImageOfPage\":{\"@id\":\"https:\/\/www.africa-press.net\/niger\/photo\/foire-des-maraichers-de-la-region-dagadez-les-producteurs-de-lair-innondent-niamey-de-produits-frais#primaryimage\"},\"image\":{\"@id\":\"https:\/\/www.africa-press.net\/niger\/photo\/foire-des-maraichers-de-la-region-dagadez-les-producteurs-de-lair-innondent-niamey-de-produits-frais#primaryimage\"},\"thumbnailUrl\":\"https:\/\/static.africa-press.net\/niger\/sites\/40\/2024\/02\/sm_1706888079.101206.jpg\",\"datePublished\":\"2024-02-02T18:30:11+00:00\",\"dateModified\":\"2024-02-02T19:54:57+00:00\",\"author\":{\"@id\":\"https:\/\/www.africa-press.net\/niger\/#\/schema\/person\/2b1cf3cd81a31e3cd26889ca66d677f1\"},\"description\":\"Comme chaque anne\u0301e, depuis plus de 10 ans en pareille pe\u0301riode, les producteurs de la re\u0301gion d\u2019Agadez sont arrive\u0301s ...\",\"breadcrumb\":{\"@id\":\"https:\/\/www.africa-press.net\/niger\/photo\/foire-des-maraichers-de-la-region-dagadez-les-producteurs-de-lair-innondent-niamey-de-produits-frais#breadcrumb\"},\"inLanguage\":\"fr-FR\",\"potentialAction\":[{\"@type\":\"ReadAction\",\"target\":[\"https:\/\/www.africa-press.net\/niger\/photo\/foire-des-maraichers-de-la-region-dagadez-les-producteurs-de-lair-innondent-niamey-de-produits-frais\"]}]},{\"@type\":\"ImageObject\",\"inLanguage\":\"fr-FR\",\"@id\":\"https:\/\/www.africa-press.net\/niger\/photo\/foire-des-maraichers-de-la-region-dagadez-les-producteurs-de-lair-innondent-niamey-de-produits-frais#primaryimage\",\"url\":\"https:\/\/static.africa-press.net\/niger\/sites\/40\/2024\/02\/sm_1706888079.101206.jpg\",\"contentUrl\":\"https:\/\/static.africa-press.net\/niger\/sites\/40\/2024\/02\/sm_1706888079.101206.jpg\",\"width\":800,\"height\":533,\"caption\":\"Foire des maraichers de la r\u00e9gion d\u2019Agadez : Les producteurs de l\u2019A\u00efr innondent Niamey de produits frais\"},{\"@type\":\"BreadcrumbList\",\"@id\":\"https:\/\/www.africa-press.net\/niger\/photo\/foire-des-maraichers-de-la-region-dagadez-les-producteurs-de-lair-innondent-niamey-de-produits-frais#breadcrumb\",\"itemListElement\":[{\"@type\":\"ListItem\",\"position\":1,\"name\":\"Accueil\",\"item\":\"https:\/\/www.africa-press.net\/niger\/\"},{\"@type\":\"ListItem\",\"position\":2,\"name\":\"Foire des maraichers de la r\u00e9gion d\u2019Agadez : Les producteurs de l\u2019A\u00efr innondent Niamey de produits frais\"}]},{\"@type\":\"WebSite\",\"@id\":\"https:\/\/www.africa-press.net\/niger\/#website\",\"url\":\"https:\/\/www.africa-press.net\/niger\/\",\"name\":\"niger\",\"description\":\"Just another Africa News Agency Sites site\",\"potentialAction\":[{\"@type\":\"SearchAction\",\"target\":{\"@type\":\"EntryPoint\",\"urlTemplate\":\"https:\/\/www.africa-press.net\/niger\/?s={search_term_string}\"},\"query-input\":{\"@type\":\"PropertyValueSpecification\",\"valueRequired\":true,\"valueName\":\"search_term_string\"}}],\"inLanguage\":\"fr-FR\"},{\"@type\":\"Person\",\"@id\":\"https:\/\/www.africa-press.net\/niger\/#\/schema\/person\/2b1cf3cd81a31e3cd26889ca66d677f1\",\"name\":\"cfeditorfr\"}]}<\/script>\n<!-- \/ Yoast SEO Premium plugin. -->","yoast_head_json":{"title":"Foire des maraichers de la r\u00e9gion d\u2019Agadez : Les producteurs de l\u2019A\u00efr innondent Niamey de produits frais - niger","description":"Comme chaque anne\u0301e, depuis plus de 10 ans en pareille pe\u0301riode, les producteurs de la re\u0301gion d\u2019Agadez sont arrive\u0301s ...","robots":{"index":"index","follow":"follow","max-snippet":"max-snippet:-1","max-image-preview":"max-image-preview:large","max-video-preview":"max-video-preview:-1"},"canonical":"https:\/\/www.africa-press.net\/niger\/photo\/foire-des-maraichers-de-la-region-dagadez-les-producteurs-de-lair-innondent-niamey-de-produits-frais","og_locale":"fr_FR","og_type":"article","og_title":"Foire des maraichers de la r\u00e9gion d\u2019Agadez : Les producteurs de l\u2019A\u00efr innondent Niamey de produits frais","og_description":"Comme chaque anne\u0301e, depuis plus de 10 ans en pareille pe\u0301riode, les producteurs de la re\u0301gion d\u2019Agadez sont arrive\u0301s ...","og_url":"https:\/\/www.africa-press.net\/niger\/photo\/foire-des-maraichers-de-la-region-dagadez-les-producteurs-de-lair-innondent-niamey-de-produits-frais","og_site_name":"niger","article_published_time":"2024-02-02T18:30:11+00:00","article_modified_time":"2024-02-02T19:54:57+00:00","og_image":[{"width":800,"height":533,"url":"https:\/\/static.africa-press.net\/niger\/sites\/40\/2024\/02\/sm_1706888079.101206.jpg","type":"image\/jpeg"}],"author":"cfeditorfr","twitter_card":"summary_large_image","twitter_misc":{"\u00c9crit par":"cfeditorfr","Dur\u00e9e de lecture estim\u00e9e":"4 minutes"},"schema":{"@context":"https:\/\/schema.org","@graph":[{"@type":"Article","@id":"https:\/\/www.africa-press.net\/niger\/photo\/foire-des-maraichers-de-la-region-dagadez-les-producteurs-de-lair-innondent-niamey-de-produits-frais#article","isPartOf":{"@id":"https:\/\/www.africa-press.net\/niger\/photo\/foire-des-maraichers-de-la-region-dagadez-les-producteurs-de-lair-innondent-niamey-de-produits-frais"},"author":{"name":"cfeditorfr","@id":"https:\/\/www.africa-press.net\/niger\/#\/schema\/person\/2b1cf3cd81a31e3cd26889ca66d677f1"},"headline":"Foire des maraichers de la r\u00e9gion d\u2019Agadez : Les producteurs de l\u2019A\u00efr innondent Niamey de produits frais","datePublished":"2024-02-02T18:30:11+00:00","dateModified":"2024-02-02T19:54:57+00:00","mainEntityOfPage":{"@id":"https:\/\/www.africa-press.net\/niger\/photo\/foire-des-maraichers-de-la-region-dagadez-les-producteurs-de-lair-innondent-niamey-de-produits-frais"},"wordCount":897,"commentCount":0,"image":{"@id":"https:\/\/www.africa-press.net\/niger\/photo\/foire-des-maraichers-de-la-region-dagadez-les-producteurs-de-lair-innondent-niamey-de-produits-frais#primaryimage"},"thumbnailUrl":"https:\/\/static.africa-press.net\/niger\/sites\/40\/2024\/02\/sm_1706888079.101206.jpg","keywords":["Africa Press","Africa Press-Niger","Niger"],"articleSection":["Communaut\u00e9","Photo","Toutes les actualit\u00e9s"],"inLanguage":"fr-FR","potentialAction":[{"@type":"CommentAction","name":"Comment","target":["https:\/\/www.africa-press.net\/niger\/photo\/foire-des-maraichers-de-la-region-dagadez-les-producteurs-de-lair-innondent-niamey-de-produits-frais#respond"]}]},{"@type":"WebPage","@id":"https:\/\/www.africa-press.net\/niger\/photo\/foire-des-maraichers-de-la-region-dagadez-les-producteurs-de-lair-innondent-niamey-de-produits-frais","url":"https:\/\/www.africa-press.net\/niger\/photo\/foire-des-maraichers-de-la-region-dagadez-les-producteurs-de-lair-innondent-niamey-de-produits-frais","name":"Foire des maraichers de la r\u00e9gion d\u2019Agadez : Les producteurs de l\u2019A\u00efr innondent Niamey de produits frais - niger","isPartOf":{"@id":"https:\/\/www.africa-press.net\/niger\/#website"},"primaryImageOfPage":{"@id":"https:\/\/www.africa-press.net\/niger\/photo\/foire-des-maraichers-de-la-region-dagadez-les-producteurs-de-lair-innondent-niamey-de-produits-frais#primaryimage"},"image":{"@id":"https:\/\/www.africa-press.net\/niger\/photo\/foire-des-maraichers-de-la-region-dagadez-les-producteurs-de-lair-innondent-niamey-de-produits-frais#primaryimage"},"thumbnailUrl":"https:\/\/static.africa-press.net\/niger\/sites\/40\/2024\/02\/sm_1706888079.101206.jpg","datePublished":"2024-02-02T18:30:11+00:00","dateModified":"2024-02-02T19:54:57+00:00","author":{"@id":"https:\/\/www.africa-press.net\/niger\/#\/schema\/person\/2b1cf3cd81a31e3cd26889ca66d677f1"},"description":"Comme chaque anne\u0301e, depuis plus de 10 ans en pareille pe\u0301riode, les producteurs de la re\u0301gion d\u2019Agadez sont arrive\u0301s ...","breadcrumb":{"@id":"https:\/\/www.africa-press.net\/niger\/photo\/foire-des-maraichers-de-la-region-dagadez-les-producteurs-de-lair-innondent-niamey-de-produits-frais#breadcrumb"},"inLanguage":"fr-FR","potentialAction":[{"@type":"ReadAction","target":["https:\/\/www.africa-press.net\/niger\/photo\/foire-des-maraichers-de-la-region-dagadez-les-producteurs-de-lair-innondent-niamey-de-produits-frais"]}]},{"@type":"ImageObject","inLanguage":"fr-FR","@id":"https:\/\/www.africa-press.net\/niger\/photo\/foire-des-maraichers-de-la-region-dagadez-les-producteurs-de-lair-innondent-niamey-de-produits-frais#primaryimage","url":"https:\/\/static.africa-press.net\/niger\/sites\/40\/2024\/02\/sm_1706888079.101206.jpg","contentUrl":"https:\/\/static.africa-press.net\/niger\/sites\/40\/2024\/02\/sm_1706888079.101206.jpg","width":800,"height":533,"caption":"Foire des maraichers de la r\u00e9gion d\u2019Agadez : Les producteurs de l\u2019A\u00efr innondent Niamey de produits frais"},{"@type":"BreadcrumbList","@id":"https:\/\/www.africa-press.net\/niger\/photo\/foire-des-maraichers-de-la-region-dagadez-les-producteurs-de-lair-innondent-niamey-de-produits-frais#breadcrumb","itemListElement":[{"@type":"ListItem","position":1,"name":"Accueil","item":"https:\/\/www.africa-press.net\/niger\/"},{"@type":"ListItem","position":2,"name":"Foire des maraichers de la r\u00e9gion d\u2019Agadez : Les producteurs de l\u2019A\u00efr innondent Niamey de produits frais"}]},{"@type":"WebSite","@id":"https:\/\/www.africa-press.net\/niger\/#website","url":"https:\/\/www.africa-press.net\/niger\/","name":"niger","description":"Just another Africa News Agency Sites site","potentialAction":[{"@type":"SearchAction","target":{"@type":"EntryPoint","urlTemplate":"https:\/\/www.africa-press.net\/niger\/?s={search_term_string}"},"query-input":{"@type":"PropertyValueSpecification","valueRequired":true,"valueName":"search_term_string"}}],"inLanguage":"fr-FR"},{"@type":"Person","@id":"https:\/\/www.africa-press.net\/niger\/#\/schema\/person\/2b1cf3cd81a31e3cd26889ca66d677f1","name":"cfeditorfr"}]}},"_links":{"self":[{"href":"https:\/\/www.africa-press.net\/niger\/wp-json\/wp\/v2\/posts\/58174","targetHints":{"allow":["GET"]}}],"collection":[{"href":"https:\/\/www.africa-press.net\/niger\/wp-json\/wp\/v2\/posts"}],"about":[{"href":"https:\/\/www.africa-press.net\/niger\/wp-json\/wp\/v2\/types\/post"}],"author":[{"embeddable":true,"href":"https:\/\/www.africa-press.net\/niger\/wp-json\/wp\/v2\/users\/82"}],"replies":[{"embeddable":true,"href":"https:\/\/www.africa-press.net\/niger\/wp-json\/wp\/v2\/comments?post=58174"}],"version-history":[{"count":0,"href":"https:\/\/www.africa-press.net\/niger\/wp-json\/wp\/v2\/posts\/58174\/revisions"}],"wp:featuredmedia":[{"embeddable":true,"href":"https:\/\/www.africa-press.net\/niger\/wp-json\/wp\/v2\/media\/58173"}],"wp:attachment":[{"href":"https:\/\/www.africa-press.net\/niger\/wp-json\/wp\/v2\/media?parent=58174"}],"wp:term":[{"taxonomy":"category","embeddable":true,"href":"https:\/\/www.africa-press.net\/niger\/wp-json\/wp\/v2\/categories?post=58174"},{"taxonomy":"post_tag","embeddable":true,"href":"https:\/\/www.africa-press.net\/niger\/wp-json\/wp\/v2\/tags?post=58174"}],"curies":[{"name":"wp","href":"https:\/\/api.w.org\/{rel}","templated":true}]}}