{"id":58176,"date":"2024-02-02T18:30:46","date_gmt":"2024-02-02T18:30:46","guid":{"rendered":"https:\/\/www.africa-press.net\/niger\/politique\/lancement-de-la-7eme-edition-du-fifidho-niamey-la-problematique-du-role-du-cinema-dans-leducation-des-enfants"},"modified":"2024-02-02T19:55:15","modified_gmt":"2024-02-02T19:55:15","slug":"lancement-de-la-7eme-edition-du-fifidho-niamey-la-problematique-du-role-du-cinema-dans-leducation-des-enfants","status":"publish","type":"post","link":"https:\/\/www.africa-press.net\/niger\/politique\/lancement-de-la-7eme-edition-du-fifidho-niamey-la-problematique-du-role-du-cinema-dans-leducation-des-enfants","title":{"rendered":"Lancement de la 7\u00e8me \u00e9dition du FIFIDHO Niamey : La probl\u00e9matique du r\u00f4le du cin\u00e9ma dans l\u2019\u00e9ducation des enfants"},"content":{"rendered":"<p><span style=\"color: #ff6600\"><strong>Africa-Press &#8211; Niger. <\/strong><\/span><b>Le Secre\u0301taire ge\u0301ne\u0301ral adjoint du Ministe\u0300re de la Jeunesse, des Sports, des Arts et de la Culture, M. Oumarou Assoumi a pre\u0301side\u0301, le mardi 30 janvier 2024, la ce\u0301re\u0301monie de lancement de la 7e\u0300me e\u0301dition du Festival International du Film sur les Droits de l\u2019Homme (FIFIDHO-Niamey) qui se tiendra jusqu\u2019au 4 fe\u0301vrier 2024. La ce\u0301re\u0301monie s\u2019est de\u0301roule\u0301e en pre\u0301sence du Secre\u0301taire ge\u0301ne\u0301ral adjoint du Ministe\u0300re de la Communication, des Postes et de l\u2019E\u0301conomie nume\u0301rique.<\/b><\/p>\n<p>Ce festival qui est organise\u0301 cette anne\u0301e sous le the\u0300me \u00ab le cine\u0301ma d\u2019aujourd\u2019hui face a\u0300 l\u2019e\u0301ducation de nos enfants \u00bb, vise a\u0300 promouvoir les droits humains et les liberte\u0301s fondamentales, a\u0300 contribuer a\u0300 la renaissance du cine\u0301ma nige\u0301rien et a\u0300 cre\u0301er un cadre de rencontres et d\u2019e\u0301changes entre professionnels, amateurs et partenaires du cine\u0301ma.<\/p>\n<p>Au cours de ce festival, les producteurs, re\u0301alisateurs, distributeurs, confe\u0301renciers, formateurs, sponsors, partenaires et diffuseurs se re\u0301uniront autour d\u2019un certain nombre d\u2019activite\u0301s telles que les projections de films, les de\u0301bats, les formations, les confe\u0301rences, les e\u0301changes d\u2019expe\u0301riences et les expositions.<\/p>\n<p>Pour le Secre\u0301taire ge\u0301ne\u0301ral adjoint du Ministe\u0300re de la Jeunesse, des Sports, des Arts et de la Culture, M. Oumarou Assoumi, en choisissant ce the\u0300me, les organisateurs de\u0301montrent leur de\u0301termination et leur engagement a\u0300 faire triompher vaille que vaille la cause des enfants. Une cause qui s\u2019inscrit dans la droite ligne des nobles ide\u0301aux de\u0301fendus par le Conseil National pour la Sauvegarde de la Patrie (CNSP) et le gouvernement. En outre, il a indique\u0301 que ce choix vise e\u0301galement a\u0300 susciter et de\u0301clencher le de\u0301bat sur la responsabilite\u0301 morale des parents en ce qui concerne les contenus des programmes, aussi bien sur les chaines de te\u0301le\u0301vision que sur les re\u0301seaux sociaux. \u00ab Ce choix pose aussi la proble\u0301matique sur le ro\u0302le que le cine\u0301ma joue a\u0300 la fois en tant qu\u2019outil de de\u0301veloppement intellectuel et comportemental pour nos enfants, mais aussi un contrepoids a\u0300 la re\u0301ussite de leur e\u0301ducation. C\u2019est dire donc que le cine\u0301ma est vu par certains comme une source de de\u0301pravation des m\u0153urs et par d\u2019autres, comme une source de tranquillite\u0301, de divertissement, de prise de conscience, d\u2019apprentissage, et de de\u0301couverte \u00bb, a-t-il conclu.<\/p>\n<p>Le directeur du festival, M. Baidari Yacouba a par ailleurs profite\u0301 de cette occasion festival pour de\u0301cerner un trophe\u0301e a\u0300 titre posthume a\u0300 Moustapha Alassane pour le sacrifice consenti et le travail abattu pour le rayonnement du cine\u0301ma nige\u0301rien. A noter que le FIFIDHO a vu le jour en octobre 2012.<\/p>\n<p><b>Hamissou Yahaya (ONEP)<\/b><\/p>\n<p><strong>Pour plus d&rsquo;informations et d&rsquo;analyses sur la <a href=\"https:\/\/www.africa-press.net\/niger\">Niger<\/a>, suivez <a href=\"https:\/\/www.africa-press.net\/\">Africa-Press<\/a><\/strong><\/p>\n","protected":false},"excerpt":{"rendered":"<p>Africa-Press &#8211; Niger. Le Secre\u0301taire ge\u0301ne\u0301ral adjoint du Ministe\u0300re de la Jeunesse, des Sports, des Arts et de la Culture, M. Oumarou Assoumi a pre\u0301side\u0301, le mardi 30 janvier 2024, la ce\u0301re\u0301monie de lancement de la 7e\u0300me e\u0301dition du Festival International du Film sur les Droits de l\u2019Homme (FIFIDHO-Niamey) qui se tiendra jusqu\u2019au 4 fe\u0301vrier [&hellip;]<\/p>\n","protected":false},"author":82,"featured_media":58175,"comment_status":"open","ping_status":"closed","sticky":false,"template":"","format":"standard","meta":{"footnotes":""},"categories":[2,10],"tags":[55,60,29],"class_list":["post-58176","post","type-post","status-publish","format-standard","has-post-thumbnail","hentry","category-politique","category-toutes-les-actualites","tag-africa-press","tag-africa-press-niger","tag-niger"],"yoast_head":"<!-- This site is optimized with the Yoast SEO Premium plugin v26.1 (Yoast SEO v27.0) - https:\/\/yoast.com\/product\/yoast-seo-premium-wordpress\/ -->\n<title>Lancement de la 7\u00e8me \u00e9dition du FIFIDHO Niamey : La probl\u00e9matique du r\u00f4le du cin\u00e9ma dans l\u2019\u00e9ducation des enfants - niger<\/title>\n<meta name=\"description\" content=\"Le Secre\u0301taire ge\u0301ne\u0301ral adjoint du Ministe\u0300re de la Jeunesse, des Sports, des Arts et de la Culture, M. Oumarou Asso ...\" \/>\n<meta name=\"robots\" content=\"index, follow, max-snippet:-1, max-image-preview:large, max-video-preview:-1\" \/>\n<link rel=\"canonical\" href=\"https:\/\/www.africa-press.net\/niger\/politique\/lancement-de-la-7eme-edition-du-fifidho-niamey-la-problematique-du-role-du-cinema-dans-leducation-des-enfants\" \/>\n<meta property=\"og:locale\" content=\"fr_FR\" \/>\n<meta property=\"og:type\" content=\"article\" \/>\n<meta property=\"og:title\" content=\"Lancement de la 7\u00e8me \u00e9dition du FIFIDHO Niamey : La probl\u00e9matique du r\u00f4le du cin\u00e9ma dans l\u2019\u00e9ducation des enfants\" \/>\n<meta property=\"og:description\" content=\"Le Secre\u0301taire ge\u0301ne\u0301ral adjoint du Ministe\u0300re de la Jeunesse, des Sports, des Arts et de la Culture, M. Oumarou Asso ...\" \/>\n<meta property=\"og:url\" content=\"https:\/\/www.africa-press.net\/niger\/politique\/lancement-de-la-7eme-edition-du-fifidho-niamey-la-problematique-du-role-du-cinema-dans-leducation-des-enfants\" \/>\n<meta property=\"og:site_name\" content=\"niger\" \/>\n<meta property=\"article:published_time\" content=\"2024-02-02T18:30:46+00:00\" \/>\n<meta property=\"article:modified_time\" content=\"2024-02-02T19:55:15+00:00\" \/>\n<meta property=\"og:image\" content=\"https:\/\/static.africa-press.net\/niger\/sites\/40\/2024\/02\/sm_1706888093.216359.jpg\" \/>\n\t<meta property=\"og:image:width\" content=\"800\" \/>\n\t<meta property=\"og:image:height\" content=\"533\" \/>\n\t<meta property=\"og:image:type\" content=\"image\/jpeg\" \/>\n<meta name=\"author\" content=\"cfeditorfr\" \/>\n<meta name=\"twitter:card\" content=\"summary_large_image\" \/>\n<meta name=\"twitter:label1\" content=\"\u00c9crit par\" \/>\n\t<meta name=\"twitter:data1\" content=\"cfeditorfr\" \/>\n\t<meta name=\"twitter:label2\" content=\"Dur\u00e9e de lecture estim\u00e9e\" \/>\n\t<meta name=\"twitter:data2\" content=\"2 minutes\" \/>\n<script type=\"application\/ld+json\" class=\"yoast-schema-graph\">{\"@context\":\"https:\/\/schema.org\",\"@graph\":[{\"@type\":\"Article\",\"@id\":\"https:\/\/www.africa-press.net\/niger\/politique\/lancement-de-la-7eme-edition-du-fifidho-niamey-la-problematique-du-role-du-cinema-dans-leducation-des-enfants#article\",\"isPartOf\":{\"@id\":\"https:\/\/www.africa-press.net\/niger\/politique\/lancement-de-la-7eme-edition-du-fifidho-niamey-la-problematique-du-role-du-cinema-dans-leducation-des-enfants\"},\"author\":{\"name\":\"cfeditorfr\",\"@id\":\"https:\/\/www.africa-press.net\/niger\/#\/schema\/person\/2b1cf3cd81a31e3cd26889ca66d677f1\"},\"headline\":\"Lancement de la 7\u00e8me \u00e9dition du FIFIDHO Niamey : La probl\u00e9matique du r\u00f4le du cin\u00e9ma dans l\u2019\u00e9ducation des enfants\",\"datePublished\":\"2024-02-02T18:30:46+00:00\",\"dateModified\":\"2024-02-02T19:55:15+00:00\",\"mainEntityOfPage\":{\"@id\":\"https:\/\/www.africa-press.net\/niger\/politique\/lancement-de-la-7eme-edition-du-fifidho-niamey-la-problematique-du-role-du-cinema-dans-leducation-des-enfants\"},\"wordCount\":522,\"commentCount\":0,\"image\":{\"@id\":\"https:\/\/www.africa-press.net\/niger\/politique\/lancement-de-la-7eme-edition-du-fifidho-niamey-la-problematique-du-role-du-cinema-dans-leducation-des-enfants#primaryimage\"},\"thumbnailUrl\":\"https:\/\/static.africa-press.net\/niger\/sites\/40\/2024\/02\/sm_1706888093.216359.jpg\",\"keywords\":[\"Africa Press\",\"Africa Press-Niger\",\"Niger\"],\"articleSection\":[\"Politique\",\"Toutes les actualit\u00e9s\"],\"inLanguage\":\"fr-FR\",\"potentialAction\":[{\"@type\":\"CommentAction\",\"name\":\"Comment\",\"target\":[\"https:\/\/www.africa-press.net\/niger\/politique\/lancement-de-la-7eme-edition-du-fifidho-niamey-la-problematique-du-role-du-cinema-dans-leducation-des-enfants#respond\"]}]},{\"@type\":\"WebPage\",\"@id\":\"https:\/\/www.africa-press.net\/niger\/politique\/lancement-de-la-7eme-edition-du-fifidho-niamey-la-problematique-du-role-du-cinema-dans-leducation-des-enfants\",\"url\":\"https:\/\/www.africa-press.net\/niger\/politique\/lancement-de-la-7eme-edition-du-fifidho-niamey-la-problematique-du-role-du-cinema-dans-leducation-des-enfants\",\"name\":\"Lancement de la 7\u00e8me \u00e9dition du FIFIDHO Niamey : La probl\u00e9matique du r\u00f4le du cin\u00e9ma dans l\u2019\u00e9ducation des enfants - niger\",\"isPartOf\":{\"@id\":\"https:\/\/www.africa-press.net\/niger\/#website\"},\"primaryImageOfPage\":{\"@id\":\"https:\/\/www.africa-press.net\/niger\/politique\/lancement-de-la-7eme-edition-du-fifidho-niamey-la-problematique-du-role-du-cinema-dans-leducation-des-enfants#primaryimage\"},\"image\":{\"@id\":\"https:\/\/www.africa-press.net\/niger\/politique\/lancement-de-la-7eme-edition-du-fifidho-niamey-la-problematique-du-role-du-cinema-dans-leducation-des-enfants#primaryimage\"},\"thumbnailUrl\":\"https:\/\/static.africa-press.net\/niger\/sites\/40\/2024\/02\/sm_1706888093.216359.jpg\",\"datePublished\":\"2024-02-02T18:30:46+00:00\",\"dateModified\":\"2024-02-02T19:55:15+00:00\",\"author\":{\"@id\":\"https:\/\/www.africa-press.net\/niger\/#\/schema\/person\/2b1cf3cd81a31e3cd26889ca66d677f1\"},\"description\":\"Le Secre\u0301taire ge\u0301ne\u0301ral adjoint du Ministe\u0300re de la Jeunesse, des Sports, des Arts et de la Culture, M. Oumarou Asso ...\",\"breadcrumb\":{\"@id\":\"https:\/\/www.africa-press.net\/niger\/politique\/lancement-de-la-7eme-edition-du-fifidho-niamey-la-problematique-du-role-du-cinema-dans-leducation-des-enfants#breadcrumb\"},\"inLanguage\":\"fr-FR\",\"potentialAction\":[{\"@type\":\"ReadAction\",\"target\":[\"https:\/\/www.africa-press.net\/niger\/politique\/lancement-de-la-7eme-edition-du-fifidho-niamey-la-problematique-du-role-du-cinema-dans-leducation-des-enfants\"]}]},{\"@type\":\"ImageObject\",\"inLanguage\":\"fr-FR\",\"@id\":\"https:\/\/www.africa-press.net\/niger\/politique\/lancement-de-la-7eme-edition-du-fifidho-niamey-la-problematique-du-role-du-cinema-dans-leducation-des-enfants#primaryimage\",\"url\":\"https:\/\/static.africa-press.net\/niger\/sites\/40\/2024\/02\/sm_1706888093.216359.jpg\",\"contentUrl\":\"https:\/\/static.africa-press.net\/niger\/sites\/40\/2024\/02\/sm_1706888093.216359.jpg\",\"width\":800,\"height\":533,\"caption\":\"Lancement de la 7\u00e8me \u00e9dition du FIFIDHO Niamey : La probl\u00e9matique du r\u00f4le du cin\u00e9ma dans l\u2019\u00e9ducation des enfants\"},{\"@type\":\"BreadcrumbList\",\"@id\":\"https:\/\/www.africa-press.net\/niger\/politique\/lancement-de-la-7eme-edition-du-fifidho-niamey-la-problematique-du-role-du-cinema-dans-leducation-des-enfants#breadcrumb\",\"itemListElement\":[{\"@type\":\"ListItem\",\"position\":1,\"name\":\"Accueil\",\"item\":\"https:\/\/www.africa-press.net\/niger\/\"},{\"@type\":\"ListItem\",\"position\":2,\"name\":\"Lancement de la 7\u00e8me \u00e9dition du FIFIDHO Niamey : La probl\u00e9matique du r\u00f4le du cin\u00e9ma dans l\u2019\u00e9ducation des enfants\"}]},{\"@type\":\"WebSite\",\"@id\":\"https:\/\/www.africa-press.net\/niger\/#website\",\"url\":\"https:\/\/www.africa-press.net\/niger\/\",\"name\":\"niger\",\"description\":\"Just another Africa News Agency Sites site\",\"potentialAction\":[{\"@type\":\"SearchAction\",\"target\":{\"@type\":\"EntryPoint\",\"urlTemplate\":\"https:\/\/www.africa-press.net\/niger\/?s={search_term_string}\"},\"query-input\":{\"@type\":\"PropertyValueSpecification\",\"valueRequired\":true,\"valueName\":\"search_term_string\"}}],\"inLanguage\":\"fr-FR\"},{\"@type\":\"Person\",\"@id\":\"https:\/\/www.africa-press.net\/niger\/#\/schema\/person\/2b1cf3cd81a31e3cd26889ca66d677f1\",\"name\":\"cfeditorfr\"}]}<\/script>\n<!-- \/ Yoast SEO Premium plugin. -->","yoast_head_json":{"title":"Lancement de la 7\u00e8me \u00e9dition du FIFIDHO Niamey : La probl\u00e9matique du r\u00f4le du cin\u00e9ma dans l\u2019\u00e9ducation des enfants - niger","description":"Le Secre\u0301taire ge\u0301ne\u0301ral adjoint du Ministe\u0300re de la Jeunesse, des Sports, des Arts et de la Culture, M. Oumarou Asso ...","robots":{"index":"index","follow":"follow","max-snippet":"max-snippet:-1","max-image-preview":"max-image-preview:large","max-video-preview":"max-video-preview:-1"},"canonical":"https:\/\/www.africa-press.net\/niger\/politique\/lancement-de-la-7eme-edition-du-fifidho-niamey-la-problematique-du-role-du-cinema-dans-leducation-des-enfants","og_locale":"fr_FR","og_type":"article","og_title":"Lancement de la 7\u00e8me \u00e9dition du FIFIDHO Niamey : La probl\u00e9matique du r\u00f4le du cin\u00e9ma dans l\u2019\u00e9ducation des enfants","og_description":"Le Secre\u0301taire ge\u0301ne\u0301ral adjoint du Ministe\u0300re de la Jeunesse, des Sports, des Arts et de la Culture, M. Oumarou Asso ...","og_url":"https:\/\/www.africa-press.net\/niger\/politique\/lancement-de-la-7eme-edition-du-fifidho-niamey-la-problematique-du-role-du-cinema-dans-leducation-des-enfants","og_site_name":"niger","article_published_time":"2024-02-02T18:30:46+00:00","article_modified_time":"2024-02-02T19:55:15+00:00","og_image":[{"width":800,"height":533,"url":"https:\/\/static.africa-press.net\/niger\/sites\/40\/2024\/02\/sm_1706888093.216359.jpg","type":"image\/jpeg"}],"author":"cfeditorfr","twitter_card":"summary_large_image","twitter_misc":{"\u00c9crit par":"cfeditorfr","Dur\u00e9e de lecture estim\u00e9e":"2 minutes"},"schema":{"@context":"https:\/\/schema.org","@graph":[{"@type":"Article","@id":"https:\/\/www.africa-press.net\/niger\/politique\/lancement-de-la-7eme-edition-du-fifidho-niamey-la-problematique-du-role-du-cinema-dans-leducation-des-enfants#article","isPartOf":{"@id":"https:\/\/www.africa-press.net\/niger\/politique\/lancement-de-la-7eme-edition-du-fifidho-niamey-la-problematique-du-role-du-cinema-dans-leducation-des-enfants"},"author":{"name":"cfeditorfr","@id":"https:\/\/www.africa-press.net\/niger\/#\/schema\/person\/2b1cf3cd81a31e3cd26889ca66d677f1"},"headline":"Lancement de la 7\u00e8me \u00e9dition du FIFIDHO Niamey : La probl\u00e9matique du r\u00f4le du cin\u00e9ma dans l\u2019\u00e9ducation des enfants","datePublished":"2024-02-02T18:30:46+00:00","dateModified":"2024-02-02T19:55:15+00:00","mainEntityOfPage":{"@id":"https:\/\/www.africa-press.net\/niger\/politique\/lancement-de-la-7eme-edition-du-fifidho-niamey-la-problematique-du-role-du-cinema-dans-leducation-des-enfants"},"wordCount":522,"commentCount":0,"image":{"@id":"https:\/\/www.africa-press.net\/niger\/politique\/lancement-de-la-7eme-edition-du-fifidho-niamey-la-problematique-du-role-du-cinema-dans-leducation-des-enfants#primaryimage"},"thumbnailUrl":"https:\/\/static.africa-press.net\/niger\/sites\/40\/2024\/02\/sm_1706888093.216359.jpg","keywords":["Africa Press","Africa Press-Niger","Niger"],"articleSection":["Politique","Toutes les actualit\u00e9s"],"inLanguage":"fr-FR","potentialAction":[{"@type":"CommentAction","name":"Comment","target":["https:\/\/www.africa-press.net\/niger\/politique\/lancement-de-la-7eme-edition-du-fifidho-niamey-la-problematique-du-role-du-cinema-dans-leducation-des-enfants#respond"]}]},{"@type":"WebPage","@id":"https:\/\/www.africa-press.net\/niger\/politique\/lancement-de-la-7eme-edition-du-fifidho-niamey-la-problematique-du-role-du-cinema-dans-leducation-des-enfants","url":"https:\/\/www.africa-press.net\/niger\/politique\/lancement-de-la-7eme-edition-du-fifidho-niamey-la-problematique-du-role-du-cinema-dans-leducation-des-enfants","name":"Lancement de la 7\u00e8me \u00e9dition du FIFIDHO Niamey : La probl\u00e9matique du r\u00f4le du cin\u00e9ma dans l\u2019\u00e9ducation des enfants - niger","isPartOf":{"@id":"https:\/\/www.africa-press.net\/niger\/#website"},"primaryImageOfPage":{"@id":"https:\/\/www.africa-press.net\/niger\/politique\/lancement-de-la-7eme-edition-du-fifidho-niamey-la-problematique-du-role-du-cinema-dans-leducation-des-enfants#primaryimage"},"image":{"@id":"https:\/\/www.africa-press.net\/niger\/politique\/lancement-de-la-7eme-edition-du-fifidho-niamey-la-problematique-du-role-du-cinema-dans-leducation-des-enfants#primaryimage"},"thumbnailUrl":"https:\/\/static.africa-press.net\/niger\/sites\/40\/2024\/02\/sm_1706888093.216359.jpg","datePublished":"2024-02-02T18:30:46+00:00","dateModified":"2024-02-02T19:55:15+00:00","author":{"@id":"https:\/\/www.africa-press.net\/niger\/#\/schema\/person\/2b1cf3cd81a31e3cd26889ca66d677f1"},"description":"Le Secre\u0301taire ge\u0301ne\u0301ral adjoint du Ministe\u0300re de la Jeunesse, des Sports, des Arts et de la Culture, M. Oumarou Asso ...","breadcrumb":{"@id":"https:\/\/www.africa-press.net\/niger\/politique\/lancement-de-la-7eme-edition-du-fifidho-niamey-la-problematique-du-role-du-cinema-dans-leducation-des-enfants#breadcrumb"},"inLanguage":"fr-FR","potentialAction":[{"@type":"ReadAction","target":["https:\/\/www.africa-press.net\/niger\/politique\/lancement-de-la-7eme-edition-du-fifidho-niamey-la-problematique-du-role-du-cinema-dans-leducation-des-enfants"]}]},{"@type":"ImageObject","inLanguage":"fr-FR","@id":"https:\/\/www.africa-press.net\/niger\/politique\/lancement-de-la-7eme-edition-du-fifidho-niamey-la-problematique-du-role-du-cinema-dans-leducation-des-enfants#primaryimage","url":"https:\/\/static.africa-press.net\/niger\/sites\/40\/2024\/02\/sm_1706888093.216359.jpg","contentUrl":"https:\/\/static.africa-press.net\/niger\/sites\/40\/2024\/02\/sm_1706888093.216359.jpg","width":800,"height":533,"caption":"Lancement de la 7\u00e8me \u00e9dition du FIFIDHO Niamey : La probl\u00e9matique du r\u00f4le du cin\u00e9ma dans l\u2019\u00e9ducation des enfants"},{"@type":"BreadcrumbList","@id":"https:\/\/www.africa-press.net\/niger\/politique\/lancement-de-la-7eme-edition-du-fifidho-niamey-la-problematique-du-role-du-cinema-dans-leducation-des-enfants#breadcrumb","itemListElement":[{"@type":"ListItem","position":1,"name":"Accueil","item":"https:\/\/www.africa-press.net\/niger\/"},{"@type":"ListItem","position":2,"name":"Lancement de la 7\u00e8me \u00e9dition du FIFIDHO Niamey : La probl\u00e9matique du r\u00f4le du cin\u00e9ma dans l\u2019\u00e9ducation des enfants"}]},{"@type":"WebSite","@id":"https:\/\/www.africa-press.net\/niger\/#website","url":"https:\/\/www.africa-press.net\/niger\/","name":"niger","description":"Just another Africa News Agency Sites site","potentialAction":[{"@type":"SearchAction","target":{"@type":"EntryPoint","urlTemplate":"https:\/\/www.africa-press.net\/niger\/?s={search_term_string}"},"query-input":{"@type":"PropertyValueSpecification","valueRequired":true,"valueName":"search_term_string"}}],"inLanguage":"fr-FR"},{"@type":"Person","@id":"https:\/\/www.africa-press.net\/niger\/#\/schema\/person\/2b1cf3cd81a31e3cd26889ca66d677f1","name":"cfeditorfr"}]}},"_links":{"self":[{"href":"https:\/\/www.africa-press.net\/niger\/wp-json\/wp\/v2\/posts\/58176","targetHints":{"allow":["GET"]}}],"collection":[{"href":"https:\/\/www.africa-press.net\/niger\/wp-json\/wp\/v2\/posts"}],"about":[{"href":"https:\/\/www.africa-press.net\/niger\/wp-json\/wp\/v2\/types\/post"}],"author":[{"embeddable":true,"href":"https:\/\/www.africa-press.net\/niger\/wp-json\/wp\/v2\/users\/82"}],"replies":[{"embeddable":true,"href":"https:\/\/www.africa-press.net\/niger\/wp-json\/wp\/v2\/comments?post=58176"}],"version-history":[{"count":0,"href":"https:\/\/www.africa-press.net\/niger\/wp-json\/wp\/v2\/posts\/58176\/revisions"}],"wp:featuredmedia":[{"embeddable":true,"href":"https:\/\/www.africa-press.net\/niger\/wp-json\/wp\/v2\/media\/58175"}],"wp:attachment":[{"href":"https:\/\/www.africa-press.net\/niger\/wp-json\/wp\/v2\/media?parent=58176"}],"wp:term":[{"taxonomy":"category","embeddable":true,"href":"https:\/\/www.africa-press.net\/niger\/wp-json\/wp\/v2\/categories?post=58176"},{"taxonomy":"post_tag","embeddable":true,"href":"https:\/\/www.africa-press.net\/niger\/wp-json\/wp\/v2\/tags?post=58176"}],"curies":[{"name":"wp","href":"https:\/\/api.w.org\/{rel}","templated":true}]}}